{"id":946,"date":"2015-12-22T01:30:02","date_gmt":"2015-12-22T00:30:02","guid":{"rendered":"http:\/\/www.umweltaktivisten.de\/?p=946"},"modified":"2019-04-17T22:04:43","modified_gmt":"2019-04-17T20:04:43","slug":"protest-spaziergang-am-ahauser-atommuell-lager","status":"publish","type":"post","link":"https:\/\/www.umweltaktivisten.de\/index.php\/2015\/12\/22\/protest-spaziergang-am-ahauser-atommuell-lager\/","title":{"rendered":"Protest-Spaziergang am Ahauser Atomm\u00fcll-Lager"},"content":{"rendered":"<div id=\"attachment_955\" class=\"wp-caption aligncenter\" style=\"width: 650px;\">\n<p><a href=\"https:\/\/www.umweltaktivisten.de\/wp-content\/uploads\/2015\/12\/Ahaus-20.12.2015-11.jpg\"><img loading=\"lazy\" decoding=\"async\" class=\"size-full wp-image-955\" src=\"https:\/\/www.umweltaktivisten.de\/wp-content\/uploads\/2015\/12\/Ahaus-20.12.2015-11.jpg\" alt=\"\u00a9 BBU\" width=\"640\" height=\"426\" srcset=\"https:\/\/www.umweltaktivisten.de\/wp-content\/uploads\/2015\/12\/Ahaus-20.12.2015-11.jpg 640w, https:\/\/www.umweltaktivisten.de\/wp-content\/uploads\/2015\/12\/Ahaus-20.12.2015-11-300x200.jpg 300w, https:\/\/www.umweltaktivisten.de\/wp-content\/uploads\/2015\/12\/Ahaus-20.12.2015-11-150x100.jpg 150w\" sizes=\"auto, (max-width: 640px) 100vw, 640px\" \/><\/a><\/p>\n<p class=\"wp-caption-text\">\u00a9 BBU<\/p>\n<\/div>\n<p>Am vergangenen Sonntag, 20. Dezember, haben rund 100 Anti-Atom-Aktivisten am <a href=\"https:\/\/de.wikipedia.org\/wiki\/Transportbeh%C3%A4lterlager_Ahaus\" target=\"_blank\" rel=\"noopener\">Atomm\u00fcll-Lager <\/a><a href=\"https:\/\/de.wikipedia.org\/wiki\/Transportbeh%C3%A4lterlager_Ahaus\" target=\"_blank\" rel=\"noopener noreferrer\">in Ahaus<\/a> gegen drohende Castor-Transporte aus <a href=\"http:\/\/www.fz-juelich.de\/SharedDocs\/Meldungen\/PORTAL\/DE\/2015\/15-09-01nuklearkompetenz_jen.html\" target=\"_blank\" rel=\"noopener\">J\u00fclich<\/a> und <a href=\"http:\/\/www.sueddeutsche.de\/bayern\/castoren-aus-garching-bayerischer-atommuellfuer-nordrhein-westfalen-1.2544832\" target=\"_blank\" rel=\"noopener\">M\u00fcnchen-Garching <\/a>demonstriert. Auch aus den Niederlanden waren Aktivisten angereist. An der Kundgebung nahm die neue B\u00fcrgermeisterin Karola Vo\u00df teil und&nbsp; hielt eine Rede. Im Anschluss an die Kundgebung wurde das Atomm\u00fcll-Lager mit einem Protest-Spaziergang umrundet.<\/p>\n<p>Hintergrund: <a href=\"http:\/\/www.stadtblatt-lingen.de\/lebeninlingen-2\/etwas-weiter-weg\/18132-100-bei-anti-atom-protest-in-ahaus\" target=\"_blank\" rel=\"noopener\">Stadtblatt Lingen <\/a><\/p>\n<p><a href=\"http:\/\/www.muensterlandzeitung.de\/staedte\/ahaus\/48683-Ahaus~\/Karola-Voss-bei-der-BI-Buergermeisterin-setzt-Zeichen-der-Annaeherung;art977,2903231\" target=\"_blank\" rel=\"noopener\">&nbsp;M\u00fcnsterland Zeitung.de<\/a><\/p>\n<p><a href=\"https:\/\/www.umweltaktivisten.de\/wp-content\/uploads\/2015\/12\/ok_Ahaus-statement-engl_.pdf\" target=\"_blank\" rel=\"noopener noreferrer\">https:\/\/www.umweltaktivisten.de\/wp-content\/uploads\/2015\/12\/ok_Ahaus-statement-engl.pdf<\/a><\/p>\n<p><a href=\"https:\/\/www.umweltaktivisten.de\/wp-content\/uploads\/2015\/12\/Tom-Clements-Statement-deutsch.pdf\" target=\"_blank\" rel=\"noopener noreferrer\">Tom Clements Statement deutsche \u00dcbersetzung<\/a><\/p>\n<p><a href=\"https:\/\/www.umweltaktivisten.de\/wp-content\/uploads\/2015\/12\/Ahaus-Marita-Rede-20_12_15.pdf\" target=\"_blank\" rel=\"noopener noreferrer\">Redebeitrag Marita Boslar vom Aktionsb\u00fcndnis STOP Westcastor<\/a><\/p>\n<p style=\"text-align: center;\"><a href=\"http:\/\/www.bfs.de\/DE\/home\/home_node.html\" target=\"_blank\" rel=\"noopener\"><img loading=\"lazy\" decoding=\"async\" class=\"wp-image-980 aligncenter\" src=\"https:\/\/www.umweltaktivisten.de\/wp-content\/uploads\/2015\/12\/BI-Ahaus.jpg\" alt=\"BI-Ahaus\" width=\"299\" height=\"77\" srcset=\"https:\/\/www.umweltaktivisten.de\/wp-content\/uploads\/2015\/12\/BI-Ahaus.jpg 400w, https:\/\/www.umweltaktivisten.de\/wp-content\/uploads\/2015\/12\/BI-Ahaus-300x77.jpg 300w, https:\/\/www.umweltaktivisten.de\/wp-content\/uploads\/2015\/12\/BI-Ahaus-150x39.jpg 150w\" sizes=\"auto, (max-width: 299px) 100vw, 299px\" \/><\/a><\/p>\n<p style=\"text-align: center;\"><a href=\"http:\/\/www.bfs.de\/DE\/home\/home_node.html\" target=\"_blank\" rel=\"noopener\">Link: Bundesamt f\u00fcr Strahlenschutz<\/a><\/p>\n<p><em>&nbsp;<\/em><\/p>\n","protected":false},"excerpt":{"rendered":"<p>\u00a9 BBU Am vergangenen Sonntag, 20. Dezember, haben rund 100 Anti-Atom-Aktivisten am Atomm\u00fcll-Lager in Ahaus gegen drohende Castor-Transporte aus J\u00fclich und M\u00fcnchen-Garching demonstriert. Auch aus den Niederlanden waren Aktivisten angereist. An der Kundgebung nahm die neue B\u00fcrgermeisterin Karola Vo\u00df teil und&nbsp; hielt eine Rede. Im Anschluss an die Kundgebung wurde\u2026<\/p>\n<p class=\"continue-reading-button\"> <a class=\"continue-reading-link\" href=\"https:\/\/www.umweltaktivisten.de\/index.php\/2015\/12\/22\/protest-spaziergang-am-ahauser-atommuell-lager\/\">weiter &#8230;<i class=\"crycon-right-dir\"><\/i><\/a><\/p>\n","protected":false},"author":1,"featured_media":953,"comment_status":"closed","ping_status":"closed","sticky":false,"template":"","format":"standard","meta":{"footnotes":""},"categories":[21,10],"tags":[113,41,114,101,115,112],"class_list":["post-946","post","type-post","status-publish","format-standard","has-post-thumbnail","hentry","category-atom","category-stop-westcastor","tag-atommuell-lager","tag-fzj","tag-jen","tag-kein-atommuell-in-ahaus","tag-muenchen-garching","tag-tbl-ahaus"],"yoast_head":"<!-- This site is optimized with the Yoast SEO plugin v27.5 - https:\/\/yoast.com\/product\/yoast-seo-wordpress\/ -->\n<title>Protest-Spaziergang am Ahauser Atomm\u00fcll-Lager - umweltaktivisten.de<\/title>\n<meta name=\"description\" content=\"Am Sonntag haben rund 70 Anti-Atom-Aktivisten am Atomm\u00fcll-Lager in Ahaus gegen drohende Castor-Transporte aus J\u00fclich und M\u00fcnchen-Garching demonstriert.\" \/>\n<meta name=\"robots\" content=\"index, nofollow, max-snippet:-1, max-image-preview:large, max-video-preview:-1\" \/>\n<link rel=\"canonical\" href=\"https:\/\/www.umweltaktivisten.de\/index.php\/2015\/12\/22\/protest-spaziergang-am-ahauser-atommuell-lager\/\" \/>\n<meta property=\"og:locale\" content=\"de_DE\" \/>\n<meta property=\"og:type\" content=\"article\" \/>\n<meta property=\"og:title\" content=\"Protest-Spaziergang am Ahauser Atomm\u00fcll-Lager\" \/>\n<meta property=\"og:description\" content=\"Am vergangenen Sonntag, 20. Dezember, haben rund 70 Anti-Atom-Aktivisten am Atomm\u00fcll-Lager in Ahaus gegen drohende Castor-Transporte aus J\u00fclich und M\u00fcnchen-Garching demonstriert. Auch aus den Niederlanden waren Aktivisten angereist. An der Kundgebung nahm die neue B\u00fcrgermeisterin Karola Vo\u00df teil und hielt eine Rede. Im Anschluss an die Kundgebung wurde das Atomm\u00fcll-Lager mit einem Protest-Spaziergang umrundet.\" \/>\n<meta property=\"og:url\" content=\"https:\/\/www.umweltaktivisten.de\/index.php\/2015\/12\/22\/protest-spaziergang-am-ahauser-atommuell-lager\/\" \/>\n<meta property=\"og:site_name\" content=\"umweltaktivisten.de\" \/>\n<meta property=\"article:published_time\" content=\"2015-12-22T00:30:02+00:00\" \/>\n<meta property=\"article:modified_time\" content=\"2019-04-17T20:04:43+00:00\" \/>\n<meta property=\"og:image\" content=\"https:\/\/www.umweltaktivisten.de\/wp-content\/uploads\/2015\/12\/Ahaus-20.12.2015-11.jpg\" \/>\n\t<meta property=\"og:image:width\" content=\"640\" \/>\n\t<meta property=\"og:image:height\" content=\"426\" \/>\n\t<meta property=\"og:image:type\" content=\"image\/jpeg\" \/>\n<meta name=\"author\" content=\"marita\" \/>\n<meta name=\"twitter:card\" content=\"summary_large_image\" \/>\n<meta name=\"twitter:label1\" content=\"Verfasst von\" \/>\n\t<meta name=\"twitter:data1\" content=\"marita\" \/>\n<script type=\"application\/ld+json\" class=\"yoast-schema-graph\">{\"@context\":\"https:\\\/\\\/schema.org\",\"@graph\":[{\"@type\":\"Article\",\"@id\":\"https:\\\/\\\/www.umweltaktivisten.de\\\/index.php\\\/2015\\\/12\\\/22\\\/protest-spaziergang-am-ahauser-atommuell-lager\\\/#article\",\"isPartOf\":{\"@id\":\"https:\\\/\\\/www.umweltaktivisten.de\\\/index.php\\\/2015\\\/12\\\/22\\\/protest-spaziergang-am-ahauser-atommuell-lager\\\/\"},\"author\":{\"name\":\"marita\",\"@id\":\"https:\\\/\\\/www.umweltaktivisten.de\\\/#\\\/schema\\\/person\\\/af601319cc34a906612869cf3b4fd51a\"},\"headline\":\"Protest-Spaziergang am Ahauser Atomm\u00fcll-Lager\",\"datePublished\":\"2015-12-22T00:30:02+00:00\",\"dateModified\":\"2019-04-17T20:04:43+00:00\",\"mainEntityOfPage\":{\"@id\":\"https:\\\/\\\/www.umweltaktivisten.de\\\/index.php\\\/2015\\\/12\\\/22\\\/protest-spaziergang-am-ahauser-atommuell-lager\\\/\"},\"wordCount\":100,\"image\":{\"@id\":\"https:\\\/\\\/www.umweltaktivisten.de\\\/index.php\\\/2015\\\/12\\\/22\\\/protest-spaziergang-am-ahauser-atommuell-lager\\\/#primaryimage\"},\"thumbnailUrl\":\"https:\\\/\\\/www.umweltaktivisten.de\\\/wp-content\\\/uploads\\\/2015\\\/12\\\/Ahaus-20.12.2015-1.jpg\",\"keywords\":[\"Atomm\u00fcll-Lager\",\"FZJ\",\"JEN\",\"Kein Atomm\u00fcll in Ahaus\",\"M\u00fcnchen-Garching\",\"TBL Ahaus\"],\"articleSection\":[\"Atom\",\"Stop Westcastor\"],\"inLanguage\":\"de\"},{\"@type\":\"WebPage\",\"@id\":\"https:\\\/\\\/www.umweltaktivisten.de\\\/index.php\\\/2015\\\/12\\\/22\\\/protest-spaziergang-am-ahauser-atommuell-lager\\\/\",\"url\":\"https:\\\/\\\/www.umweltaktivisten.de\\\/index.php\\\/2015\\\/12\\\/22\\\/protest-spaziergang-am-ahauser-atommuell-lager\\\/\",\"name\":\"Protest-Spaziergang am Ahauser Atomm\u00fcll-Lager - umweltaktivisten.de\",\"isPartOf\":{\"@id\":\"https:\\\/\\\/www.umweltaktivisten.de\\\/#website\"},\"primaryImageOfPage\":{\"@id\":\"https:\\\/\\\/www.umweltaktivisten.de\\\/index.php\\\/2015\\\/12\\\/22\\\/protest-spaziergang-am-ahauser-atommuell-lager\\\/#primaryimage\"},\"image\":{\"@id\":\"https:\\\/\\\/www.umweltaktivisten.de\\\/index.php\\\/2015\\\/12\\\/22\\\/protest-spaziergang-am-ahauser-atommuell-lager\\\/#primaryimage\"},\"thumbnailUrl\":\"https:\\\/\\\/www.umweltaktivisten.de\\\/wp-content\\\/uploads\\\/2015\\\/12\\\/Ahaus-20.12.2015-1.jpg\",\"datePublished\":\"2015-12-22T00:30:02+00:00\",\"dateModified\":\"2019-04-17T20:04:43+00:00\",\"author\":{\"@id\":\"https:\\\/\\\/www.umweltaktivisten.de\\\/#\\\/schema\\\/person\\\/af601319cc34a906612869cf3b4fd51a\"},\"description\":\"Am Sonntag haben rund 70 Anti-Atom-Aktivisten am Atomm\u00fcll-Lager in Ahaus gegen drohende Castor-Transporte aus J\u00fclich und M\u00fcnchen-Garching demonstriert.\",\"breadcrumb\":{\"@id\":\"https:\\\/\\\/www.umweltaktivisten.de\\\/index.php\\\/2015\\\/12\\\/22\\\/protest-spaziergang-am-ahauser-atommuell-lager\\\/#breadcrumb\"},\"inLanguage\":\"de\",\"potentialAction\":[{\"@type\":\"ReadAction\",\"target\":[\"https:\\\/\\\/www.umweltaktivisten.de\\\/index.php\\\/2015\\\/12\\\/22\\\/protest-spaziergang-am-ahauser-atommuell-lager\\\/\"]}]},{\"@type\":\"ImageObject\",\"inLanguage\":\"de\",\"@id\":\"https:\\\/\\\/www.umweltaktivisten.de\\\/index.php\\\/2015\\\/12\\\/22\\\/protest-spaziergang-am-ahauser-atommuell-lager\\\/#primaryimage\",\"url\":\"https:\\\/\\\/www.umweltaktivisten.de\\\/wp-content\\\/uploads\\\/2015\\\/12\\\/Ahaus-20.12.2015-1.jpg\",\"contentUrl\":\"https:\\\/\\\/www.umweltaktivisten.de\\\/wp-content\\\/uploads\\\/2015\\\/12\\\/Ahaus-20.12.2015-1.jpg\",\"width\":300,\"height\":200,\"caption\":\"\u00a9 BBU\"},{\"@type\":\"BreadcrumbList\",\"@id\":\"https:\\\/\\\/www.umweltaktivisten.de\\\/index.php\\\/2015\\\/12\\\/22\\\/protest-spaziergang-am-ahauser-atommuell-lager\\\/#breadcrumb\",\"itemListElement\":[{\"@type\":\"ListItem\",\"position\":1,\"name\":\"Home\",\"item\":\"https:\\\/\\\/www.umweltaktivisten.de\\\/\"},{\"@type\":\"ListItem\",\"position\":2,\"name\":\"Protest-Spaziergang am Ahauser Atomm\u00fcll-Lager\"}]},{\"@type\":\"WebSite\",\"@id\":\"https:\\\/\\\/www.umweltaktivisten.de\\\/#website\",\"url\":\"https:\\\/\\\/www.umweltaktivisten.de\\\/\",\"name\":\"umweltaktivisten.de\",\"description\":\"&quot;Wir haben die Erde nur von unseren Kindern geborgt&quot;\",\"potentialAction\":[{\"@type\":\"SearchAction\",\"target\":{\"@type\":\"EntryPoint\",\"urlTemplate\":\"https:\\\/\\\/www.umweltaktivisten.de\\\/?s={search_term_string}\"},\"query-input\":{\"@type\":\"PropertyValueSpecification\",\"valueRequired\":true,\"valueName\":\"search_term_string\"}}],\"inLanguage\":\"de\"},{\"@type\":\"Person\",\"@id\":\"https:\\\/\\\/www.umweltaktivisten.de\\\/#\\\/schema\\\/person\\\/af601319cc34a906612869cf3b4fd51a\",\"name\":\"marita\",\"url\":\"https:\\\/\\\/www.umweltaktivisten.de\\\/author\\\/marita\\\/\"}]}<\/script>\n<!-- \/ Yoast SEO plugin. -->","yoast_head_json":{"title":"Protest-Spaziergang am Ahauser Atomm\u00fcll-Lager - umweltaktivisten.de","description":"Am Sonntag haben rund 70 Anti-Atom-Aktivisten am Atomm\u00fcll-Lager in Ahaus gegen drohende Castor-Transporte aus J\u00fclich und M\u00fcnchen-Garching demonstriert.","robots":{"index":"index","follow":"nofollow","max-snippet":"max-snippet:-1","max-image-preview":"max-image-preview:large","max-video-preview":"max-video-preview:-1"},"canonical":"https:\/\/www.umweltaktivisten.de\/index.php\/2015\/12\/22\/protest-spaziergang-am-ahauser-atommuell-lager\/","og_locale":"de_DE","og_type":"article","og_title":"Protest-Spaziergang am Ahauser Atomm\u00fcll-Lager","og_description":"Am vergangenen Sonntag, 20. Dezember, haben rund 70 Anti-Atom-Aktivisten am Atomm\u00fcll-Lager in Ahaus gegen drohende Castor-Transporte aus J\u00fclich und M\u00fcnchen-Garching demonstriert. Auch aus den Niederlanden waren Aktivisten angereist. An der Kundgebung nahm die neue B\u00fcrgermeisterin Karola Vo\u00df teil und hielt eine Rede. Im Anschluss an die Kundgebung wurde das Atomm\u00fcll-Lager mit einem Protest-Spaziergang umrundet.","og_url":"https:\/\/www.umweltaktivisten.de\/index.php\/2015\/12\/22\/protest-spaziergang-am-ahauser-atommuell-lager\/","og_site_name":"umweltaktivisten.de","article_published_time":"2015-12-22T00:30:02+00:00","article_modified_time":"2019-04-17T20:04:43+00:00","og_image":[{"width":640,"height":426,"url":"https:\/\/www.umweltaktivisten.de\/wp-content\/uploads\/2015\/12\/Ahaus-20.12.2015-11.jpg","type":"image\/jpeg"}],"author":"marita","twitter_card":"summary_large_image","twitter_misc":{"Verfasst von":"marita"},"schema":{"@context":"https:\/\/schema.org","@graph":[{"@type":"Article","@id":"https:\/\/www.umweltaktivisten.de\/index.php\/2015\/12\/22\/protest-spaziergang-am-ahauser-atommuell-lager\/#article","isPartOf":{"@id":"https:\/\/www.umweltaktivisten.de\/index.php\/2015\/12\/22\/protest-spaziergang-am-ahauser-atommuell-lager\/"},"author":{"name":"marita","@id":"https:\/\/www.umweltaktivisten.de\/#\/schema\/person\/af601319cc34a906612869cf3b4fd51a"},"headline":"Protest-Spaziergang am Ahauser Atomm\u00fcll-Lager","datePublished":"2015-12-22T00:30:02+00:00","dateModified":"2019-04-17T20:04:43+00:00","mainEntityOfPage":{"@id":"https:\/\/www.umweltaktivisten.de\/index.php\/2015\/12\/22\/protest-spaziergang-am-ahauser-atommuell-lager\/"},"wordCount":100,"image":{"@id":"https:\/\/www.umweltaktivisten.de\/index.php\/2015\/12\/22\/protest-spaziergang-am-ahauser-atommuell-lager\/#primaryimage"},"thumbnailUrl":"https:\/\/www.umweltaktivisten.de\/wp-content\/uploads\/2015\/12\/Ahaus-20.12.2015-1.jpg","keywords":["Atomm\u00fcll-Lager","FZJ","JEN","Kein Atomm\u00fcll in Ahaus","M\u00fcnchen-Garching","TBL Ahaus"],"articleSection":["Atom","Stop Westcastor"],"inLanguage":"de"},{"@type":"WebPage","@id":"https:\/\/www.umweltaktivisten.de\/index.php\/2015\/12\/22\/protest-spaziergang-am-ahauser-atommuell-lager\/","url":"https:\/\/www.umweltaktivisten.de\/index.php\/2015\/12\/22\/protest-spaziergang-am-ahauser-atommuell-lager\/","name":"Protest-Spaziergang am Ahauser Atomm\u00fcll-Lager - umweltaktivisten.de","isPartOf":{"@id":"https:\/\/www.umweltaktivisten.de\/#website"},"primaryImageOfPage":{"@id":"https:\/\/www.umweltaktivisten.de\/index.php\/2015\/12\/22\/protest-spaziergang-am-ahauser-atommuell-lager\/#primaryimage"},"image":{"@id":"https:\/\/www.umweltaktivisten.de\/index.php\/2015\/12\/22\/protest-spaziergang-am-ahauser-atommuell-lager\/#primaryimage"},"thumbnailUrl":"https:\/\/www.umweltaktivisten.de\/wp-content\/uploads\/2015\/12\/Ahaus-20.12.2015-1.jpg","datePublished":"2015-12-22T00:30:02+00:00","dateModified":"2019-04-17T20:04:43+00:00","author":{"@id":"https:\/\/www.umweltaktivisten.de\/#\/schema\/person\/af601319cc34a906612869cf3b4fd51a"},"description":"Am Sonntag haben rund 70 Anti-Atom-Aktivisten am Atomm\u00fcll-Lager in Ahaus gegen drohende Castor-Transporte aus J\u00fclich und M\u00fcnchen-Garching demonstriert.","breadcrumb":{"@id":"https:\/\/www.umweltaktivisten.de\/index.php\/2015\/12\/22\/protest-spaziergang-am-ahauser-atommuell-lager\/#breadcrumb"},"inLanguage":"de","potentialAction":[{"@type":"ReadAction","target":["https:\/\/www.umweltaktivisten.de\/index.php\/2015\/12\/22\/protest-spaziergang-am-ahauser-atommuell-lager\/"]}]},{"@type":"ImageObject","inLanguage":"de","@id":"https:\/\/www.umweltaktivisten.de\/index.php\/2015\/12\/22\/protest-spaziergang-am-ahauser-atommuell-lager\/#primaryimage","url":"https:\/\/www.umweltaktivisten.de\/wp-content\/uploads\/2015\/12\/Ahaus-20.12.2015-1.jpg","contentUrl":"https:\/\/www.umweltaktivisten.de\/wp-content\/uploads\/2015\/12\/Ahaus-20.12.2015-1.jpg","width":300,"height":200,"caption":"\u00a9 BBU"},{"@type":"BreadcrumbList","@id":"https:\/\/www.umweltaktivisten.de\/index.php\/2015\/12\/22\/protest-spaziergang-am-ahauser-atommuell-lager\/#breadcrumb","itemListElement":[{"@type":"ListItem","position":1,"name":"Home","item":"https:\/\/www.umweltaktivisten.de\/"},{"@type":"ListItem","position":2,"name":"Protest-Spaziergang am Ahauser Atomm\u00fcll-Lager"}]},{"@type":"WebSite","@id":"https:\/\/www.umweltaktivisten.de\/#website","url":"https:\/\/www.umweltaktivisten.de\/","name":"umweltaktivisten.de","description":"&quot;Wir haben die Erde nur von unseren Kindern geborgt&quot;","potentialAction":[{"@type":"SearchAction","target":{"@type":"EntryPoint","urlTemplate":"https:\/\/www.umweltaktivisten.de\/?s={search_term_string}"},"query-input":{"@type":"PropertyValueSpecification","valueRequired":true,"valueName":"search_term_string"}}],"inLanguage":"de"},{"@type":"Person","@id":"https:\/\/www.umweltaktivisten.de\/#\/schema\/person\/af601319cc34a906612869cf3b4fd51a","name":"marita","url":"https:\/\/www.umweltaktivisten.de\/author\/marita\/"}]}},"_links":{"self":[{"href":"https:\/\/www.umweltaktivisten.de\/index.php\/wp-json\/wp\/v2\/posts\/946","targetHints":{"allow":["GET"]}}],"collection":[{"href":"https:\/\/www.umweltaktivisten.de\/index.php\/wp-json\/wp\/v2\/posts"}],"about":[{"href":"https:\/\/www.umweltaktivisten.de\/index.php\/wp-json\/wp\/v2\/types\/post"}],"author":[{"embeddable":true,"href":"https:\/\/www.umweltaktivisten.de\/index.php\/wp-json\/wp\/v2\/users\/1"}],"replies":[{"embeddable":true,"href":"https:\/\/www.umweltaktivisten.de\/index.php\/wp-json\/wp\/v2\/comments?post=946"}],"version-history":[{"count":2,"href":"https:\/\/www.umweltaktivisten.de\/index.php\/wp-json\/wp\/v2\/posts\/946\/revisions"}],"predecessor-version":[{"id":3429,"href":"https:\/\/www.umweltaktivisten.de\/index.php\/wp-json\/wp\/v2\/posts\/946\/revisions\/3429"}],"wp:featuredmedia":[{"embeddable":true,"href":"https:\/\/www.umweltaktivisten.de\/index.php\/wp-json\/wp\/v2\/media\/953"}],"wp:attachment":[{"href":"https:\/\/www.umweltaktivisten.de\/index.php\/wp-json\/wp\/v2\/media?parent=946"}],"wp:term":[{"taxonomy":"category","embeddable":true,"href":"https:\/\/www.umweltaktivisten.de\/index.php\/wp-json\/wp\/v2\/categories?post=946"},{"taxonomy":"post_tag","embeddable":true,"href":"https:\/\/www.umweltaktivisten.de\/index.php\/wp-json\/wp\/v2\/tags?post=946"}],"curies":[{"name":"wp","href":"https:\/\/api.w.org\/{rel}","templated":true}]}}