{"id":820,"date":"2015-09-30T17:17:48","date_gmt":"2015-09-30T15:17:48","guid":{"rendered":"http:\/\/www.umweltaktivisten.de\/?p=820"},"modified":"2019-04-17T22:08:38","modified_gmt":"2019-04-17T20:08:38","slug":"loest-das-verpressen-von-rueckfluessen-erdbeben-aus","status":"publish","type":"post","link":"https:\/\/www.umweltaktivisten.de\/index.php\/2015\/09\/30\/loest-das-verpressen-von-rueckfluessen-erdbeben-aus\/","title":{"rendered":"L\u00f6st das Verpressen von R\u00fcckfl\u00fcssen Erdbeben aus?"},"content":{"rendered":"<p><img loading=\"lazy\" decoding=\"async\" class=\"size-full wp-image-812 alignleft\" src=\"https:\/\/www.umweltaktivisten.de\/wp-content\/uploads\/2015\/09\/2_Hand_Stop_fracking-150x150.jpg\" alt=\"\" width=\"150\" height=\"150\" \/><\/p>\n<p>Dazu haben die Abgeordneten Hubertus\u00a0 Zdebel und Herbert Behrens eine <a href=\"https:\/\/de.wikipedia.org\/wiki\/Kleine_Anfrage\" target=\"_blank\" rel=\"noopener\">Kleine Anfrage<\/a>\u00a0 an die Bundesregierung gestellt.<\/p>\n<p><a href=\"http:\/\/www.bmwi.de\/BMWi\/Redaktion\/PDF\/P-R\/Parlamentarische-Anfragen\/2015\/18-5834,property=pdf,bereich=bmwi2012,sprache=de,rwb=true.pdf\" target=\"_blank\" rel=\"noopener\">Die Antwort des Bundesministeriums f\u00fcr Wirtschaft und <\/a><a href=\"http:\/\/www.bmwi.de\/BMWi\/Redaktion\/PDF\/P-R\/Parlamentarische-Anfragen\/2015\/18-5834,property=pdf,bereich=bmwi2012,sprache=de,rwb=true.pdf\" target=\"_blank\" rel=\"noopener noreferrer\">Energie finden Sie im nachfolgenden Link: <\/a><\/p>\n","protected":false},"excerpt":{"rendered":"<p>Dazu haben die Abgeordneten Hubertus\u00a0 Zdebel und Herbert Behrens eine Kleine Anfrage\u00a0 an die Bundesregierung gestellt. Die Antwort des Bundesministeriums f\u00fcr Wirtschaft und Energie finden Sie im nachfolgenden Link:<\/p>\n<p class=\"continue-reading-button\"> <a class=\"continue-reading-link\" href=\"https:\/\/www.umweltaktivisten.de\/index.php\/2015\/09\/30\/loest-das-verpressen-von-rueckfluessen-erdbeben-aus\/\">weiter &#8230;<i class=\"crycon-right-dir\"><\/i><\/a><\/p>\n","protected":false},"author":1,"featured_media":812,"comment_status":"closed","ping_status":"closed","sticky":false,"template":"","format":"standard","meta":{"footnotes":""},"categories":[33,19],"tags":[93,91,90,92],"class_list":["post-820","post","type-post","status-publish","format-standard","has-post-thumbnail","hentry","category-bundestag","category-fracking","tag-bundestag","tag-erdbeben","tag-fracking","tag-kleine-anfrage"],"yoast_head":"<!-- This site is optimized with the Yoast SEO plugin v27.5 - https:\/\/yoast.com\/product\/yoast-seo-wordpress\/ -->\n<title>L\u00f6st das Verpressen von R\u00fcckfl\u00fcssen Erdbeben aus? - umweltaktivisten.de<\/title>\n<meta name=\"description\" content=\"Abgeordneten Zdebel und Behrens:haben eine Kleine Anfrage gestellt .Das Verpressen von R\u00fcckfl\u00fcssen steht unter dringendem Verdacht Erdbeben auszul\u00f6sen.\" \/>\n<meta name=\"robots\" content=\"index, nofollow, max-snippet:-1, max-image-preview:large, max-video-preview:-1\" \/>\n<link rel=\"canonical\" href=\"https:\/\/www.umweltaktivisten.de\/index.php\/2015\/09\/30\/loest-das-verpressen-von-rueckfluessen-erdbeben-aus\/\" \/>\n<meta property=\"og:locale\" content=\"de_DE\" \/>\n<meta property=\"og:type\" content=\"article\" \/>\n<meta property=\"og:title\" content=\"L\u00f6st das Verpressen von Flowback beim Fracking Erdbeben aus?\" \/>\n<meta property=\"og:description\" content=\"Dazu haben die Abgeordneten Hubertus Zdebel und Herbert Behrens eine Anfrage an die Bundesregierung gestellt.\" \/>\n<meta property=\"og:url\" content=\"https:\/\/www.umweltaktivisten.de\/index.php\/2015\/09\/30\/loest-das-verpressen-von-rueckfluessen-erdbeben-aus\/\" \/>\n<meta property=\"og:site_name\" content=\"umweltaktivisten.de\" \/>\n<meta property=\"article:published_time\" content=\"2015-09-30T15:17:48+00:00\" \/>\n<meta property=\"article:modified_time\" content=\"2019-04-17T20:08:38+00:00\" \/>\n<meta name=\"author\" content=\"marita\" \/>\n<meta name=\"twitter:card\" content=\"summary_large_image\" \/>\n<meta name=\"twitter:image\" content=\"https:\/\/www.umweltaktivisten.de\/wp-content\/uploads\/2015\/09\/2_Hand_Stop_fracking-150x150.jpg\" \/>\n<meta name=\"twitter:label1\" content=\"Verfasst von\" \/>\n\t<meta name=\"twitter:data1\" content=\"marita\" \/>\n<script type=\"application\/ld+json\" class=\"yoast-schema-graph\">{\"@context\":\"https:\\\/\\\/schema.org\",\"@graph\":[{\"@type\":\"Article\",\"@id\":\"https:\\\/\\\/www.umweltaktivisten.de\\\/index.php\\\/2015\\\/09\\\/30\\\/loest-das-verpressen-von-rueckfluessen-erdbeben-aus\\\/#article\",\"isPartOf\":{\"@id\":\"https:\\\/\\\/www.umweltaktivisten.de\\\/index.php\\\/2015\\\/09\\\/30\\\/loest-das-verpressen-von-rueckfluessen-erdbeben-aus\\\/\"},\"author\":{\"name\":\"marita\",\"@id\":\"https:\\\/\\\/www.umweltaktivisten.de\\\/#\\\/schema\\\/person\\\/af601319cc34a906612869cf3b4fd51a\"},\"headline\":\"L\u00f6st das Verpressen von R\u00fcckfl\u00fcssen Erdbeben aus?\",\"datePublished\":\"2015-09-30T15:17:48+00:00\",\"dateModified\":\"2019-04-17T20:08:38+00:00\",\"mainEntityOfPage\":{\"@id\":\"https:\\\/\\\/www.umweltaktivisten.de\\\/index.php\\\/2015\\\/09\\\/30\\\/loest-das-verpressen-von-rueckfluessen-erdbeben-aus\\\/\"},\"wordCount\":40,\"image\":{\"@id\":\"https:\\\/\\\/www.umweltaktivisten.de\\\/index.php\\\/2015\\\/09\\\/30\\\/loest-das-verpressen-von-rueckfluessen-erdbeben-aus\\\/#primaryimage\"},\"thumbnailUrl\":\"https:\\\/\\\/www.umweltaktivisten.de\\\/wp-content\\\/uploads\\\/2015\\\/09\\\/2_Hand_Stop_fracking-150x150.jpg\",\"keywords\":[\"Bundestag\",\"Erdbeben\",\"Fracking\",\"Kleine Anfrage\"],\"articleSection\":[\"Bundestag\",\"Fracking\"],\"inLanguage\":\"de\"},{\"@type\":\"WebPage\",\"@id\":\"https:\\\/\\\/www.umweltaktivisten.de\\\/index.php\\\/2015\\\/09\\\/30\\\/loest-das-verpressen-von-rueckfluessen-erdbeben-aus\\\/\",\"url\":\"https:\\\/\\\/www.umweltaktivisten.de\\\/index.php\\\/2015\\\/09\\\/30\\\/loest-das-verpressen-von-rueckfluessen-erdbeben-aus\\\/\",\"name\":\"L\u00f6st das Verpressen von R\u00fcckfl\u00fcssen Erdbeben aus? - umweltaktivisten.de\",\"isPartOf\":{\"@id\":\"https:\\\/\\\/www.umweltaktivisten.de\\\/#website\"},\"primaryImageOfPage\":{\"@id\":\"https:\\\/\\\/www.umweltaktivisten.de\\\/index.php\\\/2015\\\/09\\\/30\\\/loest-das-verpressen-von-rueckfluessen-erdbeben-aus\\\/#primaryimage\"},\"image\":{\"@id\":\"https:\\\/\\\/www.umweltaktivisten.de\\\/index.php\\\/2015\\\/09\\\/30\\\/loest-das-verpressen-von-rueckfluessen-erdbeben-aus\\\/#primaryimage\"},\"thumbnailUrl\":\"https:\\\/\\\/www.umweltaktivisten.de\\\/wp-content\\\/uploads\\\/2015\\\/09\\\/2_Hand_Stop_fracking-150x150.jpg\",\"datePublished\":\"2015-09-30T15:17:48+00:00\",\"dateModified\":\"2019-04-17T20:08:38+00:00\",\"author\":{\"@id\":\"https:\\\/\\\/www.umweltaktivisten.de\\\/#\\\/schema\\\/person\\\/af601319cc34a906612869cf3b4fd51a\"},\"description\":\"Abgeordneten Zdebel und Behrens:haben eine Kleine Anfrage gestellt .Das Verpressen von R\u00fcckfl\u00fcssen steht unter dringendem Verdacht Erdbeben auszul\u00f6sen.\",\"breadcrumb\":{\"@id\":\"https:\\\/\\\/www.umweltaktivisten.de\\\/index.php\\\/2015\\\/09\\\/30\\\/loest-das-verpressen-von-rueckfluessen-erdbeben-aus\\\/#breadcrumb\"},\"inLanguage\":\"de\",\"potentialAction\":[{\"@type\":\"ReadAction\",\"target\":[\"https:\\\/\\\/www.umweltaktivisten.de\\\/index.php\\\/2015\\\/09\\\/30\\\/loest-das-verpressen-von-rueckfluessen-erdbeben-aus\\\/\"]}]},{\"@type\":\"ImageObject\",\"inLanguage\":\"de\",\"@id\":\"https:\\\/\\\/www.umweltaktivisten.de\\\/index.php\\\/2015\\\/09\\\/30\\\/loest-das-verpressen-von-rueckfluessen-erdbeben-aus\\\/#primaryimage\",\"url\":\"https:\\\/\\\/www.umweltaktivisten.de\\\/wp-content\\\/uploads\\\/2015\\\/09\\\/2_Hand_Stop_fracking-150x150.jpg\",\"contentUrl\":\"https:\\\/\\\/www.umweltaktivisten.de\\\/wp-content\\\/uploads\\\/2015\\\/09\\\/2_Hand_Stop_fracking-150x150.jpg\",\"width\":150,\"height\":150},{\"@type\":\"BreadcrumbList\",\"@id\":\"https:\\\/\\\/www.umweltaktivisten.de\\\/index.php\\\/2015\\\/09\\\/30\\\/loest-das-verpressen-von-rueckfluessen-erdbeben-aus\\\/#breadcrumb\",\"itemListElement\":[{\"@type\":\"ListItem\",\"position\":1,\"name\":\"Home\",\"item\":\"https:\\\/\\\/www.umweltaktivisten.de\\\/\"},{\"@type\":\"ListItem\",\"position\":2,\"name\":\"L\u00f6st das Verpressen von R\u00fcckfl\u00fcssen Erdbeben aus?\"}]},{\"@type\":\"WebSite\",\"@id\":\"https:\\\/\\\/www.umweltaktivisten.de\\\/#website\",\"url\":\"https:\\\/\\\/www.umweltaktivisten.de\\\/\",\"name\":\"umweltaktivisten.de\",\"description\":\"&quot;Wir haben die Erde nur von unseren Kindern geborgt&quot;\",\"potentialAction\":[{\"@type\":\"SearchAction\",\"target\":{\"@type\":\"EntryPoint\",\"urlTemplate\":\"https:\\\/\\\/www.umweltaktivisten.de\\\/?s={search_term_string}\"},\"query-input\":{\"@type\":\"PropertyValueSpecification\",\"valueRequired\":true,\"valueName\":\"search_term_string\"}}],\"inLanguage\":\"de\"},{\"@type\":\"Person\",\"@id\":\"https:\\\/\\\/www.umweltaktivisten.de\\\/#\\\/schema\\\/person\\\/af601319cc34a906612869cf3b4fd51a\",\"name\":\"marita\",\"url\":\"https:\\\/\\\/www.umweltaktivisten.de\\\/author\\\/marita\\\/\"}]}<\/script>\n<!-- \/ Yoast SEO plugin. -->","yoast_head_json":{"title":"L\u00f6st das Verpressen von R\u00fcckfl\u00fcssen Erdbeben aus? - umweltaktivisten.de","description":"Abgeordneten Zdebel und Behrens:haben eine Kleine Anfrage gestellt .Das Verpressen von R\u00fcckfl\u00fcssen steht unter dringendem Verdacht Erdbeben auszul\u00f6sen.","robots":{"index":"index","follow":"nofollow","max-snippet":"max-snippet:-1","max-image-preview":"max-image-preview:large","max-video-preview":"max-video-preview:-1"},"canonical":"https:\/\/www.umweltaktivisten.de\/index.php\/2015\/09\/30\/loest-das-verpressen-von-rueckfluessen-erdbeben-aus\/","og_locale":"de_DE","og_type":"article","og_title":"L\u00f6st das Verpressen von Flowback beim Fracking Erdbeben aus?","og_description":"Dazu haben die Abgeordneten Hubertus Zdebel und Herbert Behrens eine Anfrage an die Bundesregierung gestellt.","og_url":"https:\/\/www.umweltaktivisten.de\/index.php\/2015\/09\/30\/loest-das-verpressen-von-rueckfluessen-erdbeben-aus\/","og_site_name":"umweltaktivisten.de","article_published_time":"2015-09-30T15:17:48+00:00","article_modified_time":"2019-04-17T20:08:38+00:00","author":"marita","twitter_card":"summary_large_image","twitter_image":"https:\/\/www.umweltaktivisten.de\/wp-content\/uploads\/2015\/09\/2_Hand_Stop_fracking-150x150.jpg","twitter_misc":{"Verfasst von":"marita"},"schema":{"@context":"https:\/\/schema.org","@graph":[{"@type":"Article","@id":"https:\/\/www.umweltaktivisten.de\/index.php\/2015\/09\/30\/loest-das-verpressen-von-rueckfluessen-erdbeben-aus\/#article","isPartOf":{"@id":"https:\/\/www.umweltaktivisten.de\/index.php\/2015\/09\/30\/loest-das-verpressen-von-rueckfluessen-erdbeben-aus\/"},"author":{"name":"marita","@id":"https:\/\/www.umweltaktivisten.de\/#\/schema\/person\/af601319cc34a906612869cf3b4fd51a"},"headline":"L\u00f6st das Verpressen von R\u00fcckfl\u00fcssen Erdbeben aus?","datePublished":"2015-09-30T15:17:48+00:00","dateModified":"2019-04-17T20:08:38+00:00","mainEntityOfPage":{"@id":"https:\/\/www.umweltaktivisten.de\/index.php\/2015\/09\/30\/loest-das-verpressen-von-rueckfluessen-erdbeben-aus\/"},"wordCount":40,"image":{"@id":"https:\/\/www.umweltaktivisten.de\/index.php\/2015\/09\/30\/loest-das-verpressen-von-rueckfluessen-erdbeben-aus\/#primaryimage"},"thumbnailUrl":"https:\/\/www.umweltaktivisten.de\/wp-content\/uploads\/2015\/09\/2_Hand_Stop_fracking-150x150.jpg","keywords":["Bundestag","Erdbeben","Fracking","Kleine Anfrage"],"articleSection":["Bundestag","Fracking"],"inLanguage":"de"},{"@type":"WebPage","@id":"https:\/\/www.umweltaktivisten.de\/index.php\/2015\/09\/30\/loest-das-verpressen-von-rueckfluessen-erdbeben-aus\/","url":"https:\/\/www.umweltaktivisten.de\/index.php\/2015\/09\/30\/loest-das-verpressen-von-rueckfluessen-erdbeben-aus\/","name":"L\u00f6st das Verpressen von R\u00fcckfl\u00fcssen Erdbeben aus? - umweltaktivisten.de","isPartOf":{"@id":"https:\/\/www.umweltaktivisten.de\/#website"},"primaryImageOfPage":{"@id":"https:\/\/www.umweltaktivisten.de\/index.php\/2015\/09\/30\/loest-das-verpressen-von-rueckfluessen-erdbeben-aus\/#primaryimage"},"image":{"@id":"https:\/\/www.umweltaktivisten.de\/index.php\/2015\/09\/30\/loest-das-verpressen-von-rueckfluessen-erdbeben-aus\/#primaryimage"},"thumbnailUrl":"https:\/\/www.umweltaktivisten.de\/wp-content\/uploads\/2015\/09\/2_Hand_Stop_fracking-150x150.jpg","datePublished":"2015-09-30T15:17:48+00:00","dateModified":"2019-04-17T20:08:38+00:00","author":{"@id":"https:\/\/www.umweltaktivisten.de\/#\/schema\/person\/af601319cc34a906612869cf3b4fd51a"},"description":"Abgeordneten Zdebel und Behrens:haben eine Kleine Anfrage gestellt .Das Verpressen von R\u00fcckfl\u00fcssen steht unter dringendem Verdacht Erdbeben auszul\u00f6sen.","breadcrumb":{"@id":"https:\/\/www.umweltaktivisten.de\/index.php\/2015\/09\/30\/loest-das-verpressen-von-rueckfluessen-erdbeben-aus\/#breadcrumb"},"inLanguage":"de","potentialAction":[{"@type":"ReadAction","target":["https:\/\/www.umweltaktivisten.de\/index.php\/2015\/09\/30\/loest-das-verpressen-von-rueckfluessen-erdbeben-aus\/"]}]},{"@type":"ImageObject","inLanguage":"de","@id":"https:\/\/www.umweltaktivisten.de\/index.php\/2015\/09\/30\/loest-das-verpressen-von-rueckfluessen-erdbeben-aus\/#primaryimage","url":"https:\/\/www.umweltaktivisten.de\/wp-content\/uploads\/2015\/09\/2_Hand_Stop_fracking-150x150.jpg","contentUrl":"https:\/\/www.umweltaktivisten.de\/wp-content\/uploads\/2015\/09\/2_Hand_Stop_fracking-150x150.jpg","width":150,"height":150},{"@type":"BreadcrumbList","@id":"https:\/\/www.umweltaktivisten.de\/index.php\/2015\/09\/30\/loest-das-verpressen-von-rueckfluessen-erdbeben-aus\/#breadcrumb","itemListElement":[{"@type":"ListItem","position":1,"name":"Home","item":"https:\/\/www.umweltaktivisten.de\/"},{"@type":"ListItem","position":2,"name":"L\u00f6st das Verpressen von R\u00fcckfl\u00fcssen Erdbeben aus?"}]},{"@type":"WebSite","@id":"https:\/\/www.umweltaktivisten.de\/#website","url":"https:\/\/www.umweltaktivisten.de\/","name":"umweltaktivisten.de","description":"&quot;Wir haben die Erde nur von unseren Kindern geborgt&quot;","potentialAction":[{"@type":"SearchAction","target":{"@type":"EntryPoint","urlTemplate":"https:\/\/www.umweltaktivisten.de\/?s={search_term_string}"},"query-input":{"@type":"PropertyValueSpecification","valueRequired":true,"valueName":"search_term_string"}}],"inLanguage":"de"},{"@type":"Person","@id":"https:\/\/www.umweltaktivisten.de\/#\/schema\/person\/af601319cc34a906612869cf3b4fd51a","name":"marita","url":"https:\/\/www.umweltaktivisten.de\/author\/marita\/"}]}},"_links":{"self":[{"href":"https:\/\/www.umweltaktivisten.de\/index.php\/wp-json\/wp\/v2\/posts\/820","targetHints":{"allow":["GET"]}}],"collection":[{"href":"https:\/\/www.umweltaktivisten.de\/index.php\/wp-json\/wp\/v2\/posts"}],"about":[{"href":"https:\/\/www.umweltaktivisten.de\/index.php\/wp-json\/wp\/v2\/types\/post"}],"author":[{"embeddable":true,"href":"https:\/\/www.umweltaktivisten.de\/index.php\/wp-json\/wp\/v2\/users\/1"}],"replies":[{"embeddable":true,"href":"https:\/\/www.umweltaktivisten.de\/index.php\/wp-json\/wp\/v2\/comments?post=820"}],"version-history":[{"count":2,"href":"https:\/\/www.umweltaktivisten.de\/index.php\/wp-json\/wp\/v2\/posts\/820\/revisions"}],"predecessor-version":[{"id":3431,"href":"https:\/\/www.umweltaktivisten.de\/index.php\/wp-json\/wp\/v2\/posts\/820\/revisions\/3431"}],"wp:featuredmedia":[{"embeddable":true,"href":"https:\/\/www.umweltaktivisten.de\/index.php\/wp-json\/wp\/v2\/media\/812"}],"wp:attachment":[{"href":"https:\/\/www.umweltaktivisten.de\/index.php\/wp-json\/wp\/v2\/media?parent=820"}],"wp:term":[{"taxonomy":"category","embeddable":true,"href":"https:\/\/www.umweltaktivisten.de\/index.php\/wp-json\/wp\/v2\/categories?post=820"},{"taxonomy":"post_tag","embeddable":true,"href":"https:\/\/www.umweltaktivisten.de\/index.php\/wp-json\/wp\/v2\/tags?post=820"}],"curies":[{"name":"wp","href":"https:\/\/api.w.org\/{rel}","templated":true}]}}