{"id":6705,"date":"2026-08-31T11:17:42","date_gmt":"2026-08-31T09:17:42","guid":{"rendered":"https:\/\/www.umweltaktivisten.de\/?p=6705"},"modified":"2026-08-31T11:19:30","modified_gmt":"2026-08-31T09:19:30","slug":"brief-an-nrw-landesregierung","status":"publish","type":"post","link":"https:\/\/www.umweltaktivisten.de\/index.php\/2026\/08\/31\/brief-an-nrw-landesregierung\/","title":{"rendered":"Brief an NRW-Landesregierung"},"content":{"rendered":"\n<p class=\"has-medium-font-size wp-block-paragraph\"><strong>Castor-Probleme | Drohnengefahr | Militarisierung Urenco:<\/strong> <\/p>\n\n\n\n<p class=\"has-medium-font-size wp-block-paragraph\"><strong>Neuer Brief an die NRW-Landesregierung<\/strong><\/p>\n\n\n\n<p class=\"has-medium-font-size wp-block-paragraph\"><strong>\u2012 \u201eBeunruhigende Fahrl\u00e4ssigkeit in Sicherheitsfragen\u201c<\/strong><\/p>\n\n\n\n<p class=\"has-medium-font-size wp-block-paragraph\"><strong>\u2012 Neue Castor-Pause zwischen J\u00fclich und Ahaus?<\/strong><\/p>\n\n\n\n<p class=\"wp-block-paragraph\"><strong>Die Anti-Atomkraft-Initiativen im M\u00fcnsterland und in J\u00fclich haben sich erneut schriftlich an NRW-Wirtschaftsministerin Mona Neubaur (Gr\u00fcne), NRW-Innenminister Herbert Reul (CDU) und NRW-Verkehrsminister Oliver Krischer (Gr\u00fcne) gewandt. Sie m\u00f6chten Auskunft zu den neuen Problemen und zur versch\u00e4rften Sicherheitslage rund um die Atomanlagen und Atomtransporte in NRW bekommen. Dabei fokussieren sich die Initiativen auf die Probleme bei den bisherigen Castor-Transporten, auf die versch\u00e4rfte Gefahrenlage nach dem Anschlagsversuch mit Sprengstoff-Drohnen am Leipziger Flughafen sowie auf die Militarisierung der Urananreicherung durch die britische Regierung. Die Initiativen bef\u00fcrchten, dass die Landesregierung in der Atompolitik eine erstaunlich beunruhigende Fahrl\u00e4ssigkeit in Sicherheitsfragen an den Tag legt.<\/strong><\/p>\n\n\n\n<p class=\"has-medium-font-size wp-block-paragraph\"><strong>Atompolitik trotz steigender Gefahren kein Thema f\u00fcr Landesregierung?<\/strong><\/p>\n\n\n\n<p class=\"wp-block-paragraph\">So fanden schon zwei Castor-Transporte ohne Hubschrauber-Begleitung statt, die sonstige Polizei-Begleitung wurde bereits f\u00fcr den sechsten Castor-Transport um mehr als 80 Prozent verringert und Schutzma\u00dfnahmen gegen die nunmehr reale Drohnengefahr sind nicht zu erkennen. Das gilt auch f\u00fcr den Schutz der station\u00e4ren Atomanlagen in J\u00fclich, Ahaus und Gronau \u2013 und dort insbesondere f\u00fcr die Freilagerung von Tausenden Tonnen abgereichertem Uranhexafluorid ohne jeden Schutz unter offenem Himmel. Zudem halten die Initiativen es f\u00fcr unglaubw\u00fcrdig, dass die Atomaufsicht NRW keine Ahnung von den Pl\u00e4nen der Urenco haben will, in Gro\u00dfbritannien in Zukunft Uran auf Wunsch der britischen Regierung f\u00fcr das Milit\u00e4r auch auf atomwaffenf\u00e4higes Niveau anreichern zu wollen. Dies hatte die Landesregierung gegen\u00fcber der taz behauptet. Dabei sitzen zwei der vier Anteilseigner \u2212 RWE und E.ON \u2212 in NRW und mit Gronau und J\u00fclich gibt es gleich zwei Standorte der Urenco und der Urenco-Tochter Enrichment Technology Company (ETC) in NRW.<\/p>\n\n\n\n<blockquote class=\"wp-block-quote is-layout-flow wp-block-quote-is-layout-flow\">\n<p class=\"wp-block-paragraph\">\u201eDie realen Sicherheitsgefahren nehmen sp\u00fcrbar zu. Doch die Landesregierung tut so, als sei in der Atompolitik nicht zu tun. Das ist brandgef\u00e4hrlich und wird sich fr\u00fcher oder sp\u00e4ter r\u00e4chen. Wer aus Kostengr\u00fcnden oder Personalmangel die Sicherheit der Atomanlagen und Atomtransporte nicht garantieren kann oder will, sollte die Castor-Transporte von J\u00fclich nach Ahaus und die Urananreicherung in Gronau schleunigst einstellen. Wir sind gespannt auf die Antworten aus D\u00fcsseldorf\u201c, <strong>erkl\u00e4rten Marita Boslar vom Aktionsb\u00fcndnis \u201eStop Westcastor\u201c J\u00fclich und Heiner M\u00f6llers von der B\u00fcrgerinitiative \u201eKein Atomm\u00fcll in Ahaus\u201c<\/strong> gemeinsam.<\/p>\n<\/blockquote>\n\n\n\n<blockquote class=\"wp-block-quote is-layout-flow wp-block-quote-is-layout-flow\">\n<p class=\"wp-block-paragraph\">\u201eDie Pl\u00e4ne der britischen Regierung, die Urananreicherung und die Uran-Zentrifugen-Technologie jetzt ganz offen auch f\u00fcr milit\u00e4rische Zwecke nutzen zu wollen, beunruhigt uns sehr. Atomares Wettr\u00fcsten wie im Kalten Krieg steigert das Risiko \u2013 nicht die Sicherheit. Dass die Landesregierung hier als Atomaufsicht gegen\u00fcber den Medien bislang einfach abtaucht, ist ein Unding. Die \u00d6ffentlichkeit hat ein Recht darauf zu erfahren, was in NRW und mit Beteiligung aus NRW atompolitisch real vor sich geht. Deshalb haken wir erneut nach\u201c, so <strong>Udo Buchholz vom Arbeitskreis Umwelt Gronau<\/strong>.<\/p>\n<\/blockquote>\n\n\n\n<p class=\"has-medium-font-size wp-block-paragraph\"><strong>Neue Castor-Pause zwischen J\u00fclich und Ahaus?<\/strong><\/p>\n\n\n\n<p class=\"wp-block-paragraph\">Zugleich gab es in der letzten Woche erneut eine Castor-Pause zwischen J\u00fclich und Ahaus. Und den Initiativen liegen Informationen vor, dass auch diese Woche kein Castor fahren soll. Grund daf\u00fcr k\u00f6nnte unter anderem der Polizeibedarf f\u00fcr den Auftakt der neuen Bundesliga-Saison sein. Dabei sind erst 14 von 152 Castoren transportiert worden \u2013 jeder einzelne begleitet von Protest. Da seit Transportbeginn Ende M\u00e4rz erst weniger als 10 Prozent der Castoren bewegt wurden, bedeutet dies hochgerechnet in diesem Tempo einen Transportzeitraum von mehr als vier Jahren \u2013 und das auch nur, wenn keine weiteren Probleme auftauchen.<\/p>\n\n\n\n<p class=\"wp-block-paragraph\"><strong>F\u00fcr den 17. Oktober k\u00fcndigen die Initiativen eine gro\u00dfe Anti-Atom-Demonstration in Ahaus an.<\/strong><\/p>\n\n\n\n<p class=\"wp-block-paragraph\"><strong>Hinweis:<\/strong><\/p>\n\n\n\n<p class=\"wp-block-paragraph\">Den Brief an die Minister:innen Neubaur, Reul und Krischer finden Sie zu Ihrer Information hier:<\/p>\n\n\n\n<p class=\"wp-block-paragraph\"><a href=\"https:\/\/sofa-ms.de\/wp-content\/uploads\/2026\/08\/Brief-zu-Atomfragen-an-Neubaur_Reul_Krischer_260826.pdf\" target=\"_blank\" rel=\"noreferrer noopener\">Klicke, um auf Brief-zu-Atomfragen-an-Neubaur_Reul_Krischer_260826.pdf zuzugreifen<\/a><\/p>\n\n\n\n<p class=\"wp-block-paragraph\">(Beitragsbild: \u00a9 pixabay.com)<\/p>\n","protected":false},"excerpt":{"rendered":"<p>Castor-Probleme | Drohnengefahr | Militarisierung Urenco: Neuer Brief an die NRW-Landesregierung \u2012 \u201eBeunruhigende Fahrl\u00e4ssigkeit in Sicherheitsfragen\u201c \u2012 Neue Castor-Pause zwischen J\u00fclich und Ahaus? Die Anti-Atomkraft-Initiativen im M\u00fcnsterland und in J\u00fclich haben sich erneut schriftlich an NRW-Wirtschaftsministerin Mona Neubaur (Gr\u00fcne), NRW-Innenminister Herbert Reul (CDU) und NRW-Verkehrsminister Oliver Krischer (Gr\u00fcne) gewandt. Sie\u2026<\/p>\n<p class=\"continue-reading-button\"> <a class=\"continue-reading-link\" href=\"https:\/\/www.umweltaktivisten.de\/index.php\/2026\/08\/31\/brief-an-nrw-landesregierung\/\">weiter &#8230;<i class=\"crycon-right-dir\"><\/i><\/a><\/p>\n","protected":false},"author":1,"featured_media":6203,"comment_status":"closed","ping_status":"closed","sticky":false,"template":"","format":"standard","meta":{"footnotes":"","jetpack_publicize_message":"","jetpack_publicize_feature_enabled":true,"jetpack_social_post_already_shared":true,"jetpack_social_options":{"image_generator_settings":{"template":"highway","default_image_id":0,"font":"","enabled":false},"version":2}},"categories":[1,21,10],"tags":[41],"class_list":["post-6705","post","type-post","status-publish","format-standard","has-post-thumbnail","hentry","category-allgemein","category-atom","category-stop-westcastor","tag-fzj"],"yoast_head":"<!-- This site is optimized with the Yoast SEO plugin v28.3 - https:\/\/yoast.com\/product\/yoast-seo-wordpress\/ -->\n<title>Brief an NRW-Landesregierung - umweltaktivisten.de<\/title>\n<meta name=\"robots\" content=\"index, nofollow, max-video-preview:-1, noimageindex, noarchive, nosnippet\" \/>\n<link rel=\"canonical\" href=\"https:\/\/www.umweltaktivisten.de\/index.php\/2026\/08\/31\/brief-an-nrw-landesregierung\/\" \/>\n<meta property=\"og:locale\" content=\"de_DE\" \/>\n<meta property=\"og:type\" content=\"article\" \/>\n<meta property=\"og:title\" content=\"Brief an NRW-Landesregierung - umweltaktivisten.de\" \/>\n<meta property=\"og:description\" content=\"Castor-Probleme | Drohnengefahr | Militarisierung Urenco: Neuer Brief an die NRW-Landesregierung \u2012 \u201eBeunruhigende Fahrl\u00e4ssigkeit in Sicherheitsfragen\u201c \u2012 Neue Castor-Pause zwischen J\u00fclich und Ahaus? Die Anti-Atomkraft-Initiativen im M\u00fcnsterland und in J\u00fclich haben sich erneut schriftlich an NRW-Wirtschaftsministerin Mona Neubaur (Gr\u00fcne), NRW-Innenminister Herbert Reul (CDU) und NRW-Verkehrsminister Oliver Krischer (Gr\u00fcne) gewandt. Sie\u2026 weiter ...\" \/>\n<meta property=\"og:url\" content=\"https:\/\/www.umweltaktivisten.de\/index.php\/2026\/08\/31\/brief-an-nrw-landesregierung\/\" \/>\n<meta property=\"og:site_name\" content=\"umweltaktivisten.de\" \/>\n<meta property=\"article:published_time\" content=\"2026-08-31T09:17:42+00:00\" \/>\n<meta property=\"article:modified_time\" content=\"2026-08-31T09:19:30+00:00\" \/>\n<meta property=\"og:image\" content=\"https:\/\/www.umweltaktivisten.de\/wp-content\/uploads\/2025\/11\/web_mail-146644_1280-203.png\" \/>\n\t<meta property=\"og:image:width\" content=\"371\" \/>\n\t<meta property=\"og:image:height\" content=\"203\" \/>\n\t<meta property=\"og:image:type\" content=\"image\/png\" \/>\n<meta name=\"author\" content=\"marita\" \/>\n<meta name=\"twitter:card\" content=\"summary_large_image\" \/>\n<meta name=\"twitter:label1\" content=\"Verfasst von\" \/>\n\t<meta name=\"twitter:data1\" content=\"marita\" \/>\n\t<meta name=\"twitter:label2\" content=\"Gesch\u00e4tzte Lesezeit\" \/>\n\t<meta name=\"twitter:data2\" content=\"3\u00a0Minuten\" \/>\n<script type=\"application\/ld+json\" class=\"yoast-schema-graph\">{\"@context\":\"https:\\\/\\\/schema.org\",\"@graph\":[{\"@type\":\"Article\",\"@id\":\"https:\\\/\\\/www.umweltaktivisten.de\\\/index.php\\\/2026\\\/08\\\/31\\\/brief-an-nrw-landesregierung\\\/#article\",\"isPartOf\":{\"@id\":\"https:\\\/\\\/www.umweltaktivisten.de\\\/index.php\\\/2026\\\/08\\\/31\\\/brief-an-nrw-landesregierung\\\/\"},\"author\":{\"name\":\"marita\",\"@id\":\"https:\\\/\\\/www.umweltaktivisten.de\\\/#\\\/schema\\\/person\\\/af601319cc34a906612869cf3b4fd51a\"},\"headline\":\"Brief an NRW-Landesregierung\",\"datePublished\":\"2026-08-31T09:17:42+00:00\",\"dateModified\":\"2026-08-31T09:19:30+00:00\",\"mainEntityOfPage\":{\"@id\":\"https:\\\/\\\/www.umweltaktivisten.de\\\/index.php\\\/2026\\\/08\\\/31\\\/brief-an-nrw-landesregierung\\\/\"},\"wordCount\":633,\"image\":{\"@id\":\"https:\\\/\\\/www.umweltaktivisten.de\\\/index.php\\\/2026\\\/08\\\/31\\\/brief-an-nrw-landesregierung\\\/#primaryimage\"},\"thumbnailUrl\":\"https:\\\/\\\/i0.wp.com\\\/www.umweltaktivisten.de\\\/wp-content\\\/uploads\\\/2025\\\/11\\\/web_mail-146644_1280-203.png?fit=371%2C203&ssl=1\",\"keywords\":[\"FZJ\"],\"articleSection\":{\"1\":\"Atom\",\"2\":\"Stop Westcastor\"},\"inLanguage\":\"de\"},{\"@type\":\"WebPage\",\"@id\":\"https:\\\/\\\/www.umweltaktivisten.de\\\/index.php\\\/2026\\\/08\\\/31\\\/brief-an-nrw-landesregierung\\\/\",\"url\":\"https:\\\/\\\/www.umweltaktivisten.de\\\/index.php\\\/2026\\\/08\\\/31\\\/brief-an-nrw-landesregierung\\\/\",\"name\":\"Brief an NRW-Landesregierung - umweltaktivisten.de\",\"isPartOf\":{\"@id\":\"https:\\\/\\\/www.umweltaktivisten.de\\\/#website\"},\"primaryImageOfPage\":{\"@id\":\"https:\\\/\\\/www.umweltaktivisten.de\\\/index.php\\\/2026\\\/08\\\/31\\\/brief-an-nrw-landesregierung\\\/#primaryimage\"},\"image\":{\"@id\":\"https:\\\/\\\/www.umweltaktivisten.de\\\/index.php\\\/2026\\\/08\\\/31\\\/brief-an-nrw-landesregierung\\\/#primaryimage\"},\"thumbnailUrl\":\"https:\\\/\\\/i0.wp.com\\\/www.umweltaktivisten.de\\\/wp-content\\\/uploads\\\/2025\\\/11\\\/web_mail-146644_1280-203.png?fit=371%2C203&ssl=1\",\"datePublished\":\"2026-08-31T09:17:42+00:00\",\"dateModified\":\"2026-08-31T09:19:30+00:00\",\"author\":{\"@id\":\"https:\\\/\\\/www.umweltaktivisten.de\\\/#\\\/schema\\\/person\\\/af601319cc34a906612869cf3b4fd51a\"},\"breadcrumb\":{\"@id\":\"https:\\\/\\\/www.umweltaktivisten.de\\\/index.php\\\/2026\\\/08\\\/31\\\/brief-an-nrw-landesregierung\\\/#breadcrumb\"},\"inLanguage\":\"de\",\"potentialAction\":[{\"@type\":\"ReadAction\",\"target\":[\"https:\\\/\\\/www.umweltaktivisten.de\\\/index.php\\\/2026\\\/08\\\/31\\\/brief-an-nrw-landesregierung\\\/\"]}]},{\"@type\":\"ImageObject\",\"inLanguage\":\"de\",\"@id\":\"https:\\\/\\\/www.umweltaktivisten.de\\\/index.php\\\/2026\\\/08\\\/31\\\/brief-an-nrw-landesregierung\\\/#primaryimage\",\"url\":\"https:\\\/\\\/i0.wp.com\\\/www.umweltaktivisten.de\\\/wp-content\\\/uploads\\\/2025\\\/11\\\/web_mail-146644_1280-203.png?fit=371%2C203&ssl=1\",\"contentUrl\":\"https:\\\/\\\/i0.wp.com\\\/www.umweltaktivisten.de\\\/wp-content\\\/uploads\\\/2025\\\/11\\\/web_mail-146644_1280-203.png?fit=371%2C203&ssl=1\",\"width\":371,\"height\":203,\"caption\":\"\u00a9 pixabay.com\"},{\"@type\":\"BreadcrumbList\",\"@id\":\"https:\\\/\\\/www.umweltaktivisten.de\\\/index.php\\\/2026\\\/08\\\/31\\\/brief-an-nrw-landesregierung\\\/#breadcrumb\",\"itemListElement\":[{\"@type\":\"ListItem\",\"position\":1,\"name\":\"Home\",\"item\":\"https:\\\/\\\/www.umweltaktivisten.de\\\/\"},{\"@type\":\"ListItem\",\"position\":2,\"name\":\"Brief an NRW-Landesregierung\"}]},{\"@type\":\"WebSite\",\"@id\":\"https:\\\/\\\/www.umweltaktivisten.de\\\/#website\",\"url\":\"https:\\\/\\\/www.umweltaktivisten.de\\\/\",\"name\":\"umweltaktivisten.de\",\"description\":\"&quot;Wir haben die Erde nur von unseren Kindern geborgt&quot;\",\"potentialAction\":[{\"@type\":\"SearchAction\",\"target\":{\"@type\":\"EntryPoint\",\"urlTemplate\":\"https:\\\/\\\/www.umweltaktivisten.de\\\/?s={search_term_string}\"},\"query-input\":{\"@type\":\"PropertyValueSpecification\",\"valueRequired\":true,\"valueName\":\"search_term_string\"}}],\"inLanguage\":\"de\"},{\"@type\":\"Person\",\"@id\":\"https:\\\/\\\/www.umweltaktivisten.de\\\/#\\\/schema\\\/person\\\/af601319cc34a906612869cf3b4fd51a\",\"name\":\"marita\",\"url\":\"https:\\\/\\\/www.umweltaktivisten.de\\\/author\\\/marita\\\/\"}]}<\/script>\n<!-- \/ Yoast SEO plugin. -->","yoast_head_json":{"title":"Brief an NRW-Landesregierung - umweltaktivisten.de","robots":{"index":"index","follow":"nofollow","max-video-preview":"max-video-preview:-1","imageindex":"noimageindex","archive":"noarchive","snippet":"nosnippet"},"canonical":"https:\/\/www.umweltaktivisten.de\/index.php\/2026\/08\/31\/brief-an-nrw-landesregierung\/","og_locale":"de_DE","og_type":"article","og_title":"Brief an NRW-Landesregierung - umweltaktivisten.de","og_description":"Castor-Probleme | Drohnengefahr | Militarisierung Urenco: Neuer Brief an die NRW-Landesregierung \u2012 \u201eBeunruhigende Fahrl\u00e4ssigkeit in Sicherheitsfragen\u201c \u2012 Neue Castor-Pause zwischen J\u00fclich und Ahaus? Die Anti-Atomkraft-Initiativen im M\u00fcnsterland und in J\u00fclich haben sich erneut schriftlich an NRW-Wirtschaftsministerin Mona Neubaur (Gr\u00fcne), NRW-Innenminister Herbert Reul (CDU) und NRW-Verkehrsminister Oliver Krischer (Gr\u00fcne) gewandt. Sie\u2026 weiter ...","og_url":"https:\/\/www.umweltaktivisten.de\/index.php\/2026\/08\/31\/brief-an-nrw-landesregierung\/","og_site_name":"umweltaktivisten.de","article_published_time":"2026-08-31T09:17:42+00:00","article_modified_time":"2026-08-31T09:19:30+00:00","og_image":[{"width":371,"height":203,"url":"https:\/\/www.umweltaktivisten.de\/wp-content\/uploads\/2025\/11\/web_mail-146644_1280-203.png","type":"image\/png"}],"author":"marita","twitter_card":"summary_large_image","twitter_misc":{"Verfasst von":"marita","Gesch\u00e4tzte Lesezeit":"3\u00a0Minuten"},"schema":{"@context":"https:\/\/schema.org","@graph":[{"@type":"Article","@id":"https:\/\/www.umweltaktivisten.de\/index.php\/2026\/08\/31\/brief-an-nrw-landesregierung\/#article","isPartOf":{"@id":"https:\/\/www.umweltaktivisten.de\/index.php\/2026\/08\/31\/brief-an-nrw-landesregierung\/"},"author":{"name":"marita","@id":"https:\/\/www.umweltaktivisten.de\/#\/schema\/person\/af601319cc34a906612869cf3b4fd51a"},"headline":"Brief an NRW-Landesregierung","datePublished":"2026-08-31T09:17:42+00:00","dateModified":"2026-08-31T09:19:30+00:00","mainEntityOfPage":{"@id":"https:\/\/www.umweltaktivisten.de\/index.php\/2026\/08\/31\/brief-an-nrw-landesregierung\/"},"wordCount":633,"image":{"@id":"https:\/\/www.umweltaktivisten.de\/index.php\/2026\/08\/31\/brief-an-nrw-landesregierung\/#primaryimage"},"thumbnailUrl":"https:\/\/i0.wp.com\/www.umweltaktivisten.de\/wp-content\/uploads\/2025\/11\/web_mail-146644_1280-203.png?fit=371%2C203&ssl=1","keywords":["FZJ"],"articleSection":{"1":"Atom","2":"Stop Westcastor"},"inLanguage":"de"},{"@type":"WebPage","@id":"https:\/\/www.umweltaktivisten.de\/index.php\/2026\/08\/31\/brief-an-nrw-landesregierung\/","url":"https:\/\/www.umweltaktivisten.de\/index.php\/2026\/08\/31\/brief-an-nrw-landesregierung\/","name":"Brief an NRW-Landesregierung - umweltaktivisten.de","isPartOf":{"@id":"https:\/\/www.umweltaktivisten.de\/#website"},"primaryImageOfPage":{"@id":"https:\/\/www.umweltaktivisten.de\/index.php\/2026\/08\/31\/brief-an-nrw-landesregierung\/#primaryimage"},"image":{"@id":"https:\/\/www.umweltaktivisten.de\/index.php\/2026\/08\/31\/brief-an-nrw-landesregierung\/#primaryimage"},"thumbnailUrl":"https:\/\/i0.wp.com\/www.umweltaktivisten.de\/wp-content\/uploads\/2025\/11\/web_mail-146644_1280-203.png?fit=371%2C203&ssl=1","datePublished":"2026-08-31T09:17:42+00:00","dateModified":"2026-08-31T09:19:30+00:00","author":{"@id":"https:\/\/www.umweltaktivisten.de\/#\/schema\/person\/af601319cc34a906612869cf3b4fd51a"},"breadcrumb":{"@id":"https:\/\/www.umweltaktivisten.de\/index.php\/2026\/08\/31\/brief-an-nrw-landesregierung\/#breadcrumb"},"inLanguage":"de","potentialAction":[{"@type":"ReadAction","target":["https:\/\/www.umweltaktivisten.de\/index.php\/2026\/08\/31\/brief-an-nrw-landesregierung\/"]}]},{"@type":"ImageObject","inLanguage":"de","@id":"https:\/\/www.umweltaktivisten.de\/index.php\/2026\/08\/31\/brief-an-nrw-landesregierung\/#primaryimage","url":"https:\/\/i0.wp.com\/www.umweltaktivisten.de\/wp-content\/uploads\/2025\/11\/web_mail-146644_1280-203.png?fit=371%2C203&ssl=1","contentUrl":"https:\/\/i0.wp.com\/www.umweltaktivisten.de\/wp-content\/uploads\/2025\/11\/web_mail-146644_1280-203.png?fit=371%2C203&ssl=1","width":371,"height":203,"caption":"\u00a9 pixabay.com"},{"@type":"BreadcrumbList","@id":"https:\/\/www.umweltaktivisten.de\/index.php\/2026\/08\/31\/brief-an-nrw-landesregierung\/#breadcrumb","itemListElement":[{"@type":"ListItem","position":1,"name":"Home","item":"https:\/\/www.umweltaktivisten.de\/"},{"@type":"ListItem","position":2,"name":"Brief an NRW-Landesregierung"}]},{"@type":"WebSite","@id":"https:\/\/www.umweltaktivisten.de\/#website","url":"https:\/\/www.umweltaktivisten.de\/","name":"umweltaktivisten.de","description":"&quot;Wir haben die Erde nur von unseren Kindern geborgt&quot;","potentialAction":[{"@type":"SearchAction","target":{"@type":"EntryPoint","urlTemplate":"https:\/\/www.umweltaktivisten.de\/?s={search_term_string}"},"query-input":{"@type":"PropertyValueSpecification","valueRequired":true,"valueName":"search_term_string"}}],"inLanguage":"de"},{"@type":"Person","@id":"https:\/\/www.umweltaktivisten.de\/#\/schema\/person\/af601319cc34a906612869cf3b4fd51a","name":"marita","url":"https:\/\/www.umweltaktivisten.de\/author\/marita\/"}]}},"jetpack_publicize_connections":[],"_links":{"self":[{"href":"https:\/\/www.umweltaktivisten.de\/index.php\/wp-json\/wp\/v2\/posts\/6705","targetHints":{"allow":["GET"]}}],"collection":[{"href":"https:\/\/www.umweltaktivisten.de\/index.php\/wp-json\/wp\/v2\/posts"}],"about":[{"href":"https:\/\/www.umweltaktivisten.de\/index.php\/wp-json\/wp\/v2\/types\/post"}],"author":[{"embeddable":true,"href":"https:\/\/www.umweltaktivisten.de\/index.php\/wp-json\/wp\/v2\/users\/1"}],"replies":[{"embeddable":true,"href":"https:\/\/www.umweltaktivisten.de\/index.php\/wp-json\/wp\/v2\/comments?post=6705"}],"version-history":[{"count":3,"href":"https:\/\/www.umweltaktivisten.de\/index.php\/wp-json\/wp\/v2\/posts\/6705\/revisions"}],"predecessor-version":[{"id":6708,"href":"https:\/\/www.umweltaktivisten.de\/index.php\/wp-json\/wp\/v2\/posts\/6705\/revisions\/6708"}],"wp:featuredmedia":[{"embeddable":true,"href":"https:\/\/www.umweltaktivisten.de\/index.php\/wp-json\/wp\/v2\/media\/6203"}],"wp:attachment":[{"href":"https:\/\/www.umweltaktivisten.de\/index.php\/wp-json\/wp\/v2\/media?parent=6705"}],"wp:term":[{"taxonomy":"category","embeddable":true,"href":"https:\/\/www.umweltaktivisten.de\/index.php\/wp-json\/wp\/v2\/categories?post=6705"},{"taxonomy":"post_tag","embeddable":true,"href":"https:\/\/www.umweltaktivisten.de\/index.php\/wp-json\/wp\/v2\/tags?post=6705"}],"curies":[{"name":"wp","href":"https:\/\/api.w.org\/{rel}","templated":true}]}}