{"id":6557,"date":"2026-04-29T23:35:12","date_gmt":"2026-04-29T21:35:12","guid":{"rendered":"https:\/\/www.umweltaktivisten.de\/?p=6557"},"modified":"2026-04-29T23:35:14","modified_gmt":"2026-04-29T21:35:14","slug":"castor-brief-an-reul-neubaur-panne-und-polizeikosten","status":"publish","type":"post","link":"https:\/\/www.umweltaktivisten.de\/index.php\/2026\/04\/29\/castor-brief-an-reul-neubaur-panne-und-polizeikosten\/","title":{"rendered":"Brief an Reul &amp; Neubaur: Panne und Polizeikosten"},"content":{"rendered":"\n<p>Beitragsbild: pixabay.com)<\/p>\n\n\n\n<p><strong><mark>Panne und Polizeikosten Castor-Transporte J\u00fclich-Ahaus:<\/mark><\/strong><\/p>\n\n\n\n<p><strong><mark>Brief an Minister Neubaur und Reul<\/mark><\/strong><\/p>\n\n\n\n<ul class=\"wp-block-list\">\n<li><strong><mark>Waren Pannen in J\u00fclich und Ahaus \u201emeldepflichtige Ereignisse\u201c?<\/mark><\/strong><\/li>\n\n\n\n<li><strong><mark>Wie hoch waren die Polizeikosten f\u00fcr die Eins\u00e4tze?<\/mark><\/strong><\/li>\n\n\n\n<li><strong><mark>Tr\u00e4gt NRW die Polizeikosten alleine?<\/mark><\/strong><\/li>\n\n\n\n<li><strong><mark>Gab es Verletzungen der Flugverbotszone?<\/mark><\/strong><\/li>\n\n\n\n<li><strong><mark>Ist Zeitrahmen bis August 2027 f\u00fcr Castor-Transporte zu halten?<\/mark><\/strong><\/li>\n<\/ul>\n\n\n\n<p><strong>Die Anti-Atomkraft-Initiativen im M\u00fcnsterland und in J\u00fclich haben einen Brief an NRW-Wirtschaftsministerin Mona Neubaur (Gr\u00fcne) und NRW-Innenminister Herbert Reul (CDU) geschrieben. Darin bitten sie um Auskunft \u00fcber die Probleme und die Kosten der ersten beiden Castor-Transporte von J\u00fclich nach Ahaus.<\/strong> <strong>So hatte sich die Abfahrt des zweiten Castor-Transports in J\u00fclich wegen einer Panne verz\u00f6gert und der erste Castor konnte im Zwischenlager Ahaus eine Woche lang nicht fachgem\u00e4\u00df an die \u00dcberwachungssysteme angeschlossen werden. Die Initiativen wollen nun unter anderem wissen, ob diese Pannen von der NRW-Atomaufsicht als \u201emeldepflichtige Ereignisse\u201c eingestuft wurden. Zudem fragen die Initiativen nach dem weiteren Vorgehen der NRW-Landesregierung in Sachen Castor-Transporte, unter anderem mit Bezug auf die aus Garching angek\u00fcndigten Atomm\u00fcll-Transporte.<\/strong><\/p>\n\n\n\n<p><strong><mark>Proteste werden fortgesetzt \u2013 n\u00e4chster Castor kurz vor Pfingsten?<\/mark><\/strong><\/p>\n\n\n\n<p>Unterdessen k\u00fcndigen die Anti-Atomkraft-Initiativen an, die Proteste zwischen J\u00fclich und Ahaus fortzusetzen. <\/p>\n\n\n\n<p>\u201eWir sehen uns in unserer Kritik best\u00e4tigt. Nur mit einem enormen Polizeiaufgebot konnten die ersten beiden von 152 Castor-Beh\u00e4lter nach Ahaus gebracht werden. Da ist es eine Farce, dass die Transporte vorab als g\u00fcnstigste Option gepriesen wurden. Und schon jetzt gab es erstaunliche Pannen. Nun f\u00fcrchten wir ganz konkret, dass die NRW-Landesregierung aus Kostengr\u00fcnden die polizeiliche Sicherung der Castor-Transporte demn\u00e4chst deutlich zur\u00fcckfahren wird. Das wird sich als Knackpunkt f\u00fcr die noch ausstehenden Dutzende weiterer Atomm\u00fclltransporte erweisen. Denn jede Nachl\u00e4ssigkeit der Sicherheitsbeh\u00f6rden kann bei Sabotage oder Terrorgefahren katastrophale Folgen haben\u201c, erkl\u00e4rte <strong>Matthias Eickhoff von der Initiative SOFA (Sofortiger Atomausstieg) M\u00fcnster<\/strong>.<\/p>\n\n\n\n<blockquote class=\"wp-block-quote is-layout-flow wp-block-quote-is-layout-flow\">\n<p>\u201eDer jahrelang kommunizierte Wunsch des J\u00fclicher Forschungszentrums, einmal pro Woche zu fahren, hat sich schon jetzt als Luftblase erwiesen. Es ist immer noch nicht klar, ob die angek\u00fcndigten Dreier-Konvois wirklich funktionieren \u2013 zusammen bringen sie fast 400 Tonnen auf die Waage. So werden sie manche Br\u00fccken nur einzeln queren k\u00f6nnen \u2013 ein erheblicher Belastungstest f\u00fcr die marode Stra\u00dfen-Infrastruktur von NRW \u2013 mit ungewissem Ausgang\u201c, erg\u00e4nzte <strong>Jens D\u00fctting vom Aktionsb\u00fcndnis M\u00fcnsterland gegen Atomanlagen.<\/strong><\/p>\n<\/blockquote>\n\n\n\n<blockquote class=\"wp-block-quote is-layout-flow wp-block-quote-is-layout-flow\">\n<p>\u201eWir sind tief entt\u00e4uscht von der Bundes- und NRW-Landesregierung. Wir k\u00e4mpfen seit 16 Jahren gegen diese verantwortungslosen Atomm\u00fcll-Pl\u00e4ne. Doch zu keinem Zeitpunkt wurde eine konstruktive L\u00f6sung gesucht, um die hochgef\u00e4hrlichen Atomm\u00fclltransporte \u00fcber die Autobahnen von NRW zu verhindern. Und im Hintergrund wartet schon Markus S\u00f6der mit seinem atomwaffenf\u00e4hig hochangereichertem Atomm\u00fcll aus dem Forschungsreaktor Garching. Ohne Kl\u00e4rung der Endlagerfrage sind Atomm\u00fclltransporte nach Ahaus eine Reise ohne Ziel. Hochradioaktiver Atomm\u00fcll geh\u00f6rt nicht auf die Autobahn und Polizei-Konvois sind keine Atomm\u00fcllentsorgung, sondern reine Show. Wir werden deshalb weiterhin gegen die Castor-Transporte entschlossen und anhaltend auf die Stra\u00dfe gehen\u201c, <strong>erkl\u00e4rten Marita Boslar vom Aktionsb\u00fcndnis \u201eStop Westcastor\u201c J\u00fclich und Heiner M\u00f6llers von der BI \u201eKein Atomm\u00fcll in Ahaus\u201c<\/strong> gemeinsam.<\/p>\n<\/blockquote>\n\n\n\n<p>Nach bisherigem Kenntnisstand gehen die Anti-Atomkraft-Initiativen davon aus, dass wenige Tage vor Pfingsten Mitte Mai der n\u00e4chste Castor-Transport von J\u00fclich nach Ahaus fahren soll. Die Initiativen sind aber auch darauf eingestellt, kurzfristig Proteste zu organisieren.<\/p>\n\n\n\n<p><strong><mark>Den Brief an die Minister Neubaur und Reul finden sie hier:<\/mark><\/strong><\/p>\n\n\n\n<p><a href=\"https:\/\/sofa-ms.de\/wp-content\/uploads\/2026\/04\/Brief-2026-04-28-Castor-Neubaur_Reul-pm.pdf\" target=\"_blank\" rel=\"noreferrer noopener nofollow\">Klicke, um auf Brief-2026-04-28-Castor-Neubaur_Reul-pm.pdf zuzugreifen<\/a><\/p>\n\n\n\n<p><\/p>\n","protected":false},"excerpt":{"rendered":"<p>Beitragsbild: pixabay.com) Panne und Polizeikosten Castor-Transporte J\u00fclich-Ahaus: Brief an Minister Neubaur und Reul Die Anti-Atomkraft-Initiativen im M\u00fcnsterland und in J\u00fclich haben einen Brief an NRW-Wirtschaftsministerin Mona Neubaur (Gr\u00fcne) und NRW-Innenminister Herbert Reul (CDU) geschrieben. Darin bitten sie um Auskunft \u00fcber die Probleme und die Kosten der ersten beiden Castor-Transporte von\u2026<\/p>\n<p class=\"continue-reading-button\"> <a class=\"continue-reading-link\" href=\"https:\/\/www.umweltaktivisten.de\/index.php\/2026\/04\/29\/castor-brief-an-reul-neubaur-panne-und-polizeikosten\/\">weiter &#8230;<i class=\"crycon-right-dir\"><\/i><\/a><\/p>\n","protected":false},"author":1,"featured_media":5865,"comment_status":"closed","ping_status":"closed","sticky":false,"template":"","format":"standard","meta":{"footnotes":""},"categories":[1,21,10],"tags":[],"class_list":["post-6557","post","type-post","status-publish","format-standard","has-post-thumbnail","hentry","category-allgemein","category-atom","category-stop-westcastor"],"yoast_head":"<!-- This site is optimized with the Yoast SEO plugin v27.5 - https:\/\/yoast.com\/product\/yoast-seo-wordpress\/ -->\n<title>Brief an Reul &amp; Neubaur: Panne und Polizeikosten - umweltaktivisten.de<\/title>\n<meta name=\"description\" content=\"umweltaktivisten.de Brief an Reul &amp; Neubaur: Panne und Polizeikosten Allgemein -\" \/>\n<meta name=\"robots\" content=\"index, nofollow, max-video-preview:-1, noimageindex, noarchive, nosnippet\" \/>\n<link rel=\"canonical\" href=\"https:\/\/www.umweltaktivisten.de\/index.php\/2026\/04\/29\/castor-brief-an-reul-neubaur-panne-und-polizeikosten\/\" \/>\n<meta property=\"og:locale\" content=\"de_DE\" \/>\n<meta property=\"og:type\" content=\"article\" \/>\n<meta property=\"og:title\" content=\"Brief an Reul &amp; Neubaur: Panne und Polizeikosten - umweltaktivisten.de\" \/>\n<meta property=\"og:description\" content=\"umweltaktivisten.de Brief an Reul &amp; Neubaur: Panne und Polizeikosten Allgemein -\" \/>\n<meta property=\"og:url\" content=\"https:\/\/www.umweltaktivisten.de\/index.php\/2026\/04\/29\/castor-brief-an-reul-neubaur-panne-und-polizeikosten\/\" \/>\n<meta property=\"og:site_name\" content=\"umweltaktivisten.de\" \/>\n<meta property=\"article:published_time\" content=\"2026-04-29T21:35:12+00:00\" \/>\n<meta property=\"article:modified_time\" content=\"2026-04-29T21:35:14+00:00\" \/>\n<meta property=\"og:image\" content=\"https:\/\/www.umweltaktivisten.de\/wp-content\/uploads\/2025\/02\/web_Michael-Gaida-architecture-974210_1200X683-1024x566-1.jpg\" \/>\n\t<meta property=\"og:image:width\" content=\"367\" \/>\n\t<meta property=\"og:image:height\" content=\"203\" \/>\n\t<meta property=\"og:image:type\" content=\"image\/jpeg\" \/>\n<meta name=\"author\" content=\"marita\" \/>\n<meta name=\"twitter:card\" content=\"summary_large_image\" \/>\n<meta name=\"twitter:label1\" content=\"Verfasst von\" \/>\n\t<meta name=\"twitter:data1\" content=\"marita\" \/>\n\t<meta name=\"twitter:label2\" content=\"Gesch\u00e4tzte Lesezeit\" \/>\n\t<meta name=\"twitter:data2\" content=\"3\u00a0Minuten\" \/>\n<script type=\"application\/ld+json\" class=\"yoast-schema-graph\">{\"@context\":\"https:\\\/\\\/schema.org\",\"@graph\":[{\"@type\":\"Article\",\"@id\":\"https:\\\/\\\/www.umweltaktivisten.de\\\/index.php\\\/2026\\\/04\\\/29\\\/castor-brief-an-reul-neubaur-panne-und-polizeikosten\\\/#article\",\"isPartOf\":{\"@id\":\"https:\\\/\\\/www.umweltaktivisten.de\\\/index.php\\\/2026\\\/04\\\/29\\\/castor-brief-an-reul-neubaur-panne-und-polizeikosten\\\/\"},\"author\":{\"name\":\"marita\",\"@id\":\"https:\\\/\\\/www.umweltaktivisten.de\\\/#\\\/schema\\\/person\\\/af601319cc34a906612869cf3b4fd51a\"},\"headline\":\"Brief an Reul &amp; Neubaur: Panne und Polizeikosten\",\"datePublished\":\"2026-04-29T21:35:12+00:00\",\"dateModified\":\"2026-04-29T21:35:14+00:00\",\"mainEntityOfPage\":{\"@id\":\"https:\\\/\\\/www.umweltaktivisten.de\\\/index.php\\\/2026\\\/04\\\/29\\\/castor-brief-an-reul-neubaur-panne-und-polizeikosten\\\/\"},\"wordCount\":587,\"image\":{\"@id\":\"https:\\\/\\\/www.umweltaktivisten.de\\\/index.php\\\/2026\\\/04\\\/29\\\/castor-brief-an-reul-neubaur-panne-und-polizeikosten\\\/#primaryimage\"},\"thumbnailUrl\":\"https:\\\/\\\/www.umweltaktivisten.de\\\/wp-content\\\/uploads\\\/2025\\\/02\\\/web_Michael-Gaida-architecture-974210_1200X683-1024x566-1.jpg\",\"articleSection\":{\"1\":\"Atom\",\"2\":\"Stop Westcastor\"},\"inLanguage\":\"de\"},{\"@type\":\"WebPage\",\"@id\":\"https:\\\/\\\/www.umweltaktivisten.de\\\/index.php\\\/2026\\\/04\\\/29\\\/castor-brief-an-reul-neubaur-panne-und-polizeikosten\\\/\",\"url\":\"https:\\\/\\\/www.umweltaktivisten.de\\\/index.php\\\/2026\\\/04\\\/29\\\/castor-brief-an-reul-neubaur-panne-und-polizeikosten\\\/\",\"name\":\"Brief an Reul &amp; Neubaur: Panne und Polizeikosten - umweltaktivisten.de\",\"isPartOf\":{\"@id\":\"https:\\\/\\\/www.umweltaktivisten.de\\\/#website\"},\"primaryImageOfPage\":{\"@id\":\"https:\\\/\\\/www.umweltaktivisten.de\\\/index.php\\\/2026\\\/04\\\/29\\\/castor-brief-an-reul-neubaur-panne-und-polizeikosten\\\/#primaryimage\"},\"image\":{\"@id\":\"https:\\\/\\\/www.umweltaktivisten.de\\\/index.php\\\/2026\\\/04\\\/29\\\/castor-brief-an-reul-neubaur-panne-und-polizeikosten\\\/#primaryimage\"},\"thumbnailUrl\":\"https:\\\/\\\/www.umweltaktivisten.de\\\/wp-content\\\/uploads\\\/2025\\\/02\\\/web_Michael-Gaida-architecture-974210_1200X683-1024x566-1.jpg\",\"datePublished\":\"2026-04-29T21:35:12+00:00\",\"dateModified\":\"2026-04-29T21:35:14+00:00\",\"author\":{\"@id\":\"https:\\\/\\\/www.umweltaktivisten.de\\\/#\\\/schema\\\/person\\\/af601319cc34a906612869cf3b4fd51a\"},\"description\":\"umweltaktivisten.de Brief an Reul &amp; Neubaur: Panne und Polizeikosten Allgemein -\",\"breadcrumb\":{\"@id\":\"https:\\\/\\\/www.umweltaktivisten.de\\\/index.php\\\/2026\\\/04\\\/29\\\/castor-brief-an-reul-neubaur-panne-und-polizeikosten\\\/#breadcrumb\"},\"inLanguage\":\"de\",\"potentialAction\":[{\"@type\":\"ReadAction\",\"target\":[\"https:\\\/\\\/www.umweltaktivisten.de\\\/index.php\\\/2026\\\/04\\\/29\\\/castor-brief-an-reul-neubaur-panne-und-polizeikosten\\\/\"]}]},{\"@type\":\"ImageObject\",\"inLanguage\":\"de\",\"@id\":\"https:\\\/\\\/www.umweltaktivisten.de\\\/index.php\\\/2026\\\/04\\\/29\\\/castor-brief-an-reul-neubaur-panne-und-polizeikosten\\\/#primaryimage\",\"url\":\"https:\\\/\\\/www.umweltaktivisten.de\\\/wp-content\\\/uploads\\\/2025\\\/02\\\/web_Michael-Gaida-architecture-974210_1200X683-1024x566-1.jpg\",\"contentUrl\":\"https:\\\/\\\/www.umweltaktivisten.de\\\/wp-content\\\/uploads\\\/2025\\\/02\\\/web_Michael-Gaida-architecture-974210_1200X683-1024x566-1.jpg\",\"width\":367,\"height\":203,\"caption\":\"Bild: pixabay.com\"},{\"@type\":\"BreadcrumbList\",\"@id\":\"https:\\\/\\\/www.umweltaktivisten.de\\\/index.php\\\/2026\\\/04\\\/29\\\/castor-brief-an-reul-neubaur-panne-und-polizeikosten\\\/#breadcrumb\",\"itemListElement\":[{\"@type\":\"ListItem\",\"position\":1,\"name\":\"Home\",\"item\":\"https:\\\/\\\/www.umweltaktivisten.de\\\/\"},{\"@type\":\"ListItem\",\"position\":2,\"name\":\"Brief an Reul &amp; Neubaur: Panne und Polizeikosten\"}]},{\"@type\":\"WebSite\",\"@id\":\"https:\\\/\\\/www.umweltaktivisten.de\\\/#website\",\"url\":\"https:\\\/\\\/www.umweltaktivisten.de\\\/\",\"name\":\"umweltaktivisten.de\",\"description\":\"&quot;Wir haben die Erde nur von unseren Kindern geborgt&quot;\",\"potentialAction\":[{\"@type\":\"SearchAction\",\"target\":{\"@type\":\"EntryPoint\",\"urlTemplate\":\"https:\\\/\\\/www.umweltaktivisten.de\\\/?s={search_term_string}\"},\"query-input\":{\"@type\":\"PropertyValueSpecification\",\"valueRequired\":true,\"valueName\":\"search_term_string\"}}],\"inLanguage\":\"de\"},{\"@type\":\"Person\",\"@id\":\"https:\\\/\\\/www.umweltaktivisten.de\\\/#\\\/schema\\\/person\\\/af601319cc34a906612869cf3b4fd51a\",\"name\":\"marita\",\"url\":\"https:\\\/\\\/www.umweltaktivisten.de\\\/author\\\/marita\\\/\"}]}<\/script>\n<!-- \/ Yoast SEO plugin. -->","yoast_head_json":{"title":"Brief an Reul &amp; Neubaur: Panne und Polizeikosten - umweltaktivisten.de","description":"umweltaktivisten.de Brief an Reul &amp; Neubaur: Panne und Polizeikosten Allgemein -","robots":{"index":"index","follow":"nofollow","max-video-preview":"max-video-preview:-1","imageindex":"noimageindex","archive":"noarchive","snippet":"nosnippet"},"canonical":"https:\/\/www.umweltaktivisten.de\/index.php\/2026\/04\/29\/castor-brief-an-reul-neubaur-panne-und-polizeikosten\/","og_locale":"de_DE","og_type":"article","og_title":"Brief an Reul &amp; Neubaur: Panne und Polizeikosten - umweltaktivisten.de","og_description":"umweltaktivisten.de Brief an Reul &amp; Neubaur: Panne und Polizeikosten Allgemein -","og_url":"https:\/\/www.umweltaktivisten.de\/index.php\/2026\/04\/29\/castor-brief-an-reul-neubaur-panne-und-polizeikosten\/","og_site_name":"umweltaktivisten.de","article_published_time":"2026-04-29T21:35:12+00:00","article_modified_time":"2026-04-29T21:35:14+00:00","og_image":[{"width":367,"height":203,"url":"https:\/\/www.umweltaktivisten.de\/wp-content\/uploads\/2025\/02\/web_Michael-Gaida-architecture-974210_1200X683-1024x566-1.jpg","type":"image\/jpeg"}],"author":"marita","twitter_card":"summary_large_image","twitter_misc":{"Verfasst von":"marita","Gesch\u00e4tzte Lesezeit":"3\u00a0Minuten"},"schema":{"@context":"https:\/\/schema.org","@graph":[{"@type":"Article","@id":"https:\/\/www.umweltaktivisten.de\/index.php\/2026\/04\/29\/castor-brief-an-reul-neubaur-panne-und-polizeikosten\/#article","isPartOf":{"@id":"https:\/\/www.umweltaktivisten.de\/index.php\/2026\/04\/29\/castor-brief-an-reul-neubaur-panne-und-polizeikosten\/"},"author":{"name":"marita","@id":"https:\/\/www.umweltaktivisten.de\/#\/schema\/person\/af601319cc34a906612869cf3b4fd51a"},"headline":"Brief an Reul &amp; Neubaur: Panne und Polizeikosten","datePublished":"2026-04-29T21:35:12+00:00","dateModified":"2026-04-29T21:35:14+00:00","mainEntityOfPage":{"@id":"https:\/\/www.umweltaktivisten.de\/index.php\/2026\/04\/29\/castor-brief-an-reul-neubaur-panne-und-polizeikosten\/"},"wordCount":587,"image":{"@id":"https:\/\/www.umweltaktivisten.de\/index.php\/2026\/04\/29\/castor-brief-an-reul-neubaur-panne-und-polizeikosten\/#primaryimage"},"thumbnailUrl":"https:\/\/www.umweltaktivisten.de\/wp-content\/uploads\/2025\/02\/web_Michael-Gaida-architecture-974210_1200X683-1024x566-1.jpg","articleSection":{"1":"Atom","2":"Stop Westcastor"},"inLanguage":"de"},{"@type":"WebPage","@id":"https:\/\/www.umweltaktivisten.de\/index.php\/2026\/04\/29\/castor-brief-an-reul-neubaur-panne-und-polizeikosten\/","url":"https:\/\/www.umweltaktivisten.de\/index.php\/2026\/04\/29\/castor-brief-an-reul-neubaur-panne-und-polizeikosten\/","name":"Brief an Reul &amp; Neubaur: Panne und Polizeikosten - umweltaktivisten.de","isPartOf":{"@id":"https:\/\/www.umweltaktivisten.de\/#website"},"primaryImageOfPage":{"@id":"https:\/\/www.umweltaktivisten.de\/index.php\/2026\/04\/29\/castor-brief-an-reul-neubaur-panne-und-polizeikosten\/#primaryimage"},"image":{"@id":"https:\/\/www.umweltaktivisten.de\/index.php\/2026\/04\/29\/castor-brief-an-reul-neubaur-panne-und-polizeikosten\/#primaryimage"},"thumbnailUrl":"https:\/\/www.umweltaktivisten.de\/wp-content\/uploads\/2025\/02\/web_Michael-Gaida-architecture-974210_1200X683-1024x566-1.jpg","datePublished":"2026-04-29T21:35:12+00:00","dateModified":"2026-04-29T21:35:14+00:00","author":{"@id":"https:\/\/www.umweltaktivisten.de\/#\/schema\/person\/af601319cc34a906612869cf3b4fd51a"},"description":"umweltaktivisten.de Brief an Reul &amp; Neubaur: Panne und Polizeikosten Allgemein -","breadcrumb":{"@id":"https:\/\/www.umweltaktivisten.de\/index.php\/2026\/04\/29\/castor-brief-an-reul-neubaur-panne-und-polizeikosten\/#breadcrumb"},"inLanguage":"de","potentialAction":[{"@type":"ReadAction","target":["https:\/\/www.umweltaktivisten.de\/index.php\/2026\/04\/29\/castor-brief-an-reul-neubaur-panne-und-polizeikosten\/"]}]},{"@type":"ImageObject","inLanguage":"de","@id":"https:\/\/www.umweltaktivisten.de\/index.php\/2026\/04\/29\/castor-brief-an-reul-neubaur-panne-und-polizeikosten\/#primaryimage","url":"https:\/\/www.umweltaktivisten.de\/wp-content\/uploads\/2025\/02\/web_Michael-Gaida-architecture-974210_1200X683-1024x566-1.jpg","contentUrl":"https:\/\/www.umweltaktivisten.de\/wp-content\/uploads\/2025\/02\/web_Michael-Gaida-architecture-974210_1200X683-1024x566-1.jpg","width":367,"height":203,"caption":"Bild: pixabay.com"},{"@type":"BreadcrumbList","@id":"https:\/\/www.umweltaktivisten.de\/index.php\/2026\/04\/29\/castor-brief-an-reul-neubaur-panne-und-polizeikosten\/#breadcrumb","itemListElement":[{"@type":"ListItem","position":1,"name":"Home","item":"https:\/\/www.umweltaktivisten.de\/"},{"@type":"ListItem","position":2,"name":"Brief an Reul &amp; Neubaur: Panne und Polizeikosten"}]},{"@type":"WebSite","@id":"https:\/\/www.umweltaktivisten.de\/#website","url":"https:\/\/www.umweltaktivisten.de\/","name":"umweltaktivisten.de","description":"&quot;Wir haben die Erde nur von unseren Kindern geborgt&quot;","potentialAction":[{"@type":"SearchAction","target":{"@type":"EntryPoint","urlTemplate":"https:\/\/www.umweltaktivisten.de\/?s={search_term_string}"},"query-input":{"@type":"PropertyValueSpecification","valueRequired":true,"valueName":"search_term_string"}}],"inLanguage":"de"},{"@type":"Person","@id":"https:\/\/www.umweltaktivisten.de\/#\/schema\/person\/af601319cc34a906612869cf3b4fd51a","name":"marita","url":"https:\/\/www.umweltaktivisten.de\/author\/marita\/"}]}},"_links":{"self":[{"href":"https:\/\/www.umweltaktivisten.de\/index.php\/wp-json\/wp\/v2\/posts\/6557","targetHints":{"allow":["GET"]}}],"collection":[{"href":"https:\/\/www.umweltaktivisten.de\/index.php\/wp-json\/wp\/v2\/posts"}],"about":[{"href":"https:\/\/www.umweltaktivisten.de\/index.php\/wp-json\/wp\/v2\/types\/post"}],"author":[{"embeddable":true,"href":"https:\/\/www.umweltaktivisten.de\/index.php\/wp-json\/wp\/v2\/users\/1"}],"replies":[{"embeddable":true,"href":"https:\/\/www.umweltaktivisten.de\/index.php\/wp-json\/wp\/v2\/comments?post=6557"}],"version-history":[{"count":2,"href":"https:\/\/www.umweltaktivisten.de\/index.php\/wp-json\/wp\/v2\/posts\/6557\/revisions"}],"predecessor-version":[{"id":6559,"href":"https:\/\/www.umweltaktivisten.de\/index.php\/wp-json\/wp\/v2\/posts\/6557\/revisions\/6559"}],"wp:featuredmedia":[{"embeddable":true,"href":"https:\/\/www.umweltaktivisten.de\/index.php\/wp-json\/wp\/v2\/media\/5865"}],"wp:attachment":[{"href":"https:\/\/www.umweltaktivisten.de\/index.php\/wp-json\/wp\/v2\/media?parent=6557"}],"wp:term":[{"taxonomy":"category","embeddable":true,"href":"https:\/\/www.umweltaktivisten.de\/index.php\/wp-json\/wp\/v2\/categories?post=6557"},{"taxonomy":"post_tag","embeddable":true,"href":"https:\/\/www.umweltaktivisten.de\/index.php\/wp-json\/wp\/v2\/tags?post=6557"}],"curies":[{"name":"wp","href":"https:\/\/api.w.org\/{rel}","templated":true}]}}