{"id":6486,"date":"2026-03-09T16:45:51","date_gmt":"2026-03-09T15:45:51","guid":{"rendered":"https:\/\/www.umweltaktivisten.de\/?p=6486"},"modified":"2026-03-09T18:03:52","modified_gmt":"2026-03-09T17:03:52","slug":"450-bei-anti-atom-demo-in-ahaus-proteste-gehen-weiter","status":"publish","type":"post","link":"https:\/\/www.umweltaktivisten.de\/index.php\/2026\/03\/09\/450-bei-anti-atom-demo-in-ahaus-proteste-gehen-weiter\/","title":{"rendered":"450 bei Anti-Atom-Demo in Ahaus \u2013 Proteste gehen weiter"},"content":{"rendered":"\n<p><strong><mark>Castor-Transporte aus J\u00fclich und Garching verhindern<\/mark><\/strong><\/p>\n\n\n\n<p><strong><mark>Uranfabriken in Gronau und Lingen stilllegen<\/mark><\/strong><\/p>\n\n\n\n<p><strong><mark>9. M\u00e4rz: Mahnwache zu Reul-Besuch in Ahaus-Ottenstein<\/mark><\/strong><\/p>\n\n\n\n<p><strong><mark>Castor-Tag X1: Proteste unter anderem in J\u00fclich und Ahaus<\/mark><\/strong><\/p>\n\n\n\n<p><strong>Am gestrigen Samstag haben rund 450 Atomkraftgegner:innen in Ahaus mit einer kraftvollen Demonstration gegen die geplanten jahrelangen, sinnlosen und hochgef\u00e4hrlichen Castor-Transporte aus J\u00fclich, Garching und Berlin ins Zwischenlager Ahaus demonstriert. Konkret bef\u00fcrchten sie noch vor Beginn der NRW-Osterferien am 26. M\u00e4rz den ersten von insgesamt bis zu 152 Castor-Transporten mit hochradioaktivem Atomm\u00fcll aus dem Forschungszentrum J\u00fclich \u00fcber 170 Autobahn-Kilometer ins Zwischenlager Ahaus. Zu der Demo aufgerufen hatten \u00fcber 50 Initiativen, Verb\u00e4nde, Klimagruppen, Kirchen und Parteien.<\/strong><\/p>\n\n\n\n<figure class=\"wp-block-image size-large\"><img loading=\"lazy\" decoding=\"async\" width=\"1024\" height=\"323\" src=\"https:\/\/www.umweltaktivisten.de\/wp-content\/uploads\/2026\/03\/kuerzer-1772917353695_100407_-1024x323.jpg\" alt=\"\" class=\"wp-image-6493\" srcset=\"https:\/\/www.umweltaktivisten.de\/wp-content\/uploads\/2026\/03\/kuerzer-1772917353695_100407_-1024x323.jpg 1024w, https:\/\/www.umweltaktivisten.de\/wp-content\/uploads\/2026\/03\/kuerzer-1772917353695_100407_-300x95.jpg 300w, https:\/\/www.umweltaktivisten.de\/wp-content\/uploads\/2026\/03\/kuerzer-1772917353695_100407_-768x242.jpg 768w, https:\/\/www.umweltaktivisten.de\/wp-content\/uploads\/2026\/03\/kuerzer-1772917353695_100407_-1536x485.jpg 1536w, https:\/\/www.umweltaktivisten.de\/wp-content\/uploads\/2026\/03\/kuerzer-1772917353695_100407_-2048x646.jpg 2048w, https:\/\/www.umweltaktivisten.de\/wp-content\/uploads\/2026\/03\/kuerzer-1772917353695_100407_-150x47.jpg 150w\" sizes=\"auto, (max-width: 1024px) 100vw, 1024px\" \/><figcaption class=\"wp-element-caption\">\u00a9 privat<\/figcaption><\/figure>\n\n\n\n<p>Dar\u00fcber hinaus forderten die Organisationen die Vollendung des Atomausstiegs in Deutschland. Das bedeutet konkret die sofortige Stilllegung der Urananreicherungsanlage Gronau, der Brennelementefabrik Lingen und des Forschungsreaktors Garching. Stattdessen forderten sie eine Forcierung der erneuerbaren Energiewende, um die Abkehr von fossilen und uranhaltigen Rohstoffen zu beschleunigen. Sie kritisierren dabei die Versuche der Bundesregierung, die Energiewende auszubremsen.<\/p>\n\n\n\n<blockquote class=\"wp-block-quote is-layout-flow wp-block-quote-is-layout-flow\">\n<p><strong>Kerstin Ciesla, die stellvertretende Landesvorsitzende des BUND NRW<\/strong> erkl\u00e4rte dazu: \u201eWir sind tief entt\u00e4uscht, dass auf der politischen Ebene zwischen Bundesregierung und NRW-Landesregierung kein Versuch unternommen wird, die 152 Castor-Transporte von J\u00fclich nach Ahaus noch abzuwenden. Dabei ist v\u00f6llig klar, dass die Sicherheitsgefahren weiter zunehmen \u2013 Stichworte \u00b4hybride Kriegsf\u00fchrung\u00b4, Kampfdrohnen und Terrorgefahren. Wir pr\u00fcfen deshalb sehr genau, welche Optionen nach dem inhaltlich \u00e4u\u00dferst unbefriedigenden Eil-Beschluss des OVG Berlin-Brandenburg bleiben, und rufen die NRW-Landesregierung und die Bundesregierung auf, sich zu verpflichten, erst eine Entscheidung im Hauptverfahren abzuwarten. Ohne gesicherte Endlagerung gibt es keine Eile f\u00fcr den Transport von einem Zwischenlager in ein anderes.\u201c<\/p>\n<\/blockquote>\n\n\n\n<blockquote class=\"wp-block-quote is-layout-flow wp-block-quote-is-layout-flow\">\n<p>\u201eF\u00fcr uns ist der anhaltende Protest gegen die sinnlose Verlagerung des hochradioaktiven Atomm\u00fclls von J\u00fclich nach Ahaus ein wichtiges Zeichen der Solidarit\u00e4t. Wir k\u00e4mpfen schon seit 16 Jahren gegen diese gef\u00e4hrlichen Pl\u00e4ne. Anstatt in J\u00fclich f\u00fcr die 152 Castoren ein neues, m\u00f6glichst sicheres Zwischenlager zu bauen, f\u00fcrchten wir eine Dauerlagerung in der Lagerhalle in Ahaus, deren Genehmigung auch schon 2036 ausl\u00e4uft. Atomtransporte nach Ahaus sind eine Reise ohne Ziel. Hochradioaktiver Atomm\u00fcll geh\u00f6rt nicht auf die Autobahn. Wir werden deshalb gegen die Castor-Transporte entschlossen und anhaltend auf die Stra\u00dfe gehen\u201c, erkl\u00e4rten <strong>Marita Boslar vom Aktionsb\u00fcndnis \u201eStop Westcastor\u201c J\u00fclich und Heiner M\u00f6llers von der BI \u201eKein Atomm\u00fcll in Ahaus\u201c<\/strong> gemeinsam.<\/p>\n<\/blockquote>\n\n\n\n<p><strong><mark>\u201eAtomausstieg in Deutschland endlich vollenden\u201c<\/mark><\/strong><\/p>\n\n\n\n<blockquote class=\"wp-block-quote is-layout-flow wp-block-quote-is-layout-flow\">\n<p>\u201e15 Jahre nach der Reaktorkatastrophe von Fukushima und trotz des vom Bundestag beschlossenen Atomausstiegs laufen auch in Deutschland noch Atomanlagen. Der Gronauer Urananreicherer Urenco liefert z. B. angereichertes Uran via S\u00fcdkorea f\u00fcr die Reaktoren in den Vereinigten Arabischen Emiraten \u2013 mitten im Kriegsgebiet am Persischen Golf. Die Brennelementefabrik Lingen will das wirtschaftliche \u00dcberleben ausgerechnet durch eine Kooperation mit dem Kreml-Atomkonzern Rosatom sichern, w\u00e4hrend der Forschungsreaktor Garching als ziviler Reaktor mit atomwaffenf\u00e4hig hochangereichertem Uran betrieben wird. Atomkraft ist kein sauberes Gesch\u00e4ft, sondern extrem gef\u00e4hrlich. Deshalb fordern wir die Stilllegung dieser drei Atomanlagen, damit der Atomausstieg vollendet wird\u201c, erg\u00e4nzte <strong>Matthias Eickhoff vom Aktionsb\u00fcndnis M\u00fcnsterland gegen Atomanlagen<\/strong>. <\/p>\n<\/blockquote>\n\n\n\n<!--more-->\n\n\n\n<p>Die Demonstration war zudem ein Zeichen der Solidarit\u00e4t mit den niederl\u00e4ndischen Anti-Atom-Initiativen, weil im Nachbarland mehrere neue Atomkraftwerke geplant sind.<\/p>\n\n\n\n<p><strong>Anti-Atom-Initiativen k\u00fcndigen neue Proteste an:<\/strong><\/p>\n\n\n\n<ul class=\"wp-block-list\">\n<li>F\u00fcr den morgigen <strong>Montag, 9. M\u00e4rz,<\/strong> hat die BI \u201eKein Atomm\u00fcll in Ahaus\u201c ab 19.15 Uhr eine Mahnwache in Ahaus-Ottenstein, Ecke Im Garbrock\/Solmsstra\u00dfe, aus Anlass eines Besuchs von NRW-Innenminister Herbert Reul (CDU) angemeldet. Der Innenminister hat wie zuvor schon Ministerpr\u00e4sident Hendrik W\u00fcst (CDU) und seine Stellvertreterin Mona Neubaur (Gr\u00fcne) eine Gespr\u00e4chseinladung der Anti-Atom-Initiativen ausgeschlagen. Auch Bundesumweltminiter Carsten Schneider (SPD) als Eigent\u00fcmer des Ahauser Zwischenlagers will nicht Ahaus kommen. Die Initiativen kritisieren diese Verweigerungshaltung scharf.<\/li>\n\n\n\n<li>Sollte es nun tats\u00e4chlich zum 1. Castor-Transport kommen, starten am Abend des <strong>ersten Transports \u2013 am Tag X1<\/strong> \u2013 in J\u00fclich und Ahaus zeitgleich um 18 Uhr zwei Protestaktionen:<\/li>\n<\/ul>\n\n\n\n<p><mark><strong>J\u00fclich: Kundgebung vor dem Forschungszentrum<\/strong><\/mark><\/p>\n\n\n\n<p><mark><strong>Ahaus: Demo ab Bahnhof zum Rathaus<\/strong><\/mark><\/p>\n\n\n\n<p>Weitere Proteste an der 170 Kilometer langen Strecke sind zu erwarten \u2013 die Transporte werden h\u00f6chstwahrscheinlich in der Nacht stattfinden.<\/p>\n\n\n\n<p>Ganz allgemein stellen sich die Initiativen auf eine sehr lange Kampagne ein. Die SPD hatte einen Transport-Zeitraum von vier bis acht Jahren errechnet. Die Gewerkschaft der Polizei spricht deshalb von \u201eWahnsinn\u201c, der mehrere Hundertschaften der NRW-Polizei auf Jahre zur reinen Castor-Begleitung verdonnern wird. Das ganze Transportvorhaben zeigt sehr deutlich die v\u00f6llige Hilf- und Planlosigkeit im Umgang mit dem Atomm\u00fcll in Deutschland.<\/p>\n\n\n\n<div data-wp-interactive=\"core\/file\" class=\"wp-block-file\"><object data-wp-bind--hidden=\"!state.hasPdfPreview\" hidden class=\"wp-block-file__embed\" data=\"https:\/\/www.umweltaktivisten.de\/wp-content\/uploads\/2026\/03\/X-Ahaus-Demo-korr-ok.pdf\" type=\"application\/pdf\" style=\"width:100%;height:600px\" aria-label=\"Einbettung von X Ahaus Demo .\"><\/object><a id=\"wp-block-file--media-444dae44-3d79-4408-921e-b5419930fdad\" href=\"https:\/\/www.umweltaktivisten.de\/wp-content\/uploads\/2026\/03\/X-Ahaus-Demo-korr-ok.pdf\">X Ahaus Demo <\/a><a href=\"https:\/\/www.umweltaktivisten.de\/wp-content\/uploads\/2026\/03\/X-Ahaus-Demo-korr-ok.pdf\" class=\"wp-block-file__button wp-element-button\" download aria-describedby=\"wp-block-file--media-444dae44-3d79-4408-921e-b5419930fdad\">Herunterladen<\/a><\/div>\n\n\n\n<p><\/p>\n","protected":false},"excerpt":{"rendered":"<p>Castor-Transporte aus J\u00fclich und Garching verhindern Uranfabriken in Gronau und Lingen stilllegen 9. M\u00e4rz: Mahnwache zu Reul-Besuch in Ahaus-Ottenstein Castor-Tag X1: Proteste unter anderem in J\u00fclich und Ahaus Am gestrigen Samstag haben rund 450 Atomkraftgegner:innen in Ahaus mit einer kraftvollen Demonstration gegen die geplanten jahrelangen, sinnlosen und hochgef\u00e4hrlichen Castor-Transporte aus\u2026<\/p>\n<p class=\"continue-reading-button\"> <a class=\"continue-reading-link\" href=\"https:\/\/www.umweltaktivisten.de\/index.php\/2026\/03\/09\/450-bei-anti-atom-demo-in-ahaus-proteste-gehen-weiter\/\">weiter &#8230;<i class=\"crycon-right-dir\"><\/i><\/a><\/p>\n","protected":false},"author":1,"featured_media":6490,"comment_status":"closed","ping_status":"closed","sticky":false,"template":"","format":"standard","meta":{"footnotes":""},"categories":[1,21,10],"tags":[],"class_list":["post-6486","post","type-post","status-publish","format-standard","has-post-thumbnail","hentry","category-allgemein","category-atom","category-stop-westcastor"],"yoast_head":"<!-- This site is optimized with the Yoast SEO plugin v27.4 - https:\/\/yoast.com\/product\/yoast-seo-wordpress\/ -->\n<title>450 bei Anti-Atom-Demo in Ahaus \u2013 Proteste gehen weiter - umweltaktivisten.de<\/title>\n<meta name=\"description\" content=\"umweltaktivisten.de 450 bei Anti-Atom-Demo in Ahaus \u2013 Proteste gehen weiter Allgemein -\" \/>\n<meta name=\"robots\" content=\"index, nofollow, max-snippet:-1, max-image-preview:large, max-video-preview:-1\" \/>\n<link rel=\"canonical\" href=\"https:\/\/www.umweltaktivisten.de\/index.php\/2026\/03\/09\/450-bei-anti-atom-demo-in-ahaus-proteste-gehen-weiter\/\" \/>\n<meta property=\"og:locale\" content=\"de_DE\" \/>\n<meta property=\"og:type\" content=\"article\" \/>\n<meta property=\"og:title\" content=\"450 bei Anti-Atom-Demo in Ahaus \u2013 Proteste gehen weiter - umweltaktivisten.de\" \/>\n<meta property=\"og:description\" content=\"umweltaktivisten.de 450 bei Anti-Atom-Demo in Ahaus \u2013 Proteste gehen weiter Allgemein -\" \/>\n<meta property=\"og:url\" content=\"https:\/\/www.umweltaktivisten.de\/index.php\/2026\/03\/09\/450-bei-anti-atom-demo-in-ahaus-proteste-gehen-weiter\/\" \/>\n<meta property=\"og:site_name\" content=\"umweltaktivisten.de\" \/>\n<meta property=\"article:published_time\" content=\"2026-03-09T15:45:51+00:00\" \/>\n<meta property=\"article:modified_time\" content=\"2026-03-09T17:03:52+00:00\" \/>\n<meta property=\"og:image\" content=\"https:\/\/www.umweltaktivisten.de\/wp-content\/uploads\/2026\/03\/web_X1772917353610_100238-kuerzer.jpg\" \/>\n\t<meta property=\"og:image:width\" content=\"670\" \/>\n\t<meta property=\"og:image:height\" content=\"201\" \/>\n\t<meta property=\"og:image:type\" content=\"image\/jpeg\" \/>\n<meta name=\"author\" content=\"marita\" \/>\n<meta name=\"twitter:card\" content=\"summary_large_image\" \/>\n<meta name=\"twitter:label1\" content=\"Verfasst von\" \/>\n\t<meta name=\"twitter:data1\" content=\"marita\" \/>\n\t<meta name=\"twitter:label2\" content=\"Gesch\u00e4tzte Lesezeit\" \/>\n\t<meta name=\"twitter:data2\" content=\"3\u00a0Minuten\" \/>\n<script type=\"application\/ld+json\" class=\"yoast-schema-graph\">{\"@context\":\"https:\\\/\\\/schema.org\",\"@graph\":[{\"@type\":\"Article\",\"@id\":\"https:\\\/\\\/www.umweltaktivisten.de\\\/index.php\\\/2026\\\/03\\\/09\\\/450-bei-anti-atom-demo-in-ahaus-proteste-gehen-weiter\\\/#article\",\"isPartOf\":{\"@id\":\"https:\\\/\\\/www.umweltaktivisten.de\\\/index.php\\\/2026\\\/03\\\/09\\\/450-bei-anti-atom-demo-in-ahaus-proteste-gehen-weiter\\\/\"},\"author\":{\"name\":\"marita\",\"@id\":\"https:\\\/\\\/www.umweltaktivisten.de\\\/#\\\/schema\\\/person\\\/af601319cc34a906612869cf3b4fd51a\"},\"headline\":\"450 bei Anti-Atom-Demo in Ahaus \u2013 Proteste gehen weiter\",\"datePublished\":\"2026-03-09T15:45:51+00:00\",\"dateModified\":\"2026-03-09T17:03:52+00:00\",\"mainEntityOfPage\":{\"@id\":\"https:\\\/\\\/www.umweltaktivisten.de\\\/index.php\\\/2026\\\/03\\\/09\\\/450-bei-anti-atom-demo-in-ahaus-proteste-gehen-weiter\\\/\"},\"wordCount\":756,\"image\":{\"@id\":\"https:\\\/\\\/www.umweltaktivisten.de\\\/index.php\\\/2026\\\/03\\\/09\\\/450-bei-anti-atom-demo-in-ahaus-proteste-gehen-weiter\\\/#primaryimage\"},\"thumbnailUrl\":\"https:\\\/\\\/www.umweltaktivisten.de\\\/wp-content\\\/uploads\\\/2026\\\/03\\\/web_X1772917353610_100238-kuerzer.jpg\",\"articleSection\":{\"1\":\"Atom\",\"2\":\"Stop Westcastor\"},\"inLanguage\":\"de\"},{\"@type\":\"WebPage\",\"@id\":\"https:\\\/\\\/www.umweltaktivisten.de\\\/index.php\\\/2026\\\/03\\\/09\\\/450-bei-anti-atom-demo-in-ahaus-proteste-gehen-weiter\\\/\",\"url\":\"https:\\\/\\\/www.umweltaktivisten.de\\\/index.php\\\/2026\\\/03\\\/09\\\/450-bei-anti-atom-demo-in-ahaus-proteste-gehen-weiter\\\/\",\"name\":\"450 bei Anti-Atom-Demo in Ahaus \u2013 Proteste gehen weiter - umweltaktivisten.de\",\"isPartOf\":{\"@id\":\"https:\\\/\\\/www.umweltaktivisten.de\\\/#website\"},\"primaryImageOfPage\":{\"@id\":\"https:\\\/\\\/www.umweltaktivisten.de\\\/index.php\\\/2026\\\/03\\\/09\\\/450-bei-anti-atom-demo-in-ahaus-proteste-gehen-weiter\\\/#primaryimage\"},\"image\":{\"@id\":\"https:\\\/\\\/www.umweltaktivisten.de\\\/index.php\\\/2026\\\/03\\\/09\\\/450-bei-anti-atom-demo-in-ahaus-proteste-gehen-weiter\\\/#primaryimage\"},\"thumbnailUrl\":\"https:\\\/\\\/www.umweltaktivisten.de\\\/wp-content\\\/uploads\\\/2026\\\/03\\\/web_X1772917353610_100238-kuerzer.jpg\",\"datePublished\":\"2026-03-09T15:45:51+00:00\",\"dateModified\":\"2026-03-09T17:03:52+00:00\",\"author\":{\"@id\":\"https:\\\/\\\/www.umweltaktivisten.de\\\/#\\\/schema\\\/person\\\/af601319cc34a906612869cf3b4fd51a\"},\"description\":\"umweltaktivisten.de 450 bei Anti-Atom-Demo in Ahaus \u2013 Proteste gehen weiter Allgemein -\",\"breadcrumb\":{\"@id\":\"https:\\\/\\\/www.umweltaktivisten.de\\\/index.php\\\/2026\\\/03\\\/09\\\/450-bei-anti-atom-demo-in-ahaus-proteste-gehen-weiter\\\/#breadcrumb\"},\"inLanguage\":\"de\",\"potentialAction\":[{\"@type\":\"ReadAction\",\"target\":[\"https:\\\/\\\/www.umweltaktivisten.de\\\/index.php\\\/2026\\\/03\\\/09\\\/450-bei-anti-atom-demo-in-ahaus-proteste-gehen-weiter\\\/\"]}]},{\"@type\":\"ImageObject\",\"inLanguage\":\"de\",\"@id\":\"https:\\\/\\\/www.umweltaktivisten.de\\\/index.php\\\/2026\\\/03\\\/09\\\/450-bei-anti-atom-demo-in-ahaus-proteste-gehen-weiter\\\/#primaryimage\",\"url\":\"https:\\\/\\\/www.umweltaktivisten.de\\\/wp-content\\\/uploads\\\/2026\\\/03\\\/web_X1772917353610_100238-kuerzer.jpg\",\"contentUrl\":\"https:\\\/\\\/www.umweltaktivisten.de\\\/wp-content\\\/uploads\\\/2026\\\/03\\\/web_X1772917353610_100238-kuerzer.jpg\",\"width\":670,\"height\":201,\"caption\":\"\u00a9 privat\"},{\"@type\":\"BreadcrumbList\",\"@id\":\"https:\\\/\\\/www.umweltaktivisten.de\\\/index.php\\\/2026\\\/03\\\/09\\\/450-bei-anti-atom-demo-in-ahaus-proteste-gehen-weiter\\\/#breadcrumb\",\"itemListElement\":[{\"@type\":\"ListItem\",\"position\":1,\"name\":\"Home\",\"item\":\"https:\\\/\\\/www.umweltaktivisten.de\\\/\"},{\"@type\":\"ListItem\",\"position\":2,\"name\":\"450 bei Anti-Atom-Demo in Ahaus \u2013 Proteste gehen weiter\"}]},{\"@type\":\"WebSite\",\"@id\":\"https:\\\/\\\/www.umweltaktivisten.de\\\/#website\",\"url\":\"https:\\\/\\\/www.umweltaktivisten.de\\\/\",\"name\":\"umweltaktivisten.de\",\"description\":\"&quot;Wir haben die Erde nur von unseren Kindern geborgt&quot;\",\"potentialAction\":[{\"@type\":\"SearchAction\",\"target\":{\"@type\":\"EntryPoint\",\"urlTemplate\":\"https:\\\/\\\/www.umweltaktivisten.de\\\/?s={search_term_string}\"},\"query-input\":{\"@type\":\"PropertyValueSpecification\",\"valueRequired\":true,\"valueName\":\"search_term_string\"}}],\"inLanguage\":\"de\"},{\"@type\":\"Person\",\"@id\":\"https:\\\/\\\/www.umweltaktivisten.de\\\/#\\\/schema\\\/person\\\/af601319cc34a906612869cf3b4fd51a\",\"name\":\"marita\",\"url\":\"https:\\\/\\\/www.umweltaktivisten.de\\\/author\\\/marita\\\/\"}]}<\/script>\n<!-- \/ Yoast SEO plugin. -->","yoast_head_json":{"title":"450 bei Anti-Atom-Demo in Ahaus \u2013 Proteste gehen weiter - umweltaktivisten.de","description":"umweltaktivisten.de 450 bei Anti-Atom-Demo in Ahaus \u2013 Proteste gehen weiter Allgemein -","robots":{"index":"index","follow":"nofollow","max-snippet":"max-snippet:-1","max-image-preview":"max-image-preview:large","max-video-preview":"max-video-preview:-1"},"canonical":"https:\/\/www.umweltaktivisten.de\/index.php\/2026\/03\/09\/450-bei-anti-atom-demo-in-ahaus-proteste-gehen-weiter\/","og_locale":"de_DE","og_type":"article","og_title":"450 bei Anti-Atom-Demo in Ahaus \u2013 Proteste gehen weiter - umweltaktivisten.de","og_description":"umweltaktivisten.de 450 bei Anti-Atom-Demo in Ahaus \u2013 Proteste gehen weiter Allgemein -","og_url":"https:\/\/www.umweltaktivisten.de\/index.php\/2026\/03\/09\/450-bei-anti-atom-demo-in-ahaus-proteste-gehen-weiter\/","og_site_name":"umweltaktivisten.de","article_published_time":"2026-03-09T15:45:51+00:00","article_modified_time":"2026-03-09T17:03:52+00:00","og_image":[{"width":670,"height":201,"url":"https:\/\/www.umweltaktivisten.de\/wp-content\/uploads\/2026\/03\/web_X1772917353610_100238-kuerzer.jpg","type":"image\/jpeg"}],"author":"marita","twitter_card":"summary_large_image","twitter_misc":{"Verfasst von":"marita","Gesch\u00e4tzte Lesezeit":"3\u00a0Minuten"},"schema":{"@context":"https:\/\/schema.org","@graph":[{"@type":"Article","@id":"https:\/\/www.umweltaktivisten.de\/index.php\/2026\/03\/09\/450-bei-anti-atom-demo-in-ahaus-proteste-gehen-weiter\/#article","isPartOf":{"@id":"https:\/\/www.umweltaktivisten.de\/index.php\/2026\/03\/09\/450-bei-anti-atom-demo-in-ahaus-proteste-gehen-weiter\/"},"author":{"name":"marita","@id":"https:\/\/www.umweltaktivisten.de\/#\/schema\/person\/af601319cc34a906612869cf3b4fd51a"},"headline":"450 bei Anti-Atom-Demo in Ahaus \u2013 Proteste gehen weiter","datePublished":"2026-03-09T15:45:51+00:00","dateModified":"2026-03-09T17:03:52+00:00","mainEntityOfPage":{"@id":"https:\/\/www.umweltaktivisten.de\/index.php\/2026\/03\/09\/450-bei-anti-atom-demo-in-ahaus-proteste-gehen-weiter\/"},"wordCount":756,"image":{"@id":"https:\/\/www.umweltaktivisten.de\/index.php\/2026\/03\/09\/450-bei-anti-atom-demo-in-ahaus-proteste-gehen-weiter\/#primaryimage"},"thumbnailUrl":"https:\/\/www.umweltaktivisten.de\/wp-content\/uploads\/2026\/03\/web_X1772917353610_100238-kuerzer.jpg","articleSection":{"1":"Atom","2":"Stop Westcastor"},"inLanguage":"de"},{"@type":"WebPage","@id":"https:\/\/www.umweltaktivisten.de\/index.php\/2026\/03\/09\/450-bei-anti-atom-demo-in-ahaus-proteste-gehen-weiter\/","url":"https:\/\/www.umweltaktivisten.de\/index.php\/2026\/03\/09\/450-bei-anti-atom-demo-in-ahaus-proteste-gehen-weiter\/","name":"450 bei Anti-Atom-Demo in Ahaus \u2013 Proteste gehen weiter - umweltaktivisten.de","isPartOf":{"@id":"https:\/\/www.umweltaktivisten.de\/#website"},"primaryImageOfPage":{"@id":"https:\/\/www.umweltaktivisten.de\/index.php\/2026\/03\/09\/450-bei-anti-atom-demo-in-ahaus-proteste-gehen-weiter\/#primaryimage"},"image":{"@id":"https:\/\/www.umweltaktivisten.de\/index.php\/2026\/03\/09\/450-bei-anti-atom-demo-in-ahaus-proteste-gehen-weiter\/#primaryimage"},"thumbnailUrl":"https:\/\/www.umweltaktivisten.de\/wp-content\/uploads\/2026\/03\/web_X1772917353610_100238-kuerzer.jpg","datePublished":"2026-03-09T15:45:51+00:00","dateModified":"2026-03-09T17:03:52+00:00","author":{"@id":"https:\/\/www.umweltaktivisten.de\/#\/schema\/person\/af601319cc34a906612869cf3b4fd51a"},"description":"umweltaktivisten.de 450 bei Anti-Atom-Demo in Ahaus \u2013 Proteste gehen weiter Allgemein -","breadcrumb":{"@id":"https:\/\/www.umweltaktivisten.de\/index.php\/2026\/03\/09\/450-bei-anti-atom-demo-in-ahaus-proteste-gehen-weiter\/#breadcrumb"},"inLanguage":"de","potentialAction":[{"@type":"ReadAction","target":["https:\/\/www.umweltaktivisten.de\/index.php\/2026\/03\/09\/450-bei-anti-atom-demo-in-ahaus-proteste-gehen-weiter\/"]}]},{"@type":"ImageObject","inLanguage":"de","@id":"https:\/\/www.umweltaktivisten.de\/index.php\/2026\/03\/09\/450-bei-anti-atom-demo-in-ahaus-proteste-gehen-weiter\/#primaryimage","url":"https:\/\/www.umweltaktivisten.de\/wp-content\/uploads\/2026\/03\/web_X1772917353610_100238-kuerzer.jpg","contentUrl":"https:\/\/www.umweltaktivisten.de\/wp-content\/uploads\/2026\/03\/web_X1772917353610_100238-kuerzer.jpg","width":670,"height":201,"caption":"\u00a9 privat"},{"@type":"BreadcrumbList","@id":"https:\/\/www.umweltaktivisten.de\/index.php\/2026\/03\/09\/450-bei-anti-atom-demo-in-ahaus-proteste-gehen-weiter\/#breadcrumb","itemListElement":[{"@type":"ListItem","position":1,"name":"Home","item":"https:\/\/www.umweltaktivisten.de\/"},{"@type":"ListItem","position":2,"name":"450 bei Anti-Atom-Demo in Ahaus \u2013 Proteste gehen weiter"}]},{"@type":"WebSite","@id":"https:\/\/www.umweltaktivisten.de\/#website","url":"https:\/\/www.umweltaktivisten.de\/","name":"umweltaktivisten.de","description":"&quot;Wir haben die Erde nur von unseren Kindern geborgt&quot;","potentialAction":[{"@type":"SearchAction","target":{"@type":"EntryPoint","urlTemplate":"https:\/\/www.umweltaktivisten.de\/?s={search_term_string}"},"query-input":{"@type":"PropertyValueSpecification","valueRequired":true,"valueName":"search_term_string"}}],"inLanguage":"de"},{"@type":"Person","@id":"https:\/\/www.umweltaktivisten.de\/#\/schema\/person\/af601319cc34a906612869cf3b4fd51a","name":"marita","url":"https:\/\/www.umweltaktivisten.de\/author\/marita\/"}]}},"_links":{"self":[{"href":"https:\/\/www.umweltaktivisten.de\/index.php\/wp-json\/wp\/v2\/posts\/6486","targetHints":{"allow":["GET"]}}],"collection":[{"href":"https:\/\/www.umweltaktivisten.de\/index.php\/wp-json\/wp\/v2\/posts"}],"about":[{"href":"https:\/\/www.umweltaktivisten.de\/index.php\/wp-json\/wp\/v2\/types\/post"}],"author":[{"embeddable":true,"href":"https:\/\/www.umweltaktivisten.de\/index.php\/wp-json\/wp\/v2\/users\/1"}],"replies":[{"embeddable":true,"href":"https:\/\/www.umweltaktivisten.de\/index.php\/wp-json\/wp\/v2\/comments?post=6486"}],"version-history":[{"count":5,"href":"https:\/\/www.umweltaktivisten.de\/index.php\/wp-json\/wp\/v2\/posts\/6486\/revisions"}],"predecessor-version":[{"id":6502,"href":"https:\/\/www.umweltaktivisten.de\/index.php\/wp-json\/wp\/v2\/posts\/6486\/revisions\/6502"}],"wp:featuredmedia":[{"embeddable":true,"href":"https:\/\/www.umweltaktivisten.de\/index.php\/wp-json\/wp\/v2\/media\/6490"}],"wp:attachment":[{"href":"https:\/\/www.umweltaktivisten.de\/index.php\/wp-json\/wp\/v2\/media?parent=6486"}],"wp:term":[{"taxonomy":"category","embeddable":true,"href":"https:\/\/www.umweltaktivisten.de\/index.php\/wp-json\/wp\/v2\/categories?post=6486"},{"taxonomy":"post_tag","embeddable":true,"href":"https:\/\/www.umweltaktivisten.de\/index.php\/wp-json\/wp\/v2\/tags?post=6486"}],"curies":[{"name":"wp","href":"https:\/\/api.w.org\/{rel}","templated":true}]}}