{"id":6467,"date":"2026-03-03T21:01:10","date_gmt":"2026-03-03T20:01:10","guid":{"rendered":"https:\/\/www.umweltaktivisten.de\/?p=6467"},"modified":"2026-03-03T21:11:24","modified_gmt":"2026-03-03T20:11:24","slug":"erster-castor-juelich-ahaus-schon-naechste-woche","status":"publish","type":"post","link":"https:\/\/www.umweltaktivisten.de\/index.php\/2026\/03\/03\/erster-castor-juelich-ahaus-schon-naechste-woche\/","title":{"rendered":"Erster Castor J\u00fclich-Ahaus schon n\u00e4chste Woche?"},"content":{"rendered":"\n<p><strong><mark><mark style=\"background-color:#ccd0d3\" class=\"has-inline-color has-black-color\">Nach OVG-Beschluss erster Castor J\u00fclich-Ahaus schon n\u00e4chste Woche?<\/mark><\/mark><\/strong><\/p>\n\n\n\n<p><strong><mark><mark style=\"background-color:#fcf100\" class=\"has-inline-color has-black-color\">Anti-Atom-Initiativen intensivieren Proteste:<\/mark><\/mark><\/strong><\/p>\n\n\n\n<p><strong><mark>7. M\u00e4rz: &nbsp;54 Initiativen rufen zu Demo in Ahaus<\/mark><\/strong><\/p>\n\n\n\n<p><strong><mark><mark style=\"background-color:#ccd0d3\" class=\"has-inline-color has-black-color\">9. M\u00e4rz: Mahnwache zu Reul-Besuch in Ahaus-Ottenstein<\/mark><\/mark><\/strong><\/p>\n\n\n\n<p><strong><mark><mark style=\"background-color:#fcf100\" class=\"has-inline-color has-black-color\">\u201eHochradioaktiver Atomm\u00fcll geh\u00f6rt nicht auf die Autobahn\u201c<\/mark><\/mark><\/strong><\/p>\n\n\n\n<p><strong>Mit gro\u00dfer Entt\u00e4uschung reagieren die Anti-Atomkraft-Initiativen in NRW auf die negative Entscheidung des OVG Berlin-Brandenburg auf eine Eilklage des BUND NRW gegen den Sofortvollzug der Transportgenehmigung f\u00fcr die 152 Castoren.<\/strong> Diese sollen vom Forschungszentrum J\u00fclich \u00fcber 170 Kilometer in einem jahrelangen, sinnlosen und hochgef\u00e4hrlichen Autobahn-Marathon ins Zwischenlager Ahaus transportiert werden. Die Initiativen rechnen nun schon in der n\u00e4chsten oder \u00fcbern\u00e4chsten Woche mit dem ersten Castor-Transport. Sie k\u00fcndigen deshalb eine Intensivierung und Ausweitung ihrer Proteste an:<\/p>\n\n\n\n<ul class=\"wp-block-list\">\n<li>Mittlerweile 54 Initiativen, Verb\u00e4nde und Parteien rufen f\u00fcr jetzt <strong>Samstag, 7. M\u00e4rz, in Ahaus zu einer gro\u00dfen Protest-Demonstration<\/strong> auf. Auftakt ist um 11.30 Uhr <strong>vor dem Rathaus in Ahaus<\/strong>. Danach geht es zur Castor-Strecke Richtung Zwischenlager.<\/li>\n<\/ul>\n\n\n\n<ul class=\"wp-block-list\">\n<li>F\u00fcr <strong>Montag, 9. M\u00e4rz<\/strong>, hat die BI \u201eKein Atomm\u00fcll in Ahaus\u201c zudem ab 19.15 Uhr <strong>eine Mahnwache in Ahaus-Ottenstein<\/strong>, Ecke Im Garbrock\/Solmsstra\u00dfe, aus Anlass eines Besuchs von NRW-Innenminister Herbert Reul angemeldet. Der Innenminister hat wie zuvor schon Ministerpr\u00e4sident Hendrik W\u00fcst und seine Stellvertreterin Mona Neubaur eine Gespr\u00e4chseinladung der Anti-Atom-Initiativen ausgeschlagen. Nun wird er vor seiner Lesung mit Protest empfangen.<\/li>\n<\/ul>\n\n\n<div class=\"wp-block-image\">\n<figure class=\"aligncenter size-large is-resized\"><img loading=\"lazy\" decoding=\"async\" width=\"1024\" height=\"432\" src=\"https:\/\/www.umweltaktivisten.de\/wp-content\/uploads\/2026\/03\/152-Castoren-Transpi--1024x432.jpg\" alt=\"\" class=\"wp-image-6468\" style=\"aspect-ratio:2.370314644657153;width:709px;height:auto\" srcset=\"https:\/\/www.umweltaktivisten.de\/wp-content\/uploads\/2026\/03\/152-Castoren-Transpi--1024x432.jpg 1024w, https:\/\/www.umweltaktivisten.de\/wp-content\/uploads\/2026\/03\/152-Castoren-Transpi--300x127.jpg 300w, https:\/\/www.umweltaktivisten.de\/wp-content\/uploads\/2026\/03\/152-Castoren-Transpi--768x324.jpg 768w, https:\/\/www.umweltaktivisten.de\/wp-content\/uploads\/2026\/03\/152-Castoren-Transpi--1536x648.jpg 1536w, https:\/\/www.umweltaktivisten.de\/wp-content\/uploads\/2026\/03\/152-Castoren-Transpi--150x63.jpg 150w, https:\/\/www.umweltaktivisten.de\/wp-content\/uploads\/2026\/03\/152-Castoren-Transpi-.jpg 1979w\" sizes=\"auto, (max-width: 1024px) 100vw, 1024px\" \/><\/figure>\n<\/div>\n\n\n<p><\/p>\n\n\n\n<p class=\"has-medium-font-size\"><strong>Atomm\u00fclltransporte nach Ahaus sind Reise ohne Ziel<\/strong> <\/p>\n\n\n\n<blockquote class=\"wp-block-quote is-layout-flow wp-block-quote-is-layout-flow\">\n<p>\u201eHochradioaktiver Atomm\u00fcll geh\u00f6rt nicht auf die Autobahn. Daran \u00e4ndert auch der OVG-Beschluss nichts. Und das Zwischenlager in Ahaus bringt keinen Sicherheitsgewinn. Auch dort l\u00e4uft die Genehmigung bereits 2036 aus. Deshalb fordern wir weiterhin eine politische L\u00f6sung zwischen Bundes- und NRW-Landesregierung, die eine m\u00f6glichst sichere Weiterlagerung des Atomm\u00fclls in J\u00fclich erm\u00f6glicht. Anstatt den ersten Castor-Transport mit einem erheblichen Polizeiaufwand \u00fcber die maroden Autobahnen zu jagen, sollten alle Beteiligten endlich zur\u00fcck an den Verhandlungstisch. Wenn NRW-Ministerpr\u00e4sident Hendrik W\u00fcst wirklich auf jeden Castor gut verzichten kann, wie er letzten Sommer gesagt hat, dann muss er jetzt endlich die Initiative ergreifen, um die hochriskante Atomm\u00fcll-Lawine f\u00fcr NRW zu verhindern. Es ist zudem ein Unding, dass die NRW-Landesregierung jeder Art von Gespr\u00e4ch mit der Bev\u00f6lkerung in Ahaus aus dem Weg geht. Das ist Politik vom hohen Ross\u201c, erkl\u00e4rten <strong>Marita Boslar vom Aktionsb\u00fcndnis \u201eStop Westcastor\u201c J\u00fclich und Jens D\u00fctting von der B\u00fcrgerinitiative \u201eKein Atomm\u00fcll in Ahaus\u201c<\/strong> gemeinsam.<\/p>\n<\/blockquote>\n\n\n\n<p class=\"has-medium-font-size\"><strong>Breites Spektrum ruft zur Demo am 7. M\u00e4rz in Ahaus auf<\/strong> <\/p>\n\n\n\n<blockquote class=\"wp-block-quote is-layout-flow wp-block-quote-is-layout-flow\">\n<p>\u201eZur Demo am 7. M\u00e4rz in Ahaus ruft ein breites Spektrum von Anti-Atomkraft-Initiativen, Umweltverb\u00e4nden, Klimagruppen, Kirchen und Parteien auf. Wir rechnen zudem damit, dass sich die Proteste deutlich vergr\u00f6\u00dfern werden, sobald Bundes- und NRW-Landesregierung tats\u00e4chlich mit dem jahrelangen Transport der 152 Castor-Beh\u00e4lter aus J\u00fclich nach Ahaus starten, denn es handelt sich um die gr\u00f6\u00dfte und l\u00e4ngste Transportserie von hochradioaktivem Atomm\u00fcll in der Geschichte der Bundesrepublik. Zudem wartet schon hochradioaktiver Atomm\u00fcll aus Garching bei M\u00fcnchen sowie aus Berlin im Hintergrund. Es ist deshalb absolut unverst\u00e4ndlich, warum von der NRW-Landesregierung so wenig zu h\u00f6ren ist\u201c, erg\u00e4nzte <strong>Matthias Eickhoff vom Aktionsb\u00fcndnis M\u00fcnsterland gegen Atomanlagen<\/strong>.<\/p>\n<\/blockquote>\n","protected":false},"excerpt":{"rendered":"<p>Nach OVG-Beschluss erster Castor J\u00fclich-Ahaus schon n\u00e4chste Woche? Anti-Atom-Initiativen intensivieren Proteste: 7. M\u00e4rz: &nbsp;54 Initiativen rufen zu Demo in Ahaus 9. M\u00e4rz: Mahnwache zu Reul-Besuch in Ahaus-Ottenstein \u201eHochradioaktiver Atomm\u00fcll geh\u00f6rt nicht auf die Autobahn\u201c Mit gro\u00dfer Entt\u00e4uschung reagieren die Anti-Atomkraft-Initiativen in NRW auf die negative Entscheidung des OVG Berlin-Brandenburg auf\u2026<\/p>\n<p class=\"continue-reading-button\"> <a class=\"continue-reading-link\" href=\"https:\/\/www.umweltaktivisten.de\/index.php\/2026\/03\/03\/erster-castor-juelich-ahaus-schon-naechste-woche\/\">weiter &#8230;<i class=\"crycon-right-dir\"><\/i><\/a><\/p>\n","protected":false},"author":1,"featured_media":6469,"comment_status":"closed","ping_status":"closed","sticky":false,"template":"","format":"standard","meta":{"footnotes":""},"categories":[1],"tags":[],"class_list":["post-6467","post","type-post","status-publish","format-standard","has-post-thumbnail","hentry","category-allgemein"],"yoast_head":"<!-- This site is optimized with the Yoast SEO plugin v27.5 - https:\/\/yoast.com\/product\/yoast-seo-wordpress\/ -->\n<title>Erster Castor J\u00fclich-Ahaus schon n\u00e4chste Woche? - umweltaktivisten.de<\/title>\n<meta name=\"description\" content=\"umweltaktivisten.de Erster Castor J\u00fclich-Ahaus schon n\u00e4chste Woche? Allgemein -\" \/>\n<meta name=\"robots\" content=\"index, nofollow, max-snippet:-1, max-image-preview:large, max-video-preview:-1\" \/>\n<link rel=\"canonical\" href=\"https:\/\/www.umweltaktivisten.de\/index.php\/2026\/03\/03\/erster-castor-juelich-ahaus-schon-naechste-woche\/\" \/>\n<meta property=\"og:locale\" content=\"de_DE\" \/>\n<meta property=\"og:type\" content=\"article\" \/>\n<meta property=\"og:title\" content=\"Erster Castor J\u00fclich-Ahaus schon n\u00e4chste Woche? - umweltaktivisten.de\" \/>\n<meta property=\"og:description\" content=\"umweltaktivisten.de Erster Castor J\u00fclich-Ahaus schon n\u00e4chste Woche? Allgemein -\" \/>\n<meta property=\"og:url\" content=\"https:\/\/www.umweltaktivisten.de\/index.php\/2026\/03\/03\/erster-castor-juelich-ahaus-schon-naechste-woche\/\" \/>\n<meta property=\"og:site_name\" content=\"umweltaktivisten.de\" \/>\n<meta property=\"article:published_time\" content=\"2026-03-03T20:01:10+00:00\" \/>\n<meta property=\"article:modified_time\" content=\"2026-03-03T20:11:24+00:00\" \/>\n<meta property=\"og:image\" content=\"https:\/\/www.umweltaktivisten.de\/wp-content\/uploads\/2026\/03\/152-Castoren-Transpi-400X200.jpg\" \/>\n\t<meta property=\"og:image:width\" content=\"479\" \/>\n\t<meta property=\"og:image:height\" content=\"202\" \/>\n\t<meta property=\"og:image:type\" content=\"image\/jpeg\" \/>\n<meta name=\"author\" content=\"marita\" \/>\n<meta name=\"twitter:card\" content=\"summary_large_image\" \/>\n<meta name=\"twitter:label1\" content=\"Verfasst von\" \/>\n\t<meta name=\"twitter:data1\" content=\"marita\" \/>\n\t<meta name=\"twitter:label2\" content=\"Gesch\u00e4tzte Lesezeit\" \/>\n\t<meta name=\"twitter:data2\" content=\"2\u00a0Minuten\" \/>\n<script type=\"application\/ld+json\" class=\"yoast-schema-graph\">{\"@context\":\"https:\\\/\\\/schema.org\",\"@graph\":[{\"@type\":\"Article\",\"@id\":\"https:\\\/\\\/www.umweltaktivisten.de\\\/index.php\\\/2026\\\/03\\\/03\\\/erster-castor-juelich-ahaus-schon-naechste-woche\\\/#article\",\"isPartOf\":{\"@id\":\"https:\\\/\\\/www.umweltaktivisten.de\\\/index.php\\\/2026\\\/03\\\/03\\\/erster-castor-juelich-ahaus-schon-naechste-woche\\\/\"},\"author\":{\"name\":\"marita\",\"@id\":\"https:\\\/\\\/www.umweltaktivisten.de\\\/#\\\/schema\\\/person\\\/af601319cc34a906612869cf3b4fd51a\"},\"headline\":\"Erster Castor J\u00fclich-Ahaus schon n\u00e4chste Woche?\",\"datePublished\":\"2026-03-03T20:01:10+00:00\",\"dateModified\":\"2026-03-03T20:11:24+00:00\",\"mainEntityOfPage\":{\"@id\":\"https:\\\/\\\/www.umweltaktivisten.de\\\/index.php\\\/2026\\\/03\\\/03\\\/erster-castor-juelich-ahaus-schon-naechste-woche\\\/\"},\"wordCount\":534,\"image\":{\"@id\":\"https:\\\/\\\/www.umweltaktivisten.de\\\/index.php\\\/2026\\\/03\\\/03\\\/erster-castor-juelich-ahaus-schon-naechste-woche\\\/#primaryimage\"},\"thumbnailUrl\":\"https:\\\/\\\/www.umweltaktivisten.de\\\/wp-content\\\/uploads\\\/2026\\\/03\\\/152-Castoren-Transpi-400X200.jpg\",\"inLanguage\":\"de\"},{\"@type\":\"WebPage\",\"@id\":\"https:\\\/\\\/www.umweltaktivisten.de\\\/index.php\\\/2026\\\/03\\\/03\\\/erster-castor-juelich-ahaus-schon-naechste-woche\\\/\",\"url\":\"https:\\\/\\\/www.umweltaktivisten.de\\\/index.php\\\/2026\\\/03\\\/03\\\/erster-castor-juelich-ahaus-schon-naechste-woche\\\/\",\"name\":\"Erster Castor J\u00fclich-Ahaus schon n\u00e4chste Woche? - umweltaktivisten.de\",\"isPartOf\":{\"@id\":\"https:\\\/\\\/www.umweltaktivisten.de\\\/#website\"},\"primaryImageOfPage\":{\"@id\":\"https:\\\/\\\/www.umweltaktivisten.de\\\/index.php\\\/2026\\\/03\\\/03\\\/erster-castor-juelich-ahaus-schon-naechste-woche\\\/#primaryimage\"},\"image\":{\"@id\":\"https:\\\/\\\/www.umweltaktivisten.de\\\/index.php\\\/2026\\\/03\\\/03\\\/erster-castor-juelich-ahaus-schon-naechste-woche\\\/#primaryimage\"},\"thumbnailUrl\":\"https:\\\/\\\/www.umweltaktivisten.de\\\/wp-content\\\/uploads\\\/2026\\\/03\\\/152-Castoren-Transpi-400X200.jpg\",\"datePublished\":\"2026-03-03T20:01:10+00:00\",\"dateModified\":\"2026-03-03T20:11:24+00:00\",\"author\":{\"@id\":\"https:\\\/\\\/www.umweltaktivisten.de\\\/#\\\/schema\\\/person\\\/af601319cc34a906612869cf3b4fd51a\"},\"description\":\"umweltaktivisten.de Erster Castor J\u00fclich-Ahaus schon n\u00e4chste Woche? Allgemein -\",\"breadcrumb\":{\"@id\":\"https:\\\/\\\/www.umweltaktivisten.de\\\/index.php\\\/2026\\\/03\\\/03\\\/erster-castor-juelich-ahaus-schon-naechste-woche\\\/#breadcrumb\"},\"inLanguage\":\"de\",\"potentialAction\":[{\"@type\":\"ReadAction\",\"target\":[\"https:\\\/\\\/www.umweltaktivisten.de\\\/index.php\\\/2026\\\/03\\\/03\\\/erster-castor-juelich-ahaus-schon-naechste-woche\\\/\"]}]},{\"@type\":\"ImageObject\",\"inLanguage\":\"de\",\"@id\":\"https:\\\/\\\/www.umweltaktivisten.de\\\/index.php\\\/2026\\\/03\\\/03\\\/erster-castor-juelich-ahaus-schon-naechste-woche\\\/#primaryimage\",\"url\":\"https:\\\/\\\/www.umweltaktivisten.de\\\/wp-content\\\/uploads\\\/2026\\\/03\\\/152-Castoren-Transpi-400X200.jpg\",\"contentUrl\":\"https:\\\/\\\/www.umweltaktivisten.de\\\/wp-content\\\/uploads\\\/2026\\\/03\\\/152-Castoren-Transpi-400X200.jpg\",\"width\":479,\"height\":202,\"caption\":\"Atom\"},{\"@type\":\"BreadcrumbList\",\"@id\":\"https:\\\/\\\/www.umweltaktivisten.de\\\/index.php\\\/2026\\\/03\\\/03\\\/erster-castor-juelich-ahaus-schon-naechste-woche\\\/#breadcrumb\",\"itemListElement\":[{\"@type\":\"ListItem\",\"position\":1,\"name\":\"Home\",\"item\":\"https:\\\/\\\/www.umweltaktivisten.de\\\/\"},{\"@type\":\"ListItem\",\"position\":2,\"name\":\"Erster Castor J\u00fclich-Ahaus schon n\u00e4chste Woche?\"}]},{\"@type\":\"WebSite\",\"@id\":\"https:\\\/\\\/www.umweltaktivisten.de\\\/#website\",\"url\":\"https:\\\/\\\/www.umweltaktivisten.de\\\/\",\"name\":\"umweltaktivisten.de\",\"description\":\"&quot;Wir haben die Erde nur von unseren Kindern geborgt&quot;\",\"potentialAction\":[{\"@type\":\"SearchAction\",\"target\":{\"@type\":\"EntryPoint\",\"urlTemplate\":\"https:\\\/\\\/www.umweltaktivisten.de\\\/?s={search_term_string}\"},\"query-input\":{\"@type\":\"PropertyValueSpecification\",\"valueRequired\":true,\"valueName\":\"search_term_string\"}}],\"inLanguage\":\"de\"},{\"@type\":\"Person\",\"@id\":\"https:\\\/\\\/www.umweltaktivisten.de\\\/#\\\/schema\\\/person\\\/af601319cc34a906612869cf3b4fd51a\",\"name\":\"marita\",\"url\":\"https:\\\/\\\/www.umweltaktivisten.de\\\/author\\\/marita\\\/\"}]}<\/script>\n<!-- \/ Yoast SEO plugin. -->","yoast_head_json":{"title":"Erster Castor J\u00fclich-Ahaus schon n\u00e4chste Woche? - umweltaktivisten.de","description":"umweltaktivisten.de Erster Castor J\u00fclich-Ahaus schon n\u00e4chste Woche? Allgemein -","robots":{"index":"index","follow":"nofollow","max-snippet":"max-snippet:-1","max-image-preview":"max-image-preview:large","max-video-preview":"max-video-preview:-1"},"canonical":"https:\/\/www.umweltaktivisten.de\/index.php\/2026\/03\/03\/erster-castor-juelich-ahaus-schon-naechste-woche\/","og_locale":"de_DE","og_type":"article","og_title":"Erster Castor J\u00fclich-Ahaus schon n\u00e4chste Woche? - umweltaktivisten.de","og_description":"umweltaktivisten.de Erster Castor J\u00fclich-Ahaus schon n\u00e4chste Woche? Allgemein -","og_url":"https:\/\/www.umweltaktivisten.de\/index.php\/2026\/03\/03\/erster-castor-juelich-ahaus-schon-naechste-woche\/","og_site_name":"umweltaktivisten.de","article_published_time":"2026-03-03T20:01:10+00:00","article_modified_time":"2026-03-03T20:11:24+00:00","og_image":[{"width":479,"height":202,"url":"https:\/\/www.umweltaktivisten.de\/wp-content\/uploads\/2026\/03\/152-Castoren-Transpi-400X200.jpg","type":"image\/jpeg"}],"author":"marita","twitter_card":"summary_large_image","twitter_misc":{"Verfasst von":"marita","Gesch\u00e4tzte Lesezeit":"2\u00a0Minuten"},"schema":{"@context":"https:\/\/schema.org","@graph":[{"@type":"Article","@id":"https:\/\/www.umweltaktivisten.de\/index.php\/2026\/03\/03\/erster-castor-juelich-ahaus-schon-naechste-woche\/#article","isPartOf":{"@id":"https:\/\/www.umweltaktivisten.de\/index.php\/2026\/03\/03\/erster-castor-juelich-ahaus-schon-naechste-woche\/"},"author":{"name":"marita","@id":"https:\/\/www.umweltaktivisten.de\/#\/schema\/person\/af601319cc34a906612869cf3b4fd51a"},"headline":"Erster Castor J\u00fclich-Ahaus schon n\u00e4chste Woche?","datePublished":"2026-03-03T20:01:10+00:00","dateModified":"2026-03-03T20:11:24+00:00","mainEntityOfPage":{"@id":"https:\/\/www.umweltaktivisten.de\/index.php\/2026\/03\/03\/erster-castor-juelich-ahaus-schon-naechste-woche\/"},"wordCount":534,"image":{"@id":"https:\/\/www.umweltaktivisten.de\/index.php\/2026\/03\/03\/erster-castor-juelich-ahaus-schon-naechste-woche\/#primaryimage"},"thumbnailUrl":"https:\/\/www.umweltaktivisten.de\/wp-content\/uploads\/2026\/03\/152-Castoren-Transpi-400X200.jpg","inLanguage":"de"},{"@type":"WebPage","@id":"https:\/\/www.umweltaktivisten.de\/index.php\/2026\/03\/03\/erster-castor-juelich-ahaus-schon-naechste-woche\/","url":"https:\/\/www.umweltaktivisten.de\/index.php\/2026\/03\/03\/erster-castor-juelich-ahaus-schon-naechste-woche\/","name":"Erster Castor J\u00fclich-Ahaus schon n\u00e4chste Woche? - umweltaktivisten.de","isPartOf":{"@id":"https:\/\/www.umweltaktivisten.de\/#website"},"primaryImageOfPage":{"@id":"https:\/\/www.umweltaktivisten.de\/index.php\/2026\/03\/03\/erster-castor-juelich-ahaus-schon-naechste-woche\/#primaryimage"},"image":{"@id":"https:\/\/www.umweltaktivisten.de\/index.php\/2026\/03\/03\/erster-castor-juelich-ahaus-schon-naechste-woche\/#primaryimage"},"thumbnailUrl":"https:\/\/www.umweltaktivisten.de\/wp-content\/uploads\/2026\/03\/152-Castoren-Transpi-400X200.jpg","datePublished":"2026-03-03T20:01:10+00:00","dateModified":"2026-03-03T20:11:24+00:00","author":{"@id":"https:\/\/www.umweltaktivisten.de\/#\/schema\/person\/af601319cc34a906612869cf3b4fd51a"},"description":"umweltaktivisten.de Erster Castor J\u00fclich-Ahaus schon n\u00e4chste Woche? Allgemein -","breadcrumb":{"@id":"https:\/\/www.umweltaktivisten.de\/index.php\/2026\/03\/03\/erster-castor-juelich-ahaus-schon-naechste-woche\/#breadcrumb"},"inLanguage":"de","potentialAction":[{"@type":"ReadAction","target":["https:\/\/www.umweltaktivisten.de\/index.php\/2026\/03\/03\/erster-castor-juelich-ahaus-schon-naechste-woche\/"]}]},{"@type":"ImageObject","inLanguage":"de","@id":"https:\/\/www.umweltaktivisten.de\/index.php\/2026\/03\/03\/erster-castor-juelich-ahaus-schon-naechste-woche\/#primaryimage","url":"https:\/\/www.umweltaktivisten.de\/wp-content\/uploads\/2026\/03\/152-Castoren-Transpi-400X200.jpg","contentUrl":"https:\/\/www.umweltaktivisten.de\/wp-content\/uploads\/2026\/03\/152-Castoren-Transpi-400X200.jpg","width":479,"height":202,"caption":"Atom"},{"@type":"BreadcrumbList","@id":"https:\/\/www.umweltaktivisten.de\/index.php\/2026\/03\/03\/erster-castor-juelich-ahaus-schon-naechste-woche\/#breadcrumb","itemListElement":[{"@type":"ListItem","position":1,"name":"Home","item":"https:\/\/www.umweltaktivisten.de\/"},{"@type":"ListItem","position":2,"name":"Erster Castor J\u00fclich-Ahaus schon n\u00e4chste Woche?"}]},{"@type":"WebSite","@id":"https:\/\/www.umweltaktivisten.de\/#website","url":"https:\/\/www.umweltaktivisten.de\/","name":"umweltaktivisten.de","description":"&quot;Wir haben die Erde nur von unseren Kindern geborgt&quot;","potentialAction":[{"@type":"SearchAction","target":{"@type":"EntryPoint","urlTemplate":"https:\/\/www.umweltaktivisten.de\/?s={search_term_string}"},"query-input":{"@type":"PropertyValueSpecification","valueRequired":true,"valueName":"search_term_string"}}],"inLanguage":"de"},{"@type":"Person","@id":"https:\/\/www.umweltaktivisten.de\/#\/schema\/person\/af601319cc34a906612869cf3b4fd51a","name":"marita","url":"https:\/\/www.umweltaktivisten.de\/author\/marita\/"}]}},"_links":{"self":[{"href":"https:\/\/www.umweltaktivisten.de\/index.php\/wp-json\/wp\/v2\/posts\/6467","targetHints":{"allow":["GET"]}}],"collection":[{"href":"https:\/\/www.umweltaktivisten.de\/index.php\/wp-json\/wp\/v2\/posts"}],"about":[{"href":"https:\/\/www.umweltaktivisten.de\/index.php\/wp-json\/wp\/v2\/types\/post"}],"author":[{"embeddable":true,"href":"https:\/\/www.umweltaktivisten.de\/index.php\/wp-json\/wp\/v2\/users\/1"}],"replies":[{"embeddable":true,"href":"https:\/\/www.umweltaktivisten.de\/index.php\/wp-json\/wp\/v2\/comments?post=6467"}],"version-history":[{"count":7,"href":"https:\/\/www.umweltaktivisten.de\/index.php\/wp-json\/wp\/v2\/posts\/6467\/revisions"}],"predecessor-version":[{"id":6484,"href":"https:\/\/www.umweltaktivisten.de\/index.php\/wp-json\/wp\/v2\/posts\/6467\/revisions\/6484"}],"wp:featuredmedia":[{"embeddable":true,"href":"https:\/\/www.umweltaktivisten.de\/index.php\/wp-json\/wp\/v2\/media\/6469"}],"wp:attachment":[{"href":"https:\/\/www.umweltaktivisten.de\/index.php\/wp-json\/wp\/v2\/media?parent=6467"}],"wp:term":[{"taxonomy":"category","embeddable":true,"href":"https:\/\/www.umweltaktivisten.de\/index.php\/wp-json\/wp\/v2\/categories?post=6467"},{"taxonomy":"post_tag","embeddable":true,"href":"https:\/\/www.umweltaktivisten.de\/index.php\/wp-json\/wp\/v2\/tags?post=6467"}],"curies":[{"name":"wp","href":"https:\/\/api.w.org\/{rel}","templated":true}]}}