{"id":6167,"date":"2025-10-09T22:25:01","date_gmt":"2025-10-09T20:25:01","guid":{"rendered":"https:\/\/www.umweltaktivisten.de\/?p=6167"},"modified":"2025-10-17T22:38:28","modified_gmt":"2025-10-17T20:38:28","slug":"protestaktion-vor-forschungsreaktor-garching","status":"publish","type":"post","link":"https:\/\/www.umweltaktivisten.de\/index.php\/2025\/10\/09\/protestaktion-vor-forschungsreaktor-garching\/","title":{"rendered":"Protestaktion vor Forschungsreaktor Garching"},"content":{"rendered":"\n<p>(Beitragsbild \u00a9 Philip Steckel)<\/p>\n\n\n\n<p><strong>Heute (09.10.), 10.45 Uhr, Protestaktion vor Forschungsreaktor Garching<\/strong><\/p>\n\n\n\n<ul class=\"wp-block-list\">\n<li><strong><mark>Umweltverb\u00e4nde protestieren gegen Castor-Transporte nach Ahaus<\/mark><\/strong><\/li>\n\n\n\n<li><strong><mark>Beteiligung aus dem M\u00fcnsterland<\/mark><\/strong><\/li>\n<\/ul>\n\n\n\n<p><strong>Heute (09.10.) startet um 10.45 Uhr vor dem Forschungsreaktor Garching bei M\u00fcnchen eine Protestaktion mehrerer bayrischer Umweltverb\u00e4nde mit Unterst\u00fctzung der M\u00fcnsterl\u00e4nder Anti-Atomkraft-Initiativen gegen die geplanten Castor-Transporte mit hochradioaktivem Atomm\u00fcll von Garching nach Ahaus. Die bayrischen Umweltverb\u00e4nde, darunter das Umweltinstitut M\u00fcnchen, der BUND sowie die Bayern Allianz f\u00fcr Atomausstieg und Klimaschutz, wollen mit der Aktion den Transport des hochangereicherten, waffenf\u00e4higen Urans nach Ahaus verhindern.<\/strong> <strong>Inzwischen haben sowohl der BUND wie auch die Stadt Ahaus Widerspruch gegen die Ende August vom BASE erteilte Einlagerungsgenehmigung f\u00fcr die Garchinger Brennelemente eingelegt.<\/strong> Und am vergangenen Samstag demonstrierten in Ahaus mehr als 500 Atomkraftgegner:innen gegen die geplanten Atomm\u00fclltransporte aus Garching und J\u00fclich.<\/p>\n\n\n\n<blockquote class=\"wp-block-quote is-layout-flow wp-block-quote-is-layout-flow\">\n<p>\u201eWir freuen uns \u00fcber die solidarische Protestaktion in Garching. Der Betrieb des dortigen Forschungsreaktors mit hochangereichertem, waffenf\u00e4higem Uran ist ohnehin unverantwortlich und sollte nicht wieder aufgenommen werden. Wir wehren uns aber auch dagegen, dass Bayern ausgerechnet diesen \u00e4u\u00dferst brisanten Atomm\u00fcll einfach nach Ahaus abschieben will. Deshalb begr\u00fc\u00dfen wir ausdr\u00fccklich die Widerspr\u00fcche der Stadt Ahaus und des BUND,\u201c erkl\u00e4rte <strong>Hartmut Liebermann von der B\u00fcrgerinitiative \u201eKein Atomm\u00fcll in Ahaus\u201c<\/strong>.<\/p>\n<\/blockquote>\n\n\n\n<blockquote class=\"wp-block-quote is-layout-flow wp-block-quote-is-layout-flow\">\n<p>\u201eDie Endlagerfrage f\u00fcr die bislang entstandenen Atomm\u00fcllberge ist ungel\u00f6st. Atomm\u00fclltransporte von A nach B l\u00f6sen nicht die jahrzehntelang verschleppte Atomm\u00fcllentsorgung. Auch Ahaus kann da keine Perspektive bieten. Die Lagerhalle geh\u00f6rt mit Gorleben zu den \u00e4ltesten ihrer Art und ist von modernen Sicherheitsanforderungen l\u00e4ngst \u00fcberholt worden. Zudem l\u00e4uft auch in Ahaus die Genehmigung bereits 2036 ab \u2013 doch wohin soll der Atomm\u00fcll dann transportiert werden? Bayern sollte deshalb selbst die Verantwortung f\u00fcr den vor Ort produzierten Atomm\u00fcll \u00fcbernehmen\u201c, erg\u00e4nzte <strong>Matthias Eickhoff vom Aktionsb\u00fcndnis M\u00fcnsterland gegen Atomanlagen<\/strong>.<\/p>\n<\/blockquote>\n\n\n\n<p><strong><strong>Hintergr\u00fcnde und Infos zur heutigen Protestaktion finden sie beim Umweltinstitut M\u00fcnchen:<\/strong><\/strong><\/p>\n\n\n\n<p><a href=\"https:\/\/umweltinstitut.org\/radioaktivitaet\/atompolitik\/forschungsreaktor-garching-protest\/\" target=\"_blank\" rel=\"noreferrer noopener nofollow\">https:\/\/umweltinstitut.org\/radioaktivitaet\/atompolitik\/forschungsreaktor-garching-protest\/<\/a><\/p>\n","protected":false},"excerpt":{"rendered":"<p>(Beitragsbild \u00a9 Philip Steckel) Heute (09.10.), 10.45 Uhr, Protestaktion vor Forschungsreaktor Garching Heute (09.10.) startet um 10.45 Uhr vor dem Forschungsreaktor Garching bei M\u00fcnchen eine Protestaktion mehrerer bayrischer Umweltverb\u00e4nde mit Unterst\u00fctzung der M\u00fcnsterl\u00e4nder Anti-Atomkraft-Initiativen gegen die geplanten Castor-Transporte mit hochradioaktivem Atomm\u00fcll von Garching nach Ahaus. Die bayrischen Umweltverb\u00e4nde, darunter das\u2026<\/p>\n<p class=\"continue-reading-button\"> <a class=\"continue-reading-link\" href=\"https:\/\/www.umweltaktivisten.de\/index.php\/2025\/10\/09\/protestaktion-vor-forschungsreaktor-garching\/\">weiter &#8230;<i class=\"crycon-right-dir\"><\/i><\/a><\/p>\n","protected":false},"author":1,"featured_media":5804,"comment_status":"closed","ping_status":"closed","sticky":false,"template":"","format":"standard","meta":{"footnotes":""},"categories":[1],"tags":[],"class_list":["post-6167","post","type-post","status-publish","format-standard","has-post-thumbnail","hentry","category-allgemein"],"yoast_head":"<!-- This site is optimized with the Yoast SEO plugin v27.5 - https:\/\/yoast.com\/product\/yoast-seo-wordpress\/ -->\n<title>Protestaktion vor Forschungsreaktor Garching - umweltaktivisten.de<\/title>\n<meta name=\"robots\" content=\"index, nofollow, max-snippet:-1, max-image-preview:large, max-video-preview:-1\" \/>\n<link rel=\"canonical\" href=\"https:\/\/www.umweltaktivisten.de\/index.php\/2025\/10\/09\/protestaktion-vor-forschungsreaktor-garching\/\" \/>\n<meta property=\"og:locale\" content=\"de_DE\" \/>\n<meta property=\"og:type\" content=\"article\" \/>\n<meta property=\"og:title\" content=\"Protestaktion vor Forschungsreaktor Garching - umweltaktivisten.de\" \/>\n<meta property=\"og:description\" content=\"(Beitragsbild \u00a9 Philip Steckel) Heute (09.10.), 10.45 Uhr, Protestaktion vor Forschungsreaktor Garching Heute (09.10.) startet um 10.45 Uhr vor dem Forschungsreaktor Garching bei M\u00fcnchen eine Protestaktion mehrerer bayrischer Umweltverb\u00e4nde mit Unterst\u00fctzung der M\u00fcnsterl\u00e4nder Anti-Atomkraft-Initiativen gegen die geplanten Castor-Transporte mit hochradioaktivem Atomm\u00fcll von Garching nach Ahaus. Die bayrischen Umweltverb\u00e4nde, darunter das\u2026 weiter ...\" \/>\n<meta property=\"og:url\" content=\"https:\/\/www.umweltaktivisten.de\/index.php\/2025\/10\/09\/protestaktion-vor-forschungsreaktor-garching\/\" \/>\n<meta property=\"og:site_name\" content=\"umweltaktivisten.de\" \/>\n<meta property=\"article:published_time\" content=\"2025-10-09T20:25:01+00:00\" \/>\n<meta property=\"article:modified_time\" content=\"2025-10-17T20:38:28+00:00\" \/>\n<meta property=\"og:image\" content=\"https:\/\/www.umweltaktivisten.de\/wp-content\/uploads\/2025\/01\/web__4000-2250-max-203.jpg\" \/>\n\t<meta property=\"og:image:width\" content=\"361\" \/>\n\t<meta property=\"og:image:height\" content=\"203\" \/>\n\t<meta property=\"og:image:type\" content=\"image\/jpeg\" \/>\n<meta name=\"author\" content=\"marita\" \/>\n<meta name=\"twitter:card\" content=\"summary_large_image\" \/>\n<meta name=\"twitter:label1\" content=\"Verfasst von\" \/>\n\t<meta name=\"twitter:data1\" content=\"marita\" \/>\n\t<meta name=\"twitter:label2\" content=\"Gesch\u00e4tzte Lesezeit\" \/>\n\t<meta name=\"twitter:data2\" content=\"1\u00a0Minute\" \/>\n<script type=\"application\/ld+json\" class=\"yoast-schema-graph\">{\"@context\":\"https:\\\/\\\/schema.org\",\"@graph\":[{\"@type\":\"Article\",\"@id\":\"https:\\\/\\\/www.umweltaktivisten.de\\\/index.php\\\/2025\\\/10\\\/09\\\/protestaktion-vor-forschungsreaktor-garching\\\/#article\",\"isPartOf\":{\"@id\":\"https:\\\/\\\/www.umweltaktivisten.de\\\/index.php\\\/2025\\\/10\\\/09\\\/protestaktion-vor-forschungsreaktor-garching\\\/\"},\"author\":{\"name\":\"marita\",\"@id\":\"https:\\\/\\\/www.umweltaktivisten.de\\\/#\\\/schema\\\/person\\\/af601319cc34a906612869cf3b4fd51a\"},\"headline\":\"Protestaktion vor Forschungsreaktor Garching\",\"datePublished\":\"2025-10-09T20:25:01+00:00\",\"dateModified\":\"2025-10-17T20:38:28+00:00\",\"mainEntityOfPage\":{\"@id\":\"https:\\\/\\\/www.umweltaktivisten.de\\\/index.php\\\/2025\\\/10\\\/09\\\/protestaktion-vor-forschungsreaktor-garching\\\/\"},\"wordCount\":335,\"image\":{\"@id\":\"https:\\\/\\\/www.umweltaktivisten.de\\\/index.php\\\/2025\\\/10\\\/09\\\/protestaktion-vor-forschungsreaktor-garching\\\/#primaryimage\"},\"thumbnailUrl\":\"https:\\\/\\\/www.umweltaktivisten.de\\\/wp-content\\\/uploads\\\/2025\\\/01\\\/web__4000-2250-max-203.jpg\",\"inLanguage\":\"de\"},{\"@type\":\"WebPage\",\"@id\":\"https:\\\/\\\/www.umweltaktivisten.de\\\/index.php\\\/2025\\\/10\\\/09\\\/protestaktion-vor-forschungsreaktor-garching\\\/\",\"url\":\"https:\\\/\\\/www.umweltaktivisten.de\\\/index.php\\\/2025\\\/10\\\/09\\\/protestaktion-vor-forschungsreaktor-garching\\\/\",\"name\":\"Protestaktion vor Forschungsreaktor Garching - umweltaktivisten.de\",\"isPartOf\":{\"@id\":\"https:\\\/\\\/www.umweltaktivisten.de\\\/#website\"},\"primaryImageOfPage\":{\"@id\":\"https:\\\/\\\/www.umweltaktivisten.de\\\/index.php\\\/2025\\\/10\\\/09\\\/protestaktion-vor-forschungsreaktor-garching\\\/#primaryimage\"},\"image\":{\"@id\":\"https:\\\/\\\/www.umweltaktivisten.de\\\/index.php\\\/2025\\\/10\\\/09\\\/protestaktion-vor-forschungsreaktor-garching\\\/#primaryimage\"},\"thumbnailUrl\":\"https:\\\/\\\/www.umweltaktivisten.de\\\/wp-content\\\/uploads\\\/2025\\\/01\\\/web__4000-2250-max-203.jpg\",\"datePublished\":\"2025-10-09T20:25:01+00:00\",\"dateModified\":\"2025-10-17T20:38:28+00:00\",\"author\":{\"@id\":\"https:\\\/\\\/www.umweltaktivisten.de\\\/#\\\/schema\\\/person\\\/af601319cc34a906612869cf3b4fd51a\"},\"breadcrumb\":{\"@id\":\"https:\\\/\\\/www.umweltaktivisten.de\\\/index.php\\\/2025\\\/10\\\/09\\\/protestaktion-vor-forschungsreaktor-garching\\\/#breadcrumb\"},\"inLanguage\":\"de\",\"potentialAction\":[{\"@type\":\"ReadAction\",\"target\":[\"https:\\\/\\\/www.umweltaktivisten.de\\\/index.php\\\/2025\\\/10\\\/09\\\/protestaktion-vor-forschungsreaktor-garching\\\/\"]}]},{\"@type\":\"ImageObject\",\"inLanguage\":\"de\",\"@id\":\"https:\\\/\\\/www.umweltaktivisten.de\\\/index.php\\\/2025\\\/10\\\/09\\\/protestaktion-vor-forschungsreaktor-garching\\\/#primaryimage\",\"url\":\"https:\\\/\\\/www.umweltaktivisten.de\\\/wp-content\\\/uploads\\\/2025\\\/01\\\/web__4000-2250-max-203.jpg\",\"contentUrl\":\"https:\\\/\\\/www.umweltaktivisten.de\\\/wp-content\\\/uploads\\\/2025\\\/01\\\/web__4000-2250-max-203.jpg\",\"width\":361,\"height\":203,\"caption\":\"\u00a9 Philip Steckel\"},{\"@type\":\"BreadcrumbList\",\"@id\":\"https:\\\/\\\/www.umweltaktivisten.de\\\/index.php\\\/2025\\\/10\\\/09\\\/protestaktion-vor-forschungsreaktor-garching\\\/#breadcrumb\",\"itemListElement\":[{\"@type\":\"ListItem\",\"position\":1,\"name\":\"Home\",\"item\":\"https:\\\/\\\/www.umweltaktivisten.de\\\/\"},{\"@type\":\"ListItem\",\"position\":2,\"name\":\"Protestaktion vor Forschungsreaktor Garching\"}]},{\"@type\":\"WebSite\",\"@id\":\"https:\\\/\\\/www.umweltaktivisten.de\\\/#website\",\"url\":\"https:\\\/\\\/www.umweltaktivisten.de\\\/\",\"name\":\"umweltaktivisten.de\",\"description\":\"&quot;Wir haben die Erde nur von unseren Kindern geborgt&quot;\",\"potentialAction\":[{\"@type\":\"SearchAction\",\"target\":{\"@type\":\"EntryPoint\",\"urlTemplate\":\"https:\\\/\\\/www.umweltaktivisten.de\\\/?s={search_term_string}\"},\"query-input\":{\"@type\":\"PropertyValueSpecification\",\"valueRequired\":true,\"valueName\":\"search_term_string\"}}],\"inLanguage\":\"de\"},{\"@type\":\"Person\",\"@id\":\"https:\\\/\\\/www.umweltaktivisten.de\\\/#\\\/schema\\\/person\\\/af601319cc34a906612869cf3b4fd51a\",\"name\":\"marita\",\"url\":\"https:\\\/\\\/www.umweltaktivisten.de\\\/author\\\/marita\\\/\"}]}<\/script>\n<!-- \/ Yoast SEO plugin. -->","yoast_head_json":{"title":"Protestaktion vor Forschungsreaktor Garching - umweltaktivisten.de","robots":{"index":"index","follow":"nofollow","max-snippet":"max-snippet:-1","max-image-preview":"max-image-preview:large","max-video-preview":"max-video-preview:-1"},"canonical":"https:\/\/www.umweltaktivisten.de\/index.php\/2025\/10\/09\/protestaktion-vor-forschungsreaktor-garching\/","og_locale":"de_DE","og_type":"article","og_title":"Protestaktion vor Forschungsreaktor Garching - umweltaktivisten.de","og_description":"(Beitragsbild \u00a9 Philip Steckel) Heute (09.10.), 10.45 Uhr, Protestaktion vor Forschungsreaktor Garching Heute (09.10.) startet um 10.45 Uhr vor dem Forschungsreaktor Garching bei M\u00fcnchen eine Protestaktion mehrerer bayrischer Umweltverb\u00e4nde mit Unterst\u00fctzung der M\u00fcnsterl\u00e4nder Anti-Atomkraft-Initiativen gegen die geplanten Castor-Transporte mit hochradioaktivem Atomm\u00fcll von Garching nach Ahaus. Die bayrischen Umweltverb\u00e4nde, darunter das\u2026 weiter ...","og_url":"https:\/\/www.umweltaktivisten.de\/index.php\/2025\/10\/09\/protestaktion-vor-forschungsreaktor-garching\/","og_site_name":"umweltaktivisten.de","article_published_time":"2025-10-09T20:25:01+00:00","article_modified_time":"2025-10-17T20:38:28+00:00","og_image":[{"width":361,"height":203,"url":"https:\/\/www.umweltaktivisten.de\/wp-content\/uploads\/2025\/01\/web__4000-2250-max-203.jpg","type":"image\/jpeg"}],"author":"marita","twitter_card":"summary_large_image","twitter_misc":{"Verfasst von":"marita","Gesch\u00e4tzte Lesezeit":"1\u00a0Minute"},"schema":{"@context":"https:\/\/schema.org","@graph":[{"@type":"Article","@id":"https:\/\/www.umweltaktivisten.de\/index.php\/2025\/10\/09\/protestaktion-vor-forschungsreaktor-garching\/#article","isPartOf":{"@id":"https:\/\/www.umweltaktivisten.de\/index.php\/2025\/10\/09\/protestaktion-vor-forschungsreaktor-garching\/"},"author":{"name":"marita","@id":"https:\/\/www.umweltaktivisten.de\/#\/schema\/person\/af601319cc34a906612869cf3b4fd51a"},"headline":"Protestaktion vor Forschungsreaktor Garching","datePublished":"2025-10-09T20:25:01+00:00","dateModified":"2025-10-17T20:38:28+00:00","mainEntityOfPage":{"@id":"https:\/\/www.umweltaktivisten.de\/index.php\/2025\/10\/09\/protestaktion-vor-forschungsreaktor-garching\/"},"wordCount":335,"image":{"@id":"https:\/\/www.umweltaktivisten.de\/index.php\/2025\/10\/09\/protestaktion-vor-forschungsreaktor-garching\/#primaryimage"},"thumbnailUrl":"https:\/\/www.umweltaktivisten.de\/wp-content\/uploads\/2025\/01\/web__4000-2250-max-203.jpg","inLanguage":"de"},{"@type":"WebPage","@id":"https:\/\/www.umweltaktivisten.de\/index.php\/2025\/10\/09\/protestaktion-vor-forschungsreaktor-garching\/","url":"https:\/\/www.umweltaktivisten.de\/index.php\/2025\/10\/09\/protestaktion-vor-forschungsreaktor-garching\/","name":"Protestaktion vor Forschungsreaktor Garching - umweltaktivisten.de","isPartOf":{"@id":"https:\/\/www.umweltaktivisten.de\/#website"},"primaryImageOfPage":{"@id":"https:\/\/www.umweltaktivisten.de\/index.php\/2025\/10\/09\/protestaktion-vor-forschungsreaktor-garching\/#primaryimage"},"image":{"@id":"https:\/\/www.umweltaktivisten.de\/index.php\/2025\/10\/09\/protestaktion-vor-forschungsreaktor-garching\/#primaryimage"},"thumbnailUrl":"https:\/\/www.umweltaktivisten.de\/wp-content\/uploads\/2025\/01\/web__4000-2250-max-203.jpg","datePublished":"2025-10-09T20:25:01+00:00","dateModified":"2025-10-17T20:38:28+00:00","author":{"@id":"https:\/\/www.umweltaktivisten.de\/#\/schema\/person\/af601319cc34a906612869cf3b4fd51a"},"breadcrumb":{"@id":"https:\/\/www.umweltaktivisten.de\/index.php\/2025\/10\/09\/protestaktion-vor-forschungsreaktor-garching\/#breadcrumb"},"inLanguage":"de","potentialAction":[{"@type":"ReadAction","target":["https:\/\/www.umweltaktivisten.de\/index.php\/2025\/10\/09\/protestaktion-vor-forschungsreaktor-garching\/"]}]},{"@type":"ImageObject","inLanguage":"de","@id":"https:\/\/www.umweltaktivisten.de\/index.php\/2025\/10\/09\/protestaktion-vor-forschungsreaktor-garching\/#primaryimage","url":"https:\/\/www.umweltaktivisten.de\/wp-content\/uploads\/2025\/01\/web__4000-2250-max-203.jpg","contentUrl":"https:\/\/www.umweltaktivisten.de\/wp-content\/uploads\/2025\/01\/web__4000-2250-max-203.jpg","width":361,"height":203,"caption":"\u00a9 Philip Steckel"},{"@type":"BreadcrumbList","@id":"https:\/\/www.umweltaktivisten.de\/index.php\/2025\/10\/09\/protestaktion-vor-forschungsreaktor-garching\/#breadcrumb","itemListElement":[{"@type":"ListItem","position":1,"name":"Home","item":"https:\/\/www.umweltaktivisten.de\/"},{"@type":"ListItem","position":2,"name":"Protestaktion vor Forschungsreaktor Garching"}]},{"@type":"WebSite","@id":"https:\/\/www.umweltaktivisten.de\/#website","url":"https:\/\/www.umweltaktivisten.de\/","name":"umweltaktivisten.de","description":"&quot;Wir haben die Erde nur von unseren Kindern geborgt&quot;","potentialAction":[{"@type":"SearchAction","target":{"@type":"EntryPoint","urlTemplate":"https:\/\/www.umweltaktivisten.de\/?s={search_term_string}"},"query-input":{"@type":"PropertyValueSpecification","valueRequired":true,"valueName":"search_term_string"}}],"inLanguage":"de"},{"@type":"Person","@id":"https:\/\/www.umweltaktivisten.de\/#\/schema\/person\/af601319cc34a906612869cf3b4fd51a","name":"marita","url":"https:\/\/www.umweltaktivisten.de\/author\/marita\/"}]}},"_links":{"self":[{"href":"https:\/\/www.umweltaktivisten.de\/index.php\/wp-json\/wp\/v2\/posts\/6167","targetHints":{"allow":["GET"]}}],"collection":[{"href":"https:\/\/www.umweltaktivisten.de\/index.php\/wp-json\/wp\/v2\/posts"}],"about":[{"href":"https:\/\/www.umweltaktivisten.de\/index.php\/wp-json\/wp\/v2\/types\/post"}],"author":[{"embeddable":true,"href":"https:\/\/www.umweltaktivisten.de\/index.php\/wp-json\/wp\/v2\/users\/1"}],"replies":[{"embeddable":true,"href":"https:\/\/www.umweltaktivisten.de\/index.php\/wp-json\/wp\/v2\/comments?post=6167"}],"version-history":[{"count":4,"href":"https:\/\/www.umweltaktivisten.de\/index.php\/wp-json\/wp\/v2\/posts\/6167\/revisions"}],"predecessor-version":[{"id":6173,"href":"https:\/\/www.umweltaktivisten.de\/index.php\/wp-json\/wp\/v2\/posts\/6167\/revisions\/6173"}],"wp:featuredmedia":[{"embeddable":true,"href":"https:\/\/www.umweltaktivisten.de\/index.php\/wp-json\/wp\/v2\/media\/5804"}],"wp:attachment":[{"href":"https:\/\/www.umweltaktivisten.de\/index.php\/wp-json\/wp\/v2\/media?parent=6167"}],"wp:term":[{"taxonomy":"category","embeddable":true,"href":"https:\/\/www.umweltaktivisten.de\/index.php\/wp-json\/wp\/v2\/categories?post=6167"},{"taxonomy":"post_tag","embeddable":true,"href":"https:\/\/www.umweltaktivisten.de\/index.php\/wp-json\/wp\/v2\/tags?post=6167"}],"curies":[{"name":"wp","href":"https:\/\/api.w.org\/{rel}","templated":true}]}}