{"id":6149,"date":"2025-10-09T13:09:23","date_gmt":"2025-10-09T11:09:23","guid":{"rendered":"https:\/\/www.umweltaktivisten.de\/?p=6149"},"modified":"2025-10-09T19:04:31","modified_gmt":"2025-10-09T17:04:31","slug":"alarm-im-suendenwaeldchen-rodung-steht-bevor","status":"publish","type":"post","link":"https:\/\/www.umweltaktivisten.de\/index.php\/2025\/10\/09\/alarm-im-suendenwaeldchen-rodung-steht-bevor\/","title":{"rendered":"Alarm im S\u00fcndenw\u00e4ldchen &#8211; Rodung steht bevor"},"content":{"rendered":"\n<p><strong>++++Rodungssaison beginnt++++Ordnungsverf\u00fcgung erlassen++++wir lassen die Waldsch\u00fctzer*innen nicht alleine++++Wald statt Kohle, Kies und Schotter++++Pressekonferenz am 6. Oktober ++++<\/strong><\/p>\n\n\n\n<p><strong>Genau sieben Jahre nach der gro\u00dfen Demonstration mit 50 000 Menschen am Hambacher Wald steht nun auch die Rodung des S\u00fcndenw\u00e4ldchens bevor. Damals stoppte ein Gericht die Abholzung. Jetzt droht einem weiteren wertvollen \u00d6kosystem die Zerst\u00f6rung.<\/strong><\/p>\n\n\n\n<p><strong>Die Stadt Kerpen erweist sich wieder als Helfer f\u00fcr das Unternehmen RWE. Der B\u00fcrgermeister verk\u00fcndete am 30. September eine neue Allgemeinverf\u00fcgung. Sie erlaubt die R\u00e4umung eines Waldst\u00fccks n\u00f6rdlich des Ortes Manheim-Alt und gilt ab dem 6. Oktober 2025.<\/strong><\/p>\n\n\n\n<p><strong>Wer das Dokument der Stadt lesen m\u00f6chte, findet es hier:<\/strong><\/p>\n\n\n\n<figure class=\"wp-block-embed is-type-wp-embed is-provider-verheizte-heimat wp-block-embed-verheizte-heimat\"><div class=\"wp-block-embed__wrapper\">\n<blockquote class=\"wp-embedded-content\" data-secret=\"p1msUlmlTa\"><a href=\"https:\/\/verheizte-heimat.de\/2025\/09\/30\/die-allgemeinverfuegung-fuer-die-raeumung-rodung-des-suendenwaeldchens-ab-6-10-ist-da\/\" target=\"_blank\" rel=\"noopener\">Die Allgemeinverf\u00fcgung f\u00fcr die R\u00e4umung (= Rodung) des S\u00fcndenw\u00e4ldchens (ab 6.10.) ist da<\/a><\/blockquote><iframe loading=\"lazy\" class=\"wp-embedded-content\" sandbox=\"allow-scripts\" security=\"restricted\" style=\"position: absolute; visibility: hidden;\" title=\"&#8222;Die Allgemeinverf\u00fcgung f\u00fcr die R\u00e4umung (= Rodung) des S\u00fcndenw\u00e4ldchens (ab 6.10.) ist da&#8220; &#8212; Verheizte Heimat\" src=\"https:\/\/verheizte-heimat.de\/2025\/09\/30\/die-allgemeinverfuegung-fuer-die-raeumung-rodung-des-suendenwaeldchens-ab-6-10-ist-da\/embed\/#?secret=JsEPjOFr8I#?secret=p1msUlmlTa\" data-secret=\"p1msUlmlTa\" width=\"600\" height=\"338\" frameborder=\"0\" marginwidth=\"0\" marginheight=\"0\" scrolling=\"no\"><\/iframe>\n<\/div><\/figure>\n\n\n\n<p><strong>Und nun? Nein, wir geben nicht auf. Wir sch\u00fctzen unsere Lebensgrundlagen und stoppen die gef\u00e4hrlichen Pl\u00e4ne f\u00fcr Bagger- und Seepl\u00e4ne.<\/strong><\/p>\n\n\n\n<p><strong>Wir laden dich f\u00fcr das kommende Wochenende und die Tage danach nach Manheim ein. Besuche das S\u00fcndenw\u00e4ldchen, die Mahnwache und die Waldsch\u00fctzer*innen. Wir freuen uns \u00fcber deine Solidarit\u00e4t und \u00fcber Spenden wie Lebensmittel und warme Kleidung. Jede Unterst\u00fctzung hilft.<\/strong><\/p>\n\n\n\n<p><strong>Die Mahnwache ist genehmigt und immer zug\u00e4nglich.<\/strong><\/p>\n\n\n\n<p><strong>Am Montag, 6. Oktober, hat eine Pressekonferenz an der Mahnwache in Manheim stattgefunden<\/strong>.<\/p>\n\n\n\n<p><strong>Teilgenommen haben Menschen der Mahnwache, Waldsch\u00fctzer*innen, Kirchen im Dorf lassen, Unser-Wasser-Rheinland, Waldspaziergang, HambiSupportAachen.<\/strong><\/p>\n\n\n\n<p><mark style=\"background-color:#d5d8da\" class=\"has-inline-color has-black-color\">&#8230; zur Pressekonferenz:<\/mark> <a href=\"https:\/\/youtu.be\/KUM7w2iUW8o?si=OZFhfkkodZW4AYbY\" target=\"_blank\" rel=\"noreferrer noopener nofollow\">https:\/\/youtu.be\/KUM7w2iUW8o?si=OZFhfkkodZW4AYbY<\/a><\/p>\n\n\n\n<p><\/p>\n\n\n<div class=\"wp-block-image\">\n<figure class=\"alignleft size-full is-resized\"><img loading=\"lazy\" decoding=\"async\" width=\"1024\" height=\"683\" src=\"https:\/\/www.umweltaktivisten.de\/wp-content\/uploads\/2020\/06\/Banner-Braunkohle-1024x683-1.jpg\" alt=\"\" class=\"wp-image-4210\" style=\"width:321px;height:auto\" srcset=\"https:\/\/www.umweltaktivisten.de\/wp-content\/uploads\/2020\/06\/Banner-Braunkohle-1024x683-1.jpg 1024w, https:\/\/www.umweltaktivisten.de\/wp-content\/uploads\/2020\/06\/Banner-Braunkohle-1024x683-1-300x200.jpg 300w, https:\/\/www.umweltaktivisten.de\/wp-content\/uploads\/2020\/06\/Banner-Braunkohle-1024x683-1-768x512.jpg 768w, https:\/\/www.umweltaktivisten.de\/wp-content\/uploads\/2020\/06\/Banner-Braunkohle-1024x683-1-150x100.jpg 150w\" sizes=\"auto, (max-width: 1024px) 100vw, 1024px\" \/><\/figure>\n<\/div>\n\n\n<p><strong>Wir setzen ein klares Zeichen: <\/strong><\/p>\n\n\n\n<ul class=\"wp-block-list\">\n<li><strong>gegen die Bagger und Kettens\u00e4gen<\/strong><\/li>\n\n\n\n<li><strong>gegen die Pl\u00e4ne f\u00fcr den See<\/strong><\/li>\n\n\n\n<li><strong>gegen eine drohende Katastrophe f\u00fcr Umwelt und Trinkwasser <\/strong><\/li>\n\n\n\n<li><strong>gegen gebrochene Versprechen der Politik <\/strong><\/li>\n\n\n\n<li><strong>gegen den Bruch von Koalitionsverhandlungen<\/strong><\/li>\n<\/ul>\n\n\n\n<p>(Quelle: <a href=\"http:\/\/naturfuehrung.com\/\" target=\"_blank\" rel=\"noopener\">Michael Zobel<\/a> | Naturf\u00fcher &amp; Waldp\u00e4dagoge)<\/p>\n\n\n\n<p><\/p>\n","protected":false},"excerpt":{"rendered":"<p>++++Rodungssaison beginnt++++Ordnungsverf\u00fcgung erlassen++++wir lassen die Waldsch\u00fctzer*innen nicht alleine++++Wald statt Kohle, Kies und Schotter++++Pressekonferenz am 6. Oktober ++++ Genau sieben Jahre nach der gro\u00dfen Demonstration mit 50 000 Menschen am Hambacher Wald steht nun auch die Rodung des S\u00fcndenw\u00e4ldchens bevor. Damals stoppte ein Gericht die Abholzung. Jetzt droht einem weiteren wertvollen\u2026<\/p>\n<p class=\"continue-reading-button\"> <a class=\"continue-reading-link\" href=\"https:\/\/www.umweltaktivisten.de\/index.php\/2025\/10\/09\/alarm-im-suendenwaeldchen-rodung-steht-bevor\/\">weiter &#8230;<i class=\"crycon-right-dir\"><\/i><\/a><\/p>\n","protected":false},"author":1,"featured_media":2938,"comment_status":"closed","ping_status":"closed","sticky":false,"template":"","format":"standard","meta":{"footnotes":""},"categories":[1],"tags":[],"class_list":["post-6149","post","type-post","status-publish","format-standard","has-post-thumbnail","hentry","category-allgemein"],"yoast_head":"<!-- This site is optimized with the Yoast SEO plugin v27.5 - https:\/\/yoast.com\/product\/yoast-seo-wordpress\/ -->\n<title>Alarm im S\u00fcndenw\u00e4ldchen - Rodung steht bevor - umweltaktivisten.de<\/title>\n<meta name=\"robots\" content=\"index, nofollow, max-snippet:-1, max-image-preview:large, max-video-preview:-1\" \/>\n<link rel=\"canonical\" href=\"https:\/\/www.umweltaktivisten.de\/index.php\/2025\/10\/09\/alarm-im-suendenwaeldchen-rodung-steht-bevor\/\" \/>\n<meta property=\"og:locale\" content=\"de_DE\" \/>\n<meta property=\"og:type\" content=\"article\" \/>\n<meta property=\"og:title\" content=\"Alarm im S\u00fcndenw\u00e4ldchen - Rodung steht bevor - umweltaktivisten.de\" \/>\n<meta property=\"og:description\" content=\"++++Rodungssaison beginnt++++Ordnungsverf\u00fcgung erlassen++++wir lassen die Waldsch\u00fctzer*innen nicht alleine++++Wald statt Kohle, Kies und Schotter++++Pressekonferenz am 6. Oktober ++++ Genau sieben Jahre nach der gro\u00dfen Demonstration mit 50 000 Menschen am Hambacher Wald steht nun auch die Rodung des S\u00fcndenw\u00e4ldchens bevor. Damals stoppte ein Gericht die Abholzung. Jetzt droht einem weiteren wertvollen\u2026 weiter ...\" \/>\n<meta property=\"og:url\" content=\"https:\/\/www.umweltaktivisten.de\/index.php\/2025\/10\/09\/alarm-im-suendenwaeldchen-rodung-steht-bevor\/\" \/>\n<meta property=\"og:site_name\" content=\"umweltaktivisten.de\" \/>\n<meta property=\"article:published_time\" content=\"2025-10-09T11:09:23+00:00\" \/>\n<meta property=\"article:modified_time\" content=\"2025-10-09T17:04:31+00:00\" \/>\n<meta property=\"og:image\" content=\"https:\/\/www.umweltaktivisten.de\/wp-content\/uploads\/2018\/09\/Banner-Braunkohle_w2.jpg\" \/>\n\t<meta property=\"og:image:width\" content=\"300\" \/>\n\t<meta property=\"og:image:height\" content=\"200\" \/>\n\t<meta property=\"og:image:type\" content=\"image\/jpeg\" \/>\n<meta name=\"author\" content=\"marita\" \/>\n<meta name=\"twitter:card\" content=\"summary_large_image\" \/>\n<meta name=\"twitter:label1\" content=\"Verfasst von\" \/>\n\t<meta name=\"twitter:data1\" content=\"marita\" \/>\n\t<meta name=\"twitter:label2\" content=\"Gesch\u00e4tzte Lesezeit\" \/>\n\t<meta name=\"twitter:data2\" content=\"2\u00a0Minuten\" \/>\n<script type=\"application\/ld+json\" class=\"yoast-schema-graph\">{\"@context\":\"https:\\\/\\\/schema.org\",\"@graph\":[{\"@type\":\"Article\",\"@id\":\"https:\\\/\\\/www.umweltaktivisten.de\\\/index.php\\\/2025\\\/10\\\/09\\\/alarm-im-suendenwaeldchen-rodung-steht-bevor\\\/#article\",\"isPartOf\":{\"@id\":\"https:\\\/\\\/www.umweltaktivisten.de\\\/index.php\\\/2025\\\/10\\\/09\\\/alarm-im-suendenwaeldchen-rodung-steht-bevor\\\/\"},\"author\":{\"name\":\"marita\",\"@id\":\"https:\\\/\\\/www.umweltaktivisten.de\\\/#\\\/schema\\\/person\\\/af601319cc34a906612869cf3b4fd51a\"},\"headline\":\"Alarm im S\u00fcndenw\u00e4ldchen &#8211; Rodung steht bevor\",\"datePublished\":\"2025-10-09T11:09:23+00:00\",\"dateModified\":\"2025-10-09T17:04:31+00:00\",\"mainEntityOfPage\":{\"@id\":\"https:\\\/\\\/www.umweltaktivisten.de\\\/index.php\\\/2025\\\/10\\\/09\\\/alarm-im-suendenwaeldchen-rodung-steht-bevor\\\/\"},\"wordCount\":292,\"image\":{\"@id\":\"https:\\\/\\\/www.umweltaktivisten.de\\\/index.php\\\/2025\\\/10\\\/09\\\/alarm-im-suendenwaeldchen-rodung-steht-bevor\\\/#primaryimage\"},\"thumbnailUrl\":\"https:\\\/\\\/www.umweltaktivisten.de\\\/wp-content\\\/uploads\\\/2018\\\/09\\\/Banner-Braunkohle_w2.jpg\",\"inLanguage\":\"de\"},{\"@type\":\"WebPage\",\"@id\":\"https:\\\/\\\/www.umweltaktivisten.de\\\/index.php\\\/2025\\\/10\\\/09\\\/alarm-im-suendenwaeldchen-rodung-steht-bevor\\\/\",\"url\":\"https:\\\/\\\/www.umweltaktivisten.de\\\/index.php\\\/2025\\\/10\\\/09\\\/alarm-im-suendenwaeldchen-rodung-steht-bevor\\\/\",\"name\":\"Alarm im S\u00fcndenw\u00e4ldchen - Rodung steht bevor - umweltaktivisten.de\",\"isPartOf\":{\"@id\":\"https:\\\/\\\/www.umweltaktivisten.de\\\/#website\"},\"primaryImageOfPage\":{\"@id\":\"https:\\\/\\\/www.umweltaktivisten.de\\\/index.php\\\/2025\\\/10\\\/09\\\/alarm-im-suendenwaeldchen-rodung-steht-bevor\\\/#primaryimage\"},\"image\":{\"@id\":\"https:\\\/\\\/www.umweltaktivisten.de\\\/index.php\\\/2025\\\/10\\\/09\\\/alarm-im-suendenwaeldchen-rodung-steht-bevor\\\/#primaryimage\"},\"thumbnailUrl\":\"https:\\\/\\\/www.umweltaktivisten.de\\\/wp-content\\\/uploads\\\/2018\\\/09\\\/Banner-Braunkohle_w2.jpg\",\"datePublished\":\"2025-10-09T11:09:23+00:00\",\"dateModified\":\"2025-10-09T17:04:31+00:00\",\"author\":{\"@id\":\"https:\\\/\\\/www.umweltaktivisten.de\\\/#\\\/schema\\\/person\\\/af601319cc34a906612869cf3b4fd51a\"},\"breadcrumb\":{\"@id\":\"https:\\\/\\\/www.umweltaktivisten.de\\\/index.php\\\/2025\\\/10\\\/09\\\/alarm-im-suendenwaeldchen-rodung-steht-bevor\\\/#breadcrumb\"},\"inLanguage\":\"de\",\"potentialAction\":[{\"@type\":\"ReadAction\",\"target\":[\"https:\\\/\\\/www.umweltaktivisten.de\\\/index.php\\\/2025\\\/10\\\/09\\\/alarm-im-suendenwaeldchen-rodung-steht-bevor\\\/\"]}]},{\"@type\":\"ImageObject\",\"inLanguage\":\"de\",\"@id\":\"https:\\\/\\\/www.umweltaktivisten.de\\\/index.php\\\/2025\\\/10\\\/09\\\/alarm-im-suendenwaeldchen-rodung-steht-bevor\\\/#primaryimage\",\"url\":\"https:\\\/\\\/www.umweltaktivisten.de\\\/wp-content\\\/uploads\\\/2018\\\/09\\\/Banner-Braunkohle_w2.jpg\",\"contentUrl\":\"https:\\\/\\\/www.umweltaktivisten.de\\\/wp-content\\\/uploads\\\/2018\\\/09\\\/Banner-Braunkohle_w2.jpg\",\"width\":300,\"height\":200},{\"@type\":\"BreadcrumbList\",\"@id\":\"https:\\\/\\\/www.umweltaktivisten.de\\\/index.php\\\/2025\\\/10\\\/09\\\/alarm-im-suendenwaeldchen-rodung-steht-bevor\\\/#breadcrumb\",\"itemListElement\":[{\"@type\":\"ListItem\",\"position\":1,\"name\":\"Home\",\"item\":\"https:\\\/\\\/www.umweltaktivisten.de\\\/\"},{\"@type\":\"ListItem\",\"position\":2,\"name\":\"Alarm im S\u00fcndenw\u00e4ldchen &#8211; Rodung steht bevor\"}]},{\"@type\":\"WebSite\",\"@id\":\"https:\\\/\\\/www.umweltaktivisten.de\\\/#website\",\"url\":\"https:\\\/\\\/www.umweltaktivisten.de\\\/\",\"name\":\"umweltaktivisten.de\",\"description\":\"&quot;Wir haben die Erde nur von unseren Kindern geborgt&quot;\",\"potentialAction\":[{\"@type\":\"SearchAction\",\"target\":{\"@type\":\"EntryPoint\",\"urlTemplate\":\"https:\\\/\\\/www.umweltaktivisten.de\\\/?s={search_term_string}\"},\"query-input\":{\"@type\":\"PropertyValueSpecification\",\"valueRequired\":true,\"valueName\":\"search_term_string\"}}],\"inLanguage\":\"de\"},{\"@type\":\"Person\",\"@id\":\"https:\\\/\\\/www.umweltaktivisten.de\\\/#\\\/schema\\\/person\\\/af601319cc34a906612869cf3b4fd51a\",\"name\":\"marita\",\"url\":\"https:\\\/\\\/www.umweltaktivisten.de\\\/author\\\/marita\\\/\"}]}<\/script>\n<!-- \/ Yoast SEO plugin. -->","yoast_head_json":{"title":"Alarm im S\u00fcndenw\u00e4ldchen - Rodung steht bevor - umweltaktivisten.de","robots":{"index":"index","follow":"nofollow","max-snippet":"max-snippet:-1","max-image-preview":"max-image-preview:large","max-video-preview":"max-video-preview:-1"},"canonical":"https:\/\/www.umweltaktivisten.de\/index.php\/2025\/10\/09\/alarm-im-suendenwaeldchen-rodung-steht-bevor\/","og_locale":"de_DE","og_type":"article","og_title":"Alarm im S\u00fcndenw\u00e4ldchen - Rodung steht bevor - umweltaktivisten.de","og_description":"++++Rodungssaison beginnt++++Ordnungsverf\u00fcgung erlassen++++wir lassen die Waldsch\u00fctzer*innen nicht alleine++++Wald statt Kohle, Kies und Schotter++++Pressekonferenz am 6. Oktober ++++ Genau sieben Jahre nach der gro\u00dfen Demonstration mit 50 000 Menschen am Hambacher Wald steht nun auch die Rodung des S\u00fcndenw\u00e4ldchens bevor. Damals stoppte ein Gericht die Abholzung. Jetzt droht einem weiteren wertvollen\u2026 weiter ...","og_url":"https:\/\/www.umweltaktivisten.de\/index.php\/2025\/10\/09\/alarm-im-suendenwaeldchen-rodung-steht-bevor\/","og_site_name":"umweltaktivisten.de","article_published_time":"2025-10-09T11:09:23+00:00","article_modified_time":"2025-10-09T17:04:31+00:00","og_image":[{"width":300,"height":200,"url":"https:\/\/www.umweltaktivisten.de\/wp-content\/uploads\/2018\/09\/Banner-Braunkohle_w2.jpg","type":"image\/jpeg"}],"author":"marita","twitter_card":"summary_large_image","twitter_misc":{"Verfasst von":"marita","Gesch\u00e4tzte Lesezeit":"2\u00a0Minuten"},"schema":{"@context":"https:\/\/schema.org","@graph":[{"@type":"Article","@id":"https:\/\/www.umweltaktivisten.de\/index.php\/2025\/10\/09\/alarm-im-suendenwaeldchen-rodung-steht-bevor\/#article","isPartOf":{"@id":"https:\/\/www.umweltaktivisten.de\/index.php\/2025\/10\/09\/alarm-im-suendenwaeldchen-rodung-steht-bevor\/"},"author":{"name":"marita","@id":"https:\/\/www.umweltaktivisten.de\/#\/schema\/person\/af601319cc34a906612869cf3b4fd51a"},"headline":"Alarm im S\u00fcndenw\u00e4ldchen &#8211; Rodung steht bevor","datePublished":"2025-10-09T11:09:23+00:00","dateModified":"2025-10-09T17:04:31+00:00","mainEntityOfPage":{"@id":"https:\/\/www.umweltaktivisten.de\/index.php\/2025\/10\/09\/alarm-im-suendenwaeldchen-rodung-steht-bevor\/"},"wordCount":292,"image":{"@id":"https:\/\/www.umweltaktivisten.de\/index.php\/2025\/10\/09\/alarm-im-suendenwaeldchen-rodung-steht-bevor\/#primaryimage"},"thumbnailUrl":"https:\/\/www.umweltaktivisten.de\/wp-content\/uploads\/2018\/09\/Banner-Braunkohle_w2.jpg","inLanguage":"de"},{"@type":"WebPage","@id":"https:\/\/www.umweltaktivisten.de\/index.php\/2025\/10\/09\/alarm-im-suendenwaeldchen-rodung-steht-bevor\/","url":"https:\/\/www.umweltaktivisten.de\/index.php\/2025\/10\/09\/alarm-im-suendenwaeldchen-rodung-steht-bevor\/","name":"Alarm im S\u00fcndenw\u00e4ldchen - Rodung steht bevor - umweltaktivisten.de","isPartOf":{"@id":"https:\/\/www.umweltaktivisten.de\/#website"},"primaryImageOfPage":{"@id":"https:\/\/www.umweltaktivisten.de\/index.php\/2025\/10\/09\/alarm-im-suendenwaeldchen-rodung-steht-bevor\/#primaryimage"},"image":{"@id":"https:\/\/www.umweltaktivisten.de\/index.php\/2025\/10\/09\/alarm-im-suendenwaeldchen-rodung-steht-bevor\/#primaryimage"},"thumbnailUrl":"https:\/\/www.umweltaktivisten.de\/wp-content\/uploads\/2018\/09\/Banner-Braunkohle_w2.jpg","datePublished":"2025-10-09T11:09:23+00:00","dateModified":"2025-10-09T17:04:31+00:00","author":{"@id":"https:\/\/www.umweltaktivisten.de\/#\/schema\/person\/af601319cc34a906612869cf3b4fd51a"},"breadcrumb":{"@id":"https:\/\/www.umweltaktivisten.de\/index.php\/2025\/10\/09\/alarm-im-suendenwaeldchen-rodung-steht-bevor\/#breadcrumb"},"inLanguage":"de","potentialAction":[{"@type":"ReadAction","target":["https:\/\/www.umweltaktivisten.de\/index.php\/2025\/10\/09\/alarm-im-suendenwaeldchen-rodung-steht-bevor\/"]}]},{"@type":"ImageObject","inLanguage":"de","@id":"https:\/\/www.umweltaktivisten.de\/index.php\/2025\/10\/09\/alarm-im-suendenwaeldchen-rodung-steht-bevor\/#primaryimage","url":"https:\/\/www.umweltaktivisten.de\/wp-content\/uploads\/2018\/09\/Banner-Braunkohle_w2.jpg","contentUrl":"https:\/\/www.umweltaktivisten.de\/wp-content\/uploads\/2018\/09\/Banner-Braunkohle_w2.jpg","width":300,"height":200},{"@type":"BreadcrumbList","@id":"https:\/\/www.umweltaktivisten.de\/index.php\/2025\/10\/09\/alarm-im-suendenwaeldchen-rodung-steht-bevor\/#breadcrumb","itemListElement":[{"@type":"ListItem","position":1,"name":"Home","item":"https:\/\/www.umweltaktivisten.de\/"},{"@type":"ListItem","position":2,"name":"Alarm im S\u00fcndenw\u00e4ldchen &#8211; Rodung steht bevor"}]},{"@type":"WebSite","@id":"https:\/\/www.umweltaktivisten.de\/#website","url":"https:\/\/www.umweltaktivisten.de\/","name":"umweltaktivisten.de","description":"&quot;Wir haben die Erde nur von unseren Kindern geborgt&quot;","potentialAction":[{"@type":"SearchAction","target":{"@type":"EntryPoint","urlTemplate":"https:\/\/www.umweltaktivisten.de\/?s={search_term_string}"},"query-input":{"@type":"PropertyValueSpecification","valueRequired":true,"valueName":"search_term_string"}}],"inLanguage":"de"},{"@type":"Person","@id":"https:\/\/www.umweltaktivisten.de\/#\/schema\/person\/af601319cc34a906612869cf3b4fd51a","name":"marita","url":"https:\/\/www.umweltaktivisten.de\/author\/marita\/"}]}},"_links":{"self":[{"href":"https:\/\/www.umweltaktivisten.de\/index.php\/wp-json\/wp\/v2\/posts\/6149","targetHints":{"allow":["GET"]}}],"collection":[{"href":"https:\/\/www.umweltaktivisten.de\/index.php\/wp-json\/wp\/v2\/posts"}],"about":[{"href":"https:\/\/www.umweltaktivisten.de\/index.php\/wp-json\/wp\/v2\/types\/post"}],"author":[{"embeddable":true,"href":"https:\/\/www.umweltaktivisten.de\/index.php\/wp-json\/wp\/v2\/users\/1"}],"replies":[{"embeddable":true,"href":"https:\/\/www.umweltaktivisten.de\/index.php\/wp-json\/wp\/v2\/comments?post=6149"}],"version-history":[{"count":7,"href":"https:\/\/www.umweltaktivisten.de\/index.php\/wp-json\/wp\/v2\/posts\/6149\/revisions"}],"predecessor-version":[{"id":6165,"href":"https:\/\/www.umweltaktivisten.de\/index.php\/wp-json\/wp\/v2\/posts\/6149\/revisions\/6165"}],"wp:featuredmedia":[{"embeddable":true,"href":"https:\/\/www.umweltaktivisten.de\/index.php\/wp-json\/wp\/v2\/media\/2938"}],"wp:attachment":[{"href":"https:\/\/www.umweltaktivisten.de\/index.php\/wp-json\/wp\/v2\/media?parent=6149"}],"wp:term":[{"taxonomy":"category","embeddable":true,"href":"https:\/\/www.umweltaktivisten.de\/index.php\/wp-json\/wp\/v2\/categories?post=6149"},{"taxonomy":"post_tag","embeddable":true,"href":"https:\/\/www.umweltaktivisten.de\/index.php\/wp-json\/wp\/v2\/tags?post=6149"}],"curies":[{"name":"wp","href":"https:\/\/api.w.org\/{rel}","templated":true}]}}