{"id":6141,"date":"2025-10-04T22:05:48","date_gmt":"2025-10-04T20:05:48","guid":{"rendered":"https:\/\/www.umweltaktivisten.de\/?p=6141"},"modified":"2025-10-07T22:07:22","modified_gmt":"2025-10-07T20:07:22","slug":"heute-castor-stoppen-demo-in-ahaus","status":"publish","type":"post","link":"https:\/\/www.umweltaktivisten.de\/index.php\/2025\/10\/04\/heute-castor-stoppen-demo-in-ahaus\/","title":{"rendered":"Heute \u201eCastor-Stoppen\u201c-Demo in Ahaus"},"content":{"rendered":"\n<ul class=\"wp-block-list\">\n<li><strong>Auftakt 11 Uhr vor dem Rathaus Ahaus<\/strong><\/li>\n\n\n\n<li><strong>Klage gegen Transportgenehmigung vor Verwaltungsgericht Berlin l\u00e4uft<\/strong><\/li>\n<\/ul>\n\n\n\n<p>Am heutigen Mittag findet in der Ahauser Innenstadt eine Demonstration gegen die geplanten Transporte von 152 Castor-Beh\u00e4ltern mit dem hochradioaktivem Atomm\u00fcll des Forschungszentrums J\u00fclich ins Zwischenlager Ahaus statt. Dazu rufen \u00fcber 40 Organisationen auf, darunter Umweltverb\u00e4nde, Parteien und kirchliche Organisationen.<\/p>\n\n\n\n<p>Die Auftaktkundgebung mit Musik von Marta Latour beginnt um 11 Uhr vor dem Ahauser Rathaus.&nbsp; Redebeitr\u00e4ge gibt es unter anderem von der BI \u201eKein Atomm\u00fcll in Ahaus\u201c, dem Aktionsb\u00fcndnis \u201eStop Westcastor\u201c J\u00fclich, der BI Umweltschutz L\u00fcchow-Dannenberg, der AG Schacht Konrad und dem BUND NRW. Danach f\u00fchrt die Demonstration zur Transportstrecke der Castoren am Kurt-Schumacherring.<\/p>\n\n\n\n<p>Im Demo-Aufruf hei\u00dft es: \u201eDie Endlagerfrage ist ungel\u00f6st! Unter allen genehmigten Zwischenlagern in Deutschland ist Ahaus neben Gorleben das mit den niedrigsten Sicherheitsstandards. Bereits 2036 l\u00e4uft die Genehmigung f\u00fcr das Zwischenlager Ahaus aus \u2013 eine simple Verl\u00e4ngerung ist nicht hinnehmbar. Jeder Atomm\u00fclltransport \u00fcber die maroden Autobahnen mit riesiger Polizeibegleitung schafft eine neue Gefahrenlage\u201c. Auch erinnern die Anti-Atomkraft-Initiativen daran, dass die Gewerkschaft der Polizei (GdP) die Castor-Transporte f\u00fcr eine sinnlose Mammutaufgabe h\u00e4lt.<\/p>\n\n\n\n<p>Vor dem Verwaltungsgericht Berlin ist derzeit eine Klage des BUND NRW gegen die Transportgenehmigung anh\u00e4ngig. Kerstin Ciesla, die stellvertretende Landesvorsitzende des BUND NRW, betont in ihrer Rede: \u201eDie NRW-Landesregierung muss die Vorbereitungen der Polizei f\u00fcr die Castor-Transporte nach Ahaus stoppen! Es d\u00fcrfen keine Fakten geschaffen werden, solange noch vor Gericht verhandelt wird! Die j\u00fcngsten hybriden Bedrohungen mit Drohnen zeigen, dass ein Schutz von riesigen Castor-Konvois auf den Autobahnen nicht zu gew\u00e4hrleisten ist.\u201c<\/p>\n\n\n\n<blockquote class=\"wp-block-quote is-layout-flow wp-block-quote-is-layout-flow\">\n<p><strong>Janna Dujesiefken von der BI Ahaus<\/strong> gibt sich k\u00e4mpferisch: \u201eWir werden das verantwortungslose Castor-Geschacher zwischen D\u00fcsseldorf und Berlin nicht einfach hinnehmen: Die Sicherheit muss im Vordergrund stehen und nicht die Kostenfrage oder Schuld-Zuweisungen! Wir setzen uns f\u00fcr einen langfristig verantwortungsvollen Umgang mit dem Atomm\u00fcll ein. Der jetzt geplante Atomm\u00fcll-Tourismus muss umgehend gestoppt werden.\u201c<\/p>\n<\/blockquote>\n\n\n\n<blockquote class=\"wp-block-quote is-layout-flow wp-block-quote-is-layout-flow\">\n<p><strong>Marita Boslar vom Aktionsb\u00fcndnis \u201eStop Westcastor\u201c aus J\u00fclich<\/strong> verweist auf den friedlichen und seit 15 Jahren w\u00e4hrenden Einsatz f\u00fcr ein neues Zwischenlager in J\u00fclich: \u201eDie Politik hat bisher viel zu wenig getan, um die 152 sinnlosen Atomm\u00fclltransporte von J\u00fclich nach Ahaus zu verhindern. Deshalb sind wir heute hier. Wir setzen gemeinsam ein Zeichen und machen deutlich, dass die Politik unsere Stimmen h\u00f6ren muss. Schon Mahatma Gandhi sagte: \u201aWir m\u00fcssen auf die Stra\u00dfe gehen und uns f\u00fcr das einsetzen, was wir f\u00fcr richtig halten\u2019.\u201c<\/p>\n<\/blockquote>\n\n\n\n<blockquote class=\"wp-block-quote is-layout-flow wp-block-quote-is-layout-flow\">\n<p>Unterst\u00fctzung erhalten die Gruppen unter anderem aus dem Wendland, wo sich das Atomm\u00fcll-Zwischenlager Gorleben befindet. <strong>Elisabeth Hafner-Reckers von der BI Umweltschutz L\u00fcchow-Dannenberg<\/strong> betont: \u201eGemeinsame Position war und ist: \u201aNichts rein \u2013 Nichts raus!\u2018 Beide Zwischenlager-Standorte nehmen all die Bedrohungen durch den Atomm\u00fcll f\u00fcr die n\u00e4chsten Jahrzehnte in Kauf. Wir f\u00f6rdern keinen Atomm\u00fclltourismus! Ausgerechnet Ahaus f\u00fcr diese Haltung jetzt zu bestrafen, ist unertr\u00e4glich. Es untergr\u00e4bt unn\u00f6tig das Vertrauen in die Endlagersuche. Verl\u00e4sslichkeit, umfassende Problembetrachtung und das Ringen um gute L\u00f6sungen \u2212 diese Werte zeichnen die BI Ahaus und die BI L\u00fcchow-Dannenberg seit Jahrzehnten aus. Die Politik t\u00e4te gut daran, unsere Erfahrungen ernst zu nehmen.\u201c<\/p>\n<\/blockquote>\n\n\n\n<p>Die Anti-Atomkraft-Organisationen bereiten sich zudem bereits intensiv auf umfangreiche Proteste zwischen J\u00fclich und Ahaus an einem m\u00f6glichen Tag X1 vor, dem Tag des ersten Castor-Konvois \u00fcber die Autobahnen von NRW. Sie nehmen damit NRW-Ministerpr\u00e4sident Hendrik W\u00fcst (CDU) beim Wort, der k\u00fcrzlich erkl\u00e4rt hatte, er k\u00f6nne auf jeden Castor-Transport gut verzichten.<\/p>\n\n\n\n<p><strong>Weitere Infos:<\/strong><\/p>\n\n\n\n<p><a href=\"http:\/\/www.bi-ahaus.de\/\" target=\"_blank\" rel=\"noreferrer noopener\">www.bi-ahaus.de<\/a>, <a href=\"http:\/\/www.sofa-ms.de\/\" rel=\"noreferrer noopener\" target=\"_blank\">www.<\/a><a href=\"http:\/\/www.sofa-ms.de\/\" target=\"_blank\" rel=\"noreferrer noopener\">sofa<\/a><a href=\"http:\/\/www.sofa-ms.de\/\" rel=\"noreferrer noopener\" target=\"_blank\">-ms.de<\/a> , <a href=\"http:\/\/www.bund-nrw.de\/\" target=\"_blank\" rel=\"noreferrer noopener\">www.bund-nrw.de<\/a><\/p>\n","protected":false},"excerpt":{"rendered":"<p>Am heutigen Mittag findet in der Ahauser Innenstadt eine Demonstration gegen die geplanten Transporte von 152 Castor-Beh\u00e4ltern mit dem hochradioaktivem Atomm\u00fcll des Forschungszentrums J\u00fclich ins Zwischenlager Ahaus statt. Dazu rufen \u00fcber 40 Organisationen auf, darunter Umweltverb\u00e4nde, Parteien und kirchliche Organisationen. Die Auftaktkundgebung mit Musik von Marta Latour beginnt um 11\u2026<\/p>\n<p class=\"continue-reading-button\"> <a class=\"continue-reading-link\" href=\"https:\/\/www.umweltaktivisten.de\/index.php\/2025\/10\/04\/heute-castor-stoppen-demo-in-ahaus\/\">weiter &#8230;<i class=\"crycon-right-dir\"><\/i><\/a><\/p>\n","protected":false},"author":1,"featured_media":5430,"comment_status":"closed","ping_status":"closed","sticky":false,"template":"","format":"standard","meta":{"footnotes":""},"categories":[1,21],"tags":[],"class_list":["post-6141","post","type-post","status-publish","format-standard","has-post-thumbnail","hentry","category-allgemein","category-atom"],"yoast_head":"<!-- This site is optimized with the Yoast SEO plugin v27.5 - https:\/\/yoast.com\/product\/yoast-seo-wordpress\/ -->\n<title>Heute \u201eCastor-Stoppen\u201c-Demo in Ahaus - umweltaktivisten.de<\/title>\n<meta name=\"robots\" content=\"index, nofollow, max-snippet:-1, max-image-preview:large, max-video-preview:-1\" \/>\n<link rel=\"canonical\" href=\"https:\/\/www.umweltaktivisten.de\/index.php\/2025\/10\/04\/heute-castor-stoppen-demo-in-ahaus\/\" \/>\n<meta property=\"og:locale\" content=\"de_DE\" \/>\n<meta property=\"og:type\" content=\"article\" \/>\n<meta property=\"og:title\" content=\"Heute \u201eCastor-Stoppen\u201c-Demo in Ahaus - umweltaktivisten.de\" \/>\n<meta property=\"og:description\" content=\"Am heutigen Mittag findet in der Ahauser Innenstadt eine Demonstration gegen die geplanten Transporte von 152 Castor-Beh\u00e4ltern mit dem hochradioaktivem Atomm\u00fcll des Forschungszentrums J\u00fclich ins Zwischenlager Ahaus statt. Dazu rufen \u00fcber 40 Organisationen auf, darunter Umweltverb\u00e4nde, Parteien und kirchliche Organisationen. Die Auftaktkundgebung mit Musik von Marta Latour beginnt um 11\u2026 weiter ...\" \/>\n<meta property=\"og:url\" content=\"https:\/\/www.umweltaktivisten.de\/index.php\/2025\/10\/04\/heute-castor-stoppen-demo-in-ahaus\/\" \/>\n<meta property=\"og:site_name\" content=\"umweltaktivisten.de\" \/>\n<meta property=\"article:published_time\" content=\"2025-10-04T20:05:48+00:00\" \/>\n<meta property=\"article:modified_time\" content=\"2025-10-07T20:07:22+00:00\" \/>\n<meta property=\"og:image\" content=\"https:\/\/www.umweltaktivisten.de\/wp-content\/uploads\/2023\/12\/web-Strecke.jpg\" \/>\n\t<meta property=\"og:image:width\" content=\"201\" \/>\n\t<meta property=\"og:image:height\" content=\"201\" \/>\n\t<meta property=\"og:image:type\" content=\"image\/jpeg\" \/>\n<meta name=\"author\" content=\"marita\" \/>\n<meta name=\"twitter:card\" content=\"summary_large_image\" \/>\n<meta name=\"twitter:label1\" content=\"Verfasst von\" \/>\n\t<meta name=\"twitter:data1\" content=\"marita\" \/>\n\t<meta name=\"twitter:label2\" content=\"Gesch\u00e4tzte Lesezeit\" \/>\n\t<meta name=\"twitter:data2\" content=\"2\u00a0Minuten\" \/>\n<script type=\"application\/ld+json\" class=\"yoast-schema-graph\">{\"@context\":\"https:\\\/\\\/schema.org\",\"@graph\":[{\"@type\":\"Article\",\"@id\":\"https:\\\/\\\/www.umweltaktivisten.de\\\/index.php\\\/2025\\\/10\\\/04\\\/heute-castor-stoppen-demo-in-ahaus\\\/#article\",\"isPartOf\":{\"@id\":\"https:\\\/\\\/www.umweltaktivisten.de\\\/index.php\\\/2025\\\/10\\\/04\\\/heute-castor-stoppen-demo-in-ahaus\\\/\"},\"author\":{\"name\":\"marita\",\"@id\":\"https:\\\/\\\/www.umweltaktivisten.de\\\/#\\\/schema\\\/person\\\/af601319cc34a906612869cf3b4fd51a\"},\"headline\":\"Heute \u201eCastor-Stoppen\u201c-Demo in Ahaus\",\"datePublished\":\"2025-10-04T20:05:48+00:00\",\"dateModified\":\"2025-10-07T20:07:22+00:00\",\"mainEntityOfPage\":{\"@id\":\"https:\\\/\\\/www.umweltaktivisten.de\\\/index.php\\\/2025\\\/10\\\/04\\\/heute-castor-stoppen-demo-in-ahaus\\\/\"},\"wordCount\":612,\"image\":{\"@id\":\"https:\\\/\\\/www.umweltaktivisten.de\\\/index.php\\\/2025\\\/10\\\/04\\\/heute-castor-stoppen-demo-in-ahaus\\\/#primaryimage\"},\"thumbnailUrl\":\"https:\\\/\\\/www.umweltaktivisten.de\\\/wp-content\\\/uploads\\\/2023\\\/12\\\/web-Strecke.jpg\",\"articleSection\":{\"1\":\"Atom\"},\"inLanguage\":\"de\"},{\"@type\":\"WebPage\",\"@id\":\"https:\\\/\\\/www.umweltaktivisten.de\\\/index.php\\\/2025\\\/10\\\/04\\\/heute-castor-stoppen-demo-in-ahaus\\\/\",\"url\":\"https:\\\/\\\/www.umweltaktivisten.de\\\/index.php\\\/2025\\\/10\\\/04\\\/heute-castor-stoppen-demo-in-ahaus\\\/\",\"name\":\"Heute \u201eCastor-Stoppen\u201c-Demo in Ahaus - umweltaktivisten.de\",\"isPartOf\":{\"@id\":\"https:\\\/\\\/www.umweltaktivisten.de\\\/#website\"},\"primaryImageOfPage\":{\"@id\":\"https:\\\/\\\/www.umweltaktivisten.de\\\/index.php\\\/2025\\\/10\\\/04\\\/heute-castor-stoppen-demo-in-ahaus\\\/#primaryimage\"},\"image\":{\"@id\":\"https:\\\/\\\/www.umweltaktivisten.de\\\/index.php\\\/2025\\\/10\\\/04\\\/heute-castor-stoppen-demo-in-ahaus\\\/#primaryimage\"},\"thumbnailUrl\":\"https:\\\/\\\/www.umweltaktivisten.de\\\/wp-content\\\/uploads\\\/2023\\\/12\\\/web-Strecke.jpg\",\"datePublished\":\"2025-10-04T20:05:48+00:00\",\"dateModified\":\"2025-10-07T20:07:22+00:00\",\"author\":{\"@id\":\"https:\\\/\\\/www.umweltaktivisten.de\\\/#\\\/schema\\\/person\\\/af601319cc34a906612869cf3b4fd51a\"},\"breadcrumb\":{\"@id\":\"https:\\\/\\\/www.umweltaktivisten.de\\\/index.php\\\/2025\\\/10\\\/04\\\/heute-castor-stoppen-demo-in-ahaus\\\/#breadcrumb\"},\"inLanguage\":\"de\",\"potentialAction\":[{\"@type\":\"ReadAction\",\"target\":[\"https:\\\/\\\/www.umweltaktivisten.de\\\/index.php\\\/2025\\\/10\\\/04\\\/heute-castor-stoppen-demo-in-ahaus\\\/\"]}]},{\"@type\":\"ImageObject\",\"inLanguage\":\"de\",\"@id\":\"https:\\\/\\\/www.umweltaktivisten.de\\\/index.php\\\/2025\\\/10\\\/04\\\/heute-castor-stoppen-demo-in-ahaus\\\/#primaryimage\",\"url\":\"https:\\\/\\\/www.umweltaktivisten.de\\\/wp-content\\\/uploads\\\/2023\\\/12\\\/web-Strecke.jpg\",\"contentUrl\":\"https:\\\/\\\/www.umweltaktivisten.de\\\/wp-content\\\/uploads\\\/2023\\\/12\\\/web-Strecke.jpg\",\"width\":201,\"height\":201,\"caption\":\"Atom\"},{\"@type\":\"BreadcrumbList\",\"@id\":\"https:\\\/\\\/www.umweltaktivisten.de\\\/index.php\\\/2025\\\/10\\\/04\\\/heute-castor-stoppen-demo-in-ahaus\\\/#breadcrumb\",\"itemListElement\":[{\"@type\":\"ListItem\",\"position\":1,\"name\":\"Home\",\"item\":\"https:\\\/\\\/www.umweltaktivisten.de\\\/\"},{\"@type\":\"ListItem\",\"position\":2,\"name\":\"Heute \u201eCastor-Stoppen\u201c-Demo in Ahaus\"}]},{\"@type\":\"WebSite\",\"@id\":\"https:\\\/\\\/www.umweltaktivisten.de\\\/#website\",\"url\":\"https:\\\/\\\/www.umweltaktivisten.de\\\/\",\"name\":\"umweltaktivisten.de\",\"description\":\"&quot;Wir haben die Erde nur von unseren Kindern geborgt&quot;\",\"potentialAction\":[{\"@type\":\"SearchAction\",\"target\":{\"@type\":\"EntryPoint\",\"urlTemplate\":\"https:\\\/\\\/www.umweltaktivisten.de\\\/?s={search_term_string}\"},\"query-input\":{\"@type\":\"PropertyValueSpecification\",\"valueRequired\":true,\"valueName\":\"search_term_string\"}}],\"inLanguage\":\"de\"},{\"@type\":\"Person\",\"@id\":\"https:\\\/\\\/www.umweltaktivisten.de\\\/#\\\/schema\\\/person\\\/af601319cc34a906612869cf3b4fd51a\",\"name\":\"marita\",\"url\":\"https:\\\/\\\/www.umweltaktivisten.de\\\/author\\\/marita\\\/\"}]}<\/script>\n<!-- \/ Yoast SEO plugin. -->","yoast_head_json":{"title":"Heute \u201eCastor-Stoppen\u201c-Demo in Ahaus - umweltaktivisten.de","robots":{"index":"index","follow":"nofollow","max-snippet":"max-snippet:-1","max-image-preview":"max-image-preview:large","max-video-preview":"max-video-preview:-1"},"canonical":"https:\/\/www.umweltaktivisten.de\/index.php\/2025\/10\/04\/heute-castor-stoppen-demo-in-ahaus\/","og_locale":"de_DE","og_type":"article","og_title":"Heute \u201eCastor-Stoppen\u201c-Demo in Ahaus - umweltaktivisten.de","og_description":"Am heutigen Mittag findet in der Ahauser Innenstadt eine Demonstration gegen die geplanten Transporte von 152 Castor-Beh\u00e4ltern mit dem hochradioaktivem Atomm\u00fcll des Forschungszentrums J\u00fclich ins Zwischenlager Ahaus statt. Dazu rufen \u00fcber 40 Organisationen auf, darunter Umweltverb\u00e4nde, Parteien und kirchliche Organisationen. Die Auftaktkundgebung mit Musik von Marta Latour beginnt um 11\u2026 weiter ...","og_url":"https:\/\/www.umweltaktivisten.de\/index.php\/2025\/10\/04\/heute-castor-stoppen-demo-in-ahaus\/","og_site_name":"umweltaktivisten.de","article_published_time":"2025-10-04T20:05:48+00:00","article_modified_time":"2025-10-07T20:07:22+00:00","og_image":[{"width":201,"height":201,"url":"https:\/\/www.umweltaktivisten.de\/wp-content\/uploads\/2023\/12\/web-Strecke.jpg","type":"image\/jpeg"}],"author":"marita","twitter_card":"summary_large_image","twitter_misc":{"Verfasst von":"marita","Gesch\u00e4tzte Lesezeit":"2\u00a0Minuten"},"schema":{"@context":"https:\/\/schema.org","@graph":[{"@type":"Article","@id":"https:\/\/www.umweltaktivisten.de\/index.php\/2025\/10\/04\/heute-castor-stoppen-demo-in-ahaus\/#article","isPartOf":{"@id":"https:\/\/www.umweltaktivisten.de\/index.php\/2025\/10\/04\/heute-castor-stoppen-demo-in-ahaus\/"},"author":{"name":"marita","@id":"https:\/\/www.umweltaktivisten.de\/#\/schema\/person\/af601319cc34a906612869cf3b4fd51a"},"headline":"Heute \u201eCastor-Stoppen\u201c-Demo in Ahaus","datePublished":"2025-10-04T20:05:48+00:00","dateModified":"2025-10-07T20:07:22+00:00","mainEntityOfPage":{"@id":"https:\/\/www.umweltaktivisten.de\/index.php\/2025\/10\/04\/heute-castor-stoppen-demo-in-ahaus\/"},"wordCount":612,"image":{"@id":"https:\/\/www.umweltaktivisten.de\/index.php\/2025\/10\/04\/heute-castor-stoppen-demo-in-ahaus\/#primaryimage"},"thumbnailUrl":"https:\/\/www.umweltaktivisten.de\/wp-content\/uploads\/2023\/12\/web-Strecke.jpg","articleSection":{"1":"Atom"},"inLanguage":"de"},{"@type":"WebPage","@id":"https:\/\/www.umweltaktivisten.de\/index.php\/2025\/10\/04\/heute-castor-stoppen-demo-in-ahaus\/","url":"https:\/\/www.umweltaktivisten.de\/index.php\/2025\/10\/04\/heute-castor-stoppen-demo-in-ahaus\/","name":"Heute \u201eCastor-Stoppen\u201c-Demo in Ahaus - umweltaktivisten.de","isPartOf":{"@id":"https:\/\/www.umweltaktivisten.de\/#website"},"primaryImageOfPage":{"@id":"https:\/\/www.umweltaktivisten.de\/index.php\/2025\/10\/04\/heute-castor-stoppen-demo-in-ahaus\/#primaryimage"},"image":{"@id":"https:\/\/www.umweltaktivisten.de\/index.php\/2025\/10\/04\/heute-castor-stoppen-demo-in-ahaus\/#primaryimage"},"thumbnailUrl":"https:\/\/www.umweltaktivisten.de\/wp-content\/uploads\/2023\/12\/web-Strecke.jpg","datePublished":"2025-10-04T20:05:48+00:00","dateModified":"2025-10-07T20:07:22+00:00","author":{"@id":"https:\/\/www.umweltaktivisten.de\/#\/schema\/person\/af601319cc34a906612869cf3b4fd51a"},"breadcrumb":{"@id":"https:\/\/www.umweltaktivisten.de\/index.php\/2025\/10\/04\/heute-castor-stoppen-demo-in-ahaus\/#breadcrumb"},"inLanguage":"de","potentialAction":[{"@type":"ReadAction","target":["https:\/\/www.umweltaktivisten.de\/index.php\/2025\/10\/04\/heute-castor-stoppen-demo-in-ahaus\/"]}]},{"@type":"ImageObject","inLanguage":"de","@id":"https:\/\/www.umweltaktivisten.de\/index.php\/2025\/10\/04\/heute-castor-stoppen-demo-in-ahaus\/#primaryimage","url":"https:\/\/www.umweltaktivisten.de\/wp-content\/uploads\/2023\/12\/web-Strecke.jpg","contentUrl":"https:\/\/www.umweltaktivisten.de\/wp-content\/uploads\/2023\/12\/web-Strecke.jpg","width":201,"height":201,"caption":"Atom"},{"@type":"BreadcrumbList","@id":"https:\/\/www.umweltaktivisten.de\/index.php\/2025\/10\/04\/heute-castor-stoppen-demo-in-ahaus\/#breadcrumb","itemListElement":[{"@type":"ListItem","position":1,"name":"Home","item":"https:\/\/www.umweltaktivisten.de\/"},{"@type":"ListItem","position":2,"name":"Heute \u201eCastor-Stoppen\u201c-Demo in Ahaus"}]},{"@type":"WebSite","@id":"https:\/\/www.umweltaktivisten.de\/#website","url":"https:\/\/www.umweltaktivisten.de\/","name":"umweltaktivisten.de","description":"&quot;Wir haben die Erde nur von unseren Kindern geborgt&quot;","potentialAction":[{"@type":"SearchAction","target":{"@type":"EntryPoint","urlTemplate":"https:\/\/www.umweltaktivisten.de\/?s={search_term_string}"},"query-input":{"@type":"PropertyValueSpecification","valueRequired":true,"valueName":"search_term_string"}}],"inLanguage":"de"},{"@type":"Person","@id":"https:\/\/www.umweltaktivisten.de\/#\/schema\/person\/af601319cc34a906612869cf3b4fd51a","name":"marita","url":"https:\/\/www.umweltaktivisten.de\/author\/marita\/"}]}},"_links":{"self":[{"href":"https:\/\/www.umweltaktivisten.de\/index.php\/wp-json\/wp\/v2\/posts\/6141","targetHints":{"allow":["GET"]}}],"collection":[{"href":"https:\/\/www.umweltaktivisten.de\/index.php\/wp-json\/wp\/v2\/posts"}],"about":[{"href":"https:\/\/www.umweltaktivisten.de\/index.php\/wp-json\/wp\/v2\/types\/post"}],"author":[{"embeddable":true,"href":"https:\/\/www.umweltaktivisten.de\/index.php\/wp-json\/wp\/v2\/users\/1"}],"replies":[{"embeddable":true,"href":"https:\/\/www.umweltaktivisten.de\/index.php\/wp-json\/wp\/v2\/comments?post=6141"}],"version-history":[{"count":1,"href":"https:\/\/www.umweltaktivisten.de\/index.php\/wp-json\/wp\/v2\/posts\/6141\/revisions"}],"predecessor-version":[{"id":6142,"href":"https:\/\/www.umweltaktivisten.de\/index.php\/wp-json\/wp\/v2\/posts\/6141\/revisions\/6142"}],"wp:featuredmedia":[{"embeddable":true,"href":"https:\/\/www.umweltaktivisten.de\/index.php\/wp-json\/wp\/v2\/media\/5430"}],"wp:attachment":[{"href":"https:\/\/www.umweltaktivisten.de\/index.php\/wp-json\/wp\/v2\/media?parent=6141"}],"wp:term":[{"taxonomy":"category","embeddable":true,"href":"https:\/\/www.umweltaktivisten.de\/index.php\/wp-json\/wp\/v2\/categories?post=6141"},{"taxonomy":"post_tag","embeddable":true,"href":"https:\/\/www.umweltaktivisten.de\/index.php\/wp-json\/wp\/v2\/tags?post=6141"}],"curies":[{"name":"wp","href":"https:\/\/api.w.org\/{rel}","templated":true}]}}