{"id":5862,"date":"2025-02-26T23:22:26","date_gmt":"2025-02-26T22:22:26","guid":{"rendered":"https:\/\/www.umweltaktivisten.de\/?p=5862"},"modified":"2025-02-26T23:30:16","modified_gmt":"2025-02-26T22:30:16","slug":"verschleiert-die-nrw-landesregierung-ihre-untaetigkeit","status":"publish","type":"post","link":"https:\/\/www.umweltaktivisten.de\/index.php\/2025\/02\/26\/verschleiert-die-nrw-landesregierung-ihre-untaetigkeit\/","title":{"rendered":"Verschleiert die NRW-Landesregierung ihre Unt\u00e4tigkeit?"},"content":{"rendered":"\n<p>(Beitragsbild: pixabay.com)<\/p>\n\n\n\n<p class=\"has-medium-font-size\"><strong>Nicht \u00f6ffentliche Sitzung zu Castor-Transporten:<\/strong><\/p>\n\n\n\n<p class=\"has-medium-font-size\"><strong>Soll Geheimniskr\u00e4merei die Unt\u00e4tigkeit der schwarz-gr\u00fcnen Landesregierung verschleiern?<\/strong><\/p>\n\n\n\n<p class=\"has-medium-font-size\"><strong>Anti-Atomkraft-Initiativen: L\u00e4uft Zeit f\u00fcr politische L\u00f6sung ab? <\/strong><strong><\/strong><\/p>\n\n\n\n<p><strong>Die Anti-Atomkraft-Initiativen im M\u00fcnsterland und aus J\u00fclich, der BUND NRW sowie der Bundesverband B\u00fcrgerinitiativen Umweltschutz \u00fcben scharfe Kritik an der schwarz-gr\u00fcnen Landesregierung. Sie bem\u00e4ngeln die aktuelle Geheimniskr\u00e4merei bez\u00fcglich der Castor-Transporte von J\u00fclich nach Ahaus.<\/strong><\/p>\n\n\n\n<blockquote class=\"wp-block-quote is-layout-flow wp-block-quote-is-layout-flow\">\n<p>\u201eVor zwei Wochen informierte Frau Neubaur nur unvollst\u00e4ndig \u00fcber die Probleme mit dem Atomm\u00fcll in NRW, jetzt werden die Sitzungen einfach f\u00fcr nicht \u00f6ffentlich erkl\u00e4rt. Das ist das Gegenteil von transparenter und vertrauensvoller Atompolitik!\u201c, zeigt sich <strong>Jens D\u00fctting vom Aktionsb\u00fcndnis M\u00fcnsterland gegen Atomanlagen entsetzt<\/strong>.<\/p>\n<\/blockquote>\n\n\n<div class=\"wp-block-image\">\n<figure class=\"alignleft size-full is-resized\"><img loading=\"lazy\" decoding=\"async\" width=\"400\" height=\"400\" src=\"https:\/\/www.umweltaktivisten.de\/wp-content\/uploads\/2024\/05\/web-Strecke.jpg\" alt=\"\" class=\"wp-image-5505\" style=\"width:241px;height:auto\" srcset=\"https:\/\/www.umweltaktivisten.de\/wp-content\/uploads\/2024\/05\/web-Strecke.jpg 400w, https:\/\/www.umweltaktivisten.de\/wp-content\/uploads\/2024\/05\/web-Strecke-300x300.jpg 300w, https:\/\/www.umweltaktivisten.de\/wp-content\/uploads\/2024\/05\/web-Strecke-150x150.jpg 150w\" sizes=\"auto, (max-width: 400px) 100vw, 400px\" \/><\/figure>\n<\/div>\n\n\n<p>Bereits im vergangenen Jahr hatte die NRW-Atomaufsicht der Anti-Atom-Organisation .ausgestrahlt die Einsicht in die Monatsberichte der J\u00fclicher Entsorgungsgesellschaft f\u00fcr Nuklearanlagen (JEN) bez\u00fcglich des weiteren Umgangs mit dem Atomm\u00fcll verwehrt.<\/p>\n\n\n\n<p>\u201eDas erinnert eher an die Atompolitik und die Castor-Transporte der 1990er und 2000er Jahre\u201c, so Jens D\u00fctting weiter. Neben den Anti-Atomkraft-Initiativen haben inzwischen auch die Gewerkschaft der Polizei und die NRW-SPD erkannt, dass diese Atompolitik zu einer massivem Belastung und Gef\u00e4hrdung der NRW-Bev\u00f6lkerung durch 152 Castor-Transporte f\u00fchren wird.<\/p>\n\n\n\n<blockquote class=\"wp-block-quote is-layout-flow wp-block-quote-is-layout-flow\">\n<p>Nach Ansicht der Initiativen hat die schwarz-gr\u00fcne Landesregierung seit Regierungsantritt wertvolle Zeit verstreichen lassen, um ein neues, m\u00f6glichst sicheres Zwischenlager in J\u00fclich voranzutreiben. \u201eSeit 15 Jahren fordern wir den Neubau. Doch die Atomm\u00fcllverursacher konzentrieren sich nur auf den Abtransport der J\u00fclicher Castoren. Es ist unverst\u00e4ndlich, warum die NRW-Atomaufsicht keinen \u00f6ffentlichen Druck auf die JEN und die zust\u00e4ndigen Bundesministerien aus\u00fcbt. Die JEN ist ein Staatsunternehmen. Mona Neubaur darf sich nicht nur auf die Bereitstellung eines Grundst\u00fccks durch das Land zur\u00fcckziehen. Sie sollte nicht einfach abwarten, bis das BASE die von der JEN gestellten Transport-Antr\u00e4ge formal-juristisch bearbeitet\u201c, so <strong>Marita Boslar vom Aktionsb\u00fcndnis &#8222;Stop Westcastor<\/strong>&#8222;.<\/p>\n<\/blockquote>\n\n\n\n<p>Auch wenn die Transport-Genehmigung f\u00fcr die Castoren kommt, hei\u00dft dass nach Einsch\u00e4tzung der Anti-Atomkraft-Initiativen aber nicht, dass diese auch direkt rollen m\u00fcssen: Die Durchf\u00fchrung ist aufgrund des immensen Sicherheitsaufwandes f\u00fcr die Polizei fraglich, zumal bei 152 Einzeltransporten immer mehr Informationen \u00fcber Ablauf und Route bekannt werden, damit steigt die Anschlagsgefahr. \u201eJetzt m\u00fcssen alle politisch Verantwortlichen intervenieren, um diese Szenarien zu verhindern\u201c, fordern die Atomkraftgegner*innen von J\u00fclich bis Ahaus gemeinsam. \u201eDaf\u00fcr werden wir am 15. M\u00e4rz um 11.30 Uhr wieder in der Ahauser Innenstadt demonstrieren!\u201c&nbsp;&nbsp;&nbsp;&nbsp;&nbsp;&nbsp;<\/p>\n\n\n\n<ul class=\"wp-block-list\">\n<li>Bundesamt f\u00fcr die Sicherheit der nuklearen Entsorgung (BASE)<\/li>\n<\/ul>\n\n\n\n<p><strong>Quellen:<\/strong><\/p>\n\n\n\n<p><a href=\"https:\/\/www.spd-fraktion-nrw.de\/pressemeldung\/atomtransporte-in-nrw-trotz-massiver-kritik-aufgrund-der-untaetigkeit-von-ministerin-neubaur-nur-noch-eine-frage-der-zeit\/\" target=\"_blank\" rel=\"noreferrer noopener nofollow\">https:\/\/www.spd-fraktion-nrw.de\/pressemeldung\/atomtransporte-in-nrw-trotz-massiver-kritik-aufgrund-der-untaetigkeit-von-ministerin-neubaur-nur-noch-eine-frage-der-zeit\/<\/a><\/p>\n\n\n\n<p><a href=\"https:\/\/www.ausgestrahlt.de\/presse\/uebersicht\/atommull-skandal-julich-ministerium-halt-akten-unt\/\" target=\"_blank\" rel=\"noreferrer noopener nofollow\">https:\/\/www.ausgestrahlt.de\/presse\/uebersicht\/atommull-skandal-julich-ministerium-halt-akten-unt\/<\/a><\/p>\n\n\n\n<p><\/p>\n","protected":false},"excerpt":{"rendered":"<p>(Beitragsbild: pixabay.com) Nicht \u00f6ffentliche Sitzung zu Castor-Transporten: Soll Geheimniskr\u00e4merei die Unt\u00e4tigkeit der schwarz-gr\u00fcnen Landesregierung verschleiern? Anti-Atomkraft-Initiativen: L\u00e4uft Zeit f\u00fcr politische L\u00f6sung ab? Die Anti-Atomkraft-Initiativen im M\u00fcnsterland und aus J\u00fclich, der BUND NRW sowie der Bundesverband B\u00fcrgerinitiativen Umweltschutz \u00fcben scharfe Kritik an der schwarz-gr\u00fcnen Landesregierung. Sie bem\u00e4ngeln die aktuelle Geheimniskr\u00e4merei bez\u00fcglich\u2026<\/p>\n<p class=\"continue-reading-button\"> <a class=\"continue-reading-link\" href=\"https:\/\/www.umweltaktivisten.de\/index.php\/2025\/02\/26\/verschleiert-die-nrw-landesregierung-ihre-untaetigkeit\/\">weiter &#8230;<i class=\"crycon-right-dir\"><\/i><\/a><\/p>\n","protected":false},"author":1,"featured_media":5865,"comment_status":"closed","ping_status":"closed","sticky":false,"template":"","format":"standard","meta":{"footnotes":""},"categories":[21,10],"tags":[],"class_list":["post-5862","post","type-post","status-publish","format-standard","has-post-thumbnail","hentry","category-atom","category-stop-westcastor"],"yoast_head":"<!-- This site is optimized with the Yoast SEO plugin v27.5 - https:\/\/yoast.com\/product\/yoast-seo-wordpress\/ -->\n<title>Verschleiert die NRW-Landesregierung ihre Unt\u00e4tigkeit? - umweltaktivisten.de<\/title>\n<meta name=\"robots\" content=\"index, nofollow, max-snippet:-1, max-image-preview:large, max-video-preview:-1\" \/>\n<link rel=\"canonical\" href=\"https:\/\/www.umweltaktivisten.de\/index.php\/2025\/02\/26\/verschleiert-die-nrw-landesregierung-ihre-untaetigkeit\/\" \/>\n<meta property=\"og:locale\" content=\"de_DE\" \/>\n<meta property=\"og:type\" content=\"article\" \/>\n<meta property=\"og:title\" content=\"Verschleiert die NRW-Landesregierung ihre Unt\u00e4tigkeit? - umweltaktivisten.de\" \/>\n<meta property=\"og:description\" content=\"(Beitragsbild: pixabay.com) Nicht \u00f6ffentliche Sitzung zu Castor-Transporten: Soll Geheimniskr\u00e4merei die Unt\u00e4tigkeit der schwarz-gr\u00fcnen Landesregierung verschleiern? Anti-Atomkraft-Initiativen: L\u00e4uft Zeit f\u00fcr politische L\u00f6sung ab? Die Anti-Atomkraft-Initiativen im M\u00fcnsterland und aus J\u00fclich, der BUND NRW sowie der Bundesverband B\u00fcrgerinitiativen Umweltschutz \u00fcben scharfe Kritik an der schwarz-gr\u00fcnen Landesregierung. Sie bem\u00e4ngeln die aktuelle Geheimniskr\u00e4merei bez\u00fcglich\u2026 weiter ...\" \/>\n<meta property=\"og:url\" content=\"https:\/\/www.umweltaktivisten.de\/index.php\/2025\/02\/26\/verschleiert-die-nrw-landesregierung-ihre-untaetigkeit\/\" \/>\n<meta property=\"og:site_name\" content=\"umweltaktivisten.de\" \/>\n<meta property=\"article:published_time\" content=\"2025-02-26T22:22:26+00:00\" \/>\n<meta property=\"article:modified_time\" content=\"2025-02-26T22:30:16+00:00\" \/>\n<meta property=\"og:image\" content=\"https:\/\/www.umweltaktivisten.de\/wp-content\/uploads\/2025\/02\/web_Michael-Gaida-architecture-974210_1200X683-1024x566-1.jpg\" \/>\n\t<meta property=\"og:image:width\" content=\"367\" \/>\n\t<meta property=\"og:image:height\" content=\"203\" \/>\n\t<meta property=\"og:image:type\" content=\"image\/jpeg\" \/>\n<meta name=\"author\" content=\"marita\" \/>\n<meta name=\"twitter:card\" content=\"summary_large_image\" \/>\n<meta name=\"twitter:label1\" content=\"Verfasst von\" \/>\n\t<meta name=\"twitter:data1\" content=\"marita\" \/>\n\t<meta name=\"twitter:label2\" content=\"Gesch\u00e4tzte Lesezeit\" \/>\n\t<meta name=\"twitter:data2\" content=\"2\u00a0Minuten\" \/>\n<script type=\"application\/ld+json\" class=\"yoast-schema-graph\">{\"@context\":\"https:\\\/\\\/schema.org\",\"@graph\":[{\"@type\":\"Article\",\"@id\":\"https:\\\/\\\/www.umweltaktivisten.de\\\/index.php\\\/2025\\\/02\\\/26\\\/verschleiert-die-nrw-landesregierung-ihre-untaetigkeit\\\/#article\",\"isPartOf\":{\"@id\":\"https:\\\/\\\/www.umweltaktivisten.de\\\/index.php\\\/2025\\\/02\\\/26\\\/verschleiert-die-nrw-landesregierung-ihre-untaetigkeit\\\/\"},\"author\":{\"name\":\"marita\",\"@id\":\"https:\\\/\\\/www.umweltaktivisten.de\\\/#\\\/schema\\\/person\\\/af601319cc34a906612869cf3b4fd51a\"},\"headline\":\"Verschleiert die NRW-Landesregierung ihre Unt\u00e4tigkeit?\",\"datePublished\":\"2025-02-26T22:22:26+00:00\",\"dateModified\":\"2025-02-26T22:30:16+00:00\",\"mainEntityOfPage\":{\"@id\":\"https:\\\/\\\/www.umweltaktivisten.de\\\/index.php\\\/2025\\\/02\\\/26\\\/verschleiert-die-nrw-landesregierung-ihre-untaetigkeit\\\/\"},\"wordCount\":446,\"image\":{\"@id\":\"https:\\\/\\\/www.umweltaktivisten.de\\\/index.php\\\/2025\\\/02\\\/26\\\/verschleiert-die-nrw-landesregierung-ihre-untaetigkeit\\\/#primaryimage\"},\"thumbnailUrl\":\"https:\\\/\\\/www.umweltaktivisten.de\\\/wp-content\\\/uploads\\\/2025\\\/02\\\/web_Michael-Gaida-architecture-974210_1200X683-1024x566-1.jpg\",\"articleSection\":[\"Atom\",\"Stop Westcastor\"],\"inLanguage\":\"de\"},{\"@type\":\"WebPage\",\"@id\":\"https:\\\/\\\/www.umweltaktivisten.de\\\/index.php\\\/2025\\\/02\\\/26\\\/verschleiert-die-nrw-landesregierung-ihre-untaetigkeit\\\/\",\"url\":\"https:\\\/\\\/www.umweltaktivisten.de\\\/index.php\\\/2025\\\/02\\\/26\\\/verschleiert-die-nrw-landesregierung-ihre-untaetigkeit\\\/\",\"name\":\"Verschleiert die NRW-Landesregierung ihre Unt\u00e4tigkeit? - umweltaktivisten.de\",\"isPartOf\":{\"@id\":\"https:\\\/\\\/www.umweltaktivisten.de\\\/#website\"},\"primaryImageOfPage\":{\"@id\":\"https:\\\/\\\/www.umweltaktivisten.de\\\/index.php\\\/2025\\\/02\\\/26\\\/verschleiert-die-nrw-landesregierung-ihre-untaetigkeit\\\/#primaryimage\"},\"image\":{\"@id\":\"https:\\\/\\\/www.umweltaktivisten.de\\\/index.php\\\/2025\\\/02\\\/26\\\/verschleiert-die-nrw-landesregierung-ihre-untaetigkeit\\\/#primaryimage\"},\"thumbnailUrl\":\"https:\\\/\\\/www.umweltaktivisten.de\\\/wp-content\\\/uploads\\\/2025\\\/02\\\/web_Michael-Gaida-architecture-974210_1200X683-1024x566-1.jpg\",\"datePublished\":\"2025-02-26T22:22:26+00:00\",\"dateModified\":\"2025-02-26T22:30:16+00:00\",\"author\":{\"@id\":\"https:\\\/\\\/www.umweltaktivisten.de\\\/#\\\/schema\\\/person\\\/af601319cc34a906612869cf3b4fd51a\"},\"breadcrumb\":{\"@id\":\"https:\\\/\\\/www.umweltaktivisten.de\\\/index.php\\\/2025\\\/02\\\/26\\\/verschleiert-die-nrw-landesregierung-ihre-untaetigkeit\\\/#breadcrumb\"},\"inLanguage\":\"de\",\"potentialAction\":[{\"@type\":\"ReadAction\",\"target\":[\"https:\\\/\\\/www.umweltaktivisten.de\\\/index.php\\\/2025\\\/02\\\/26\\\/verschleiert-die-nrw-landesregierung-ihre-untaetigkeit\\\/\"]}]},{\"@type\":\"ImageObject\",\"inLanguage\":\"de\",\"@id\":\"https:\\\/\\\/www.umweltaktivisten.de\\\/index.php\\\/2025\\\/02\\\/26\\\/verschleiert-die-nrw-landesregierung-ihre-untaetigkeit\\\/#primaryimage\",\"url\":\"https:\\\/\\\/www.umweltaktivisten.de\\\/wp-content\\\/uploads\\\/2025\\\/02\\\/web_Michael-Gaida-architecture-974210_1200X683-1024x566-1.jpg\",\"contentUrl\":\"https:\\\/\\\/www.umweltaktivisten.de\\\/wp-content\\\/uploads\\\/2025\\\/02\\\/web_Michael-Gaida-architecture-974210_1200X683-1024x566-1.jpg\",\"width\":367,\"height\":203,\"caption\":\"Bild: pixabay.com\"},{\"@type\":\"BreadcrumbList\",\"@id\":\"https:\\\/\\\/www.umweltaktivisten.de\\\/index.php\\\/2025\\\/02\\\/26\\\/verschleiert-die-nrw-landesregierung-ihre-untaetigkeit\\\/#breadcrumb\",\"itemListElement\":[{\"@type\":\"ListItem\",\"position\":1,\"name\":\"Home\",\"item\":\"https:\\\/\\\/www.umweltaktivisten.de\\\/\"},{\"@type\":\"ListItem\",\"position\":2,\"name\":\"Verschleiert die NRW-Landesregierung ihre Unt\u00e4tigkeit?\"}]},{\"@type\":\"WebSite\",\"@id\":\"https:\\\/\\\/www.umweltaktivisten.de\\\/#website\",\"url\":\"https:\\\/\\\/www.umweltaktivisten.de\\\/\",\"name\":\"umweltaktivisten.de\",\"description\":\"&quot;Wir haben die Erde nur von unseren Kindern geborgt&quot;\",\"potentialAction\":[{\"@type\":\"SearchAction\",\"target\":{\"@type\":\"EntryPoint\",\"urlTemplate\":\"https:\\\/\\\/www.umweltaktivisten.de\\\/?s={search_term_string}\"},\"query-input\":{\"@type\":\"PropertyValueSpecification\",\"valueRequired\":true,\"valueName\":\"search_term_string\"}}],\"inLanguage\":\"de\"},{\"@type\":\"Person\",\"@id\":\"https:\\\/\\\/www.umweltaktivisten.de\\\/#\\\/schema\\\/person\\\/af601319cc34a906612869cf3b4fd51a\",\"name\":\"marita\",\"url\":\"https:\\\/\\\/www.umweltaktivisten.de\\\/author\\\/marita\\\/\"}]}<\/script>\n<!-- \/ Yoast SEO plugin. -->","yoast_head_json":{"title":"Verschleiert die NRW-Landesregierung ihre Unt\u00e4tigkeit? - umweltaktivisten.de","robots":{"index":"index","follow":"nofollow","max-snippet":"max-snippet:-1","max-image-preview":"max-image-preview:large","max-video-preview":"max-video-preview:-1"},"canonical":"https:\/\/www.umweltaktivisten.de\/index.php\/2025\/02\/26\/verschleiert-die-nrw-landesregierung-ihre-untaetigkeit\/","og_locale":"de_DE","og_type":"article","og_title":"Verschleiert die NRW-Landesregierung ihre Unt\u00e4tigkeit? - umweltaktivisten.de","og_description":"(Beitragsbild: pixabay.com) Nicht \u00f6ffentliche Sitzung zu Castor-Transporten: Soll Geheimniskr\u00e4merei die Unt\u00e4tigkeit der schwarz-gr\u00fcnen Landesregierung verschleiern? Anti-Atomkraft-Initiativen: L\u00e4uft Zeit f\u00fcr politische L\u00f6sung ab? Die Anti-Atomkraft-Initiativen im M\u00fcnsterland und aus J\u00fclich, der BUND NRW sowie der Bundesverband B\u00fcrgerinitiativen Umweltschutz \u00fcben scharfe Kritik an der schwarz-gr\u00fcnen Landesregierung. Sie bem\u00e4ngeln die aktuelle Geheimniskr\u00e4merei bez\u00fcglich\u2026 weiter ...","og_url":"https:\/\/www.umweltaktivisten.de\/index.php\/2025\/02\/26\/verschleiert-die-nrw-landesregierung-ihre-untaetigkeit\/","og_site_name":"umweltaktivisten.de","article_published_time":"2025-02-26T22:22:26+00:00","article_modified_time":"2025-02-26T22:30:16+00:00","og_image":[{"width":367,"height":203,"url":"https:\/\/www.umweltaktivisten.de\/wp-content\/uploads\/2025\/02\/web_Michael-Gaida-architecture-974210_1200X683-1024x566-1.jpg","type":"image\/jpeg"}],"author":"marita","twitter_card":"summary_large_image","twitter_misc":{"Verfasst von":"marita","Gesch\u00e4tzte Lesezeit":"2\u00a0Minuten"},"schema":{"@context":"https:\/\/schema.org","@graph":[{"@type":"Article","@id":"https:\/\/www.umweltaktivisten.de\/index.php\/2025\/02\/26\/verschleiert-die-nrw-landesregierung-ihre-untaetigkeit\/#article","isPartOf":{"@id":"https:\/\/www.umweltaktivisten.de\/index.php\/2025\/02\/26\/verschleiert-die-nrw-landesregierung-ihre-untaetigkeit\/"},"author":{"name":"marita","@id":"https:\/\/www.umweltaktivisten.de\/#\/schema\/person\/af601319cc34a906612869cf3b4fd51a"},"headline":"Verschleiert die NRW-Landesregierung ihre Unt\u00e4tigkeit?","datePublished":"2025-02-26T22:22:26+00:00","dateModified":"2025-02-26T22:30:16+00:00","mainEntityOfPage":{"@id":"https:\/\/www.umweltaktivisten.de\/index.php\/2025\/02\/26\/verschleiert-die-nrw-landesregierung-ihre-untaetigkeit\/"},"wordCount":446,"image":{"@id":"https:\/\/www.umweltaktivisten.de\/index.php\/2025\/02\/26\/verschleiert-die-nrw-landesregierung-ihre-untaetigkeit\/#primaryimage"},"thumbnailUrl":"https:\/\/www.umweltaktivisten.de\/wp-content\/uploads\/2025\/02\/web_Michael-Gaida-architecture-974210_1200X683-1024x566-1.jpg","articleSection":["Atom","Stop Westcastor"],"inLanguage":"de"},{"@type":"WebPage","@id":"https:\/\/www.umweltaktivisten.de\/index.php\/2025\/02\/26\/verschleiert-die-nrw-landesregierung-ihre-untaetigkeit\/","url":"https:\/\/www.umweltaktivisten.de\/index.php\/2025\/02\/26\/verschleiert-die-nrw-landesregierung-ihre-untaetigkeit\/","name":"Verschleiert die NRW-Landesregierung ihre Unt\u00e4tigkeit? - umweltaktivisten.de","isPartOf":{"@id":"https:\/\/www.umweltaktivisten.de\/#website"},"primaryImageOfPage":{"@id":"https:\/\/www.umweltaktivisten.de\/index.php\/2025\/02\/26\/verschleiert-die-nrw-landesregierung-ihre-untaetigkeit\/#primaryimage"},"image":{"@id":"https:\/\/www.umweltaktivisten.de\/index.php\/2025\/02\/26\/verschleiert-die-nrw-landesregierung-ihre-untaetigkeit\/#primaryimage"},"thumbnailUrl":"https:\/\/www.umweltaktivisten.de\/wp-content\/uploads\/2025\/02\/web_Michael-Gaida-architecture-974210_1200X683-1024x566-1.jpg","datePublished":"2025-02-26T22:22:26+00:00","dateModified":"2025-02-26T22:30:16+00:00","author":{"@id":"https:\/\/www.umweltaktivisten.de\/#\/schema\/person\/af601319cc34a906612869cf3b4fd51a"},"breadcrumb":{"@id":"https:\/\/www.umweltaktivisten.de\/index.php\/2025\/02\/26\/verschleiert-die-nrw-landesregierung-ihre-untaetigkeit\/#breadcrumb"},"inLanguage":"de","potentialAction":[{"@type":"ReadAction","target":["https:\/\/www.umweltaktivisten.de\/index.php\/2025\/02\/26\/verschleiert-die-nrw-landesregierung-ihre-untaetigkeit\/"]}]},{"@type":"ImageObject","inLanguage":"de","@id":"https:\/\/www.umweltaktivisten.de\/index.php\/2025\/02\/26\/verschleiert-die-nrw-landesregierung-ihre-untaetigkeit\/#primaryimage","url":"https:\/\/www.umweltaktivisten.de\/wp-content\/uploads\/2025\/02\/web_Michael-Gaida-architecture-974210_1200X683-1024x566-1.jpg","contentUrl":"https:\/\/www.umweltaktivisten.de\/wp-content\/uploads\/2025\/02\/web_Michael-Gaida-architecture-974210_1200X683-1024x566-1.jpg","width":367,"height":203,"caption":"Bild: pixabay.com"},{"@type":"BreadcrumbList","@id":"https:\/\/www.umweltaktivisten.de\/index.php\/2025\/02\/26\/verschleiert-die-nrw-landesregierung-ihre-untaetigkeit\/#breadcrumb","itemListElement":[{"@type":"ListItem","position":1,"name":"Home","item":"https:\/\/www.umweltaktivisten.de\/"},{"@type":"ListItem","position":2,"name":"Verschleiert die NRW-Landesregierung ihre Unt\u00e4tigkeit?"}]},{"@type":"WebSite","@id":"https:\/\/www.umweltaktivisten.de\/#website","url":"https:\/\/www.umweltaktivisten.de\/","name":"umweltaktivisten.de","description":"&quot;Wir haben die Erde nur von unseren Kindern geborgt&quot;","potentialAction":[{"@type":"SearchAction","target":{"@type":"EntryPoint","urlTemplate":"https:\/\/www.umweltaktivisten.de\/?s={search_term_string}"},"query-input":{"@type":"PropertyValueSpecification","valueRequired":true,"valueName":"search_term_string"}}],"inLanguage":"de"},{"@type":"Person","@id":"https:\/\/www.umweltaktivisten.de\/#\/schema\/person\/af601319cc34a906612869cf3b4fd51a","name":"marita","url":"https:\/\/www.umweltaktivisten.de\/author\/marita\/"}]}},"_links":{"self":[{"href":"https:\/\/www.umweltaktivisten.de\/index.php\/wp-json\/wp\/v2\/posts\/5862","targetHints":{"allow":["GET"]}}],"collection":[{"href":"https:\/\/www.umweltaktivisten.de\/index.php\/wp-json\/wp\/v2\/posts"}],"about":[{"href":"https:\/\/www.umweltaktivisten.de\/index.php\/wp-json\/wp\/v2\/types\/post"}],"author":[{"embeddable":true,"href":"https:\/\/www.umweltaktivisten.de\/index.php\/wp-json\/wp\/v2\/users\/1"}],"replies":[{"embeddable":true,"href":"https:\/\/www.umweltaktivisten.de\/index.php\/wp-json\/wp\/v2\/comments?post=5862"}],"version-history":[{"count":3,"href":"https:\/\/www.umweltaktivisten.de\/index.php\/wp-json\/wp\/v2\/posts\/5862\/revisions"}],"predecessor-version":[{"id":5869,"href":"https:\/\/www.umweltaktivisten.de\/index.php\/wp-json\/wp\/v2\/posts\/5862\/revisions\/5869"}],"wp:featuredmedia":[{"embeddable":true,"href":"https:\/\/www.umweltaktivisten.de\/index.php\/wp-json\/wp\/v2\/media\/5865"}],"wp:attachment":[{"href":"https:\/\/www.umweltaktivisten.de\/index.php\/wp-json\/wp\/v2\/media?parent=5862"}],"wp:term":[{"taxonomy":"category","embeddable":true,"href":"https:\/\/www.umweltaktivisten.de\/index.php\/wp-json\/wp\/v2\/categories?post=5862"},{"taxonomy":"post_tag","embeddable":true,"href":"https:\/\/www.umweltaktivisten.de\/index.php\/wp-json\/wp\/v2\/tags?post=5862"}],"curies":[{"name":"wp","href":"https:\/\/api.w.org\/{rel}","templated":true}]}}