{"id":5729,"date":"2024-12-02T10:45:00","date_gmt":"2024-12-02T09:45:00","guid":{"rendered":"https:\/\/www.umweltaktivisten.de\/?p=5729"},"modified":"2024-12-03T20:52:55","modified_gmt":"2024-12-03T19:52:55","slug":"3-dezember-ovg-muenster-verhandelt-castor-klage-der-stadt-ahaus","status":"publish","type":"post","link":"https:\/\/www.umweltaktivisten.de\/index.php\/2024\/12\/02\/3-dezember-ovg-muenster-verhandelt-castor-klage-der-stadt-ahaus\/","title":{"rendered":"3. Dezember: OVG M\u00fcnster verhandelt Castor-Klage der Stadt Ahaus"},"content":{"rendered":"\n<p class=\"has-medium-font-size\"><strong>9 Uhr: Mahnwache am OVG M\u00fcnster, Aegidiikirchplatz<\/strong><\/p>\n\n\n\n<p><strong>\u2012 Keine Verlagerung des J\u00fclicher Atomm\u00fclls nach Ahaus<\/strong><\/p>\n\n\n\n<p><strong>\u2012 Rund 300 000 Brennelementekugeln lagern in J\u00fclich <\/strong><\/p>\n\n\n\n<p class=\"has-medium-font-size\"><strong>15. Dezember: Sonntagsspaziergang am Atomm\u00fcll-Lager Ahaus<\/strong><\/p>\n\n\n\n<figure class=\"wp-block-image size-full\"><img loading=\"lazy\" decoding=\"async\" width=\"750\" height=\"309\" src=\"https:\/\/www.umweltaktivisten.de\/wp-content\/uploads\/2024\/08\/Transpi-152-Transporte-heller.jpg\" alt=\"\" class=\"wp-image-5607\" srcset=\"https:\/\/www.umweltaktivisten.de\/wp-content\/uploads\/2024\/08\/Transpi-152-Transporte-heller.jpg 750w, https:\/\/www.umweltaktivisten.de\/wp-content\/uploads\/2024\/08\/Transpi-152-Transporte-heller-300x124.jpg 300w, https:\/\/www.umweltaktivisten.de\/wp-content\/uploads\/2024\/08\/Transpi-152-Transporte-heller-150x62.jpg 150w\" sizes=\"auto, (max-width: 750px) 100vw, 750px\" \/><\/figure>\n\n\n\n<p><\/p>\n\n\n\n<p><strong>Anti-Atomkraft-Initiativen aus Ahaus und M\u00fcnster begleiten morgen, am 3. Dezember, mit einer Mahnwache am Oberverwaltungsgericht in M\u00fcnster, Aegidiikirchplatz, ab 9 Uhr den Auftakt der Verhandlung. Das OVG pr\u00fcft die Rechtm\u00e4\u00dfigkeit einer Einlagerungsgenehmigung in Ahaus f\u00fcr hochradioaktiven Atomm\u00fcll aus J\u00fclich. Es geht um etwa 300.000 Brennelementekugeln des stillgelegten AVR-Reaktors am Forschungszentrum J\u00fclich. Diese sollen in 152 Castor-Beh\u00e4ltern \u00fcber die Autobahnen von NRW ins Atomm\u00fclllager Ahaus transportiert werden. Die Stadt Ahaus und ein Privatkl\u00e4ger haben gegen die Einlagerungsgenehmigung des Bundesamtes BASE Klage eingereicht. Das OVG M\u00fcnster hat nun eine zweit\u00e4gige m\u00fcndliche Verhandlung angesetzt. Der Beginn der Verhandlungen ist jeweils um 10 Uhr.<\/strong><\/p>\n\n\n\n<p><\/p>\n\n\n\n<blockquote class=\"wp-block-quote is-layout-flow wp-block-quote-is-layout-flow\">\n<p>\u201eWir halten die geplanten langwierigen Atomm\u00fcll-Transporte \u00fcber die Autobahnen von NRW f\u00fcr \u00fcberfl\u00fcssig und gef\u00e4hrlich. Auch das Atomm\u00fclllager in Ahaus bietet keine sichere Lagerungsm\u00f6glichkeit, zumal die jetzige Betriebsgenehmigung bereits 2036 ausl\u00e4uft und eine sichere Endlagerung noch in weiter Ferne liegt. Wir fordern deshalb sowohl von der Bundesregierung wie auch von der NRW-Landesregierung die Ert\u00fcchtigung des jetzigen Zwischenlagers in J\u00fclich f\u00fcr einen befristeten Zeitraum, um in J\u00fclich selbst ein neues Zwischenlager zu errichten. Das w\u00fcrde den Menschen und den Sicherheitsbeh\u00f6rden in NRW den brisanten Castor-Marathon \u00fcber die Autobahnen von NRW ersparen\u201c, <strong>erkl\u00e4rte Felix Ruwe von der BI \u201eKein Atomm\u00fcll in Ahaus\u201c.<\/strong><\/p>\n<\/blockquote>\n\n\n\n<blockquote class=\"wp-block-quote is-layout-flow wp-block-quote-is-layout-flow\">\n<p>&nbsp;\u201eDie Castor-Pl\u00e4ne f\u00fcr J\u00fclich wurden schon 2009 bekannt. Es hat sich gezeigt, dass Castor-Transporte nach Ahaus tats\u00e4chlich die langsamste und die gef\u00e4hrlichste Variante sind. Schon die Probe-Transporte im vergangenen Jahr offenbarten viele Probleme. So kam der leere Castor-LKW mitten in einem langen Polizei-Konvoi im vergangenen November im Autobahnkreuz Kaiserberg von der vorgegebenen Route ab. Bekannt sind auch die vielen Probleme mit maroden Autobahn-Abschnitten, Br\u00fccken und Tunneln rund um das Ruhrgebiet. Von daher halten wir die Durchf\u00fchrung dieser 152 Castor-Transporte f\u00fcr unverantwortlich<strong>\u201c, erg\u00e4nzte Peter Bastian vom Aktionsb\u00fcndnis M\u00fcnsterland gegen Atomanlagen.<\/strong><\/p>\n<\/blockquote>\n\n\n\n<p><strong>Unabh\u00e4ngig vom Ausgang des jetzigen OVG-Verfahrens rufen die Anti-Atomkraft-Initiativen f\u00fcr Sonntag, 15. Dezember, um 14 Uhr zu einem Sonntagsspaziergang am Atomm\u00fcll-Lager in Ahaus-Ammeln auf.<\/strong> <strong>Dabei geht es auch um die Vorbereitung m\u00f6glicher Proteste, sollten f\u00fcr Anfang 2025 tats\u00e4chlich erste Castor-Transporte geplant sein.<\/strong> <strong>Au\u00dferdem feiern die Initiativen ein kleines Jubil\u00e4um: Der erste Anti-Atom-Sonntagsspaziergang in Ahaus fand genau vor 30 Jahren, im Dezember 1994, statt.<\/strong><\/p>\n\n\n\n<p><\/p>\n\n\n\n<p><\/p>\n\n\n\n<p><\/p>\n\n\n\n<p><br>&nbsp;<\/p>\n\n\n\n<p><br><br><\/p>\n","protected":false},"excerpt":{"rendered":"<p>9 Uhr: Mahnwache am OVG M\u00fcnster, Aegidiikirchplatz \u2012 Keine Verlagerung des J\u00fclicher Atomm\u00fclls nach Ahaus \u2012 Rund 300 000 Brennelementekugeln lagern in J\u00fclich 15. Dezember: Sonntagsspaziergang am Atomm\u00fcll-Lager Ahaus Anti-Atomkraft-Initiativen aus Ahaus und M\u00fcnster begleiten morgen, am 3. Dezember, mit einer Mahnwache am Oberverwaltungsgericht in M\u00fcnster, Aegidiikirchplatz, ab 9 Uhr\u2026<\/p>\n<p class=\"continue-reading-button\"> <a class=\"continue-reading-link\" href=\"https:\/\/www.umweltaktivisten.de\/index.php\/2024\/12\/02\/3-dezember-ovg-muenster-verhandelt-castor-klage-der-stadt-ahaus\/\">weiter &#8230;<i class=\"crycon-right-dir\"><\/i><\/a><\/p>\n","protected":false},"author":1,"featured_media":5611,"comment_status":"closed","ping_status":"closed","sticky":false,"template":"","format":"standard","meta":{"footnotes":""},"categories":[21,10],"tags":[159,296],"class_list":["post-5729","post","type-post","status-publish","format-standard","has-post-thumbnail","hentry","category-atom","category-stop-westcastor","tag-ahaus-juelich","tag-juelicher-atommuell"],"yoast_head":"<!-- This site is optimized with the Yoast SEO plugin v27.5 - https:\/\/yoast.com\/product\/yoast-seo-wordpress\/ -->\n<title>3. Dezember: OVG M\u00fcnster verhandelt Castor-Klage der Stadt Ahaus - umweltaktivisten.de<\/title>\n<meta name=\"robots\" content=\"index, follow, max-snippet:-1, max-image-preview:large, max-video-preview:-1\" \/>\n<link rel=\"canonical\" href=\"https:\/\/www.umweltaktivisten.de\/index.php\/2024\/12\/02\/3-dezember-ovg-muenster-verhandelt-castor-klage-der-stadt-ahaus\/\" \/>\n<meta property=\"og:locale\" content=\"de_DE\" \/>\n<meta property=\"og:type\" content=\"article\" \/>\n<meta property=\"og:title\" content=\"3. Dezember: OVG M\u00fcnster verhandelt Castor-Klage der Stadt Ahaus - umweltaktivisten.de\" \/>\n<meta property=\"og:description\" content=\"9 Uhr: Mahnwache am OVG M\u00fcnster, Aegidiikirchplatz \u2012 Keine Verlagerung des J\u00fclicher Atomm\u00fclls nach Ahaus \u2012 Rund 300 000 Brennelementekugeln lagern in J\u00fclich 15. Dezember: Sonntagsspaziergang am Atomm\u00fcll-Lager Ahaus Anti-Atomkraft-Initiativen aus Ahaus und M\u00fcnster begleiten morgen, am 3. Dezember, mit einer Mahnwache am Oberverwaltungsgericht in M\u00fcnster, Aegidiikirchplatz, ab 9 Uhr\u2026 weiter ...\" \/>\n<meta property=\"og:url\" content=\"https:\/\/www.umweltaktivisten.de\/index.php\/2024\/12\/02\/3-dezember-ovg-muenster-verhandelt-castor-klage-der-stadt-ahaus\/\" \/>\n<meta property=\"og:site_name\" content=\"umweltaktivisten.de\" \/>\n<meta property=\"article:published_time\" content=\"2024-12-02T09:45:00+00:00\" \/>\n<meta property=\"article:modified_time\" content=\"2024-12-03T19:52:55+00:00\" \/>\n<meta property=\"og:image\" content=\"https:\/\/www.umweltaktivisten.de\/wp-content\/uploads\/2024\/08\/web_Transpi-152-Transporte-heller-ok_.jpg\" \/>\n\t<meta property=\"og:image:width\" content=\"388\" \/>\n\t<meta property=\"og:image:height\" content=\"163\" \/>\n\t<meta property=\"og:image:type\" content=\"image\/jpeg\" \/>\n<meta name=\"author\" content=\"marita\" \/>\n<meta name=\"twitter:card\" content=\"summary_large_image\" \/>\n<meta name=\"twitter:label1\" content=\"Verfasst von\" \/>\n\t<meta name=\"twitter:data1\" content=\"marita\" \/>\n\t<meta name=\"twitter:label2\" content=\"Gesch\u00e4tzte Lesezeit\" \/>\n\t<meta name=\"twitter:data2\" content=\"2\u00a0Minuten\" \/>\n<script type=\"application\/ld+json\" class=\"yoast-schema-graph\">{\"@context\":\"https:\\\/\\\/schema.org\",\"@graph\":[{\"@type\":\"Article\",\"@id\":\"https:\\\/\\\/www.umweltaktivisten.de\\\/index.php\\\/2024\\\/12\\\/02\\\/3-dezember-ovg-muenster-verhandelt-castor-klage-der-stadt-ahaus\\\/#article\",\"isPartOf\":{\"@id\":\"https:\\\/\\\/www.umweltaktivisten.de\\\/index.php\\\/2024\\\/12\\\/02\\\/3-dezember-ovg-muenster-verhandelt-castor-klage-der-stadt-ahaus\\\/\"},\"author\":{\"name\":\"marita\",\"@id\":\"https:\\\/\\\/www.umweltaktivisten.de\\\/#\\\/schema\\\/person\\\/af601319cc34a906612869cf3b4fd51a\"},\"headline\":\"3. Dezember: OVG M\u00fcnster verhandelt Castor-Klage der Stadt Ahaus\",\"datePublished\":\"2024-12-02T09:45:00+00:00\",\"dateModified\":\"2024-12-03T19:52:55+00:00\",\"mainEntityOfPage\":{\"@id\":\"https:\\\/\\\/www.umweltaktivisten.de\\\/index.php\\\/2024\\\/12\\\/02\\\/3-dezember-ovg-muenster-verhandelt-castor-klage-der-stadt-ahaus\\\/\"},\"wordCount\":426,\"image\":{\"@id\":\"https:\\\/\\\/www.umweltaktivisten.de\\\/index.php\\\/2024\\\/12\\\/02\\\/3-dezember-ovg-muenster-verhandelt-castor-klage-der-stadt-ahaus\\\/#primaryimage\"},\"thumbnailUrl\":\"https:\\\/\\\/www.umweltaktivisten.de\\\/wp-content\\\/uploads\\\/2024\\\/08\\\/web_Transpi-152-Transporte-heller-ok_.jpg\",\"keywords\":[\"Ahaus - J\u00fclich\",\"J\u00fclicher Atomm\u00fcll\"],\"articleSection\":[\"Atom\",\"Stop Westcastor\"],\"inLanguage\":\"de\"},{\"@type\":\"WebPage\",\"@id\":\"https:\\\/\\\/www.umweltaktivisten.de\\\/index.php\\\/2024\\\/12\\\/02\\\/3-dezember-ovg-muenster-verhandelt-castor-klage-der-stadt-ahaus\\\/\",\"url\":\"https:\\\/\\\/www.umweltaktivisten.de\\\/index.php\\\/2024\\\/12\\\/02\\\/3-dezember-ovg-muenster-verhandelt-castor-klage-der-stadt-ahaus\\\/\",\"name\":\"3. Dezember: OVG M\u00fcnster verhandelt Castor-Klage der Stadt Ahaus - umweltaktivisten.de\",\"isPartOf\":{\"@id\":\"https:\\\/\\\/www.umweltaktivisten.de\\\/#website\"},\"primaryImageOfPage\":{\"@id\":\"https:\\\/\\\/www.umweltaktivisten.de\\\/index.php\\\/2024\\\/12\\\/02\\\/3-dezember-ovg-muenster-verhandelt-castor-klage-der-stadt-ahaus\\\/#primaryimage\"},\"image\":{\"@id\":\"https:\\\/\\\/www.umweltaktivisten.de\\\/index.php\\\/2024\\\/12\\\/02\\\/3-dezember-ovg-muenster-verhandelt-castor-klage-der-stadt-ahaus\\\/#primaryimage\"},\"thumbnailUrl\":\"https:\\\/\\\/www.umweltaktivisten.de\\\/wp-content\\\/uploads\\\/2024\\\/08\\\/web_Transpi-152-Transporte-heller-ok_.jpg\",\"datePublished\":\"2024-12-02T09:45:00+00:00\",\"dateModified\":\"2024-12-03T19:52:55+00:00\",\"author\":{\"@id\":\"https:\\\/\\\/www.umweltaktivisten.de\\\/#\\\/schema\\\/person\\\/af601319cc34a906612869cf3b4fd51a\"},\"breadcrumb\":{\"@id\":\"https:\\\/\\\/www.umweltaktivisten.de\\\/index.php\\\/2024\\\/12\\\/02\\\/3-dezember-ovg-muenster-verhandelt-castor-klage-der-stadt-ahaus\\\/#breadcrumb\"},\"inLanguage\":\"de\",\"potentialAction\":[{\"@type\":\"ReadAction\",\"target\":[\"https:\\\/\\\/www.umweltaktivisten.de\\\/index.php\\\/2024\\\/12\\\/02\\\/3-dezember-ovg-muenster-verhandelt-castor-klage-der-stadt-ahaus\\\/\"]}]},{\"@type\":\"ImageObject\",\"inLanguage\":\"de\",\"@id\":\"https:\\\/\\\/www.umweltaktivisten.de\\\/index.php\\\/2024\\\/12\\\/02\\\/3-dezember-ovg-muenster-verhandelt-castor-klage-der-stadt-ahaus\\\/#primaryimage\",\"url\":\"https:\\\/\\\/www.umweltaktivisten.de\\\/wp-content\\\/uploads\\\/2024\\\/08\\\/web_Transpi-152-Transporte-heller-ok_.jpg\",\"contentUrl\":\"https:\\\/\\\/www.umweltaktivisten.de\\\/wp-content\\\/uploads\\\/2024\\\/08\\\/web_Transpi-152-Transporte-heller-ok_.jpg\",\"width\":388,\"height\":163},{\"@type\":\"BreadcrumbList\",\"@id\":\"https:\\\/\\\/www.umweltaktivisten.de\\\/index.php\\\/2024\\\/12\\\/02\\\/3-dezember-ovg-muenster-verhandelt-castor-klage-der-stadt-ahaus\\\/#breadcrumb\",\"itemListElement\":[{\"@type\":\"ListItem\",\"position\":1,\"name\":\"Home\",\"item\":\"https:\\\/\\\/www.umweltaktivisten.de\\\/\"},{\"@type\":\"ListItem\",\"position\":2,\"name\":\"3. Dezember: OVG M\u00fcnster verhandelt Castor-Klage der Stadt Ahaus\"}]},{\"@type\":\"WebSite\",\"@id\":\"https:\\\/\\\/www.umweltaktivisten.de\\\/#website\",\"url\":\"https:\\\/\\\/www.umweltaktivisten.de\\\/\",\"name\":\"umweltaktivisten.de\",\"description\":\"&quot;Wir haben die Erde nur von unseren Kindern geborgt&quot;\",\"potentialAction\":[{\"@type\":\"SearchAction\",\"target\":{\"@type\":\"EntryPoint\",\"urlTemplate\":\"https:\\\/\\\/www.umweltaktivisten.de\\\/?s={search_term_string}\"},\"query-input\":{\"@type\":\"PropertyValueSpecification\",\"valueRequired\":true,\"valueName\":\"search_term_string\"}}],\"inLanguage\":\"de\"},{\"@type\":\"Person\",\"@id\":\"https:\\\/\\\/www.umweltaktivisten.de\\\/#\\\/schema\\\/person\\\/af601319cc34a906612869cf3b4fd51a\",\"name\":\"marita\",\"url\":\"https:\\\/\\\/www.umweltaktivisten.de\\\/author\\\/marita\\\/\"}]}<\/script>\n<!-- \/ Yoast SEO plugin. -->","yoast_head_json":{"title":"3. Dezember: OVG M\u00fcnster verhandelt Castor-Klage der Stadt Ahaus - umweltaktivisten.de","robots":{"index":"index","follow":"follow","max-snippet":"max-snippet:-1","max-image-preview":"max-image-preview:large","max-video-preview":"max-video-preview:-1"},"canonical":"https:\/\/www.umweltaktivisten.de\/index.php\/2024\/12\/02\/3-dezember-ovg-muenster-verhandelt-castor-klage-der-stadt-ahaus\/","og_locale":"de_DE","og_type":"article","og_title":"3. Dezember: OVG M\u00fcnster verhandelt Castor-Klage der Stadt Ahaus - umweltaktivisten.de","og_description":"9 Uhr: Mahnwache am OVG M\u00fcnster, Aegidiikirchplatz \u2012 Keine Verlagerung des J\u00fclicher Atomm\u00fclls nach Ahaus \u2012 Rund 300 000 Brennelementekugeln lagern in J\u00fclich 15. Dezember: Sonntagsspaziergang am Atomm\u00fcll-Lager Ahaus Anti-Atomkraft-Initiativen aus Ahaus und M\u00fcnster begleiten morgen, am 3. Dezember, mit einer Mahnwache am Oberverwaltungsgericht in M\u00fcnster, Aegidiikirchplatz, ab 9 Uhr\u2026 weiter ...","og_url":"https:\/\/www.umweltaktivisten.de\/index.php\/2024\/12\/02\/3-dezember-ovg-muenster-verhandelt-castor-klage-der-stadt-ahaus\/","og_site_name":"umweltaktivisten.de","article_published_time":"2024-12-02T09:45:00+00:00","article_modified_time":"2024-12-03T19:52:55+00:00","og_image":[{"width":388,"height":163,"url":"https:\/\/www.umweltaktivisten.de\/wp-content\/uploads\/2024\/08\/web_Transpi-152-Transporte-heller-ok_.jpg","type":"image\/jpeg"}],"author":"marita","twitter_card":"summary_large_image","twitter_misc":{"Verfasst von":"marita","Gesch\u00e4tzte Lesezeit":"2\u00a0Minuten"},"schema":{"@context":"https:\/\/schema.org","@graph":[{"@type":"Article","@id":"https:\/\/www.umweltaktivisten.de\/index.php\/2024\/12\/02\/3-dezember-ovg-muenster-verhandelt-castor-klage-der-stadt-ahaus\/#article","isPartOf":{"@id":"https:\/\/www.umweltaktivisten.de\/index.php\/2024\/12\/02\/3-dezember-ovg-muenster-verhandelt-castor-klage-der-stadt-ahaus\/"},"author":{"name":"marita","@id":"https:\/\/www.umweltaktivisten.de\/#\/schema\/person\/af601319cc34a906612869cf3b4fd51a"},"headline":"3. Dezember: OVG M\u00fcnster verhandelt Castor-Klage der Stadt Ahaus","datePublished":"2024-12-02T09:45:00+00:00","dateModified":"2024-12-03T19:52:55+00:00","mainEntityOfPage":{"@id":"https:\/\/www.umweltaktivisten.de\/index.php\/2024\/12\/02\/3-dezember-ovg-muenster-verhandelt-castor-klage-der-stadt-ahaus\/"},"wordCount":426,"image":{"@id":"https:\/\/www.umweltaktivisten.de\/index.php\/2024\/12\/02\/3-dezember-ovg-muenster-verhandelt-castor-klage-der-stadt-ahaus\/#primaryimage"},"thumbnailUrl":"https:\/\/www.umweltaktivisten.de\/wp-content\/uploads\/2024\/08\/web_Transpi-152-Transporte-heller-ok_.jpg","keywords":["Ahaus - J\u00fclich","J\u00fclicher Atomm\u00fcll"],"articleSection":["Atom","Stop Westcastor"],"inLanguage":"de"},{"@type":"WebPage","@id":"https:\/\/www.umweltaktivisten.de\/index.php\/2024\/12\/02\/3-dezember-ovg-muenster-verhandelt-castor-klage-der-stadt-ahaus\/","url":"https:\/\/www.umweltaktivisten.de\/index.php\/2024\/12\/02\/3-dezember-ovg-muenster-verhandelt-castor-klage-der-stadt-ahaus\/","name":"3. Dezember: OVG M\u00fcnster verhandelt Castor-Klage der Stadt Ahaus - umweltaktivisten.de","isPartOf":{"@id":"https:\/\/www.umweltaktivisten.de\/#website"},"primaryImageOfPage":{"@id":"https:\/\/www.umweltaktivisten.de\/index.php\/2024\/12\/02\/3-dezember-ovg-muenster-verhandelt-castor-klage-der-stadt-ahaus\/#primaryimage"},"image":{"@id":"https:\/\/www.umweltaktivisten.de\/index.php\/2024\/12\/02\/3-dezember-ovg-muenster-verhandelt-castor-klage-der-stadt-ahaus\/#primaryimage"},"thumbnailUrl":"https:\/\/www.umweltaktivisten.de\/wp-content\/uploads\/2024\/08\/web_Transpi-152-Transporte-heller-ok_.jpg","datePublished":"2024-12-02T09:45:00+00:00","dateModified":"2024-12-03T19:52:55+00:00","author":{"@id":"https:\/\/www.umweltaktivisten.de\/#\/schema\/person\/af601319cc34a906612869cf3b4fd51a"},"breadcrumb":{"@id":"https:\/\/www.umweltaktivisten.de\/index.php\/2024\/12\/02\/3-dezember-ovg-muenster-verhandelt-castor-klage-der-stadt-ahaus\/#breadcrumb"},"inLanguage":"de","potentialAction":[{"@type":"ReadAction","target":["https:\/\/www.umweltaktivisten.de\/index.php\/2024\/12\/02\/3-dezember-ovg-muenster-verhandelt-castor-klage-der-stadt-ahaus\/"]}]},{"@type":"ImageObject","inLanguage":"de","@id":"https:\/\/www.umweltaktivisten.de\/index.php\/2024\/12\/02\/3-dezember-ovg-muenster-verhandelt-castor-klage-der-stadt-ahaus\/#primaryimage","url":"https:\/\/www.umweltaktivisten.de\/wp-content\/uploads\/2024\/08\/web_Transpi-152-Transporte-heller-ok_.jpg","contentUrl":"https:\/\/www.umweltaktivisten.de\/wp-content\/uploads\/2024\/08\/web_Transpi-152-Transporte-heller-ok_.jpg","width":388,"height":163},{"@type":"BreadcrumbList","@id":"https:\/\/www.umweltaktivisten.de\/index.php\/2024\/12\/02\/3-dezember-ovg-muenster-verhandelt-castor-klage-der-stadt-ahaus\/#breadcrumb","itemListElement":[{"@type":"ListItem","position":1,"name":"Home","item":"https:\/\/www.umweltaktivisten.de\/"},{"@type":"ListItem","position":2,"name":"3. Dezember: OVG M\u00fcnster verhandelt Castor-Klage der Stadt Ahaus"}]},{"@type":"WebSite","@id":"https:\/\/www.umweltaktivisten.de\/#website","url":"https:\/\/www.umweltaktivisten.de\/","name":"umweltaktivisten.de","description":"&quot;Wir haben die Erde nur von unseren Kindern geborgt&quot;","potentialAction":[{"@type":"SearchAction","target":{"@type":"EntryPoint","urlTemplate":"https:\/\/www.umweltaktivisten.de\/?s={search_term_string}"},"query-input":{"@type":"PropertyValueSpecification","valueRequired":true,"valueName":"search_term_string"}}],"inLanguage":"de"},{"@type":"Person","@id":"https:\/\/www.umweltaktivisten.de\/#\/schema\/person\/af601319cc34a906612869cf3b4fd51a","name":"marita","url":"https:\/\/www.umweltaktivisten.de\/author\/marita\/"}]}},"_links":{"self":[{"href":"https:\/\/www.umweltaktivisten.de\/index.php\/wp-json\/wp\/v2\/posts\/5729","targetHints":{"allow":["GET"]}}],"collection":[{"href":"https:\/\/www.umweltaktivisten.de\/index.php\/wp-json\/wp\/v2\/posts"}],"about":[{"href":"https:\/\/www.umweltaktivisten.de\/index.php\/wp-json\/wp\/v2\/types\/post"}],"author":[{"embeddable":true,"href":"https:\/\/www.umweltaktivisten.de\/index.php\/wp-json\/wp\/v2\/users\/1"}],"replies":[{"embeddable":true,"href":"https:\/\/www.umweltaktivisten.de\/index.php\/wp-json\/wp\/v2\/comments?post=5729"}],"version-history":[{"count":3,"href":"https:\/\/www.umweltaktivisten.de\/index.php\/wp-json\/wp\/v2\/posts\/5729\/revisions"}],"predecessor-version":[{"id":5732,"href":"https:\/\/www.umweltaktivisten.de\/index.php\/wp-json\/wp\/v2\/posts\/5729\/revisions\/5732"}],"wp:featuredmedia":[{"embeddable":true,"href":"https:\/\/www.umweltaktivisten.de\/index.php\/wp-json\/wp\/v2\/media\/5611"}],"wp:attachment":[{"href":"https:\/\/www.umweltaktivisten.de\/index.php\/wp-json\/wp\/v2\/media?parent=5729"}],"wp:term":[{"taxonomy":"category","embeddable":true,"href":"https:\/\/www.umweltaktivisten.de\/index.php\/wp-json\/wp\/v2\/categories?post=5729"},{"taxonomy":"post_tag","embeddable":true,"href":"https:\/\/www.umweltaktivisten.de\/index.php\/wp-json\/wp\/v2\/tags?post=5729"}],"curies":[{"name":"wp","href":"https:\/\/api.w.org\/{rel}","templated":true}]}}