{"id":5640,"date":"2024-08-25T20:29:16","date_gmt":"2024-08-25T18:29:16","guid":{"rendered":"https:\/\/www.umweltaktivisten.de\/?p=5640"},"modified":"2024-08-25T20:32:01","modified_gmt":"2024-08-25T18:32:01","slug":"juelich-aktion-gegen-castor-transporte","status":"publish","type":"post","link":"https:\/\/www.umweltaktivisten.de\/index.php\/2024\/08\/25\/juelich-aktion-gegen-castor-transporte\/","title":{"rendered":"J\u00fclich: Aktion gegen Castor-Transporte"},"content":{"rendered":"\n<p>(Beitragsbild: Hubert Perschke)<\/p>\n\n\n\n<p class=\"has-medium-font-size\">Komm zur Aktion gegen Castortransporte in J\u00fclich am 29.08.2024!<\/p>\n\n\n\n<ul class=\"wp-block-list has-medium-font-size\">\n<li>WANN: Donnerstag, 29. August, 17:15 Uhr<\/li>\n\n\n\n<li>TREFFPUNKT: J\u00fclich, Kulturbahnhof (Kuba), Bahnhofstra\u00dfe 13, 52428 J\u00fclich <\/li>\n\n\n\n<li>Wir werden kritische Fragen am Info-Abend stellen!<\/li>\n<\/ul>\n\n\n\n<p><\/p>\n\n\n\n<div class=\"wp-block-buttons is-layout-flex wp-block-buttons-is-layout-flex\">\n<div class=\"wp-block-button\"><a class=\"wp-block-button__link wp-element-button\" href=\"https:\/\/www.herzog-magazin.de\/event\/jen-informiert-ueber-raeumung-der-brennelemente\/\" target=\"_blank\" rel=\"noreferrer noopener nofollow\">JEN: Info-Abend &#8222;AVR-Brennelemente &#8211; Stand der R\u00e4umungsoption<\/a><\/div>\n<\/div>\n\n\n\n<p><\/p>\n\n\n<div class=\"wp-block-image\">\n<figure class=\"alignleft size-full\"><img decoding=\"async\" src=\"https:\/\/www.westcastor.org\/wp-content\/uploads\/2024\/03\/web-Strecke.jpg\" alt=\"\" class=\"wp-image-5395\"\/><\/figure>\n<\/div>\n\n\n<p><\/p>\n\n\n\n<p><strong>Immer noch drohen 152 Castortransporte quer durch NRW \u2013 vom Zwischenlager in J\u00fclich ins Zwischenlager nach Ahaus. Dabei sind die Transporte nicht nur gef\u00e4hrlich, wie auch ein neues <a href=\"https:\/\/www.ausgestrahlt.de\/kurzgutachten-oda-becker\/\" target=\"_blank\" rel=\"noreferrer noopener nofollow\">Kurzgutachten<\/a> der renommierten Wissenschaftlerin Dipl.-Phys. Oda Becker zeigt, sondern auch absolut \u00fcberfl\u00fcssig.<\/strong> Denn in Ahaus k\u00f6nnen die hochradioaktiven Hinterlassenschaften auch nicht bleiben, das dortige Zwischenlager hat nur eine Genehmigung bis 2036. Au\u00dferdem steht in Ahaus nicht die n\u00f6tige Technik zur Verf\u00fcgung, um den M\u00fcll f\u00fcr die Endlagerung vorzubereiten.<\/p>\n\n\n\n<p>Hinzu kommt, dass der Grund, warum der M\u00fcll per R\u00e4umungsverf\u00fcgung aus J\u00fclich weg muss, mittlerweile nicht mehr existiert. Der Betreiber konnte damals die Erdbebensicherheit nicht nachweisen, weswegen 2014 die NRW-Atomaufsicht anordnete, das Lager unverz\u00fcglich zu r\u00e4umen. <strong>Mittlerweile liegt der geforderte Nachweis vor. Wie ein ebenfalls von .ausgestrahlt in Auftrag gegebenes <a href=\"https:\/\/ausgestrahlt.de\/gutachten-juelich\" target=\"_blank\" rel=\"noreferrer noopener nofollow\">Rechtsgutachten<\/a> belegt, kann die NRW-Atomaufsicht die R\u00e4umungsverf\u00fcgung rechtssicher aussetzen. Ferner erkl\u00e4rt das Gutachten, dass der Verbleib der Castoren im Zwischenlager J\u00fclich f\u00fcr die Bev\u00f6lkerung deutlich sicherer w\u00e4re. <\/strong>Warum also sind die Pl\u00e4ne f\u00fcr den gef\u00e4hrlichen Verschiebe-Wahnsinn nicht l\u00e4ngst vom Tisch und forciert die Betreiberin des Zwischenlagers mit aller Macht den Abtransport?<\/p>\n\n\n\n<p><mark style=\"background-color:#fcd700\" class=\"has-inline-color\"><strong>Eine Gelegenheit, diese und andere brennende Fragen zu stellen, bietet sich Dir n\u00e4chste Woche Donnerstag. Am 29. August macht die Betreiberin, die JEN (J\u00fclicher Entsorgungsgesellschaft f\u00fcr Nuklearanlagen), in J\u00fclich einen sogenannten \u201eInfoabend\u201c. Hier m\u00f6chte sie \u201e\u00fcber den aktuellen Stand der R\u00e4umungsoptionen\u201c informieren.<\/strong><\/mark><\/p>\n\n\n\n<p>.<strong>ausgestrahlt wird ebenfalls vor Ort sein und fordert dabei von allen Beteiligten den sofortigen Stopp der Planungen zu den Castortransporten. Wir werden au\u00dferdem ein eindr\u00fcckliches Aktionsbild vor dem Veranstaltungsort stellen und die Presse dorthin einladen. Komm auch Du dazu und zeige, dass Du mit den drohenden Castortransporten nicht einverstanden bist \u2013 und bring Deine Anti-Atom-Fahne mit.<\/strong><\/p>\n\n\n\n<p>Hier findest Du alle <strong><a href=\"https:\/\/www.ausgestrahlt.de\/themen\/atommuell\/hochradioaktiv\/zwischenlagerung\/castortransporte-vom-zwischenlager-julich-nach-ahaus\/\" target=\"_blank\" rel=\"noreferrer noopener nofollow\">Hintergrundinformationen zu den geplanten Castortransporten<\/a>.<\/strong><\/p>\n\n\n\n<p>(Quelle: ausgestrahlt.de)<\/p>\n","protected":false},"excerpt":{"rendered":"<p>(Beitragsbild: Hubert Perschke) Komm zur Aktion gegen Castortransporte in J\u00fclich am 29.08.2024! Immer noch drohen 152 Castortransporte quer durch NRW \u2013 vom Zwischenlager in J\u00fclich ins Zwischenlager nach Ahaus. Dabei sind die Transporte nicht nur gef\u00e4hrlich, wie auch ein neues Kurzgutachten der renommierten Wissenschaftlerin Dipl.-Phys. Oda Becker zeigt, sondern auch\u2026<\/p>\n<p class=\"continue-reading-button\"> <a class=\"continue-reading-link\" href=\"https:\/\/www.umweltaktivisten.de\/index.php\/2024\/08\/25\/juelich-aktion-gegen-castor-transporte\/\">weiter &#8230;<i class=\"crycon-right-dir\"><\/i><\/a><\/p>\n","protected":false},"author":1,"featured_media":5337,"comment_status":"closed","ping_status":"closed","sticky":false,"template":"","format":"standard","meta":{"footnotes":""},"categories":[94,1,21,8,10],"tags":[],"class_list":["post-5640","post","type-post","status-publish","format-standard","has-post-thumbnail","hentry","category-aktuelles","category-allgemein","category-atom","category-ausgestrahlt","category-stop-westcastor"],"yoast_head":"<!-- This site is optimized with the Yoast SEO plugin v27.4 - https:\/\/yoast.com\/product\/yoast-seo-wordpress\/ -->\n<title>J\u00fclich: Aktion gegen Castor-Transporte - umweltaktivisten.de<\/title>\n<meta name=\"robots\" content=\"index, nofollow, max-snippet:-1, max-image-preview:large, max-video-preview:-1\" \/>\n<link rel=\"canonical\" href=\"https:\/\/www.umweltaktivisten.de\/index.php\/2024\/08\/25\/juelich-aktion-gegen-castor-transporte\/\" \/>\n<meta property=\"og:locale\" content=\"de_DE\" \/>\n<meta property=\"og:type\" content=\"article\" \/>\n<meta property=\"og:title\" content=\"J\u00fclich: Aktion gegen Castor-Transporte - umweltaktivisten.de\" \/>\n<meta property=\"og:description\" content=\"(Beitragsbild: Hubert Perschke) Komm zur Aktion gegen Castortransporte in J\u00fclich am 29.08.2024! Immer noch drohen 152 Castortransporte quer durch NRW \u2013 vom Zwischenlager in J\u00fclich ins Zwischenlager nach Ahaus. Dabei sind die Transporte nicht nur gef\u00e4hrlich, wie auch ein neues Kurzgutachten der renommierten Wissenschaftlerin Dipl.-Phys. Oda Becker zeigt, sondern auch\u2026 weiter ...\" \/>\n<meta property=\"og:url\" content=\"https:\/\/www.umweltaktivisten.de\/index.php\/2024\/08\/25\/juelich-aktion-gegen-castor-transporte\/\" \/>\n<meta property=\"og:site_name\" content=\"umweltaktivisten.de\" \/>\n<meta property=\"article:published_time\" content=\"2024-08-25T18:29:16+00:00\" \/>\n<meta property=\"article:modified_time\" content=\"2024-08-25T18:32:01+00:00\" \/>\n<meta property=\"og:image\" content=\"https:\/\/www.umweltaktivisten.de\/wp-content\/uploads\/2023\/10\/w_20231015_Hubert_Perschke_web.jpg\" \/>\n\t<meta property=\"og:image:width\" content=\"303\" \/>\n\t<meta property=\"og:image:height\" content=\"202\" \/>\n\t<meta property=\"og:image:type\" content=\"image\/jpeg\" \/>\n<meta name=\"author\" content=\"marita\" \/>\n<meta name=\"twitter:card\" content=\"summary_large_image\" \/>\n<meta name=\"twitter:label1\" content=\"Verfasst von\" \/>\n\t<meta name=\"twitter:data1\" content=\"marita\" \/>\n\t<meta name=\"twitter:label2\" content=\"Gesch\u00e4tzte Lesezeit\" \/>\n\t<meta name=\"twitter:data2\" content=\"3\u00a0Minuten\" \/>\n<script type=\"application\/ld+json\" class=\"yoast-schema-graph\">{\"@context\":\"https:\\\/\\\/schema.org\",\"@graph\":[{\"@type\":\"Article\",\"@id\":\"https:\\\/\\\/www.umweltaktivisten.de\\\/index.php\\\/2024\\\/08\\\/25\\\/juelich-aktion-gegen-castor-transporte\\\/#article\",\"isPartOf\":{\"@id\":\"https:\\\/\\\/www.umweltaktivisten.de\\\/index.php\\\/2024\\\/08\\\/25\\\/juelich-aktion-gegen-castor-transporte\\\/\"},\"author\":{\"name\":\"marita\",\"@id\":\"https:\\\/\\\/www.umweltaktivisten.de\\\/#\\\/schema\\\/person\\\/af601319cc34a906612869cf3b4fd51a\"},\"headline\":\"J\u00fclich: Aktion gegen Castor-Transporte\",\"datePublished\":\"2024-08-25T18:29:16+00:00\",\"dateModified\":\"2024-08-25T18:32:01+00:00\",\"mainEntityOfPage\":{\"@id\":\"https:\\\/\\\/www.umweltaktivisten.de\\\/index.php\\\/2024\\\/08\\\/25\\\/juelich-aktion-gegen-castor-transporte\\\/\"},\"wordCount\":361,\"image\":{\"@id\":\"https:\\\/\\\/www.umweltaktivisten.de\\\/index.php\\\/2024\\\/08\\\/25\\\/juelich-aktion-gegen-castor-transporte\\\/#primaryimage\"},\"thumbnailUrl\":\"https:\\\/\\\/www.umweltaktivisten.de\\\/wp-content\\\/uploads\\\/2023\\\/10\\\/w_20231015_Hubert_Perschke_web.jpg\",\"articleSection\":{\"0\":\"Aktuelles\",\"2\":\"Atom\",\"3\":\"ausgestrahlt\",\"4\":\"Stop Westcastor\"},\"inLanguage\":\"de\"},{\"@type\":\"WebPage\",\"@id\":\"https:\\\/\\\/www.umweltaktivisten.de\\\/index.php\\\/2024\\\/08\\\/25\\\/juelich-aktion-gegen-castor-transporte\\\/\",\"url\":\"https:\\\/\\\/www.umweltaktivisten.de\\\/index.php\\\/2024\\\/08\\\/25\\\/juelich-aktion-gegen-castor-transporte\\\/\",\"name\":\"J\u00fclich: Aktion gegen Castor-Transporte - umweltaktivisten.de\",\"isPartOf\":{\"@id\":\"https:\\\/\\\/www.umweltaktivisten.de\\\/#website\"},\"primaryImageOfPage\":{\"@id\":\"https:\\\/\\\/www.umweltaktivisten.de\\\/index.php\\\/2024\\\/08\\\/25\\\/juelich-aktion-gegen-castor-transporte\\\/#primaryimage\"},\"image\":{\"@id\":\"https:\\\/\\\/www.umweltaktivisten.de\\\/index.php\\\/2024\\\/08\\\/25\\\/juelich-aktion-gegen-castor-transporte\\\/#primaryimage\"},\"thumbnailUrl\":\"https:\\\/\\\/www.umweltaktivisten.de\\\/wp-content\\\/uploads\\\/2023\\\/10\\\/w_20231015_Hubert_Perschke_web.jpg\",\"datePublished\":\"2024-08-25T18:29:16+00:00\",\"dateModified\":\"2024-08-25T18:32:01+00:00\",\"author\":{\"@id\":\"https:\\\/\\\/www.umweltaktivisten.de\\\/#\\\/schema\\\/person\\\/af601319cc34a906612869cf3b4fd51a\"},\"breadcrumb\":{\"@id\":\"https:\\\/\\\/www.umweltaktivisten.de\\\/index.php\\\/2024\\\/08\\\/25\\\/juelich-aktion-gegen-castor-transporte\\\/#breadcrumb\"},\"inLanguage\":\"de\",\"potentialAction\":[{\"@type\":\"ReadAction\",\"target\":[\"https:\\\/\\\/www.umweltaktivisten.de\\\/index.php\\\/2024\\\/08\\\/25\\\/juelich-aktion-gegen-castor-transporte\\\/\"]}]},{\"@type\":\"ImageObject\",\"inLanguage\":\"de\",\"@id\":\"https:\\\/\\\/www.umweltaktivisten.de\\\/index.php\\\/2024\\\/08\\\/25\\\/juelich-aktion-gegen-castor-transporte\\\/#primaryimage\",\"url\":\"https:\\\/\\\/www.umweltaktivisten.de\\\/wp-content\\\/uploads\\\/2023\\\/10\\\/w_20231015_Hubert_Perschke_web.jpg\",\"contentUrl\":\"https:\\\/\\\/www.umweltaktivisten.de\\\/wp-content\\\/uploads\\\/2023\\\/10\\\/w_20231015_Hubert_Perschke_web.jpg\",\"width\":303,\"height\":202,\"caption\":\"\u00a9 Hubert Perschke\"},{\"@type\":\"BreadcrumbList\",\"@id\":\"https:\\\/\\\/www.umweltaktivisten.de\\\/index.php\\\/2024\\\/08\\\/25\\\/juelich-aktion-gegen-castor-transporte\\\/#breadcrumb\",\"itemListElement\":[{\"@type\":\"ListItem\",\"position\":1,\"name\":\"Home\",\"item\":\"https:\\\/\\\/www.umweltaktivisten.de\\\/\"},{\"@type\":\"ListItem\",\"position\":2,\"name\":\"J\u00fclich: Aktion gegen Castor-Transporte\"}]},{\"@type\":\"WebSite\",\"@id\":\"https:\\\/\\\/www.umweltaktivisten.de\\\/#website\",\"url\":\"https:\\\/\\\/www.umweltaktivisten.de\\\/\",\"name\":\"umweltaktivisten.de\",\"description\":\"&quot;Wir haben die Erde nur von unseren Kindern geborgt&quot;\",\"potentialAction\":[{\"@type\":\"SearchAction\",\"target\":{\"@type\":\"EntryPoint\",\"urlTemplate\":\"https:\\\/\\\/www.umweltaktivisten.de\\\/?s={search_term_string}\"},\"query-input\":{\"@type\":\"PropertyValueSpecification\",\"valueRequired\":true,\"valueName\":\"search_term_string\"}}],\"inLanguage\":\"de\"},{\"@type\":\"Person\",\"@id\":\"https:\\\/\\\/www.umweltaktivisten.de\\\/#\\\/schema\\\/person\\\/af601319cc34a906612869cf3b4fd51a\",\"name\":\"marita\",\"url\":\"https:\\\/\\\/www.umweltaktivisten.de\\\/author\\\/marita\\\/\"}]}<\/script>\n<!-- \/ Yoast SEO plugin. -->","yoast_head_json":{"title":"J\u00fclich: Aktion gegen Castor-Transporte - umweltaktivisten.de","robots":{"index":"index","follow":"nofollow","max-snippet":"max-snippet:-1","max-image-preview":"max-image-preview:large","max-video-preview":"max-video-preview:-1"},"canonical":"https:\/\/www.umweltaktivisten.de\/index.php\/2024\/08\/25\/juelich-aktion-gegen-castor-transporte\/","og_locale":"de_DE","og_type":"article","og_title":"J\u00fclich: Aktion gegen Castor-Transporte - umweltaktivisten.de","og_description":"(Beitragsbild: Hubert Perschke) Komm zur Aktion gegen Castortransporte in J\u00fclich am 29.08.2024! Immer noch drohen 152 Castortransporte quer durch NRW \u2013 vom Zwischenlager in J\u00fclich ins Zwischenlager nach Ahaus. Dabei sind die Transporte nicht nur gef\u00e4hrlich, wie auch ein neues Kurzgutachten der renommierten Wissenschaftlerin Dipl.-Phys. Oda Becker zeigt, sondern auch\u2026 weiter ...","og_url":"https:\/\/www.umweltaktivisten.de\/index.php\/2024\/08\/25\/juelich-aktion-gegen-castor-transporte\/","og_site_name":"umweltaktivisten.de","article_published_time":"2024-08-25T18:29:16+00:00","article_modified_time":"2024-08-25T18:32:01+00:00","og_image":[{"width":303,"height":202,"url":"https:\/\/www.umweltaktivisten.de\/wp-content\/uploads\/2023\/10\/w_20231015_Hubert_Perschke_web.jpg","type":"image\/jpeg"}],"author":"marita","twitter_card":"summary_large_image","twitter_misc":{"Verfasst von":"marita","Gesch\u00e4tzte Lesezeit":"3\u00a0Minuten"},"schema":{"@context":"https:\/\/schema.org","@graph":[{"@type":"Article","@id":"https:\/\/www.umweltaktivisten.de\/index.php\/2024\/08\/25\/juelich-aktion-gegen-castor-transporte\/#article","isPartOf":{"@id":"https:\/\/www.umweltaktivisten.de\/index.php\/2024\/08\/25\/juelich-aktion-gegen-castor-transporte\/"},"author":{"name":"marita","@id":"https:\/\/www.umweltaktivisten.de\/#\/schema\/person\/af601319cc34a906612869cf3b4fd51a"},"headline":"J\u00fclich: Aktion gegen Castor-Transporte","datePublished":"2024-08-25T18:29:16+00:00","dateModified":"2024-08-25T18:32:01+00:00","mainEntityOfPage":{"@id":"https:\/\/www.umweltaktivisten.de\/index.php\/2024\/08\/25\/juelich-aktion-gegen-castor-transporte\/"},"wordCount":361,"image":{"@id":"https:\/\/www.umweltaktivisten.de\/index.php\/2024\/08\/25\/juelich-aktion-gegen-castor-transporte\/#primaryimage"},"thumbnailUrl":"https:\/\/www.umweltaktivisten.de\/wp-content\/uploads\/2023\/10\/w_20231015_Hubert_Perschke_web.jpg","articleSection":{"0":"Aktuelles","2":"Atom","3":"ausgestrahlt","4":"Stop Westcastor"},"inLanguage":"de"},{"@type":"WebPage","@id":"https:\/\/www.umweltaktivisten.de\/index.php\/2024\/08\/25\/juelich-aktion-gegen-castor-transporte\/","url":"https:\/\/www.umweltaktivisten.de\/index.php\/2024\/08\/25\/juelich-aktion-gegen-castor-transporte\/","name":"J\u00fclich: Aktion gegen Castor-Transporte - umweltaktivisten.de","isPartOf":{"@id":"https:\/\/www.umweltaktivisten.de\/#website"},"primaryImageOfPage":{"@id":"https:\/\/www.umweltaktivisten.de\/index.php\/2024\/08\/25\/juelich-aktion-gegen-castor-transporte\/#primaryimage"},"image":{"@id":"https:\/\/www.umweltaktivisten.de\/index.php\/2024\/08\/25\/juelich-aktion-gegen-castor-transporte\/#primaryimage"},"thumbnailUrl":"https:\/\/www.umweltaktivisten.de\/wp-content\/uploads\/2023\/10\/w_20231015_Hubert_Perschke_web.jpg","datePublished":"2024-08-25T18:29:16+00:00","dateModified":"2024-08-25T18:32:01+00:00","author":{"@id":"https:\/\/www.umweltaktivisten.de\/#\/schema\/person\/af601319cc34a906612869cf3b4fd51a"},"breadcrumb":{"@id":"https:\/\/www.umweltaktivisten.de\/index.php\/2024\/08\/25\/juelich-aktion-gegen-castor-transporte\/#breadcrumb"},"inLanguage":"de","potentialAction":[{"@type":"ReadAction","target":["https:\/\/www.umweltaktivisten.de\/index.php\/2024\/08\/25\/juelich-aktion-gegen-castor-transporte\/"]}]},{"@type":"ImageObject","inLanguage":"de","@id":"https:\/\/www.umweltaktivisten.de\/index.php\/2024\/08\/25\/juelich-aktion-gegen-castor-transporte\/#primaryimage","url":"https:\/\/www.umweltaktivisten.de\/wp-content\/uploads\/2023\/10\/w_20231015_Hubert_Perschke_web.jpg","contentUrl":"https:\/\/www.umweltaktivisten.de\/wp-content\/uploads\/2023\/10\/w_20231015_Hubert_Perschke_web.jpg","width":303,"height":202,"caption":"\u00a9 Hubert Perschke"},{"@type":"BreadcrumbList","@id":"https:\/\/www.umweltaktivisten.de\/index.php\/2024\/08\/25\/juelich-aktion-gegen-castor-transporte\/#breadcrumb","itemListElement":[{"@type":"ListItem","position":1,"name":"Home","item":"https:\/\/www.umweltaktivisten.de\/"},{"@type":"ListItem","position":2,"name":"J\u00fclich: Aktion gegen Castor-Transporte"}]},{"@type":"WebSite","@id":"https:\/\/www.umweltaktivisten.de\/#website","url":"https:\/\/www.umweltaktivisten.de\/","name":"umweltaktivisten.de","description":"&quot;Wir haben die Erde nur von unseren Kindern geborgt&quot;","potentialAction":[{"@type":"SearchAction","target":{"@type":"EntryPoint","urlTemplate":"https:\/\/www.umweltaktivisten.de\/?s={search_term_string}"},"query-input":{"@type":"PropertyValueSpecification","valueRequired":true,"valueName":"search_term_string"}}],"inLanguage":"de"},{"@type":"Person","@id":"https:\/\/www.umweltaktivisten.de\/#\/schema\/person\/af601319cc34a906612869cf3b4fd51a","name":"marita","url":"https:\/\/www.umweltaktivisten.de\/author\/marita\/"}]}},"_links":{"self":[{"href":"https:\/\/www.umweltaktivisten.de\/index.php\/wp-json\/wp\/v2\/posts\/5640","targetHints":{"allow":["GET"]}}],"collection":[{"href":"https:\/\/www.umweltaktivisten.de\/index.php\/wp-json\/wp\/v2\/posts"}],"about":[{"href":"https:\/\/www.umweltaktivisten.de\/index.php\/wp-json\/wp\/v2\/types\/post"}],"author":[{"embeddable":true,"href":"https:\/\/www.umweltaktivisten.de\/index.php\/wp-json\/wp\/v2\/users\/1"}],"replies":[{"embeddable":true,"href":"https:\/\/www.umweltaktivisten.de\/index.php\/wp-json\/wp\/v2\/comments?post=5640"}],"version-history":[{"count":3,"href":"https:\/\/www.umweltaktivisten.de\/index.php\/wp-json\/wp\/v2\/posts\/5640\/revisions"}],"predecessor-version":[{"id":5643,"href":"https:\/\/www.umweltaktivisten.de\/index.php\/wp-json\/wp\/v2\/posts\/5640\/revisions\/5643"}],"wp:featuredmedia":[{"embeddable":true,"href":"https:\/\/www.umweltaktivisten.de\/index.php\/wp-json\/wp\/v2\/media\/5337"}],"wp:attachment":[{"href":"https:\/\/www.umweltaktivisten.de\/index.php\/wp-json\/wp\/v2\/media?parent=5640"}],"wp:term":[{"taxonomy":"category","embeddable":true,"href":"https:\/\/www.umweltaktivisten.de\/index.php\/wp-json\/wp\/v2\/categories?post=5640"},{"taxonomy":"post_tag","embeddable":true,"href":"https:\/\/www.umweltaktivisten.de\/index.php\/wp-json\/wp\/v2\/tags?post=5640"}],"curies":[{"name":"wp","href":"https:\/\/api.w.org\/{rel}","templated":true}]}}