{"id":5617,"date":"2024-08-14T21:35:30","date_gmt":"2024-08-14T19:35:30","guid":{"rendered":"https:\/\/www.umweltaktivisten.de\/?p=5617"},"modified":"2024-08-14T21:37:39","modified_gmt":"2024-08-14T19:37:39","slug":"gutachten-castoren-koennten-in-juelich-bleiben","status":"publish","type":"post","link":"https:\/\/www.umweltaktivisten.de\/index.php\/2024\/08\/14\/gutachten-castoren-koennten-in-juelich-bleiben\/","title":{"rendered":"Gutachten: Castoren k\u00f6nnten in J\u00fclich bleiben"},"content":{"rendered":"\n<p id=\"block-a91e1fe0-6f8d-4f94-a21d-c76df4a60ddd\">Pressemitteilung von .ausgestrahlt<\/p>\n\n\n\n<p class=\"has-medium-font-size\">Neues Rechtsgutachten zu J\u00fclich-Castoren: NRW-Atomaufsicht ignoriert Handlungsoptionen<\/p>\n\n\n<div class=\"wp-block-image\">\n<figure class=\"alignleft size-full is-resized\"><img loading=\"lazy\" decoding=\"async\" width=\"800\" height=\"533\" src=\"https:\/\/www.umweltaktivisten.de\/wp-content\/uploads\/2016\/12\/Castoren-Original-800x600.png\" alt=\"\" class=\"wp-image-1737\" style=\"width:359px;height:auto\" srcset=\"https:\/\/www.umweltaktivisten.de\/wp-content\/uploads\/2016\/12\/Castoren-Original-800x600.png 800w, https:\/\/www.umweltaktivisten.de\/wp-content\/uploads\/2016\/12\/Castoren-Original-800x600-300x200.png 300w, https:\/\/www.umweltaktivisten.de\/wp-content\/uploads\/2016\/12\/Castoren-Original-800x600-150x100.png 150w\" sizes=\"auto, (max-width: 800px) 100vw, 800px\" \/><figcaption class=\"wp-element-caption\">\u00a9 Marita Boslar<\/figcaption><\/figure>\n<\/div>\n\n\n<p class=\"has-medium-font-size\">Mona Neubaur kann als Leiterin der Landes-Atomaufsicht R\u00e4umungsverf\u00fcgung f\u00fcr J\u00fclicher Atomm\u00fclllager rechtssicher aussetzen \/ Hendrik W\u00fcst muss zust\u00e4ndige NRW-Wirtschaftsministerin auf Einhaltung des Koalitionsvertrages verpflichten \/ NRW-Landesregierung kann und muss jetzt gef\u00e4hrliche Castor-Transporte verhindern<\/p>\n\n\n\n<p>Seit 2013 hat das Atomm\u00fcll-Zwischenlager in J\u00fclich keine Genehmigung mehr, 2014 wurde die R\u00e4umung wegen fehlender Nachweise zur Erdbebensicherheit angeordnet. Doch weil diese inzwischen nachgewiesen ist, ist eine neue Genehmigung in Griffweite. Gleichzeitig drohen aber zur Umsetzung der alten R\u00e4umungsverf\u00fcgung 152 gef\u00e4hrliche Castortransporte via LKW nach Ahaus. Zur Frage, ob es m\u00f6glich ist, die geltende Anordnung zur R\u00e4umung unter diesen Umst\u00e4nden auszusetzen, bis die neue Genehmigung vorliegt, gab die Anti-Atom-Organisation .ausgestrahlt ein Rechtsgutachten beim renommierten Verwaltungsrechtlers Dr. Ulrich Wollenteit in Auftrag.<\/p>\n\n\n\n<p>Anl\u00e4sslich der heutigen Vorstellung des Gutachtens erkl\u00e4rt <strong>Helge Bauer<\/strong> von <strong>.ausgestrahlt<\/strong>:<\/p>\n\n\n\n<p>\u201eDas heute vorgelegte Rechtsgutachten zeigt klar, dass die NRW-Atomaufsicht ihre Priorit\u00e4ten falsch gesetzt und L\u00f6sungen bewusst ignoriert hat. Dieses Vorgehen scheint unvereinbar mit der Behauptung der NRW-Landesregierung, ihr Ziel sei es, die Castor-Transporte zu verhindern, so wie sie es auch in ihrem Koalitionsvertrag festgeschrieben hat. Es ist Zeit, dass der Ministerpr\u00e4sident als oberster W\u00e4chter des Koalitionsvertrages das Heft in die Hand nimmt und den J\u00fclicher Atomm\u00fcll zur Chefsache macht. Die zust\u00e4ndige Wirtschaftsministerin Mona Neubaur scheint mit der Kl\u00e4rung der Castor-Frage \u00fcberfordert. Statt ihrer bisherigen Strategie der warmen Worte braucht es jetzt endlich ein beherztes Anpacken, um den Wahnsinn einer gef\u00e4hrlichen Castor-Lawine durch das dichtbesiedelte Ruhrgebiet noch zu verhindern.\u201c<\/p>\n\n\n\n<p><strong>Dr. Ulrich Wollenteit<\/strong>, Verwaltungsrechtler und Verfasser des Kurzgutachtens, erl\u00e4utert die rechtliche Situation, in der sich die NRW-Atomaufsicht befindet:<\/p>\n\n\n\n<p>\u201eDie R\u00e4umungsanordnung als rechtm\u00e4\u00dfig belastender Verwaltungsakt kann heute aufgrund ver\u00e4nderter Umst\u00e4nde auf Basis von \u00a7 49 Abs. 1 VwVfG widerrufen werden. Heute erscheint die Neugenehmigung eines Zwischenlagers am Standort nach Ausr\u00e4umung von Nachweisl\u00fccken zur Erdbebensicherheit m\u00f6glich. Der Verbleib der Castorbeh\u00e4lter im derzeitigen Zwischenlager bis zur Realisierung eines neuen Lagers und der Verzicht auf 152 Castortransporte stellt sich aus heutiger Sicht als das mildere Mittel f\u00fcr die Allgemeinheit dar. Die Allgemeinheit wird durch den Verzicht auf 152 Castortransporten und die damit verbundenen Risiken erheblich entlastet.<\/p>\n\n\n\n<p>Rechtlich zul\u00e4ssig w\u00e4re eine Aussetzung (Suspendierung) der R\u00e4umungsanordnung und deren Flankierung durch eine Duldungsverf\u00fcgung. Mit der Duldungsverf\u00fcgung w\u00e4re anzuordnen, dass befristet bis zur Genehmigung und der Realisierung eines neuen Zwischenlagers oder der Wiedergenehmigung des bestehenden Zwischenlagergeb\u00e4udes die vorhandenen Castorbeh\u00e4lter im bisherigen Lager verbleiben d\u00fcrfen.\u201c<\/p>\n\n\n\n<p><strong>Bauer<\/strong> erg\u00e4nzt:<br>\u201eDer R\u00e4umungsverf\u00fcgung f\u00fcr das bestehende Zwischenlager in J\u00fclich kommt eine zentrale Rolle im aktuellen Verfahren zu. Sie allein h\u00e4lt den Zeitdruck zur \u00c4nderung der aktuellen Aufbewahrungssituation in J\u00fclich aufrecht und ist so das KO-Kriterium f\u00fcr einen wirklich offenen und fachlichen Optionenvergleich. Der Grund f\u00fcr die Ausstellung der R\u00e4umungsverf\u00fcgung ist dabei l\u00e4ngst hinf\u00e4llig. Die Bodenverfl\u00fcssigung im Untergrund der Atomm\u00fcll-Lagerhalle bei m\u00f6glichen Erdbeben konnte im laufenden Verfahren zum Wiedererlangen einer Genehmigung f\u00fcr das bestehende Lager in J\u00fclich, ans\u00e4ssig beim Atomm\u00fcll-Bundesamt (BASE), l\u00e4ngst ausgeschlossen werden. Grunds\u00e4tzlich ist die anliegende Pr\u00fcfung des Antrages in weiten Teilen bereits positiv abgeschlossen, die Genehmigung kann in einem \u00fcberschaubaren Zeitraum vorliegen.\u201c<\/p>\n\n\n\n<p><strong>Hinweis:<\/strong><br>Das vollst\u00e4ndige Rechtsgutachten von Dr. Ulrich Wollenteit, erstellt im Auftrag der Anti-Atom-Organisation .ausgestrahlt, finden sie als Download auf unserer Internetseite: &nbsp;<br><a href=\"https:\/\/ausgestrahlt.de\/gutachten-juelich\" target=\"_blank\" rel=\"noreferrer noopener\">https:\/\/ausgestrahlt.de\/gutachten-juelich<\/a><\/p>\n","protected":false},"excerpt":{"rendered":"<p>Pressemitteilung von .ausgestrahlt Neues Rechtsgutachten zu J\u00fclich-Castoren: NRW-Atomaufsicht ignoriert Handlungsoptionen Mona Neubaur kann als Leiterin der Landes-Atomaufsicht R\u00e4umungsverf\u00fcgung f\u00fcr J\u00fclicher Atomm\u00fclllager rechtssicher aussetzen \/ Hendrik W\u00fcst muss zust\u00e4ndige NRW-Wirtschaftsministerin auf Einhaltung des Koalitionsvertrages verpflichten \/ NRW-Landesregierung kann und muss jetzt gef\u00e4hrliche Castor-Transporte verhindern Seit 2013 hat das Atomm\u00fcll-Zwischenlager in J\u00fclich\u2026<\/p>\n<p class=\"continue-reading-button\"> <a class=\"continue-reading-link\" href=\"https:\/\/www.umweltaktivisten.de\/index.php\/2024\/08\/14\/gutachten-castoren-koennten-in-juelich-bleiben\/\">weiter &#8230;<i class=\"crycon-right-dir\"><\/i><\/a><\/p>\n","protected":false},"author":1,"featured_media":4542,"comment_status":"closed","ping_status":"closed","sticky":false,"template":"","format":"standard","meta":{"footnotes":""},"categories":[94,1,21,10],"tags":[],"class_list":["post-5617","post","type-post","status-publish","format-standard","has-post-thumbnail","hentry","category-aktuelles","category-allgemein","category-atom","category-stop-westcastor"],"yoast_head":"<!-- This site is optimized with the Yoast SEO plugin v27.5 - https:\/\/yoast.com\/product\/yoast-seo-wordpress\/ -->\n<title>Gutachten: Castoren k\u00f6nnten in J\u00fclich bleiben - umweltaktivisten.de<\/title>\n<meta name=\"robots\" content=\"index, nofollow, max-snippet:-1, max-image-preview:large, max-video-preview:-1\" \/>\n<link rel=\"canonical\" href=\"https:\/\/www.umweltaktivisten.de\/index.php\/2024\/08\/14\/gutachten-castoren-koennten-in-juelich-bleiben\/\" \/>\n<meta property=\"og:locale\" content=\"de_DE\" \/>\n<meta property=\"og:type\" content=\"article\" \/>\n<meta property=\"og:title\" content=\"Gutachten: Castoren k\u00f6nnten in J\u00fclich bleiben - umweltaktivisten.de\" \/>\n<meta property=\"og:description\" content=\"Pressemitteilung von .ausgestrahlt Neues Rechtsgutachten zu J\u00fclich-Castoren: NRW-Atomaufsicht ignoriert Handlungsoptionen Mona Neubaur kann als Leiterin der Landes-Atomaufsicht R\u00e4umungsverf\u00fcgung f\u00fcr J\u00fclicher Atomm\u00fclllager rechtssicher aussetzen \/ Hendrik W\u00fcst muss zust\u00e4ndige NRW-Wirtschaftsministerin auf Einhaltung des Koalitionsvertrages verpflichten \/ NRW-Landesregierung kann und muss jetzt gef\u00e4hrliche Castor-Transporte verhindern Seit 2013 hat das Atomm\u00fcll-Zwischenlager in J\u00fclich\u2026 weiter ...\" \/>\n<meta property=\"og:url\" content=\"https:\/\/www.umweltaktivisten.de\/index.php\/2024\/08\/14\/gutachten-castoren-koennten-in-juelich-bleiben\/\" \/>\n<meta property=\"og:site_name\" content=\"umweltaktivisten.de\" \/>\n<meta property=\"article:published_time\" content=\"2024-08-14T19:35:30+00:00\" \/>\n<meta property=\"article:modified_time\" content=\"2024-08-14T19:37:39+00:00\" \/>\n<meta property=\"og:image\" content=\"https:\/\/www.umweltaktivisten.de\/wp-content\/uploads\/2020\/11\/w_nuclear-waste-2105265_1920.jpg\" \/>\n\t<meta property=\"og:image:width\" content=\"267\" \/>\n\t<meta property=\"og:image:height\" content=\"200\" \/>\n\t<meta property=\"og:image:type\" content=\"image\/jpeg\" \/>\n<meta name=\"author\" content=\"marita\" \/>\n<meta name=\"twitter:card\" content=\"summary_large_image\" \/>\n<meta name=\"twitter:label1\" content=\"Verfasst von\" \/>\n\t<meta name=\"twitter:data1\" content=\"marita\" \/>\n\t<meta name=\"twitter:label2\" content=\"Gesch\u00e4tzte Lesezeit\" \/>\n\t<meta name=\"twitter:data2\" content=\"4\u00a0Minuten\" \/>\n<script type=\"application\/ld+json\" class=\"yoast-schema-graph\">{\"@context\":\"https:\\\/\\\/schema.org\",\"@graph\":[{\"@type\":\"Article\",\"@id\":\"https:\\\/\\\/www.umweltaktivisten.de\\\/index.php\\\/2024\\\/08\\\/14\\\/gutachten-castoren-koennten-in-juelich-bleiben\\\/#article\",\"isPartOf\":{\"@id\":\"https:\\\/\\\/www.umweltaktivisten.de\\\/index.php\\\/2024\\\/08\\\/14\\\/gutachten-castoren-koennten-in-juelich-bleiben\\\/\"},\"author\":{\"name\":\"marita\",\"@id\":\"https:\\\/\\\/www.umweltaktivisten.de\\\/#\\\/schema\\\/person\\\/af601319cc34a906612869cf3b4fd51a\"},\"headline\":\"Gutachten: Castoren k\u00f6nnten in J\u00fclich bleiben\",\"datePublished\":\"2024-08-14T19:35:30+00:00\",\"dateModified\":\"2024-08-14T19:37:39+00:00\",\"mainEntityOfPage\":{\"@id\":\"https:\\\/\\\/www.umweltaktivisten.de\\\/index.php\\\/2024\\\/08\\\/14\\\/gutachten-castoren-koennten-in-juelich-bleiben\\\/\"},\"wordCount\":592,\"image\":{\"@id\":\"https:\\\/\\\/www.umweltaktivisten.de\\\/index.php\\\/2024\\\/08\\\/14\\\/gutachten-castoren-koennten-in-juelich-bleiben\\\/#primaryimage\"},\"thumbnailUrl\":\"https:\\\/\\\/www.umweltaktivisten.de\\\/wp-content\\\/uploads\\\/2020\\\/11\\\/w_nuclear-waste-2105265_1920.jpg\",\"articleSection\":{\"0\":\"Aktuelles\",\"2\":\"Atom\",\"3\":\"Stop Westcastor\"},\"inLanguage\":\"de\"},{\"@type\":\"WebPage\",\"@id\":\"https:\\\/\\\/www.umweltaktivisten.de\\\/index.php\\\/2024\\\/08\\\/14\\\/gutachten-castoren-koennten-in-juelich-bleiben\\\/\",\"url\":\"https:\\\/\\\/www.umweltaktivisten.de\\\/index.php\\\/2024\\\/08\\\/14\\\/gutachten-castoren-koennten-in-juelich-bleiben\\\/\",\"name\":\"Gutachten: Castoren k\u00f6nnten in J\u00fclich bleiben - umweltaktivisten.de\",\"isPartOf\":{\"@id\":\"https:\\\/\\\/www.umweltaktivisten.de\\\/#website\"},\"primaryImageOfPage\":{\"@id\":\"https:\\\/\\\/www.umweltaktivisten.de\\\/index.php\\\/2024\\\/08\\\/14\\\/gutachten-castoren-koennten-in-juelich-bleiben\\\/#primaryimage\"},\"image\":{\"@id\":\"https:\\\/\\\/www.umweltaktivisten.de\\\/index.php\\\/2024\\\/08\\\/14\\\/gutachten-castoren-koennten-in-juelich-bleiben\\\/#primaryimage\"},\"thumbnailUrl\":\"https:\\\/\\\/www.umweltaktivisten.de\\\/wp-content\\\/uploads\\\/2020\\\/11\\\/w_nuclear-waste-2105265_1920.jpg\",\"datePublished\":\"2024-08-14T19:35:30+00:00\",\"dateModified\":\"2024-08-14T19:37:39+00:00\",\"author\":{\"@id\":\"https:\\\/\\\/www.umweltaktivisten.de\\\/#\\\/schema\\\/person\\\/af601319cc34a906612869cf3b4fd51a\"},\"breadcrumb\":{\"@id\":\"https:\\\/\\\/www.umweltaktivisten.de\\\/index.php\\\/2024\\\/08\\\/14\\\/gutachten-castoren-koennten-in-juelich-bleiben\\\/#breadcrumb\"},\"inLanguage\":\"de\",\"potentialAction\":[{\"@type\":\"ReadAction\",\"target\":[\"https:\\\/\\\/www.umweltaktivisten.de\\\/index.php\\\/2024\\\/08\\\/14\\\/gutachten-castoren-koennten-in-juelich-bleiben\\\/\"]}]},{\"@type\":\"ImageObject\",\"inLanguage\":\"de\",\"@id\":\"https:\\\/\\\/www.umweltaktivisten.de\\\/index.php\\\/2024\\\/08\\\/14\\\/gutachten-castoren-koennten-in-juelich-bleiben\\\/#primaryimage\",\"url\":\"https:\\\/\\\/www.umweltaktivisten.de\\\/wp-content\\\/uploads\\\/2020\\\/11\\\/w_nuclear-waste-2105265_1920.jpg\",\"contentUrl\":\"https:\\\/\\\/www.umweltaktivisten.de\\\/wp-content\\\/uploads\\\/2020\\\/11\\\/w_nuclear-waste-2105265_1920.jpg\",\"width\":267,\"height\":200,\"caption\":\"Bild: pixabay.com\"},{\"@type\":\"BreadcrumbList\",\"@id\":\"https:\\\/\\\/www.umweltaktivisten.de\\\/index.php\\\/2024\\\/08\\\/14\\\/gutachten-castoren-koennten-in-juelich-bleiben\\\/#breadcrumb\",\"itemListElement\":[{\"@type\":\"ListItem\",\"position\":1,\"name\":\"Home\",\"item\":\"https:\\\/\\\/www.umweltaktivisten.de\\\/\"},{\"@type\":\"ListItem\",\"position\":2,\"name\":\"Gutachten: Castoren k\u00f6nnten in J\u00fclich bleiben\"}]},{\"@type\":\"WebSite\",\"@id\":\"https:\\\/\\\/www.umweltaktivisten.de\\\/#website\",\"url\":\"https:\\\/\\\/www.umweltaktivisten.de\\\/\",\"name\":\"umweltaktivisten.de\",\"description\":\"&quot;Wir haben die Erde nur von unseren Kindern geborgt&quot;\",\"potentialAction\":[{\"@type\":\"SearchAction\",\"target\":{\"@type\":\"EntryPoint\",\"urlTemplate\":\"https:\\\/\\\/www.umweltaktivisten.de\\\/?s={search_term_string}\"},\"query-input\":{\"@type\":\"PropertyValueSpecification\",\"valueRequired\":true,\"valueName\":\"search_term_string\"}}],\"inLanguage\":\"de\"},{\"@type\":\"Person\",\"@id\":\"https:\\\/\\\/www.umweltaktivisten.de\\\/#\\\/schema\\\/person\\\/af601319cc34a906612869cf3b4fd51a\",\"name\":\"marita\",\"url\":\"https:\\\/\\\/www.umweltaktivisten.de\\\/author\\\/marita\\\/\"}]}<\/script>\n<!-- \/ Yoast SEO plugin. -->","yoast_head_json":{"title":"Gutachten: Castoren k\u00f6nnten in J\u00fclich bleiben - umweltaktivisten.de","robots":{"index":"index","follow":"nofollow","max-snippet":"max-snippet:-1","max-image-preview":"max-image-preview:large","max-video-preview":"max-video-preview:-1"},"canonical":"https:\/\/www.umweltaktivisten.de\/index.php\/2024\/08\/14\/gutachten-castoren-koennten-in-juelich-bleiben\/","og_locale":"de_DE","og_type":"article","og_title":"Gutachten: Castoren k\u00f6nnten in J\u00fclich bleiben - umweltaktivisten.de","og_description":"Pressemitteilung von .ausgestrahlt Neues Rechtsgutachten zu J\u00fclich-Castoren: NRW-Atomaufsicht ignoriert Handlungsoptionen Mona Neubaur kann als Leiterin der Landes-Atomaufsicht R\u00e4umungsverf\u00fcgung f\u00fcr J\u00fclicher Atomm\u00fclllager rechtssicher aussetzen \/ Hendrik W\u00fcst muss zust\u00e4ndige NRW-Wirtschaftsministerin auf Einhaltung des Koalitionsvertrages verpflichten \/ NRW-Landesregierung kann und muss jetzt gef\u00e4hrliche Castor-Transporte verhindern Seit 2013 hat das Atomm\u00fcll-Zwischenlager in J\u00fclich\u2026 weiter ...","og_url":"https:\/\/www.umweltaktivisten.de\/index.php\/2024\/08\/14\/gutachten-castoren-koennten-in-juelich-bleiben\/","og_site_name":"umweltaktivisten.de","article_published_time":"2024-08-14T19:35:30+00:00","article_modified_time":"2024-08-14T19:37:39+00:00","og_image":[{"width":267,"height":200,"url":"https:\/\/www.umweltaktivisten.de\/wp-content\/uploads\/2020\/11\/w_nuclear-waste-2105265_1920.jpg","type":"image\/jpeg"}],"author":"marita","twitter_card":"summary_large_image","twitter_misc":{"Verfasst von":"marita","Gesch\u00e4tzte Lesezeit":"4\u00a0Minuten"},"schema":{"@context":"https:\/\/schema.org","@graph":[{"@type":"Article","@id":"https:\/\/www.umweltaktivisten.de\/index.php\/2024\/08\/14\/gutachten-castoren-koennten-in-juelich-bleiben\/#article","isPartOf":{"@id":"https:\/\/www.umweltaktivisten.de\/index.php\/2024\/08\/14\/gutachten-castoren-koennten-in-juelich-bleiben\/"},"author":{"name":"marita","@id":"https:\/\/www.umweltaktivisten.de\/#\/schema\/person\/af601319cc34a906612869cf3b4fd51a"},"headline":"Gutachten: Castoren k\u00f6nnten in J\u00fclich bleiben","datePublished":"2024-08-14T19:35:30+00:00","dateModified":"2024-08-14T19:37:39+00:00","mainEntityOfPage":{"@id":"https:\/\/www.umweltaktivisten.de\/index.php\/2024\/08\/14\/gutachten-castoren-koennten-in-juelich-bleiben\/"},"wordCount":592,"image":{"@id":"https:\/\/www.umweltaktivisten.de\/index.php\/2024\/08\/14\/gutachten-castoren-koennten-in-juelich-bleiben\/#primaryimage"},"thumbnailUrl":"https:\/\/www.umweltaktivisten.de\/wp-content\/uploads\/2020\/11\/w_nuclear-waste-2105265_1920.jpg","articleSection":{"0":"Aktuelles","2":"Atom","3":"Stop Westcastor"},"inLanguage":"de"},{"@type":"WebPage","@id":"https:\/\/www.umweltaktivisten.de\/index.php\/2024\/08\/14\/gutachten-castoren-koennten-in-juelich-bleiben\/","url":"https:\/\/www.umweltaktivisten.de\/index.php\/2024\/08\/14\/gutachten-castoren-koennten-in-juelich-bleiben\/","name":"Gutachten: Castoren k\u00f6nnten in J\u00fclich bleiben - umweltaktivisten.de","isPartOf":{"@id":"https:\/\/www.umweltaktivisten.de\/#website"},"primaryImageOfPage":{"@id":"https:\/\/www.umweltaktivisten.de\/index.php\/2024\/08\/14\/gutachten-castoren-koennten-in-juelich-bleiben\/#primaryimage"},"image":{"@id":"https:\/\/www.umweltaktivisten.de\/index.php\/2024\/08\/14\/gutachten-castoren-koennten-in-juelich-bleiben\/#primaryimage"},"thumbnailUrl":"https:\/\/www.umweltaktivisten.de\/wp-content\/uploads\/2020\/11\/w_nuclear-waste-2105265_1920.jpg","datePublished":"2024-08-14T19:35:30+00:00","dateModified":"2024-08-14T19:37:39+00:00","author":{"@id":"https:\/\/www.umweltaktivisten.de\/#\/schema\/person\/af601319cc34a906612869cf3b4fd51a"},"breadcrumb":{"@id":"https:\/\/www.umweltaktivisten.de\/index.php\/2024\/08\/14\/gutachten-castoren-koennten-in-juelich-bleiben\/#breadcrumb"},"inLanguage":"de","potentialAction":[{"@type":"ReadAction","target":["https:\/\/www.umweltaktivisten.de\/index.php\/2024\/08\/14\/gutachten-castoren-koennten-in-juelich-bleiben\/"]}]},{"@type":"ImageObject","inLanguage":"de","@id":"https:\/\/www.umweltaktivisten.de\/index.php\/2024\/08\/14\/gutachten-castoren-koennten-in-juelich-bleiben\/#primaryimage","url":"https:\/\/www.umweltaktivisten.de\/wp-content\/uploads\/2020\/11\/w_nuclear-waste-2105265_1920.jpg","contentUrl":"https:\/\/www.umweltaktivisten.de\/wp-content\/uploads\/2020\/11\/w_nuclear-waste-2105265_1920.jpg","width":267,"height":200,"caption":"Bild: pixabay.com"},{"@type":"BreadcrumbList","@id":"https:\/\/www.umweltaktivisten.de\/index.php\/2024\/08\/14\/gutachten-castoren-koennten-in-juelich-bleiben\/#breadcrumb","itemListElement":[{"@type":"ListItem","position":1,"name":"Home","item":"https:\/\/www.umweltaktivisten.de\/"},{"@type":"ListItem","position":2,"name":"Gutachten: Castoren k\u00f6nnten in J\u00fclich bleiben"}]},{"@type":"WebSite","@id":"https:\/\/www.umweltaktivisten.de\/#website","url":"https:\/\/www.umweltaktivisten.de\/","name":"umweltaktivisten.de","description":"&quot;Wir haben die Erde nur von unseren Kindern geborgt&quot;","potentialAction":[{"@type":"SearchAction","target":{"@type":"EntryPoint","urlTemplate":"https:\/\/www.umweltaktivisten.de\/?s={search_term_string}"},"query-input":{"@type":"PropertyValueSpecification","valueRequired":true,"valueName":"search_term_string"}}],"inLanguage":"de"},{"@type":"Person","@id":"https:\/\/www.umweltaktivisten.de\/#\/schema\/person\/af601319cc34a906612869cf3b4fd51a","name":"marita","url":"https:\/\/www.umweltaktivisten.de\/author\/marita\/"}]}},"_links":{"self":[{"href":"https:\/\/www.umweltaktivisten.de\/index.php\/wp-json\/wp\/v2\/posts\/5617","targetHints":{"allow":["GET"]}}],"collection":[{"href":"https:\/\/www.umweltaktivisten.de\/index.php\/wp-json\/wp\/v2\/posts"}],"about":[{"href":"https:\/\/www.umweltaktivisten.de\/index.php\/wp-json\/wp\/v2\/types\/post"}],"author":[{"embeddable":true,"href":"https:\/\/www.umweltaktivisten.de\/index.php\/wp-json\/wp\/v2\/users\/1"}],"replies":[{"embeddable":true,"href":"https:\/\/www.umweltaktivisten.de\/index.php\/wp-json\/wp\/v2\/comments?post=5617"}],"version-history":[{"count":2,"href":"https:\/\/www.umweltaktivisten.de\/index.php\/wp-json\/wp\/v2\/posts\/5617\/revisions"}],"predecessor-version":[{"id":5620,"href":"https:\/\/www.umweltaktivisten.de\/index.php\/wp-json\/wp\/v2\/posts\/5617\/revisions\/5620"}],"wp:featuredmedia":[{"embeddable":true,"href":"https:\/\/www.umweltaktivisten.de\/index.php\/wp-json\/wp\/v2\/media\/4542"}],"wp:attachment":[{"href":"https:\/\/www.umweltaktivisten.de\/index.php\/wp-json\/wp\/v2\/media?parent=5617"}],"wp:term":[{"taxonomy":"category","embeddable":true,"href":"https:\/\/www.umweltaktivisten.de\/index.php\/wp-json\/wp\/v2\/categories?post=5617"},{"taxonomy":"post_tag","embeddable":true,"href":"https:\/\/www.umweltaktivisten.de\/index.php\/wp-json\/wp\/v2\/tags?post=5617"}],"curies":[{"name":"wp","href":"https:\/\/api.w.org\/{rel}","templated":true}]}}