{"id":5580,"date":"2024-07-17T23:46:00","date_gmt":"2024-07-17T21:46:00","guid":{"rendered":"https:\/\/www.umweltaktivisten.de\/?p=5580"},"modified":"2024-07-19T23:49:56","modified_gmt":"2024-07-19T21:49:56","slug":"sicherheitspanne-probe-castor-von-juelich-nach-ahaus","status":"publish","type":"post","link":"https:\/\/www.umweltaktivisten.de\/index.php\/2024\/07\/17\/sicherheitspanne-probe-castor-von-juelich-nach-ahaus\/","title":{"rendered":"Sicherheitspanne: Probe-Castor von J\u00fclich nach Ahaus"},"content":{"rendered":"\n<p class=\"has-medium-font-size\"><strong>Brisante neue Infos zu Probe-Castor im November 2023<\/strong><\/p>\n\n\n\n<p class=\"has-medium-font-size\"><strong>NRW-Innenministerium und NRW-Wirtschaftsministerium:<\/strong><\/p>\n\n\n\n<p class=\"has-medium-font-size\"><strong>Castor-LKW verliert im Autobahnkreuz Kaiserberg \u201eSichtkontakt\u201c, verl\u00e4sst vorgesehene Route und setzt zur\u00fcck<\/strong><\/p>\n\n\n\n<p class=\"has-medium-font-size\"><strong>Anti-Atomkraft-Initiativen entsetzt \u00fcber eklatante Sicherheitspanne<\/strong><\/p>\n\n\n<div class=\"wp-block-image\">\n<figure class=\"alignleft size-full\"><img loading=\"lazy\" decoding=\"async\" width=\"400\" height=\"400\" src=\"https:\/\/www.umweltaktivisten.de\/wp-content\/uploads\/2024\/05\/web-Strecke.jpg\" alt=\"\" class=\"wp-image-5505\" srcset=\"https:\/\/www.umweltaktivisten.de\/wp-content\/uploads\/2024\/05\/web-Strecke.jpg 400w, https:\/\/www.umweltaktivisten.de\/wp-content\/uploads\/2024\/05\/web-Strecke-300x300.jpg 300w, https:\/\/www.umweltaktivisten.de\/wp-content\/uploads\/2024\/05\/web-Strecke-150x150.jpg 150w\" sizes=\"auto, (max-width: 400px) 100vw, 400px\" \/><\/figure>\n<\/div>\n\n\n<p><strong>Mehr als sieben Monate nach der Probefahrt f\u00fcr die geplanten Castor-Transporte mit hochradioaktivem Atomm\u00fcll von J\u00fclich nach Ahaus hat NRW-Wirtschaftsministerin Mona Neubaur auf mehrfaches Dr\u00e4ngen von B\u00fcrgerinitiativen endlich Erkundigungen zu Vorf\u00e4llen w\u00e4hrend dieser Transporte eingeholt. In einem Schreiben an mehrere Anti-Atomkraft-Initiativen zitiert sie dabei eine Stellungnahme des NRW-Innenministeriums. Darin hei\u00dft es, dass zwischen dem Spezial-LKW mit dem leeren Castor-Beh\u00e4lter und den in gro\u00dfer Anzahl begleitenden Polizeifahrzeugen sowie Begleitfahrzeugen des auf Atomtransporte spezialisierten Transporteurs Orano NCS GmbH auf der A3 im Autobahnkreuz (AK) Duisburg-Kaiserberg der \u201eSichtkontakt (\u2026) unterbrochen\u201c wurde und der Castor-LKW deshalb die falsche Fahrtrichtung w\u00e4hlte. Daraufhin musste der LKW mit dem Leer-Castor anhalten und zur\u00fccksetzen, um die zwingend vorgeschriebene Abfahrt auf die A40 noch nehmen zu k\u00f6nnen. Daf\u00fcr musste die A3 von der Polizei Richtung Norden f\u00fcr rund 30 Minuten komplett gesperrt werden.<\/strong><\/p>\n\n\n\n<p><strong>Die Anti-Atomkraft-Initiativen sind entsetzt \u00fcber diese nunmehr offiziell dokumentierte Sicherheitspanne.<\/strong> \u201eWie kann es sein, dass in einem eigens zusammengestellten Polizei-Konvoi zum Schutz des Castor-LKW pl\u00f6tzlich der Sichtkontakt verloren geht? Hatte der LKW-Fahrer keine Routenbeschreibung, kein Navigationssystem und kein Funkger\u00e4t zur Verf\u00fcgung? Im Ernstfall w\u00e4re der Castor-LKW also auch inmitten eines un\u00fcbersichtlichen Autobahnkreuzes ungesch\u00fctzt von vorausfahrenden Polizeikr\u00e4ften gewesen. All das ist aus unserer Sicht h\u00f6chst alarmierend und belegt, wie brisant die geplanten Castor-Fahrten durch NRW sind \u2013 es geht schlie\u00dflich um hochradioaktiven Atomm\u00fcll\u201c, so <strong>Jens D\u00fctting vom Aktionsb\u00fcndnis M\u00fcnsterland gegen Atomanlagen<\/strong>.<\/p>\n\n\n\n<p>Auf der geplanten Castor-Route quer durch NRW und das Ruhrgebiet muss mehrfach die Autobahn gewechselt werden und auch der D\u00fcsseldorfer Flughafen-Tunnel wird durchfahren. Nach Ansicht der Anti-Atomkraft-Initiativen ist dies ein enormes Potenzial f\u00fcr Unf\u00e4lle und Anschl\u00e4ge.<\/p>\n\n\n\n<p>\u201eNoch erschreckender ist es dabei, dass in der zitierten Stellungnahme des Innenministers dieser Vorfall \u00fcberhaupt nicht als Problem angesehen, sondern quasi als ungef\u00e4hrliches Ereignis, das durch die Polizei routinem\u00e4\u00dfig abgesichert worden sei, dargestellt wird. Auch Ministerin Neubaur, immerhin Chefin der NRW-Atomaufsicht, l\u00e4sst mit keinem Wort eine kritische Distanz zu dieser Stellungnahme erkennen\u201c, kritisiert <strong>Hartmut Liebermann von der B\u00fcrgerinitiative \u201eKein Atomm\u00fcll in Ahaus\u201c<\/strong>.<\/p>\n\n\n\n<p>\u201eMonatelang haben wir die beteiligten Ministerien um Auskunft zu der Sicherheitspanne beim Probe-Castor gebeten. Nun k\u00f6nnen wir erahnen, warum es so lange gedauert hat. Anscheinend wollte die NRW-Landesregierung den brisanten Vorfall m\u00f6glichst geheim halten. Eine Transportgenehmigung durch das Bundesamt BASE m\u00fcsste jetzt ausgeschlossen sein, da die NRW-Polizei offensichtlich die Sicherheit der geplanten 152 Castor-Transporte auf den Autobahnen nicht l\u00fcckenlos gew\u00e4hrleisten kann. Der Verlust des Sichtkontakts ist ein Desaster f\u00fcr die Begleitkr\u00e4fte\u201c, erg\u00e4nzt <strong>Marita Boslar vom Aktionsb\u00fcndnis \u201eStop Westcastor\u201c J\u00fclich<\/strong>.<\/p>\n\n\n\n<p>Die Stellungnahme des NRW-Innenministeriums wirft zudem noch eine weitere Frage auf: Es war lange unverst\u00e4ndlich, warum der Probe-Castor \u00fcberhaupt im AK Kaiserberg die A3 verlassen musste, um dann \u00fcber die A40, A59 und A42 ganz Duisburg zu durchqueren. Nachdem jedoch neulich genau auf der A3 im Kreuz Kaiserberg ein Teilst\u00fcck der Fahrbahn abgesackt ist, worauf die Autobahn gesperrt werden musste, steht nun die Frage im Raum, ob die NRW-Landesregierung schon im letzten Jahr \u00fcber die gef\u00e4hrlichen Hohlr\u00e4ume unter der A3 informiert war, aber nicht eingeschritten ist, um Gefahren abzuwenden. Galt der 130 Tonnen schwere Spezial-LKW schon damals als zu schwer? Aus Sicht der Anti-Atomkraft-Initiativen gibt es hier seitens der Landesregierung intensiven Aufkl\u00e4rungsbedarf. Zudem fordern sie erneut den Verbleib der 152 Castor-Beh\u00e4lter in J\u00fclich sowie den Bau eines neuen Zwischenlagers vor Ort in J\u00fclich.<\/p>\n\n\n\n<ul class=\"wp-block-list\">\n<li><a href=\"https:\/\/www.westcastor.org\/wp-content\/uploads\/2024\/07\/Brief-Mona-Neubaur-Castor-Transportprobleme-28.05.24.pdf\" target=\"_blank\" rel=\"noreferrer noopener nofollow\">Schreiben der B\u00fcrgerinitiative \u201eKein Atomm\u00fcll in Ahaus\u201c vom 28.05.2024 an NRW-Wirtschaftsministerin Mona Neubaur<\/a><\/li>\n\n\n\n<li><a href=\"https:\/\/www.westcastor.org\/wp-content\/uploads\/2024\/07\/2024-07-08-Antwort-Neubaur-Panne-Kaiserberg-komprimiert.pdf\" target=\"_blank\" rel=\"noreferrer noopener nofollow\">Antwortschreiben der Ministerin vom 05.07.2024<\/a><\/li>\n<\/ul>\n","protected":false},"excerpt":{"rendered":"<p>Brisante neue Infos zu Probe-Castor im November 2023 NRW-Innenministerium und NRW-Wirtschaftsministerium: Castor-LKW verliert im Autobahnkreuz Kaiserberg \u201eSichtkontakt\u201c, verl\u00e4sst vorgesehene Route und setzt zur\u00fcck Anti-Atomkraft-Initiativen entsetzt \u00fcber eklatante Sicherheitspanne Mehr als sieben Monate nach der Probefahrt f\u00fcr die geplanten Castor-Transporte mit hochradioaktivem Atomm\u00fcll von J\u00fclich nach Ahaus hat NRW-Wirtschaftsministerin Mona Neubaur\u2026<\/p>\n<p class=\"continue-reading-button\"> <a class=\"continue-reading-link\" href=\"https:\/\/www.umweltaktivisten.de\/index.php\/2024\/07\/17\/sicherheitspanne-probe-castor-von-juelich-nach-ahaus\/\">weiter &#8230;<i class=\"crycon-right-dir\"><\/i><\/a><\/p>\n","protected":false},"author":1,"featured_media":5430,"comment_status":"closed","ping_status":"closed","sticky":false,"template":"","format":"standard","meta":{"footnotes":""},"categories":[1,21,10],"tags":[296,157],"class_list":["post-5580","post","type-post","status-publish","format-standard","has-post-thumbnail","hentry","category-allgemein","category-atom","category-stop-westcastor","tag-juelicher-atommuell","tag-juelicher-castoren"],"yoast_head":"<!-- This site is optimized with the Yoast SEO plugin v27.5 - https:\/\/yoast.com\/product\/yoast-seo-wordpress\/ -->\n<title>Sicherheitspanne: Probe-Castor von J\u00fclich nach Ahaus - umweltaktivisten.de<\/title>\n<meta name=\"robots\" content=\"index, nofollow, max-snippet:-1, max-image-preview:large, max-video-preview:-1\" \/>\n<link rel=\"canonical\" href=\"https:\/\/www.umweltaktivisten.de\/index.php\/2024\/07\/17\/sicherheitspanne-probe-castor-von-juelich-nach-ahaus\/\" \/>\n<meta property=\"og:locale\" content=\"de_DE\" \/>\n<meta property=\"og:type\" content=\"article\" \/>\n<meta property=\"og:title\" content=\"Sicherheitspanne: Probe-Castor von J\u00fclich nach Ahaus - umweltaktivisten.de\" \/>\n<meta property=\"og:description\" content=\"Brisante neue Infos zu Probe-Castor im November 2023 NRW-Innenministerium und NRW-Wirtschaftsministerium: Castor-LKW verliert im Autobahnkreuz Kaiserberg \u201eSichtkontakt\u201c, verl\u00e4sst vorgesehene Route und setzt zur\u00fcck Anti-Atomkraft-Initiativen entsetzt \u00fcber eklatante Sicherheitspanne Mehr als sieben Monate nach der Probefahrt f\u00fcr die geplanten Castor-Transporte mit hochradioaktivem Atomm\u00fcll von J\u00fclich nach Ahaus hat NRW-Wirtschaftsministerin Mona Neubaur\u2026 weiter ...\" \/>\n<meta property=\"og:url\" content=\"https:\/\/www.umweltaktivisten.de\/index.php\/2024\/07\/17\/sicherheitspanne-probe-castor-von-juelich-nach-ahaus\/\" \/>\n<meta property=\"og:site_name\" content=\"umweltaktivisten.de\" \/>\n<meta property=\"article:published_time\" content=\"2024-07-17T21:46:00+00:00\" \/>\n<meta property=\"article:modified_time\" content=\"2024-07-19T21:49:56+00:00\" \/>\n<meta property=\"og:image\" content=\"https:\/\/www.umweltaktivisten.de\/wp-content\/uploads\/2023\/12\/web-Strecke.jpg\" \/>\n\t<meta property=\"og:image:width\" content=\"201\" \/>\n\t<meta property=\"og:image:height\" content=\"201\" \/>\n\t<meta property=\"og:image:type\" content=\"image\/jpeg\" \/>\n<meta name=\"author\" content=\"marita\" \/>\n<meta name=\"twitter:card\" content=\"summary_large_image\" \/>\n<meta name=\"twitter:label1\" content=\"Verfasst von\" \/>\n\t<meta name=\"twitter:data1\" content=\"marita\" \/>\n\t<meta name=\"twitter:label2\" content=\"Gesch\u00e4tzte Lesezeit\" \/>\n\t<meta name=\"twitter:data2\" content=\"4\u00a0Minuten\" \/>\n<script type=\"application\/ld+json\" class=\"yoast-schema-graph\">{\"@context\":\"https:\\\/\\\/schema.org\",\"@graph\":[{\"@type\":\"Article\",\"@id\":\"https:\\\/\\\/www.umweltaktivisten.de\\\/index.php\\\/2024\\\/07\\\/17\\\/sicherheitspanne-probe-castor-von-juelich-nach-ahaus\\\/#article\",\"isPartOf\":{\"@id\":\"https:\\\/\\\/www.umweltaktivisten.de\\\/index.php\\\/2024\\\/07\\\/17\\\/sicherheitspanne-probe-castor-von-juelich-nach-ahaus\\\/\"},\"author\":{\"name\":\"marita\",\"@id\":\"https:\\\/\\\/www.umweltaktivisten.de\\\/#\\\/schema\\\/person\\\/af601319cc34a906612869cf3b4fd51a\"},\"headline\":\"Sicherheitspanne: Probe-Castor von J\u00fclich nach Ahaus\",\"datePublished\":\"2024-07-17T21:46:00+00:00\",\"dateModified\":\"2024-07-19T21:49:56+00:00\",\"mainEntityOfPage\":{\"@id\":\"https:\\\/\\\/www.umweltaktivisten.de\\\/index.php\\\/2024\\\/07\\\/17\\\/sicherheitspanne-probe-castor-von-juelich-nach-ahaus\\\/\"},\"wordCount\":637,\"image\":{\"@id\":\"https:\\\/\\\/www.umweltaktivisten.de\\\/index.php\\\/2024\\\/07\\\/17\\\/sicherheitspanne-probe-castor-von-juelich-nach-ahaus\\\/#primaryimage\"},\"thumbnailUrl\":\"https:\\\/\\\/www.umweltaktivisten.de\\\/wp-content\\\/uploads\\\/2023\\\/12\\\/web-Strecke.jpg\",\"keywords\":[\"J\u00fclicher Atomm\u00fcll\",\"J\u00fclicher Castoren\"],\"articleSection\":{\"1\":\"Atom\",\"2\":\"Stop Westcastor\"},\"inLanguage\":\"de\"},{\"@type\":\"WebPage\",\"@id\":\"https:\\\/\\\/www.umweltaktivisten.de\\\/index.php\\\/2024\\\/07\\\/17\\\/sicherheitspanne-probe-castor-von-juelich-nach-ahaus\\\/\",\"url\":\"https:\\\/\\\/www.umweltaktivisten.de\\\/index.php\\\/2024\\\/07\\\/17\\\/sicherheitspanne-probe-castor-von-juelich-nach-ahaus\\\/\",\"name\":\"Sicherheitspanne: Probe-Castor von J\u00fclich nach Ahaus - umweltaktivisten.de\",\"isPartOf\":{\"@id\":\"https:\\\/\\\/www.umweltaktivisten.de\\\/#website\"},\"primaryImageOfPage\":{\"@id\":\"https:\\\/\\\/www.umweltaktivisten.de\\\/index.php\\\/2024\\\/07\\\/17\\\/sicherheitspanne-probe-castor-von-juelich-nach-ahaus\\\/#primaryimage\"},\"image\":{\"@id\":\"https:\\\/\\\/www.umweltaktivisten.de\\\/index.php\\\/2024\\\/07\\\/17\\\/sicherheitspanne-probe-castor-von-juelich-nach-ahaus\\\/#primaryimage\"},\"thumbnailUrl\":\"https:\\\/\\\/www.umweltaktivisten.de\\\/wp-content\\\/uploads\\\/2023\\\/12\\\/web-Strecke.jpg\",\"datePublished\":\"2024-07-17T21:46:00+00:00\",\"dateModified\":\"2024-07-19T21:49:56+00:00\",\"author\":{\"@id\":\"https:\\\/\\\/www.umweltaktivisten.de\\\/#\\\/schema\\\/person\\\/af601319cc34a906612869cf3b4fd51a\"},\"breadcrumb\":{\"@id\":\"https:\\\/\\\/www.umweltaktivisten.de\\\/index.php\\\/2024\\\/07\\\/17\\\/sicherheitspanne-probe-castor-von-juelich-nach-ahaus\\\/#breadcrumb\"},\"inLanguage\":\"de\",\"potentialAction\":[{\"@type\":\"ReadAction\",\"target\":[\"https:\\\/\\\/www.umweltaktivisten.de\\\/index.php\\\/2024\\\/07\\\/17\\\/sicherheitspanne-probe-castor-von-juelich-nach-ahaus\\\/\"]}]},{\"@type\":\"ImageObject\",\"inLanguage\":\"de\",\"@id\":\"https:\\\/\\\/www.umweltaktivisten.de\\\/index.php\\\/2024\\\/07\\\/17\\\/sicherheitspanne-probe-castor-von-juelich-nach-ahaus\\\/#primaryimage\",\"url\":\"https:\\\/\\\/www.umweltaktivisten.de\\\/wp-content\\\/uploads\\\/2023\\\/12\\\/web-Strecke.jpg\",\"contentUrl\":\"https:\\\/\\\/www.umweltaktivisten.de\\\/wp-content\\\/uploads\\\/2023\\\/12\\\/web-Strecke.jpg\",\"width\":201,\"height\":201,\"caption\":\"Atom\"},{\"@type\":\"BreadcrumbList\",\"@id\":\"https:\\\/\\\/www.umweltaktivisten.de\\\/index.php\\\/2024\\\/07\\\/17\\\/sicherheitspanne-probe-castor-von-juelich-nach-ahaus\\\/#breadcrumb\",\"itemListElement\":[{\"@type\":\"ListItem\",\"position\":1,\"name\":\"Home\",\"item\":\"https:\\\/\\\/www.umweltaktivisten.de\\\/\"},{\"@type\":\"ListItem\",\"position\":2,\"name\":\"Sicherheitspanne: Probe-Castor von J\u00fclich nach Ahaus\"}]},{\"@type\":\"WebSite\",\"@id\":\"https:\\\/\\\/www.umweltaktivisten.de\\\/#website\",\"url\":\"https:\\\/\\\/www.umweltaktivisten.de\\\/\",\"name\":\"umweltaktivisten.de\",\"description\":\"&quot;Wir haben die Erde nur von unseren Kindern geborgt&quot;\",\"potentialAction\":[{\"@type\":\"SearchAction\",\"target\":{\"@type\":\"EntryPoint\",\"urlTemplate\":\"https:\\\/\\\/www.umweltaktivisten.de\\\/?s={search_term_string}\"},\"query-input\":{\"@type\":\"PropertyValueSpecification\",\"valueRequired\":true,\"valueName\":\"search_term_string\"}}],\"inLanguage\":\"de\"},{\"@type\":\"Person\",\"@id\":\"https:\\\/\\\/www.umweltaktivisten.de\\\/#\\\/schema\\\/person\\\/af601319cc34a906612869cf3b4fd51a\",\"name\":\"marita\",\"url\":\"https:\\\/\\\/www.umweltaktivisten.de\\\/author\\\/marita\\\/\"}]}<\/script>\n<!-- \/ Yoast SEO plugin. -->","yoast_head_json":{"title":"Sicherheitspanne: Probe-Castor von J\u00fclich nach Ahaus - umweltaktivisten.de","robots":{"index":"index","follow":"nofollow","max-snippet":"max-snippet:-1","max-image-preview":"max-image-preview:large","max-video-preview":"max-video-preview:-1"},"canonical":"https:\/\/www.umweltaktivisten.de\/index.php\/2024\/07\/17\/sicherheitspanne-probe-castor-von-juelich-nach-ahaus\/","og_locale":"de_DE","og_type":"article","og_title":"Sicherheitspanne: Probe-Castor von J\u00fclich nach Ahaus - umweltaktivisten.de","og_description":"Brisante neue Infos zu Probe-Castor im November 2023 NRW-Innenministerium und NRW-Wirtschaftsministerium: Castor-LKW verliert im Autobahnkreuz Kaiserberg \u201eSichtkontakt\u201c, verl\u00e4sst vorgesehene Route und setzt zur\u00fcck Anti-Atomkraft-Initiativen entsetzt \u00fcber eklatante Sicherheitspanne Mehr als sieben Monate nach der Probefahrt f\u00fcr die geplanten Castor-Transporte mit hochradioaktivem Atomm\u00fcll von J\u00fclich nach Ahaus hat NRW-Wirtschaftsministerin Mona Neubaur\u2026 weiter ...","og_url":"https:\/\/www.umweltaktivisten.de\/index.php\/2024\/07\/17\/sicherheitspanne-probe-castor-von-juelich-nach-ahaus\/","og_site_name":"umweltaktivisten.de","article_published_time":"2024-07-17T21:46:00+00:00","article_modified_time":"2024-07-19T21:49:56+00:00","og_image":[{"width":201,"height":201,"url":"https:\/\/www.umweltaktivisten.de\/wp-content\/uploads\/2023\/12\/web-Strecke.jpg","type":"image\/jpeg"}],"author":"marita","twitter_card":"summary_large_image","twitter_misc":{"Verfasst von":"marita","Gesch\u00e4tzte Lesezeit":"4\u00a0Minuten"},"schema":{"@context":"https:\/\/schema.org","@graph":[{"@type":"Article","@id":"https:\/\/www.umweltaktivisten.de\/index.php\/2024\/07\/17\/sicherheitspanne-probe-castor-von-juelich-nach-ahaus\/#article","isPartOf":{"@id":"https:\/\/www.umweltaktivisten.de\/index.php\/2024\/07\/17\/sicherheitspanne-probe-castor-von-juelich-nach-ahaus\/"},"author":{"name":"marita","@id":"https:\/\/www.umweltaktivisten.de\/#\/schema\/person\/af601319cc34a906612869cf3b4fd51a"},"headline":"Sicherheitspanne: Probe-Castor von J\u00fclich nach Ahaus","datePublished":"2024-07-17T21:46:00+00:00","dateModified":"2024-07-19T21:49:56+00:00","mainEntityOfPage":{"@id":"https:\/\/www.umweltaktivisten.de\/index.php\/2024\/07\/17\/sicherheitspanne-probe-castor-von-juelich-nach-ahaus\/"},"wordCount":637,"image":{"@id":"https:\/\/www.umweltaktivisten.de\/index.php\/2024\/07\/17\/sicherheitspanne-probe-castor-von-juelich-nach-ahaus\/#primaryimage"},"thumbnailUrl":"https:\/\/www.umweltaktivisten.de\/wp-content\/uploads\/2023\/12\/web-Strecke.jpg","keywords":["J\u00fclicher Atomm\u00fcll","J\u00fclicher Castoren"],"articleSection":{"1":"Atom","2":"Stop Westcastor"},"inLanguage":"de"},{"@type":"WebPage","@id":"https:\/\/www.umweltaktivisten.de\/index.php\/2024\/07\/17\/sicherheitspanne-probe-castor-von-juelich-nach-ahaus\/","url":"https:\/\/www.umweltaktivisten.de\/index.php\/2024\/07\/17\/sicherheitspanne-probe-castor-von-juelich-nach-ahaus\/","name":"Sicherheitspanne: Probe-Castor von J\u00fclich nach Ahaus - umweltaktivisten.de","isPartOf":{"@id":"https:\/\/www.umweltaktivisten.de\/#website"},"primaryImageOfPage":{"@id":"https:\/\/www.umweltaktivisten.de\/index.php\/2024\/07\/17\/sicherheitspanne-probe-castor-von-juelich-nach-ahaus\/#primaryimage"},"image":{"@id":"https:\/\/www.umweltaktivisten.de\/index.php\/2024\/07\/17\/sicherheitspanne-probe-castor-von-juelich-nach-ahaus\/#primaryimage"},"thumbnailUrl":"https:\/\/www.umweltaktivisten.de\/wp-content\/uploads\/2023\/12\/web-Strecke.jpg","datePublished":"2024-07-17T21:46:00+00:00","dateModified":"2024-07-19T21:49:56+00:00","author":{"@id":"https:\/\/www.umweltaktivisten.de\/#\/schema\/person\/af601319cc34a906612869cf3b4fd51a"},"breadcrumb":{"@id":"https:\/\/www.umweltaktivisten.de\/index.php\/2024\/07\/17\/sicherheitspanne-probe-castor-von-juelich-nach-ahaus\/#breadcrumb"},"inLanguage":"de","potentialAction":[{"@type":"ReadAction","target":["https:\/\/www.umweltaktivisten.de\/index.php\/2024\/07\/17\/sicherheitspanne-probe-castor-von-juelich-nach-ahaus\/"]}]},{"@type":"ImageObject","inLanguage":"de","@id":"https:\/\/www.umweltaktivisten.de\/index.php\/2024\/07\/17\/sicherheitspanne-probe-castor-von-juelich-nach-ahaus\/#primaryimage","url":"https:\/\/www.umweltaktivisten.de\/wp-content\/uploads\/2023\/12\/web-Strecke.jpg","contentUrl":"https:\/\/www.umweltaktivisten.de\/wp-content\/uploads\/2023\/12\/web-Strecke.jpg","width":201,"height":201,"caption":"Atom"},{"@type":"BreadcrumbList","@id":"https:\/\/www.umweltaktivisten.de\/index.php\/2024\/07\/17\/sicherheitspanne-probe-castor-von-juelich-nach-ahaus\/#breadcrumb","itemListElement":[{"@type":"ListItem","position":1,"name":"Home","item":"https:\/\/www.umweltaktivisten.de\/"},{"@type":"ListItem","position":2,"name":"Sicherheitspanne: Probe-Castor von J\u00fclich nach Ahaus"}]},{"@type":"WebSite","@id":"https:\/\/www.umweltaktivisten.de\/#website","url":"https:\/\/www.umweltaktivisten.de\/","name":"umweltaktivisten.de","description":"&quot;Wir haben die Erde nur von unseren Kindern geborgt&quot;","potentialAction":[{"@type":"SearchAction","target":{"@type":"EntryPoint","urlTemplate":"https:\/\/www.umweltaktivisten.de\/?s={search_term_string}"},"query-input":{"@type":"PropertyValueSpecification","valueRequired":true,"valueName":"search_term_string"}}],"inLanguage":"de"},{"@type":"Person","@id":"https:\/\/www.umweltaktivisten.de\/#\/schema\/person\/af601319cc34a906612869cf3b4fd51a","name":"marita","url":"https:\/\/www.umweltaktivisten.de\/author\/marita\/"}]}},"_links":{"self":[{"href":"https:\/\/www.umweltaktivisten.de\/index.php\/wp-json\/wp\/v2\/posts\/5580","targetHints":{"allow":["GET"]}}],"collection":[{"href":"https:\/\/www.umweltaktivisten.de\/index.php\/wp-json\/wp\/v2\/posts"}],"about":[{"href":"https:\/\/www.umweltaktivisten.de\/index.php\/wp-json\/wp\/v2\/types\/post"}],"author":[{"embeddable":true,"href":"https:\/\/www.umweltaktivisten.de\/index.php\/wp-json\/wp\/v2\/users\/1"}],"replies":[{"embeddable":true,"href":"https:\/\/www.umweltaktivisten.de\/index.php\/wp-json\/wp\/v2\/comments?post=5580"}],"version-history":[{"count":4,"href":"https:\/\/www.umweltaktivisten.de\/index.php\/wp-json\/wp\/v2\/posts\/5580\/revisions"}],"predecessor-version":[{"id":5584,"href":"https:\/\/www.umweltaktivisten.de\/index.php\/wp-json\/wp\/v2\/posts\/5580\/revisions\/5584"}],"wp:featuredmedia":[{"embeddable":true,"href":"https:\/\/www.umweltaktivisten.de\/index.php\/wp-json\/wp\/v2\/media\/5430"}],"wp:attachment":[{"href":"https:\/\/www.umweltaktivisten.de\/index.php\/wp-json\/wp\/v2\/media?parent=5580"}],"wp:term":[{"taxonomy":"category","embeddable":true,"href":"https:\/\/www.umweltaktivisten.de\/index.php\/wp-json\/wp\/v2\/categories?post=5580"},{"taxonomy":"post_tag","embeddable":true,"href":"https:\/\/www.umweltaktivisten.de\/index.php\/wp-json\/wp\/v2\/tags?post=5580"}],"curies":[{"name":"wp","href":"https:\/\/api.w.org\/{rel}","templated":true}]}}