{"id":537,"date":"2015-07-01T13:03:01","date_gmt":"2015-07-01T11:03:01","guid":{"rendered":"http:\/\/www.umweltaktivisten.de\/?p=537"},"modified":"2019-04-17T22:15:20","modified_gmt":"2019-04-17T20:15:20","slug":"bundesbergrecht","status":"publish","type":"post","link":"https:\/\/www.umweltaktivisten.de\/index.php\/2015\/07\/01\/bundesbergrecht\/","title":{"rendered":"Bundesbergrecht"},"content":{"rendered":"<div id=\"attachment_570\" style=\"width: 268px\" class=\"wp-caption alignleft\"><img loading=\"lazy\" decoding=\"async\" aria-describedby=\"caption-attachment-570\" class=\" wp-image-570\" src=\"https:\/\/www.umweltaktivisten.de\/wp-content\/uploads\/2015\/07\/2_Hand_Stop_fracking1.jpg\" alt=\"\" width=\"258\" height=\"258\" srcset=\"https:\/\/www.umweltaktivisten.de\/wp-content\/uploads\/2015\/07\/2_Hand_Stop_fracking1.jpg 300w, https:\/\/www.umweltaktivisten.de\/wp-content\/uploads\/2015\/07\/2_Hand_Stop_fracking1-150x150.jpg 150w\" sizes=\"auto, (max-width: 258px) 100vw, 258px\" \/><p id=\"caption-attachment-570\" class=\"wp-caption-text\">Stop Fracking<\/p><\/div>\n<p><strong>In der Sitzung vom 10. Juni 2015 fordern zahlreiche Sachverst\u00e4ndige eine \u00c4nderung des Bundesbergrechts: Die Beweislast.<br \/>\n<\/strong><\/p>\n<p>Bei Bergsch\u00e4den, die durch Tiefbohrungen \u2013 wie beispielsweise Fracking \u2013 enststanden sind, sollen Unternehmen in Zukunft den Nachweis erbringen.<\/p>\n<p><a href=\"http:\/\/www.bundestag.de\/mediathek\/?action=search&amp;ids=5195726&amp;instance=m187&amp;mask=search&amp;contentArea=details\" target=\"\" rel=\"noopener noreferrer\">Link zur Sitzung (Quelle: <\/a><a href=\"http:\/\/www.bundestag.de\/mediathek\/?action=search&amp;ids=5195726&amp;instance=m187&amp;mask=search&amp;contentArea=details\" target=\"\" rel=\"noopener noreferrer\">Der Bundestag)<\/a><\/p>\n","protected":false},"excerpt":{"rendered":"<p>In der Sitzung vom 10. Juni 2015 fordern zahlreiche Sachverst\u00e4ndige eine \u00c4nderung des Bundesbergrechts: Die Beweislast. Bei Bergsch\u00e4den, die durch Tiefbohrungen \u2013 wie beispielsweise Fracking \u2013 enststanden sind, sollen Unternehmen in Zukunft den Nachweis erbringen. Link zur Sitzung (Quelle: Der Bundestag)<\/p>\n<p class=\"continue-reading-button\"> <a class=\"continue-reading-link\" href=\"https:\/\/www.umweltaktivisten.de\/index.php\/2015\/07\/01\/bundesbergrecht\/\">weiter &#8230;<i class=\"crycon-right-dir\"><\/i><\/a><\/p>\n","protected":false},"author":1,"featured_media":812,"comment_status":"closed","ping_status":"closed","sticky":false,"template":"","format":"standard","meta":{"footnotes":""},"categories":[33],"tags":[],"class_list":["post-537","post","type-post","status-publish","format-standard","has-post-thumbnail","hentry","category-bundestag"],"yoast_head":"<!-- This site is optimized with the Yoast SEO plugin v27.5 - https:\/\/yoast.com\/product\/yoast-seo-wordpress\/ -->\n<title>Bundesbergrecht - umweltaktivisten.de<\/title>\n<meta name=\"description\" content=\"In der Sitzung fordern zahlreiche Sachverst\u00e4ndige eine \u00c4nderung des Bundesbergrechts: Die Beweislast. Bie Bergsch\u00e4den sollen Unternehmen in Zukunft den Nachweis erbrigen.bei Fracking..\" \/>\n<meta name=\"robots\" content=\"index, nofollow, max-snippet:-1, max-image-preview:large, max-video-preview:-1\" \/>\n<link rel=\"canonical\" href=\"https:\/\/www.umweltaktivisten.de\/index.php\/2015\/07\/01\/bundesbergrecht\/\" \/>\n<meta property=\"og:locale\" content=\"de_DE\" \/>\n<meta property=\"og:type\" content=\"article\" \/>\n<meta property=\"og:title\" content=\"Bundesbergrecht - umweltaktivisten.de\" \/>\n<meta property=\"og:description\" content=\"In der Sitzung fordern zahlreiche Sachverst\u00e4ndige eine \u00c4nderung des Bundesbergrechts: Die Beweislast. Bie Bergsch\u00e4den sollen Unternehmen in Zukunft den Nachweis erbrigen.bei Fracking..\" \/>\n<meta property=\"og:url\" content=\"https:\/\/www.umweltaktivisten.de\/index.php\/2015\/07\/01\/bundesbergrecht\/\" \/>\n<meta property=\"og:site_name\" content=\"umweltaktivisten.de\" \/>\n<meta property=\"article:published_time\" content=\"2015-07-01T11:03:01+00:00\" \/>\n<meta property=\"article:modified_time\" content=\"2019-04-17T20:15:20+00:00\" \/>\n<meta property=\"og:image\" content=\"https:\/\/www.umweltaktivisten.de\/wp-content\/uploads\/2015\/09\/2_Hand_Stop_fracking-150x150.jpg\" \/>\n\t<meta property=\"og:image:width\" content=\"150\" \/>\n\t<meta property=\"og:image:height\" content=\"150\" \/>\n\t<meta property=\"og:image:type\" content=\"image\/jpeg\" \/>\n<meta name=\"author\" content=\"marita\" \/>\n<meta name=\"twitter:card\" content=\"summary_large_image\" \/>\n<meta name=\"twitter:label1\" content=\"Verfasst von\" \/>\n\t<meta name=\"twitter:data1\" content=\"marita\" \/>\n<script type=\"application\/ld+json\" class=\"yoast-schema-graph\">{\"@context\":\"https:\\\/\\\/schema.org\",\"@graph\":[{\"@type\":\"Article\",\"@id\":\"https:\\\/\\\/www.umweltaktivisten.de\\\/index.php\\\/2015\\\/07\\\/01\\\/bundesbergrecht\\\/#article\",\"isPartOf\":{\"@id\":\"https:\\\/\\\/www.umweltaktivisten.de\\\/index.php\\\/2015\\\/07\\\/01\\\/bundesbergrecht\\\/\"},\"author\":{\"name\":\"marita\",\"@id\":\"https:\\\/\\\/www.umweltaktivisten.de\\\/#\\\/schema\\\/person\\\/af601319cc34a906612869cf3b4fd51a\"},\"headline\":\"Bundesbergrecht\",\"datePublished\":\"2015-07-01T11:03:01+00:00\",\"dateModified\":\"2019-04-17T20:15:20+00:00\",\"mainEntityOfPage\":{\"@id\":\"https:\\\/\\\/www.umweltaktivisten.de\\\/index.php\\\/2015\\\/07\\\/01\\\/bundesbergrecht\\\/\"},\"wordCount\":49,\"image\":{\"@id\":\"https:\\\/\\\/www.umweltaktivisten.de\\\/index.php\\\/2015\\\/07\\\/01\\\/bundesbergrecht\\\/#primaryimage\"},\"thumbnailUrl\":\"https:\\\/\\\/www.umweltaktivisten.de\\\/wp-content\\\/uploads\\\/2015\\\/09\\\/2_Hand_Stop_fracking-150x150.jpg\",\"articleSection\":[\"Bundestag\"],\"inLanguage\":\"de\"},{\"@type\":\"WebPage\",\"@id\":\"https:\\\/\\\/www.umweltaktivisten.de\\\/index.php\\\/2015\\\/07\\\/01\\\/bundesbergrecht\\\/\",\"url\":\"https:\\\/\\\/www.umweltaktivisten.de\\\/index.php\\\/2015\\\/07\\\/01\\\/bundesbergrecht\\\/\",\"name\":\"Bundesbergrecht - umweltaktivisten.de\",\"isPartOf\":{\"@id\":\"https:\\\/\\\/www.umweltaktivisten.de\\\/#website\"},\"primaryImageOfPage\":{\"@id\":\"https:\\\/\\\/www.umweltaktivisten.de\\\/index.php\\\/2015\\\/07\\\/01\\\/bundesbergrecht\\\/#primaryimage\"},\"image\":{\"@id\":\"https:\\\/\\\/www.umweltaktivisten.de\\\/index.php\\\/2015\\\/07\\\/01\\\/bundesbergrecht\\\/#primaryimage\"},\"thumbnailUrl\":\"https:\\\/\\\/www.umweltaktivisten.de\\\/wp-content\\\/uploads\\\/2015\\\/09\\\/2_Hand_Stop_fracking-150x150.jpg\",\"datePublished\":\"2015-07-01T11:03:01+00:00\",\"dateModified\":\"2019-04-17T20:15:20+00:00\",\"author\":{\"@id\":\"https:\\\/\\\/www.umweltaktivisten.de\\\/#\\\/schema\\\/person\\\/af601319cc34a906612869cf3b4fd51a\"},\"description\":\"In der Sitzung fordern zahlreiche Sachverst\u00e4ndige eine \u00c4nderung des Bundesbergrechts: Die Beweislast. Bie Bergsch\u00e4den sollen Unternehmen in Zukunft den Nachweis erbrigen.bei Fracking..\",\"breadcrumb\":{\"@id\":\"https:\\\/\\\/www.umweltaktivisten.de\\\/index.php\\\/2015\\\/07\\\/01\\\/bundesbergrecht\\\/#breadcrumb\"},\"inLanguage\":\"de\",\"potentialAction\":[{\"@type\":\"ReadAction\",\"target\":[\"https:\\\/\\\/www.umweltaktivisten.de\\\/index.php\\\/2015\\\/07\\\/01\\\/bundesbergrecht\\\/\"]}]},{\"@type\":\"ImageObject\",\"inLanguage\":\"de\",\"@id\":\"https:\\\/\\\/www.umweltaktivisten.de\\\/index.php\\\/2015\\\/07\\\/01\\\/bundesbergrecht\\\/#primaryimage\",\"url\":\"https:\\\/\\\/www.umweltaktivisten.de\\\/wp-content\\\/uploads\\\/2015\\\/09\\\/2_Hand_Stop_fracking-150x150.jpg\",\"contentUrl\":\"https:\\\/\\\/www.umweltaktivisten.de\\\/wp-content\\\/uploads\\\/2015\\\/09\\\/2_Hand_Stop_fracking-150x150.jpg\",\"width\":150,\"height\":150},{\"@type\":\"BreadcrumbList\",\"@id\":\"https:\\\/\\\/www.umweltaktivisten.de\\\/index.php\\\/2015\\\/07\\\/01\\\/bundesbergrecht\\\/#breadcrumb\",\"itemListElement\":[{\"@type\":\"ListItem\",\"position\":1,\"name\":\"Home\",\"item\":\"https:\\\/\\\/www.umweltaktivisten.de\\\/\"},{\"@type\":\"ListItem\",\"position\":2,\"name\":\"Bundesbergrecht\"}]},{\"@type\":\"WebSite\",\"@id\":\"https:\\\/\\\/www.umweltaktivisten.de\\\/#website\",\"url\":\"https:\\\/\\\/www.umweltaktivisten.de\\\/\",\"name\":\"umweltaktivisten.de\",\"description\":\"&quot;Wir haben die Erde nur von unseren Kindern geborgt&quot;\",\"potentialAction\":[{\"@type\":\"SearchAction\",\"target\":{\"@type\":\"EntryPoint\",\"urlTemplate\":\"https:\\\/\\\/www.umweltaktivisten.de\\\/?s={search_term_string}\"},\"query-input\":{\"@type\":\"PropertyValueSpecification\",\"valueRequired\":true,\"valueName\":\"search_term_string\"}}],\"inLanguage\":\"de\"},{\"@type\":\"Person\",\"@id\":\"https:\\\/\\\/www.umweltaktivisten.de\\\/#\\\/schema\\\/person\\\/af601319cc34a906612869cf3b4fd51a\",\"name\":\"marita\",\"url\":\"https:\\\/\\\/www.umweltaktivisten.de\\\/author\\\/marita\\\/\"}]}<\/script>\n<!-- \/ Yoast SEO plugin. -->","yoast_head_json":{"title":"Bundesbergrecht - umweltaktivisten.de","description":"In der Sitzung fordern zahlreiche Sachverst\u00e4ndige eine \u00c4nderung des Bundesbergrechts: Die Beweislast. Bie Bergsch\u00e4den sollen Unternehmen in Zukunft den Nachweis erbrigen.bei Fracking..","robots":{"index":"index","follow":"nofollow","max-snippet":"max-snippet:-1","max-image-preview":"max-image-preview:large","max-video-preview":"max-video-preview:-1"},"canonical":"https:\/\/www.umweltaktivisten.de\/index.php\/2015\/07\/01\/bundesbergrecht\/","og_locale":"de_DE","og_type":"article","og_title":"Bundesbergrecht - umweltaktivisten.de","og_description":"In der Sitzung fordern zahlreiche Sachverst\u00e4ndige eine \u00c4nderung des Bundesbergrechts: Die Beweislast. Bie Bergsch\u00e4den sollen Unternehmen in Zukunft den Nachweis erbrigen.bei Fracking..","og_url":"https:\/\/www.umweltaktivisten.de\/index.php\/2015\/07\/01\/bundesbergrecht\/","og_site_name":"umweltaktivisten.de","article_published_time":"2015-07-01T11:03:01+00:00","article_modified_time":"2019-04-17T20:15:20+00:00","og_image":[{"width":150,"height":150,"url":"https:\/\/www.umweltaktivisten.de\/wp-content\/uploads\/2015\/09\/2_Hand_Stop_fracking-150x150.jpg","type":"image\/jpeg"}],"author":"marita","twitter_card":"summary_large_image","twitter_misc":{"Verfasst von":"marita"},"schema":{"@context":"https:\/\/schema.org","@graph":[{"@type":"Article","@id":"https:\/\/www.umweltaktivisten.de\/index.php\/2015\/07\/01\/bundesbergrecht\/#article","isPartOf":{"@id":"https:\/\/www.umweltaktivisten.de\/index.php\/2015\/07\/01\/bundesbergrecht\/"},"author":{"name":"marita","@id":"https:\/\/www.umweltaktivisten.de\/#\/schema\/person\/af601319cc34a906612869cf3b4fd51a"},"headline":"Bundesbergrecht","datePublished":"2015-07-01T11:03:01+00:00","dateModified":"2019-04-17T20:15:20+00:00","mainEntityOfPage":{"@id":"https:\/\/www.umweltaktivisten.de\/index.php\/2015\/07\/01\/bundesbergrecht\/"},"wordCount":49,"image":{"@id":"https:\/\/www.umweltaktivisten.de\/index.php\/2015\/07\/01\/bundesbergrecht\/#primaryimage"},"thumbnailUrl":"https:\/\/www.umweltaktivisten.de\/wp-content\/uploads\/2015\/09\/2_Hand_Stop_fracking-150x150.jpg","articleSection":["Bundestag"],"inLanguage":"de"},{"@type":"WebPage","@id":"https:\/\/www.umweltaktivisten.de\/index.php\/2015\/07\/01\/bundesbergrecht\/","url":"https:\/\/www.umweltaktivisten.de\/index.php\/2015\/07\/01\/bundesbergrecht\/","name":"Bundesbergrecht - umweltaktivisten.de","isPartOf":{"@id":"https:\/\/www.umweltaktivisten.de\/#website"},"primaryImageOfPage":{"@id":"https:\/\/www.umweltaktivisten.de\/index.php\/2015\/07\/01\/bundesbergrecht\/#primaryimage"},"image":{"@id":"https:\/\/www.umweltaktivisten.de\/index.php\/2015\/07\/01\/bundesbergrecht\/#primaryimage"},"thumbnailUrl":"https:\/\/www.umweltaktivisten.de\/wp-content\/uploads\/2015\/09\/2_Hand_Stop_fracking-150x150.jpg","datePublished":"2015-07-01T11:03:01+00:00","dateModified":"2019-04-17T20:15:20+00:00","author":{"@id":"https:\/\/www.umweltaktivisten.de\/#\/schema\/person\/af601319cc34a906612869cf3b4fd51a"},"description":"In der Sitzung fordern zahlreiche Sachverst\u00e4ndige eine \u00c4nderung des Bundesbergrechts: Die Beweislast. Bie Bergsch\u00e4den sollen Unternehmen in Zukunft den Nachweis erbrigen.bei Fracking..","breadcrumb":{"@id":"https:\/\/www.umweltaktivisten.de\/index.php\/2015\/07\/01\/bundesbergrecht\/#breadcrumb"},"inLanguage":"de","potentialAction":[{"@type":"ReadAction","target":["https:\/\/www.umweltaktivisten.de\/index.php\/2015\/07\/01\/bundesbergrecht\/"]}]},{"@type":"ImageObject","inLanguage":"de","@id":"https:\/\/www.umweltaktivisten.de\/index.php\/2015\/07\/01\/bundesbergrecht\/#primaryimage","url":"https:\/\/www.umweltaktivisten.de\/wp-content\/uploads\/2015\/09\/2_Hand_Stop_fracking-150x150.jpg","contentUrl":"https:\/\/www.umweltaktivisten.de\/wp-content\/uploads\/2015\/09\/2_Hand_Stop_fracking-150x150.jpg","width":150,"height":150},{"@type":"BreadcrumbList","@id":"https:\/\/www.umweltaktivisten.de\/index.php\/2015\/07\/01\/bundesbergrecht\/#breadcrumb","itemListElement":[{"@type":"ListItem","position":1,"name":"Home","item":"https:\/\/www.umweltaktivisten.de\/"},{"@type":"ListItem","position":2,"name":"Bundesbergrecht"}]},{"@type":"WebSite","@id":"https:\/\/www.umweltaktivisten.de\/#website","url":"https:\/\/www.umweltaktivisten.de\/","name":"umweltaktivisten.de","description":"&quot;Wir haben die Erde nur von unseren Kindern geborgt&quot;","potentialAction":[{"@type":"SearchAction","target":{"@type":"EntryPoint","urlTemplate":"https:\/\/www.umweltaktivisten.de\/?s={search_term_string}"},"query-input":{"@type":"PropertyValueSpecification","valueRequired":true,"valueName":"search_term_string"}}],"inLanguage":"de"},{"@type":"Person","@id":"https:\/\/www.umweltaktivisten.de\/#\/schema\/person\/af601319cc34a906612869cf3b4fd51a","name":"marita","url":"https:\/\/www.umweltaktivisten.de\/author\/marita\/"}]}},"_links":{"self":[{"href":"https:\/\/www.umweltaktivisten.de\/index.php\/wp-json\/wp\/v2\/posts\/537","targetHints":{"allow":["GET"]}}],"collection":[{"href":"https:\/\/www.umweltaktivisten.de\/index.php\/wp-json\/wp\/v2\/posts"}],"about":[{"href":"https:\/\/www.umweltaktivisten.de\/index.php\/wp-json\/wp\/v2\/types\/post"}],"author":[{"embeddable":true,"href":"https:\/\/www.umweltaktivisten.de\/index.php\/wp-json\/wp\/v2\/users\/1"}],"replies":[{"embeddable":true,"href":"https:\/\/www.umweltaktivisten.de\/index.php\/wp-json\/wp\/v2\/comments?post=537"}],"version-history":[{"count":2,"href":"https:\/\/www.umweltaktivisten.de\/index.php\/wp-json\/wp\/v2\/posts\/537\/revisions"}],"predecessor-version":[{"id":3436,"href":"https:\/\/www.umweltaktivisten.de\/index.php\/wp-json\/wp\/v2\/posts\/537\/revisions\/3436"}],"wp:featuredmedia":[{"embeddable":true,"href":"https:\/\/www.umweltaktivisten.de\/index.php\/wp-json\/wp\/v2\/media\/812"}],"wp:attachment":[{"href":"https:\/\/www.umweltaktivisten.de\/index.php\/wp-json\/wp\/v2\/media?parent=537"}],"wp:term":[{"taxonomy":"category","embeddable":true,"href":"https:\/\/www.umweltaktivisten.de\/index.php\/wp-json\/wp\/v2\/categories?post=537"},{"taxonomy":"post_tag","embeddable":true,"href":"https:\/\/www.umweltaktivisten.de\/index.php\/wp-json\/wp\/v2\/tags?post=537"}],"curies":[{"name":"wp","href":"https:\/\/api.w.org\/{rel}","templated":true}]}}