{"id":5242,"date":"2023-09-01T10:47:58","date_gmt":"2023-09-01T08:47:58","guid":{"rendered":"https:\/\/www.umweltaktivisten.de\/?p=5242"},"modified":"2023-09-01T10:49:23","modified_gmt":"2023-09-01T08:49:23","slug":"2024-castor-transporte-juelich-ahaus","status":"publish","type":"post","link":"https:\/\/www.umweltaktivisten.de\/index.php\/2023\/09\/01\/2024-castor-transporte-juelich-ahaus\/","title":{"rendered":"2024: Castor-Transporte J\u00fclich-Ahaus?"},"content":{"rendered":"\n<p><strong>Ab 2024 k\u00f6nnten sie rollen, die Castoren mit hochradioaktivem Atomm\u00fcll vom Zwischenlager J\u00fclich ins Zwischenlager Ahaus. Dabei sind beide Zwischenlager gleicherma\u00dfen ungeeignet. Das konzeptlose Verschieben von Atomm\u00fcll muss deshalb sofort gestoppt werden.<\/strong><\/p>\n\n\n<div class=\"wp-block-image\">\n<figure class=\"alignleft size-large is-resized\"><img loading=\"lazy\" decoding=\"async\" src=\"https:\/\/www.westcastor.org\/wp-content\/uploads\/2022\/06\/radioactivity-66774_2-1024x623.jpg\" alt=\"\" class=\"wp-image-3643\" style=\"width:289px;height:175px\" width=\"289\" height=\"175\"\/><figcaption class=\"wp-element-caption\">Foto: pixabay.com<\/figcaption><\/figure>\n<\/div>\n\n\n<p class=\"has-medium-font-size\"><strong>Castor-Transporte von J\u00fclich nach Ahaus geplant<\/strong><\/p>\n\n\n\n<p><strong>152 Castoren mit hochradioaktivem Atomm\u00fcll sollen ab 2024 vom Zwischenlager J\u00fclich in das Zwischenlager Ahaus verlegt werden. Die Transportgenehmigung ist beantragt und k\u00f6nnte noch 2023 erteilt werden. Die Genehmigung f\u00fcr die Einlagerung in Ahaus liegt bereits vor, wird aber derzeit noch von der Stadt Ahaus beklagt. Die Stadt hat bereits angek\u00fcndigt, auch gegen die Transportgenehmigung klagen zu wollen.<\/strong><\/p>\n\n\n\n<p>Trotzdem <a href=\"https:\/\/www.ausgestrahlt.de\/presse\/uebersicht\/castor-test-transport-nach-ahaus-konzeptloses-vers\/\" target=\"_blank\" rel=\"noreferrer noopener nofollow\">fanden Ende Juli 2023 erste Test-Transporte<\/a> mit einem 30 Meter langen Spezialfahrzeug statt.<\/p>\n\n\n\n<p class=\"has-medium-font-size\"><strong>Zwischenlager J\u00fclich seit 2013 ohne Genehmigung<\/strong><\/p>\n\n\n\n<p>Im Zwischenlager J\u00fclich lagern die Brennelementkugeln aus dem Reaktor der Arbeitsgemeinschaft Versuchsreaktor (AVR) J\u00fclich. Dieses sorgte 2013 f\u00fcr Schlagzeilen, als die Genehmigung f\u00fcr die dortige Zwischenlagerhalle auslief. Weil die Halle die geltenden Bestimmungen zum Erdbebenschutz nicht erf\u00fcllt, wurde die Genehmigung nicht verl\u00e4ngert. Seitdem gilt lediglich eine Anordnung der zust\u00e4ndigen Atomaufsicht \u2013 des nordrhein-westf\u00e4lischen Wirtschaftsministeriums (MWIKE.NRW) \u2013 zur R\u00e4umung des Lagers und zur vor\u00fcbergehenden Aufbewahrung der Castor-Beh\u00e4lter vor Ort.<\/p>\n\n\n\n<p>Unter mehreren Ideen, wie mit der Situation umzugehen sei, favorisierte der Betreiber zun\u00e4chst einen Export des Atomm\u00fclls in die USA, zum milit\u00e4rischen <a href=\"https:\/\/www.energy.gov\/srs\/savannah-river-site\" target=\"_blank\" rel=\"noreferrer noopener nofollow\">Nuklearkomplex Savannah River Site<\/a> (<a href=\"https:\/\/en.wikipedia.org\/wiki\/Savannah_River_Site\" target=\"_blank\" rel=\"noreferrer noopener nofollow\">&#8230;mehr<\/a>). Dieser konnte zum Gl\u00fcck verhindert werden. Weitere M\u00f6glichkeiten sind ein erdbebensicherer Neubau der Zwischenlagerhalle vor Ort oder der jetzt angedachte Transport in das Zwischenlager Ahaus.<\/p>\n\n\n\n<p><strong>Laut einem Bericht dreier Bundesministerien sollen Atomtransporte nach Ahaus nicht nur kosteng\u00fcnstiger, sondern auch schneller umsetzbar sein als ein Neubau in J\u00fclich. Das jeder Transport von Atomm\u00fcll eine besondere Gefahr f\u00fcr Umwelt und Mensch beinhaltet, scheint bei dieser eh fragw\u00fcrdigen Berechnung keine Rolle gespielt zu haben. <\/strong><mark style=\"background-color:#abb8c3\" class=\"has-inline-color has-black-color\">Die schwarz-gr\u00fcne Landesregierung von NRW spricht sich jedoch auch weiterhin f\u00fcr den Neubau in J\u00fclich aus. Ein passendes Gel\u00e4nde daf\u00fcr ist bereits gefunden. F\u00fcr diesen Fall m\u00fcsse das Land die Mehrkosten tragen, stellte der Haushaltsausschuss des Bundestags mit den Stimmen der Ampel-Koalition klar<\/mark><strong><mark style=\"background-color:#abb8c3\" class=\"has-inline-color has-black-color\">.<\/mark> Dabei w\u00e4re mehr als genug Zeit gewesen, ein den Anforderungen gen\u00fcgendes Zwischenlager in J\u00fclich zu errichten.<\/strong><\/p>\n\n\n\n<p class=\"has-medium-font-size\"><strong>Zwischenlager Ahaus<\/strong><\/p>\n\n\n\n<p>In Ahaus befindet sich eines von drei zentralen Atomm\u00fcll-Zwischenlagern in Deutschland. Dort lagert sowohl hochradioaktiver Atomm\u00fcll als auch schwach- und mittelradioaktiver Atomm\u00fcll. <mark style=\"background-color:#abb8c3\" class=\"has-inline-color has-black-color\">Die Genehmigung f\u00fcr das Atomm\u00fcll-Lager in Ahaus l\u00e4uft allerdings schon in 13 Jahren aus. Niemand wei\u00df, was dann mit den hochradioaktiven Hinterlassenschaften passieren soll.<\/mark><\/p>\n\n\n\n<p><mark style=\"background-color:#abb8c3\" class=\"has-inline-color has-black-color\">Dar\u00fcber hinaus gibt es im <a href=\"https:\/\/www.ausgestrahlt.de\/themen\/atomstandorte\/ahaus\/\" target=\"_blank\" rel=\"noreferrer noopener nofollow\">Zwischenlager Ahaus<\/a> keine ausreichende M\u00f6glichkeit, defekte Castoren zu reparieren.<\/mark><br>\u00a0<\/p>\n\n\n\n<p class=\"has-medium-font-size\"><strong>Bestehende Zwischenlager sind ungeeignet<\/strong><\/p>\n\n\n\n<p>Ein tiefengeologisches Lager f\u00fcr den Atomm\u00fcll wird erst im 22. Jahrhundert zur Verf\u00fcgung stehen. Die Genehmigung f\u00fcr das Zwischenlager Ahaus l\u00e4uft aus. <mark style=\"background-color:#abb8c3\" class=\"has-inline-color has-black-color\">Au\u00dferdem haben die Castoren selbst nur einen T\u00dcV-Stempel f\u00fcr 40 Jahre. Schon jetzt wei\u00df niemand, wie es in ihrem Inneren wirklich aussieht.<\/mark><\/p>\n\n\n\n<p>N\u00f6tig ist deshalb ein schl\u00fcssiges, mit den Betroffenen gemeinsam erarbeitetes Gesamtkonzept zur m\u00f6glichst sicheren Langzeit-Zwischenlagerung von allen Atomm\u00fcll-Sorten in Deutschland. <strong>Bis dahin sollte jeder M\u00fcll bleiben, wo er ist<\/strong>. <mark style=\"background-color:#abb8c3\" class=\"has-inline-color has-black-color\">Denn ein wahlloses Herumkarren abgebrannter Brennelemente von einem ungeeigneten Lager in ein anderes l\u00f6st das Atomm\u00fcll-Problem nicht.<\/mark><\/p>\n\n\n\n<p>(Quelle: <a href=\"https:\/\/www.ausgestrahlt.de\/themen\/atommuell\/hochradioaktiv\/zwischenlagerung\/castortransporte-vom-zwischenlager-julich-nach-ahaus\/\" target=\"_blank\" rel=\"noreferrer noopener nofollow\">.ausgestrahlt<\/a>)<\/p>\n","protected":false},"excerpt":{"rendered":"<p>Ab 2024 k\u00f6nnten sie rollen, die Castoren mit hochradioaktivem Atomm\u00fcll vom Zwischenlager J\u00fclich ins Zwischenlager Ahaus. Dabei sind beide Zwischenlager gleicherma\u00dfen ungeeignet. Das konzeptlose Verschieben von Atomm\u00fcll muss deshalb sofort gestoppt werden. Castor-Transporte von J\u00fclich nach Ahaus geplant 152 Castoren mit hochradioaktivem Atomm\u00fcll sollen ab 2024 vom Zwischenlager J\u00fclich in\u2026<\/p>\n<p class=\"continue-reading-button\"> <a class=\"continue-reading-link\" href=\"https:\/\/www.umweltaktivisten.de\/index.php\/2023\/09\/01\/2024-castor-transporte-juelich-ahaus\/\">weiter &#8230;<i class=\"crycon-right-dir\"><\/i><\/a><\/p>\n","protected":false},"author":1,"featured_media":5120,"comment_status":"closed","ping_status":"closed","sticky":false,"template":"","format":"standard","meta":{"footnotes":""},"categories":[21,94,1,10],"tags":[],"class_list":["post-5242","post","type-post","status-publish","format-standard","has-post-thumbnail","hentry","category-atom","category-aktuelles","category-allgemein","category-stop-westcastor"],"yoast_head":"<!-- This site is optimized with the Yoast SEO plugin v27.5 - https:\/\/yoast.com\/product\/yoast-seo-wordpress\/ -->\n<title>2024: Castor-Transporte J\u00fclich-Ahaus? - umweltaktivisten.de<\/title>\n<meta name=\"robots\" content=\"index, nofollow, max-snippet:-1, max-image-preview:large, max-video-preview:-1\" \/>\n<link rel=\"canonical\" href=\"https:\/\/www.umweltaktivisten.de\/index.php\/2023\/09\/01\/2024-castor-transporte-juelich-ahaus\/\" \/>\n<meta property=\"og:locale\" content=\"de_DE\" \/>\n<meta property=\"og:type\" content=\"article\" \/>\n<meta property=\"og:title\" content=\"2024: Castor-Transporte J\u00fclich-Ahaus? - umweltaktivisten.de\" \/>\n<meta property=\"og:description\" content=\"Ab 2024 k\u00f6nnten sie rollen, die Castoren mit hochradioaktivem Atomm\u00fcll vom Zwischenlager J\u00fclich ins Zwischenlager Ahaus. Dabei sind beide Zwischenlager gleicherma\u00dfen ungeeignet. Das konzeptlose Verschieben von Atomm\u00fcll muss deshalb sofort gestoppt werden. Castor-Transporte von J\u00fclich nach Ahaus geplant 152 Castoren mit hochradioaktivem Atomm\u00fcll sollen ab 2024 vom Zwischenlager J\u00fclich in\u2026 weiter ...\" \/>\n<meta property=\"og:url\" content=\"https:\/\/www.umweltaktivisten.de\/index.php\/2023\/09\/01\/2024-castor-transporte-juelich-ahaus\/\" \/>\n<meta property=\"og:site_name\" content=\"umweltaktivisten.de\" \/>\n<meta property=\"article:published_time\" content=\"2023-09-01T08:47:58+00:00\" \/>\n<meta property=\"article:modified_time\" content=\"2023-09-01T08:49:23+00:00\" \/>\n<meta property=\"og:image\" content=\"https:\/\/www.umweltaktivisten.de\/wp-content\/uploads\/2022\/06\/Anti-Atom_Euskirchen-W.jpeg\" \/>\n\t<meta property=\"og:image:width\" content=\"424\" \/>\n\t<meta property=\"og:image:height\" content=\"201\" \/>\n\t<meta property=\"og:image:type\" content=\"image\/jpeg\" \/>\n<meta name=\"author\" content=\"marita\" \/>\n<meta name=\"twitter:card\" content=\"summary_large_image\" \/>\n<meta name=\"twitter:label1\" content=\"Verfasst von\" \/>\n\t<meta name=\"twitter:data1\" content=\"marita\" \/>\n\t<meta name=\"twitter:label2\" content=\"Gesch\u00e4tzte Lesezeit\" \/>\n\t<meta name=\"twitter:data2\" content=\"3\u00a0Minuten\" \/>\n<script type=\"application\/ld+json\" class=\"yoast-schema-graph\">{\"@context\":\"https:\\\/\\\/schema.org\",\"@graph\":[{\"@type\":\"Article\",\"@id\":\"https:\\\/\\\/www.umweltaktivisten.de\\\/index.php\\\/2023\\\/09\\\/01\\\/2024-castor-transporte-juelich-ahaus\\\/#article\",\"isPartOf\":{\"@id\":\"https:\\\/\\\/www.umweltaktivisten.de\\\/index.php\\\/2023\\\/09\\\/01\\\/2024-castor-transporte-juelich-ahaus\\\/\"},\"author\":{\"name\":\"marita\",\"@id\":\"https:\\\/\\\/www.umweltaktivisten.de\\\/#\\\/schema\\\/person\\\/af601319cc34a906612869cf3b4fd51a\"},\"headline\":\"2024: Castor-Transporte J\u00fclich-Ahaus?\",\"datePublished\":\"2023-09-01T08:47:58+00:00\",\"dateModified\":\"2023-09-01T08:49:23+00:00\",\"mainEntityOfPage\":{\"@id\":\"https:\\\/\\\/www.umweltaktivisten.de\\\/index.php\\\/2023\\\/09\\\/01\\\/2024-castor-transporte-juelich-ahaus\\\/\"},\"wordCount\":559,\"image\":{\"@id\":\"https:\\\/\\\/www.umweltaktivisten.de\\\/index.php\\\/2023\\\/09\\\/01\\\/2024-castor-transporte-juelich-ahaus\\\/#primaryimage\"},\"thumbnailUrl\":\"https:\\\/\\\/www.umweltaktivisten.de\\\/wp-content\\\/uploads\\\/2022\\\/06\\\/Anti-Atom_Euskirchen-W.jpeg\",\"articleSection\":{\"0\":\"Atom\",\"1\":\"Aktuelles\",\"3\":\"Stop Westcastor\"},\"inLanguage\":\"de\"},{\"@type\":\"WebPage\",\"@id\":\"https:\\\/\\\/www.umweltaktivisten.de\\\/index.php\\\/2023\\\/09\\\/01\\\/2024-castor-transporte-juelich-ahaus\\\/\",\"url\":\"https:\\\/\\\/www.umweltaktivisten.de\\\/index.php\\\/2023\\\/09\\\/01\\\/2024-castor-transporte-juelich-ahaus\\\/\",\"name\":\"2024: Castor-Transporte J\u00fclich-Ahaus? - umweltaktivisten.de\",\"isPartOf\":{\"@id\":\"https:\\\/\\\/www.umweltaktivisten.de\\\/#website\"},\"primaryImageOfPage\":{\"@id\":\"https:\\\/\\\/www.umweltaktivisten.de\\\/index.php\\\/2023\\\/09\\\/01\\\/2024-castor-transporte-juelich-ahaus\\\/#primaryimage\"},\"image\":{\"@id\":\"https:\\\/\\\/www.umweltaktivisten.de\\\/index.php\\\/2023\\\/09\\\/01\\\/2024-castor-transporte-juelich-ahaus\\\/#primaryimage\"},\"thumbnailUrl\":\"https:\\\/\\\/www.umweltaktivisten.de\\\/wp-content\\\/uploads\\\/2022\\\/06\\\/Anti-Atom_Euskirchen-W.jpeg\",\"datePublished\":\"2023-09-01T08:47:58+00:00\",\"dateModified\":\"2023-09-01T08:49:23+00:00\",\"author\":{\"@id\":\"https:\\\/\\\/www.umweltaktivisten.de\\\/#\\\/schema\\\/person\\\/af601319cc34a906612869cf3b4fd51a\"},\"breadcrumb\":{\"@id\":\"https:\\\/\\\/www.umweltaktivisten.de\\\/index.php\\\/2023\\\/09\\\/01\\\/2024-castor-transporte-juelich-ahaus\\\/#breadcrumb\"},\"inLanguage\":\"de\",\"potentialAction\":[{\"@type\":\"ReadAction\",\"target\":[\"https:\\\/\\\/www.umweltaktivisten.de\\\/index.php\\\/2023\\\/09\\\/01\\\/2024-castor-transporte-juelich-ahaus\\\/\"]}]},{\"@type\":\"ImageObject\",\"inLanguage\":\"de\",\"@id\":\"https:\\\/\\\/www.umweltaktivisten.de\\\/index.php\\\/2023\\\/09\\\/01\\\/2024-castor-transporte-juelich-ahaus\\\/#primaryimage\",\"url\":\"https:\\\/\\\/www.umweltaktivisten.de\\\/wp-content\\\/uploads\\\/2022\\\/06\\\/Anti-Atom_Euskirchen-W.jpeg\",\"contentUrl\":\"https:\\\/\\\/www.umweltaktivisten.de\\\/wp-content\\\/uploads\\\/2022\\\/06\\\/Anti-Atom_Euskirchen-W.jpeg\",\"width\":424,\"height\":201},{\"@type\":\"BreadcrumbList\",\"@id\":\"https:\\\/\\\/www.umweltaktivisten.de\\\/index.php\\\/2023\\\/09\\\/01\\\/2024-castor-transporte-juelich-ahaus\\\/#breadcrumb\",\"itemListElement\":[{\"@type\":\"ListItem\",\"position\":1,\"name\":\"Home\",\"item\":\"https:\\\/\\\/www.umweltaktivisten.de\\\/\"},{\"@type\":\"ListItem\",\"position\":2,\"name\":\"2024: Castor-Transporte J\u00fclich-Ahaus?\"}]},{\"@type\":\"WebSite\",\"@id\":\"https:\\\/\\\/www.umweltaktivisten.de\\\/#website\",\"url\":\"https:\\\/\\\/www.umweltaktivisten.de\\\/\",\"name\":\"umweltaktivisten.de\",\"description\":\"&quot;Wir haben die Erde nur von unseren Kindern geborgt&quot;\",\"potentialAction\":[{\"@type\":\"SearchAction\",\"target\":{\"@type\":\"EntryPoint\",\"urlTemplate\":\"https:\\\/\\\/www.umweltaktivisten.de\\\/?s={search_term_string}\"},\"query-input\":{\"@type\":\"PropertyValueSpecification\",\"valueRequired\":true,\"valueName\":\"search_term_string\"}}],\"inLanguage\":\"de\"},{\"@type\":\"Person\",\"@id\":\"https:\\\/\\\/www.umweltaktivisten.de\\\/#\\\/schema\\\/person\\\/af601319cc34a906612869cf3b4fd51a\",\"name\":\"marita\",\"url\":\"https:\\\/\\\/www.umweltaktivisten.de\\\/author\\\/marita\\\/\"}]}<\/script>\n<!-- \/ Yoast SEO plugin. -->","yoast_head_json":{"title":"2024: Castor-Transporte J\u00fclich-Ahaus? - umweltaktivisten.de","robots":{"index":"index","follow":"nofollow","max-snippet":"max-snippet:-1","max-image-preview":"max-image-preview:large","max-video-preview":"max-video-preview:-1"},"canonical":"https:\/\/www.umweltaktivisten.de\/index.php\/2023\/09\/01\/2024-castor-transporte-juelich-ahaus\/","og_locale":"de_DE","og_type":"article","og_title":"2024: Castor-Transporte J\u00fclich-Ahaus? - umweltaktivisten.de","og_description":"Ab 2024 k\u00f6nnten sie rollen, die Castoren mit hochradioaktivem Atomm\u00fcll vom Zwischenlager J\u00fclich ins Zwischenlager Ahaus. Dabei sind beide Zwischenlager gleicherma\u00dfen ungeeignet. Das konzeptlose Verschieben von Atomm\u00fcll muss deshalb sofort gestoppt werden. Castor-Transporte von J\u00fclich nach Ahaus geplant 152 Castoren mit hochradioaktivem Atomm\u00fcll sollen ab 2024 vom Zwischenlager J\u00fclich in\u2026 weiter ...","og_url":"https:\/\/www.umweltaktivisten.de\/index.php\/2023\/09\/01\/2024-castor-transporte-juelich-ahaus\/","og_site_name":"umweltaktivisten.de","article_published_time":"2023-09-01T08:47:58+00:00","article_modified_time":"2023-09-01T08:49:23+00:00","og_image":[{"width":424,"height":201,"url":"https:\/\/www.umweltaktivisten.de\/wp-content\/uploads\/2022\/06\/Anti-Atom_Euskirchen-W.jpeg","type":"image\/jpeg"}],"author":"marita","twitter_card":"summary_large_image","twitter_misc":{"Verfasst von":"marita","Gesch\u00e4tzte Lesezeit":"3\u00a0Minuten"},"schema":{"@context":"https:\/\/schema.org","@graph":[{"@type":"Article","@id":"https:\/\/www.umweltaktivisten.de\/index.php\/2023\/09\/01\/2024-castor-transporte-juelich-ahaus\/#article","isPartOf":{"@id":"https:\/\/www.umweltaktivisten.de\/index.php\/2023\/09\/01\/2024-castor-transporte-juelich-ahaus\/"},"author":{"name":"marita","@id":"https:\/\/www.umweltaktivisten.de\/#\/schema\/person\/af601319cc34a906612869cf3b4fd51a"},"headline":"2024: Castor-Transporte J\u00fclich-Ahaus?","datePublished":"2023-09-01T08:47:58+00:00","dateModified":"2023-09-01T08:49:23+00:00","mainEntityOfPage":{"@id":"https:\/\/www.umweltaktivisten.de\/index.php\/2023\/09\/01\/2024-castor-transporte-juelich-ahaus\/"},"wordCount":559,"image":{"@id":"https:\/\/www.umweltaktivisten.de\/index.php\/2023\/09\/01\/2024-castor-transporte-juelich-ahaus\/#primaryimage"},"thumbnailUrl":"https:\/\/www.umweltaktivisten.de\/wp-content\/uploads\/2022\/06\/Anti-Atom_Euskirchen-W.jpeg","articleSection":{"0":"Atom","1":"Aktuelles","3":"Stop Westcastor"},"inLanguage":"de"},{"@type":"WebPage","@id":"https:\/\/www.umweltaktivisten.de\/index.php\/2023\/09\/01\/2024-castor-transporte-juelich-ahaus\/","url":"https:\/\/www.umweltaktivisten.de\/index.php\/2023\/09\/01\/2024-castor-transporte-juelich-ahaus\/","name":"2024: Castor-Transporte J\u00fclich-Ahaus? - umweltaktivisten.de","isPartOf":{"@id":"https:\/\/www.umweltaktivisten.de\/#website"},"primaryImageOfPage":{"@id":"https:\/\/www.umweltaktivisten.de\/index.php\/2023\/09\/01\/2024-castor-transporte-juelich-ahaus\/#primaryimage"},"image":{"@id":"https:\/\/www.umweltaktivisten.de\/index.php\/2023\/09\/01\/2024-castor-transporte-juelich-ahaus\/#primaryimage"},"thumbnailUrl":"https:\/\/www.umweltaktivisten.de\/wp-content\/uploads\/2022\/06\/Anti-Atom_Euskirchen-W.jpeg","datePublished":"2023-09-01T08:47:58+00:00","dateModified":"2023-09-01T08:49:23+00:00","author":{"@id":"https:\/\/www.umweltaktivisten.de\/#\/schema\/person\/af601319cc34a906612869cf3b4fd51a"},"breadcrumb":{"@id":"https:\/\/www.umweltaktivisten.de\/index.php\/2023\/09\/01\/2024-castor-transporte-juelich-ahaus\/#breadcrumb"},"inLanguage":"de","potentialAction":[{"@type":"ReadAction","target":["https:\/\/www.umweltaktivisten.de\/index.php\/2023\/09\/01\/2024-castor-transporte-juelich-ahaus\/"]}]},{"@type":"ImageObject","inLanguage":"de","@id":"https:\/\/www.umweltaktivisten.de\/index.php\/2023\/09\/01\/2024-castor-transporte-juelich-ahaus\/#primaryimage","url":"https:\/\/www.umweltaktivisten.de\/wp-content\/uploads\/2022\/06\/Anti-Atom_Euskirchen-W.jpeg","contentUrl":"https:\/\/www.umweltaktivisten.de\/wp-content\/uploads\/2022\/06\/Anti-Atom_Euskirchen-W.jpeg","width":424,"height":201},{"@type":"BreadcrumbList","@id":"https:\/\/www.umweltaktivisten.de\/index.php\/2023\/09\/01\/2024-castor-transporte-juelich-ahaus\/#breadcrumb","itemListElement":[{"@type":"ListItem","position":1,"name":"Home","item":"https:\/\/www.umweltaktivisten.de\/"},{"@type":"ListItem","position":2,"name":"2024: Castor-Transporte J\u00fclich-Ahaus?"}]},{"@type":"WebSite","@id":"https:\/\/www.umweltaktivisten.de\/#website","url":"https:\/\/www.umweltaktivisten.de\/","name":"umweltaktivisten.de","description":"&quot;Wir haben die Erde nur von unseren Kindern geborgt&quot;","potentialAction":[{"@type":"SearchAction","target":{"@type":"EntryPoint","urlTemplate":"https:\/\/www.umweltaktivisten.de\/?s={search_term_string}"},"query-input":{"@type":"PropertyValueSpecification","valueRequired":true,"valueName":"search_term_string"}}],"inLanguage":"de"},{"@type":"Person","@id":"https:\/\/www.umweltaktivisten.de\/#\/schema\/person\/af601319cc34a906612869cf3b4fd51a","name":"marita","url":"https:\/\/www.umweltaktivisten.de\/author\/marita\/"}]}},"_links":{"self":[{"href":"https:\/\/www.umweltaktivisten.de\/index.php\/wp-json\/wp\/v2\/posts\/5242","targetHints":{"allow":["GET"]}}],"collection":[{"href":"https:\/\/www.umweltaktivisten.de\/index.php\/wp-json\/wp\/v2\/posts"}],"about":[{"href":"https:\/\/www.umweltaktivisten.de\/index.php\/wp-json\/wp\/v2\/types\/post"}],"author":[{"embeddable":true,"href":"https:\/\/www.umweltaktivisten.de\/index.php\/wp-json\/wp\/v2\/users\/1"}],"replies":[{"embeddable":true,"href":"https:\/\/www.umweltaktivisten.de\/index.php\/wp-json\/wp\/v2\/comments?post=5242"}],"version-history":[{"count":2,"href":"https:\/\/www.umweltaktivisten.de\/index.php\/wp-json\/wp\/v2\/posts\/5242\/revisions"}],"predecessor-version":[{"id":5245,"href":"https:\/\/www.umweltaktivisten.de\/index.php\/wp-json\/wp\/v2\/posts\/5242\/revisions\/5245"}],"wp:featuredmedia":[{"embeddable":true,"href":"https:\/\/www.umweltaktivisten.de\/index.php\/wp-json\/wp\/v2\/media\/5120"}],"wp:attachment":[{"href":"https:\/\/www.umweltaktivisten.de\/index.php\/wp-json\/wp\/v2\/media?parent=5242"}],"wp:term":[{"taxonomy":"category","embeddable":true,"href":"https:\/\/www.umweltaktivisten.de\/index.php\/wp-json\/wp\/v2\/categories?post=5242"},{"taxonomy":"post_tag","embeddable":true,"href":"https:\/\/www.umweltaktivisten.de\/index.php\/wp-json\/wp\/v2\/tags?post=5242"}],"curies":[{"name":"wp","href":"https:\/\/api.w.org\/{rel}","templated":true}]}}