{"id":513,"date":"2015-06-30T00:29:45","date_gmt":"2015-06-29T22:29:45","guid":{"rendered":"http:\/\/www.umweltaktivisten.de\/?p=513"},"modified":"2017-04-06T00:57:48","modified_gmt":"2017-04-05T22:57:48","slug":"landespressekonferenz-tom-clements","status":"publish","type":"post","link":"https:\/\/www.umweltaktivisten.de\/index.php\/2015\/06\/30\/landespressekonferenz-tom-clements\/","title":{"rendered":"Landespressekonferenz Tom Clements"},"content":{"rendered":"<div id=\"attachment_1371\" style=\"width: 260px\" class=\"wp-caption alignleft\"><img loading=\"lazy\" decoding=\"async\" aria-describedby=\"caption-attachment-1371\" class=\"size-full wp-image-1371\" src=\"https:\/\/www.umweltaktivisten.de\/wp-content\/uploads\/2016\/08\/tom_clements_250.jpg\" alt=\"\" width=\"250\" height=\"270\" srcset=\"https:\/\/www.umweltaktivisten.de\/wp-content\/uploads\/2016\/08\/tom_clements_250.jpg 250w, https:\/\/www.umweltaktivisten.de\/wp-content\/uploads\/2016\/08\/tom_clements_250-139x150.jpg 139w\" sizes=\"auto, (max-width: 250px) 100vw, 250px\" \/><p id=\"caption-attachment-1371\" class=\"wp-caption-text\">Tom Clements SRS Watch<\/p><\/div>\n<p>LPK 22 September 2014: \u00dcbersetzter Redebeitrag von Tom Clements<\/p>\n<p><strong>South Carolina ist kein Entsorgungsplatz f\u00fcr deutschen Atomm\u00fcll!<\/strong><\/p>\n<p>Zun\u00e4chst vielen Dank an meine deutschen Kollegen f\u00fcr die Organisation dieser Bereisung und die Warnungen vor dem beabsichtigten Export eines deutschen Atomm\u00fcllproblems.<\/p>\n<p>Die Bem\u00fchungen um den illegalen Atomm\u00fcllexport aus J\u00fclich und Ahaus zum Standort \u201cSavannah River Site\u201d (SRS) in South Carolina des US-Departments of Energy\u2019s (DOE) sind nicht akzeptabel, weil SRS kein Atomm\u00fclllager ist oder gar eine Deponie f\u00fcr die Abf\u00e4lle von kommerziell betriebenen Atomreaktoren. Deutschland muss sich schon zuhause um eine Atomm\u00fclllagerung k\u00fcmmern und die Probleme nicht auf uns abschieben.<\/p>\n<p>Savannah River Site ist eine ausgedehnte Kernwaffen-Produktionsst\u00e4tte, die in den 1950er Jahren eingerichtet wurde und \u00fcber 800 km\u00b2 gro\u00df ist. F\u00fcnf SRS-Reaktoren produzierten 36 Tonnen waffenf\u00e4higes Plutonium und radioaktives Tritium (H3). Diese Aktivit\u00e4ten erbrachten etwa 140 Millionen Liter hochradioaktiv verseuchte fl\u00fcssige Abw\u00e4sser, die in 51 vor sich hin alternden Stahltanks untergebracht sind und derzeit in gro\u00dfen Containern verglast werden.<\/p>\n<p>Die Atomm\u00fcllentsorgung im SRS kostet rund 1,5 Milliarden US$ pro Jahr und wird bis mindes-tens 2040 andauern. Wir wollen nicht noch mehr Atomm\u00fcll behandeln m\u00fcssen! Die geleerten Tanks und Reaktorgeb\u00e4ude wurden mit Beton aufgef\u00fcllt und bleiben ein fortdauerndes Zeugnis des Wahnsinns des Kalten Krieges.<\/p>\n<p>Es gibt viele Gr\u00fcnde, dass wir uns den Absichten widersetzen:<\/p>\n<ul>\n<li>Die \u00d6ffentlichkeit ist strikt gegen die Bem\u00fchungen, SRS in eine Langzeit-Atomm\u00fclldeponie auf kommerzieller Basis zu verwandeln. Die wichtigsten Zeitungen der Region haben sich in Editorials klar gegen eine Annahme des deutschen Atomm\u00fclls ausgesprochen; das Bundes-Beratungskommitee f\u00fcr die SRS-Sanierung hat formell gegen die Aufnahme von Atomm\u00fcll aus kommerziellen Anlagen protestiert.<\/li>\n<\/ul>\n<ul>\n<li>Nach der US-Gesetzgebung m\u00fcssen hochradioaktiver Atomm\u00fcll sowie abgebrannte Brennelemente in geologischen Schichten untergebracht werden. SRS hingegen liegt auf sandigem K\u00fcstenuntergrund und daher als Atomm\u00fclllager ungeeignet; s\u00e4mtlicher dort lagernder Atomabfall muss also in ein Endlager verbracht werden. Ein solches Endlager existiert aber in den USA nicht und die Pl\u00e4ne zu dessen Entwicklung sind gestoppt worden.<\/li>\n<\/ul>\n<ul>\n<li>Das DOE l\u00e4sst es zu, dass die Wiederaufarbeitung des hoch radioaktiven Graphit-M\u00fclls, mit dem SRS keinerlei Erfahrung hat, Atomm\u00fcll f\u00fcr ein Zwischenlager produziert, was in der Praxis eine l\u00e4ngerfristige Lagerung in den schon erw\u00e4hnten leckenden Tanks mit sich bringt.<\/li>\n<\/ul>\n<p>Dies wird die Sanierungskosten erh\u00f6hen und die dringend erforderliche Sanierung des Standortes verz\u00f6gern.<\/p>\n<ul>\n<li>Es gibt zwar Atomkugeln, die noch hochangereichertes waffenf\u00e4higes Uran aus den USA enthalten, aber das gilt keineswegs f\u00fcr alle. Insbesondere die Atomkugeln aus dem AVR stellen hinsichtlich Waffenf\u00e4higkeit keine Bedrohung mehr dar. Sowohl Deutschland als auch die USA gingen bis 2011 davon aus, dass einer lokalen Endlagerung dieses M\u00fclls aus Proliferationssicht nichts entgegensteht.<\/li>\n<\/ul>\n<ul>\n<li>SRS entwickelt derzeit eine neue R\u00fcckgewinnungstechnik f\u00fcr das Uran aus der Graphit-Umh\u00fcllung und hierin liegt das eigentliche Proliferationsrisiko. Deutschland tr\u00e4gt die kosten dieser Entwicklung. Das DOE hat es abgelehnt, eine angemessene \u201eProliferations-Gefahren-Analyse\u201c zu erstellen, die die Risiken der neuen Wiederaufarbeitungsmethode betrachtet.<\/li>\n<\/ul>\n<ul>\n<li>Die \u201cH-Canyon\u201d Wiederaufarbeitungsanlage im SRS ist eine milit\u00e4rische Einrichtung und nicht unter der Aufsicht der Internationalen Atomenergie-Agentur (IAEA), so dass es keine unabh\u00e4ngige Dokumentation der Behandlung des Atomm\u00fclls oder des abgetrennten Urans geben wird.<\/li>\n<\/ul>\n<ul>\n<li>Das \u201cDepartment of Energy\u2019s\u201d wird nicht von der \u201cU.S. Nuclear Regulatory Commission\u201d beaufsichtigt, was bedeutet, dass es keine \u00f6ffentliche Aufsicht und Regulierung der Wiederaufarbeitung und der CASTOR-Transporte geben wird.<\/li>\n<\/ul>\n<ul>\n<li>Der Import von Atomm\u00fcll aus kommerziellen Anlagen in die USA ist beispiellos. Savannah River Site hat in der Vergangenheit Atomm\u00fcll von Forschungsreaktoren aufgenommen, auch aus Deutschland, aber dieses Programm wird bald enden. Versuche, den AVR und THTR als Forschungsreaktoren umzudefinieren, haben keine faktische und rechtliche Basis und werden scheitern.<\/li>\n<\/ul>\n<p>Der Hauptgrund f\u00fcr diesen Deal ist der Umstand, dass private Auftragnehmer am SRS auf Profit hoffen, w\u00e4hrend Deutschland beabsichtigt, auf illegale Weise ein gravierendes Atomm\u00fcll-problem an ein anderes Land abzuschieben. Jedwede \u201eM\u00fcll zum SRS\u201c-Politik ist nicht akzeptabel und provoziert eine rechtliche Auseinandersetzung, wenn sie nicht gestoppt wird.<\/p>\n<p>Tom Clements<\/p>\n<p>Director, Savannah River Site Watch<\/p>\n<p>www.srswatch.org<\/p>\n<p>Columbia, South Carolina<\/p>\n<p>USA<\/p>\n<p>&nbsp;<\/p>\n<p>&nbsp;<\/p>\n","protected":false},"excerpt":{"rendered":"<p>LPK 22 September 2014: \u00dcbersetzter Redebeitrag von Tom Clements South Carolina ist kein Entsorgungsplatz f\u00fcr deutschen Atomm\u00fcll! Zun\u00e4chst vielen Dank an meine deutschen Kollegen f\u00fcr die Organisation dieser Bereisung und die Warnungen vor dem beabsichtigten Export eines deutschen Atomm\u00fcllproblems. Die Bem\u00fchungen um den illegalen Atomm\u00fcllexport aus J\u00fclich und Ahaus zum\u2026<\/p>\n<p class=\"continue-reading-button\"> <a class=\"continue-reading-link\" href=\"https:\/\/www.umweltaktivisten.de\/index.php\/2015\/06\/30\/landespressekonferenz-tom-clements\/\">weiter &#8230;<i class=\"crycon-right-dir\"><\/i><\/a><\/p>\n","protected":false},"author":1,"featured_media":1371,"comment_status":"closed","ping_status":"closed","sticky":false,"template":"","format":"standard","meta":{"footnotes":""},"categories":[14],"tags":[61,44,41,125,79],"class_list":["post-513","post","type-post","status-publish","format-standard","has-post-thumbnail","hentry","category-savannah-river-site-watch","tag-aktionsbuendnis-stop-westcastor","tag-avr","tag-fzj","tag-landespressekonferenz","tag-us-aktivist-tom-clements"],"yoast_head":"<!-- This site is optimized with the Yoast SEO plugin v27.4 - https:\/\/yoast.com\/product\/yoast-seo-wordpress\/ -->\n<title>Landespressekonferenz Tom Clements - umweltaktivisten.de<\/title>\n<meta name=\"robots\" content=\"index, nofollow, max-snippet:-1, max-image-preview:large, max-video-preview:-1\" \/>\n<link rel=\"canonical\" href=\"https:\/\/www.umweltaktivisten.de\/index.php\/2015\/06\/30\/landespressekonferenz-tom-clements\/\" \/>\n<meta property=\"og:locale\" content=\"de_DE\" \/>\n<meta property=\"og:type\" content=\"article\" \/>\n<meta property=\"og:title\" content=\"Landespressekonferenz Tom Clements - umweltaktivisten.de\" \/>\n<meta property=\"og:description\" content=\"LPK 22 September 2014: \u00dcbersetzter Redebeitrag von Tom Clements South Carolina ist kein Entsorgungsplatz f\u00fcr deutschen Atomm\u00fcll! Zun\u00e4chst vielen Dank an meine deutschen Kollegen f\u00fcr die Organisation dieser Bereisung und die Warnungen vor dem beabsichtigten Export eines deutschen Atomm\u00fcllproblems. Die Bem\u00fchungen um den illegalen Atomm\u00fcllexport aus J\u00fclich und Ahaus zum\u2026 weiter ...\" \/>\n<meta property=\"og:url\" content=\"https:\/\/www.umweltaktivisten.de\/index.php\/2015\/06\/30\/landespressekonferenz-tom-clements\/\" \/>\n<meta property=\"og:site_name\" content=\"umweltaktivisten.de\" \/>\n<meta property=\"article:published_time\" content=\"2015-06-29T22:29:45+00:00\" \/>\n<meta property=\"article:modified_time\" content=\"2017-04-05T22:57:48+00:00\" \/>\n<meta property=\"og:image\" content=\"https:\/\/www.umweltaktivisten.de\/wp-content\/uploads\/2016\/08\/tom_clements_250.jpg\" \/>\n\t<meta property=\"og:image:width\" content=\"250\" \/>\n\t<meta property=\"og:image:height\" content=\"270\" \/>\n\t<meta property=\"og:image:type\" content=\"image\/jpeg\" \/>\n<meta name=\"author\" content=\"marita\" \/>\n<meta name=\"twitter:card\" content=\"summary_large_image\" \/>\n<meta name=\"twitter:label1\" content=\"Verfasst von\" \/>\n\t<meta name=\"twitter:data1\" content=\"marita\" \/>\n\t<meta name=\"twitter:label2\" content=\"Gesch\u00e4tzte Lesezeit\" \/>\n\t<meta name=\"twitter:data2\" content=\"4\u00a0Minuten\" \/>\n<script type=\"application\/ld+json\" class=\"yoast-schema-graph\">{\"@context\":\"https:\\\/\\\/schema.org\",\"@graph\":[{\"@type\":\"Article\",\"@id\":\"https:\\\/\\\/www.umweltaktivisten.de\\\/index.php\\\/2015\\\/06\\\/30\\\/landespressekonferenz-tom-clements\\\/#article\",\"isPartOf\":{\"@id\":\"https:\\\/\\\/www.umweltaktivisten.de\\\/index.php\\\/2015\\\/06\\\/30\\\/landespressekonferenz-tom-clements\\\/\"},\"author\":{\"name\":\"marita\",\"@id\":\"https:\\\/\\\/www.umweltaktivisten.de\\\/#\\\/schema\\\/person\\\/af601319cc34a906612869cf3b4fd51a\"},\"headline\":\"Landespressekonferenz Tom Clements\",\"datePublished\":\"2015-06-29T22:29:45+00:00\",\"dateModified\":\"2017-04-05T22:57:48+00:00\",\"mainEntityOfPage\":{\"@id\":\"https:\\\/\\\/www.umweltaktivisten.de\\\/index.php\\\/2015\\\/06\\\/30\\\/landespressekonferenz-tom-clements\\\/\"},\"wordCount\":706,\"image\":{\"@id\":\"https:\\\/\\\/www.umweltaktivisten.de\\\/index.php\\\/2015\\\/06\\\/30\\\/landespressekonferenz-tom-clements\\\/#primaryimage\"},\"thumbnailUrl\":\"https:\\\/\\\/www.umweltaktivisten.de\\\/wp-content\\\/uploads\\\/2016\\\/08\\\/tom_clements_250.jpg\",\"keywords\":[\"Aktionsb\u00fcndnis STOP Westcastor\",\"AVR\",\"FZJ\",\"Landespressekonferenz\",\"US-Aktivist Tom Clements\"],\"articleSection\":[\"Savannah River Site watch\"],\"inLanguage\":\"de\"},{\"@type\":\"WebPage\",\"@id\":\"https:\\\/\\\/www.umweltaktivisten.de\\\/index.php\\\/2015\\\/06\\\/30\\\/landespressekonferenz-tom-clements\\\/\",\"url\":\"https:\\\/\\\/www.umweltaktivisten.de\\\/index.php\\\/2015\\\/06\\\/30\\\/landespressekonferenz-tom-clements\\\/\",\"name\":\"Landespressekonferenz Tom Clements - umweltaktivisten.de\",\"isPartOf\":{\"@id\":\"https:\\\/\\\/www.umweltaktivisten.de\\\/#website\"},\"primaryImageOfPage\":{\"@id\":\"https:\\\/\\\/www.umweltaktivisten.de\\\/index.php\\\/2015\\\/06\\\/30\\\/landespressekonferenz-tom-clements\\\/#primaryimage\"},\"image\":{\"@id\":\"https:\\\/\\\/www.umweltaktivisten.de\\\/index.php\\\/2015\\\/06\\\/30\\\/landespressekonferenz-tom-clements\\\/#primaryimage\"},\"thumbnailUrl\":\"https:\\\/\\\/www.umweltaktivisten.de\\\/wp-content\\\/uploads\\\/2016\\\/08\\\/tom_clements_250.jpg\",\"datePublished\":\"2015-06-29T22:29:45+00:00\",\"dateModified\":\"2017-04-05T22:57:48+00:00\",\"author\":{\"@id\":\"https:\\\/\\\/www.umweltaktivisten.de\\\/#\\\/schema\\\/person\\\/af601319cc34a906612869cf3b4fd51a\"},\"breadcrumb\":{\"@id\":\"https:\\\/\\\/www.umweltaktivisten.de\\\/index.php\\\/2015\\\/06\\\/30\\\/landespressekonferenz-tom-clements\\\/#breadcrumb\"},\"inLanguage\":\"de\",\"potentialAction\":[{\"@type\":\"ReadAction\",\"target\":[\"https:\\\/\\\/www.umweltaktivisten.de\\\/index.php\\\/2015\\\/06\\\/30\\\/landespressekonferenz-tom-clements\\\/\"]}]},{\"@type\":\"ImageObject\",\"inLanguage\":\"de\",\"@id\":\"https:\\\/\\\/www.umweltaktivisten.de\\\/index.php\\\/2015\\\/06\\\/30\\\/landespressekonferenz-tom-clements\\\/#primaryimage\",\"url\":\"https:\\\/\\\/www.umweltaktivisten.de\\\/wp-content\\\/uploads\\\/2016\\\/08\\\/tom_clements_250.jpg\",\"contentUrl\":\"https:\\\/\\\/www.umweltaktivisten.de\\\/wp-content\\\/uploads\\\/2016\\\/08\\\/tom_clements_250.jpg\",\"width\":250,\"height\":270,\"caption\":\"Tom Clements SRS Watch\"},{\"@type\":\"BreadcrumbList\",\"@id\":\"https:\\\/\\\/www.umweltaktivisten.de\\\/index.php\\\/2015\\\/06\\\/30\\\/landespressekonferenz-tom-clements\\\/#breadcrumb\",\"itemListElement\":[{\"@type\":\"ListItem\",\"position\":1,\"name\":\"Home\",\"item\":\"https:\\\/\\\/www.umweltaktivisten.de\\\/\"},{\"@type\":\"ListItem\",\"position\":2,\"name\":\"Landespressekonferenz Tom Clements\"}]},{\"@type\":\"WebSite\",\"@id\":\"https:\\\/\\\/www.umweltaktivisten.de\\\/#website\",\"url\":\"https:\\\/\\\/www.umweltaktivisten.de\\\/\",\"name\":\"umweltaktivisten.de\",\"description\":\"&quot;Wir haben die Erde nur von unseren Kindern geborgt&quot;\",\"potentialAction\":[{\"@type\":\"SearchAction\",\"target\":{\"@type\":\"EntryPoint\",\"urlTemplate\":\"https:\\\/\\\/www.umweltaktivisten.de\\\/?s={search_term_string}\"},\"query-input\":{\"@type\":\"PropertyValueSpecification\",\"valueRequired\":true,\"valueName\":\"search_term_string\"}}],\"inLanguage\":\"de\"},{\"@type\":\"Person\",\"@id\":\"https:\\\/\\\/www.umweltaktivisten.de\\\/#\\\/schema\\\/person\\\/af601319cc34a906612869cf3b4fd51a\",\"name\":\"marita\",\"url\":\"https:\\\/\\\/www.umweltaktivisten.de\\\/author\\\/marita\\\/\"}]}<\/script>\n<!-- \/ Yoast SEO plugin. -->","yoast_head_json":{"title":"Landespressekonferenz Tom Clements - umweltaktivisten.de","robots":{"index":"index","follow":"nofollow","max-snippet":"max-snippet:-1","max-image-preview":"max-image-preview:large","max-video-preview":"max-video-preview:-1"},"canonical":"https:\/\/www.umweltaktivisten.de\/index.php\/2015\/06\/30\/landespressekonferenz-tom-clements\/","og_locale":"de_DE","og_type":"article","og_title":"Landespressekonferenz Tom Clements - umweltaktivisten.de","og_description":"LPK 22 September 2014: \u00dcbersetzter Redebeitrag von Tom Clements South Carolina ist kein Entsorgungsplatz f\u00fcr deutschen Atomm\u00fcll! Zun\u00e4chst vielen Dank an meine deutschen Kollegen f\u00fcr die Organisation dieser Bereisung und die Warnungen vor dem beabsichtigten Export eines deutschen Atomm\u00fcllproblems. Die Bem\u00fchungen um den illegalen Atomm\u00fcllexport aus J\u00fclich und Ahaus zum\u2026 weiter ...","og_url":"https:\/\/www.umweltaktivisten.de\/index.php\/2015\/06\/30\/landespressekonferenz-tom-clements\/","og_site_name":"umweltaktivisten.de","article_published_time":"2015-06-29T22:29:45+00:00","article_modified_time":"2017-04-05T22:57:48+00:00","og_image":[{"width":250,"height":270,"url":"https:\/\/www.umweltaktivisten.de\/wp-content\/uploads\/2016\/08\/tom_clements_250.jpg","type":"image\/jpeg"}],"author":"marita","twitter_card":"summary_large_image","twitter_misc":{"Verfasst von":"marita","Gesch\u00e4tzte Lesezeit":"4\u00a0Minuten"},"schema":{"@context":"https:\/\/schema.org","@graph":[{"@type":"Article","@id":"https:\/\/www.umweltaktivisten.de\/index.php\/2015\/06\/30\/landespressekonferenz-tom-clements\/#article","isPartOf":{"@id":"https:\/\/www.umweltaktivisten.de\/index.php\/2015\/06\/30\/landespressekonferenz-tom-clements\/"},"author":{"name":"marita","@id":"https:\/\/www.umweltaktivisten.de\/#\/schema\/person\/af601319cc34a906612869cf3b4fd51a"},"headline":"Landespressekonferenz Tom Clements","datePublished":"2015-06-29T22:29:45+00:00","dateModified":"2017-04-05T22:57:48+00:00","mainEntityOfPage":{"@id":"https:\/\/www.umweltaktivisten.de\/index.php\/2015\/06\/30\/landespressekonferenz-tom-clements\/"},"wordCount":706,"image":{"@id":"https:\/\/www.umweltaktivisten.de\/index.php\/2015\/06\/30\/landespressekonferenz-tom-clements\/#primaryimage"},"thumbnailUrl":"https:\/\/www.umweltaktivisten.de\/wp-content\/uploads\/2016\/08\/tom_clements_250.jpg","keywords":["Aktionsb\u00fcndnis STOP Westcastor","AVR","FZJ","Landespressekonferenz","US-Aktivist Tom Clements"],"articleSection":["Savannah River Site watch"],"inLanguage":"de"},{"@type":"WebPage","@id":"https:\/\/www.umweltaktivisten.de\/index.php\/2015\/06\/30\/landespressekonferenz-tom-clements\/","url":"https:\/\/www.umweltaktivisten.de\/index.php\/2015\/06\/30\/landespressekonferenz-tom-clements\/","name":"Landespressekonferenz Tom Clements - umweltaktivisten.de","isPartOf":{"@id":"https:\/\/www.umweltaktivisten.de\/#website"},"primaryImageOfPage":{"@id":"https:\/\/www.umweltaktivisten.de\/index.php\/2015\/06\/30\/landespressekonferenz-tom-clements\/#primaryimage"},"image":{"@id":"https:\/\/www.umweltaktivisten.de\/index.php\/2015\/06\/30\/landespressekonferenz-tom-clements\/#primaryimage"},"thumbnailUrl":"https:\/\/www.umweltaktivisten.de\/wp-content\/uploads\/2016\/08\/tom_clements_250.jpg","datePublished":"2015-06-29T22:29:45+00:00","dateModified":"2017-04-05T22:57:48+00:00","author":{"@id":"https:\/\/www.umweltaktivisten.de\/#\/schema\/person\/af601319cc34a906612869cf3b4fd51a"},"breadcrumb":{"@id":"https:\/\/www.umweltaktivisten.de\/index.php\/2015\/06\/30\/landespressekonferenz-tom-clements\/#breadcrumb"},"inLanguage":"de","potentialAction":[{"@type":"ReadAction","target":["https:\/\/www.umweltaktivisten.de\/index.php\/2015\/06\/30\/landespressekonferenz-tom-clements\/"]}]},{"@type":"ImageObject","inLanguage":"de","@id":"https:\/\/www.umweltaktivisten.de\/index.php\/2015\/06\/30\/landespressekonferenz-tom-clements\/#primaryimage","url":"https:\/\/www.umweltaktivisten.de\/wp-content\/uploads\/2016\/08\/tom_clements_250.jpg","contentUrl":"https:\/\/www.umweltaktivisten.de\/wp-content\/uploads\/2016\/08\/tom_clements_250.jpg","width":250,"height":270,"caption":"Tom Clements SRS Watch"},{"@type":"BreadcrumbList","@id":"https:\/\/www.umweltaktivisten.de\/index.php\/2015\/06\/30\/landespressekonferenz-tom-clements\/#breadcrumb","itemListElement":[{"@type":"ListItem","position":1,"name":"Home","item":"https:\/\/www.umweltaktivisten.de\/"},{"@type":"ListItem","position":2,"name":"Landespressekonferenz Tom Clements"}]},{"@type":"WebSite","@id":"https:\/\/www.umweltaktivisten.de\/#website","url":"https:\/\/www.umweltaktivisten.de\/","name":"umweltaktivisten.de","description":"&quot;Wir haben die Erde nur von unseren Kindern geborgt&quot;","potentialAction":[{"@type":"SearchAction","target":{"@type":"EntryPoint","urlTemplate":"https:\/\/www.umweltaktivisten.de\/?s={search_term_string}"},"query-input":{"@type":"PropertyValueSpecification","valueRequired":true,"valueName":"search_term_string"}}],"inLanguage":"de"},{"@type":"Person","@id":"https:\/\/www.umweltaktivisten.de\/#\/schema\/person\/af601319cc34a906612869cf3b4fd51a","name":"marita","url":"https:\/\/www.umweltaktivisten.de\/author\/marita\/"}]}},"_links":{"self":[{"href":"https:\/\/www.umweltaktivisten.de\/index.php\/wp-json\/wp\/v2\/posts\/513","targetHints":{"allow":["GET"]}}],"collection":[{"href":"https:\/\/www.umweltaktivisten.de\/index.php\/wp-json\/wp\/v2\/posts"}],"about":[{"href":"https:\/\/www.umweltaktivisten.de\/index.php\/wp-json\/wp\/v2\/types\/post"}],"author":[{"embeddable":true,"href":"https:\/\/www.umweltaktivisten.de\/index.php\/wp-json\/wp\/v2\/users\/1"}],"replies":[{"embeddable":true,"href":"https:\/\/www.umweltaktivisten.de\/index.php\/wp-json\/wp\/v2\/comments?post=513"}],"version-history":[{"count":5,"href":"https:\/\/www.umweltaktivisten.de\/index.php\/wp-json\/wp\/v2\/posts\/513\/revisions"}],"predecessor-version":[{"id":2124,"href":"https:\/\/www.umweltaktivisten.de\/index.php\/wp-json\/wp\/v2\/posts\/513\/revisions\/2124"}],"wp:featuredmedia":[{"embeddable":true,"href":"https:\/\/www.umweltaktivisten.de\/index.php\/wp-json\/wp\/v2\/media\/1371"}],"wp:attachment":[{"href":"https:\/\/www.umweltaktivisten.de\/index.php\/wp-json\/wp\/v2\/media?parent=513"}],"wp:term":[{"taxonomy":"category","embeddable":true,"href":"https:\/\/www.umweltaktivisten.de\/index.php\/wp-json\/wp\/v2\/categories?post=513"},{"taxonomy":"post_tag","embeddable":true,"href":"https:\/\/www.umweltaktivisten.de\/index.php\/wp-json\/wp\/v2\/tags?post=513"}],"curies":[{"name":"wp","href":"https:\/\/api.w.org\/{rel}","templated":true}]}}