{"id":4994,"date":"2021-09-26T21:55:21","date_gmt":"2021-09-26T19:55:21","guid":{"rendered":"https:\/\/www.umweltaktivisten.de\/?p=4994"},"modified":"2021-09-26T22:12:44","modified_gmt":"2021-09-26T20:12:44","slug":"nachlese-mahnwache-in-juelich-vor-etc-und-fzj","status":"publish","type":"post","link":"https:\/\/www.umweltaktivisten.de\/index.php\/2021\/09\/26\/nachlese-mahnwache-in-juelich-vor-etc-und-fzj\/","title":{"rendered":"Nachlese: Mahnwache in J\u00fclich vor ETC und FZJ"},"content":{"rendered":"\n<p><strong>Rund 20 Teilnehmer haben an der Aktion vor dem Forschungszentrum J\u00fclich und vor der Enrichment Technology Company (ETC) teilgenommen. Unter ihnen war auch der Bundesabgeordnete der Partei \u201eDie Linke\u201c <a href=\"https:\/\/www.dielinke-guetersloh.de\/nc\/start\/aktuell\/detail-news\/news\/zeki-goekhan-rueckt-in-den-bundestag-nach\/\" target=\"_blank\" rel=\"noreferrer noopener\">Zeki G\u00f6khan, MdB.<\/a><\/strong><\/p>\n\n\n\n<figure class=\"wp-block-gallery columns-3 is-cropped wp-block-gallery-1 is-layout-flex wp-block-gallery-is-layout-flex\"><ul class=\"blocks-gallery-grid\"><li class=\"blocks-gallery-item\"><figure><img loading=\"lazy\" decoding=\"async\" width=\"1024\" height=\"768\" src=\"https:\/\/www.umweltaktivisten.de\/wp-content\/uploads\/2021\/09\/FZJ-gross-1-1024x768.jpg\" alt=\"\" data-id=\"5011\" data-full-url=\"https:\/\/www.umweltaktivisten.de\/wp-content\/uploads\/2021\/09\/FZJ-gross-1-scaled.jpg\" data-link=\"https:\/\/www.umweltaktivisten.de\/index.php\/2021\/09\/26\/nachlese-mahnwache-in-juelich-vor-etc-und-fzj\/fzj-gross-2\/\" class=\"wp-image-5011\" srcset=\"https:\/\/www.umweltaktivisten.de\/wp-content\/uploads\/2021\/09\/FZJ-gross-1-1024x768.jpg 1024w, https:\/\/www.umweltaktivisten.de\/wp-content\/uploads\/2021\/09\/FZJ-gross-1-300x225.jpg 300w, https:\/\/www.umweltaktivisten.de\/wp-content\/uploads\/2021\/09\/FZJ-gross-1-768x576.jpg 768w, https:\/\/www.umweltaktivisten.de\/wp-content\/uploads\/2021\/09\/FZJ-gross-1-1536x1152.jpg 1536w, https:\/\/www.umweltaktivisten.de\/wp-content\/uploads\/2021\/09\/FZJ-gross-1-2048x1536.jpg 2048w, https:\/\/www.umweltaktivisten.de\/wp-content\/uploads\/2021\/09\/FZJ-gross-1-150x113.jpg 150w\" sizes=\"auto, (max-width: 1024px) 100vw, 1024px\" \/><\/figure><\/li><li class=\"blocks-gallery-item\"><figure><img loading=\"lazy\" decoding=\"async\" width=\"1024\" height=\"471\" src=\"https:\/\/www.umweltaktivisten.de\/wp-content\/uploads\/2021\/09\/ETC-1-1024x471.jpg\" alt=\"\" data-id=\"5010\" data-full-url=\"https:\/\/www.umweltaktivisten.de\/wp-content\/uploads\/2021\/09\/ETC-1-scaled.jpg\" data-link=\"https:\/\/www.umweltaktivisten.de\/index.php\/2021\/09\/26\/nachlese-mahnwache-in-juelich-vor-etc-und-fzj\/etc-2\/\" class=\"wp-image-5010\" srcset=\"https:\/\/www.umweltaktivisten.de\/wp-content\/uploads\/2021\/09\/ETC-1-1024x471.jpg 1024w, https:\/\/www.umweltaktivisten.de\/wp-content\/uploads\/2021\/09\/ETC-1-300x138.jpg 300w, https:\/\/www.umweltaktivisten.de\/wp-content\/uploads\/2021\/09\/ETC-1-768x353.jpg 768w, https:\/\/www.umweltaktivisten.de\/wp-content\/uploads\/2021\/09\/ETC-1-1536x707.jpg 1536w, https:\/\/www.umweltaktivisten.de\/wp-content\/uploads\/2021\/09\/ETC-1-2048x942.jpg 2048w, https:\/\/www.umweltaktivisten.de\/wp-content\/uploads\/2021\/09\/ETC-1-150x69.jpg 150w\" sizes=\"auto, (max-width: 1024px) 100vw, 1024px\" \/><\/figure><\/li><li class=\"blocks-gallery-item\"><figure><img loading=\"lazy\" decoding=\"async\" width=\"1024\" height=\"768\" src=\"https:\/\/www.umweltaktivisten.de\/wp-content\/uploads\/2021\/09\/FZJ-1024x768.jpg\" alt=\"\" data-id=\"5012\" data-full-url=\"https:\/\/www.umweltaktivisten.de\/wp-content\/uploads\/2021\/09\/FZJ-scaled.jpg\" data-link=\"https:\/\/www.umweltaktivisten.de\/index.php\/2021\/09\/26\/nachlese-mahnwache-in-juelich-vor-etc-und-fzj\/fzj\/\" class=\"wp-image-5012\" srcset=\"https:\/\/www.umweltaktivisten.de\/wp-content\/uploads\/2021\/09\/FZJ-1024x768.jpg 1024w, https:\/\/www.umweltaktivisten.de\/wp-content\/uploads\/2021\/09\/FZJ-300x225.jpg 300w, https:\/\/www.umweltaktivisten.de\/wp-content\/uploads\/2021\/09\/FZJ-768x576.jpg 768w, https:\/\/www.umweltaktivisten.de\/wp-content\/uploads\/2021\/09\/FZJ-1536x1152.jpg 1536w, https:\/\/www.umweltaktivisten.de\/wp-content\/uploads\/2021\/09\/FZJ-2048x1536.jpg 2048w, https:\/\/www.umweltaktivisten.de\/wp-content\/uploads\/2021\/09\/FZJ-150x113.jpg 150w\" sizes=\"auto, (max-width: 1024px) 100vw, 1024px\" \/><\/figure><\/li><li class=\"blocks-gallery-item\"><figure><img loading=\"lazy\" decoding=\"async\" width=\"588\" height=\"340\" src=\"https:\/\/www.umweltaktivisten.de\/wp-content\/uploads\/2021\/09\/demo_am_etc-1.jpg\" alt=\"\" data-id=\"5004\" data-full-url=\"https:\/\/www.umweltaktivisten.de\/wp-content\/uploads\/2021\/09\/demo_am_etc-1.jpg\" data-link=\"https:\/\/www.umweltaktivisten.de\/index.php\/2021\/09\/26\/nachlese-mahnwache-in-juelich-vor-etc-und-fzj\/demo_am_etc-1\/\" class=\"wp-image-5004\" srcset=\"https:\/\/www.umweltaktivisten.de\/wp-content\/uploads\/2021\/09\/demo_am_etc-1.jpg 588w, https:\/\/www.umweltaktivisten.de\/wp-content\/uploads\/2021\/09\/demo_am_etc-1-300x173.jpg 300w, https:\/\/www.umweltaktivisten.de\/wp-content\/uploads\/2021\/09\/demo_am_etc-1-150x87.jpg 150w\" sizes=\"auto, (max-width: 588px) 100vw, 588px\" \/><\/figure><\/li><li class=\"blocks-gallery-item\"><figure><img loading=\"lazy\" decoding=\"async\" width=\"600\" height=\"450\" src=\"https:\/\/www.umweltaktivisten.de\/wp-content\/uploads\/2021\/09\/Woodstock_etc.jpg\" alt=\"\" data-id=\"5001\" data-full-url=\"https:\/\/www.umweltaktivisten.de\/wp-content\/uploads\/2021\/09\/Woodstock_etc.jpg\" data-link=\"https:\/\/www.umweltaktivisten.de\/index.php\/2021\/09\/26\/nachlese-mahnwache-in-juelich-vor-etc-und-fzj\/woodstock_etc\/\" class=\"wp-image-5001\" srcset=\"https:\/\/www.umweltaktivisten.de\/wp-content\/uploads\/2021\/09\/Woodstock_etc.jpg 600w, https:\/\/www.umweltaktivisten.de\/wp-content\/uploads\/2021\/09\/Woodstock_etc-300x225.jpg 300w, https:\/\/www.umweltaktivisten.de\/wp-content\/uploads\/2021\/09\/Woodstock_etc-150x113.jpg 150w\" sizes=\"auto, (max-width: 600px) 100vw, 600px\" \/><\/figure><\/li><li class=\"blocks-gallery-item\"><figure><img loading=\"lazy\" decoding=\"async\" width=\"1024\" height=\"471\" src=\"https:\/\/www.umweltaktivisten.de\/wp-content\/uploads\/2021\/09\/Mahnwache-1-1024x471.jpg\" alt=\"\" data-id=\"5000\" data-full-url=\"https:\/\/www.umweltaktivisten.de\/wp-content\/uploads\/2021\/09\/Mahnwache-1-scaled.jpg\" data-link=\"https:\/\/www.umweltaktivisten.de\/index.php\/2021\/09\/26\/nachlese-mahnwache-in-juelich-vor-etc-und-fzj\/mahnwache-1\/\" class=\"wp-image-5000\" srcset=\"https:\/\/www.umweltaktivisten.de\/wp-content\/uploads\/2021\/09\/Mahnwache-1-1024x471.jpg 1024w, https:\/\/www.umweltaktivisten.de\/wp-content\/uploads\/2021\/09\/Mahnwache-1-300x138.jpg 300w, https:\/\/www.umweltaktivisten.de\/wp-content\/uploads\/2021\/09\/Mahnwache-1-768x353.jpg 768w, https:\/\/www.umweltaktivisten.de\/wp-content\/uploads\/2021\/09\/Mahnwache-1-1536x707.jpg 1536w, https:\/\/www.umweltaktivisten.de\/wp-content\/uploads\/2021\/09\/Mahnwache-1-2048x942.jpg 2048w, https:\/\/www.umweltaktivisten.de\/wp-content\/uploads\/2021\/09\/Mahnwache-1-150x69.jpg 150w\" sizes=\"auto, (max-width: 1024px) 100vw, 1024px\" \/><\/figure><\/li><\/ul><figcaption class=\"blocks-gallery-caption\"><strong>Mahnwache vor ETC und FZJ<\/strong><\/figcaption><\/figure>\n\n\n\n<h4 class=\"wp-block-heading\">Pressespiegel:<\/h4>\n\n\n\n<ul class=\"wp-block-list\"><li><a href=\"https:\/\/www.lokalkompass.de\/duesseldorf\/c-politik\/torpediert-das-unternehmen-den-angeblichen-atomausstieg_a1629592\" target=\"_blank\" rel=\"noreferrer noopener\">Lokalkompass<\/a><\/li><li><a href=\"http:\/\/epaper.supersonntag.de\/2.0\/#\/read\/ssv-m2\/20210912?page=6&amp;article=114270989\" target=\"_blank\" rel=\"noreferrer noopener\">Super Sonntag<\/a><\/li><li><a href=\"https:\/\/www.herzog-magazin.de\/nachrichten\/mahnwache-gegen-atomkraft\/\" target=\"_blank\" rel=\"noreferrer noopener\">Herzog Kultur- &amp; Stadtmagazin f\u00fcr J\u00fclich<\/a><\/li><li><a href=\"http:\/\/www.scharf-links.de\/47.0.html?&amp;tx_ttnews[tt_news]=78229&amp;tx_ttnews[backPid]=15&amp;cHash=19a8b1eb20\" target=\"_blank\" rel=\"noreferrer noopener\">Scharf links<\/a><\/li><\/ul>\n\n\n\n<p><\/p>\n","protected":false},"excerpt":{"rendered":"<p>Rund 20 Teilnehmer haben an der Aktion vor dem Forschungszentrum J\u00fclich und vor der Enrichment Technology Company (ETC) teilgenommen. Unter ihnen war auch der Bundesabgeordnete der Partei \u201eDie Linke\u201c Zeki G\u00f6khan, MdB. Pressespiegel: Lokalkompass Super Sonntag Herzog Kultur- &amp; Stadtmagazin f\u00fcr J\u00fclich Scharf links<\/p>\n<p class=\"continue-reading-button\"> <a class=\"continue-reading-link\" href=\"https:\/\/www.umweltaktivisten.de\/index.php\/2021\/09\/26\/nachlese-mahnwache-in-juelich-vor-etc-und-fzj\/\">weiter &#8230;<i class=\"crycon-right-dir\"><\/i><\/a><\/p>\n","protected":false},"author":1,"featured_media":4988,"comment_status":"closed","ping_status":"closed","sticky":false,"template":"","format":"standard","meta":{"footnotes":""},"categories":[1,21,68],"tags":[249,41,147],"class_list":["post-4994","post","type-post","status-publish","format-standard","has-post-thumbnail","hentry","category-allgemein","category-atom","category-demo","tag-etc","tag-fzj","tag-urananreicherung"],"yoast_head":"<!-- This site is optimized with the Yoast SEO plugin v27.5 - https:\/\/yoast.com\/product\/yoast-seo-wordpress\/ -->\n<title>Nachlese: Mahnwache in J\u00fclich vor ETC und FZJ - umweltaktivisten.de<\/title>\n<meta name=\"robots\" content=\"index, follow, max-snippet:-1, max-image-preview:large, max-video-preview:-1\" \/>\n<link rel=\"canonical\" href=\"https:\/\/www.umweltaktivisten.de\/index.php\/2021\/09\/26\/nachlese-mahnwache-in-juelich-vor-etc-und-fzj\/\" \/>\n<meta property=\"og:locale\" content=\"de_DE\" \/>\n<meta property=\"og:type\" content=\"article\" \/>\n<meta property=\"og:title\" content=\"Nachlese: Mahnwache in J\u00fclich vor ETC und FZJ - umweltaktivisten.de\" \/>\n<meta property=\"og:description\" content=\"Rund 20 Teilnehmer haben an der Aktion vor dem Forschungszentrum J\u00fclich und vor der Enrichment Technology Company (ETC) teilgenommen. Unter ihnen war auch der Bundesabgeordnete der Partei \u201eDie Linke\u201c Zeki G\u00f6khan, MdB. Pressespiegel: Lokalkompass Super Sonntag Herzog Kultur- &amp; Stadtmagazin f\u00fcr J\u00fclich Scharf links weiter ...\" \/>\n<meta property=\"og:url\" content=\"https:\/\/www.umweltaktivisten.de\/index.php\/2021\/09\/26\/nachlese-mahnwache-in-juelich-vor-etc-und-fzj\/\" \/>\n<meta property=\"og:site_name\" content=\"umweltaktivisten.de\" \/>\n<meta property=\"article:published_time\" content=\"2021-09-26T19:55:21+00:00\" \/>\n<meta property=\"article:modified_time\" content=\"2021-09-26T20:12:44+00:00\" \/>\n<meta property=\"og:image\" content=\"https:\/\/www.umweltaktivisten.de\/wp-content\/uploads\/2021\/09\/ETC-bearb_201.jpg\" \/>\n\t<meta property=\"og:image:width\" content=\"301\" \/>\n\t<meta property=\"og:image:height\" content=\"201\" \/>\n\t<meta property=\"og:image:type\" content=\"image\/jpeg\" \/>\n<meta name=\"author\" content=\"marita\" \/>\n<meta name=\"twitter:card\" content=\"summary_large_image\" \/>\n<meta name=\"twitter:label1\" content=\"Verfasst von\" \/>\n\t<meta name=\"twitter:data1\" content=\"marita\" \/>\n\t<meta name=\"twitter:label2\" content=\"Gesch\u00e4tzte Lesezeit\" \/>\n\t<meta name=\"twitter:data2\" content=\"2\u00a0Minuten\" \/>\n<script type=\"application\/ld+json\" class=\"yoast-schema-graph\">{\"@context\":\"https:\\\/\\\/schema.org\",\"@graph\":[{\"@type\":\"Article\",\"@id\":\"https:\\\/\\\/www.umweltaktivisten.de\\\/index.php\\\/2021\\\/09\\\/26\\\/nachlese-mahnwache-in-juelich-vor-etc-und-fzj\\\/#article\",\"isPartOf\":{\"@id\":\"https:\\\/\\\/www.umweltaktivisten.de\\\/index.php\\\/2021\\\/09\\\/26\\\/nachlese-mahnwache-in-juelich-vor-etc-und-fzj\\\/\"},\"author\":{\"name\":\"marita\",\"@id\":\"https:\\\/\\\/www.umweltaktivisten.de\\\/#\\\/schema\\\/person\\\/af601319cc34a906612869cf3b4fd51a\"},\"headline\":\"Nachlese: Mahnwache in J\u00fclich vor ETC und FZJ\",\"datePublished\":\"2021-09-26T19:55:21+00:00\",\"dateModified\":\"2021-09-26T20:12:44+00:00\",\"mainEntityOfPage\":{\"@id\":\"https:\\\/\\\/www.umweltaktivisten.de\\\/index.php\\\/2021\\\/09\\\/26\\\/nachlese-mahnwache-in-juelich-vor-etc-und-fzj\\\/\"},\"wordCount\":61,\"image\":{\"@id\":\"https:\\\/\\\/www.umweltaktivisten.de\\\/index.php\\\/2021\\\/09\\\/26\\\/nachlese-mahnwache-in-juelich-vor-etc-und-fzj\\\/#primaryimage\"},\"thumbnailUrl\":\"https:\\\/\\\/www.umweltaktivisten.de\\\/wp-content\\\/uploads\\\/2021\\\/09\\\/ETC-bearb_201.jpg\",\"keywords\":[\"ETC\",\"FZJ\",\"Urananreicherung\"],\"articleSection\":{\"1\":\"Atom\",\"2\":\"Demo\"},\"inLanguage\":\"de\"},{\"@type\":\"WebPage\",\"@id\":\"https:\\\/\\\/www.umweltaktivisten.de\\\/index.php\\\/2021\\\/09\\\/26\\\/nachlese-mahnwache-in-juelich-vor-etc-und-fzj\\\/\",\"url\":\"https:\\\/\\\/www.umweltaktivisten.de\\\/index.php\\\/2021\\\/09\\\/26\\\/nachlese-mahnwache-in-juelich-vor-etc-und-fzj\\\/\",\"name\":\"Nachlese: Mahnwache in J\u00fclich vor ETC und FZJ - umweltaktivisten.de\",\"isPartOf\":{\"@id\":\"https:\\\/\\\/www.umweltaktivisten.de\\\/#website\"},\"primaryImageOfPage\":{\"@id\":\"https:\\\/\\\/www.umweltaktivisten.de\\\/index.php\\\/2021\\\/09\\\/26\\\/nachlese-mahnwache-in-juelich-vor-etc-und-fzj\\\/#primaryimage\"},\"image\":{\"@id\":\"https:\\\/\\\/www.umweltaktivisten.de\\\/index.php\\\/2021\\\/09\\\/26\\\/nachlese-mahnwache-in-juelich-vor-etc-und-fzj\\\/#primaryimage\"},\"thumbnailUrl\":\"https:\\\/\\\/www.umweltaktivisten.de\\\/wp-content\\\/uploads\\\/2021\\\/09\\\/ETC-bearb_201.jpg\",\"datePublished\":\"2021-09-26T19:55:21+00:00\",\"dateModified\":\"2021-09-26T20:12:44+00:00\",\"author\":{\"@id\":\"https:\\\/\\\/www.umweltaktivisten.de\\\/#\\\/schema\\\/person\\\/af601319cc34a906612869cf3b4fd51a\"},\"breadcrumb\":{\"@id\":\"https:\\\/\\\/www.umweltaktivisten.de\\\/index.php\\\/2021\\\/09\\\/26\\\/nachlese-mahnwache-in-juelich-vor-etc-und-fzj\\\/#breadcrumb\"},\"inLanguage\":\"de\",\"potentialAction\":[{\"@type\":\"ReadAction\",\"target\":[\"https:\\\/\\\/www.umweltaktivisten.de\\\/index.php\\\/2021\\\/09\\\/26\\\/nachlese-mahnwache-in-juelich-vor-etc-und-fzj\\\/\"]}]},{\"@type\":\"ImageObject\",\"inLanguage\":\"de\",\"@id\":\"https:\\\/\\\/www.umweltaktivisten.de\\\/index.php\\\/2021\\\/09\\\/26\\\/nachlese-mahnwache-in-juelich-vor-etc-und-fzj\\\/#primaryimage\",\"url\":\"https:\\\/\\\/www.umweltaktivisten.de\\\/wp-content\\\/uploads\\\/2021\\\/09\\\/ETC-bearb_201.jpg\",\"contentUrl\":\"https:\\\/\\\/www.umweltaktivisten.de\\\/wp-content\\\/uploads\\\/2021\\\/09\\\/ETC-bearb_201.jpg\",\"width\":301,\"height\":201},{\"@type\":\"BreadcrumbList\",\"@id\":\"https:\\\/\\\/www.umweltaktivisten.de\\\/index.php\\\/2021\\\/09\\\/26\\\/nachlese-mahnwache-in-juelich-vor-etc-und-fzj\\\/#breadcrumb\",\"itemListElement\":[{\"@type\":\"ListItem\",\"position\":1,\"name\":\"Home\",\"item\":\"https:\\\/\\\/www.umweltaktivisten.de\\\/\"},{\"@type\":\"ListItem\",\"position\":2,\"name\":\"Nachlese: Mahnwache in J\u00fclich vor ETC und FZJ\"}]},{\"@type\":\"WebSite\",\"@id\":\"https:\\\/\\\/www.umweltaktivisten.de\\\/#website\",\"url\":\"https:\\\/\\\/www.umweltaktivisten.de\\\/\",\"name\":\"umweltaktivisten.de\",\"description\":\"&quot;Wir haben die Erde nur von unseren Kindern geborgt&quot;\",\"potentialAction\":[{\"@type\":\"SearchAction\",\"target\":{\"@type\":\"EntryPoint\",\"urlTemplate\":\"https:\\\/\\\/www.umweltaktivisten.de\\\/?s={search_term_string}\"},\"query-input\":{\"@type\":\"PropertyValueSpecification\",\"valueRequired\":true,\"valueName\":\"search_term_string\"}}],\"inLanguage\":\"de\"},{\"@type\":\"Person\",\"@id\":\"https:\\\/\\\/www.umweltaktivisten.de\\\/#\\\/schema\\\/person\\\/af601319cc34a906612869cf3b4fd51a\",\"name\":\"marita\",\"url\":\"https:\\\/\\\/www.umweltaktivisten.de\\\/author\\\/marita\\\/\"}]}<\/script>\n<!-- \/ Yoast SEO plugin. -->","yoast_head_json":{"title":"Nachlese: Mahnwache in J\u00fclich vor ETC und FZJ - umweltaktivisten.de","robots":{"index":"index","follow":"follow","max-snippet":"max-snippet:-1","max-image-preview":"max-image-preview:large","max-video-preview":"max-video-preview:-1"},"canonical":"https:\/\/www.umweltaktivisten.de\/index.php\/2021\/09\/26\/nachlese-mahnwache-in-juelich-vor-etc-und-fzj\/","og_locale":"de_DE","og_type":"article","og_title":"Nachlese: Mahnwache in J\u00fclich vor ETC und FZJ - umweltaktivisten.de","og_description":"Rund 20 Teilnehmer haben an der Aktion vor dem Forschungszentrum J\u00fclich und vor der Enrichment Technology Company (ETC) teilgenommen. Unter ihnen war auch der Bundesabgeordnete der Partei \u201eDie Linke\u201c Zeki G\u00f6khan, MdB. Pressespiegel: Lokalkompass Super Sonntag Herzog Kultur- &amp; Stadtmagazin f\u00fcr J\u00fclich Scharf links weiter ...","og_url":"https:\/\/www.umweltaktivisten.de\/index.php\/2021\/09\/26\/nachlese-mahnwache-in-juelich-vor-etc-und-fzj\/","og_site_name":"umweltaktivisten.de","article_published_time":"2021-09-26T19:55:21+00:00","article_modified_time":"2021-09-26T20:12:44+00:00","og_image":[{"width":301,"height":201,"url":"https:\/\/www.umweltaktivisten.de\/wp-content\/uploads\/2021\/09\/ETC-bearb_201.jpg","type":"image\/jpeg"}],"author":"marita","twitter_card":"summary_large_image","twitter_misc":{"Verfasst von":"marita","Gesch\u00e4tzte Lesezeit":"2\u00a0Minuten"},"schema":{"@context":"https:\/\/schema.org","@graph":[{"@type":"Article","@id":"https:\/\/www.umweltaktivisten.de\/index.php\/2021\/09\/26\/nachlese-mahnwache-in-juelich-vor-etc-und-fzj\/#article","isPartOf":{"@id":"https:\/\/www.umweltaktivisten.de\/index.php\/2021\/09\/26\/nachlese-mahnwache-in-juelich-vor-etc-und-fzj\/"},"author":{"name":"marita","@id":"https:\/\/www.umweltaktivisten.de\/#\/schema\/person\/af601319cc34a906612869cf3b4fd51a"},"headline":"Nachlese: Mahnwache in J\u00fclich vor ETC und FZJ","datePublished":"2021-09-26T19:55:21+00:00","dateModified":"2021-09-26T20:12:44+00:00","mainEntityOfPage":{"@id":"https:\/\/www.umweltaktivisten.de\/index.php\/2021\/09\/26\/nachlese-mahnwache-in-juelich-vor-etc-und-fzj\/"},"wordCount":61,"image":{"@id":"https:\/\/www.umweltaktivisten.de\/index.php\/2021\/09\/26\/nachlese-mahnwache-in-juelich-vor-etc-und-fzj\/#primaryimage"},"thumbnailUrl":"https:\/\/www.umweltaktivisten.de\/wp-content\/uploads\/2021\/09\/ETC-bearb_201.jpg","keywords":["ETC","FZJ","Urananreicherung"],"articleSection":{"1":"Atom","2":"Demo"},"inLanguage":"de"},{"@type":"WebPage","@id":"https:\/\/www.umweltaktivisten.de\/index.php\/2021\/09\/26\/nachlese-mahnwache-in-juelich-vor-etc-und-fzj\/","url":"https:\/\/www.umweltaktivisten.de\/index.php\/2021\/09\/26\/nachlese-mahnwache-in-juelich-vor-etc-und-fzj\/","name":"Nachlese: Mahnwache in J\u00fclich vor ETC und FZJ - umweltaktivisten.de","isPartOf":{"@id":"https:\/\/www.umweltaktivisten.de\/#website"},"primaryImageOfPage":{"@id":"https:\/\/www.umweltaktivisten.de\/index.php\/2021\/09\/26\/nachlese-mahnwache-in-juelich-vor-etc-und-fzj\/#primaryimage"},"image":{"@id":"https:\/\/www.umweltaktivisten.de\/index.php\/2021\/09\/26\/nachlese-mahnwache-in-juelich-vor-etc-und-fzj\/#primaryimage"},"thumbnailUrl":"https:\/\/www.umweltaktivisten.de\/wp-content\/uploads\/2021\/09\/ETC-bearb_201.jpg","datePublished":"2021-09-26T19:55:21+00:00","dateModified":"2021-09-26T20:12:44+00:00","author":{"@id":"https:\/\/www.umweltaktivisten.de\/#\/schema\/person\/af601319cc34a906612869cf3b4fd51a"},"breadcrumb":{"@id":"https:\/\/www.umweltaktivisten.de\/index.php\/2021\/09\/26\/nachlese-mahnwache-in-juelich-vor-etc-und-fzj\/#breadcrumb"},"inLanguage":"de","potentialAction":[{"@type":"ReadAction","target":["https:\/\/www.umweltaktivisten.de\/index.php\/2021\/09\/26\/nachlese-mahnwache-in-juelich-vor-etc-und-fzj\/"]}]},{"@type":"ImageObject","inLanguage":"de","@id":"https:\/\/www.umweltaktivisten.de\/index.php\/2021\/09\/26\/nachlese-mahnwache-in-juelich-vor-etc-und-fzj\/#primaryimage","url":"https:\/\/www.umweltaktivisten.de\/wp-content\/uploads\/2021\/09\/ETC-bearb_201.jpg","contentUrl":"https:\/\/www.umweltaktivisten.de\/wp-content\/uploads\/2021\/09\/ETC-bearb_201.jpg","width":301,"height":201},{"@type":"BreadcrumbList","@id":"https:\/\/www.umweltaktivisten.de\/index.php\/2021\/09\/26\/nachlese-mahnwache-in-juelich-vor-etc-und-fzj\/#breadcrumb","itemListElement":[{"@type":"ListItem","position":1,"name":"Home","item":"https:\/\/www.umweltaktivisten.de\/"},{"@type":"ListItem","position":2,"name":"Nachlese: Mahnwache in J\u00fclich vor ETC und FZJ"}]},{"@type":"WebSite","@id":"https:\/\/www.umweltaktivisten.de\/#website","url":"https:\/\/www.umweltaktivisten.de\/","name":"umweltaktivisten.de","description":"&quot;Wir haben die Erde nur von unseren Kindern geborgt&quot;","potentialAction":[{"@type":"SearchAction","target":{"@type":"EntryPoint","urlTemplate":"https:\/\/www.umweltaktivisten.de\/?s={search_term_string}"},"query-input":{"@type":"PropertyValueSpecification","valueRequired":true,"valueName":"search_term_string"}}],"inLanguage":"de"},{"@type":"Person","@id":"https:\/\/www.umweltaktivisten.de\/#\/schema\/person\/af601319cc34a906612869cf3b4fd51a","name":"marita","url":"https:\/\/www.umweltaktivisten.de\/author\/marita\/"}]}},"_links":{"self":[{"href":"https:\/\/www.umweltaktivisten.de\/index.php\/wp-json\/wp\/v2\/posts\/4994","targetHints":{"allow":["GET"]}}],"collection":[{"href":"https:\/\/www.umweltaktivisten.de\/index.php\/wp-json\/wp\/v2\/posts"}],"about":[{"href":"https:\/\/www.umweltaktivisten.de\/index.php\/wp-json\/wp\/v2\/types\/post"}],"author":[{"embeddable":true,"href":"https:\/\/www.umweltaktivisten.de\/index.php\/wp-json\/wp\/v2\/users\/1"}],"replies":[{"embeddable":true,"href":"https:\/\/www.umweltaktivisten.de\/index.php\/wp-json\/wp\/v2\/comments?post=4994"}],"version-history":[{"count":5,"href":"https:\/\/www.umweltaktivisten.de\/index.php\/wp-json\/wp\/v2\/posts\/4994\/revisions"}],"predecessor-version":[{"id":5017,"href":"https:\/\/www.umweltaktivisten.de\/index.php\/wp-json\/wp\/v2\/posts\/4994\/revisions\/5017"}],"wp:featuredmedia":[{"embeddable":true,"href":"https:\/\/www.umweltaktivisten.de\/index.php\/wp-json\/wp\/v2\/media\/4988"}],"wp:attachment":[{"href":"https:\/\/www.umweltaktivisten.de\/index.php\/wp-json\/wp\/v2\/media?parent=4994"}],"wp:term":[{"taxonomy":"category","embeddable":true,"href":"https:\/\/www.umweltaktivisten.de\/index.php\/wp-json\/wp\/v2\/categories?post=4994"},{"taxonomy":"post_tag","embeddable":true,"href":"https:\/\/www.umweltaktivisten.de\/index.php\/wp-json\/wp\/v2\/tags?post=4994"}],"curies":[{"name":"wp","href":"https:\/\/api.w.org\/{rel}","templated":true}]}}