{"id":496,"date":"2015-06-29T22:06:03","date_gmt":"2015-06-29T20:06:03","guid":{"rendered":"http:\/\/www.umweltaktivisten.de\/?p=496"},"modified":"2017-04-06T20:36:36","modified_gmt":"2017-04-06T18:36:36","slug":"akteure-von-stop-westcastor-in-planet-e","status":"publish","type":"post","link":"https:\/\/www.umweltaktivisten.de\/index.php\/2015\/06\/29\/akteure-von-stop-westcastor-in-planet-e\/","title":{"rendered":"Akteure von Stop Westcastor in planet e."},"content":{"rendered":"<p><strong>Die Dokumentationsreihe \u201eplanet e\u201c. geht der Frage nach:\u00a0 Wohin mit dem Atomm\u00fcll?<\/strong><br \/>\n<strong>Ist die Atomkraft ein Milliardengrab?<\/strong><\/p>\n<p>Auch in J\u00fclich geht sie auf Spurensuche. Akteure des J\u00fclicher Aktionsb\u00fcndnisses und Peter Dickel von der atomkraftkri-tischen Arbeitsge-meinschaft Schacht Konrad stellen sich der Frage: Wohin mit den 152 Castoren, die auf ihren Transport warten. Aber wohin, das wei\u00df momentan niemand. Ein ehemaliger Versuchsreaktor lagert derzeit in einem Zwischenlager auf dem Gel\u00e4nde des Forschungszentrums. Der Reaktor hat einst Strom ins Netz f\u00fcr 100 Millionen gespeist. Derzeit sch\u00e4tzen Fachleute die Kosten f\u00fcr die Entsorgung des Versuchsreaktors AVR und der Brennelemente auf 1,5 Milliarden Euro. \u201eVon billigem Atomstrom kann da nicht die Rede sein\u201c, bekr\u00e4ftigt Marita Boslar vom Aktionsb\u00fcndnis Stop Westcastor.<\/p>\n<p><a href=\"http:\/\/www.zdf.de\/ZDF\/zdfportal\/programdata\/829179a5-9db7-4d93-8ff4-d3ef17a70c30\/20453738?generateCanonicalUrl=true\" target=\"_blank\" rel=\"noopener\">Link zur Sendung \u201eMilliardengrab Atomkraft\u201c<\/a><\/p>\n<p><strong>\u201eplanet e\u201c<\/strong> deckt die Gefahren und Widerspr\u00fcche im Umgang mit dem Atomm\u00fcll auf und begleitet Menschen, die nach L\u00f6sungen f\u00fcr das strahlende Problem suchen. (Quelle: ZDF \u201eplanet e. ein Film von Bj\u00f6rn Platz)<\/p>\n<p><strong>In der Arbeitsgemeinschaft Schacht KONRAD e.V.<\/strong> sind Personen aus ganz unterschiedlichen Bereichen zusammengeschlossen, die sich kritisch mit der Lagerung von Atomm\u00fcll in der Sch\u00e4chten Bartensleben (Endlager Morsleben) und ASSE II und dem geplanten Endlager Schacht KONRAD auseinandersetzen. F\u00fcr die meisten ihrer Mitglieder ist dies nicht zu trennen von einer grunds\u00e4tzlichen Kritik an der Nutzung der Atomtechnik und der Forderung nach einem schnellen Ausstieg<\/p>\n<p>Die Arbeitsgemeinschaft wurde im August 1987 gegr\u00fcndet, ist als gemeinn\u00fctzig anerkannt und hat derzeit rund 35 korporative Mitglieder und an die 150 Einzelmitglieder (Quelle: http:\/\/ag-schacht-konrad.de)<\/p>\n<p>&nbsp;<\/p>\n","protected":false},"excerpt":{"rendered":"<p>Die Dokumentationsreihe \u201eplanet e\u201c. geht der Frage nach:\u00a0 Wohin mit dem Atomm\u00fcll? Ist die Atomkraft ein Milliardengrab? Auch in J\u00fclich geht sie auf Spurensuche. Akteure des J\u00fclicher Aktionsb\u00fcndnisses und Peter Dickel von der atomkraftkri-tischen Arbeitsge-meinschaft Schacht Konrad stellen sich der Frage: Wohin mit den 152 Castoren, die auf ihren Transport\u2026<\/p>\n<p class=\"continue-reading-button\"> <a class=\"continue-reading-link\" href=\"https:\/\/www.umweltaktivisten.de\/index.php\/2015\/06\/29\/akteure-von-stop-westcastor-in-planet-e\/\">weiter &#8230;<i class=\"crycon-right-dir\"><\/i><\/a><\/p>\n","protected":false},"author":1,"featured_media":499,"comment_status":"closed","ping_status":"closed","sticky":false,"template":"","format":"standard","meta":{"footnotes":""},"categories":[10],"tags":[],"class_list":["post-496","post","type-post","status-publish","format-standard","has-post-thumbnail","hentry","category-stop-westcastor"],"yoast_head":"<!-- This site is optimized with the Yoast SEO plugin v27.4 - https:\/\/yoast.com\/product\/yoast-seo-wordpress\/ -->\n<title>Akteure von Stop Westcastor in planet e. - umweltaktivisten.de<\/title>\n<meta name=\"robots\" content=\"index, nofollow, max-snippet:-1, max-image-preview:large, max-video-preview:-1\" \/>\n<link rel=\"canonical\" href=\"https:\/\/www.umweltaktivisten.de\/index.php\/2015\/06\/29\/akteure-von-stop-westcastor-in-planet-e\/\" \/>\n<meta property=\"og:locale\" content=\"de_DE\" \/>\n<meta property=\"og:type\" content=\"article\" \/>\n<meta property=\"og:title\" content=\"Akteure von Stop Westcastor in planet e. - umweltaktivisten.de\" \/>\n<meta property=\"og:description\" content=\"Die Dokumentationsreihe \u201eplanet e\u201c. geht der Frage nach:\u00a0 Wohin mit dem Atomm\u00fcll? Ist die Atomkraft ein Milliardengrab? Auch in J\u00fclich geht sie auf Spurensuche. Akteure des J\u00fclicher Aktionsb\u00fcndnisses und Peter Dickel von der atomkraftkri-tischen Arbeitsge-meinschaft Schacht Konrad stellen sich der Frage: Wohin mit den 152 Castoren, die auf ihren Transport\u2026 weiter ...\" \/>\n<meta property=\"og:url\" content=\"https:\/\/www.umweltaktivisten.de\/index.php\/2015\/06\/29\/akteure-von-stop-westcastor-in-planet-e\/\" \/>\n<meta property=\"og:site_name\" content=\"umweltaktivisten.de\" \/>\n<meta property=\"article:published_time\" content=\"2015-06-29T20:06:03+00:00\" \/>\n<meta property=\"article:modified_time\" content=\"2017-04-06T18:36:36+00:00\" \/>\n<meta property=\"og:image\" content=\"https:\/\/www.umweltaktivisten.de\/wp-content\/uploads\/2015\/06\/FZJ-4.jpg\" \/>\n\t<meta property=\"og:image:width\" content=\"300\" \/>\n\t<meta property=\"og:image:height\" content=\"225\" \/>\n\t<meta property=\"og:image:type\" content=\"image\/jpeg\" \/>\n<meta name=\"author\" content=\"marita\" \/>\n<meta name=\"twitter:card\" content=\"summary_large_image\" \/>\n<meta name=\"twitter:label1\" content=\"Verfasst von\" \/>\n\t<meta name=\"twitter:data1\" content=\"marita\" \/>\n\t<meta name=\"twitter:label2\" content=\"Gesch\u00e4tzte Lesezeit\" \/>\n\t<meta name=\"twitter:data2\" content=\"1\u00a0Minute\" \/>\n<script type=\"application\/ld+json\" class=\"yoast-schema-graph\">{\"@context\":\"https:\\\/\\\/schema.org\",\"@graph\":[{\"@type\":\"Article\",\"@id\":\"https:\\\/\\\/www.umweltaktivisten.de\\\/index.php\\\/2015\\\/06\\\/29\\\/akteure-von-stop-westcastor-in-planet-e\\\/#article\",\"isPartOf\":{\"@id\":\"https:\\\/\\\/www.umweltaktivisten.de\\\/index.php\\\/2015\\\/06\\\/29\\\/akteure-von-stop-westcastor-in-planet-e\\\/\"},\"author\":{\"name\":\"marita\",\"@id\":\"https:\\\/\\\/www.umweltaktivisten.de\\\/#\\\/schema\\\/person\\\/af601319cc34a906612869cf3b4fd51a\"},\"headline\":\"Akteure von Stop Westcastor in planet e.\",\"datePublished\":\"2015-06-29T20:06:03+00:00\",\"dateModified\":\"2017-04-06T18:36:36+00:00\",\"mainEntityOfPage\":{\"@id\":\"https:\\\/\\\/www.umweltaktivisten.de\\\/index.php\\\/2015\\\/06\\\/29\\\/akteure-von-stop-westcastor-in-planet-e\\\/\"},\"wordCount\":267,\"image\":{\"@id\":\"https:\\\/\\\/www.umweltaktivisten.de\\\/index.php\\\/2015\\\/06\\\/29\\\/akteure-von-stop-westcastor-in-planet-e\\\/#primaryimage\"},\"thumbnailUrl\":\"https:\\\/\\\/www.umweltaktivisten.de\\\/wp-content\\\/uploads\\\/2015\\\/06\\\/FZJ-4.jpg\",\"articleSection\":[\"Stop Westcastor\"],\"inLanguage\":\"de\"},{\"@type\":\"WebPage\",\"@id\":\"https:\\\/\\\/www.umweltaktivisten.de\\\/index.php\\\/2015\\\/06\\\/29\\\/akteure-von-stop-westcastor-in-planet-e\\\/\",\"url\":\"https:\\\/\\\/www.umweltaktivisten.de\\\/index.php\\\/2015\\\/06\\\/29\\\/akteure-von-stop-westcastor-in-planet-e\\\/\",\"name\":\"Akteure von Stop Westcastor in planet e. - umweltaktivisten.de\",\"isPartOf\":{\"@id\":\"https:\\\/\\\/www.umweltaktivisten.de\\\/#website\"},\"primaryImageOfPage\":{\"@id\":\"https:\\\/\\\/www.umweltaktivisten.de\\\/index.php\\\/2015\\\/06\\\/29\\\/akteure-von-stop-westcastor-in-planet-e\\\/#primaryimage\"},\"image\":{\"@id\":\"https:\\\/\\\/www.umweltaktivisten.de\\\/index.php\\\/2015\\\/06\\\/29\\\/akteure-von-stop-westcastor-in-planet-e\\\/#primaryimage\"},\"thumbnailUrl\":\"https:\\\/\\\/www.umweltaktivisten.de\\\/wp-content\\\/uploads\\\/2015\\\/06\\\/FZJ-4.jpg\",\"datePublished\":\"2015-06-29T20:06:03+00:00\",\"dateModified\":\"2017-04-06T18:36:36+00:00\",\"author\":{\"@id\":\"https:\\\/\\\/www.umweltaktivisten.de\\\/#\\\/schema\\\/person\\\/af601319cc34a906612869cf3b4fd51a\"},\"breadcrumb\":{\"@id\":\"https:\\\/\\\/www.umweltaktivisten.de\\\/index.php\\\/2015\\\/06\\\/29\\\/akteure-von-stop-westcastor-in-planet-e\\\/#breadcrumb\"},\"inLanguage\":\"de\",\"potentialAction\":[{\"@type\":\"ReadAction\",\"target\":[\"https:\\\/\\\/www.umweltaktivisten.de\\\/index.php\\\/2015\\\/06\\\/29\\\/akteure-von-stop-westcastor-in-planet-e\\\/\"]}]},{\"@type\":\"ImageObject\",\"inLanguage\":\"de\",\"@id\":\"https:\\\/\\\/www.umweltaktivisten.de\\\/index.php\\\/2015\\\/06\\\/29\\\/akteure-von-stop-westcastor-in-planet-e\\\/#primaryimage\",\"url\":\"https:\\\/\\\/www.umweltaktivisten.de\\\/wp-content\\\/uploads\\\/2015\\\/06\\\/FZJ-4.jpg\",\"contentUrl\":\"https:\\\/\\\/www.umweltaktivisten.de\\\/wp-content\\\/uploads\\\/2015\\\/06\\\/FZJ-4.jpg\",\"width\":300,\"height\":225},{\"@type\":\"BreadcrumbList\",\"@id\":\"https:\\\/\\\/www.umweltaktivisten.de\\\/index.php\\\/2015\\\/06\\\/29\\\/akteure-von-stop-westcastor-in-planet-e\\\/#breadcrumb\",\"itemListElement\":[{\"@type\":\"ListItem\",\"position\":1,\"name\":\"Home\",\"item\":\"https:\\\/\\\/www.umweltaktivisten.de\\\/\"},{\"@type\":\"ListItem\",\"position\":2,\"name\":\"Akteure von Stop Westcastor in planet e.\"}]},{\"@type\":\"WebSite\",\"@id\":\"https:\\\/\\\/www.umweltaktivisten.de\\\/#website\",\"url\":\"https:\\\/\\\/www.umweltaktivisten.de\\\/\",\"name\":\"umweltaktivisten.de\",\"description\":\"&quot;Wir haben die Erde nur von unseren Kindern geborgt&quot;\",\"potentialAction\":[{\"@type\":\"SearchAction\",\"target\":{\"@type\":\"EntryPoint\",\"urlTemplate\":\"https:\\\/\\\/www.umweltaktivisten.de\\\/?s={search_term_string}\"},\"query-input\":{\"@type\":\"PropertyValueSpecification\",\"valueRequired\":true,\"valueName\":\"search_term_string\"}}],\"inLanguage\":\"de\"},{\"@type\":\"Person\",\"@id\":\"https:\\\/\\\/www.umweltaktivisten.de\\\/#\\\/schema\\\/person\\\/af601319cc34a906612869cf3b4fd51a\",\"name\":\"marita\",\"url\":\"https:\\\/\\\/www.umweltaktivisten.de\\\/author\\\/marita\\\/\"}]}<\/script>\n<!-- \/ Yoast SEO plugin. -->","yoast_head_json":{"title":"Akteure von Stop Westcastor in planet e. - umweltaktivisten.de","robots":{"index":"index","follow":"nofollow","max-snippet":"max-snippet:-1","max-image-preview":"max-image-preview:large","max-video-preview":"max-video-preview:-1"},"canonical":"https:\/\/www.umweltaktivisten.de\/index.php\/2015\/06\/29\/akteure-von-stop-westcastor-in-planet-e\/","og_locale":"de_DE","og_type":"article","og_title":"Akteure von Stop Westcastor in planet e. - umweltaktivisten.de","og_description":"Die Dokumentationsreihe \u201eplanet e\u201c. geht der Frage nach:\u00a0 Wohin mit dem Atomm\u00fcll? Ist die Atomkraft ein Milliardengrab? Auch in J\u00fclich geht sie auf Spurensuche. Akteure des J\u00fclicher Aktionsb\u00fcndnisses und Peter Dickel von der atomkraftkri-tischen Arbeitsge-meinschaft Schacht Konrad stellen sich der Frage: Wohin mit den 152 Castoren, die auf ihren Transport\u2026 weiter ...","og_url":"https:\/\/www.umweltaktivisten.de\/index.php\/2015\/06\/29\/akteure-von-stop-westcastor-in-planet-e\/","og_site_name":"umweltaktivisten.de","article_published_time":"2015-06-29T20:06:03+00:00","article_modified_time":"2017-04-06T18:36:36+00:00","og_image":[{"width":300,"height":225,"url":"https:\/\/www.umweltaktivisten.de\/wp-content\/uploads\/2015\/06\/FZJ-4.jpg","type":"image\/jpeg"}],"author":"marita","twitter_card":"summary_large_image","twitter_misc":{"Verfasst von":"marita","Gesch\u00e4tzte Lesezeit":"1\u00a0Minute"},"schema":{"@context":"https:\/\/schema.org","@graph":[{"@type":"Article","@id":"https:\/\/www.umweltaktivisten.de\/index.php\/2015\/06\/29\/akteure-von-stop-westcastor-in-planet-e\/#article","isPartOf":{"@id":"https:\/\/www.umweltaktivisten.de\/index.php\/2015\/06\/29\/akteure-von-stop-westcastor-in-planet-e\/"},"author":{"name":"marita","@id":"https:\/\/www.umweltaktivisten.de\/#\/schema\/person\/af601319cc34a906612869cf3b4fd51a"},"headline":"Akteure von Stop Westcastor in planet e.","datePublished":"2015-06-29T20:06:03+00:00","dateModified":"2017-04-06T18:36:36+00:00","mainEntityOfPage":{"@id":"https:\/\/www.umweltaktivisten.de\/index.php\/2015\/06\/29\/akteure-von-stop-westcastor-in-planet-e\/"},"wordCount":267,"image":{"@id":"https:\/\/www.umweltaktivisten.de\/index.php\/2015\/06\/29\/akteure-von-stop-westcastor-in-planet-e\/#primaryimage"},"thumbnailUrl":"https:\/\/www.umweltaktivisten.de\/wp-content\/uploads\/2015\/06\/FZJ-4.jpg","articleSection":["Stop Westcastor"],"inLanguage":"de"},{"@type":"WebPage","@id":"https:\/\/www.umweltaktivisten.de\/index.php\/2015\/06\/29\/akteure-von-stop-westcastor-in-planet-e\/","url":"https:\/\/www.umweltaktivisten.de\/index.php\/2015\/06\/29\/akteure-von-stop-westcastor-in-planet-e\/","name":"Akteure von Stop Westcastor in planet e. - umweltaktivisten.de","isPartOf":{"@id":"https:\/\/www.umweltaktivisten.de\/#website"},"primaryImageOfPage":{"@id":"https:\/\/www.umweltaktivisten.de\/index.php\/2015\/06\/29\/akteure-von-stop-westcastor-in-planet-e\/#primaryimage"},"image":{"@id":"https:\/\/www.umweltaktivisten.de\/index.php\/2015\/06\/29\/akteure-von-stop-westcastor-in-planet-e\/#primaryimage"},"thumbnailUrl":"https:\/\/www.umweltaktivisten.de\/wp-content\/uploads\/2015\/06\/FZJ-4.jpg","datePublished":"2015-06-29T20:06:03+00:00","dateModified":"2017-04-06T18:36:36+00:00","author":{"@id":"https:\/\/www.umweltaktivisten.de\/#\/schema\/person\/af601319cc34a906612869cf3b4fd51a"},"breadcrumb":{"@id":"https:\/\/www.umweltaktivisten.de\/index.php\/2015\/06\/29\/akteure-von-stop-westcastor-in-planet-e\/#breadcrumb"},"inLanguage":"de","potentialAction":[{"@type":"ReadAction","target":["https:\/\/www.umweltaktivisten.de\/index.php\/2015\/06\/29\/akteure-von-stop-westcastor-in-planet-e\/"]}]},{"@type":"ImageObject","inLanguage":"de","@id":"https:\/\/www.umweltaktivisten.de\/index.php\/2015\/06\/29\/akteure-von-stop-westcastor-in-planet-e\/#primaryimage","url":"https:\/\/www.umweltaktivisten.de\/wp-content\/uploads\/2015\/06\/FZJ-4.jpg","contentUrl":"https:\/\/www.umweltaktivisten.de\/wp-content\/uploads\/2015\/06\/FZJ-4.jpg","width":300,"height":225},{"@type":"BreadcrumbList","@id":"https:\/\/www.umweltaktivisten.de\/index.php\/2015\/06\/29\/akteure-von-stop-westcastor-in-planet-e\/#breadcrumb","itemListElement":[{"@type":"ListItem","position":1,"name":"Home","item":"https:\/\/www.umweltaktivisten.de\/"},{"@type":"ListItem","position":2,"name":"Akteure von Stop Westcastor in planet e."}]},{"@type":"WebSite","@id":"https:\/\/www.umweltaktivisten.de\/#website","url":"https:\/\/www.umweltaktivisten.de\/","name":"umweltaktivisten.de","description":"&quot;Wir haben die Erde nur von unseren Kindern geborgt&quot;","potentialAction":[{"@type":"SearchAction","target":{"@type":"EntryPoint","urlTemplate":"https:\/\/www.umweltaktivisten.de\/?s={search_term_string}"},"query-input":{"@type":"PropertyValueSpecification","valueRequired":true,"valueName":"search_term_string"}}],"inLanguage":"de"},{"@type":"Person","@id":"https:\/\/www.umweltaktivisten.de\/#\/schema\/person\/af601319cc34a906612869cf3b4fd51a","name":"marita","url":"https:\/\/www.umweltaktivisten.de\/author\/marita\/"}]}},"_links":{"self":[{"href":"https:\/\/www.umweltaktivisten.de\/index.php\/wp-json\/wp\/v2\/posts\/496","targetHints":{"allow":["GET"]}}],"collection":[{"href":"https:\/\/www.umweltaktivisten.de\/index.php\/wp-json\/wp\/v2\/posts"}],"about":[{"href":"https:\/\/www.umweltaktivisten.de\/index.php\/wp-json\/wp\/v2\/types\/post"}],"author":[{"embeddable":true,"href":"https:\/\/www.umweltaktivisten.de\/index.php\/wp-json\/wp\/v2\/users\/1"}],"replies":[{"embeddable":true,"href":"https:\/\/www.umweltaktivisten.de\/index.php\/wp-json\/wp\/v2\/comments?post=496"}],"version-history":[{"count":2,"href":"https:\/\/www.umweltaktivisten.de\/index.php\/wp-json\/wp\/v2\/posts\/496\/revisions"}],"predecessor-version":[{"id":2154,"href":"https:\/\/www.umweltaktivisten.de\/index.php\/wp-json\/wp\/v2\/posts\/496\/revisions\/2154"}],"wp:featuredmedia":[{"embeddable":true,"href":"https:\/\/www.umweltaktivisten.de\/index.php\/wp-json\/wp\/v2\/media\/499"}],"wp:attachment":[{"href":"https:\/\/www.umweltaktivisten.de\/index.php\/wp-json\/wp\/v2\/media?parent=496"}],"wp:term":[{"taxonomy":"category","embeddable":true,"href":"https:\/\/www.umweltaktivisten.de\/index.php\/wp-json\/wp\/v2\/categories?post=496"},{"taxonomy":"post_tag","embeddable":true,"href":"https:\/\/www.umweltaktivisten.de\/index.php\/wp-json\/wp\/v2\/tags?post=496"}],"curies":[{"name":"wp","href":"https:\/\/api.w.org\/{rel}","templated":true}]}}