{"id":4913,"date":"2021-05-31T12:00:00","date_gmt":"2021-05-31T10:00:00","guid":{"rendered":"https:\/\/www.umweltaktivisten.de\/?p=4913"},"modified":"2021-06-01T11:35:16","modified_gmt":"2021-06-01T09:35:16","slug":"keine-brennelementekooperation-framatome-rosatom-in-lingen","status":"publish","type":"post","link":"https:\/\/www.umweltaktivisten.de\/index.php\/2021\/05\/31\/keine-brennelementekooperation-framatome-rosatom-in-lingen\/","title":{"rendered":"Keine Brennelementekooperation Framatome \/ Rosatom in Lingen"},"content":{"rendered":"\n<h4 class=\"wp-block-heading\"><strong>Brennelementeproduktion beenden \u2013 Atomausstieg voranbringen!<\/strong><\/h4>\n\n\n<p><img loading=\"lazy\" decoding=\"async\" class=\"wp-image-2308 alignleft\" src=\"https:\/\/www.umweltaktivisten.de\/wp-content\/uploads\/2017\/09\/Foto-Lingen-Demo-29.10.2016-SOFA.jpg\" alt=\"\" width=\"485\" height=\"323\" srcset=\"https:\/\/www.umweltaktivisten.de\/wp-content\/uploads\/2017\/09\/Foto-Lingen-Demo-29.10.2016-SOFA.jpg 1200w, https:\/\/www.umweltaktivisten.de\/wp-content\/uploads\/2017\/09\/Foto-Lingen-Demo-29.10.2016-SOFA-300x200.jpg 300w, https:\/\/www.umweltaktivisten.de\/wp-content\/uploads\/2017\/09\/Foto-Lingen-Demo-29.10.2016-SOFA-768x511.jpg 768w, https:\/\/www.umweltaktivisten.de\/wp-content\/uploads\/2017\/09\/Foto-Lingen-Demo-29.10.2016-SOFA-1024x682.jpg 1024w, https:\/\/www.umweltaktivisten.de\/wp-content\/uploads\/2017\/09\/Foto-Lingen-Demo-29.10.2016-SOFA-150x100.jpg 150w\" sizes=\"auto, (max-width: 485px) 100vw, 485px\" \/><\/p>\n\n\n<p>Bereits im M\u00e4rz 2021 stimmte das deutsche Bundeskartellamt dem Joint Venture zu \u2013 eine politische Bewertung durch die Bundesregierung in Berlin fand zu diesem Zeitpunkt nicht statt. Gegen\u00fcber nachfragenden Bundestagsabgeordneten wurden die relevanten Informationen zur Verschlusssache erkl\u00e4rt. Das Nachrichtenmagazin \u201eDer Spiegel\u201c berichtete jedoch im April, dass die Rosatom-Tochter 25 Prozent an dem Joint Venture in Lingen erhalten soll.<\/p>\n\n\n\n<p><strong>Wir fordern von der franz\u00f6sischen und der russischen Regierung den sofortigen Verzicht auf diese atompolitische Kooperation in Deutschland. Wir erwarten von Pr\u00e4sident Macron und Pr\u00e4sident Putin, dass sie den Atomausstieg in Deutschland respektieren. Das bedeutet konkret, dass die Brennelementefabrik in Lingen komplett geschlossen wird und nicht durch ein neues Joint Venture k\u00fcnstlich weiter in Betrieb bleibt.<\/strong><\/p>\n\n\n\n<p>Wir fordern zudem von der Bundesregierung, dass sie diese Atomkooperation unterbindet und stattdessen die Stilllegung der Atomanlage in Lingen einleitet. Bislang ist die Brennelementefabrik in Lingen genau wie die Urananreicherungsanlage im benachbarten Gronauals einzige deutsche Atomanlage vom Atomausstieg bis Ende 2022 ausgenommen. Ausgelastet ist die Brennelementefabrik schon seit der Reaktorkatastrophe von Fukushima nicht mehr, weil immer mehr altersschwache Reaktoren vom Netz gehen m\u00fcssen. Nun droht Lingen jedoch zu einer franz\u00f6sisch-russischen Atomzentrale bei der Belieferung von alternden AKWs in vielen europ\u00e4ischen L\u00e4ndern zu werden.<\/p>\n\n\n\n<p>Wir bef\u00fcrchten konkret, dass die Kooperation von Framatome und Rosatom dazu f\u00fchren wird, dass die russische Atomindustrie Teile der Brennelementeproduktion von Russland nach Deutschland auslagern will, unter anderem, um unbequeme EU-Sanktionen im atomaren Bereich zu unterlaufen. Rosatom beteiligt sich auch an milit\u00e4rischen Atomprojekten. Der franz\u00f6sische Pr\u00e4sident Macron setzt sich \u00f6ffentlich f\u00fcr einen strikten Kurs gegen\u00fcber Russland ein \u2013 im Atomsektor \u00f6ffnet er jedoch wissentlich Rosatom die T\u00fcren in die EU. Dass die Bundesregierung dieses heuchlerische Atomspiel mitspielt, ist unverst\u00e4ndlich und nicht akzeptabel.<\/p>\n\n\n\n<p>Framatome und Rosatom wollen auch den l\u00e4ngst gescheiterten AKW-Bau im bulgarischen Belene wiederbeleben. Die Framatome-Filiale im bayrischen Erlangen soll bei diesem Horror-Plan eine wichtige Rolle spielen. Damit formen Frankreich und Russland eine Allianz f\u00fcr eine neue nukleare Expansion. Das halten wir f\u00fcr unverantwortlich.<\/p>\n\n\n\n<p><strong>Wir fordern zudem, dass Deutschland, Frankreich und Russland keine weiteren Deals auf dem Gebiet der Urananreicherung abschlie\u00dfen \u2013 weder f\u00fcr angereichertes Uran noch f\u00fcr abgereicherten Uranm\u00fcll, der nach Russland zur Endlagerung unter freiem Himmel in sogenannten \u201eGeschlossenen St\u00e4dten\u201c gebracht wird.<\/strong><\/p>\n\n\n\n<p>Wir sind uns einig, dass Europa dringend eine De-Nuklearisierung ben\u00f6tigt \u2013 dazu geh\u00f6rt zwangsl\u00e4ufig die Stilllegung aller laufenden Atomanlagen \u2013 in Deutschland, Frankreich und Russland. Deshalb lehnen wir konsequent alle Vereinbarungen ab, die zu einer Verl\u00e4ngerung des Atomzeitalters f\u00fchren k\u00f6nnen. Atomenergie ist extrem gef\u00e4hrlich und keine Hilfe f\u00fcr den internationalen Klimaschutz. Die Zukunft Europas liegt energiepolitisch in den Erneuerbaren Energien. Darauf m\u00fcssen alle Anstrengungen gerichtet sein.<\/p>\n\n\n\n<p><strong>Diese Erkl\u00e4rung wird unterst\u00fctzt von (Stand 25.5.21):<\/strong><\/p>\n\n\n\n<ul class=\"wp-block-list\"><li>11 maart beweging, Belgien<\/li><li>Aktionsb\u00fcndnis M\u00fcnsterland gegen Atomanlagen<\/li><li>Aktionsb\u00fcndnis \u201eStop Westcastor\u201c J\u00fclich<\/li><li>AntiAtom Bonn<\/li><li>AntiAtom-B\u00fcndnis Niederrhein<\/li><li>Anti-Atom-Gruppe Freiburg<\/li><li>Arbeitsgemeinschaft Schacht Konrad<\/li><li>Arbeitskreis Umwelt (AKU) Gronau<\/li><li>Arbeitskreis Umwelt (AKU) Sch\u00fcttorf<\/li><li>Bayern Allianz f\u00fcr Atomausstieg und Klimaschutz<\/li><li>BUND (Bund f\u00fcr Umwelt und Naturschutz Deutschland), Bundesverband<\/li><li>BUND, Landesverband Baden-W\u00fcrttemberg<\/li><li>BUND, Landesverband Bayern<\/li><li>BUND, Landesverband Niedersachsen<\/li><li>BUND, Landesverband Nordrhein-Westfalen<\/li><li>BUND, Regionalgruppe M\u00fcnsterland<\/li><li>BUND, Regionalverband S\u00fcdlicher Oberrhein<\/li><li>BUND, Kreisgruppe Emsland<\/li><li>BUND, Kreisgruppe Grafschaft Bentheim<\/li><li>BUND, Kreisgruppe M\u00fcnster<\/li><li>BUND, Kreisgruppe Steinfurt<\/li><li>Bundesverband B\u00fcrgerinitiativen Umweltschutz (BBU)<\/li><li>B\u00fcndnis 90\/Die Gr\u00fcnen, Kreisverband Emsland<\/li><li>B\u00fcndnis 90\/Die Gr\u00fcnen, Kreisverband Grafschaft Bentheim<\/li><li>B\u00fcndnis 90\/Die Gr\u00fcnen, Ortsverband Emsland S\u00fcd<\/li><li>B\u00fcndnis f\u00fcr Atomausstieg und erneuerbare Energien Regensburg<\/li><li>B\u00fcrgerinitiative \u201eKein Atomm\u00fcll in Ahaus\u201c<\/li><li>B\u00fcrgerinitiative Umweltschutz Hamm B\u00fcrgerinitiative Umweltschutz L\u00fcchow-Dannenberg<\/li><li>B\u00fcrgerinitiative Zukunft ohne Atom, Waldshut-Tiengen<\/li><li>ContrAtom<\/li><li>Delfina \u2013 Verein f\u00fcr Versammlungsfreiheit und Wahrung der Grundrechte f\u00fcr alle benachteiligten Menschen<\/li><li>Emder Friedensforum<\/li><li>Enschede voor Vrede, Niederlande<\/li><li>Elternverein Restrisiko Emsland<\/li><li>Fossil Free M\u00fcnster<\/li><li>Initiative 3 Rosen, Aachen<\/li><li>International Socio-Ecological Union, Russland<\/li><li>IPPNW (Internationale \u00c4rzte f\u00fcr die Verh\u00fctung des Atomkriegs \u2013 \u00c4rzte in sozialer Verantwortung), Sektion Deutschland<\/li><li>Klimab\u00fcndnis Hamm<\/li><li>LAKA Foundation, Amsterdam, Niederlande<\/li><li>Nature of Siberia, Region Krasnojarsk, Russland<\/li><li>Naturschutzbund Salzburg, \u00d6sterreich<\/li><li>Natur- und Umweltschutzverein (NUG) Gronau<\/li><li>Nuclear Free Future Foundation, M\u00fcnchen<\/li><li>Public Council of the southern coast of the Finnish Gulf, St. Petersburg, Russland<\/li><li>Schweinfurter Aktionsb\u00fcndnis gegen Atomkraft (SWAB)<\/li><li>SOFA (Sofortiger Atomausstieg) M\u00fcnster<\/li><li>Students for Future, M\u00fcnster<\/li><li>Umweltforum M\u00fcnster<\/li><li>Umweltinstitut M\u00fcnchen<\/li><li>Vrouwen voor Vrede Enschede, Niederlande<\/li><li>WISE, Niederlande<\/li><\/ul>\n\n\n\n<p><\/p>\n","protected":false},"excerpt":{"rendered":"<p>Brennelementeproduktion beenden \u2013 Atomausstieg voranbringen!<\/p>\n<p>Im Februar 2021 k\u00fcndigte der franz\u00f6sische Atomkonzern Framatome an, im emsl\u00e4ndischen Lingen zusammen mit dem russischen Atomkonzern Rosatom ein Joint Venture zur Brennelementeproduktion gr\u00fcnden zu wollen. In Lingen ist die einzige Brennelementefabrik in Deutschland in Betrieb. Sie beliefert unter anderem Hochrisikoreaktoren in Belgien, Frankreich, der Schweiz, den Niederlanden, Gro\u00dfbritannien, Spanien, Schweden und Finnland. Framatome ist eine Tochter des gr\u00f6\u00dftenteils staatlichen franz\u00f6sischen Atomkonzerns EdF. Rosatom istein staatlicher Atomkonzern \u2013 in Lingen soll die Tochterfirma TVEL aktiv werden.<br \/>\n&#8230; weiter bitte auf Bild klicken<\/p>\n<p class=\"continue-reading-button\"> <a class=\"continue-reading-link\" href=\"https:\/\/www.umweltaktivisten.de\/index.php\/2021\/05\/31\/keine-brennelementekooperation-framatome-rosatom-in-lingen\/\">weiter &#8230;<i class=\"crycon-right-dir\"><\/i><\/a><\/p>\n","protected":false},"author":1,"featured_media":2313,"comment_status":"closed","ping_status":"closed","sticky":false,"template":"","format":"standard","meta":{"footnotes":""},"categories":[21,341,10],"tags":[],"class_list":["post-4913","post","type-post","status-publish","format-standard","has-post-thumbnail","hentry","category-atom","category-nicht-kategorisiert-nl","category-stop-westcastor"],"yoast_head":"<!-- This site is optimized with the Yoast SEO plugin v27.5 - https:\/\/yoast.com\/product\/yoast-seo-wordpress\/ -->\n<title>Keine Brennelementekooperation Framatome \/ Rosatom in Lingen - umweltaktivisten.de<\/title>\n<meta name=\"robots\" content=\"index, nofollow, max-snippet:-1, max-image-preview:large, max-video-preview:-1\" \/>\n<link rel=\"canonical\" href=\"https:\/\/www.umweltaktivisten.de\/index.php\/2021\/05\/31\/keine-brennelementekooperation-framatome-rosatom-in-lingen\/\" \/>\n<meta property=\"og:locale\" content=\"de_DE\" \/>\n<meta property=\"og:type\" content=\"article\" \/>\n<meta property=\"og:title\" content=\"Keine Brennelementekooperation Framatome \/ Rosatom in Lingen - umweltaktivisten.de\" \/>\n<meta property=\"og:description\" content=\"Brennelementeproduktion beenden \u2013 Atomausstieg voranbringen! Im Februar 2021 k\u00fcndigte der franz\u00f6sische Atomkonzern Framatome an, im emsl\u00e4ndischen Lingen zusammen mit dem russischen Atomkonzern Rosatom ein Joint Venture zur Brennelementeproduktion gr\u00fcnden zu wollen. In Lingen ist die einzige Brennelementefabrik in Deutschland in Betrieb. Sie beliefert unter anderem Hochrisikoreaktoren in Belgien, Frankreich, der Schweiz, den Niederlanden, Gro\u00dfbritannien, Spanien, Schweden und Finnland. Framatome ist eine Tochter des gr\u00f6\u00dftenteils staatlichen franz\u00f6sischen Atomkonzerns EdF. Rosatom istein staatlicher Atomkonzern \u2013 in Lingen soll die Tochterfirma TVEL aktiv werden. ... weiter bitte auf Bild klicken weiter ...\" \/>\n<meta property=\"og:url\" content=\"https:\/\/www.umweltaktivisten.de\/index.php\/2021\/05\/31\/keine-brennelementekooperation-framatome-rosatom-in-lingen\/\" \/>\n<meta property=\"og:site_name\" content=\"umweltaktivisten.de\" \/>\n<meta property=\"article:published_time\" content=\"2021-05-31T10:00:00+00:00\" \/>\n<meta property=\"article:modified_time\" content=\"2021-06-01T09:35:16+00:00\" \/>\n<meta property=\"og:image\" content=\"https:\/\/www.umweltaktivisten.de\/wp-content\/uploads\/2017\/09\/w_Foto-Lingen-Demo-29.10.2016-SOFA.jpg\" \/>\n\t<meta property=\"og:image:width\" content=\"300\" \/>\n\t<meta property=\"og:image:height\" content=\"200\" \/>\n\t<meta property=\"og:image:type\" content=\"image\/jpeg\" \/>\n<meta name=\"author\" content=\"marita\" \/>\n<meta name=\"twitter:card\" content=\"summary_large_image\" \/>\n<meta name=\"twitter:label1\" content=\"Verfasst von\" \/>\n\t<meta name=\"twitter:data1\" content=\"marita\" \/>\n\t<meta name=\"twitter:label2\" content=\"Gesch\u00e4tzte Lesezeit\" \/>\n\t<meta name=\"twitter:data2\" content=\"4\u00a0Minuten\" \/>\n<script type=\"application\/ld+json\" class=\"yoast-schema-graph\">{\"@context\":\"https:\\\/\\\/schema.org\",\"@graph\":[{\"@type\":\"Article\",\"@id\":\"https:\\\/\\\/www.umweltaktivisten.de\\\/index.php\\\/2021\\\/05\\\/31\\\/keine-brennelementekooperation-framatome-rosatom-in-lingen\\\/#article\",\"isPartOf\":{\"@id\":\"https:\\\/\\\/www.umweltaktivisten.de\\\/index.php\\\/2021\\\/05\\\/31\\\/keine-brennelementekooperation-framatome-rosatom-in-lingen\\\/\"},\"author\":{\"name\":\"marita\",\"@id\":\"https:\\\/\\\/www.umweltaktivisten.de\\\/#\\\/schema\\\/person\\\/af601319cc34a906612869cf3b4fd51a\"},\"headline\":\"Keine Brennelementekooperation Framatome \\\/ Rosatom in Lingen\",\"datePublished\":\"2021-05-31T10:00:00+00:00\",\"dateModified\":\"2021-06-01T09:35:16+00:00\",\"mainEntityOfPage\":{\"@id\":\"https:\\\/\\\/www.umweltaktivisten.de\\\/index.php\\\/2021\\\/05\\\/31\\\/keine-brennelementekooperation-framatome-rosatom-in-lingen\\\/\"},\"wordCount\":741,\"image\":{\"@id\":\"https:\\\/\\\/www.umweltaktivisten.de\\\/index.php\\\/2021\\\/05\\\/31\\\/keine-brennelementekooperation-framatome-rosatom-in-lingen\\\/#primaryimage\"},\"thumbnailUrl\":\"https:\\\/\\\/www.umweltaktivisten.de\\\/wp-content\\\/uploads\\\/2017\\\/09\\\/w_Foto-Lingen-Demo-29.10.2016-SOFA.jpg\",\"articleSection\":[\"Atom\",\"Nicht kategorisiert\",\"Stop Westcastor\"],\"inLanguage\":\"de\"},{\"@type\":\"WebPage\",\"@id\":\"https:\\\/\\\/www.umweltaktivisten.de\\\/index.php\\\/2021\\\/05\\\/31\\\/keine-brennelementekooperation-framatome-rosatom-in-lingen\\\/\",\"url\":\"https:\\\/\\\/www.umweltaktivisten.de\\\/index.php\\\/2021\\\/05\\\/31\\\/keine-brennelementekooperation-framatome-rosatom-in-lingen\\\/\",\"name\":\"Keine Brennelementekooperation Framatome \\\/ Rosatom in Lingen - umweltaktivisten.de\",\"isPartOf\":{\"@id\":\"https:\\\/\\\/www.umweltaktivisten.de\\\/#website\"},\"primaryImageOfPage\":{\"@id\":\"https:\\\/\\\/www.umweltaktivisten.de\\\/index.php\\\/2021\\\/05\\\/31\\\/keine-brennelementekooperation-framatome-rosatom-in-lingen\\\/#primaryimage\"},\"image\":{\"@id\":\"https:\\\/\\\/www.umweltaktivisten.de\\\/index.php\\\/2021\\\/05\\\/31\\\/keine-brennelementekooperation-framatome-rosatom-in-lingen\\\/#primaryimage\"},\"thumbnailUrl\":\"https:\\\/\\\/www.umweltaktivisten.de\\\/wp-content\\\/uploads\\\/2017\\\/09\\\/w_Foto-Lingen-Demo-29.10.2016-SOFA.jpg\",\"datePublished\":\"2021-05-31T10:00:00+00:00\",\"dateModified\":\"2021-06-01T09:35:16+00:00\",\"author\":{\"@id\":\"https:\\\/\\\/www.umweltaktivisten.de\\\/#\\\/schema\\\/person\\\/af601319cc34a906612869cf3b4fd51a\"},\"breadcrumb\":{\"@id\":\"https:\\\/\\\/www.umweltaktivisten.de\\\/index.php\\\/2021\\\/05\\\/31\\\/keine-brennelementekooperation-framatome-rosatom-in-lingen\\\/#breadcrumb\"},\"inLanguage\":\"de\",\"potentialAction\":[{\"@type\":\"ReadAction\",\"target\":[\"https:\\\/\\\/www.umweltaktivisten.de\\\/index.php\\\/2021\\\/05\\\/31\\\/keine-brennelementekooperation-framatome-rosatom-in-lingen\\\/\"]}]},{\"@type\":\"ImageObject\",\"inLanguage\":\"de\",\"@id\":\"https:\\\/\\\/www.umweltaktivisten.de\\\/index.php\\\/2021\\\/05\\\/31\\\/keine-brennelementekooperation-framatome-rosatom-in-lingen\\\/#primaryimage\",\"url\":\"https:\\\/\\\/www.umweltaktivisten.de\\\/wp-content\\\/uploads\\\/2017\\\/09\\\/w_Foto-Lingen-Demo-29.10.2016-SOFA.jpg\",\"contentUrl\":\"https:\\\/\\\/www.umweltaktivisten.de\\\/wp-content\\\/uploads\\\/2017\\\/09\\\/w_Foto-Lingen-Demo-29.10.2016-SOFA.jpg\",\"width\":300,\"height\":200},{\"@type\":\"BreadcrumbList\",\"@id\":\"https:\\\/\\\/www.umweltaktivisten.de\\\/index.php\\\/2021\\\/05\\\/31\\\/keine-brennelementekooperation-framatome-rosatom-in-lingen\\\/#breadcrumb\",\"itemListElement\":[{\"@type\":\"ListItem\",\"position\":1,\"name\":\"Home\",\"item\":\"https:\\\/\\\/www.umweltaktivisten.de\\\/\"},{\"@type\":\"ListItem\",\"position\":2,\"name\":\"Keine Brennelementekooperation Framatome \\\/ Rosatom in Lingen\"}]},{\"@type\":\"WebSite\",\"@id\":\"https:\\\/\\\/www.umweltaktivisten.de\\\/#website\",\"url\":\"https:\\\/\\\/www.umweltaktivisten.de\\\/\",\"name\":\"umweltaktivisten.de\",\"description\":\"&quot;Wir haben die Erde nur von unseren Kindern geborgt&quot;\",\"potentialAction\":[{\"@type\":\"SearchAction\",\"target\":{\"@type\":\"EntryPoint\",\"urlTemplate\":\"https:\\\/\\\/www.umweltaktivisten.de\\\/?s={search_term_string}\"},\"query-input\":{\"@type\":\"PropertyValueSpecification\",\"valueRequired\":true,\"valueName\":\"search_term_string\"}}],\"inLanguage\":\"de\"},{\"@type\":\"Person\",\"@id\":\"https:\\\/\\\/www.umweltaktivisten.de\\\/#\\\/schema\\\/person\\\/af601319cc34a906612869cf3b4fd51a\",\"name\":\"marita\",\"url\":\"https:\\\/\\\/www.umweltaktivisten.de\\\/author\\\/marita\\\/\"}]}<\/script>\n<!-- \/ Yoast SEO plugin. -->","yoast_head_json":{"title":"Keine Brennelementekooperation Framatome \/ Rosatom in Lingen - umweltaktivisten.de","robots":{"index":"index","follow":"nofollow","max-snippet":"max-snippet:-1","max-image-preview":"max-image-preview:large","max-video-preview":"max-video-preview:-1"},"canonical":"https:\/\/www.umweltaktivisten.de\/index.php\/2021\/05\/31\/keine-brennelementekooperation-framatome-rosatom-in-lingen\/","og_locale":"de_DE","og_type":"article","og_title":"Keine Brennelementekooperation Framatome \/ Rosatom in Lingen - umweltaktivisten.de","og_description":"Brennelementeproduktion beenden \u2013 Atomausstieg voranbringen! Im Februar 2021 k\u00fcndigte der franz\u00f6sische Atomkonzern Framatome an, im emsl\u00e4ndischen Lingen zusammen mit dem russischen Atomkonzern Rosatom ein Joint Venture zur Brennelementeproduktion gr\u00fcnden zu wollen. In Lingen ist die einzige Brennelementefabrik in Deutschland in Betrieb. Sie beliefert unter anderem Hochrisikoreaktoren in Belgien, Frankreich, der Schweiz, den Niederlanden, Gro\u00dfbritannien, Spanien, Schweden und Finnland. Framatome ist eine Tochter des gr\u00f6\u00dftenteils staatlichen franz\u00f6sischen Atomkonzerns EdF. Rosatom istein staatlicher Atomkonzern \u2013 in Lingen soll die Tochterfirma TVEL aktiv werden. ... weiter bitte auf Bild klicken weiter ...","og_url":"https:\/\/www.umweltaktivisten.de\/index.php\/2021\/05\/31\/keine-brennelementekooperation-framatome-rosatom-in-lingen\/","og_site_name":"umweltaktivisten.de","article_published_time":"2021-05-31T10:00:00+00:00","article_modified_time":"2021-06-01T09:35:16+00:00","og_image":[{"width":300,"height":200,"url":"https:\/\/www.umweltaktivisten.de\/wp-content\/uploads\/2017\/09\/w_Foto-Lingen-Demo-29.10.2016-SOFA.jpg","type":"image\/jpeg"}],"author":"marita","twitter_card":"summary_large_image","twitter_misc":{"Verfasst von":"marita","Gesch\u00e4tzte Lesezeit":"4\u00a0Minuten"},"schema":{"@context":"https:\/\/schema.org","@graph":[{"@type":"Article","@id":"https:\/\/www.umweltaktivisten.de\/index.php\/2021\/05\/31\/keine-brennelementekooperation-framatome-rosatom-in-lingen\/#article","isPartOf":{"@id":"https:\/\/www.umweltaktivisten.de\/index.php\/2021\/05\/31\/keine-brennelementekooperation-framatome-rosatom-in-lingen\/"},"author":{"name":"marita","@id":"https:\/\/www.umweltaktivisten.de\/#\/schema\/person\/af601319cc34a906612869cf3b4fd51a"},"headline":"Keine Brennelementekooperation Framatome \/ Rosatom in Lingen","datePublished":"2021-05-31T10:00:00+00:00","dateModified":"2021-06-01T09:35:16+00:00","mainEntityOfPage":{"@id":"https:\/\/www.umweltaktivisten.de\/index.php\/2021\/05\/31\/keine-brennelementekooperation-framatome-rosatom-in-lingen\/"},"wordCount":741,"image":{"@id":"https:\/\/www.umweltaktivisten.de\/index.php\/2021\/05\/31\/keine-brennelementekooperation-framatome-rosatom-in-lingen\/#primaryimage"},"thumbnailUrl":"https:\/\/www.umweltaktivisten.de\/wp-content\/uploads\/2017\/09\/w_Foto-Lingen-Demo-29.10.2016-SOFA.jpg","articleSection":["Atom","Nicht kategorisiert","Stop Westcastor"],"inLanguage":"de"},{"@type":"WebPage","@id":"https:\/\/www.umweltaktivisten.de\/index.php\/2021\/05\/31\/keine-brennelementekooperation-framatome-rosatom-in-lingen\/","url":"https:\/\/www.umweltaktivisten.de\/index.php\/2021\/05\/31\/keine-brennelementekooperation-framatome-rosatom-in-lingen\/","name":"Keine Brennelementekooperation Framatome \/ Rosatom in Lingen - umweltaktivisten.de","isPartOf":{"@id":"https:\/\/www.umweltaktivisten.de\/#website"},"primaryImageOfPage":{"@id":"https:\/\/www.umweltaktivisten.de\/index.php\/2021\/05\/31\/keine-brennelementekooperation-framatome-rosatom-in-lingen\/#primaryimage"},"image":{"@id":"https:\/\/www.umweltaktivisten.de\/index.php\/2021\/05\/31\/keine-brennelementekooperation-framatome-rosatom-in-lingen\/#primaryimage"},"thumbnailUrl":"https:\/\/www.umweltaktivisten.de\/wp-content\/uploads\/2017\/09\/w_Foto-Lingen-Demo-29.10.2016-SOFA.jpg","datePublished":"2021-05-31T10:00:00+00:00","dateModified":"2021-06-01T09:35:16+00:00","author":{"@id":"https:\/\/www.umweltaktivisten.de\/#\/schema\/person\/af601319cc34a906612869cf3b4fd51a"},"breadcrumb":{"@id":"https:\/\/www.umweltaktivisten.de\/index.php\/2021\/05\/31\/keine-brennelementekooperation-framatome-rosatom-in-lingen\/#breadcrumb"},"inLanguage":"de","potentialAction":[{"@type":"ReadAction","target":["https:\/\/www.umweltaktivisten.de\/index.php\/2021\/05\/31\/keine-brennelementekooperation-framatome-rosatom-in-lingen\/"]}]},{"@type":"ImageObject","inLanguage":"de","@id":"https:\/\/www.umweltaktivisten.de\/index.php\/2021\/05\/31\/keine-brennelementekooperation-framatome-rosatom-in-lingen\/#primaryimage","url":"https:\/\/www.umweltaktivisten.de\/wp-content\/uploads\/2017\/09\/w_Foto-Lingen-Demo-29.10.2016-SOFA.jpg","contentUrl":"https:\/\/www.umweltaktivisten.de\/wp-content\/uploads\/2017\/09\/w_Foto-Lingen-Demo-29.10.2016-SOFA.jpg","width":300,"height":200},{"@type":"BreadcrumbList","@id":"https:\/\/www.umweltaktivisten.de\/index.php\/2021\/05\/31\/keine-brennelementekooperation-framatome-rosatom-in-lingen\/#breadcrumb","itemListElement":[{"@type":"ListItem","position":1,"name":"Home","item":"https:\/\/www.umweltaktivisten.de\/"},{"@type":"ListItem","position":2,"name":"Keine Brennelementekooperation Framatome \/ Rosatom in Lingen"}]},{"@type":"WebSite","@id":"https:\/\/www.umweltaktivisten.de\/#website","url":"https:\/\/www.umweltaktivisten.de\/","name":"umweltaktivisten.de","description":"&quot;Wir haben die Erde nur von unseren Kindern geborgt&quot;","potentialAction":[{"@type":"SearchAction","target":{"@type":"EntryPoint","urlTemplate":"https:\/\/www.umweltaktivisten.de\/?s={search_term_string}"},"query-input":{"@type":"PropertyValueSpecification","valueRequired":true,"valueName":"search_term_string"}}],"inLanguage":"de"},{"@type":"Person","@id":"https:\/\/www.umweltaktivisten.de\/#\/schema\/person\/af601319cc34a906612869cf3b4fd51a","name":"marita","url":"https:\/\/www.umweltaktivisten.de\/author\/marita\/"}]}},"_links":{"self":[{"href":"https:\/\/www.umweltaktivisten.de\/index.php\/wp-json\/wp\/v2\/posts\/4913","targetHints":{"allow":["GET"]}}],"collection":[{"href":"https:\/\/www.umweltaktivisten.de\/index.php\/wp-json\/wp\/v2\/posts"}],"about":[{"href":"https:\/\/www.umweltaktivisten.de\/index.php\/wp-json\/wp\/v2\/types\/post"}],"author":[{"embeddable":true,"href":"https:\/\/www.umweltaktivisten.de\/index.php\/wp-json\/wp\/v2\/users\/1"}],"replies":[{"embeddable":true,"href":"https:\/\/www.umweltaktivisten.de\/index.php\/wp-json\/wp\/v2\/comments?post=4913"}],"version-history":[{"count":6,"href":"https:\/\/www.umweltaktivisten.de\/index.php\/wp-json\/wp\/v2\/posts\/4913\/revisions"}],"predecessor-version":[{"id":4921,"href":"https:\/\/www.umweltaktivisten.de\/index.php\/wp-json\/wp\/v2\/posts\/4913\/revisions\/4921"}],"wp:featuredmedia":[{"embeddable":true,"href":"https:\/\/www.umweltaktivisten.de\/index.php\/wp-json\/wp\/v2\/media\/2313"}],"wp:attachment":[{"href":"https:\/\/www.umweltaktivisten.de\/index.php\/wp-json\/wp\/v2\/media?parent=4913"}],"wp:term":[{"taxonomy":"category","embeddable":true,"href":"https:\/\/www.umweltaktivisten.de\/index.php\/wp-json\/wp\/v2\/categories?post=4913"},{"taxonomy":"post_tag","embeddable":true,"href":"https:\/\/www.umweltaktivisten.de\/index.php\/wp-json\/wp\/v2\/tags?post=4913"}],"curies":[{"name":"wp","href":"https:\/\/api.w.org\/{rel}","templated":true}]}}