{"id":4709,"date":"2021-02-03T16:03:01","date_gmt":"2021-02-03T15:03:01","guid":{"rendered":"http:\/\/www.umweltaktivisten.de\/?p=4709"},"modified":"2021-02-03T16:22:35","modified_gmt":"2021-02-03T15:22:35","slug":"petition-freimessen","status":"publish","type":"post","link":"https:\/\/www.umweltaktivisten.de\/index.php\/2021\/02\/03\/petition-freimessen\/","title":{"rendered":"Petition &#8222;Freimessen&#8220;"},"content":{"rendered":"\n<h4 class=\"wp-block-heading\"><strong>An: Frau Bundesumweltministerin Svenja Schulze<\/strong><\/h4>\n\n\n\n<h4 class=\"wp-block-heading\"><strong>Beenden Sie das Recycling von radioaktivem AKW-Abrissmaterial<\/strong><\/h4>\n\n\n\n<p><a href=\"https:\/\/weact.campact.de\/petitions\/beenden-sie-das-recycling-von-radioaktivem-akw-abrissmaterial\/contacts\/new\" target=\"_blank\" rel=\"noreferrer noopener nofollow\">Gestartet von Udo Walther<\/a><\/p>\n\n\n\n<p><\/p>\n\n\n<div id=\"attachment_4720\" style=\"width: 595px\" class=\"wp-caption aligncenter\"><img loading=\"lazy\" decoding=\"async\" aria-describedby=\"caption-attachment-4720\" class=\" wp-image-4720\" src=\"https:\/\/www.umweltaktivisten.de\/wp-content\/uploads\/2021\/02\/power-plant-2899861_1920.jpg\" alt=\"\" width=\"585\" height=\"390\" srcset=\"https:\/\/www.umweltaktivisten.de\/wp-content\/uploads\/2021\/02\/power-plant-2899861_1920.jpg 1920w, https:\/\/www.umweltaktivisten.de\/wp-content\/uploads\/2021\/02\/power-plant-2899861_1920-300x200.jpg 300w, https:\/\/www.umweltaktivisten.de\/wp-content\/uploads\/2021\/02\/power-plant-2899861_1920-1024x683.jpg 1024w, https:\/\/www.umweltaktivisten.de\/wp-content\/uploads\/2021\/02\/power-plant-2899861_1920-768x512.jpg 768w, https:\/\/www.umweltaktivisten.de\/wp-content\/uploads\/2021\/02\/power-plant-2899861_1920-1536x1024.jpg 1536w, https:\/\/www.umweltaktivisten.de\/wp-content\/uploads\/2021\/02\/power-plant-2899861_1920-150x100.jpg 150w\" sizes=\"auto, (max-width: 585px) 100vw, 585px\" \/><p id=\"caption-attachment-4720\" class=\"wp-caption-text\">\u00a9 pixabay<\/p><\/div>\n<p>\u00a0<\/p>\n\n\n<p><strong>&#8230;. zur Petition:<\/strong> <a href=\"https:\/\/weact.campact.de\/petitions\/beenden-sie-das-recycling-von-radioaktivem-akw-abrissmaterial\" target=\"_blank\" rel=\"noreferrer noopener nofollow\">https:\/\/weact.campact.de\/petitions\/beenden-sie-das-recycling-von-radioaktivem-akw-abrissmaterial<\/a><\/p>\n\n\n\n<p>Beim R\u00fcckbau eines Atomkraftwerks (AKW) fallen 300.000 bis 500.000 Tonnen (radioaktives) Material an. Mehr als 95 Prozent davon wird wie Hausm\u00fcll verbrannt oder findet sich in Stra\u00dfen- und Geb\u00e4udebau, Alltagsgegenst\u00e4nden, usw. wieder. Aus medizinischer Sicht f\u00fchrt jede Strahlenbelastung nachweislich zu einer Erh\u00f6hung des Erkrankungsrisikos (Krebs, Stoffwechselst\u00f6rungen und Herz-Kreislauf).<\/p>\n\n\n\n<h5 class=\"wp-block-heading\">Deshalb fordern wir:<\/h5>\n\n\n\n<p><strong>1. Freigabe radioaktiver Abf\u00e4lle abschaffen:<\/strong><br>Durch die Freigabepraxis werden wir einem nicht kalkulierbaren Strahlenrisiko ausgesetzt.<br><strong>2. Keine k\u00fcnstliche Trennung von Material aus AKW-Abriss:<\/strong><br>Atomm\u00fcll darf nicht aus der atomrechtlichen Kontrolle entlassen werden.<br><strong>3. Das gesamte Material einer Atomanlage muss am Standort verbleiben<\/strong>, bis klar ist, wie viel insgesamt anf\u00e4llt und ein umfassendes Konzept f\u00fcr dessen Verbleib entwickelt werden kann.<br><strong>4. \u00d6ffentlichkeitsbeteiligung auf Augenh\u00f6he<\/strong> in allen Teilen des Stilllegungs- und Abbaugenehmigungsverfahrens von AKW und Forschungsreaktoren.                                (Quelle: .ausgestrahlt e.V.)<\/p>\n\n\n\n<h5 class=\"wp-block-heading\">Warum ist das wichtig?<\/h5>\n\n\n\n<p>In Deutschland gibt es 36 AKW, von denen 30 au\u00dfer Betrieb sind. Diese befinden sich im R\u00fcckbau, wobei pro AKW 300.000 bis 500.000 Tonnen Material anfallen: Beton, Metalle, Kunststoffe, Isoliermaterial, Elektro-Teile, Glas, Werkzeuge.<\/p>\n\n\n\n<p>Aktuell befinden sich 25 AKW im R\u00fcckbau \u2013 es eilt sehr.<\/p>\n\n\n\n<h5 class=\"wp-block-heading\">Aufteilung:<\/h5>\n\n\n\n<ul class=\"wp-block-list\"><li>1% wird langfristig als Atomm\u00fcll gelagert.<\/li><li>1% \u2013 4% werden in Bauschutt-Deponien gelagert oder verbrannt.<\/li><li>95% \u2013 98% werden zerkleinert, geschrubbt und bearbeitet, bis bei Stichproben die Freigabewerte erreicht werden. Das auf diese Weise \u201efreigemessene\u201c, aber immer noch strahlende Material darf so wie Hausm\u00fcll verbrannt oder als Wertstoff recycelt werden: Es findet sich im Stra\u00dfen- und Geb\u00e4udebau, in Autoteilen, Heizk\u00f6rpern, Kocht\u00f6pfen, Konservendosen, usw.<\/li><\/ul>\n\n\n\n<p>Das regelt die 2001 ge\u00e4nderte Strahlenschutzverordnung: Seitdem darf die vor Ort zust\u00e4ndige Beh\u00f6rde AKW-Abrissmaterial \u201efreigeben\u201c, wenn Radionuklid-Messungen den R\u00fcckschluss erlauben, \u201edass f\u00fcr Einzelpersonen der Bev\u00f6lkerung [&#8230;] nur eine effektive Dosis im Bereich von 10 Mikrosievert im Kalenderjahr auftreten kann.\u201c<\/p>\n\n\n\n<p><strong>Wissenschaftlicher Konsens ist, dass radioaktive Strahlung sch\u00e4dlich f\u00fcr Mensch und Umwelt ist. Aus medizinischer Sicht gibt es keinen Schwellenwert, unterhalb dessen radioaktive Strahlung nachweislich nicht gesundheitsgef\u00e4hrdend w\u00e4re.<\/strong> Das steht genau so in einem Beschluss des Deutschen \u00c4rztetages aus dem Jahr 2017 (siehe 1). Grenz- bzw. Risikowerte sind politische Werte. Wie bedenklich diese Praxis ist, zeigt vielleicht die Tatsache, dass die Entsorgung von atomaren Abf\u00e4llen \u00fcber die M\u00fcllverbrennung in keinem anderen Land erlaubt ist.<\/p>\n\n\n\n<p>Jede Erh\u00f6hung der individuellen Strahlenbelastung bedeutet eine Erh\u00f6hung des Gesundheitsrisikos. Daher lautet das Minimierungsgebot im \u00a78 Strahlenschutzgesetz, dass jede unn\u00f6tige Strahlenbelastung oder Kontamination von Mensch und Umwelt, auch unterhalb von Grenzwerten, unterbleiben muss.<\/p>\n\n\n\n<p>Die Begr\u00fcndung f\u00fcr die Freigaberegelung ist nicht im medizinischen Bereich zu finden. Durch die Freigabe wird die Strahlenbelastung insgesamt erh\u00f6ht. Entsprechend steigt das Gesundheitsrisiko. Die Freigabe ist ein Finanzierungskonzept zur Reduzierung der Atomm\u00fcllkosten. Das Bundesumweltministerium formulierte das im Jahr 2001 so: \u201eIn die Abw\u00e4gung zur Festlegung entsprechender Vorsorgewerte flie\u00dfen neben den in erster Linie zu ber\u00fccksichtigenden Erkenntnissen der Risikobewertung zur Wirkung niedriger Strahlendosen auf Mensch und Umwelt auch \u00dcberlegungen der Risikoakzeptanz ein. Dabei m\u00fcssen auch wirtschaftliche Erw\u00e4gungen, z.B. die Kosten einer Endlagerentsorgung einbezogen werden.\u201c<\/p>\n\n\n\n<h5 class=\"wp-block-heading\"><strong>Alternativen zum Freimessen:<\/strong><\/h5>\n\n\n\n<ul class=\"wp-block-list\"><li><strong>Entkernen und stehen lassen:<\/strong><br>Nur die st\u00e4rker strahlenden Teile werden ausgebaut, die Geb\u00e4ude selbst aber einige Jahrzehnte stehen gelassen, bis kurzlebigere Radionuklide abgeklungen sind.<\/li><li><strong>Vollst\u00e4ndiger R\u00fcckbau mit Bunker:<\/strong><br>Alle beim Abriss des AKW anfallenden gering radioaktiven Materialien werden am Standort in einem robusten Bauwerk gelagert<\/li><li><strong>Vorgehen nach franz\u00f6sischem Modell:<\/strong><br>In Frankreich d\u00fcrfen AKW-Abf\u00e4lle grunds\u00e4tzlich nicht \u00fcber die konventionelle Abfallwirtschaft \u201eentsorgt\u201c werden. Sehr schwach radioaktive Abf\u00e4lle werden in Beh\u00e4ltnissen zur Verhinderung von Partikelflug r\u00fcckholbar oberfl\u00e4chennah gelagert. Und sie werden weiterhin atomrechtlich \u00fcberwacht.<\/li><\/ul>\n\n\n\n<p><strong>Weitere Infos siehe beispielsweise hier:<\/strong><\/p>\n\n\n\n<ul class=\"wp-block-list\"><li><a href=\"https:\/\/www.atommuellreport.de\/themen\/freigabe.html\" target=\"_blank\" rel=\"noreferrer noopener nofollow\">https:\/\/www.atommuellreport.de\/themen\/freigabe.html<\/a> <\/li><li><a href=\"https:\/\/www.ausgestrahlt.de\/informieren\/atommuell\/schwach-mittelradioaktiv\/akw-abriss-und-atomschutt\/\" target=\"_blank\" rel=\"noreferrer noopener nofollow\">https:\/\/www.ausgestrahlt.de\/informieren\/atommuell\/schwach-mittelradioaktiv\/akw-abriss-und-atomschutt\/<\/a> <\/li><li><a href=\"https:\/\/www.ausgestrahlt.de\/shop\/produkte\/catalogue\/faltblatt-atomschutt-auf-hausmulldeponien_403\/\" target=\"_blank\" rel=\"noreferrer noopener nofollow\">https:\/\/www.ausgestrahlt.de\/shop\/produkte\/catalogue\/faltblatt-atomschutt-auf-hausmulldeponien_403<\/a><\/li><li><a href=\"https:\/\/www.bmu.de\/fileadmin\/Daten_BMU\/Download_PDF\/Strahlenschutz\/strlschv_novelle_2001_begruendung.pdf\" target=\"_blank\" rel=\"noreferrer noopener\">https:\/\/www.bmu.de\/fileadmin\/Daten_BMU\/Download_PDF\/Strahlenschutz\/strlschv_novelle_2001_begruendung.pdf<\/a> <\/li><li><a href=\"https:\/\/www.ippnw.de\/commonFiles\/pdfs\/Atomenergie\/Freimessung_Aerztetag.pdf\" target=\"_blank\" rel=\"noreferrer noopener\">https:\/\/www.ippnw.de\/commonFiles\/pdfs\/Atomenergie\/Freimessung_Aerztetag.pdf<\/a> (1) <\/li><li><a href=\"https:\/\/www.ippnw.de\/commonFiles\/pdfs\/Atomenergie\/IPPNW_Akzente_AKW_Abriss_2016.pdf\" target=\"_blank\" rel=\"noreferrer noopener\">https:\/\/www.ippnw.de\/commonFiles\/pdfs\/Atomenergie\/IPPNW_Akzente_AKW_Abriss_2016.pdf<\/a> <\/li><li><a href=\"https:\/\/www.scinexx.de\/news\/medizin\/leukaemie-schon-bei-geringer-strahlung\/\" target=\"_blank\" rel=\"noreferrer noopener\">https:\/\/www.scinexx.de\/news\/medizin\/leukaemie-schon-bei-geringer-strahlung\/<\/a><\/li><\/ul>\n\n\n<div id=\"attachment_4718\" style=\"width: 404px\" class=\"wp-caption aligncenter\"><img loading=\"lazy\" decoding=\"async\" aria-describedby=\"caption-attachment-4718\" class=\" wp-image-4718\" src=\"https:\/\/www.umweltaktivisten.de\/wp-content\/uploads\/2021\/02\/stop-3701798_1920.png\" alt=\"\" width=\"394\" height=\"176\" srcset=\"https:\/\/www.umweltaktivisten.de\/wp-content\/uploads\/2021\/02\/stop-3701798_1920.png 1920w, https:\/\/www.umweltaktivisten.de\/wp-content\/uploads\/2021\/02\/stop-3701798_1920-300x134.png 300w, https:\/\/www.umweltaktivisten.de\/wp-content\/uploads\/2021\/02\/stop-3701798_1920-1024x457.png 1024w, https:\/\/www.umweltaktivisten.de\/wp-content\/uploads\/2021\/02\/stop-3701798_1920-768x343.png 768w, https:\/\/www.umweltaktivisten.de\/wp-content\/uploads\/2021\/02\/stop-3701798_1920-1536x686.png 1536w, https:\/\/www.umweltaktivisten.de\/wp-content\/uploads\/2021\/02\/stop-3701798_1920-150x67.png 150w\" sizes=\"auto, (max-width: 394px) 100vw, 394px\" \/><p id=\"caption-attachment-4718\" class=\"wp-caption-text\">\u00a9 pixabay<\/p><\/div>\n\n\n<h3 class=\"wp-block-heading\">              Mitmachen! <\/h3>\n\n\n\n<p><\/p>\n","protected":false},"excerpt":{"rendered":"<p>An: Frau Bundesumweltministerin Svenja Schulze Beenden Sie das Recycling von radioaktivem AKW-Abrissmaterial Gestartet von Udo Walther \u00a0 &#8230;. zur Petition: https:\/\/weact.campact.de\/petitions\/beenden-sie-das-recycling-von-radioaktivem-akw-abrissmaterial Beim R\u00fcckbau eines Atomkraftwerks (AKW) fallen 300.000 bis 500.000 Tonnen (radioaktives) Material an. Mehr als 95 Prozent davon wird wie Hausm\u00fcll verbrannt oder findet sich in Stra\u00dfen- und Geb\u00e4udebau,\u2026<\/p>\n<p class=\"continue-reading-button\"> <a class=\"continue-reading-link\" href=\"https:\/\/www.umweltaktivisten.de\/index.php\/2021\/02\/03\/petition-freimessen\/\">weiter &#8230;<i class=\"crycon-right-dir\"><\/i><\/a><\/p>\n","protected":false},"author":1,"featured_media":4714,"comment_status":"closed","ping_status":"closed","sticky":false,"template":"","format":"standard","meta":{"footnotes":""},"categories":[1],"tags":[],"class_list":["post-4709","post","type-post","status-publish","format-standard","has-post-thumbnail","hentry","category-allgemein"],"yoast_head":"<!-- This site is optimized with the Yoast SEO plugin v27.4 - https:\/\/yoast.com\/product\/yoast-seo-wordpress\/ -->\n<title>Petition &quot;Freimessen&quot; - umweltaktivisten.de Petition &quot;Freimessen&quot;<\/title>\n<meta name=\"robots\" content=\"index, nofollow, max-snippet:-1, max-image-preview:large, max-video-preview:-1\" \/>\n<link rel=\"canonical\" href=\"https:\/\/www.umweltaktivisten.de\/index.php\/2021\/02\/03\/petition-freimessen\/\" \/>\n<meta property=\"og:locale\" content=\"de_DE\" \/>\n<meta property=\"og:type\" content=\"article\" \/>\n<meta property=\"og:title\" content=\"Petition &quot;Freimessen&quot; - umweltaktivisten.de Petition &quot;Freimessen&quot;\" \/>\n<meta property=\"og:description\" content=\"An: Frau Bundesumweltministerin Svenja Schulze Beenden Sie das Recycling von radioaktivem AKW-Abrissmaterial Gestartet von Udo Walther \u00a0 &#8230;. zur Petition: https:\/\/weact.campact.de\/petitions\/beenden-sie-das-recycling-von-radioaktivem-akw-abrissmaterial Beim R\u00fcckbau eines Atomkraftwerks (AKW) fallen 300.000 bis 500.000 Tonnen (radioaktives) Material an. Mehr als 95 Prozent davon wird wie Hausm\u00fcll verbrannt oder findet sich in Stra\u00dfen- und Geb\u00e4udebau,\u2026 weiter ...\" \/>\n<meta property=\"og:url\" content=\"https:\/\/www.umweltaktivisten.de\/index.php\/2021\/02\/03\/petition-freimessen\/\" \/>\n<meta property=\"og:site_name\" content=\"umweltaktivisten.de\" \/>\n<meta property=\"article:published_time\" content=\"2021-02-03T15:03:01+00:00\" \/>\n<meta property=\"article:modified_time\" content=\"2021-02-03T15:22:35+00:00\" \/>\n<meta property=\"og:image\" content=\"https:\/\/www.umweltaktivisten.de\/wp-content\/uploads\/2021\/02\/landscape-4126288_210.jpg\" \/>\n\t<meta property=\"og:image:width\" content=\"520\" \/>\n\t<meta property=\"og:image:height\" content=\"210\" \/>\n\t<meta property=\"og:image:type\" content=\"image\/jpeg\" \/>\n<meta name=\"author\" content=\"marita\" \/>\n<meta name=\"twitter:card\" content=\"summary_large_image\" \/>\n<meta name=\"twitter:label1\" content=\"Verfasst von\" \/>\n\t<meta name=\"twitter:data1\" content=\"marita\" \/>\n\t<meta name=\"twitter:label2\" content=\"Gesch\u00e4tzte Lesezeit\" \/>\n\t<meta name=\"twitter:data2\" content=\"4\u00a0Minuten\" \/>\n<script type=\"application\/ld+json\" class=\"yoast-schema-graph\">{\"@context\":\"https:\\\/\\\/schema.org\",\"@graph\":[{\"@type\":\"Article\",\"@id\":\"https:\\\/\\\/www.umweltaktivisten.de\\\/index.php\\\/2021\\\/02\\\/03\\\/petition-freimessen\\\/#article\",\"isPartOf\":{\"@id\":\"https:\\\/\\\/www.umweltaktivisten.de\\\/index.php\\\/2021\\\/02\\\/03\\\/petition-freimessen\\\/\"},\"author\":{\"name\":\"marita\",\"@id\":\"https:\\\/\\\/www.umweltaktivisten.de\\\/#\\\/schema\\\/person\\\/af601319cc34a906612869cf3b4fd51a\"},\"headline\":\"Petition &#8222;Freimessen&#8220;\",\"datePublished\":\"2021-02-03T15:03:01+00:00\",\"dateModified\":\"2021-02-03T15:22:35+00:00\",\"mainEntityOfPage\":{\"@id\":\"https:\\\/\\\/www.umweltaktivisten.de\\\/index.php\\\/2021\\\/02\\\/03\\\/petition-freimessen\\\/\"},\"wordCount\":701,\"image\":{\"@id\":\"https:\\\/\\\/www.umweltaktivisten.de\\\/index.php\\\/2021\\\/02\\\/03\\\/petition-freimessen\\\/#primaryimage\"},\"thumbnailUrl\":\"https:\\\/\\\/www.umweltaktivisten.de\\\/wp-content\\\/uploads\\\/2021\\\/02\\\/landscape-4126288_210.jpg\",\"inLanguage\":\"de\"},{\"@type\":\"WebPage\",\"@id\":\"https:\\\/\\\/www.umweltaktivisten.de\\\/index.php\\\/2021\\\/02\\\/03\\\/petition-freimessen\\\/\",\"url\":\"https:\\\/\\\/www.umweltaktivisten.de\\\/index.php\\\/2021\\\/02\\\/03\\\/petition-freimessen\\\/\",\"name\":\"Petition \\\"Freimessen\\\" - umweltaktivisten.de Petition \\\"Freimessen\\\"\",\"isPartOf\":{\"@id\":\"https:\\\/\\\/www.umweltaktivisten.de\\\/#website\"},\"primaryImageOfPage\":{\"@id\":\"https:\\\/\\\/www.umweltaktivisten.de\\\/index.php\\\/2021\\\/02\\\/03\\\/petition-freimessen\\\/#primaryimage\"},\"image\":{\"@id\":\"https:\\\/\\\/www.umweltaktivisten.de\\\/index.php\\\/2021\\\/02\\\/03\\\/petition-freimessen\\\/#primaryimage\"},\"thumbnailUrl\":\"https:\\\/\\\/www.umweltaktivisten.de\\\/wp-content\\\/uploads\\\/2021\\\/02\\\/landscape-4126288_210.jpg\",\"datePublished\":\"2021-02-03T15:03:01+00:00\",\"dateModified\":\"2021-02-03T15:22:35+00:00\",\"author\":{\"@id\":\"https:\\\/\\\/www.umweltaktivisten.de\\\/#\\\/schema\\\/person\\\/af601319cc34a906612869cf3b4fd51a\"},\"breadcrumb\":{\"@id\":\"https:\\\/\\\/www.umweltaktivisten.de\\\/index.php\\\/2021\\\/02\\\/03\\\/petition-freimessen\\\/#breadcrumb\"},\"inLanguage\":\"de\",\"potentialAction\":[{\"@type\":\"ReadAction\",\"target\":[\"https:\\\/\\\/www.umweltaktivisten.de\\\/index.php\\\/2021\\\/02\\\/03\\\/petition-freimessen\\\/\"]}]},{\"@type\":\"ImageObject\",\"inLanguage\":\"de\",\"@id\":\"https:\\\/\\\/www.umweltaktivisten.de\\\/index.php\\\/2021\\\/02\\\/03\\\/petition-freimessen\\\/#primaryimage\",\"url\":\"https:\\\/\\\/www.umweltaktivisten.de\\\/wp-content\\\/uploads\\\/2021\\\/02\\\/landscape-4126288_210.jpg\",\"contentUrl\":\"https:\\\/\\\/www.umweltaktivisten.de\\\/wp-content\\\/uploads\\\/2021\\\/02\\\/landscape-4126288_210.jpg\",\"width\":520,\"height\":210,\"caption\":\"\u00a9 pixabay.com\"},{\"@type\":\"BreadcrumbList\",\"@id\":\"https:\\\/\\\/www.umweltaktivisten.de\\\/index.php\\\/2021\\\/02\\\/03\\\/petition-freimessen\\\/#breadcrumb\",\"itemListElement\":[{\"@type\":\"ListItem\",\"position\":1,\"name\":\"Home\",\"item\":\"https:\\\/\\\/www.umweltaktivisten.de\\\/\"},{\"@type\":\"ListItem\",\"position\":2,\"name\":\"Petition &#8222;Freimessen&#8220;\"}]},{\"@type\":\"WebSite\",\"@id\":\"https:\\\/\\\/www.umweltaktivisten.de\\\/#website\",\"url\":\"https:\\\/\\\/www.umweltaktivisten.de\\\/\",\"name\":\"umweltaktivisten.de\",\"description\":\"&quot;Wir haben die Erde nur von unseren Kindern geborgt&quot;\",\"potentialAction\":[{\"@type\":\"SearchAction\",\"target\":{\"@type\":\"EntryPoint\",\"urlTemplate\":\"https:\\\/\\\/www.umweltaktivisten.de\\\/?s={search_term_string}\"},\"query-input\":{\"@type\":\"PropertyValueSpecification\",\"valueRequired\":true,\"valueName\":\"search_term_string\"}}],\"inLanguage\":\"de\"},{\"@type\":\"Person\",\"@id\":\"https:\\\/\\\/www.umweltaktivisten.de\\\/#\\\/schema\\\/person\\\/af601319cc34a906612869cf3b4fd51a\",\"name\":\"marita\",\"url\":\"https:\\\/\\\/www.umweltaktivisten.de\\\/author\\\/marita\\\/\"}]}<\/script>\n<!-- \/ Yoast SEO plugin. -->","yoast_head_json":{"title":"Petition \"Freimessen\" - umweltaktivisten.de Petition \"Freimessen\"","robots":{"index":"index","follow":"nofollow","max-snippet":"max-snippet:-1","max-image-preview":"max-image-preview:large","max-video-preview":"max-video-preview:-1"},"canonical":"https:\/\/www.umweltaktivisten.de\/index.php\/2021\/02\/03\/petition-freimessen\/","og_locale":"de_DE","og_type":"article","og_title":"Petition \"Freimessen\" - umweltaktivisten.de Petition \"Freimessen\"","og_description":"An: Frau Bundesumweltministerin Svenja Schulze Beenden Sie das Recycling von radioaktivem AKW-Abrissmaterial Gestartet von Udo Walther \u00a0 &#8230;. zur Petition: https:\/\/weact.campact.de\/petitions\/beenden-sie-das-recycling-von-radioaktivem-akw-abrissmaterial Beim R\u00fcckbau eines Atomkraftwerks (AKW) fallen 300.000 bis 500.000 Tonnen (radioaktives) Material an. Mehr als 95 Prozent davon wird wie Hausm\u00fcll verbrannt oder findet sich in Stra\u00dfen- und Geb\u00e4udebau,\u2026 weiter ...","og_url":"https:\/\/www.umweltaktivisten.de\/index.php\/2021\/02\/03\/petition-freimessen\/","og_site_name":"umweltaktivisten.de","article_published_time":"2021-02-03T15:03:01+00:00","article_modified_time":"2021-02-03T15:22:35+00:00","og_image":[{"width":520,"height":210,"url":"https:\/\/www.umweltaktivisten.de\/wp-content\/uploads\/2021\/02\/landscape-4126288_210.jpg","type":"image\/jpeg"}],"author":"marita","twitter_card":"summary_large_image","twitter_misc":{"Verfasst von":"marita","Gesch\u00e4tzte Lesezeit":"4\u00a0Minuten"},"schema":{"@context":"https:\/\/schema.org","@graph":[{"@type":"Article","@id":"https:\/\/www.umweltaktivisten.de\/index.php\/2021\/02\/03\/petition-freimessen\/#article","isPartOf":{"@id":"https:\/\/www.umweltaktivisten.de\/index.php\/2021\/02\/03\/petition-freimessen\/"},"author":{"name":"marita","@id":"https:\/\/www.umweltaktivisten.de\/#\/schema\/person\/af601319cc34a906612869cf3b4fd51a"},"headline":"Petition &#8222;Freimessen&#8220;","datePublished":"2021-02-03T15:03:01+00:00","dateModified":"2021-02-03T15:22:35+00:00","mainEntityOfPage":{"@id":"https:\/\/www.umweltaktivisten.de\/index.php\/2021\/02\/03\/petition-freimessen\/"},"wordCount":701,"image":{"@id":"https:\/\/www.umweltaktivisten.de\/index.php\/2021\/02\/03\/petition-freimessen\/#primaryimage"},"thumbnailUrl":"https:\/\/www.umweltaktivisten.de\/wp-content\/uploads\/2021\/02\/landscape-4126288_210.jpg","inLanguage":"de"},{"@type":"WebPage","@id":"https:\/\/www.umweltaktivisten.de\/index.php\/2021\/02\/03\/petition-freimessen\/","url":"https:\/\/www.umweltaktivisten.de\/index.php\/2021\/02\/03\/petition-freimessen\/","name":"Petition \"Freimessen\" - umweltaktivisten.de Petition \"Freimessen\"","isPartOf":{"@id":"https:\/\/www.umweltaktivisten.de\/#website"},"primaryImageOfPage":{"@id":"https:\/\/www.umweltaktivisten.de\/index.php\/2021\/02\/03\/petition-freimessen\/#primaryimage"},"image":{"@id":"https:\/\/www.umweltaktivisten.de\/index.php\/2021\/02\/03\/petition-freimessen\/#primaryimage"},"thumbnailUrl":"https:\/\/www.umweltaktivisten.de\/wp-content\/uploads\/2021\/02\/landscape-4126288_210.jpg","datePublished":"2021-02-03T15:03:01+00:00","dateModified":"2021-02-03T15:22:35+00:00","author":{"@id":"https:\/\/www.umweltaktivisten.de\/#\/schema\/person\/af601319cc34a906612869cf3b4fd51a"},"breadcrumb":{"@id":"https:\/\/www.umweltaktivisten.de\/index.php\/2021\/02\/03\/petition-freimessen\/#breadcrumb"},"inLanguage":"de","potentialAction":[{"@type":"ReadAction","target":["https:\/\/www.umweltaktivisten.de\/index.php\/2021\/02\/03\/petition-freimessen\/"]}]},{"@type":"ImageObject","inLanguage":"de","@id":"https:\/\/www.umweltaktivisten.de\/index.php\/2021\/02\/03\/petition-freimessen\/#primaryimage","url":"https:\/\/www.umweltaktivisten.de\/wp-content\/uploads\/2021\/02\/landscape-4126288_210.jpg","contentUrl":"https:\/\/www.umweltaktivisten.de\/wp-content\/uploads\/2021\/02\/landscape-4126288_210.jpg","width":520,"height":210,"caption":"\u00a9 pixabay.com"},{"@type":"BreadcrumbList","@id":"https:\/\/www.umweltaktivisten.de\/index.php\/2021\/02\/03\/petition-freimessen\/#breadcrumb","itemListElement":[{"@type":"ListItem","position":1,"name":"Home","item":"https:\/\/www.umweltaktivisten.de\/"},{"@type":"ListItem","position":2,"name":"Petition &#8222;Freimessen&#8220;"}]},{"@type":"WebSite","@id":"https:\/\/www.umweltaktivisten.de\/#website","url":"https:\/\/www.umweltaktivisten.de\/","name":"umweltaktivisten.de","description":"&quot;Wir haben die Erde nur von unseren Kindern geborgt&quot;","potentialAction":[{"@type":"SearchAction","target":{"@type":"EntryPoint","urlTemplate":"https:\/\/www.umweltaktivisten.de\/?s={search_term_string}"},"query-input":{"@type":"PropertyValueSpecification","valueRequired":true,"valueName":"search_term_string"}}],"inLanguage":"de"},{"@type":"Person","@id":"https:\/\/www.umweltaktivisten.de\/#\/schema\/person\/af601319cc34a906612869cf3b4fd51a","name":"marita","url":"https:\/\/www.umweltaktivisten.de\/author\/marita\/"}]}},"_links":{"self":[{"href":"https:\/\/www.umweltaktivisten.de\/index.php\/wp-json\/wp\/v2\/posts\/4709","targetHints":{"allow":["GET"]}}],"collection":[{"href":"https:\/\/www.umweltaktivisten.de\/index.php\/wp-json\/wp\/v2\/posts"}],"about":[{"href":"https:\/\/www.umweltaktivisten.de\/index.php\/wp-json\/wp\/v2\/types\/post"}],"author":[{"embeddable":true,"href":"https:\/\/www.umweltaktivisten.de\/index.php\/wp-json\/wp\/v2\/users\/1"}],"replies":[{"embeddable":true,"href":"https:\/\/www.umweltaktivisten.de\/index.php\/wp-json\/wp\/v2\/comments?post=4709"}],"version-history":[{"count":12,"href":"https:\/\/www.umweltaktivisten.de\/index.php\/wp-json\/wp\/v2\/posts\/4709\/revisions"}],"predecessor-version":[{"id":4729,"href":"https:\/\/www.umweltaktivisten.de\/index.php\/wp-json\/wp\/v2\/posts\/4709\/revisions\/4729"}],"wp:featuredmedia":[{"embeddable":true,"href":"https:\/\/www.umweltaktivisten.de\/index.php\/wp-json\/wp\/v2\/media\/4714"}],"wp:attachment":[{"href":"https:\/\/www.umweltaktivisten.de\/index.php\/wp-json\/wp\/v2\/media?parent=4709"}],"wp:term":[{"taxonomy":"category","embeddable":true,"href":"https:\/\/www.umweltaktivisten.de\/index.php\/wp-json\/wp\/v2\/categories?post=4709"},{"taxonomy":"post_tag","embeddable":true,"href":"https:\/\/www.umweltaktivisten.de\/index.php\/wp-json\/wp\/v2\/tags?post=4709"}],"curies":[{"name":"wp","href":"https:\/\/api.w.org\/{rel}","templated":true}]}}