{"id":4618,"date":"2020-11-22T21:07:12","date_gmt":"2020-11-22T20:07:12","guid":{"rendered":"http:\/\/www.umweltaktivisten.de\/?p=4618"},"modified":"2020-11-22T21:41:47","modified_gmt":"2020-11-22T20:41:47","slug":"dannenroeder-wald-offener-brief","status":"publish","type":"post","link":"https:\/\/www.umweltaktivisten.de\/index.php\/2020\/11\/22\/dannenroeder-wald-offener-brief\/","title":{"rendered":"Dannenr\u00f6der Wald: Offener Brief"},"content":{"rendered":"\n<h3 class=\"wp-block-heading\"> Ein gemeinsamer Appell an die (politisch) Verantwortlichen <\/h3>\n\n\n\n<div class=\"wp-block-image\"><figure class=\"alignleft size-large\"><img loading=\"lazy\" decoding=\"async\" width=\"212\" height=\"300\" src=\"https:\/\/www.umweltaktivisten.de\/wp-content\/uploads\/2020\/11\/wald-statt-asphalt.png\" alt=\"\" class=\"wp-image-4562\" srcset=\"https:\/\/www.umweltaktivisten.de\/wp-content\/uploads\/2020\/11\/wald-statt-asphalt.png 212w, https:\/\/www.umweltaktivisten.de\/wp-content\/uploads\/2020\/11\/wald-statt-asphalt-106x150.png 106w\" sizes=\"auto, (max-width: 212px) 100vw, 212px\" \/><\/figure><\/div>\n\n\n\n<p><em><strong>Offener Brief an den hessischen Innenminister Peter Beuth, den hessischen Verkehrsminister und Stellvertreter des Ministerpr\u00e4sidenten Tarek Al-Wazir, den Ministerpr\u00e4sident Volker Bouffier und die DEGES GmbH<\/strong><\/em><\/p>\n\n\n\n<p><strong>Dauereinsatz ohne Pause gef\u00e4hrdet Menschenleben \u2013 Rodungsstopp jetzt!<\/strong><\/p>\n\n\n\n<p>Sehr geehrte Damen und Herren,<\/p>\n\n\n\n<p>wir fordern Sie auf, den gegenw\u00e4rtigen Polizeieinsatz im Dannenr\u00f6der Wald zu unterbrechen. In den vergangenen Tagen wurden durch fahrl\u00e4ssiges Handeln von Polizeikr\u00e4ften und Waldarbeitenden wiederholt nachweislich Menschenleben gef\u00e4hrdet. Ein Mensch fiel dabei am Sonntag, 15. November, von einem Tripod (besetztes Blockadeelement) mehrere Meter in die Tiefe und verletzte sich schwer. Mehrfach wurden Sicherungsseile gekappt oder besch\u00e4digt. Auch wurde immer wieder in unmittelbarer N\u00e4he von Menschen gerodet und dabei der erforderliche Sicherheitsabstand missachtet.<\/p>\n\n\n\n<p>Nach diesen Vorf\u00e4llen ist ein &#8222;Weiter so&#8220; von R\u00e4umung und Rodung fatal. Immer wieder wird von Seiten der Polizei das Motto &#8222;Sicherheit vor Schnelligkeit&#8220; betont. In der Konsequenz muss der Polizeieinsatz nun unterbrochen werden. F\u00fcr alle Beteiligten, die Anwohner*innen, B\u00fcrger*inneninitiativen und Waldsch\u00fctzer*innen sowie Polizei, Waldarbeitende, Presse oder Sanit\u00e4ter*innen verursacht die politisch erzwungene Rodung im Dannenr\u00f6der Wald enormen Stress. Ein pausenloser Dauereinsatz erh\u00f6ht die Spannung auf allen Seiten und die Fehleranf\u00e4lligkeit enorm und tr\u00e4gt zu einer weiteren Eskalation der Konfrontation bei.<\/p>\n\n\n\n<p>Auch die Corona-Lage macht diesen Einsatz unverantwortlich. Wie passt es zusammen, wenn Bundeskanzlerin Angela Merkel dazu aufruft\u201a die Kontakte zu anderen Menschen au\u00dferhalb der Angeh\u00f6rigen des eigenen Hausstands auf ein absolutes Minimum zu verringern \u2013 und zugleich tausende Polizeikr\u00e4fte aus dem ganzen Bundesgebiet in einen vermeidbaren wochenlangen Gro\u00dfeinsatz geschickt werden? Kommen Sie ihrer Sorgfaltspflicht nach und stoppen sie die aktuelle Eskalationsdynamik!<\/p>\n\n\n\n<p>Wir fordern konkret:<\/p>\n\n\n\n<ul class=\"wp-block-list\"><li>sofortiger Stopp der aktuellen Rodungsarbeiten<\/li><li>politische und einsatztaktische Aufarbeitung der Vorf\u00e4lle der vergangenen Tage<\/li><li>Einhaltung aller geltenden Schutzbestimmungen<\/li><li>Einbeziehung von unabh\u00e4ngigen Sachverst\u00e4ndigen zur Beurteilung der Gefahrenlage vor Ort<\/li><li>Aussetzung des Polizeieinsatzes w\u00e4hrend des Corona-Lockdowns aufgrund des n\u00f6tigen Infektionsschutzes<\/li><li>genereller Rodungsstopp am Wochenende und Erholungsphasen f\u00fcr alle Beteiligten<\/li><li>Schlichtung des Konflikts um den Dannenr\u00f6der Wald<\/li><li>reden statt roden<\/li><\/ul>\n\n\n\n<p>Die Sicherheit von Aktivist*innen, Polizeikr\u00e4ften und Waldarbeitenden muss an erster Stelle stehen.<\/p>\n\n\n\n<p><strong>Unterzeichnende Initiativen und Pers\u00f6nlichkeiten:<\/strong><\/p>\n\n\n\n<p><strong>Initiativen:<\/strong><\/p>\n\n\n\n<ul class=\"wp-block-list\"><li>Aktionsb\u00fcndnis Keine A49<\/li><li>Aktionsb\u00fcndnis gegen Stuttgart 21<\/li><li>Aktionsgemeinschaft &#8222;Rettet den Burgwald&#8220;<\/li><li>Alsfeld &#8211; Fremdenverkehr<\/li><li>Attac Deutschland<\/li><li>BUND, KV Vogelsbergkreis<\/li><li>Fridays for Future Deutschland<\/li><li>FRE!LAUF DIY Bike-Camp<\/li><li>Georg-B\u00fcchner-Club Gie\u00dfen<\/li><li>Parents for Future Germany (AG Mobilit\u00e4tswende jetzt!\/Presseteam)<\/li><li>Sand im Getriebe (Verkehrswende Initiative)<\/li><li>Scientists for Future Marburg<\/li><li>Wahrheitsk\u00e4mpfer e.V. Frankfurt am Main<\/li><li>Wulf Hahn &amp; Dr. Ralf Hoppe GbR (Fachagentur f\u00fcr Stadt- und Verkehrsplanung \u2013 Marburg)<\/li><li>XR Rhein-Main<\/li><li>2035Null \u2013 klimaneutrales Gie\u00dfen<\/li><\/ul>\n\n\n<p><!--more--><\/p>\n\n\n<p><strong>Unterst\u00fctzer*innen aus der Region:<\/strong><\/p>\n\n\n\n<ul class=\"wp-block-list\"><li>Prof.Dr.Heinz Bauer (Lollar)<\/li><li>Finn Becker \u2013 (Verkehrswendeinitiative &#8211; Gie\u00dfen)<\/li><li>Dr. Johannes M. Becker, Friedens- und Konfliktforscher &#8211; Marburg)<\/li><li>Walter und Ursula Bernbeck<\/li><li>Dipl. Biol. Dr. Wolfgang Dennh\u00f6fer<\/li><li>Priv.-Doz. Dr. Anne Maximiliane J\u00e4ger-Gogoll, (Literaturwissenschaftlerin \u2013 Marburg)<\/li><li>Johannes Feldner (Arzt &#8211; Gie\u00dfen)<\/li><li>J\u00f6rg Gogoll (Psychotherapeut &#8211; Marburg)<\/li><li>Lutz Hiestermann (Vorsitzender Lebenswertes Gie\u00dfen e.V.)<\/li><li>Dietmar J\u00fcrgens &#8211; (Kreisbeauftragter f\u00fcr Vogelschutz \u2013 Gie\u00dfen)<\/li><li>Gerhard Keller, (Gr\u00fcndungsmitglied der Gr\u00fcnen Hessen)<\/li><li>Dipl. Des. Susanne K\u00f6hler (Illustratorin aus Frankfurt)<\/li><li>Prof. Dr. Friedel Kriechbaum (Gie\u00dfen)<\/li><li>Christian Lugerth (Regisseur \/ Musiker \/ B\u00fchnenauthor &#8211; Gie\u00dfen)<\/li><li>Walter Sch\u00e4fer (Lehrer i. R. Hohenahr)<\/li><li>Christian Lugerth (Regisseur \/ Musiker \/ B\u00fchnenautor &#8211; Gie\u00dfen)<\/li><li>Walter Sch\u00e4fer (Lehrer i. R. Hohenahr)<\/li><li>Dr. Marc Strickert (Scientists for Future Gie\u00dfen)<\/li><li>Clara Thompson (\u201eWald-Statt-Asphalt\u201c-B\u00fcndnis)<\/li><\/ul>\n\n\n\n<p><strong>\u00dcberregionale Unterst\u00fctzer*innen:<\/strong><\/p>\n\n\n\n<ul class=\"wp-block-list\"><li>Christoph Bautz, (Campact)<\/li><li>Thoren Benk \u2013 Baumpfleger \/ Baumkletterschule Benk &#8211; M\u00fclheim an der Ruhr)<\/li><li>Claudia Blank (BundesB\u00fcrgerInitiative WaldSchutz)<\/li><li>Leonie Bremer<\/li><li>Katja Diehl (she drives Mobility &#8211; Unternehmensberaterin)<\/li><li>Volker Harbeck (Psychologists For Future Kiel)<\/li><li>Kathrin Henneberger<\/li><li>Niklas Hielscher (Verkehrswendeinitiative Kiel \u2013 Bielenbergkoppel.de)<\/li><li>Dr. Tadzio M\u00fcller &#8211; (Politikwissenschaftler und Klimaaktivist &#8211; Berlin)<\/li><li>Luisa Neubauer (Fridays for Future)<\/li><li>Line Niedeggen<\/li><li>Carola Rackete (\u00d6kologin und Klima Aktivistin)<\/li><li>J\u00fcrgen Resch (Bundesgesch\u00e4ftsf\u00fchrer Deutsche Umwelthilfe)<\/li><li>Julian David Rolfes (Max-Planck-Gesellschaft\/Max-Planck-Nachhaltigkeitsnetzwerk)<\/li><li>Annika Rittmann<\/li><li>Kerem Schemberger (Vorstandsmitglied des Institut Solidarische Moderne)<\/li><li>Willy van Ooyen, (Friedens- und Zukunftswerkstatt &#8211; Frankfurt)<\/li><li>Willi Weitzel (Fernseh \u2013 Moderator)<\/li><\/ul>\n\n\n\n<p><strong>Unterst\u00fctzer*innen aus Parteien:<\/strong><\/p>\n\n\n\n<ul class=\"wp-block-list\"><li>Gr\u00fcne Jugend Deutschland<\/li><\/ul>\n\n\n\n<p><em>B\u00fcndnis 90\/ die Gr\u00fcnen<\/em><\/p>\n\n\n\n<ul class=\"wp-block-list\"><li>Astrid Rothe-Beinlich (B\u00fcndnis 90 \/ Die Gr\u00fcnen MdL Th\u00fcringen)<\/li><li>Michael Bloss MdEP &#8211; (B\u00fcndnis 90 \/ Die Gr\u00fcnen)<\/li><li>Philipp Bruck MdL in Bremen, (B\u00fcndnis 90 \/ Die Gr\u00fcnen Sprecher f\u00fcr Energie-, Klimaund Tierpolitik)<\/li><li>Imke Byl MdL in Niedersachsen, (B\u00fcndnis 90 \/ Die Gr\u00fcnen Sprecherin f\u00fcr Umwelt, Energie, Klimaschutz)<\/li><li>Rosa Domm MdL in Hamburg, B\u00fcndnis 90 \/ Die Gr\u00fcnen Sprecherin f\u00fcr Klimapolitik und Mobilit\u00e4tswende)<\/li><li>Anna Emmend\u00f6rffer, B\u00fcndnis 90 \/ Die Gr\u00fcnen Bundestagskandidatin in Brandenburg<\/li><li>Annkatrin Esser, B\u00fcndnis 90 \/ Die Gr\u00fcnen Bundestagskandidatin in Berlin<\/li><li>Patrick Haermeyer, B\u00fcndnis 90 \/ Die Gr\u00fcnen Bundestagskandidat in Baden-W\u00fcrttemberg<\/li><li>Madeleine Henfling (B\u00fcndnis 90 \/ Die Gr\u00fcnen MdL Th\u00fcringen)<\/li><li>Georg K\u00f6ssler MdL in Berlin, (B\u00fcndnis 90 \/ Die Gr\u00fcnen Sprecher f\u00fcr Klima- und Umweltschutz und Eine-Welt-Politik)<\/li><li>Ivy May M\u00fcller (B\u00fcndnis 90 \/ Die Gr\u00fcnen MdL Hamburg)<\/li><li>Laura Wahl MdL in Th\u00fcringen, B\u00fcndnis 90 \/ Die Gr\u00fcnen Sprecherin f\u00fcr Verkehr, Umwelt, Energie, Naturschutz)<\/li><li>Barbara Schlemmer &#8211; (Sprecherin B\u00fcndnis 90 \/ Die Gr\u00fcnen Homberg (Ohm)<\/li><li>Ortsverband der Gr\u00fcnen Buseck<\/li><\/ul>\n\n\n\n<p><em>Die LINKE<\/em><\/p>\n\n\n\n<ul class=\"wp-block-list\"><li>Janine Wissler (Fraktionsvorsitzende die Linke Hessen)<\/li><li>Jan Schalauske (Fraktionsvorsitzender die Linke Hessen &#8211; Marburg &#8211; Parlamentarischer Beobachter im Dannenr\u00f6der Wald)<\/li><li>Heide Scheuch &#8211; Paschkewitz &#8211; (MdL die Linke Hessen &#8211; Parlamentarische Beobachterin im Dannenr\u00f6der Wald &#8211; Schwalmstadt)<\/li><li>Torsten Felstehausen (MdL die Linke Hessen &#8211; Parlamentarischer Beobachter im Dannenr\u00f6der Wald &#8211; Kassel)<\/li><li>Sabine Leidig (verkehrspolitische Sprecherin der Fraktion Die Linke im Bundestag Parlamentarische Beobachterin im Dannenr\u00f6der Wald &#8211; Kassel)<\/li><li>Lorenz G\u00f6sta Beutin &#8211; MdB die Linke &#8211; Schleswig Holstein)<\/li><\/ul>\n\n\n\n<p><em>Klimaliste<\/em><\/p>\n\n\n\n<ul class=\"wp-block-list\"><li>Klimaliste Hessen<\/li><li>Klimaliste Marburg<\/li><\/ul>\n\n\n\n<p>Quelle: <a href=\"https:\/\/www.attac.de\/startseite\/teaser-detailansicht\/news\/dannenroeder-wald-offener-brief\/\" target=\"_blank\" rel=\"noreferrer noopener\" aria-label=\" (\u00f6ffnet in neuem Tab)\">attac Deutschland<\/a><\/p>\n\n\n\n<p><\/p>\n","protected":false},"excerpt":{"rendered":"<p>Ein gemeinsamer Appell an die (politisch) Verantwortlichen Offener Brief an den hessischen Innenminister Peter Beuth, den hessischen Verkehrsminister und Stellvertreter des Ministerpr\u00e4sidenten Tarek Al-Wazir, den Ministerpr\u00e4sident Volker Bouffier und die DEGES GmbH Dauereinsatz ohne Pause gef\u00e4hrdet Menschenleben \u2013 Rodungsstopp jetzt! Sehr geehrte Damen und Herren, wir fordern Sie auf, den\u2026<\/p>\n<p class=\"continue-reading-button\"> <a class=\"continue-reading-link\" href=\"https:\/\/www.umweltaktivisten.de\/index.php\/2020\/11\/22\/dannenroeder-wald-offener-brief\/\">weiter &#8230;<i class=\"crycon-right-dir\"><\/i><\/a><\/p>\n","protected":false},"author":1,"featured_media":4563,"comment_status":"closed","ping_status":"closed","sticky":false,"template":"","format":"standard","meta":{"footnotes":""},"categories":[1],"tags":[655],"class_list":["post-4618","post","type-post","status-publish","format-standard","has-post-thumbnail","hentry","category-allgemein","tag-dannenroeder-wald"],"yoast_head":"<!-- This site is optimized with the Yoast SEO plugin v27.5 - https:\/\/yoast.com\/product\/yoast-seo-wordpress\/ -->\n<title>Dannenr\u00f6der Wald: Offener Brief - umweltaktivisten.de<\/title>\n<meta name=\"robots\" content=\"index, nofollow, max-snippet:-1, max-image-preview:large, max-video-preview:-1\" \/>\n<link rel=\"canonical\" href=\"https:\/\/www.umweltaktivisten.de\/index.php\/2020\/11\/22\/dannenroeder-wald-offener-brief\/\" \/>\n<meta property=\"og:locale\" content=\"de_DE\" \/>\n<meta property=\"og:type\" content=\"article\" \/>\n<meta property=\"og:title\" content=\"Dannenr\u00f6der Wald: Offener Brief - umweltaktivisten.de\" \/>\n<meta property=\"og:description\" content=\"Ein gemeinsamer Appell an die (politisch) Verantwortlichen Offener Brief an den hessischen Innenminister Peter Beuth, den hessischen Verkehrsminister und Stellvertreter des Ministerpr\u00e4sidenten Tarek Al-Wazir, den Ministerpr\u00e4sident Volker Bouffier und die DEGES GmbH Dauereinsatz ohne Pause gef\u00e4hrdet Menschenleben \u2013 Rodungsstopp jetzt! Sehr geehrte Damen und Herren, wir fordern Sie auf, den\u2026 weiter ...\" \/>\n<meta property=\"og:url\" content=\"https:\/\/www.umweltaktivisten.de\/index.php\/2020\/11\/22\/dannenroeder-wald-offener-brief\/\" \/>\n<meta property=\"og:site_name\" content=\"umweltaktivisten.de\" \/>\n<meta property=\"article:published_time\" content=\"2020-11-22T20:07:12+00:00\" \/>\n<meta property=\"article:modified_time\" content=\"2020-11-22T20:41:47+00:00\" \/>\n<meta property=\"og:image\" content=\"https:\/\/www.umweltaktivisten.de\/wp-content\/uploads\/2020\/11\/w_wald-statt-asphalt-2.png\" \/>\n\t<meta property=\"og:image:width\" content=\"177\" \/>\n\t<meta property=\"og:image:height\" content=\"250\" \/>\n\t<meta property=\"og:image:type\" content=\"image\/png\" \/>\n<meta name=\"author\" content=\"marita\" \/>\n<meta name=\"twitter:card\" content=\"summary_large_image\" \/>\n<meta name=\"twitter:label1\" content=\"Verfasst von\" \/>\n\t<meta name=\"twitter:data1\" content=\"marita\" \/>\n\t<meta name=\"twitter:label2\" content=\"Gesch\u00e4tzte Lesezeit\" \/>\n\t<meta name=\"twitter:data2\" content=\"5\u00a0Minuten\" \/>\n<script type=\"application\/ld+json\" class=\"yoast-schema-graph\">{\"@context\":\"https:\\\/\\\/schema.org\",\"@graph\":[{\"@type\":\"Article\",\"@id\":\"https:\\\/\\\/www.umweltaktivisten.de\\\/index.php\\\/2020\\\/11\\\/22\\\/dannenroeder-wald-offener-brief\\\/#article\",\"isPartOf\":{\"@id\":\"https:\\\/\\\/www.umweltaktivisten.de\\\/index.php\\\/2020\\\/11\\\/22\\\/dannenroeder-wald-offener-brief\\\/\"},\"author\":{\"name\":\"marita\",\"@id\":\"https:\\\/\\\/www.umweltaktivisten.de\\\/#\\\/schema\\\/person\\\/af601319cc34a906612869cf3b4fd51a\"},\"headline\":\"Dannenr\u00f6der Wald: Offener Brief\",\"datePublished\":\"2020-11-22T20:07:12+00:00\",\"dateModified\":\"2020-11-22T20:41:47+00:00\",\"mainEntityOfPage\":{\"@id\":\"https:\\\/\\\/www.umweltaktivisten.de\\\/index.php\\\/2020\\\/11\\\/22\\\/dannenroeder-wald-offener-brief\\\/\"},\"wordCount\":978,\"image\":{\"@id\":\"https:\\\/\\\/www.umweltaktivisten.de\\\/index.php\\\/2020\\\/11\\\/22\\\/dannenroeder-wald-offener-brief\\\/#primaryimage\"},\"thumbnailUrl\":\"https:\\\/\\\/www.umweltaktivisten.de\\\/wp-content\\\/uploads\\\/2020\\\/11\\\/w_wald-statt-asphalt-2.png\",\"keywords\":[\"Dannenr\u00f6der Wald\"],\"inLanguage\":\"de\"},{\"@type\":\"WebPage\",\"@id\":\"https:\\\/\\\/www.umweltaktivisten.de\\\/index.php\\\/2020\\\/11\\\/22\\\/dannenroeder-wald-offener-brief\\\/\",\"url\":\"https:\\\/\\\/www.umweltaktivisten.de\\\/index.php\\\/2020\\\/11\\\/22\\\/dannenroeder-wald-offener-brief\\\/\",\"name\":\"Dannenr\u00f6der Wald: Offener Brief - umweltaktivisten.de\",\"isPartOf\":{\"@id\":\"https:\\\/\\\/www.umweltaktivisten.de\\\/#website\"},\"primaryImageOfPage\":{\"@id\":\"https:\\\/\\\/www.umweltaktivisten.de\\\/index.php\\\/2020\\\/11\\\/22\\\/dannenroeder-wald-offener-brief\\\/#primaryimage\"},\"image\":{\"@id\":\"https:\\\/\\\/www.umweltaktivisten.de\\\/index.php\\\/2020\\\/11\\\/22\\\/dannenroeder-wald-offener-brief\\\/#primaryimage\"},\"thumbnailUrl\":\"https:\\\/\\\/www.umweltaktivisten.de\\\/wp-content\\\/uploads\\\/2020\\\/11\\\/w_wald-statt-asphalt-2.png\",\"datePublished\":\"2020-11-22T20:07:12+00:00\",\"dateModified\":\"2020-11-22T20:41:47+00:00\",\"author\":{\"@id\":\"https:\\\/\\\/www.umweltaktivisten.de\\\/#\\\/schema\\\/person\\\/af601319cc34a906612869cf3b4fd51a\"},\"breadcrumb\":{\"@id\":\"https:\\\/\\\/www.umweltaktivisten.de\\\/index.php\\\/2020\\\/11\\\/22\\\/dannenroeder-wald-offener-brief\\\/#breadcrumb\"},\"inLanguage\":\"de\",\"potentialAction\":[{\"@type\":\"ReadAction\",\"target\":[\"https:\\\/\\\/www.umweltaktivisten.de\\\/index.php\\\/2020\\\/11\\\/22\\\/dannenroeder-wald-offener-brief\\\/\"]}]},{\"@type\":\"ImageObject\",\"inLanguage\":\"de\",\"@id\":\"https:\\\/\\\/www.umweltaktivisten.de\\\/index.php\\\/2020\\\/11\\\/22\\\/dannenroeder-wald-offener-brief\\\/#primaryimage\",\"url\":\"https:\\\/\\\/www.umweltaktivisten.de\\\/wp-content\\\/uploads\\\/2020\\\/11\\\/w_wald-statt-asphalt-2.png\",\"contentUrl\":\"https:\\\/\\\/www.umweltaktivisten.de\\\/wp-content\\\/uploads\\\/2020\\\/11\\\/w_wald-statt-asphalt-2.png\",\"width\":177,\"height\":250},{\"@type\":\"BreadcrumbList\",\"@id\":\"https:\\\/\\\/www.umweltaktivisten.de\\\/index.php\\\/2020\\\/11\\\/22\\\/dannenroeder-wald-offener-brief\\\/#breadcrumb\",\"itemListElement\":[{\"@type\":\"ListItem\",\"position\":1,\"name\":\"Home\",\"item\":\"https:\\\/\\\/www.umweltaktivisten.de\\\/\"},{\"@type\":\"ListItem\",\"position\":2,\"name\":\"Dannenr\u00f6der Wald: Offener Brief\"}]},{\"@type\":\"WebSite\",\"@id\":\"https:\\\/\\\/www.umweltaktivisten.de\\\/#website\",\"url\":\"https:\\\/\\\/www.umweltaktivisten.de\\\/\",\"name\":\"umweltaktivisten.de\",\"description\":\"&quot;Wir haben die Erde nur von unseren Kindern geborgt&quot;\",\"potentialAction\":[{\"@type\":\"SearchAction\",\"target\":{\"@type\":\"EntryPoint\",\"urlTemplate\":\"https:\\\/\\\/www.umweltaktivisten.de\\\/?s={search_term_string}\"},\"query-input\":{\"@type\":\"PropertyValueSpecification\",\"valueRequired\":true,\"valueName\":\"search_term_string\"}}],\"inLanguage\":\"de\"},{\"@type\":\"Person\",\"@id\":\"https:\\\/\\\/www.umweltaktivisten.de\\\/#\\\/schema\\\/person\\\/af601319cc34a906612869cf3b4fd51a\",\"name\":\"marita\",\"url\":\"https:\\\/\\\/www.umweltaktivisten.de\\\/author\\\/marita\\\/\"}]}<\/script>\n<!-- \/ Yoast SEO plugin. -->","yoast_head_json":{"title":"Dannenr\u00f6der Wald: Offener Brief - umweltaktivisten.de","robots":{"index":"index","follow":"nofollow","max-snippet":"max-snippet:-1","max-image-preview":"max-image-preview:large","max-video-preview":"max-video-preview:-1"},"canonical":"https:\/\/www.umweltaktivisten.de\/index.php\/2020\/11\/22\/dannenroeder-wald-offener-brief\/","og_locale":"de_DE","og_type":"article","og_title":"Dannenr\u00f6der Wald: Offener Brief - umweltaktivisten.de","og_description":"Ein gemeinsamer Appell an die (politisch) Verantwortlichen Offener Brief an den hessischen Innenminister Peter Beuth, den hessischen Verkehrsminister und Stellvertreter des Ministerpr\u00e4sidenten Tarek Al-Wazir, den Ministerpr\u00e4sident Volker Bouffier und die DEGES GmbH Dauereinsatz ohne Pause gef\u00e4hrdet Menschenleben \u2013 Rodungsstopp jetzt! Sehr geehrte Damen und Herren, wir fordern Sie auf, den\u2026 weiter ...","og_url":"https:\/\/www.umweltaktivisten.de\/index.php\/2020\/11\/22\/dannenroeder-wald-offener-brief\/","og_site_name":"umweltaktivisten.de","article_published_time":"2020-11-22T20:07:12+00:00","article_modified_time":"2020-11-22T20:41:47+00:00","og_image":[{"width":177,"height":250,"url":"https:\/\/www.umweltaktivisten.de\/wp-content\/uploads\/2020\/11\/w_wald-statt-asphalt-2.png","type":"image\/png"}],"author":"marita","twitter_card":"summary_large_image","twitter_misc":{"Verfasst von":"marita","Gesch\u00e4tzte Lesezeit":"5\u00a0Minuten"},"schema":{"@context":"https:\/\/schema.org","@graph":[{"@type":"Article","@id":"https:\/\/www.umweltaktivisten.de\/index.php\/2020\/11\/22\/dannenroeder-wald-offener-brief\/#article","isPartOf":{"@id":"https:\/\/www.umweltaktivisten.de\/index.php\/2020\/11\/22\/dannenroeder-wald-offener-brief\/"},"author":{"name":"marita","@id":"https:\/\/www.umweltaktivisten.de\/#\/schema\/person\/af601319cc34a906612869cf3b4fd51a"},"headline":"Dannenr\u00f6der Wald: Offener Brief","datePublished":"2020-11-22T20:07:12+00:00","dateModified":"2020-11-22T20:41:47+00:00","mainEntityOfPage":{"@id":"https:\/\/www.umweltaktivisten.de\/index.php\/2020\/11\/22\/dannenroeder-wald-offener-brief\/"},"wordCount":978,"image":{"@id":"https:\/\/www.umweltaktivisten.de\/index.php\/2020\/11\/22\/dannenroeder-wald-offener-brief\/#primaryimage"},"thumbnailUrl":"https:\/\/www.umweltaktivisten.de\/wp-content\/uploads\/2020\/11\/w_wald-statt-asphalt-2.png","keywords":["Dannenr\u00f6der Wald"],"inLanguage":"de"},{"@type":"WebPage","@id":"https:\/\/www.umweltaktivisten.de\/index.php\/2020\/11\/22\/dannenroeder-wald-offener-brief\/","url":"https:\/\/www.umweltaktivisten.de\/index.php\/2020\/11\/22\/dannenroeder-wald-offener-brief\/","name":"Dannenr\u00f6der Wald: Offener Brief - umweltaktivisten.de","isPartOf":{"@id":"https:\/\/www.umweltaktivisten.de\/#website"},"primaryImageOfPage":{"@id":"https:\/\/www.umweltaktivisten.de\/index.php\/2020\/11\/22\/dannenroeder-wald-offener-brief\/#primaryimage"},"image":{"@id":"https:\/\/www.umweltaktivisten.de\/index.php\/2020\/11\/22\/dannenroeder-wald-offener-brief\/#primaryimage"},"thumbnailUrl":"https:\/\/www.umweltaktivisten.de\/wp-content\/uploads\/2020\/11\/w_wald-statt-asphalt-2.png","datePublished":"2020-11-22T20:07:12+00:00","dateModified":"2020-11-22T20:41:47+00:00","author":{"@id":"https:\/\/www.umweltaktivisten.de\/#\/schema\/person\/af601319cc34a906612869cf3b4fd51a"},"breadcrumb":{"@id":"https:\/\/www.umweltaktivisten.de\/index.php\/2020\/11\/22\/dannenroeder-wald-offener-brief\/#breadcrumb"},"inLanguage":"de","potentialAction":[{"@type":"ReadAction","target":["https:\/\/www.umweltaktivisten.de\/index.php\/2020\/11\/22\/dannenroeder-wald-offener-brief\/"]}]},{"@type":"ImageObject","inLanguage":"de","@id":"https:\/\/www.umweltaktivisten.de\/index.php\/2020\/11\/22\/dannenroeder-wald-offener-brief\/#primaryimage","url":"https:\/\/www.umweltaktivisten.de\/wp-content\/uploads\/2020\/11\/w_wald-statt-asphalt-2.png","contentUrl":"https:\/\/www.umweltaktivisten.de\/wp-content\/uploads\/2020\/11\/w_wald-statt-asphalt-2.png","width":177,"height":250},{"@type":"BreadcrumbList","@id":"https:\/\/www.umweltaktivisten.de\/index.php\/2020\/11\/22\/dannenroeder-wald-offener-brief\/#breadcrumb","itemListElement":[{"@type":"ListItem","position":1,"name":"Home","item":"https:\/\/www.umweltaktivisten.de\/"},{"@type":"ListItem","position":2,"name":"Dannenr\u00f6der Wald: Offener Brief"}]},{"@type":"WebSite","@id":"https:\/\/www.umweltaktivisten.de\/#website","url":"https:\/\/www.umweltaktivisten.de\/","name":"umweltaktivisten.de","description":"&quot;Wir haben die Erde nur von unseren Kindern geborgt&quot;","potentialAction":[{"@type":"SearchAction","target":{"@type":"EntryPoint","urlTemplate":"https:\/\/www.umweltaktivisten.de\/?s={search_term_string}"},"query-input":{"@type":"PropertyValueSpecification","valueRequired":true,"valueName":"search_term_string"}}],"inLanguage":"de"},{"@type":"Person","@id":"https:\/\/www.umweltaktivisten.de\/#\/schema\/person\/af601319cc34a906612869cf3b4fd51a","name":"marita","url":"https:\/\/www.umweltaktivisten.de\/author\/marita\/"}]}},"_links":{"self":[{"href":"https:\/\/www.umweltaktivisten.de\/index.php\/wp-json\/wp\/v2\/posts\/4618","targetHints":{"allow":["GET"]}}],"collection":[{"href":"https:\/\/www.umweltaktivisten.de\/index.php\/wp-json\/wp\/v2\/posts"}],"about":[{"href":"https:\/\/www.umweltaktivisten.de\/index.php\/wp-json\/wp\/v2\/types\/post"}],"author":[{"embeddable":true,"href":"https:\/\/www.umweltaktivisten.de\/index.php\/wp-json\/wp\/v2\/users\/1"}],"replies":[{"embeddable":true,"href":"https:\/\/www.umweltaktivisten.de\/index.php\/wp-json\/wp\/v2\/comments?post=4618"}],"version-history":[{"count":3,"href":"https:\/\/www.umweltaktivisten.de\/index.php\/wp-json\/wp\/v2\/posts\/4618\/revisions"}],"predecessor-version":[{"id":4623,"href":"https:\/\/www.umweltaktivisten.de\/index.php\/wp-json\/wp\/v2\/posts\/4618\/revisions\/4623"}],"wp:featuredmedia":[{"embeddable":true,"href":"https:\/\/www.umweltaktivisten.de\/index.php\/wp-json\/wp\/v2\/media\/4563"}],"wp:attachment":[{"href":"https:\/\/www.umweltaktivisten.de\/index.php\/wp-json\/wp\/v2\/media?parent=4618"}],"wp:term":[{"taxonomy":"category","embeddable":true,"href":"https:\/\/www.umweltaktivisten.de\/index.php\/wp-json\/wp\/v2\/categories?post=4618"},{"taxonomy":"post_tag","embeddable":true,"href":"https:\/\/www.umweltaktivisten.de\/index.php\/wp-json\/wp\/v2\/tags?post=4618"}],"curies":[{"name":"wp","href":"https:\/\/api.w.org\/{rel}","templated":true}]}}