{"id":4561,"date":"2020-11-12T11:14:24","date_gmt":"2020-11-12T10:14:24","guid":{"rendered":"http:\/\/www.umweltaktivisten.de\/?p=4561"},"modified":"2020-11-12T12:14:46","modified_gmt":"2020-11-12T11:14:46","slug":"polizei-grosseinsatz-im-dannenroeder-wald","status":"publish","type":"post","link":"https:\/\/www.umweltaktivisten.de\/index.php\/2020\/11\/12\/polizei-grosseinsatz-im-dannenroeder-wald\/","title":{"rendered":"Polizei-Gro\u00dfeinsatz im Dannenr\u00f6der Wald"},"content":{"rendered":"\n<p><strong>Der Konflikt um den Bau der A49 und die damit verbundenen Rodungen erreicht eine weitere Eskalationsstufe. <\/strong><\/p>\n\n\n\n<div class=\"wp-block-image\"><figure class=\"alignleft size-large is-resized\"><img loading=\"lazy\" decoding=\"async\" src=\"https:\/\/www.umweltaktivisten.de\/wp-content\/uploads\/2020\/11\/wald-statt-asphalt.png\" alt=\"\" class=\"wp-image-4562\" width=\"213\" height=\"301\" srcset=\"https:\/\/www.umweltaktivisten.de\/wp-content\/uploads\/2020\/11\/wald-statt-asphalt.png 212w, https:\/\/www.umweltaktivisten.de\/wp-content\/uploads\/2020\/11\/wald-statt-asphalt-106x150.png 106w\" sizes=\"auto, (max-width: 213px) 100vw, 213px\" \/><figcaption><a rel=\"noreferrer noopener\" aria-label=\" (\u00f6ffnet in neuem Tab)\" href=\"https:\/\/waldstattasphalt.blackblogs.org\/\" target=\"_blank\">https:\/\/waldstattasphalt.blackblogs.org\/<\/a><\/figcaption><\/figure><\/div>\n\n\n\n<p>Nachdem bereits ab dem ersten Oktober Rodungen im Herrenwald und folgend auch im Maulbacher Wald stattfanden, begann die Polizei heute (10. November) um 7.30  Uhr den Einsatz im Dannenr\u00f6der Wald, um auch dort f\u00fcr den Bau der Autobahn Rodungen durchf\u00fchren zu k\u00f6nnen. Zun\u00e4chst wurde das Baumhausdorf \u201eDr\u00fcben\u201c in der N\u00e4he der B62 umstellt;  au\u00dferdem wurden am Waldeingang Dannenrod Einsatzkr\u00e4fte positioniert. Der Dannenr\u00f6der Wald ist bereits seit Oktober letzten Jahres von Aktivist*innen bewohnt, die damit den Bau der A49 durch den gesunden, 300 Jahre alten Mischwald und ein Trinkwasserschutzgebiet verhindern wollen. Sie k\u00fcndigen an, dass ihr Protest hier st\u00e4rker denn je sein wird.<\/p>\n\n\n\n<blockquote class=\"wp-block-quote is-layout-flow wp-block-quote-is-layout-flow\"><p>\u201eWir werden diesen Wald verteidigen, das haben wir vor \u00fcber einem Jahr gesagt und getan. Der heute (10. November) begonnene Angriff auf den Dannenr\u00f6der Wald zeigt uns einmal mehr, dass die Politik in der Klimafrage fundamental versagt. Deshalb sehen wir uns gezwungen, auch diesen Wald mit unseren K\u00f6rpern vor der unglaublichen Zerst\u00f6rungswut und der veralteten A49 zu sch\u00fctzen\u201c, so Nia aus der Waldbesetzung. \u201eWir werden den Kampf f\u00fcr eine klimagerechte Welt, f\u00fcr die \u00d6kosysteme hier im <br>Wald und f\u00fcr eine radikale Verkehrswende nicht aufgeben. Wir rufen alle auf, sich uns anzuschlie\u00dfen und gemeinsam diesen Wald zu verteidigen. Eines k\u00f6nnen wir versprechen: Ihr werdet euch an dieser R\u00e4umung die Z\u00e4hne ausbei\u00dfen!\u201c<\/p><\/blockquote>\n\n\n\n<p>Nach der gestrigen Pressekonferenz der Polizei ist zu erwarten, dass die R\u00e4umungen und Rodungen im Dannenr\u00f6der Wald sehr viel aufw\u00e4ndiger werden als die Eins\u00e4tze zuvor. Die Polizei spricht von rund 400 Barrikaden auf den Waldwegen. Diese sind teilweise bewohnt. Hinzu kommen zahlreiche Konstruktionen wie \u201eTripods\u201c, also dreibeinige Gestelle, auf denen sich Menschen positionieren, um die R\u00e4umung zu erschweren, sowie weitere Blockadestrukturen. Die R\u00e4umungen dieser Strukturen durch Spezialkr\u00e4fte sind aufw\u00e4ndig, weil Fehler lebensgef\u00e4hrlich werden k\u00f6nnen. Vor allem aber sind innerhalb eines Jahres mehr als hundert Plattformen und Baumh\u00e4user entstanden.<\/p>\n\n\n\n<p>\u201eWir sind unglaublich w\u00fctend! Der Bau der A49 ist Gewalt gegen Menschen, die jetzt schon wegen dem Klimawandel weltweit massenhaft auf der Flucht sind und ihre Lebensgrundlagen verlieren. <br>Auch waren die bisherigen F\u00e4llungen t\u00f6dliche Gewalt gegen die wundersch\u00f6nen B\u00e4ume und alle Lebewesen, die dort ihr Zuhause fanden\u201c, so ein Aktivist aus dem Barrio \u201eDr\u00fcben\u201c, in dem heute die Polizei den Einsatz begann. \u201eDiese ganzen Gewaltformen, die wir in Herri und Mauli <br>mitansehen mussten, sind jetzt auch im Danni geplant. Aber hier ist das Ganze noch viel pers\u00f6nlicher, weil wir hier wohnen und zu diesen B\u00e4umen und Orten eine pers\u00f6nliche Bindung aufgebaut haben. Gewalt ist der Normalzustand im faschistoid-patriarchalen Kapitalismus. F\u00fcr die  staatlichen und wirtschaftlichen Institutionen, die hier die Macht haben, sind konsequenter Umweltschutz und ernst gemeinte Nachhaltigkeit undenkbar: Die Sucht nach wirtschaftlichem Wachstum, Rendite und Macht werden immer vor den Bed\u00fcrfnissen von Menschen und anderen  Lebewesen kommen. Deshalb werden wir den Danni kompromisslos verteidigen!\u201c<\/p>\n\n\n\n<p>(Quelle: Pressemitteilung)<\/p>\n\n\n<p><!--more--><\/p>\n\n\n<div class=\"wp-block-image\"><figure class=\"alignleft size-large is-resized\"><img loading=\"lazy\" decoding=\"async\" src=\"https:\/\/www.umweltaktivisten.de\/wp-content\/uploads\/2017\/03\/Michael-Gaida-architecture-974210_1920-1024x768.jpg\" alt=\"\" class=\"wp-image-2043\" width=\"225\" height=\"168\" srcset=\"https:\/\/www.umweltaktivisten.de\/wp-content\/uploads\/2017\/03\/Michael-Gaida-architecture-974210_1920-1024x768.jpg 1024w, https:\/\/www.umweltaktivisten.de\/wp-content\/uploads\/2017\/03\/Michael-Gaida-architecture-974210_1920-300x225.jpg 300w, https:\/\/www.umweltaktivisten.de\/wp-content\/uploads\/2017\/03\/Michael-Gaida-architecture-974210_1920-768x576.jpg 768w, https:\/\/www.umweltaktivisten.de\/wp-content\/uploads\/2017\/03\/Michael-Gaida-architecture-974210_1920-150x113.jpg 150w, https:\/\/www.umweltaktivisten.de\/wp-content\/uploads\/2017\/03\/Michael-Gaida-architecture-974210_1920.jpg 1920w\" sizes=\"auto, (max-width: 225px) 100vw, 225px\" \/><figcaption>Bild: pixabay.com Michael Gaida<\/figcaption><\/figure><\/div>\n\n\n\n<p> &#8222;Gr\u00fcne Politik&#8220; im Jahr 2020 bedeutet Asphalt vor Wald? <\/p>\n\n\n\n<p>&#8230; siehe Tweet <a rel=\"noreferrer noopener\" aria-label=\"Torsten Felstehausen MdL Hessen  (\u00f6ffnet in neuem Tab)\" href=\"https:\/\/twitter.com\/TorstenFelsteha\/status\/1326816012210200577\/photo\/1\" target=\"_blank\">Torsten Felstehausen MdL Hessen <\/a><\/p>\n\n\n\n<p><strong>Hessischer Landtag Parlamentsdatenbank: Dringlicher Antrag von Fraktion der CDU; Fraktion B\u00fcndnis 90\/Die Gr\u00fcnen<\/strong><\/p>\n\n\n\n<p><strong>12.11.2020 Drucksache <a href=\"http:\/\/starweb.hessen.de\/cgi-bin\/webhltlinks.pl?form=\/webhlt_links.html&amp;typ=drs&amp;title=Drucksache&amp;nb=20\/4072\" target=\"_blank\" rel=\"noopener\">20\/4072<\/a><\/strong><\/p>\n\n\n<h5><a href=\"http:\/\/starweb.hessen.de\/starweb\/LIS\/servlet.starweb?path=LIS\/PdPi_FLMore20.web&amp;search=WP%3d20+and+R%3d10546\" target=\"_blank\" rel=\"noopener noreferrer\"><b>&#8222;Weiterbau der BAB 49: Ergebnis des rechtsstaatlichen Verfahrens respektieren&#8220;<\/b><\/a><\/h5>\n<p>\u00a0<\/p>\n\n\n<p><strong>Pressekonferenz des B\u00fcndnisses &#8222;Wald statt Asphalt&#8220; am 6. November 2020 vor der gerodeten Trasse der A49.<\/strong><\/p>\n\n\n\n<p><\/p>\n\n\n\n<figure class=\"wp-block-embed-youtube wp-block-embed is-type-video is-provider-youtube wp-embed-aspect-16-9 wp-has-aspect-ratio\"><div class=\"wp-block-embed__wrapper\">\n<iframe loading=\"lazy\" title=\"Pressekonferenz des B\u00fcndnisses WaldstattAsphalt am 6.11.2020 vor der gerodeten Trasse der A49.\" width=\"900\" height=\"506\" src=\"https:\/\/www.youtube.com\/embed\/FFfGGYCg1z8?feature=oembed\" frameborder=\"0\" allow=\"accelerometer; autoplay; clipboard-write; encrypted-media; gyroscope; picture-in-picture\" allowfullscreen><\/iframe>\n<\/div><\/figure>\n\n\n\n<p> <a href=\"https:\/\/www.youtube.com\/results?search_query=%23Herrenloswald\" target=\"_blank\" rel=\"noopener\">Herrenloswald<\/a><a href=\"https:\/\/www.youtube.com\/results?search_query=%23Danni0611\" target=\"_blank\" rel=\"noopener\">#Danni0611<\/a><a href=\"https:\/\/www.youtube.com\/results?search_query=%23WaldStattAsphalt\" target=\"_blank\" rel=\"noopener\">#WaldStattAsphalt<\/a>  <\/p>\n","protected":false},"excerpt":{"rendered":"<p>Der Konflikt um den Bau der A49 und die damit verbundenen Rodungen erreicht eine weitere Eskalationsstufe. Nachdem bereits ab dem ersten Oktober Rodungen im Herrenwald und folgend auch im Maulbacher Wald stattfanden, begann die Polizei heute (10. November) um 7.30 Uhr den Einsatz im Dannenr\u00f6der Wald, um auch dort f\u00fcr\u2026<\/p>\n<p class=\"continue-reading-button\"> <a class=\"continue-reading-link\" href=\"https:\/\/www.umweltaktivisten.de\/index.php\/2020\/11\/12\/polizei-grosseinsatz-im-dannenroeder-wald\/\">weiter &#8230;<i class=\"crycon-right-dir\"><\/i><\/a><\/p>\n","protected":false},"author":1,"featured_media":4563,"comment_status":"closed","ping_status":"closed","sticky":false,"template":"","format":"standard","meta":{"footnotes":""},"categories":[1],"tags":[],"class_list":["post-4561","post","type-post","status-publish","format-standard","has-post-thumbnail","hentry","category-allgemein"],"yoast_head":"<!-- This site is optimized with the Yoast SEO plugin v27.5 - https:\/\/yoast.com\/product\/yoast-seo-wordpress\/ -->\n<title>Polizei-Gro\u00dfeinsatz im Dannenr\u00f6der Wald - umweltaktivisten.de<\/title>\n<meta name=\"robots\" content=\"index, nofollow, max-snippet:-1, max-image-preview:large, max-video-preview:-1\" \/>\n<link rel=\"canonical\" href=\"https:\/\/www.umweltaktivisten.de\/index.php\/2020\/11\/12\/polizei-grosseinsatz-im-dannenroeder-wald\/\" \/>\n<meta property=\"og:locale\" content=\"de_DE\" \/>\n<meta property=\"og:type\" content=\"article\" \/>\n<meta property=\"og:title\" content=\"Polizei-Gro\u00dfeinsatz im Dannenr\u00f6der Wald - umweltaktivisten.de\" \/>\n<meta property=\"og:description\" content=\"Der Konflikt um den Bau der A49 und die damit verbundenen Rodungen erreicht eine weitere Eskalationsstufe. Nachdem bereits ab dem ersten Oktober Rodungen im Herrenwald und folgend auch im Maulbacher Wald stattfanden, begann die Polizei heute (10. November) um 7.30 Uhr den Einsatz im Dannenr\u00f6der Wald, um auch dort f\u00fcr\u2026 weiter ...\" \/>\n<meta property=\"og:url\" content=\"https:\/\/www.umweltaktivisten.de\/index.php\/2020\/11\/12\/polizei-grosseinsatz-im-dannenroeder-wald\/\" \/>\n<meta property=\"og:site_name\" content=\"umweltaktivisten.de\" \/>\n<meta property=\"article:published_time\" content=\"2020-11-12T10:14:24+00:00\" \/>\n<meta property=\"article:modified_time\" content=\"2020-11-12T11:14:46+00:00\" \/>\n<meta property=\"og:image\" content=\"https:\/\/www.umweltaktivisten.de\/wp-content\/uploads\/2020\/11\/w_wald-statt-asphalt-2.png\" \/>\n\t<meta property=\"og:image:width\" content=\"177\" \/>\n\t<meta property=\"og:image:height\" content=\"250\" \/>\n\t<meta property=\"og:image:type\" content=\"image\/png\" \/>\n<meta name=\"author\" content=\"marita\" \/>\n<meta name=\"twitter:card\" content=\"summary_large_image\" \/>\n<meta name=\"twitter:label1\" content=\"Verfasst von\" \/>\n\t<meta name=\"twitter:data1\" content=\"marita\" \/>\n\t<meta name=\"twitter:label2\" content=\"Gesch\u00e4tzte Lesezeit\" \/>\n\t<meta name=\"twitter:data2\" content=\"3\u00a0Minuten\" \/>\n<script type=\"application\/ld+json\" class=\"yoast-schema-graph\">{\"@context\":\"https:\\\/\\\/schema.org\",\"@graph\":[{\"@type\":\"Article\",\"@id\":\"https:\\\/\\\/www.umweltaktivisten.de\\\/index.php\\\/2020\\\/11\\\/12\\\/polizei-grosseinsatz-im-dannenroeder-wald\\\/#article\",\"isPartOf\":{\"@id\":\"https:\\\/\\\/www.umweltaktivisten.de\\\/index.php\\\/2020\\\/11\\\/12\\\/polizei-grosseinsatz-im-dannenroeder-wald\\\/\"},\"author\":{\"name\":\"marita\",\"@id\":\"https:\\\/\\\/www.umweltaktivisten.de\\\/#\\\/schema\\\/person\\\/af601319cc34a906612869cf3b4fd51a\"},\"headline\":\"Polizei-Gro\u00dfeinsatz im Dannenr\u00f6der Wald\",\"datePublished\":\"2020-11-12T10:14:24+00:00\",\"dateModified\":\"2020-11-12T11:14:46+00:00\",\"mainEntityOfPage\":{\"@id\":\"https:\\\/\\\/www.umweltaktivisten.de\\\/index.php\\\/2020\\\/11\\\/12\\\/polizei-grosseinsatz-im-dannenroeder-wald\\\/\"},\"wordCount\":598,\"image\":{\"@id\":\"https:\\\/\\\/www.umweltaktivisten.de\\\/index.php\\\/2020\\\/11\\\/12\\\/polizei-grosseinsatz-im-dannenroeder-wald\\\/#primaryimage\"},\"thumbnailUrl\":\"https:\\\/\\\/www.umweltaktivisten.de\\\/wp-content\\\/uploads\\\/2020\\\/11\\\/w_wald-statt-asphalt-2.png\",\"inLanguage\":\"de\"},{\"@type\":\"WebPage\",\"@id\":\"https:\\\/\\\/www.umweltaktivisten.de\\\/index.php\\\/2020\\\/11\\\/12\\\/polizei-grosseinsatz-im-dannenroeder-wald\\\/\",\"url\":\"https:\\\/\\\/www.umweltaktivisten.de\\\/index.php\\\/2020\\\/11\\\/12\\\/polizei-grosseinsatz-im-dannenroeder-wald\\\/\",\"name\":\"Polizei-Gro\u00dfeinsatz im Dannenr\u00f6der Wald - umweltaktivisten.de\",\"isPartOf\":{\"@id\":\"https:\\\/\\\/www.umweltaktivisten.de\\\/#website\"},\"primaryImageOfPage\":{\"@id\":\"https:\\\/\\\/www.umweltaktivisten.de\\\/index.php\\\/2020\\\/11\\\/12\\\/polizei-grosseinsatz-im-dannenroeder-wald\\\/#primaryimage\"},\"image\":{\"@id\":\"https:\\\/\\\/www.umweltaktivisten.de\\\/index.php\\\/2020\\\/11\\\/12\\\/polizei-grosseinsatz-im-dannenroeder-wald\\\/#primaryimage\"},\"thumbnailUrl\":\"https:\\\/\\\/www.umweltaktivisten.de\\\/wp-content\\\/uploads\\\/2020\\\/11\\\/w_wald-statt-asphalt-2.png\",\"datePublished\":\"2020-11-12T10:14:24+00:00\",\"dateModified\":\"2020-11-12T11:14:46+00:00\",\"author\":{\"@id\":\"https:\\\/\\\/www.umweltaktivisten.de\\\/#\\\/schema\\\/person\\\/af601319cc34a906612869cf3b4fd51a\"},\"breadcrumb\":{\"@id\":\"https:\\\/\\\/www.umweltaktivisten.de\\\/index.php\\\/2020\\\/11\\\/12\\\/polizei-grosseinsatz-im-dannenroeder-wald\\\/#breadcrumb\"},\"inLanguage\":\"de\",\"potentialAction\":[{\"@type\":\"ReadAction\",\"target\":[\"https:\\\/\\\/www.umweltaktivisten.de\\\/index.php\\\/2020\\\/11\\\/12\\\/polizei-grosseinsatz-im-dannenroeder-wald\\\/\"]}]},{\"@type\":\"ImageObject\",\"inLanguage\":\"de\",\"@id\":\"https:\\\/\\\/www.umweltaktivisten.de\\\/index.php\\\/2020\\\/11\\\/12\\\/polizei-grosseinsatz-im-dannenroeder-wald\\\/#primaryimage\",\"url\":\"https:\\\/\\\/www.umweltaktivisten.de\\\/wp-content\\\/uploads\\\/2020\\\/11\\\/w_wald-statt-asphalt-2.png\",\"contentUrl\":\"https:\\\/\\\/www.umweltaktivisten.de\\\/wp-content\\\/uploads\\\/2020\\\/11\\\/w_wald-statt-asphalt-2.png\",\"width\":177,\"height\":250},{\"@type\":\"BreadcrumbList\",\"@id\":\"https:\\\/\\\/www.umweltaktivisten.de\\\/index.php\\\/2020\\\/11\\\/12\\\/polizei-grosseinsatz-im-dannenroeder-wald\\\/#breadcrumb\",\"itemListElement\":[{\"@type\":\"ListItem\",\"position\":1,\"name\":\"Home\",\"item\":\"https:\\\/\\\/www.umweltaktivisten.de\\\/\"},{\"@type\":\"ListItem\",\"position\":2,\"name\":\"Polizei-Gro\u00dfeinsatz im Dannenr\u00f6der Wald\"}]},{\"@type\":\"WebSite\",\"@id\":\"https:\\\/\\\/www.umweltaktivisten.de\\\/#website\",\"url\":\"https:\\\/\\\/www.umweltaktivisten.de\\\/\",\"name\":\"umweltaktivisten.de\",\"description\":\"&quot;Wir haben die Erde nur von unseren Kindern geborgt&quot;\",\"potentialAction\":[{\"@type\":\"SearchAction\",\"target\":{\"@type\":\"EntryPoint\",\"urlTemplate\":\"https:\\\/\\\/www.umweltaktivisten.de\\\/?s={search_term_string}\"},\"query-input\":{\"@type\":\"PropertyValueSpecification\",\"valueRequired\":true,\"valueName\":\"search_term_string\"}}],\"inLanguage\":\"de\"},{\"@type\":\"Person\",\"@id\":\"https:\\\/\\\/www.umweltaktivisten.de\\\/#\\\/schema\\\/person\\\/af601319cc34a906612869cf3b4fd51a\",\"name\":\"marita\",\"url\":\"https:\\\/\\\/www.umweltaktivisten.de\\\/author\\\/marita\\\/\"}]}<\/script>\n<!-- \/ Yoast SEO plugin. -->","yoast_head_json":{"title":"Polizei-Gro\u00dfeinsatz im Dannenr\u00f6der Wald - umweltaktivisten.de","robots":{"index":"index","follow":"nofollow","max-snippet":"max-snippet:-1","max-image-preview":"max-image-preview:large","max-video-preview":"max-video-preview:-1"},"canonical":"https:\/\/www.umweltaktivisten.de\/index.php\/2020\/11\/12\/polizei-grosseinsatz-im-dannenroeder-wald\/","og_locale":"de_DE","og_type":"article","og_title":"Polizei-Gro\u00dfeinsatz im Dannenr\u00f6der Wald - umweltaktivisten.de","og_description":"Der Konflikt um den Bau der A49 und die damit verbundenen Rodungen erreicht eine weitere Eskalationsstufe. Nachdem bereits ab dem ersten Oktober Rodungen im Herrenwald und folgend auch im Maulbacher Wald stattfanden, begann die Polizei heute (10. November) um 7.30 Uhr den Einsatz im Dannenr\u00f6der Wald, um auch dort f\u00fcr\u2026 weiter ...","og_url":"https:\/\/www.umweltaktivisten.de\/index.php\/2020\/11\/12\/polizei-grosseinsatz-im-dannenroeder-wald\/","og_site_name":"umweltaktivisten.de","article_published_time":"2020-11-12T10:14:24+00:00","article_modified_time":"2020-11-12T11:14:46+00:00","og_image":[{"width":177,"height":250,"url":"https:\/\/www.umweltaktivisten.de\/wp-content\/uploads\/2020\/11\/w_wald-statt-asphalt-2.png","type":"image\/png"}],"author":"marita","twitter_card":"summary_large_image","twitter_misc":{"Verfasst von":"marita","Gesch\u00e4tzte Lesezeit":"3\u00a0Minuten"},"schema":{"@context":"https:\/\/schema.org","@graph":[{"@type":"Article","@id":"https:\/\/www.umweltaktivisten.de\/index.php\/2020\/11\/12\/polizei-grosseinsatz-im-dannenroeder-wald\/#article","isPartOf":{"@id":"https:\/\/www.umweltaktivisten.de\/index.php\/2020\/11\/12\/polizei-grosseinsatz-im-dannenroeder-wald\/"},"author":{"name":"marita","@id":"https:\/\/www.umweltaktivisten.de\/#\/schema\/person\/af601319cc34a906612869cf3b4fd51a"},"headline":"Polizei-Gro\u00dfeinsatz im Dannenr\u00f6der Wald","datePublished":"2020-11-12T10:14:24+00:00","dateModified":"2020-11-12T11:14:46+00:00","mainEntityOfPage":{"@id":"https:\/\/www.umweltaktivisten.de\/index.php\/2020\/11\/12\/polizei-grosseinsatz-im-dannenroeder-wald\/"},"wordCount":598,"image":{"@id":"https:\/\/www.umweltaktivisten.de\/index.php\/2020\/11\/12\/polizei-grosseinsatz-im-dannenroeder-wald\/#primaryimage"},"thumbnailUrl":"https:\/\/www.umweltaktivisten.de\/wp-content\/uploads\/2020\/11\/w_wald-statt-asphalt-2.png","inLanguage":"de"},{"@type":"WebPage","@id":"https:\/\/www.umweltaktivisten.de\/index.php\/2020\/11\/12\/polizei-grosseinsatz-im-dannenroeder-wald\/","url":"https:\/\/www.umweltaktivisten.de\/index.php\/2020\/11\/12\/polizei-grosseinsatz-im-dannenroeder-wald\/","name":"Polizei-Gro\u00dfeinsatz im Dannenr\u00f6der Wald - umweltaktivisten.de","isPartOf":{"@id":"https:\/\/www.umweltaktivisten.de\/#website"},"primaryImageOfPage":{"@id":"https:\/\/www.umweltaktivisten.de\/index.php\/2020\/11\/12\/polizei-grosseinsatz-im-dannenroeder-wald\/#primaryimage"},"image":{"@id":"https:\/\/www.umweltaktivisten.de\/index.php\/2020\/11\/12\/polizei-grosseinsatz-im-dannenroeder-wald\/#primaryimage"},"thumbnailUrl":"https:\/\/www.umweltaktivisten.de\/wp-content\/uploads\/2020\/11\/w_wald-statt-asphalt-2.png","datePublished":"2020-11-12T10:14:24+00:00","dateModified":"2020-11-12T11:14:46+00:00","author":{"@id":"https:\/\/www.umweltaktivisten.de\/#\/schema\/person\/af601319cc34a906612869cf3b4fd51a"},"breadcrumb":{"@id":"https:\/\/www.umweltaktivisten.de\/index.php\/2020\/11\/12\/polizei-grosseinsatz-im-dannenroeder-wald\/#breadcrumb"},"inLanguage":"de","potentialAction":[{"@type":"ReadAction","target":["https:\/\/www.umweltaktivisten.de\/index.php\/2020\/11\/12\/polizei-grosseinsatz-im-dannenroeder-wald\/"]}]},{"@type":"ImageObject","inLanguage":"de","@id":"https:\/\/www.umweltaktivisten.de\/index.php\/2020\/11\/12\/polizei-grosseinsatz-im-dannenroeder-wald\/#primaryimage","url":"https:\/\/www.umweltaktivisten.de\/wp-content\/uploads\/2020\/11\/w_wald-statt-asphalt-2.png","contentUrl":"https:\/\/www.umweltaktivisten.de\/wp-content\/uploads\/2020\/11\/w_wald-statt-asphalt-2.png","width":177,"height":250},{"@type":"BreadcrumbList","@id":"https:\/\/www.umweltaktivisten.de\/index.php\/2020\/11\/12\/polizei-grosseinsatz-im-dannenroeder-wald\/#breadcrumb","itemListElement":[{"@type":"ListItem","position":1,"name":"Home","item":"https:\/\/www.umweltaktivisten.de\/"},{"@type":"ListItem","position":2,"name":"Polizei-Gro\u00dfeinsatz im Dannenr\u00f6der Wald"}]},{"@type":"WebSite","@id":"https:\/\/www.umweltaktivisten.de\/#website","url":"https:\/\/www.umweltaktivisten.de\/","name":"umweltaktivisten.de","description":"&quot;Wir haben die Erde nur von unseren Kindern geborgt&quot;","potentialAction":[{"@type":"SearchAction","target":{"@type":"EntryPoint","urlTemplate":"https:\/\/www.umweltaktivisten.de\/?s={search_term_string}"},"query-input":{"@type":"PropertyValueSpecification","valueRequired":true,"valueName":"search_term_string"}}],"inLanguage":"de"},{"@type":"Person","@id":"https:\/\/www.umweltaktivisten.de\/#\/schema\/person\/af601319cc34a906612869cf3b4fd51a","name":"marita","url":"https:\/\/www.umweltaktivisten.de\/author\/marita\/"}]}},"_links":{"self":[{"href":"https:\/\/www.umweltaktivisten.de\/index.php\/wp-json\/wp\/v2\/posts\/4561","targetHints":{"allow":["GET"]}}],"collection":[{"href":"https:\/\/www.umweltaktivisten.de\/index.php\/wp-json\/wp\/v2\/posts"}],"about":[{"href":"https:\/\/www.umweltaktivisten.de\/index.php\/wp-json\/wp\/v2\/types\/post"}],"author":[{"embeddable":true,"href":"https:\/\/www.umweltaktivisten.de\/index.php\/wp-json\/wp\/v2\/users\/1"}],"replies":[{"embeddable":true,"href":"https:\/\/www.umweltaktivisten.de\/index.php\/wp-json\/wp\/v2\/comments?post=4561"}],"version-history":[{"count":12,"href":"https:\/\/www.umweltaktivisten.de\/index.php\/wp-json\/wp\/v2\/posts\/4561\/revisions"}],"predecessor-version":[{"id":4584,"href":"https:\/\/www.umweltaktivisten.de\/index.php\/wp-json\/wp\/v2\/posts\/4561\/revisions\/4584"}],"wp:featuredmedia":[{"embeddable":true,"href":"https:\/\/www.umweltaktivisten.de\/index.php\/wp-json\/wp\/v2\/media\/4563"}],"wp:attachment":[{"href":"https:\/\/www.umweltaktivisten.de\/index.php\/wp-json\/wp\/v2\/media?parent=4561"}],"wp:term":[{"taxonomy":"category","embeddable":true,"href":"https:\/\/www.umweltaktivisten.de\/index.php\/wp-json\/wp\/v2\/categories?post=4561"},{"taxonomy":"post_tag","embeddable":true,"href":"https:\/\/www.umweltaktivisten.de\/index.php\/wp-json\/wp\/v2\/tags?post=4561"}],"curies":[{"name":"wp","href":"https:\/\/api.w.org\/{rel}","templated":true}]}}