{"id":4465,"date":"2020-10-13T19:06:00","date_gmt":"2020-10-13T17:06:00","guid":{"rendered":"http:\/\/www.umweltaktivisten.de\/?p=4465"},"modified":"2020-10-16T20:25:02","modified_gmt":"2020-10-16T18:25:02","slug":"auffahrunfall-auf-der-a3-bei-idstein","status":"publish","type":"post","link":"https:\/\/www.umweltaktivisten.de\/index.php\/2020\/10\/13\/auffahrunfall-auf-der-a3-bei-idstein\/","title":{"rendered":"Auffahrunfall auf der A3  bei Idstein"},"content":{"rendered":"\n<p><strong>Pressestatement zum Auffahrunfall auf der A3<\/strong><\/p>\n\n\n\n<figure class=\"wp-block-image size-large\"><img loading=\"lazy\" decoding=\"async\" width=\"940\" height=\"198\" src=\"https:\/\/www.umweltaktivisten.de\/wp-content\/uploads\/2020\/10\/cropped-banner.png\" alt=\"\" class=\"wp-image-4466\" srcset=\"https:\/\/www.umweltaktivisten.de\/wp-content\/uploads\/2020\/10\/cropped-banner.png 940w, https:\/\/www.umweltaktivisten.de\/wp-content\/uploads\/2020\/10\/cropped-banner-300x63.png 300w, https:\/\/www.umweltaktivisten.de\/wp-content\/uploads\/2020\/10\/cropped-banner-768x162.png 768w, https:\/\/www.umweltaktivisten.de\/wp-content\/uploads\/2020\/10\/cropped-banner-150x32.png 150w\" sizes=\"auto, (max-width: 940px) 100vw, 940px\" \/><figcaption> <a href=\"https:\/\/waldstattasphalt.blackblogs.org\/\" target=\"_blank\" rel=\"noopener\">Wald statt Asphalt<\/a> <\/figcaption><\/figure>\n\n\n\n<p>Dannenrod, 13.10.20<br>Es kam heute auf der A3 zu einem Auffahrunfall. Dabei wurde nach  unseren Informationen eine Person schwer verletzt.<br> Es ist schrecklich, dass es zu dieser Trag\u00f6die gekommen ist. Wir f\u00fchlen mit den Angeh\u00f6rigen und hoffen, dass die verunfallte Person sich gut erholt. Jeder Verkehrsunfall ist ein Schicksalsschlag, der gerade durch seine unerwartete Pl\u00f6tzlichkeit die Betroffenen tief ersch\u00fcttern kann. <br>Unsere Gedanken sind bei allen, die durch dieses Ungl\u00fcck in Mitleidenschaft gezogen werden.<br>Die Polizei bringt den Auffahrunfall in Zusammenhang mit einer  Abseilblockade \u00fcber der A3, mit der Aktivist*innen gegen die Rodungen f\u00fcr den Bau der umstrittenen A49 protestieren wollten.<br>Wir finden es geschmacklos, dass die Polizei schon innerhalb einer Viertelstunde nach dem Unfall \u00fcber Twitter Anschuldigungen ge\u00e4u\u00dfert hat, w\u00e4hrend Auffahrunf\u00e4lle bei Autobahnstaus ansonsten als trauriger Alltag   akzeptiert werden.<br>Auf diese Anschuldigungen heute schon einzugehen, w\u00fcrde der Trag\u00f6die  nicht gerecht werden. Heute wollen wir den Angeh\u00f6rigen die Ruhe lassen, mit diesem Schock umzugehen.<\/p>\n\n\n\n<p>Quelle: <a rel=\"noreferrer noopener\" aria-label=\" (\u00f6ffnet in neuem Tab)\" href=\"https:\/\/waldstattasphalt.blackblogs.org\/\" target=\"_blank\">&#8222;Wald statt Asphalt&#8220; <\/a><\/p>\n\n\n\n<p><\/p>\n\n\n\n<p><\/p>\n\n\n\n<p><\/p>\n","protected":false},"excerpt":{"rendered":"<p>Pressestatement zum Auffahrunfall auf der A3 Dannenrod, 13.10.20Es kam heute auf der A3 zu einem Auffahrunfall. Dabei wurde nach unseren Informationen eine Person schwer verletzt. Es ist schrecklich, dass es zu dieser Trag\u00f6die gekommen ist. Wir f\u00fchlen mit den Angeh\u00f6rigen und hoffen, dass die verunfallte Person sich gut erholt. Jeder\u2026<\/p>\n<p class=\"continue-reading-button\"> <a class=\"continue-reading-link\" href=\"https:\/\/www.umweltaktivisten.de\/index.php\/2020\/10\/13\/auffahrunfall-auf-der-a3-bei-idstein\/\">weiter &#8230;<i class=\"crycon-right-dir\"><\/i><\/a><\/p>\n","protected":false},"author":1,"featured_media":4468,"comment_status":"closed","ping_status":"closed","sticky":false,"template":"","format":"standard","meta":{"footnotes":""},"categories":[1,32],"tags":[],"class_list":["post-4465","post","type-post","status-publish","format-standard","has-post-thumbnail","hentry","category-allgemein","category-landtag"],"yoast_head":"<!-- This site is optimized with the Yoast SEO plugin v27.5 - https:\/\/yoast.com\/product\/yoast-seo-wordpress\/ -->\n<title>Auffahrunfall auf der A3 bei Idstein - umweltaktivisten.de<\/title>\n<meta name=\"robots\" content=\"index, nofollow, max-snippet:-1, max-image-preview:large, max-video-preview:-1\" \/>\n<link rel=\"canonical\" href=\"https:\/\/www.umweltaktivisten.de\/index.php\/2020\/10\/13\/auffahrunfall-auf-der-a3-bei-idstein\/\" \/>\n<meta property=\"og:locale\" content=\"de_DE\" \/>\n<meta property=\"og:type\" content=\"article\" \/>\n<meta property=\"og:title\" content=\"Auffahrunfall auf der A3 bei Idstein - umweltaktivisten.de\" \/>\n<meta property=\"og:description\" content=\"Pressestatement zum Auffahrunfall auf der A3 Dannenrod, 13.10.20Es kam heute auf der A3 zu einem Auffahrunfall. Dabei wurde nach unseren Informationen eine Person schwer verletzt. Es ist schrecklich, dass es zu dieser Trag\u00f6die gekommen ist. Wir f\u00fchlen mit den Angeh\u00f6rigen und hoffen, dass die verunfallte Person sich gut erholt. Jeder\u2026 weiter ...\" \/>\n<meta property=\"og:url\" content=\"https:\/\/www.umweltaktivisten.de\/index.php\/2020\/10\/13\/auffahrunfall-auf-der-a3-bei-idstein\/\" \/>\n<meta property=\"og:site_name\" content=\"umweltaktivisten.de\" \/>\n<meta property=\"article:published_time\" content=\"2020-10-13T17:06:00+00:00\" \/>\n<meta property=\"article:modified_time\" content=\"2020-10-16T18:25:02+00:00\" \/>\n<meta property=\"og:image\" content=\"https:\/\/www.umweltaktivisten.de\/wp-content\/uploads\/2020\/10\/cropped-banner-2.png\" \/>\n\t<meta property=\"og:image:width\" content=\"142\" \/>\n\t<meta property=\"og:image:height\" content=\"191\" \/>\n\t<meta property=\"og:image:type\" content=\"image\/png\" \/>\n<meta name=\"author\" content=\"marita\" \/>\n<meta name=\"twitter:card\" content=\"summary_large_image\" \/>\n<meta name=\"twitter:label1\" content=\"Verfasst von\" \/>\n\t<meta name=\"twitter:data1\" content=\"marita\" \/>\n\t<meta name=\"twitter:label2\" content=\"Gesch\u00e4tzte Lesezeit\" \/>\n\t<meta name=\"twitter:data2\" content=\"1\u00a0Minute\" \/>\n<script type=\"application\/ld+json\" class=\"yoast-schema-graph\">{\"@context\":\"https:\\\/\\\/schema.org\",\"@graph\":[{\"@type\":\"Article\",\"@id\":\"https:\\\/\\\/www.umweltaktivisten.de\\\/index.php\\\/2020\\\/10\\\/13\\\/auffahrunfall-auf-der-a3-bei-idstein\\\/#article\",\"isPartOf\":{\"@id\":\"https:\\\/\\\/www.umweltaktivisten.de\\\/index.php\\\/2020\\\/10\\\/13\\\/auffahrunfall-auf-der-a3-bei-idstein\\\/\"},\"author\":{\"name\":\"marita\",\"@id\":\"https:\\\/\\\/www.umweltaktivisten.de\\\/#\\\/schema\\\/person\\\/af601319cc34a906612869cf3b4fd51a\"},\"headline\":\"Auffahrunfall auf der A3 bei Idstein\",\"datePublished\":\"2020-10-13T17:06:00+00:00\",\"dateModified\":\"2020-10-16T18:25:02+00:00\",\"mainEntityOfPage\":{\"@id\":\"https:\\\/\\\/www.umweltaktivisten.de\\\/index.php\\\/2020\\\/10\\\/13\\\/auffahrunfall-auf-der-a3-bei-idstein\\\/\"},\"wordCount\":186,\"image\":{\"@id\":\"https:\\\/\\\/www.umweltaktivisten.de\\\/index.php\\\/2020\\\/10\\\/13\\\/auffahrunfall-auf-der-a3-bei-idstein\\\/#primaryimage\"},\"thumbnailUrl\":\"https:\\\/\\\/www.umweltaktivisten.de\\\/wp-content\\\/uploads\\\/2020\\\/10\\\/cropped-banner-2.png\",\"articleSection\":{\"1\":\"Landtag\"},\"inLanguage\":\"de\"},{\"@type\":\"WebPage\",\"@id\":\"https:\\\/\\\/www.umweltaktivisten.de\\\/index.php\\\/2020\\\/10\\\/13\\\/auffahrunfall-auf-der-a3-bei-idstein\\\/\",\"url\":\"https:\\\/\\\/www.umweltaktivisten.de\\\/index.php\\\/2020\\\/10\\\/13\\\/auffahrunfall-auf-der-a3-bei-idstein\\\/\",\"name\":\"Auffahrunfall auf der A3 bei Idstein - umweltaktivisten.de\",\"isPartOf\":{\"@id\":\"https:\\\/\\\/www.umweltaktivisten.de\\\/#website\"},\"primaryImageOfPage\":{\"@id\":\"https:\\\/\\\/www.umweltaktivisten.de\\\/index.php\\\/2020\\\/10\\\/13\\\/auffahrunfall-auf-der-a3-bei-idstein\\\/#primaryimage\"},\"image\":{\"@id\":\"https:\\\/\\\/www.umweltaktivisten.de\\\/index.php\\\/2020\\\/10\\\/13\\\/auffahrunfall-auf-der-a3-bei-idstein\\\/#primaryimage\"},\"thumbnailUrl\":\"https:\\\/\\\/www.umweltaktivisten.de\\\/wp-content\\\/uploads\\\/2020\\\/10\\\/cropped-banner-2.png\",\"datePublished\":\"2020-10-13T17:06:00+00:00\",\"dateModified\":\"2020-10-16T18:25:02+00:00\",\"author\":{\"@id\":\"https:\\\/\\\/www.umweltaktivisten.de\\\/#\\\/schema\\\/person\\\/af601319cc34a906612869cf3b4fd51a\"},\"breadcrumb\":{\"@id\":\"https:\\\/\\\/www.umweltaktivisten.de\\\/index.php\\\/2020\\\/10\\\/13\\\/auffahrunfall-auf-der-a3-bei-idstein\\\/#breadcrumb\"},\"inLanguage\":\"de\",\"potentialAction\":[{\"@type\":\"ReadAction\",\"target\":[\"https:\\\/\\\/www.umweltaktivisten.de\\\/index.php\\\/2020\\\/10\\\/13\\\/auffahrunfall-auf-der-a3-bei-idstein\\\/\"]}]},{\"@type\":\"ImageObject\",\"inLanguage\":\"de\",\"@id\":\"https:\\\/\\\/www.umweltaktivisten.de\\\/index.php\\\/2020\\\/10\\\/13\\\/auffahrunfall-auf-der-a3-bei-idstein\\\/#primaryimage\",\"url\":\"https:\\\/\\\/www.umweltaktivisten.de\\\/wp-content\\\/uploads\\\/2020\\\/10\\\/cropped-banner-2.png\",\"contentUrl\":\"https:\\\/\\\/www.umweltaktivisten.de\\\/wp-content\\\/uploads\\\/2020\\\/10\\\/cropped-banner-2.png\",\"width\":142,\"height\":191,\"caption\":\"Bildquelle: Wald statt Asphalt\"},{\"@type\":\"BreadcrumbList\",\"@id\":\"https:\\\/\\\/www.umweltaktivisten.de\\\/index.php\\\/2020\\\/10\\\/13\\\/auffahrunfall-auf-der-a3-bei-idstein\\\/#breadcrumb\",\"itemListElement\":[{\"@type\":\"ListItem\",\"position\":1,\"name\":\"Home\",\"item\":\"https:\\\/\\\/www.umweltaktivisten.de\\\/\"},{\"@type\":\"ListItem\",\"position\":2,\"name\":\"Auffahrunfall auf der A3 bei Idstein\"}]},{\"@type\":\"WebSite\",\"@id\":\"https:\\\/\\\/www.umweltaktivisten.de\\\/#website\",\"url\":\"https:\\\/\\\/www.umweltaktivisten.de\\\/\",\"name\":\"umweltaktivisten.de\",\"description\":\"&quot;Wir haben die Erde nur von unseren Kindern geborgt&quot;\",\"potentialAction\":[{\"@type\":\"SearchAction\",\"target\":{\"@type\":\"EntryPoint\",\"urlTemplate\":\"https:\\\/\\\/www.umweltaktivisten.de\\\/?s={search_term_string}\"},\"query-input\":{\"@type\":\"PropertyValueSpecification\",\"valueRequired\":true,\"valueName\":\"search_term_string\"}}],\"inLanguage\":\"de\"},{\"@type\":\"Person\",\"@id\":\"https:\\\/\\\/www.umweltaktivisten.de\\\/#\\\/schema\\\/person\\\/af601319cc34a906612869cf3b4fd51a\",\"name\":\"marita\",\"url\":\"https:\\\/\\\/www.umweltaktivisten.de\\\/author\\\/marita\\\/\"}]}<\/script>\n<!-- \/ Yoast SEO plugin. -->","yoast_head_json":{"title":"Auffahrunfall auf der A3 bei Idstein - umweltaktivisten.de","robots":{"index":"index","follow":"nofollow","max-snippet":"max-snippet:-1","max-image-preview":"max-image-preview:large","max-video-preview":"max-video-preview:-1"},"canonical":"https:\/\/www.umweltaktivisten.de\/index.php\/2020\/10\/13\/auffahrunfall-auf-der-a3-bei-idstein\/","og_locale":"de_DE","og_type":"article","og_title":"Auffahrunfall auf der A3 bei Idstein - umweltaktivisten.de","og_description":"Pressestatement zum Auffahrunfall auf der A3 Dannenrod, 13.10.20Es kam heute auf der A3 zu einem Auffahrunfall. Dabei wurde nach unseren Informationen eine Person schwer verletzt. Es ist schrecklich, dass es zu dieser Trag\u00f6die gekommen ist. Wir f\u00fchlen mit den Angeh\u00f6rigen und hoffen, dass die verunfallte Person sich gut erholt. Jeder\u2026 weiter ...","og_url":"https:\/\/www.umweltaktivisten.de\/index.php\/2020\/10\/13\/auffahrunfall-auf-der-a3-bei-idstein\/","og_site_name":"umweltaktivisten.de","article_published_time":"2020-10-13T17:06:00+00:00","article_modified_time":"2020-10-16T18:25:02+00:00","og_image":[{"width":142,"height":191,"url":"https:\/\/www.umweltaktivisten.de\/wp-content\/uploads\/2020\/10\/cropped-banner-2.png","type":"image\/png"}],"author":"marita","twitter_card":"summary_large_image","twitter_misc":{"Verfasst von":"marita","Gesch\u00e4tzte Lesezeit":"1\u00a0Minute"},"schema":{"@context":"https:\/\/schema.org","@graph":[{"@type":"Article","@id":"https:\/\/www.umweltaktivisten.de\/index.php\/2020\/10\/13\/auffahrunfall-auf-der-a3-bei-idstein\/#article","isPartOf":{"@id":"https:\/\/www.umweltaktivisten.de\/index.php\/2020\/10\/13\/auffahrunfall-auf-der-a3-bei-idstein\/"},"author":{"name":"marita","@id":"https:\/\/www.umweltaktivisten.de\/#\/schema\/person\/af601319cc34a906612869cf3b4fd51a"},"headline":"Auffahrunfall auf der A3 bei Idstein","datePublished":"2020-10-13T17:06:00+00:00","dateModified":"2020-10-16T18:25:02+00:00","mainEntityOfPage":{"@id":"https:\/\/www.umweltaktivisten.de\/index.php\/2020\/10\/13\/auffahrunfall-auf-der-a3-bei-idstein\/"},"wordCount":186,"image":{"@id":"https:\/\/www.umweltaktivisten.de\/index.php\/2020\/10\/13\/auffahrunfall-auf-der-a3-bei-idstein\/#primaryimage"},"thumbnailUrl":"https:\/\/www.umweltaktivisten.de\/wp-content\/uploads\/2020\/10\/cropped-banner-2.png","articleSection":{"1":"Landtag"},"inLanguage":"de"},{"@type":"WebPage","@id":"https:\/\/www.umweltaktivisten.de\/index.php\/2020\/10\/13\/auffahrunfall-auf-der-a3-bei-idstein\/","url":"https:\/\/www.umweltaktivisten.de\/index.php\/2020\/10\/13\/auffahrunfall-auf-der-a3-bei-idstein\/","name":"Auffahrunfall auf der A3 bei Idstein - umweltaktivisten.de","isPartOf":{"@id":"https:\/\/www.umweltaktivisten.de\/#website"},"primaryImageOfPage":{"@id":"https:\/\/www.umweltaktivisten.de\/index.php\/2020\/10\/13\/auffahrunfall-auf-der-a3-bei-idstein\/#primaryimage"},"image":{"@id":"https:\/\/www.umweltaktivisten.de\/index.php\/2020\/10\/13\/auffahrunfall-auf-der-a3-bei-idstein\/#primaryimage"},"thumbnailUrl":"https:\/\/www.umweltaktivisten.de\/wp-content\/uploads\/2020\/10\/cropped-banner-2.png","datePublished":"2020-10-13T17:06:00+00:00","dateModified":"2020-10-16T18:25:02+00:00","author":{"@id":"https:\/\/www.umweltaktivisten.de\/#\/schema\/person\/af601319cc34a906612869cf3b4fd51a"},"breadcrumb":{"@id":"https:\/\/www.umweltaktivisten.de\/index.php\/2020\/10\/13\/auffahrunfall-auf-der-a3-bei-idstein\/#breadcrumb"},"inLanguage":"de","potentialAction":[{"@type":"ReadAction","target":["https:\/\/www.umweltaktivisten.de\/index.php\/2020\/10\/13\/auffahrunfall-auf-der-a3-bei-idstein\/"]}]},{"@type":"ImageObject","inLanguage":"de","@id":"https:\/\/www.umweltaktivisten.de\/index.php\/2020\/10\/13\/auffahrunfall-auf-der-a3-bei-idstein\/#primaryimage","url":"https:\/\/www.umweltaktivisten.de\/wp-content\/uploads\/2020\/10\/cropped-banner-2.png","contentUrl":"https:\/\/www.umweltaktivisten.de\/wp-content\/uploads\/2020\/10\/cropped-banner-2.png","width":142,"height":191,"caption":"Bildquelle: Wald statt Asphalt"},{"@type":"BreadcrumbList","@id":"https:\/\/www.umweltaktivisten.de\/index.php\/2020\/10\/13\/auffahrunfall-auf-der-a3-bei-idstein\/#breadcrumb","itemListElement":[{"@type":"ListItem","position":1,"name":"Home","item":"https:\/\/www.umweltaktivisten.de\/"},{"@type":"ListItem","position":2,"name":"Auffahrunfall auf der A3 bei Idstein"}]},{"@type":"WebSite","@id":"https:\/\/www.umweltaktivisten.de\/#website","url":"https:\/\/www.umweltaktivisten.de\/","name":"umweltaktivisten.de","description":"&quot;Wir haben die Erde nur von unseren Kindern geborgt&quot;","potentialAction":[{"@type":"SearchAction","target":{"@type":"EntryPoint","urlTemplate":"https:\/\/www.umweltaktivisten.de\/?s={search_term_string}"},"query-input":{"@type":"PropertyValueSpecification","valueRequired":true,"valueName":"search_term_string"}}],"inLanguage":"de"},{"@type":"Person","@id":"https:\/\/www.umweltaktivisten.de\/#\/schema\/person\/af601319cc34a906612869cf3b4fd51a","name":"marita","url":"https:\/\/www.umweltaktivisten.de\/author\/marita\/"}]}},"_links":{"self":[{"href":"https:\/\/www.umweltaktivisten.de\/index.php\/wp-json\/wp\/v2\/posts\/4465","targetHints":{"allow":["GET"]}}],"collection":[{"href":"https:\/\/www.umweltaktivisten.de\/index.php\/wp-json\/wp\/v2\/posts"}],"about":[{"href":"https:\/\/www.umweltaktivisten.de\/index.php\/wp-json\/wp\/v2\/types\/post"}],"author":[{"embeddable":true,"href":"https:\/\/www.umweltaktivisten.de\/index.php\/wp-json\/wp\/v2\/users\/1"}],"replies":[{"embeddable":true,"href":"https:\/\/www.umweltaktivisten.de\/index.php\/wp-json\/wp\/v2\/comments?post=4465"}],"version-history":[{"count":3,"href":"https:\/\/www.umweltaktivisten.de\/index.php\/wp-json\/wp\/v2\/posts\/4465\/revisions"}],"predecessor-version":[{"id":4470,"href":"https:\/\/www.umweltaktivisten.de\/index.php\/wp-json\/wp\/v2\/posts\/4465\/revisions\/4470"}],"wp:featuredmedia":[{"embeddable":true,"href":"https:\/\/www.umweltaktivisten.de\/index.php\/wp-json\/wp\/v2\/media\/4468"}],"wp:attachment":[{"href":"https:\/\/www.umweltaktivisten.de\/index.php\/wp-json\/wp\/v2\/media?parent=4465"}],"wp:term":[{"taxonomy":"category","embeddable":true,"href":"https:\/\/www.umweltaktivisten.de\/index.php\/wp-json\/wp\/v2\/categories?post=4465"},{"taxonomy":"post_tag","embeddable":true,"href":"https:\/\/www.umweltaktivisten.de\/index.php\/wp-json\/wp\/v2\/tags?post=4465"}],"curies":[{"name":"wp","href":"https:\/\/api.w.org\/{rel}","templated":true}]}}