{"id":4314,"date":"2020-07-13T14:14:00","date_gmt":"2020-07-13T12:14:00","guid":{"rendered":"http:\/\/www.umweltaktivisten.de\/?p=4314"},"modified":"2020-07-15T14:22:32","modified_gmt":"2020-07-15T12:22:32","slug":"anfragen-katastropenschutz-bei-urantransporten","status":"publish","type":"post","link":"https:\/\/www.umweltaktivisten.de\/index.php\/2020\/07\/13\/anfragen-katastropenschutz-bei-urantransporten\/","title":{"rendered":"Anfragen: Katastropenschutz bei Urantransporten"},"content":{"rendered":"<div id=\"attachment_3871\" style=\"width: 970px\" class=\"wp-caption alignleft\"><img loading=\"lazy\" decoding=\"async\" aria-describedby=\"caption-attachment-3871\" class=\"size-full wp-image-3871\" src=\"https:\/\/www.umweltaktivisten.de\/wp-content\/uploads\/2019\/12\/Zug.jpg\" alt=\"\" width=\"960\" height=\"720\" srcset=\"https:\/\/www.umweltaktivisten.de\/wp-content\/uploads\/2019\/12\/Zug.jpg 960w, https:\/\/www.umweltaktivisten.de\/wp-content\/uploads\/2019\/12\/Zug-300x225.jpg 300w, https:\/\/www.umweltaktivisten.de\/wp-content\/uploads\/2019\/12\/Zug-768x576.jpg 768w, https:\/\/www.umweltaktivisten.de\/wp-content\/uploads\/2019\/12\/Zug-150x113.jpg 150w\" sizes=\"auto, (max-width: 960px) 100vw, 960px\" \/><p id=\"caption-attachment-3871\" class=\"wp-caption-text\">Foto: BBU<\/p><\/div>\n<p><!--StartFragment--><\/p>\n\n\n<p><\/p>\n\n\n\n<h5 class=\"wp-block-heading\">Anfragen an die Landr\u00e4te der Kreise Borken und Steinfurt zum Katastrophenschutz bei Urantransporten <\/h5>\n\n\n\n<p><\/p>\n\n\n\n<p><strong>Unter Protest hat am Donnerstag (9.7.2020) wieder ein Sonderzug mit Uranm\u00fcll die Urananreicherungsanlage in Gronau (Kreis Borken) verlassen. Der Zug durchquerte zun\u00e4chst den Kreis Steinfurt und fuhr dann von M\u00fcnster weiter Richtung Amsterdam. Von dort soll der Uranm\u00fcll mit einem Schiff nach Russland verbracht werden. Im April hatte sich die Stadt M\u00fcnster zum Schutz der Bev\u00f6lkerung mit Nachdruck gegen derartige Atomtransporte ausgesprochen.<\/strong><\/p>\n\n\n\n<p>Jetzt hat sich das Gronauer Ratsmitglied Udo Buchholz mit zehn Fragen an die f\u00fcr den Katastrophenschutz zust\u00e4ndigen Landr\u00e4te der Kreise Borken und Steinfurt, Dr. Zwicker und Dr. Effing, gewandt. Udo Buchholz vertritt im Rat der Stadt Gronau die parteiunabh\u00e4ngige Gr\u00fcn Alternative Liste (GAL) Gronau; er wohnt im Nahbereich der Urananreicherungsanlage.<\/p>\n\n\n\n<p>In seinen Fragen an die Landr\u00e4te erkundigt sich Buchholz danach, ob die Landr\u00e4te und Hilfskr\u00e4fte wie Feuerwehren, THW oder DRK vorab \u00fcber den Uranm\u00fclltransport informiert waren, welche L\u00f6schmittel in welchen Mengen f\u00fcr den m\u00f6glichen Brandfall in den Kreisen vorr\u00e4tig sind und ob die Landr\u00e4te die Stadt M\u00fcnster in deren Ablehnung der gef\u00e4hrlichen Atomtransporte unterst\u00fctzt. <\/p>\n\n\n\n<p>Udo Buchholz hofft, dass er trotz der Ferienzeit zeitnah Antworten der Landr\u00e4te bekommt. <\/p>\n\n\n\n<p>Die Gr\u00fcn Alternative Liste (GAL) Gronau lehnt die umstrittenen Uranm\u00fclltransporte von Gronau nach Russland generell ab und Mitglieder der GAL beteiligen sich immer wieder an Protestaktionen. Die GAL Gronau hatte 2019 von NRW-Wirtschaftsminister Pinkwart in Erfahrung gebracht, dass wieder Uranm\u00fcll von Gronau nach Russland transportiert wird. Grundlegend fordert die GAL Gronau die sofortige Stilllegung der Gronauer Urananreicherungsanlage, damit in ihr nicht immer weiter Uranm\u00fcll produziert wird, f\u00fcr den es keine sichere Entsorgungsm\u00f6glichkeit gibt. <\/p>\n\n\n\n<p>Quelle: Pressemitteilung Udo Buchholz<\/p>\n\n\n<p><!--EndFragment--><\/p>","protected":false},"excerpt":{"rendered":"<p>Anfragen an die Landr\u00e4te der Kreise Borken und Steinfurt zum Katastrophenschutz bei Urantransporten Unter Protest hat am Donnerstag (9.7.2020) wieder ein Sonderzug mit Uranm\u00fcll die Urananreicherungsanlage in Gronau (Kreis Borken) verlassen. Der Zug durchquerte zun\u00e4chst den Kreis Steinfurt und fuhr dann von M\u00fcnster weiter Richtung Amsterdam. Von dort soll der\u2026<\/p>\n<p class=\"continue-reading-button\"> <a class=\"continue-reading-link\" href=\"https:\/\/www.umweltaktivisten.de\/index.php\/2020\/07\/13\/anfragen-katastropenschutz-bei-urantransporten\/\">weiter &#8230;<i class=\"crycon-right-dir\"><\/i><\/a><\/p>\n","protected":false},"author":1,"featured_media":3865,"comment_status":"closed","ping_status":"closed","sticky":false,"template":"","format":"standard","meta":{"footnotes":""},"categories":[1],"tags":[],"class_list":["post-4314","post","type-post","status-publish","format-standard","has-post-thumbnail","hentry","category-allgemein"],"yoast_head":"<!-- This site is optimized with the Yoast SEO plugin v27.5 - https:\/\/yoast.com\/product\/yoast-seo-wordpress\/ -->\n<title>Anfragen: Katastropenschutz bei Urantransporten - umweltaktivisten.de<\/title>\n<meta name=\"robots\" content=\"index, nofollow, max-snippet:-1, max-image-preview:large, max-video-preview:-1\" \/>\n<link rel=\"canonical\" href=\"https:\/\/www.umweltaktivisten.de\/index.php\/2020\/07\/13\/anfragen-katastropenschutz-bei-urantransporten\/\" \/>\n<meta property=\"og:locale\" content=\"de_DE\" \/>\n<meta property=\"og:type\" content=\"article\" \/>\n<meta property=\"og:title\" content=\"Anfragen: Katastropenschutz bei Urantransporten - umweltaktivisten.de\" \/>\n<meta property=\"og:description\" content=\"Anfragen an die Landr\u00e4te der Kreise Borken und Steinfurt zum Katastrophenschutz bei Urantransporten Unter Protest hat am Donnerstag (9.7.2020) wieder ein Sonderzug mit Uranm\u00fcll die Urananreicherungsanlage in Gronau (Kreis Borken) verlassen. Der Zug durchquerte zun\u00e4chst den Kreis Steinfurt und fuhr dann von M\u00fcnster weiter Richtung Amsterdam. Von dort soll der\u2026 weiter ...\" \/>\n<meta property=\"og:url\" content=\"https:\/\/www.umweltaktivisten.de\/index.php\/2020\/07\/13\/anfragen-katastropenschutz-bei-urantransporten\/\" \/>\n<meta property=\"og:site_name\" content=\"umweltaktivisten.de\" \/>\n<meta property=\"article:published_time\" content=\"2020-07-13T12:14:00+00:00\" \/>\n<meta property=\"article:modified_time\" content=\"2020-07-15T12:22:32+00:00\" \/>\n<meta property=\"og:image\" content=\"https:\/\/www.umweltaktivisten.de\/wp-content\/uploads\/2019\/12\/Zug_BBU_w.jpg\" \/>\n\t<meta property=\"og:image:width\" content=\"267\" \/>\n\t<meta property=\"og:image:height\" content=\"200\" \/>\n\t<meta property=\"og:image:type\" content=\"image\/jpeg\" \/>\n<meta name=\"author\" content=\"marita\" \/>\n<meta name=\"twitter:card\" content=\"summary_large_image\" \/>\n<meta name=\"twitter:label1\" content=\"Verfasst von\" \/>\n\t<meta name=\"twitter:data1\" content=\"marita\" \/>\n\t<meta name=\"twitter:label2\" content=\"Gesch\u00e4tzte Lesezeit\" \/>\n\t<meta name=\"twitter:data2\" content=\"2\u00a0Minuten\" \/>\n<script type=\"application\/ld+json\" class=\"yoast-schema-graph\">{\"@context\":\"https:\\\/\\\/schema.org\",\"@graph\":[{\"@type\":\"Article\",\"@id\":\"https:\\\/\\\/www.umweltaktivisten.de\\\/index.php\\\/2020\\\/07\\\/13\\\/anfragen-katastropenschutz-bei-urantransporten\\\/#article\",\"isPartOf\":{\"@id\":\"https:\\\/\\\/www.umweltaktivisten.de\\\/index.php\\\/2020\\\/07\\\/13\\\/anfragen-katastropenschutz-bei-urantransporten\\\/\"},\"author\":{\"name\":\"marita\",\"@id\":\"https:\\\/\\\/www.umweltaktivisten.de\\\/#\\\/schema\\\/person\\\/af601319cc34a906612869cf3b4fd51a\"},\"headline\":\"Anfragen: Katastropenschutz bei Urantransporten\",\"datePublished\":\"2020-07-13T12:14:00+00:00\",\"dateModified\":\"2020-07-15T12:22:32+00:00\",\"mainEntityOfPage\":{\"@id\":\"https:\\\/\\\/www.umweltaktivisten.de\\\/index.php\\\/2020\\\/07\\\/13\\\/anfragen-katastropenschutz-bei-urantransporten\\\/\"},\"wordCount\":311,\"image\":{\"@id\":\"https:\\\/\\\/www.umweltaktivisten.de\\\/index.php\\\/2020\\\/07\\\/13\\\/anfragen-katastropenschutz-bei-urantransporten\\\/#primaryimage\"},\"thumbnailUrl\":\"https:\\\/\\\/www.umweltaktivisten.de\\\/wp-content\\\/uploads\\\/2019\\\/12\\\/Zug_BBU_w.jpg\",\"inLanguage\":\"de\"},{\"@type\":\"WebPage\",\"@id\":\"https:\\\/\\\/www.umweltaktivisten.de\\\/index.php\\\/2020\\\/07\\\/13\\\/anfragen-katastropenschutz-bei-urantransporten\\\/\",\"url\":\"https:\\\/\\\/www.umweltaktivisten.de\\\/index.php\\\/2020\\\/07\\\/13\\\/anfragen-katastropenschutz-bei-urantransporten\\\/\",\"name\":\"Anfragen: Katastropenschutz bei Urantransporten - umweltaktivisten.de\",\"isPartOf\":{\"@id\":\"https:\\\/\\\/www.umweltaktivisten.de\\\/#website\"},\"primaryImageOfPage\":{\"@id\":\"https:\\\/\\\/www.umweltaktivisten.de\\\/index.php\\\/2020\\\/07\\\/13\\\/anfragen-katastropenschutz-bei-urantransporten\\\/#primaryimage\"},\"image\":{\"@id\":\"https:\\\/\\\/www.umweltaktivisten.de\\\/index.php\\\/2020\\\/07\\\/13\\\/anfragen-katastropenschutz-bei-urantransporten\\\/#primaryimage\"},\"thumbnailUrl\":\"https:\\\/\\\/www.umweltaktivisten.de\\\/wp-content\\\/uploads\\\/2019\\\/12\\\/Zug_BBU_w.jpg\",\"datePublished\":\"2020-07-13T12:14:00+00:00\",\"dateModified\":\"2020-07-15T12:22:32+00:00\",\"author\":{\"@id\":\"https:\\\/\\\/www.umweltaktivisten.de\\\/#\\\/schema\\\/person\\\/af601319cc34a906612869cf3b4fd51a\"},\"breadcrumb\":{\"@id\":\"https:\\\/\\\/www.umweltaktivisten.de\\\/index.php\\\/2020\\\/07\\\/13\\\/anfragen-katastropenschutz-bei-urantransporten\\\/#breadcrumb\"},\"inLanguage\":\"de\",\"potentialAction\":[{\"@type\":\"ReadAction\",\"target\":[\"https:\\\/\\\/www.umweltaktivisten.de\\\/index.php\\\/2020\\\/07\\\/13\\\/anfragen-katastropenschutz-bei-urantransporten\\\/\"]}]},{\"@type\":\"ImageObject\",\"inLanguage\":\"de\",\"@id\":\"https:\\\/\\\/www.umweltaktivisten.de\\\/index.php\\\/2020\\\/07\\\/13\\\/anfragen-katastropenschutz-bei-urantransporten\\\/#primaryimage\",\"url\":\"https:\\\/\\\/www.umweltaktivisten.de\\\/wp-content\\\/uploads\\\/2019\\\/12\\\/Zug_BBU_w.jpg\",\"contentUrl\":\"https:\\\/\\\/www.umweltaktivisten.de\\\/wp-content\\\/uploads\\\/2019\\\/12\\\/Zug_BBU_w.jpg\",\"width\":267,\"height\":200,\"caption\":\"Foto: BBU\"},{\"@type\":\"BreadcrumbList\",\"@id\":\"https:\\\/\\\/www.umweltaktivisten.de\\\/index.php\\\/2020\\\/07\\\/13\\\/anfragen-katastropenschutz-bei-urantransporten\\\/#breadcrumb\",\"itemListElement\":[{\"@type\":\"ListItem\",\"position\":1,\"name\":\"Home\",\"item\":\"https:\\\/\\\/www.umweltaktivisten.de\\\/\"},{\"@type\":\"ListItem\",\"position\":2,\"name\":\"Anfragen: Katastropenschutz bei Urantransporten\"}]},{\"@type\":\"WebSite\",\"@id\":\"https:\\\/\\\/www.umweltaktivisten.de\\\/#website\",\"url\":\"https:\\\/\\\/www.umweltaktivisten.de\\\/\",\"name\":\"umweltaktivisten.de\",\"description\":\"&quot;Wir haben die Erde nur von unseren Kindern geborgt&quot;\",\"potentialAction\":[{\"@type\":\"SearchAction\",\"target\":{\"@type\":\"EntryPoint\",\"urlTemplate\":\"https:\\\/\\\/www.umweltaktivisten.de\\\/?s={search_term_string}\"},\"query-input\":{\"@type\":\"PropertyValueSpecification\",\"valueRequired\":true,\"valueName\":\"search_term_string\"}}],\"inLanguage\":\"de\"},{\"@type\":\"Person\",\"@id\":\"https:\\\/\\\/www.umweltaktivisten.de\\\/#\\\/schema\\\/person\\\/af601319cc34a906612869cf3b4fd51a\",\"name\":\"marita\",\"url\":\"https:\\\/\\\/www.umweltaktivisten.de\\\/author\\\/marita\\\/\"}]}<\/script>\n<!-- \/ Yoast SEO plugin. -->","yoast_head_json":{"title":"Anfragen: Katastropenschutz bei Urantransporten - umweltaktivisten.de","robots":{"index":"index","follow":"nofollow","max-snippet":"max-snippet:-1","max-image-preview":"max-image-preview:large","max-video-preview":"max-video-preview:-1"},"canonical":"https:\/\/www.umweltaktivisten.de\/index.php\/2020\/07\/13\/anfragen-katastropenschutz-bei-urantransporten\/","og_locale":"de_DE","og_type":"article","og_title":"Anfragen: Katastropenschutz bei Urantransporten - umweltaktivisten.de","og_description":"Anfragen an die Landr\u00e4te der Kreise Borken und Steinfurt zum Katastrophenschutz bei Urantransporten Unter Protest hat am Donnerstag (9.7.2020) wieder ein Sonderzug mit Uranm\u00fcll die Urananreicherungsanlage in Gronau (Kreis Borken) verlassen. Der Zug durchquerte zun\u00e4chst den Kreis Steinfurt und fuhr dann von M\u00fcnster weiter Richtung Amsterdam. Von dort soll der\u2026 weiter ...","og_url":"https:\/\/www.umweltaktivisten.de\/index.php\/2020\/07\/13\/anfragen-katastropenschutz-bei-urantransporten\/","og_site_name":"umweltaktivisten.de","article_published_time":"2020-07-13T12:14:00+00:00","article_modified_time":"2020-07-15T12:22:32+00:00","og_image":[{"width":267,"height":200,"url":"https:\/\/www.umweltaktivisten.de\/wp-content\/uploads\/2019\/12\/Zug_BBU_w.jpg","type":"image\/jpeg"}],"author":"marita","twitter_card":"summary_large_image","twitter_misc":{"Verfasst von":"marita","Gesch\u00e4tzte Lesezeit":"2\u00a0Minuten"},"schema":{"@context":"https:\/\/schema.org","@graph":[{"@type":"Article","@id":"https:\/\/www.umweltaktivisten.de\/index.php\/2020\/07\/13\/anfragen-katastropenschutz-bei-urantransporten\/#article","isPartOf":{"@id":"https:\/\/www.umweltaktivisten.de\/index.php\/2020\/07\/13\/anfragen-katastropenschutz-bei-urantransporten\/"},"author":{"name":"marita","@id":"https:\/\/www.umweltaktivisten.de\/#\/schema\/person\/af601319cc34a906612869cf3b4fd51a"},"headline":"Anfragen: Katastropenschutz bei Urantransporten","datePublished":"2020-07-13T12:14:00+00:00","dateModified":"2020-07-15T12:22:32+00:00","mainEntityOfPage":{"@id":"https:\/\/www.umweltaktivisten.de\/index.php\/2020\/07\/13\/anfragen-katastropenschutz-bei-urantransporten\/"},"wordCount":311,"image":{"@id":"https:\/\/www.umweltaktivisten.de\/index.php\/2020\/07\/13\/anfragen-katastropenschutz-bei-urantransporten\/#primaryimage"},"thumbnailUrl":"https:\/\/www.umweltaktivisten.de\/wp-content\/uploads\/2019\/12\/Zug_BBU_w.jpg","inLanguage":"de"},{"@type":"WebPage","@id":"https:\/\/www.umweltaktivisten.de\/index.php\/2020\/07\/13\/anfragen-katastropenschutz-bei-urantransporten\/","url":"https:\/\/www.umweltaktivisten.de\/index.php\/2020\/07\/13\/anfragen-katastropenschutz-bei-urantransporten\/","name":"Anfragen: Katastropenschutz bei Urantransporten - umweltaktivisten.de","isPartOf":{"@id":"https:\/\/www.umweltaktivisten.de\/#website"},"primaryImageOfPage":{"@id":"https:\/\/www.umweltaktivisten.de\/index.php\/2020\/07\/13\/anfragen-katastropenschutz-bei-urantransporten\/#primaryimage"},"image":{"@id":"https:\/\/www.umweltaktivisten.de\/index.php\/2020\/07\/13\/anfragen-katastropenschutz-bei-urantransporten\/#primaryimage"},"thumbnailUrl":"https:\/\/www.umweltaktivisten.de\/wp-content\/uploads\/2019\/12\/Zug_BBU_w.jpg","datePublished":"2020-07-13T12:14:00+00:00","dateModified":"2020-07-15T12:22:32+00:00","author":{"@id":"https:\/\/www.umweltaktivisten.de\/#\/schema\/person\/af601319cc34a906612869cf3b4fd51a"},"breadcrumb":{"@id":"https:\/\/www.umweltaktivisten.de\/index.php\/2020\/07\/13\/anfragen-katastropenschutz-bei-urantransporten\/#breadcrumb"},"inLanguage":"de","potentialAction":[{"@type":"ReadAction","target":["https:\/\/www.umweltaktivisten.de\/index.php\/2020\/07\/13\/anfragen-katastropenschutz-bei-urantransporten\/"]}]},{"@type":"ImageObject","inLanguage":"de","@id":"https:\/\/www.umweltaktivisten.de\/index.php\/2020\/07\/13\/anfragen-katastropenschutz-bei-urantransporten\/#primaryimage","url":"https:\/\/www.umweltaktivisten.de\/wp-content\/uploads\/2019\/12\/Zug_BBU_w.jpg","contentUrl":"https:\/\/www.umweltaktivisten.de\/wp-content\/uploads\/2019\/12\/Zug_BBU_w.jpg","width":267,"height":200,"caption":"Foto: BBU"},{"@type":"BreadcrumbList","@id":"https:\/\/www.umweltaktivisten.de\/index.php\/2020\/07\/13\/anfragen-katastropenschutz-bei-urantransporten\/#breadcrumb","itemListElement":[{"@type":"ListItem","position":1,"name":"Home","item":"https:\/\/www.umweltaktivisten.de\/"},{"@type":"ListItem","position":2,"name":"Anfragen: Katastropenschutz bei Urantransporten"}]},{"@type":"WebSite","@id":"https:\/\/www.umweltaktivisten.de\/#website","url":"https:\/\/www.umweltaktivisten.de\/","name":"umweltaktivisten.de","description":"&quot;Wir haben die Erde nur von unseren Kindern geborgt&quot;","potentialAction":[{"@type":"SearchAction","target":{"@type":"EntryPoint","urlTemplate":"https:\/\/www.umweltaktivisten.de\/?s={search_term_string}"},"query-input":{"@type":"PropertyValueSpecification","valueRequired":true,"valueName":"search_term_string"}}],"inLanguage":"de"},{"@type":"Person","@id":"https:\/\/www.umweltaktivisten.de\/#\/schema\/person\/af601319cc34a906612869cf3b4fd51a","name":"marita","url":"https:\/\/www.umweltaktivisten.de\/author\/marita\/"}]}},"_links":{"self":[{"href":"https:\/\/www.umweltaktivisten.de\/index.php\/wp-json\/wp\/v2\/posts\/4314","targetHints":{"allow":["GET"]}}],"collection":[{"href":"https:\/\/www.umweltaktivisten.de\/index.php\/wp-json\/wp\/v2\/posts"}],"about":[{"href":"https:\/\/www.umweltaktivisten.de\/index.php\/wp-json\/wp\/v2\/types\/post"}],"author":[{"embeddable":true,"href":"https:\/\/www.umweltaktivisten.de\/index.php\/wp-json\/wp\/v2\/users\/1"}],"replies":[{"embeddable":true,"href":"https:\/\/www.umweltaktivisten.de\/index.php\/wp-json\/wp\/v2\/comments?post=4314"}],"version-history":[{"count":7,"href":"https:\/\/www.umweltaktivisten.de\/index.php\/wp-json\/wp\/v2\/posts\/4314\/revisions"}],"predecessor-version":[{"id":4321,"href":"https:\/\/www.umweltaktivisten.de\/index.php\/wp-json\/wp\/v2\/posts\/4314\/revisions\/4321"}],"wp:featuredmedia":[{"embeddable":true,"href":"https:\/\/www.umweltaktivisten.de\/index.php\/wp-json\/wp\/v2\/media\/3865"}],"wp:attachment":[{"href":"https:\/\/www.umweltaktivisten.de\/index.php\/wp-json\/wp\/v2\/media?parent=4314"}],"wp:term":[{"taxonomy":"category","embeddable":true,"href":"https:\/\/www.umweltaktivisten.de\/index.php\/wp-json\/wp\/v2\/categories?post=4314"},{"taxonomy":"post_tag","embeddable":true,"href":"https:\/\/www.umweltaktivisten.de\/index.php\/wp-json\/wp\/v2\/tags?post=4314"}],"curies":[{"name":"wp","href":"https:\/\/api.w.org\/{rel}","templated":true}]}}