{"id":4282,"date":"2020-06-26T21:28:11","date_gmt":"2020-06-26T19:28:11","guid":{"rendered":"http:\/\/www.umweltaktivisten.de\/?p=4282"},"modified":"2020-06-26T21:37:36","modified_gmt":"2020-06-26T19:37:36","slug":"blockaden-gegen-das-kohlegesetz","status":"publish","type":"post","link":"https:\/\/www.umweltaktivisten.de\/index.php\/2020\/06\/26\/blockaden-gegen-das-kohlegesetz\/","title":{"rendered":"Blockaden gegen das Kohlegesetz"},"content":{"rendered":"\n<figure class=\"wp-block-image size-large\"><img loading=\"lazy\" decoding=\"async\" width=\"1024\" height=\"880\" src=\"https:\/\/www.umweltaktivisten.de\/wp-content\/uploads\/2018\/10\/ein-Riese-2-1024x880.jpg\" alt=\"\" class=\"wp-image-3035\" srcset=\"https:\/\/www.umweltaktivisten.de\/wp-content\/uploads\/2018\/10\/ein-Riese-2-1024x880.jpg 1024w, https:\/\/www.umweltaktivisten.de\/wp-content\/uploads\/2018\/10\/ein-Riese-2-300x258.jpg 300w, https:\/\/www.umweltaktivisten.de\/wp-content\/uploads\/2018\/10\/ein-Riese-2-768x660.jpg 768w, https:\/\/www.umweltaktivisten.de\/wp-content\/uploads\/2018\/10\/ein-Riese-2-150x129.jpg 150w\" sizes=\"auto, (max-width: 1024px) 100vw, 1024px\" \/><figcaption>Foto: Marita Boslar<\/figcaption><\/figure>\n\n\n\n<p><\/p>\n\n\n\n<h5 class=\"wp-block-heading\"> R\u00e4umung  durch die Polizei dauert an <\/h5>\n\n\n\n<h5 class=\"wp-block-heading\">Weitere Proteste gegen das Kraftwerk  Datteln IV und das Kohlegesetz geplant <\/h5>\n\n\n\n<p><\/p>\n\n\n\n<p><strong>Aktivist*innen des B\u00fcndnisses \u201eEnde Gel\u00e4nde\u201c und von \u201eEinsatz  Kohlestopp\u201c haben heute \u00fcber viele Stunden Braunkohleinfrastruktur in der Lausitz und im rheinischen Kohlerevier blockiert. Die Aktivist*innen  in der Lausitz entschieden sich, die Blockade zu beenden&nbsp;und werden derzeit in die Gefangenensammelstelle&nbsp;gebracht. Im Tagebau Garzweiler sind noch immer Bagger besetzt, die R\u00e4umung durch die Polizei dauert an.&nbsp;Die Blockaden fanden anl\u00e4sslich des geplanten Kohlegesetzes statt, das \u200bam 3. Juli im Bundestag und Bundesrat verabschiedet werden soll.<\/strong><\/p>\n\n\n\n<blockquote class=\"wp-block-quote is-layout-flow wp-block-quote-is-layout-flow\"><p>Ronja Weil, Sprecherin des B\u00fcndnisses Ende Gel\u00e4nde erkl\u00e4rt zum  heutigen Tag: \u201eF\u00fcr uns geht ein erfolgreicher Blockadetag zu Ende. Wenn  die Regierung sich von Kohlekonzernen ihre Gesetze diktieren l\u00e4sst,  statt die Klimakrise zu stoppen, dann nehmen wir den Kohleausstieg selbst in die Hand. D\u00fcrren, Waldbr\u00e4nde und 38 Grad in Sibirien machen deutlich: jeder weitere Tag Kohleverstromung ist ein Klima-Verbrechen. Die Bundesregierung will mit ihrem Kohle-Verl\u00e4ngerungs-Gesetz daf\u00fcr sorgen, dass dieses Verbrechen noch 18 weitere Jahre so weitergeht.\u201c<\/p><\/blockquote>\n\n\n\n<blockquote class=\"wp-block-quote is-layout-flow wp-block-quote-is-layout-flow\"><p>Weil weiter: \u201eAlle Abgeordneten des Bundestags sollten sich  klarmachen: Wenn sie diesem Gesetz zustimmen, begehen&nbsp;sie Verrat an den  Millionen Menschen, die vergangenes Jahr f\u00fcrs Klima demonstriert haben. Unser Protest wird nicht aufh\u00f6ren, bis das letzte Kohlekraftwerk vom  Netz geht.\u201c<\/p><\/blockquote>\n\n\n\n<p>Gleichzeitig fanden heute Proteste von Fridays vor Future unter  anderem am Tagebau Garzweiler und am Bundeswirtschaftsministerium in Berlin statt. <\/p>\n\n\n\n<blockquote class=\"wp-block-quote is-layout-flow wp-block-quote-is-layout-flow\"><p>Dazu sagt Quang Paasch von Fridays for Future: \u201eWir m\u00fcssen uns jetzt alle entscheiden, auf welcher Seite wir stehen: Die  Bundesregierung macht mit ihrem Kohlegesetz deutlich, dass sie an der Seite der Kohle-Lobby steht. Wir als Fridays for Future halten dagegen und stehen soldarisch zusammen mit Ende Gel\u00e4nde und der ganzen Bewegung  f\u00fcr Klimagerechtigkeit. Der Protest wird weitergehen.\u201c<\/p><\/blockquote>\n\n\n\n<p>Schon heute Abend demonstriert ein breites  B\u00fcndnis von Aktivist*innen von Fridays for Future, Ende Gel\u00e4nde, dem  BUND sowie weiteren Akteuren*innen der Klimagerechtigkeitsbewegung gegen  die Inbetriebnahme des neuen Steinkohlekraftwerks Datteln IV.&nbsp;Am  kommenden Mittwoch, den 1. Juli wird&nbsp;Ende Gel\u00e4nde die SPD-Parteizentrale in Berlin blockieren, um das Kohlegesetz zu verhindern.<\/p>\n\n\n\n<p><strong>Foto- und Videomaterial der Aktionen stehen unter den folgenden Links zur Verf\u00fcgung:<\/strong><\/p>\n\n\n\n<p>Quelle: Pressemitteilung &#8222;Ender Gel\u00e4nde&#8220;<\/p>\n\n\n\n<p><a href=\"http:\/\/78.47.148.5\/nextcloud\/index.php\/s\/MqH7A7bjN4ss7dn\">http:\/\/78.47.148.5\/nextcloud\/index.php\/s\/MqH7A7bjN4ss7dn<\/a><br>\n<a href=\"https:\/\/flic.kr\/s\/aHsmP4Sfmz\" target=\"_blank\" rel=\"noopener\">https:\/\/flic.kr\/s\/aHsmP4Sfmz<br>\n<\/a><a href=\"https:\/\/flic.kr\/s\/aHsmP4TKYx\" target=\"_blank\" rel=\"noopener\">https:\/\/flic.kr\/s\/aHsmP4TKYx<\/a><\/p>\n","protected":false},"excerpt":{"rendered":"<p>R\u00e4umung durch die Polizei dauert an Weitere Proteste gegen das Kraftwerk Datteln IV und das Kohlegesetz geplant Aktivist*innen des B\u00fcndnisses \u201eEnde Gel\u00e4nde\u201c und von \u201eEinsatz Kohlestopp\u201c haben heute \u00fcber viele Stunden Braunkohleinfrastruktur in der Lausitz und im rheinischen Kohlerevier blockiert. Die Aktivist*innen in der Lausitz entschieden sich, die Blockade zu\u2026<\/p>\n<p class=\"continue-reading-button\"> <a class=\"continue-reading-link\" href=\"https:\/\/www.umweltaktivisten.de\/index.php\/2020\/06\/26\/blockaden-gegen-das-kohlegesetz\/\">weiter &#8230;<i class=\"crycon-right-dir\"><\/i><\/a><\/p>\n","protected":false},"author":1,"featured_media":2938,"comment_status":"closed","ping_status":"closed","sticky":false,"template":"","format":"standard","meta":{"footnotes":""},"categories":[1],"tags":[291],"class_list":["post-4282","post","type-post","status-publish","format-standard","has-post-thumbnail","hentry","category-allgemein","tag-ende-gelaende"],"yoast_head":"<!-- This site is optimized with the Yoast SEO plugin v27.5 - https:\/\/yoast.com\/product\/yoast-seo-wordpress\/ -->\n<title>Blockaden gegen das Kohlegesetz - umweltaktivisten.de<\/title>\n<meta name=\"robots\" content=\"index, nofollow, max-snippet:-1, max-image-preview:large, max-video-preview:-1\" \/>\n<link rel=\"canonical\" href=\"https:\/\/www.umweltaktivisten.de\/index.php\/2020\/06\/26\/blockaden-gegen-das-kohlegesetz\/\" \/>\n<meta property=\"og:locale\" content=\"de_DE\" \/>\n<meta property=\"og:type\" content=\"article\" \/>\n<meta property=\"og:title\" content=\"Blockaden gegen das Kohlegesetz - umweltaktivisten.de\" \/>\n<meta property=\"og:description\" content=\"R\u00e4umung durch die Polizei dauert an Weitere Proteste gegen das Kraftwerk Datteln IV und das Kohlegesetz geplant Aktivist*innen des B\u00fcndnisses \u201eEnde Gel\u00e4nde\u201c und von \u201eEinsatz Kohlestopp\u201c haben heute \u00fcber viele Stunden Braunkohleinfrastruktur in der Lausitz und im rheinischen Kohlerevier blockiert. Die Aktivist*innen in der Lausitz entschieden sich, die Blockade zu\u2026 weiter ...\" \/>\n<meta property=\"og:url\" content=\"https:\/\/www.umweltaktivisten.de\/index.php\/2020\/06\/26\/blockaden-gegen-das-kohlegesetz\/\" \/>\n<meta property=\"og:site_name\" content=\"umweltaktivisten.de\" \/>\n<meta property=\"article:published_time\" content=\"2020-06-26T19:28:11+00:00\" \/>\n<meta property=\"article:modified_time\" content=\"2020-06-26T19:37:36+00:00\" \/>\n<meta property=\"og:image\" content=\"https:\/\/www.umweltaktivisten.de\/wp-content\/uploads\/2018\/09\/Banner-Braunkohle_w2.jpg\" \/>\n\t<meta property=\"og:image:width\" content=\"300\" \/>\n\t<meta property=\"og:image:height\" content=\"200\" \/>\n\t<meta property=\"og:image:type\" content=\"image\/jpeg\" \/>\n<meta name=\"author\" content=\"marita\" \/>\n<meta name=\"twitter:card\" content=\"summary_large_image\" \/>\n<meta name=\"twitter:label1\" content=\"Verfasst von\" \/>\n\t<meta name=\"twitter:data1\" content=\"marita\" \/>\n\t<meta name=\"twitter:label2\" content=\"Gesch\u00e4tzte Lesezeit\" \/>\n\t<meta name=\"twitter:data2\" content=\"2\u00a0Minuten\" \/>\n<script type=\"application\/ld+json\" class=\"yoast-schema-graph\">{\"@context\":\"https:\\\/\\\/schema.org\",\"@graph\":[{\"@type\":\"Article\",\"@id\":\"https:\\\/\\\/www.umweltaktivisten.de\\\/index.php\\\/2020\\\/06\\\/26\\\/blockaden-gegen-das-kohlegesetz\\\/#article\",\"isPartOf\":{\"@id\":\"https:\\\/\\\/www.umweltaktivisten.de\\\/index.php\\\/2020\\\/06\\\/26\\\/blockaden-gegen-das-kohlegesetz\\\/\"},\"author\":{\"name\":\"marita\",\"@id\":\"https:\\\/\\\/www.umweltaktivisten.de\\\/#\\\/schema\\\/person\\\/af601319cc34a906612869cf3b4fd51a\"},\"headline\":\"Blockaden gegen das Kohlegesetz\",\"datePublished\":\"2020-06-26T19:28:11+00:00\",\"dateModified\":\"2020-06-26T19:37:36+00:00\",\"mainEntityOfPage\":{\"@id\":\"https:\\\/\\\/www.umweltaktivisten.de\\\/index.php\\\/2020\\\/06\\\/26\\\/blockaden-gegen-das-kohlegesetz\\\/\"},\"wordCount\":409,\"image\":{\"@id\":\"https:\\\/\\\/www.umweltaktivisten.de\\\/index.php\\\/2020\\\/06\\\/26\\\/blockaden-gegen-das-kohlegesetz\\\/#primaryimage\"},\"thumbnailUrl\":\"https:\\\/\\\/www.umweltaktivisten.de\\\/wp-content\\\/uploads\\\/2018\\\/09\\\/Banner-Braunkohle_w2.jpg\",\"keywords\":[\"Ende Gel\u00e4nde\"],\"inLanguage\":\"de\"},{\"@type\":\"WebPage\",\"@id\":\"https:\\\/\\\/www.umweltaktivisten.de\\\/index.php\\\/2020\\\/06\\\/26\\\/blockaden-gegen-das-kohlegesetz\\\/\",\"url\":\"https:\\\/\\\/www.umweltaktivisten.de\\\/index.php\\\/2020\\\/06\\\/26\\\/blockaden-gegen-das-kohlegesetz\\\/\",\"name\":\"Blockaden gegen das Kohlegesetz - umweltaktivisten.de\",\"isPartOf\":{\"@id\":\"https:\\\/\\\/www.umweltaktivisten.de\\\/#website\"},\"primaryImageOfPage\":{\"@id\":\"https:\\\/\\\/www.umweltaktivisten.de\\\/index.php\\\/2020\\\/06\\\/26\\\/blockaden-gegen-das-kohlegesetz\\\/#primaryimage\"},\"image\":{\"@id\":\"https:\\\/\\\/www.umweltaktivisten.de\\\/index.php\\\/2020\\\/06\\\/26\\\/blockaden-gegen-das-kohlegesetz\\\/#primaryimage\"},\"thumbnailUrl\":\"https:\\\/\\\/www.umweltaktivisten.de\\\/wp-content\\\/uploads\\\/2018\\\/09\\\/Banner-Braunkohle_w2.jpg\",\"datePublished\":\"2020-06-26T19:28:11+00:00\",\"dateModified\":\"2020-06-26T19:37:36+00:00\",\"author\":{\"@id\":\"https:\\\/\\\/www.umweltaktivisten.de\\\/#\\\/schema\\\/person\\\/af601319cc34a906612869cf3b4fd51a\"},\"breadcrumb\":{\"@id\":\"https:\\\/\\\/www.umweltaktivisten.de\\\/index.php\\\/2020\\\/06\\\/26\\\/blockaden-gegen-das-kohlegesetz\\\/#breadcrumb\"},\"inLanguage\":\"de\",\"potentialAction\":[{\"@type\":\"ReadAction\",\"target\":[\"https:\\\/\\\/www.umweltaktivisten.de\\\/index.php\\\/2020\\\/06\\\/26\\\/blockaden-gegen-das-kohlegesetz\\\/\"]}]},{\"@type\":\"ImageObject\",\"inLanguage\":\"de\",\"@id\":\"https:\\\/\\\/www.umweltaktivisten.de\\\/index.php\\\/2020\\\/06\\\/26\\\/blockaden-gegen-das-kohlegesetz\\\/#primaryimage\",\"url\":\"https:\\\/\\\/www.umweltaktivisten.de\\\/wp-content\\\/uploads\\\/2018\\\/09\\\/Banner-Braunkohle_w2.jpg\",\"contentUrl\":\"https:\\\/\\\/www.umweltaktivisten.de\\\/wp-content\\\/uploads\\\/2018\\\/09\\\/Banner-Braunkohle_w2.jpg\",\"width\":300,\"height\":200},{\"@type\":\"BreadcrumbList\",\"@id\":\"https:\\\/\\\/www.umweltaktivisten.de\\\/index.php\\\/2020\\\/06\\\/26\\\/blockaden-gegen-das-kohlegesetz\\\/#breadcrumb\",\"itemListElement\":[{\"@type\":\"ListItem\",\"position\":1,\"name\":\"Home\",\"item\":\"https:\\\/\\\/www.umweltaktivisten.de\\\/\"},{\"@type\":\"ListItem\",\"position\":2,\"name\":\"Blockaden gegen das Kohlegesetz\"}]},{\"@type\":\"WebSite\",\"@id\":\"https:\\\/\\\/www.umweltaktivisten.de\\\/#website\",\"url\":\"https:\\\/\\\/www.umweltaktivisten.de\\\/\",\"name\":\"umweltaktivisten.de\",\"description\":\"&quot;Wir haben die Erde nur von unseren Kindern geborgt&quot;\",\"potentialAction\":[{\"@type\":\"SearchAction\",\"target\":{\"@type\":\"EntryPoint\",\"urlTemplate\":\"https:\\\/\\\/www.umweltaktivisten.de\\\/?s={search_term_string}\"},\"query-input\":{\"@type\":\"PropertyValueSpecification\",\"valueRequired\":true,\"valueName\":\"search_term_string\"}}],\"inLanguage\":\"de\"},{\"@type\":\"Person\",\"@id\":\"https:\\\/\\\/www.umweltaktivisten.de\\\/#\\\/schema\\\/person\\\/af601319cc34a906612869cf3b4fd51a\",\"name\":\"marita\",\"url\":\"https:\\\/\\\/www.umweltaktivisten.de\\\/author\\\/marita\\\/\"}]}<\/script>\n<!-- \/ Yoast SEO plugin. -->","yoast_head_json":{"title":"Blockaden gegen das Kohlegesetz - umweltaktivisten.de","robots":{"index":"index","follow":"nofollow","max-snippet":"max-snippet:-1","max-image-preview":"max-image-preview:large","max-video-preview":"max-video-preview:-1"},"canonical":"https:\/\/www.umweltaktivisten.de\/index.php\/2020\/06\/26\/blockaden-gegen-das-kohlegesetz\/","og_locale":"de_DE","og_type":"article","og_title":"Blockaden gegen das Kohlegesetz - umweltaktivisten.de","og_description":"R\u00e4umung durch die Polizei dauert an Weitere Proteste gegen das Kraftwerk Datteln IV und das Kohlegesetz geplant Aktivist*innen des B\u00fcndnisses \u201eEnde Gel\u00e4nde\u201c und von \u201eEinsatz Kohlestopp\u201c haben heute \u00fcber viele Stunden Braunkohleinfrastruktur in der Lausitz und im rheinischen Kohlerevier blockiert. Die Aktivist*innen in der Lausitz entschieden sich, die Blockade zu\u2026 weiter ...","og_url":"https:\/\/www.umweltaktivisten.de\/index.php\/2020\/06\/26\/blockaden-gegen-das-kohlegesetz\/","og_site_name":"umweltaktivisten.de","article_published_time":"2020-06-26T19:28:11+00:00","article_modified_time":"2020-06-26T19:37:36+00:00","og_image":[{"width":300,"height":200,"url":"https:\/\/www.umweltaktivisten.de\/wp-content\/uploads\/2018\/09\/Banner-Braunkohle_w2.jpg","type":"image\/jpeg"}],"author":"marita","twitter_card":"summary_large_image","twitter_misc":{"Verfasst von":"marita","Gesch\u00e4tzte Lesezeit":"2\u00a0Minuten"},"schema":{"@context":"https:\/\/schema.org","@graph":[{"@type":"Article","@id":"https:\/\/www.umweltaktivisten.de\/index.php\/2020\/06\/26\/blockaden-gegen-das-kohlegesetz\/#article","isPartOf":{"@id":"https:\/\/www.umweltaktivisten.de\/index.php\/2020\/06\/26\/blockaden-gegen-das-kohlegesetz\/"},"author":{"name":"marita","@id":"https:\/\/www.umweltaktivisten.de\/#\/schema\/person\/af601319cc34a906612869cf3b4fd51a"},"headline":"Blockaden gegen das Kohlegesetz","datePublished":"2020-06-26T19:28:11+00:00","dateModified":"2020-06-26T19:37:36+00:00","mainEntityOfPage":{"@id":"https:\/\/www.umweltaktivisten.de\/index.php\/2020\/06\/26\/blockaden-gegen-das-kohlegesetz\/"},"wordCount":409,"image":{"@id":"https:\/\/www.umweltaktivisten.de\/index.php\/2020\/06\/26\/blockaden-gegen-das-kohlegesetz\/#primaryimage"},"thumbnailUrl":"https:\/\/www.umweltaktivisten.de\/wp-content\/uploads\/2018\/09\/Banner-Braunkohle_w2.jpg","keywords":["Ende Gel\u00e4nde"],"inLanguage":"de"},{"@type":"WebPage","@id":"https:\/\/www.umweltaktivisten.de\/index.php\/2020\/06\/26\/blockaden-gegen-das-kohlegesetz\/","url":"https:\/\/www.umweltaktivisten.de\/index.php\/2020\/06\/26\/blockaden-gegen-das-kohlegesetz\/","name":"Blockaden gegen das Kohlegesetz - umweltaktivisten.de","isPartOf":{"@id":"https:\/\/www.umweltaktivisten.de\/#website"},"primaryImageOfPage":{"@id":"https:\/\/www.umweltaktivisten.de\/index.php\/2020\/06\/26\/blockaden-gegen-das-kohlegesetz\/#primaryimage"},"image":{"@id":"https:\/\/www.umweltaktivisten.de\/index.php\/2020\/06\/26\/blockaden-gegen-das-kohlegesetz\/#primaryimage"},"thumbnailUrl":"https:\/\/www.umweltaktivisten.de\/wp-content\/uploads\/2018\/09\/Banner-Braunkohle_w2.jpg","datePublished":"2020-06-26T19:28:11+00:00","dateModified":"2020-06-26T19:37:36+00:00","author":{"@id":"https:\/\/www.umweltaktivisten.de\/#\/schema\/person\/af601319cc34a906612869cf3b4fd51a"},"breadcrumb":{"@id":"https:\/\/www.umweltaktivisten.de\/index.php\/2020\/06\/26\/blockaden-gegen-das-kohlegesetz\/#breadcrumb"},"inLanguage":"de","potentialAction":[{"@type":"ReadAction","target":["https:\/\/www.umweltaktivisten.de\/index.php\/2020\/06\/26\/blockaden-gegen-das-kohlegesetz\/"]}]},{"@type":"ImageObject","inLanguage":"de","@id":"https:\/\/www.umweltaktivisten.de\/index.php\/2020\/06\/26\/blockaden-gegen-das-kohlegesetz\/#primaryimage","url":"https:\/\/www.umweltaktivisten.de\/wp-content\/uploads\/2018\/09\/Banner-Braunkohle_w2.jpg","contentUrl":"https:\/\/www.umweltaktivisten.de\/wp-content\/uploads\/2018\/09\/Banner-Braunkohle_w2.jpg","width":300,"height":200},{"@type":"BreadcrumbList","@id":"https:\/\/www.umweltaktivisten.de\/index.php\/2020\/06\/26\/blockaden-gegen-das-kohlegesetz\/#breadcrumb","itemListElement":[{"@type":"ListItem","position":1,"name":"Home","item":"https:\/\/www.umweltaktivisten.de\/"},{"@type":"ListItem","position":2,"name":"Blockaden gegen das Kohlegesetz"}]},{"@type":"WebSite","@id":"https:\/\/www.umweltaktivisten.de\/#website","url":"https:\/\/www.umweltaktivisten.de\/","name":"umweltaktivisten.de","description":"&quot;Wir haben die Erde nur von unseren Kindern geborgt&quot;","potentialAction":[{"@type":"SearchAction","target":{"@type":"EntryPoint","urlTemplate":"https:\/\/www.umweltaktivisten.de\/?s={search_term_string}"},"query-input":{"@type":"PropertyValueSpecification","valueRequired":true,"valueName":"search_term_string"}}],"inLanguage":"de"},{"@type":"Person","@id":"https:\/\/www.umweltaktivisten.de\/#\/schema\/person\/af601319cc34a906612869cf3b4fd51a","name":"marita","url":"https:\/\/www.umweltaktivisten.de\/author\/marita\/"}]}},"_links":{"self":[{"href":"https:\/\/www.umweltaktivisten.de\/index.php\/wp-json\/wp\/v2\/posts\/4282","targetHints":{"allow":["GET"]}}],"collection":[{"href":"https:\/\/www.umweltaktivisten.de\/index.php\/wp-json\/wp\/v2\/posts"}],"about":[{"href":"https:\/\/www.umweltaktivisten.de\/index.php\/wp-json\/wp\/v2\/types\/post"}],"author":[{"embeddable":true,"href":"https:\/\/www.umweltaktivisten.de\/index.php\/wp-json\/wp\/v2\/users\/1"}],"replies":[{"embeddable":true,"href":"https:\/\/www.umweltaktivisten.de\/index.php\/wp-json\/wp\/v2\/comments?post=4282"}],"version-history":[{"count":4,"href":"https:\/\/www.umweltaktivisten.de\/index.php\/wp-json\/wp\/v2\/posts\/4282\/revisions"}],"predecessor-version":[{"id":4287,"href":"https:\/\/www.umweltaktivisten.de\/index.php\/wp-json\/wp\/v2\/posts\/4282\/revisions\/4287"}],"wp:featuredmedia":[{"embeddable":true,"href":"https:\/\/www.umweltaktivisten.de\/index.php\/wp-json\/wp\/v2\/media\/2938"}],"wp:attachment":[{"href":"https:\/\/www.umweltaktivisten.de\/index.php\/wp-json\/wp\/v2\/media?parent=4282"}],"wp:term":[{"taxonomy":"category","embeddable":true,"href":"https:\/\/www.umweltaktivisten.de\/index.php\/wp-json\/wp\/v2\/categories?post=4282"},{"taxonomy":"post_tag","embeddable":true,"href":"https:\/\/www.umweltaktivisten.de\/index.php\/wp-json\/wp\/v2\/tags?post=4282"}],"curies":[{"name":"wp","href":"https:\/\/api.w.org\/{rel}","templated":true}]}}