{"id":4182,"date":"2020-05-18T23:20:00","date_gmt":"2020-05-18T21:20:00","guid":{"rendered":"http:\/\/www.umweltaktivisten.de\/?p=4182"},"modified":"2020-05-22T23:41:45","modified_gmt":"2020-05-22T21:41:45","slug":"blankes-entsetzen-tiefgreifende-beschaedigung-von-demokratie-und-umweltschutz","status":"publish","type":"post","link":"https:\/\/www.umweltaktivisten.de\/index.php\/2020\/05\/18\/blankes-entsetzen-tiefgreifende-beschaedigung-von-demokratie-und-umweltschutz\/","title":{"rendered":"Blankes Entsetzen &#8211; tiefgreifende Besch\u00e4digung von Demokratie und Umweltschutz"},"content":{"rendered":"\n<h5 class=\"wp-block-heading\">Blankes Entsetzen \/ BBU: Verabschiedung des Planungssicherstellungsgesetzes im Bundestag ist eine tiefgreifende Besch\u00e4digung von Demokratie und Umweltschutz<\/h5>\n\n\n\n<p><\/p>\n\n\n\n<p>COVID-19-Pandemie wurde von der Regierungskoalition zum Abbau der B\u00fcrgerbeteiligung bei Gro\u00dfvorhaben durch Gesetzesverabschiedung am 14. Mai 2020 missbraucht und der Bundesrat hat diesen bereits am 15. Mai 2020 genehmigt. Beim Abbau von B\u00fcrgerrechten zeigen Bund und L\u00e4nder gr\u00f6\u00dfte Eile.<\/p>\n\n\n\n<div class=\"wp-block-image\"><figure class=\"alignleft size-large\"><img loading=\"lazy\" decoding=\"async\" width=\"198\" height=\"198\" src=\"https:\/\/www.umweltaktivisten.de\/wp-content\/uploads\/2017\/07\/BBU_Aktionslogo_198x198px1.png\" alt=\"\" class=\"wp-image-2271\" srcset=\"https:\/\/www.umweltaktivisten.de\/wp-content\/uploads\/2017\/07\/BBU_Aktionslogo_198x198px1.png 198w, https:\/\/www.umweltaktivisten.de\/wp-content\/uploads\/2017\/07\/BBU_Aktionslogo_198x198px1-150x150.png 150w\" sizes=\"auto, (max-width: 198px) 100vw, 198px\" \/><\/figure><\/div>\n\n\n\n<p><strong>Mit blankem Entsetzen hat der  Bundesverband B\u00fcrgerinitiativen Umweltschutz e.V. (BBU) auf die  Verabschiedung des Planungssicherstellungsgesetzes am sp\u00e4ten  Donnerstagabend (14.05.2020) im <a href=\"https:\/\/www.bundestag.de\/#url=L2Rva3VtZW50ZS90ZXh0YXJjaGl2LzIwMjAva3cyMC1kZS1wbGFudW5nc3NpY2hlcnN0ZWxsdW5nc2dlc2V0ei02OTUwODY=&amp;mod=mod493054\" target=\"_blank\" rel=\"noreferrer noopener\" aria-label=\" (\u00f6ffnet in neuem Tab)\">Bundestag<\/a> durch CDU\/CSU, SPD und FDP bei  Enthaltung von B\u00dcNDNIS 90\/DIE GR\u00dcNEN reagiert. In einem  parlamentarischen Verfahren, das nur als ein von Anfang an abgekartetes  Spiel bezeichnet werden kann, hatten die Fraktionen von CDU\/CSU und SPD  das Gesetz durchgepeitscht. Kernpunkt des  Planungssicherstellungsgesetzes ist die faktische Abschaffung des  Er\u00f6rterungstermins in allen relevanten umweltrechtlichen Verfahren,  mindestens bis zum 31. M\u00e4rz 2021. Dies ist ein schwerer, nicht zu  rechtfertigender Eingriff in die demokratischen Rechte der Bev\u00f6lkerung  und in das Umweltrecht. So k\u00f6nnen umstrittene Gro\u00dfprojekte ohne eine  effektive B\u00fcrgerbeteiligung durchgesetzt werden.<\/strong><\/p>\n\n\n\n<p>Um die Bedeutung von Er\u00f6rterungsterminen zu unterstreichen, bei denen  die Einwendungen von B\u00fcrgerinnen und B\u00fcrgern sowie von Umweltverb\u00e4nden  und anderen Organisationen gegen konkrete Planungsvorhaben bisher immer  wieder intensiv mit Genehmigungsbeh\u00f6rden und Antragstellern er\u00f6rtert  wurden, erinnert der BBU an zahlreiche Er\u00f6rterungstermine. So gab es zum  Beispiel stark besuchte und mehrt\u00e4gige oder gar mehrw\u00f6chige  Er\u00f6rterungstermine zum Beispiel zur Atomm\u00fcll-Wiederaufarbeitungsanlage  (WAA) Wackersdorf (die letztlich nicht gebaut wurde), zum Atomm\u00fcll-Lager Schacht Konrad oder zum Bahnprojekt Stuttgart 21. Noch in der j\u00fcngsten Zeit beteiligten sich Mitglieder des BBU zum Beispiel an Er\u00f6rterungsterminen zum Atomm\u00fcll-Lager Ahaus sowie an  Er\u00f6rterungsterminen zu Chemieanlagen in G\u00fctersloh, Darmstadt und Mainz.<\/p>\n\n\n\n<blockquote class=\"wp-block-quote is-layout-flow wp-block-quote-is-layout-flow\"><p>Oliver Kalusch vom Gesch\u00e4ftsf\u00fchrenden Vorstand des BBU erkl\u00e4rt: \u201eIm  Windschatten der Corona-Krise schafft die Gro\u00dfe Koalition in Windeseile  Beteiligungsm\u00f6glichkeiten im Umweltrecht ab. Statt Verfahren, bei denen  ein Er\u00f6rterungstermin stattfinden kann oder muss, bis zum 30. September 2020  auszusetzen und dann die Pandemielage zu beurteilen, werden die Beh\u00f6rden ermutigt, Er\u00f6rterungstermine ausfallen zu lassen oder eine v\u00f6llig  sinnentleerte Online-Konsultation durchzuf\u00fchren. Die Corona-Krise wird  offensichtlich dazu benutzt, die Interessen der Industrieverb\u00e4nde zu  befriedigen, die schon immer gegen eine effektive B\u00fcrgerbeteiligung  waren.\u201c<\/p><\/blockquote>\n\n\n\n<p>Dass der Umweltbewegung keine Chance gelassen werden sollte, ihre  Positionen zu vertreten, wird an der strategischen Zeitplanung deutlich.  Der erste Entwurf des Gesetzes wurde den Verb\u00e4nden am Freitag, den  24. April 2020 gegen 16 Uhr \u00fcbermittelt. Die Abgabefrist war Montag, der  27. April.2020, 12 Uhr mittags. Durch die Fristsetzung machte die  Bundesregierung bereits deutlich, dass Stellungnahmen unerw\u00fcnscht sind.  Mit Datum vom 5. Mai .2020 brachten CDU\/CSU und SPD eine noch einmal  verschlechterte Version des Gesetzentwurfes ein, der zur Sitzung des  Innenausschusses am 13. Mai 2020 eine weitere Verschlechterung erfuhr. Auf  dieser Sitzung wurde beschlossen, dass es die sonst \u00fcbliche  Sachverst\u00e4ndigenanh\u00f6rung zu derartig schwerwiegenden Gesetzen nicht  geben wird. <strong>Ein <a href=\"https:\/\/dip21.bundestag.de\/dip21\/btd\/19\/192\/1919219.pdf\" target=\"_blank\" rel=\"noreferrer noopener\" aria-label=\"Antrag (\u00f6ffnet in neuem Tab)\">Antrag<\/a> der LINKEN auf Durchf\u00fchrung der \u00fcblichen  Sachverst\u00e4ndigenanh\u00f6rung wurde nicht nur von CDU\/CSU und SPD abgelehnt.<\/strong> <strong>Entscheidend waren vielmehr die Enthaltungen von B\u00dcNDNIS 90\/DIE GR\u00dcNEN  und FDP, die damit verhinderten, dass das notwenige Quorum von 25 Prozent erreicht wurde. Damit haben sich auch FDP und B\u00dcNDNIS90\/DIE GR\u00dcNEN  eindeutig gegen die Interessen der Umweltbewegung gestellt. Denn Vertreter aus der Umweltbewegung bekamen durch den Wegfall der  Sachverst\u00e4ndigenanh\u00f6rung gar nicht die Chance, dort ihre Position  darzulegen.<\/strong><\/p>\n\n\n\n<p>Am sp\u00e4ten Abend des 14. Mai 2020 stimmten CDU\/CSU, SPD und FDP bei  Enthaltung von B\u00dcNDNIS 90\/DIE GR\u00dcNEN f\u00fcr das  Planungssicherstellungsgesetz. Diese Verabschiedung im Bundestag  besch\u00e4digt die Demokratie tiefgreifend und wird fatale Auswirkungen auf  den Schutz der nat\u00fcrlichen Lebensgrundlagen haben. Die Interessen der  Umweltschutzbewegung wurden von der Linksfraktion unterst\u00fctzt.<\/p>\n\n\n\n<p>Heute (15.05.2020) soll der Bundesrat abschlie\u00dfend \u00fcber das \nPlanungssicherstellungsgesetz entscheiden. Im Vorfeld haben rund 50 \nB\u00fcrgerinitiativen und Umweltverb\u00e4nde ihren Protest in einer gemeinsamen \nErkl\u00e4rung bekundet.<\/p>\n\n\n\n<p><strong>Hier der Wortlaut der gemeinsamen Erkl\u00e4rung der fast 50 Organisationen:<\/strong><\/p>\n\n\n\n<p>Am 7. Mai 2020 hat im Bundestag die erste Lesung zum drohenden  \u201ePlanungssicherstellungsgesetz\u201c stattgefunden. Es soll bereits am 15.  Mai 2020 vom Bundesrat verabschiedet werden.<br><br>Vor dem Hintergrund  der Corona-Krise sollen die Beh\u00f6rden geradezu gesetzlich ermutigt werden, Er\u00f6rterungstermine in eine v\u00f6llig wirkungslose  Online-Konsultation umzuwandeln oder \u2013 je nach Gesetz \u2013 ganz entfallen  zu lassen. Die auch m\u00f6glichen Telefon- bzw. Videokonferenzen verdienen  diesen Namen nicht, da diese keinen Er\u00f6rterungstermin in elektronischer  Form darstellen, sondern nur die Online-Konsultation in m\u00fcndlicher Form.  Betroffen sind fast alle zentralen Bereiche des Umweltrechts,  beispielsweise das Gesetz \u00fcber die Umweltvertr\u00e4glichkeitspr\u00fcfung, das  Bundes-Immissionsschutzgesetz, das Kreislaufwirtschaftsgesetz, das  Bundes-Berggesetz und das Atomgesetz. Das Planungssicherstellungsgesetz  soll weitgehend bis zum 31. M\u00e4rz 2021 gelten. Wie sich die  \u00dcbergangsregelung auswirkt, die das Au\u00dferkrafttreten des gesamten  Gesetzes auf den 31.12.2025 terminiert, ist v\u00f6llig unklar. Wir  kritisieren, dass so im Windschatten der Corona-Krise umstrittene  Gro\u00dfprojekte genehmigt werden k\u00f6nnen, ohne dass die \u00d6ffentlichkeit und  die Umweltverb\u00e4nde wirksam Einfluss nehmen k\u00f6nnen. Wir fordern  stattdessen, Genehmigungsverfahren, in denen ein Er\u00f6rterungstermin  stattfinden kann oder muss, bis zum 30.9.2020 auszusetzen und nach einer  dann aktuellen Lagebeurteilung \u00fcber zuk\u00fcnftige Schritte zu entscheiden.  Dies hat der BBU bereits im Rahmen der schriftlichen Anh\u00f6rung zum  Gesetzentwurf dem Bundesministerium f\u00fcr Umwelt, Naturschutz und nukleare  Sicherheit in einer Stellungnahme mitgeteilt:<a href=\"https:\/\/bbu-online.de\/Stellungnahmen\/BBU-Planungssicherstellungsgesetz.pdf\" target=\"_blank\" rel=\"noreferrer noopener\" aria-label=\" https:\/\/bbu-online.de\/Stellungnahmen\/BBU-Planungssicherstellungsgesetz.pdf  (\u00f6ffnet in neuem Tab)\"> https:\/\/bbu-online.de\/Stellungnahmen\/BBU-Planungssicherstellungsgesetz.pdf <\/a><\/p>\n\n\n\n<p>Initiativen und Verb\u00e4nde k\u00f6nnen formlos weitere Unterst\u00fctzungserkl\u00e4rungen f\u00fcr die gemeinsame Erkl\u00e4rung per E-Mail senden an <a href=\"mailto:udo.buchholz@bbu-bonn.de\">udo.buchholz@bbu-bonn.de<\/a><\/p>\n\n\n\n<p>(Quelle: Pressemitteilung BBU)<\/p>\n\n\n\n<p><strong>Unterst\u00fctzerInnen dieser Erkl\u00e4rung (Stand 14.05.2020, 14.30 Uhr):<\/strong><\/p>\n\n\n\n<ol class=\"wp-block-list\"><li>Aktion \u201eStrom ohne Atom\u201c \u2013 B\u00fcrgerInnen f\u00fcr eine neue Energiepolitik,<br>Stuttgart<\/li><li>Aktionsb\u00fcndnis Bahnwende \u2013 Heilbronner gegen S21<\/li><li>Aktionsb\u00fcndnis Energiewende Heilbronn<\/li><li>Aktionsb\u00fcndnis M\u00fcnsterland gegen Atomanlagen<\/li><li>Aktionsb\u00fcndnis No Moor Fracking<\/li><li>Aktionsb\u00fcndnis Stommelner B\u00fcrger \u201eLeben ohne Braunkohle\u201c (LoB)<\/li><li>Anti-Fracking-Arbeitskreis Nienburg<\/li><li>Arbeitsgemeinschaft AtomErbe Neckarwestheim:<\/li><li>Arbeitsgemeinschaft Schacht KONRAD<\/li><li>Arbeitskreis Umwelt (AKU) Gronau<\/li><li>Arbeitskreis Umwelt (AKU) Sch\u00fcttorf<\/li><li>Bayern Allianz f\u00fcr Atomausstieg und Klimaschutz (BAAK)<\/li><li>B\u00fcfA Regensburg, B\u00fcndnis f\u00fcr Atomausstieg und erneuerbare Energien Regensburg<\/li><li>Bund f\u00fcr Umwelt und Naturschutz (BUND), Kreisgruppe Nienburg\/Weser<\/li><li>Bund f\u00fcr Umwelt und Naturschutz (BUND), Ortsverband Karlsruhe<\/li><li>Bund f\u00fcr Umwelt und Naturschutz (BUND), Kreisgruppe Burgenlandkreis<\/li><li>Bundesverband B\u00fcrgerinitiativen Umweltschutz (BBU)<\/li><li>B\u00fcndnis AgiEL (AtomkraftgegnerInnen im Emsland)<\/li><li>B\u00fcrgerinitative Bergrheinfeld<\/li><li>B\u00fcrgerinitiative \u201eDicke Luft\u201c, Herne<\/li><li>B\u00fcrgerinitiative \u201eKein Atomm\u00fcll in Ahaus\u201c<\/li><li>B\u00fcrgerinitiative A7 Stromtrasse NEIN<\/li><li>B\u00fcrgerinitiative gegen den S\u00fcdOstLink L\u00fctzen<\/li><li>B\u00fcrgerinitiative gegen Ethylenoxid \u2013 Keine Fertigung in Niederkassel<\/li><li>B\u00fcrgerinitiative GegenGift Heilbronn\/UnterLand<\/li><li>B\u00fcrgerinitiative M\u00fcll und Umwelt Karlsruhe<\/li><li>B\u00fcrgerinitiative Nachhaltige Zukunft Ebenung<\/li><li>B\u00fcrgerinitiative Stop Kl\u00e4rschlammverbrennung, Witten<\/li><li>B\u00fcrgerinitiative Strahlenschutz (BISS) Braunschweig<\/li><li>B\u00fcrgerinitiative Strahlenschutz (BISS) Leese<\/li><li>B\u00fcrgerinitiative Umweltschutz L\u00fcchow-Dannenberg<\/li><li>B\u00fcrgerinitiative Umweltschutz Offenburg, (BUO)<\/li><li>B\u00fcrgerinitiative UNS-STINKTS, Gelsenkirchen \/ Herne<\/li><li>B\u00fcrgerinitiative WAA NAA \u2013 BI gegen atomare Anlagen Weiden-Neustadt\/WN&nbsp;<\/li><li>Elternverein Restrisiko Emsland<\/li><li>Initiative AtomErbe Obrigheim<\/li><li>Initiative f\u00fcr den sofortigen Atomausstieg (SOFA), M\u00fcnster<\/li><li>Interessengemeinschaft Ickten, Essen<\/li><li>LAgAtom \u2013 L\u00fcneburger Aktionsb\u00fcndnis gegen Atom<\/li><li>Landesverband B\u00fcrgerinitiativen Umweltschutz (LBU) Niedersachsen<\/li><li>Natur- und Umweltschutzverein Gronau<\/li><li>NaturFreunde Sachsen-Anhalt<\/li><li>Parents For Future Hannover<\/li><li>Schutzgemeinschaft gegen M\u00fclldeponie, He\u00dfheim<\/li><li>Schutzgemeinschaft Hochwang<\/li><li>Schweinfurter Aktionsb\u00fcndnis gegen Atomkraft (SWAB)<\/li><li>Stop Fracking \u2013 B\u00fcrgerinitiative f\u00fcr sauberes Wasser, Witten<\/li><li>Strahlenmessgruppe im Bund der B\u00fcrgerinitiativen Mittlerer Neckar<\/li><li>Umweltgruppe Wiedensahl<\/li><\/ol>\n\n\n\n<p><\/p>\n","protected":false},"excerpt":{"rendered":"<p>Blankes Entsetzen \/ BBU: Verabschiedung des Planungssicherstellungsgesetzes im Bundestag ist eine tiefgreifende Besch\u00e4digung von Demokratie und Umweltschutz COVID-19-Pandemie wurde von der Regierungskoalition zum Abbau der B\u00fcrgerbeteiligung bei Gro\u00dfvorhaben durch Gesetzesverabschiedung am 14. Mai 2020 missbraucht und der Bundesrat hat diesen bereits am 15. Mai 2020 genehmigt. Beim Abbau von B\u00fcrgerrechten\u2026<\/p>\n<p class=\"continue-reading-button\"> <a class=\"continue-reading-link\" href=\"https:\/\/www.umweltaktivisten.de\/index.php\/2020\/05\/18\/blankes-entsetzen-tiefgreifende-beschaedigung-von-demokratie-und-umweltschutz\/\">weiter &#8230;<i class=\"crycon-right-dir\"><\/i><\/a><\/p>\n","protected":false},"author":1,"featured_media":4186,"comment_status":"closed","ping_status":"closed","sticky":false,"template":"","format":"standard","meta":{"footnotes":""},"categories":[1,21,33,19,11],"tags":[],"class_list":["post-4182","post","type-post","status-publish","format-standard","has-post-thumbnail","hentry","category-allgemein","category-atom","category-bundestag","category-fracking","category-inofrack"],"yoast_head":"<!-- This site is optimized with the Yoast SEO plugin v27.5 - https:\/\/yoast.com\/product\/yoast-seo-wordpress\/ -->\n<title>Blankes Entsetzen - tiefgreifende Besch\u00e4digung von Demokratie und Umweltschutz - umweltaktivisten.de<\/title>\n<meta name=\"robots\" content=\"index, nofollow, max-snippet:-1, max-image-preview:large, max-video-preview:-1\" \/>\n<link rel=\"canonical\" href=\"https:\/\/www.umweltaktivisten.de\/index.php\/2020\/05\/18\/blankes-entsetzen-tiefgreifende-beschaedigung-von-demokratie-und-umweltschutz\/\" \/>\n<meta property=\"og:locale\" content=\"de_DE\" \/>\n<meta property=\"og:type\" content=\"article\" \/>\n<meta property=\"og:title\" content=\"Blankes Entsetzen - tiefgreifende Besch\u00e4digung von Demokratie und Umweltschutz - umweltaktivisten.de\" \/>\n<meta property=\"og:description\" content=\"Blankes Entsetzen \/ BBU: Verabschiedung des Planungssicherstellungsgesetzes im Bundestag ist eine tiefgreifende Besch\u00e4digung von Demokratie und Umweltschutz COVID-19-Pandemie wurde von der Regierungskoalition zum Abbau der B\u00fcrgerbeteiligung bei Gro\u00dfvorhaben durch Gesetzesverabschiedung am 14. Mai 2020 missbraucht und der Bundesrat hat diesen bereits am 15. Mai 2020 genehmigt. Beim Abbau von B\u00fcrgerrechten\u2026 weiter ...\" \/>\n<meta property=\"og:url\" content=\"https:\/\/www.umweltaktivisten.de\/index.php\/2020\/05\/18\/blankes-entsetzen-tiefgreifende-beschaedigung-von-demokratie-und-umweltschutz\/\" \/>\n<meta property=\"og:site_name\" content=\"umweltaktivisten.de\" \/>\n<meta property=\"article:published_time\" content=\"2020-05-18T21:20:00+00:00\" \/>\n<meta property=\"article:modified_time\" content=\"2020-05-22T21:41:45+00:00\" \/>\n<meta property=\"og:image\" content=\"https:\/\/www.umweltaktivisten.de\/wp-content\/uploads\/2020\/05\/bundestag-369049_200.png\" \/>\n\t<meta property=\"og:image:width\" content=\"300\" \/>\n\t<meta property=\"og:image:height\" content=\"200\" \/>\n\t<meta property=\"og:image:type\" content=\"image\/png\" \/>\n<meta name=\"author\" content=\"marita\" \/>\n<meta name=\"twitter:card\" content=\"summary_large_image\" \/>\n<meta name=\"twitter:label1\" content=\"Verfasst von\" \/>\n\t<meta name=\"twitter:data1\" content=\"marita\" \/>\n\t<meta name=\"twitter:label2\" content=\"Gesch\u00e4tzte Lesezeit\" \/>\n\t<meta name=\"twitter:data2\" content=\"6\u00a0Minuten\" \/>\n<script type=\"application\/ld+json\" class=\"yoast-schema-graph\">{\"@context\":\"https:\\\/\\\/schema.org\",\"@graph\":[{\"@type\":\"Article\",\"@id\":\"https:\\\/\\\/www.umweltaktivisten.de\\\/index.php\\\/2020\\\/05\\\/18\\\/blankes-entsetzen-tiefgreifende-beschaedigung-von-demokratie-und-umweltschutz\\\/#article\",\"isPartOf\":{\"@id\":\"https:\\\/\\\/www.umweltaktivisten.de\\\/index.php\\\/2020\\\/05\\\/18\\\/blankes-entsetzen-tiefgreifende-beschaedigung-von-demokratie-und-umweltschutz\\\/\"},\"author\":{\"name\":\"marita\",\"@id\":\"https:\\\/\\\/www.umweltaktivisten.de\\\/#\\\/schema\\\/person\\\/af601319cc34a906612869cf3b4fd51a\"},\"headline\":\"Blankes Entsetzen &#8211; tiefgreifende Besch\u00e4digung von Demokratie und Umweltschutz\",\"datePublished\":\"2020-05-18T21:20:00+00:00\",\"dateModified\":\"2020-05-22T21:41:45+00:00\",\"mainEntityOfPage\":{\"@id\":\"https:\\\/\\\/www.umweltaktivisten.de\\\/index.php\\\/2020\\\/05\\\/18\\\/blankes-entsetzen-tiefgreifende-beschaedigung-von-demokratie-und-umweltschutz\\\/\"},\"wordCount\":1210,\"image\":{\"@id\":\"https:\\\/\\\/www.umweltaktivisten.de\\\/index.php\\\/2020\\\/05\\\/18\\\/blankes-entsetzen-tiefgreifende-beschaedigung-von-demokratie-und-umweltschutz\\\/#primaryimage\"},\"thumbnailUrl\":\"https:\\\/\\\/www.umweltaktivisten.de\\\/wp-content\\\/uploads\\\/2020\\\/05\\\/bundestag-369049_200.png\",\"articleSection\":{\"1\":\"Atom\",\"2\":\"Bundestag\",\"3\":\"Fracking\",\"4\":\"inofrack\"},\"inLanguage\":\"de\"},{\"@type\":\"WebPage\",\"@id\":\"https:\\\/\\\/www.umweltaktivisten.de\\\/index.php\\\/2020\\\/05\\\/18\\\/blankes-entsetzen-tiefgreifende-beschaedigung-von-demokratie-und-umweltschutz\\\/\",\"url\":\"https:\\\/\\\/www.umweltaktivisten.de\\\/index.php\\\/2020\\\/05\\\/18\\\/blankes-entsetzen-tiefgreifende-beschaedigung-von-demokratie-und-umweltschutz\\\/\",\"name\":\"Blankes Entsetzen - tiefgreifende Besch\u00e4digung von Demokratie und Umweltschutz - umweltaktivisten.de\",\"isPartOf\":{\"@id\":\"https:\\\/\\\/www.umweltaktivisten.de\\\/#website\"},\"primaryImageOfPage\":{\"@id\":\"https:\\\/\\\/www.umweltaktivisten.de\\\/index.php\\\/2020\\\/05\\\/18\\\/blankes-entsetzen-tiefgreifende-beschaedigung-von-demokratie-und-umweltschutz\\\/#primaryimage\"},\"image\":{\"@id\":\"https:\\\/\\\/www.umweltaktivisten.de\\\/index.php\\\/2020\\\/05\\\/18\\\/blankes-entsetzen-tiefgreifende-beschaedigung-von-demokratie-und-umweltschutz\\\/#primaryimage\"},\"thumbnailUrl\":\"https:\\\/\\\/www.umweltaktivisten.de\\\/wp-content\\\/uploads\\\/2020\\\/05\\\/bundestag-369049_200.png\",\"datePublished\":\"2020-05-18T21:20:00+00:00\",\"dateModified\":\"2020-05-22T21:41:45+00:00\",\"author\":{\"@id\":\"https:\\\/\\\/www.umweltaktivisten.de\\\/#\\\/schema\\\/person\\\/af601319cc34a906612869cf3b4fd51a\"},\"breadcrumb\":{\"@id\":\"https:\\\/\\\/www.umweltaktivisten.de\\\/index.php\\\/2020\\\/05\\\/18\\\/blankes-entsetzen-tiefgreifende-beschaedigung-von-demokratie-und-umweltschutz\\\/#breadcrumb\"},\"inLanguage\":\"de\",\"potentialAction\":[{\"@type\":\"ReadAction\",\"target\":[\"https:\\\/\\\/www.umweltaktivisten.de\\\/index.php\\\/2020\\\/05\\\/18\\\/blankes-entsetzen-tiefgreifende-beschaedigung-von-demokratie-und-umweltschutz\\\/\"]}]},{\"@type\":\"ImageObject\",\"inLanguage\":\"de\",\"@id\":\"https:\\\/\\\/www.umweltaktivisten.de\\\/index.php\\\/2020\\\/05\\\/18\\\/blankes-entsetzen-tiefgreifende-beschaedigung-von-demokratie-und-umweltschutz\\\/#primaryimage\",\"url\":\"https:\\\/\\\/www.umweltaktivisten.de\\\/wp-content\\\/uploads\\\/2020\\\/05\\\/bundestag-369049_200.png\",\"contentUrl\":\"https:\\\/\\\/www.umweltaktivisten.de\\\/wp-content\\\/uploads\\\/2020\\\/05\\\/bundestag-369049_200.png\",\"width\":300,\"height\":200,\"caption\":\"Bild: pixabay.com\"},{\"@type\":\"BreadcrumbList\",\"@id\":\"https:\\\/\\\/www.umweltaktivisten.de\\\/index.php\\\/2020\\\/05\\\/18\\\/blankes-entsetzen-tiefgreifende-beschaedigung-von-demokratie-und-umweltschutz\\\/#breadcrumb\",\"itemListElement\":[{\"@type\":\"ListItem\",\"position\":1,\"name\":\"Home\",\"item\":\"https:\\\/\\\/www.umweltaktivisten.de\\\/\"},{\"@type\":\"ListItem\",\"position\":2,\"name\":\"Blankes Entsetzen &#8211; tiefgreifende Besch\u00e4digung von Demokratie und Umweltschutz\"}]},{\"@type\":\"WebSite\",\"@id\":\"https:\\\/\\\/www.umweltaktivisten.de\\\/#website\",\"url\":\"https:\\\/\\\/www.umweltaktivisten.de\\\/\",\"name\":\"umweltaktivisten.de\",\"description\":\"&quot;Wir haben die Erde nur von unseren Kindern geborgt&quot;\",\"potentialAction\":[{\"@type\":\"SearchAction\",\"target\":{\"@type\":\"EntryPoint\",\"urlTemplate\":\"https:\\\/\\\/www.umweltaktivisten.de\\\/?s={search_term_string}\"},\"query-input\":{\"@type\":\"PropertyValueSpecification\",\"valueRequired\":true,\"valueName\":\"search_term_string\"}}],\"inLanguage\":\"de\"},{\"@type\":\"Person\",\"@id\":\"https:\\\/\\\/www.umweltaktivisten.de\\\/#\\\/schema\\\/person\\\/af601319cc34a906612869cf3b4fd51a\",\"name\":\"marita\",\"url\":\"https:\\\/\\\/www.umweltaktivisten.de\\\/author\\\/marita\\\/\"}]}<\/script>\n<!-- \/ Yoast SEO plugin. -->","yoast_head_json":{"title":"Blankes Entsetzen - tiefgreifende Besch\u00e4digung von Demokratie und Umweltschutz - umweltaktivisten.de","robots":{"index":"index","follow":"nofollow","max-snippet":"max-snippet:-1","max-image-preview":"max-image-preview:large","max-video-preview":"max-video-preview:-1"},"canonical":"https:\/\/www.umweltaktivisten.de\/index.php\/2020\/05\/18\/blankes-entsetzen-tiefgreifende-beschaedigung-von-demokratie-und-umweltschutz\/","og_locale":"de_DE","og_type":"article","og_title":"Blankes Entsetzen - tiefgreifende Besch\u00e4digung von Demokratie und Umweltschutz - umweltaktivisten.de","og_description":"Blankes Entsetzen \/ BBU: Verabschiedung des Planungssicherstellungsgesetzes im Bundestag ist eine tiefgreifende Besch\u00e4digung von Demokratie und Umweltschutz COVID-19-Pandemie wurde von der Regierungskoalition zum Abbau der B\u00fcrgerbeteiligung bei Gro\u00dfvorhaben durch Gesetzesverabschiedung am 14. Mai 2020 missbraucht und der Bundesrat hat diesen bereits am 15. Mai 2020 genehmigt. Beim Abbau von B\u00fcrgerrechten\u2026 weiter ...","og_url":"https:\/\/www.umweltaktivisten.de\/index.php\/2020\/05\/18\/blankes-entsetzen-tiefgreifende-beschaedigung-von-demokratie-und-umweltschutz\/","og_site_name":"umweltaktivisten.de","article_published_time":"2020-05-18T21:20:00+00:00","article_modified_time":"2020-05-22T21:41:45+00:00","og_image":[{"width":300,"height":200,"url":"https:\/\/www.umweltaktivisten.de\/wp-content\/uploads\/2020\/05\/bundestag-369049_200.png","type":"image\/png"}],"author":"marita","twitter_card":"summary_large_image","twitter_misc":{"Verfasst von":"marita","Gesch\u00e4tzte Lesezeit":"6\u00a0Minuten"},"schema":{"@context":"https:\/\/schema.org","@graph":[{"@type":"Article","@id":"https:\/\/www.umweltaktivisten.de\/index.php\/2020\/05\/18\/blankes-entsetzen-tiefgreifende-beschaedigung-von-demokratie-und-umweltschutz\/#article","isPartOf":{"@id":"https:\/\/www.umweltaktivisten.de\/index.php\/2020\/05\/18\/blankes-entsetzen-tiefgreifende-beschaedigung-von-demokratie-und-umweltschutz\/"},"author":{"name":"marita","@id":"https:\/\/www.umweltaktivisten.de\/#\/schema\/person\/af601319cc34a906612869cf3b4fd51a"},"headline":"Blankes Entsetzen &#8211; tiefgreifende Besch\u00e4digung von Demokratie und Umweltschutz","datePublished":"2020-05-18T21:20:00+00:00","dateModified":"2020-05-22T21:41:45+00:00","mainEntityOfPage":{"@id":"https:\/\/www.umweltaktivisten.de\/index.php\/2020\/05\/18\/blankes-entsetzen-tiefgreifende-beschaedigung-von-demokratie-und-umweltschutz\/"},"wordCount":1210,"image":{"@id":"https:\/\/www.umweltaktivisten.de\/index.php\/2020\/05\/18\/blankes-entsetzen-tiefgreifende-beschaedigung-von-demokratie-und-umweltschutz\/#primaryimage"},"thumbnailUrl":"https:\/\/www.umweltaktivisten.de\/wp-content\/uploads\/2020\/05\/bundestag-369049_200.png","articleSection":{"1":"Atom","2":"Bundestag","3":"Fracking","4":"inofrack"},"inLanguage":"de"},{"@type":"WebPage","@id":"https:\/\/www.umweltaktivisten.de\/index.php\/2020\/05\/18\/blankes-entsetzen-tiefgreifende-beschaedigung-von-demokratie-und-umweltschutz\/","url":"https:\/\/www.umweltaktivisten.de\/index.php\/2020\/05\/18\/blankes-entsetzen-tiefgreifende-beschaedigung-von-demokratie-und-umweltschutz\/","name":"Blankes Entsetzen - tiefgreifende Besch\u00e4digung von Demokratie und Umweltschutz - umweltaktivisten.de","isPartOf":{"@id":"https:\/\/www.umweltaktivisten.de\/#website"},"primaryImageOfPage":{"@id":"https:\/\/www.umweltaktivisten.de\/index.php\/2020\/05\/18\/blankes-entsetzen-tiefgreifende-beschaedigung-von-demokratie-und-umweltschutz\/#primaryimage"},"image":{"@id":"https:\/\/www.umweltaktivisten.de\/index.php\/2020\/05\/18\/blankes-entsetzen-tiefgreifende-beschaedigung-von-demokratie-und-umweltschutz\/#primaryimage"},"thumbnailUrl":"https:\/\/www.umweltaktivisten.de\/wp-content\/uploads\/2020\/05\/bundestag-369049_200.png","datePublished":"2020-05-18T21:20:00+00:00","dateModified":"2020-05-22T21:41:45+00:00","author":{"@id":"https:\/\/www.umweltaktivisten.de\/#\/schema\/person\/af601319cc34a906612869cf3b4fd51a"},"breadcrumb":{"@id":"https:\/\/www.umweltaktivisten.de\/index.php\/2020\/05\/18\/blankes-entsetzen-tiefgreifende-beschaedigung-von-demokratie-und-umweltschutz\/#breadcrumb"},"inLanguage":"de","potentialAction":[{"@type":"ReadAction","target":["https:\/\/www.umweltaktivisten.de\/index.php\/2020\/05\/18\/blankes-entsetzen-tiefgreifende-beschaedigung-von-demokratie-und-umweltschutz\/"]}]},{"@type":"ImageObject","inLanguage":"de","@id":"https:\/\/www.umweltaktivisten.de\/index.php\/2020\/05\/18\/blankes-entsetzen-tiefgreifende-beschaedigung-von-demokratie-und-umweltschutz\/#primaryimage","url":"https:\/\/www.umweltaktivisten.de\/wp-content\/uploads\/2020\/05\/bundestag-369049_200.png","contentUrl":"https:\/\/www.umweltaktivisten.de\/wp-content\/uploads\/2020\/05\/bundestag-369049_200.png","width":300,"height":200,"caption":"Bild: pixabay.com"},{"@type":"BreadcrumbList","@id":"https:\/\/www.umweltaktivisten.de\/index.php\/2020\/05\/18\/blankes-entsetzen-tiefgreifende-beschaedigung-von-demokratie-und-umweltschutz\/#breadcrumb","itemListElement":[{"@type":"ListItem","position":1,"name":"Home","item":"https:\/\/www.umweltaktivisten.de\/"},{"@type":"ListItem","position":2,"name":"Blankes Entsetzen &#8211; tiefgreifende Besch\u00e4digung von Demokratie und Umweltschutz"}]},{"@type":"WebSite","@id":"https:\/\/www.umweltaktivisten.de\/#website","url":"https:\/\/www.umweltaktivisten.de\/","name":"umweltaktivisten.de","description":"&quot;Wir haben die Erde nur von unseren Kindern geborgt&quot;","potentialAction":[{"@type":"SearchAction","target":{"@type":"EntryPoint","urlTemplate":"https:\/\/www.umweltaktivisten.de\/?s={search_term_string}"},"query-input":{"@type":"PropertyValueSpecification","valueRequired":true,"valueName":"search_term_string"}}],"inLanguage":"de"},{"@type":"Person","@id":"https:\/\/www.umweltaktivisten.de\/#\/schema\/person\/af601319cc34a906612869cf3b4fd51a","name":"marita","url":"https:\/\/www.umweltaktivisten.de\/author\/marita\/"}]}},"_links":{"self":[{"href":"https:\/\/www.umweltaktivisten.de\/index.php\/wp-json\/wp\/v2\/posts\/4182","targetHints":{"allow":["GET"]}}],"collection":[{"href":"https:\/\/www.umweltaktivisten.de\/index.php\/wp-json\/wp\/v2\/posts"}],"about":[{"href":"https:\/\/www.umweltaktivisten.de\/index.php\/wp-json\/wp\/v2\/types\/post"}],"author":[{"embeddable":true,"href":"https:\/\/www.umweltaktivisten.de\/index.php\/wp-json\/wp\/v2\/users\/1"}],"replies":[{"embeddable":true,"href":"https:\/\/www.umweltaktivisten.de\/index.php\/wp-json\/wp\/v2\/comments?post=4182"}],"version-history":[{"count":5,"href":"https:\/\/www.umweltaktivisten.de\/index.php\/wp-json\/wp\/v2\/posts\/4182\/revisions"}],"predecessor-version":[{"id":4189,"href":"https:\/\/www.umweltaktivisten.de\/index.php\/wp-json\/wp\/v2\/posts\/4182\/revisions\/4189"}],"wp:featuredmedia":[{"embeddable":true,"href":"https:\/\/www.umweltaktivisten.de\/index.php\/wp-json\/wp\/v2\/media\/4186"}],"wp:attachment":[{"href":"https:\/\/www.umweltaktivisten.de\/index.php\/wp-json\/wp\/v2\/media?parent=4182"}],"wp:term":[{"taxonomy":"category","embeddable":true,"href":"https:\/\/www.umweltaktivisten.de\/index.php\/wp-json\/wp\/v2\/categories?post=4182"},{"taxonomy":"post_tag","embeddable":true,"href":"https:\/\/www.umweltaktivisten.de\/index.php\/wp-json\/wp\/v2\/tags?post=4182"}],"curies":[{"name":"wp","href":"https:\/\/api.w.org\/{rel}","templated":true}]}}