{"id":4151,"date":"2020-04-18T21:11:00","date_gmt":"2020-04-18T19:11:00","guid":{"rendered":"http:\/\/www.umweltaktivisten.de\/?p=4151"},"modified":"2020-04-20T21:15:44","modified_gmt":"2020-04-20T19:15:44","slug":"kann-der-atommuell-laenger-in-juelich-bleiben-expertise","status":"publish","type":"post","link":"https:\/\/www.umweltaktivisten.de\/index.php\/2020\/04\/18\/kann-der-atommuell-laenger-in-juelich-bleiben-expertise\/","title":{"rendered":"Kann der Atomm\u00fcll l\u00e4nger in J\u00fclich bleiben? Expertise"},"content":{"rendered":"<p><br>\n<!--StartFragment--><\/p>\n\n\n<figure class=\"wp-block-image size-large\"><img loading=\"lazy\" decoding=\"async\" width=\"800\" height=\"533\" src=\"https:\/\/www.umweltaktivisten.de\/wp-content\/uploads\/2016\/12\/Castoren-Original-800x600.png\" alt=\"\" class=\"wp-image-1737\" srcset=\"https:\/\/www.umweltaktivisten.de\/wp-content\/uploads\/2016\/12\/Castoren-Original-800x600.png 800w, https:\/\/www.umweltaktivisten.de\/wp-content\/uploads\/2016\/12\/Castoren-Original-800x600-300x200.png 300w, https:\/\/www.umweltaktivisten.de\/wp-content\/uploads\/2016\/12\/Castoren-Original-800x600-150x100.png 150w\" sizes=\"auto, (max-width: 800px) 100vw, 800px\" \/><figcaption>\u00a9 Marita Boslar<\/figcaption><\/figure>\n\n\n\n<p><strong>Bericht des WDR vom 17. April 2020:  &#8222;Der Atomm\u00fcll k\u00f6nnte noch l\u00e4nger in J\u00fclich bleiben&#8220; von Helga Hermanns<\/strong><\/p>\n\n\n\n<p><a href=\"https:\/\/www1.wdr.de\/nachrichten\/rheinland\/atommuell-juelich-108.html\" target=\"_blank\" rel=\"noreferrer noopener\" aria-label=\" (\u00f6ffnet in neuem Tab)\">https:\/\/www1.wdr.de\/nachrichten\/rheinland\/atommuell-juelich-108.html<\/a><\/p>\n\n\n<p><!--EndFragment--><br>\n<br>\n<\/p>","protected":false},"excerpt":{"rendered":"<p>Bericht des WDR vom 17. April 2020: &#8222;Der Atomm\u00fcll k\u00f6nnte noch l\u00e4nger in J\u00fclich bleiben&#8220; von Helga Hermanns https:\/\/www1.wdr.de\/nachrichten\/rheinland\/atommuell-juelich-108.html<\/p>\n<p class=\"continue-reading-button\"> <a class=\"continue-reading-link\" href=\"https:\/\/www.umweltaktivisten.de\/index.php\/2020\/04\/18\/kann-der-atommuell-laenger-in-juelich-bleiben-expertise\/\">weiter &#8230;<i class=\"crycon-right-dir\"><\/i><\/a><\/p>\n","protected":false},"author":1,"featured_media":1231,"comment_status":"closed","ping_status":"closed","sticky":false,"template":"","format":"standard","meta":{"footnotes":""},"categories":[21,14,10],"tags":[157,643],"class_list":["post-4151","post","type-post","status-publish","format-standard","has-post-thumbnail","hentry","category-atom","category-savannah-river-site-watch","category-stop-westcastor","tag-juelicher-castoren","tag-srs"],"yoast_head":"<!-- This site is optimized with the Yoast SEO plugin v27.4 - https:\/\/yoast.com\/product\/yoast-seo-wordpress\/ -->\n<title>Kann der Atomm\u00fcll l\u00e4nger in J\u00fclich bleiben? Expertise umweltaktivisten.de<\/title>\n<meta name=\"robots\" content=\"index, nofollow, max-snippet:-1, max-image-preview:large, max-video-preview:-1\" \/>\n<link rel=\"canonical\" href=\"https:\/\/www.umweltaktivisten.de\/index.php\/2020\/04\/18\/kann-der-atommuell-laenger-in-juelich-bleiben-expertise\/\" \/>\n<meta property=\"og:locale\" content=\"de_DE\" \/>\n<meta property=\"og:type\" content=\"article\" \/>\n<meta property=\"og:title\" content=\"Kann der Atomm\u00fcll l\u00e4nger in J\u00fclich bleiben? Expertise umweltaktivisten.de\" \/>\n<meta property=\"og:description\" content=\"Bericht des WDR vom 17. April 2020: &#8222;Der Atomm\u00fcll k\u00f6nnte noch l\u00e4nger in J\u00fclich bleiben&#8220; von Helga Hermanns https:\/\/www1.wdr.de\/nachrichten\/rheinland\/atommuell-juelich-108.html weiter ...\" \/>\n<meta property=\"og:url\" content=\"https:\/\/www.umweltaktivisten.de\/index.php\/2020\/04\/18\/kann-der-atommuell-laenger-in-juelich-bleiben-expertise\/\" \/>\n<meta property=\"og:site_name\" content=\"umweltaktivisten.de\" \/>\n<meta property=\"article:published_time\" content=\"2020-04-18T19:11:00+00:00\" \/>\n<meta property=\"article:modified_time\" content=\"2020-04-20T19:15:44+00:00\" \/>\n<meta property=\"og:image\" content=\"https:\/\/www.umweltaktivisten.de\/wp-content\/uploads\/2016\/05\/Castoren-300X200.jpg\" \/>\n\t<meta property=\"og:image:width\" content=\"300\" \/>\n\t<meta property=\"og:image:height\" content=\"200\" \/>\n\t<meta property=\"og:image:type\" content=\"image\/jpeg\" \/>\n<meta name=\"author\" content=\"marita\" \/>\n<meta name=\"twitter:card\" content=\"summary_large_image\" \/>\n<meta name=\"twitter:label1\" content=\"Verfasst von\" \/>\n\t<meta name=\"twitter:data1\" content=\"marita\" \/>\n<script type=\"application\/ld+json\" class=\"yoast-schema-graph\">{\"@context\":\"https:\\\/\\\/schema.org\",\"@graph\":[{\"@type\":\"Article\",\"@id\":\"https:\\\/\\\/www.umweltaktivisten.de\\\/index.php\\\/2020\\\/04\\\/18\\\/kann-der-atommuell-laenger-in-juelich-bleiben-expertise\\\/#article\",\"isPartOf\":{\"@id\":\"https:\\\/\\\/www.umweltaktivisten.de\\\/index.php\\\/2020\\\/04\\\/18\\\/kann-der-atommuell-laenger-in-juelich-bleiben-expertise\\\/\"},\"author\":{\"name\":\"marita\",\"@id\":\"https:\\\/\\\/www.umweltaktivisten.de\\\/#\\\/schema\\\/person\\\/af601319cc34a906612869cf3b4fd51a\"},\"headline\":\"Kann der Atomm\u00fcll l\u00e4nger in J\u00fclich bleiben? Expertise\",\"datePublished\":\"2020-04-18T19:11:00+00:00\",\"dateModified\":\"2020-04-20T19:15:44+00:00\",\"mainEntityOfPage\":{\"@id\":\"https:\\\/\\\/www.umweltaktivisten.de\\\/index.php\\\/2020\\\/04\\\/18\\\/kann-der-atommuell-laenger-in-juelich-bleiben-expertise\\\/\"},\"wordCount\":41,\"image\":{\"@id\":\"https:\\\/\\\/www.umweltaktivisten.de\\\/index.php\\\/2020\\\/04\\\/18\\\/kann-der-atommuell-laenger-in-juelich-bleiben-expertise\\\/#primaryimage\"},\"thumbnailUrl\":\"https:\\\/\\\/www.umweltaktivisten.de\\\/wp-content\\\/uploads\\\/2016\\\/05\\\/Castoren-300X200.jpg\",\"keywords\":[\"J\u00fclicher Castoren\",\"SRS\"],\"articleSection\":[\"Atom\",\"Savannah River Site watch\",\"Stop Westcastor\"],\"inLanguage\":\"de\"},{\"@type\":\"WebPage\",\"@id\":\"https:\\\/\\\/www.umweltaktivisten.de\\\/index.php\\\/2020\\\/04\\\/18\\\/kann-der-atommuell-laenger-in-juelich-bleiben-expertise\\\/\",\"url\":\"https:\\\/\\\/www.umweltaktivisten.de\\\/index.php\\\/2020\\\/04\\\/18\\\/kann-der-atommuell-laenger-in-juelich-bleiben-expertise\\\/\",\"name\":\"Kann der Atomm\u00fcll l\u00e4nger in J\u00fclich bleiben? Expertise umweltaktivisten.de\",\"isPartOf\":{\"@id\":\"https:\\\/\\\/www.umweltaktivisten.de\\\/#website\"},\"primaryImageOfPage\":{\"@id\":\"https:\\\/\\\/www.umweltaktivisten.de\\\/index.php\\\/2020\\\/04\\\/18\\\/kann-der-atommuell-laenger-in-juelich-bleiben-expertise\\\/#primaryimage\"},\"image\":{\"@id\":\"https:\\\/\\\/www.umweltaktivisten.de\\\/index.php\\\/2020\\\/04\\\/18\\\/kann-der-atommuell-laenger-in-juelich-bleiben-expertise\\\/#primaryimage\"},\"thumbnailUrl\":\"https:\\\/\\\/www.umweltaktivisten.de\\\/wp-content\\\/uploads\\\/2016\\\/05\\\/Castoren-300X200.jpg\",\"datePublished\":\"2020-04-18T19:11:00+00:00\",\"dateModified\":\"2020-04-20T19:15:44+00:00\",\"author\":{\"@id\":\"https:\\\/\\\/www.umweltaktivisten.de\\\/#\\\/schema\\\/person\\\/af601319cc34a906612869cf3b4fd51a\"},\"breadcrumb\":{\"@id\":\"https:\\\/\\\/www.umweltaktivisten.de\\\/index.php\\\/2020\\\/04\\\/18\\\/kann-der-atommuell-laenger-in-juelich-bleiben-expertise\\\/#breadcrumb\"},\"inLanguage\":\"de\",\"potentialAction\":[{\"@type\":\"ReadAction\",\"target\":[\"https:\\\/\\\/www.umweltaktivisten.de\\\/index.php\\\/2020\\\/04\\\/18\\\/kann-der-atommuell-laenger-in-juelich-bleiben-expertise\\\/\"]}]},{\"@type\":\"ImageObject\",\"inLanguage\":\"de\",\"@id\":\"https:\\\/\\\/www.umweltaktivisten.de\\\/index.php\\\/2020\\\/04\\\/18\\\/kann-der-atommuell-laenger-in-juelich-bleiben-expertise\\\/#primaryimage\",\"url\":\"https:\\\/\\\/www.umweltaktivisten.de\\\/wp-content\\\/uploads\\\/2016\\\/05\\\/Castoren-300X200.jpg\",\"contentUrl\":\"https:\\\/\\\/www.umweltaktivisten.de\\\/wp-content\\\/uploads\\\/2016\\\/05\\\/Castoren-300X200.jpg\",\"width\":300,\"height\":200,\"caption\":\"\u00a9 Marita Boslar\"},{\"@type\":\"BreadcrumbList\",\"@id\":\"https:\\\/\\\/www.umweltaktivisten.de\\\/index.php\\\/2020\\\/04\\\/18\\\/kann-der-atommuell-laenger-in-juelich-bleiben-expertise\\\/#breadcrumb\",\"itemListElement\":[{\"@type\":\"ListItem\",\"position\":1,\"name\":\"Home\",\"item\":\"https:\\\/\\\/www.umweltaktivisten.de\\\/\"},{\"@type\":\"ListItem\",\"position\":2,\"name\":\"Kann der Atomm\u00fcll l\u00e4nger in J\u00fclich bleiben? Expertise\"}]},{\"@type\":\"WebSite\",\"@id\":\"https:\\\/\\\/www.umweltaktivisten.de\\\/#website\",\"url\":\"https:\\\/\\\/www.umweltaktivisten.de\\\/\",\"name\":\"umweltaktivisten.de\",\"description\":\"&quot;Wir haben die Erde nur von unseren Kindern geborgt&quot;\",\"potentialAction\":[{\"@type\":\"SearchAction\",\"target\":{\"@type\":\"EntryPoint\",\"urlTemplate\":\"https:\\\/\\\/www.umweltaktivisten.de\\\/?s={search_term_string}\"},\"query-input\":{\"@type\":\"PropertyValueSpecification\",\"valueRequired\":true,\"valueName\":\"search_term_string\"}}],\"inLanguage\":\"de\"},{\"@type\":\"Person\",\"@id\":\"https:\\\/\\\/www.umweltaktivisten.de\\\/#\\\/schema\\\/person\\\/af601319cc34a906612869cf3b4fd51a\",\"name\":\"marita\",\"url\":\"https:\\\/\\\/www.umweltaktivisten.de\\\/author\\\/marita\\\/\"}]}<\/script>\n<!-- \/ Yoast SEO plugin. -->","yoast_head_json":{"title":"Kann der Atomm\u00fcll l\u00e4nger in J\u00fclich bleiben? Expertise umweltaktivisten.de","robots":{"index":"index","follow":"nofollow","max-snippet":"max-snippet:-1","max-image-preview":"max-image-preview:large","max-video-preview":"max-video-preview:-1"},"canonical":"https:\/\/www.umweltaktivisten.de\/index.php\/2020\/04\/18\/kann-der-atommuell-laenger-in-juelich-bleiben-expertise\/","og_locale":"de_DE","og_type":"article","og_title":"Kann der Atomm\u00fcll l\u00e4nger in J\u00fclich bleiben? Expertise umweltaktivisten.de","og_description":"Bericht des WDR vom 17. April 2020: &#8222;Der Atomm\u00fcll k\u00f6nnte noch l\u00e4nger in J\u00fclich bleiben&#8220; von Helga Hermanns https:\/\/www1.wdr.de\/nachrichten\/rheinland\/atommuell-juelich-108.html weiter ...","og_url":"https:\/\/www.umweltaktivisten.de\/index.php\/2020\/04\/18\/kann-der-atommuell-laenger-in-juelich-bleiben-expertise\/","og_site_name":"umweltaktivisten.de","article_published_time":"2020-04-18T19:11:00+00:00","article_modified_time":"2020-04-20T19:15:44+00:00","og_image":[{"width":300,"height":200,"url":"https:\/\/www.umweltaktivisten.de\/wp-content\/uploads\/2016\/05\/Castoren-300X200.jpg","type":"image\/jpeg"}],"author":"marita","twitter_card":"summary_large_image","twitter_misc":{"Verfasst von":"marita"},"schema":{"@context":"https:\/\/schema.org","@graph":[{"@type":"Article","@id":"https:\/\/www.umweltaktivisten.de\/index.php\/2020\/04\/18\/kann-der-atommuell-laenger-in-juelich-bleiben-expertise\/#article","isPartOf":{"@id":"https:\/\/www.umweltaktivisten.de\/index.php\/2020\/04\/18\/kann-der-atommuell-laenger-in-juelich-bleiben-expertise\/"},"author":{"name":"marita","@id":"https:\/\/www.umweltaktivisten.de\/#\/schema\/person\/af601319cc34a906612869cf3b4fd51a"},"headline":"Kann der Atomm\u00fcll l\u00e4nger in J\u00fclich bleiben? Expertise","datePublished":"2020-04-18T19:11:00+00:00","dateModified":"2020-04-20T19:15:44+00:00","mainEntityOfPage":{"@id":"https:\/\/www.umweltaktivisten.de\/index.php\/2020\/04\/18\/kann-der-atommuell-laenger-in-juelich-bleiben-expertise\/"},"wordCount":41,"image":{"@id":"https:\/\/www.umweltaktivisten.de\/index.php\/2020\/04\/18\/kann-der-atommuell-laenger-in-juelich-bleiben-expertise\/#primaryimage"},"thumbnailUrl":"https:\/\/www.umweltaktivisten.de\/wp-content\/uploads\/2016\/05\/Castoren-300X200.jpg","keywords":["J\u00fclicher Castoren","SRS"],"articleSection":["Atom","Savannah River Site watch","Stop Westcastor"],"inLanguage":"de"},{"@type":"WebPage","@id":"https:\/\/www.umweltaktivisten.de\/index.php\/2020\/04\/18\/kann-der-atommuell-laenger-in-juelich-bleiben-expertise\/","url":"https:\/\/www.umweltaktivisten.de\/index.php\/2020\/04\/18\/kann-der-atommuell-laenger-in-juelich-bleiben-expertise\/","name":"Kann der Atomm\u00fcll l\u00e4nger in J\u00fclich bleiben? Expertise umweltaktivisten.de","isPartOf":{"@id":"https:\/\/www.umweltaktivisten.de\/#website"},"primaryImageOfPage":{"@id":"https:\/\/www.umweltaktivisten.de\/index.php\/2020\/04\/18\/kann-der-atommuell-laenger-in-juelich-bleiben-expertise\/#primaryimage"},"image":{"@id":"https:\/\/www.umweltaktivisten.de\/index.php\/2020\/04\/18\/kann-der-atommuell-laenger-in-juelich-bleiben-expertise\/#primaryimage"},"thumbnailUrl":"https:\/\/www.umweltaktivisten.de\/wp-content\/uploads\/2016\/05\/Castoren-300X200.jpg","datePublished":"2020-04-18T19:11:00+00:00","dateModified":"2020-04-20T19:15:44+00:00","author":{"@id":"https:\/\/www.umweltaktivisten.de\/#\/schema\/person\/af601319cc34a906612869cf3b4fd51a"},"breadcrumb":{"@id":"https:\/\/www.umweltaktivisten.de\/index.php\/2020\/04\/18\/kann-der-atommuell-laenger-in-juelich-bleiben-expertise\/#breadcrumb"},"inLanguage":"de","potentialAction":[{"@type":"ReadAction","target":["https:\/\/www.umweltaktivisten.de\/index.php\/2020\/04\/18\/kann-der-atommuell-laenger-in-juelich-bleiben-expertise\/"]}]},{"@type":"ImageObject","inLanguage":"de","@id":"https:\/\/www.umweltaktivisten.de\/index.php\/2020\/04\/18\/kann-der-atommuell-laenger-in-juelich-bleiben-expertise\/#primaryimage","url":"https:\/\/www.umweltaktivisten.de\/wp-content\/uploads\/2016\/05\/Castoren-300X200.jpg","contentUrl":"https:\/\/www.umweltaktivisten.de\/wp-content\/uploads\/2016\/05\/Castoren-300X200.jpg","width":300,"height":200,"caption":"\u00a9 Marita Boslar"},{"@type":"BreadcrumbList","@id":"https:\/\/www.umweltaktivisten.de\/index.php\/2020\/04\/18\/kann-der-atommuell-laenger-in-juelich-bleiben-expertise\/#breadcrumb","itemListElement":[{"@type":"ListItem","position":1,"name":"Home","item":"https:\/\/www.umweltaktivisten.de\/"},{"@type":"ListItem","position":2,"name":"Kann der Atomm\u00fcll l\u00e4nger in J\u00fclich bleiben? Expertise"}]},{"@type":"WebSite","@id":"https:\/\/www.umweltaktivisten.de\/#website","url":"https:\/\/www.umweltaktivisten.de\/","name":"umweltaktivisten.de","description":"&quot;Wir haben die Erde nur von unseren Kindern geborgt&quot;","potentialAction":[{"@type":"SearchAction","target":{"@type":"EntryPoint","urlTemplate":"https:\/\/www.umweltaktivisten.de\/?s={search_term_string}"},"query-input":{"@type":"PropertyValueSpecification","valueRequired":true,"valueName":"search_term_string"}}],"inLanguage":"de"},{"@type":"Person","@id":"https:\/\/www.umweltaktivisten.de\/#\/schema\/person\/af601319cc34a906612869cf3b4fd51a","name":"marita","url":"https:\/\/www.umweltaktivisten.de\/author\/marita\/"}]}},"_links":{"self":[{"href":"https:\/\/www.umweltaktivisten.de\/index.php\/wp-json\/wp\/v2\/posts\/4151","targetHints":{"allow":["GET"]}}],"collection":[{"href":"https:\/\/www.umweltaktivisten.de\/index.php\/wp-json\/wp\/v2\/posts"}],"about":[{"href":"https:\/\/www.umweltaktivisten.de\/index.php\/wp-json\/wp\/v2\/types\/post"}],"author":[{"embeddable":true,"href":"https:\/\/www.umweltaktivisten.de\/index.php\/wp-json\/wp\/v2\/users\/1"}],"replies":[{"embeddable":true,"href":"https:\/\/www.umweltaktivisten.de\/index.php\/wp-json\/wp\/v2\/comments?post=4151"}],"version-history":[{"count":1,"href":"https:\/\/www.umweltaktivisten.de\/index.php\/wp-json\/wp\/v2\/posts\/4151\/revisions"}],"predecessor-version":[{"id":4152,"href":"https:\/\/www.umweltaktivisten.de\/index.php\/wp-json\/wp\/v2\/posts\/4151\/revisions\/4152"}],"wp:featuredmedia":[{"embeddable":true,"href":"https:\/\/www.umweltaktivisten.de\/index.php\/wp-json\/wp\/v2\/media\/1231"}],"wp:attachment":[{"href":"https:\/\/www.umweltaktivisten.de\/index.php\/wp-json\/wp\/v2\/media?parent=4151"}],"wp:term":[{"taxonomy":"category","embeddable":true,"href":"https:\/\/www.umweltaktivisten.de\/index.php\/wp-json\/wp\/v2\/categories?post=4151"},{"taxonomy":"post_tag","embeddable":true,"href":"https:\/\/www.umweltaktivisten.de\/index.php\/wp-json\/wp\/v2\/tags?post=4151"}],"curies":[{"name":"wp","href":"https:\/\/api.w.org\/{rel}","templated":true}]}}