{"id":4102,"date":"2020-03-27T23:00:00","date_gmt":"2020-03-27T22:00:00","guid":{"rendered":"http:\/\/www.umweltaktivisten.de\/?p=4102"},"modified":"2020-03-28T23:10:11","modified_gmt":"2020-03-28T22:10:11","slug":"wdr-bundesinnenministerium-stoppt-urantransport","status":"publish","type":"post","link":"https:\/\/www.umweltaktivisten.de\/index.php\/2020\/03\/27\/wdr-bundesinnenministerium-stoppt-urantransport\/","title":{"rendered":"WDR: Bundesinnenministerium stoppt Urantransport"},"content":{"rendered":"\n<figure class=\"wp-block-image size-large\"><img loading=\"lazy\" decoding=\"async\" width=\"1024\" height=\"601\" src=\"https:\/\/www.umweltaktivisten.de\/wp-content\/uploads\/2020\/02\/Urantransporte-allgemein-1024x601.png\" alt=\"\" class=\"wp-image-4025\" srcset=\"https:\/\/www.umweltaktivisten.de\/wp-content\/uploads\/2020\/02\/Urantransporte-allgemein-1024x601.png 1024w, https:\/\/www.umweltaktivisten.de\/wp-content\/uploads\/2020\/02\/Urantransporte-allgemein-300x176.png 300w, https:\/\/www.umweltaktivisten.de\/wp-content\/uploads\/2020\/02\/Urantransporte-allgemein-768x450.png 768w, https:\/\/www.umweltaktivisten.de\/wp-content\/uploads\/2020\/02\/Urantransporte-allgemein-150x88.png 150w, https:\/\/www.umweltaktivisten.de\/wp-content\/uploads\/2020\/02\/Urantransporte-allgemein.png 1197w\" sizes=\"auto, (max-width: 1024px) 100vw, 1024px\" \/><\/figure>\n\n\n\n<h5 class=\"wp-block-heading\"><strong>Anti-Atomkraft-Initiativen: &#8222;Positives Signal der Einsicht&#8220;<\/strong><\/h5>\n\n\n\n<h5 class=\"wp-block-heading\"><strong>Jetzt auch Brennelementexporte Lingen-Doel absagen<\/strong><\/h5>\n\n\n\n<p><\/p>\n\n\n\n<p><strong>Anti-Atomkraft-Initiativen aus Nordrhein-Westfalen und Niedersachsen, der Bundesverband B\u00fcrgerinitiativen Umweltschutz (BBU) sowie die \u00c4rzteorganisation IPPNW begr\u00fc\u00dfen die Untersagung eines umstrittenen Uranm\u00fclltransports von der Urananreicherungsanlage im westf\u00e4lischen Gronau nach Russland. Der WDR hatte gestern berichtet, das Bundesinnenministerium habe den f\u00fcr n\u00e4chste Woche geplanten Atomtransport aufgrund der erheblichen Belastungen durch die Corona-Krise gestoppt. <\/strong><\/p>\n\n\n\n<blockquote class=\"wp-block-quote is-layout-flow wp-block-quote-is-layout-flow\"><p>&#8222;Dies ist ein positives Signal der Einsicht seitens der Bundesregierung. Es ist bedauerlich, dass der Gronauer Urananreicherer Urenco nicht von sich aus bereit war, den gef\u00e4hrlichen Urantransport inmitten der Corona-Krise zu stoppen. Wir erwarten nun von Urenco und der NRW-Landesregierung verbindliche Aussagen, wie lange das Transportverbot gelten soll und welche weiteren Urantransporte von und nach Gronau von der Entscheidung des Bundesinnenministeriums betroffen sind&#8220;, erkl\u00e4rte Udo Buchholz vom \u00f6rtlichen Arbeitskreis Umwelt Gronau.<\/p><\/blockquote>\n\n\n\n<p>Geplant war von Urenco die\nDurchf\u00fchrung eines Uranm\u00fclltransportes mit einem Sonderzug von Gronau durch das\nM\u00fcnsterland und das Ruhrgebiet nach Amsterdam. Dort h\u00e4tte dann die Verladung des\nAtomm\u00fclls auf ein russisches Frachtschiff f\u00fcr den Weitertransport nach Russland\nerfolgen sollen. Auch in Russland gab es in den letzten Monaten immer wieder\nProteste. Der Betrieb der Gronauer Uranfabrik ist zudem mit h\u00e4ufigen Urantransporten\nper LKW verbunden.<\/p>\n\n\n\n<p><strong>Brennelement-Exportgenehmigungen trotz EuGH-Urteil<\/strong><\/p>\n\n\n\n<p>Anti-Atomkraft-Initiativen, BBU und IPPNW fordern in dieser Situation von Bundesumweltministerin Svenja Schulze (SPD), dem Beispiel von Bundesinnenminister Horst Seehofer (CSU) zu folgen. Die Ministerin soll jetzt auch Exportgenehmigungen f\u00fcr neue Brennelemente von der Brennelementefabrik Lingen (Emsland) f\u00fcr die Hochrisiko-Reaktoren Doel 1 und 2 bei Antwerpen in Belgien zur\u00fcckziehen, die letzte Woche \u00fcber das Bundesamt f\u00fcr Wirtschaft und Ausfuhrkontrolle (BAFA) erteilt wurden.<\/p>\n\n\n\n<blockquote class=\"wp-block-quote is-layout-flow wp-block-quote-is-layout-flow\"><p>&#8222;Was Horst Seehofer kann, muss auch bei der Bundesumweltministerin ankommen. Sowohl der EuGH wie auch der belgische Verfassungsgerichtshof haben die aktuellen Laufzeitverl\u00e4ngerungen f\u00fcr Doel 1 und 2 f\u00fcr unrechtm\u00e4\u00dfig erkl\u00e4rt. Wie das Bundesumweltministerium in dieser juristisch klaren Lage und mitten in der Corona-Krise neue Brennelementexporte von Lingen aus genehmigen kann, ist v\u00f6llig unverst\u00e4ndlich. Bei einem Transportunfall oder einem Reaktor-St\u00f6rfall w\u00e4re die Bundesregierung nunmehr mithaftbar. Bundesumweltministerin Schulze muss diesen fatalen Fehler umgehend korrigieren und die Genehmigung f\u00fcr die Brennelementexporte von Lingen nach Doel zur\u00fcckziehen&#8220;, forderte Alex Vent vom B\u00fcndnis AgiEL \u2013 AtomkraftgegnerInnen im Emsland.<\/p><\/blockquote>\n\n\n\n<p>(Quelle: Pressemitteilung)<\/p>\n","protected":false},"excerpt":{"rendered":"<p>Anti-Atomkraft-Initiativen: &#8222;Positives Signal der Einsicht&#8220; Jetzt auch Brennelementexporte Lingen-Doel absagen Anti-Atomkraft-Initiativen aus Nordrhein-Westfalen und Niedersachsen, der Bundesverband B\u00fcrgerinitiativen Umweltschutz (BBU) sowie die \u00c4rzteorganisation IPPNW begr\u00fc\u00dfen die Untersagung eines umstrittenen Uranm\u00fclltransports von der Urananreicherungsanlage im westf\u00e4lischen Gronau nach Russland. Der WDR hatte gestern berichtet, das Bundesinnenministerium habe den f\u00fcr n\u00e4chste Woche\u2026<\/p>\n<p class=\"continue-reading-button\"> <a class=\"continue-reading-link\" href=\"https:\/\/www.umweltaktivisten.de\/index.php\/2020\/03\/27\/wdr-bundesinnenministerium-stoppt-urantransport\/\">weiter &#8230;<i class=\"crycon-right-dir\"><\/i><\/a><\/p>\n","protected":false},"author":1,"featured_media":3901,"comment_status":"closed","ping_status":"closed","sticky":false,"template":"","format":"standard","meta":{"footnotes":""},"categories":[21],"tags":[240],"class_list":["post-4102","post","type-post","status-publish","format-standard","has-post-thumbnail","hentry","category-atom","tag-urantransporte"],"yoast_head":"<!-- This site is optimized with the Yoast SEO plugin v27.4 - https:\/\/yoast.com\/product\/yoast-seo-wordpress\/ -->\n<title>WDR: Bundesinnenministerium stoppt Urantransport - umweltaktivisten.de<\/title>\n<meta name=\"description\" content=\"WDR: Bundesinnenministerium stoppt Urantransport umweltaktivisten.de Atom -\" \/>\n<meta name=\"robots\" content=\"index, nofollow, max-snippet:-1, max-image-preview:large, max-video-preview:-1\" \/>\n<link rel=\"canonical\" href=\"https:\/\/www.umweltaktivisten.de\/index.php\/2020\/03\/27\/wdr-bundesinnenministerium-stoppt-urantransport\/\" \/>\n<meta property=\"og:locale\" content=\"de_DE\" \/>\n<meta property=\"og:type\" content=\"article\" \/>\n<meta property=\"og:title\" content=\"WDR: Bundesinnenministerium stoppt Urantransport - umweltaktivisten.de\" \/>\n<meta property=\"og:description\" content=\"WDR: Bundesinnenministerium stoppt Urantransport umweltaktivisten.de Atom -\" \/>\n<meta property=\"og:url\" content=\"https:\/\/www.umweltaktivisten.de\/index.php\/2020\/03\/27\/wdr-bundesinnenministerium-stoppt-urantransport\/\" \/>\n<meta property=\"og:site_name\" content=\"umweltaktivisten.de\" \/>\n<meta property=\"article:published_time\" content=\"2020-03-27T22:00:00+00:00\" \/>\n<meta property=\"article:modified_time\" content=\"2020-03-28T22:10:11+00:00\" \/>\n<meta property=\"og:image\" content=\"https:\/\/www.umweltaktivisten.de\/wp-content\/uploads\/2019\/12\/ausgestrahlt-200.png\" \/>\n\t<meta property=\"og:image:width\" content=\"200\" \/>\n\t<meta property=\"og:image:height\" content=\"200\" \/>\n\t<meta property=\"og:image:type\" content=\"image\/png\" \/>\n<meta name=\"author\" content=\"marita\" \/>\n<meta name=\"twitter:card\" content=\"summary_large_image\" \/>\n<meta name=\"twitter:label1\" content=\"Verfasst von\" \/>\n\t<meta name=\"twitter:data1\" content=\"marita\" \/>\n\t<meta name=\"twitter:label2\" content=\"Gesch\u00e4tzte Lesezeit\" \/>\n\t<meta name=\"twitter:data2\" content=\"2\u00a0Minuten\" \/>\n<script type=\"application\/ld+json\" class=\"yoast-schema-graph\">{\"@context\":\"https:\\\/\\\/schema.org\",\"@graph\":[{\"@type\":\"Article\",\"@id\":\"https:\\\/\\\/www.umweltaktivisten.de\\\/index.php\\\/2020\\\/03\\\/27\\\/wdr-bundesinnenministerium-stoppt-urantransport\\\/#article\",\"isPartOf\":{\"@id\":\"https:\\\/\\\/www.umweltaktivisten.de\\\/index.php\\\/2020\\\/03\\\/27\\\/wdr-bundesinnenministerium-stoppt-urantransport\\\/\"},\"author\":{\"name\":\"marita\",\"@id\":\"https:\\\/\\\/www.umweltaktivisten.de\\\/#\\\/schema\\\/person\\\/af601319cc34a906612869cf3b4fd51a\"},\"headline\":\"WDR: Bundesinnenministerium stoppt Urantransport\",\"datePublished\":\"2020-03-27T22:00:00+00:00\",\"dateModified\":\"2020-03-28T22:10:11+00:00\",\"mainEntityOfPage\":{\"@id\":\"https:\\\/\\\/www.umweltaktivisten.de\\\/index.php\\\/2020\\\/03\\\/27\\\/wdr-bundesinnenministerium-stoppt-urantransport\\\/\"},\"wordCount\":384,\"image\":{\"@id\":\"https:\\\/\\\/www.umweltaktivisten.de\\\/index.php\\\/2020\\\/03\\\/27\\\/wdr-bundesinnenministerium-stoppt-urantransport\\\/#primaryimage\"},\"thumbnailUrl\":\"https:\\\/\\\/www.umweltaktivisten.de\\\/wp-content\\\/uploads\\\/2019\\\/12\\\/ausgestrahlt-200.png\",\"keywords\":[\"Urantransporte\"],\"articleSection\":[\"Atom\"],\"inLanguage\":\"de\"},{\"@type\":\"WebPage\",\"@id\":\"https:\\\/\\\/www.umweltaktivisten.de\\\/index.php\\\/2020\\\/03\\\/27\\\/wdr-bundesinnenministerium-stoppt-urantransport\\\/\",\"url\":\"https:\\\/\\\/www.umweltaktivisten.de\\\/index.php\\\/2020\\\/03\\\/27\\\/wdr-bundesinnenministerium-stoppt-urantransport\\\/\",\"name\":\"WDR: Bundesinnenministerium stoppt Urantransport - umweltaktivisten.de\",\"isPartOf\":{\"@id\":\"https:\\\/\\\/www.umweltaktivisten.de\\\/#website\"},\"primaryImageOfPage\":{\"@id\":\"https:\\\/\\\/www.umweltaktivisten.de\\\/index.php\\\/2020\\\/03\\\/27\\\/wdr-bundesinnenministerium-stoppt-urantransport\\\/#primaryimage\"},\"image\":{\"@id\":\"https:\\\/\\\/www.umweltaktivisten.de\\\/index.php\\\/2020\\\/03\\\/27\\\/wdr-bundesinnenministerium-stoppt-urantransport\\\/#primaryimage\"},\"thumbnailUrl\":\"https:\\\/\\\/www.umweltaktivisten.de\\\/wp-content\\\/uploads\\\/2019\\\/12\\\/ausgestrahlt-200.png\",\"datePublished\":\"2020-03-27T22:00:00+00:00\",\"dateModified\":\"2020-03-28T22:10:11+00:00\",\"author\":{\"@id\":\"https:\\\/\\\/www.umweltaktivisten.de\\\/#\\\/schema\\\/person\\\/af601319cc34a906612869cf3b4fd51a\"},\"description\":\"WDR: Bundesinnenministerium stoppt Urantransport umweltaktivisten.de Atom -\",\"breadcrumb\":{\"@id\":\"https:\\\/\\\/www.umweltaktivisten.de\\\/index.php\\\/2020\\\/03\\\/27\\\/wdr-bundesinnenministerium-stoppt-urantransport\\\/#breadcrumb\"},\"inLanguage\":\"de\",\"potentialAction\":[{\"@type\":\"ReadAction\",\"target\":[\"https:\\\/\\\/www.umweltaktivisten.de\\\/index.php\\\/2020\\\/03\\\/27\\\/wdr-bundesinnenministerium-stoppt-urantransport\\\/\"]}]},{\"@type\":\"ImageObject\",\"inLanguage\":\"de\",\"@id\":\"https:\\\/\\\/www.umweltaktivisten.de\\\/index.php\\\/2020\\\/03\\\/27\\\/wdr-bundesinnenministerium-stoppt-urantransport\\\/#primaryimage\",\"url\":\"https:\\\/\\\/www.umweltaktivisten.de\\\/wp-content\\\/uploads\\\/2019\\\/12\\\/ausgestrahlt-200.png\",\"contentUrl\":\"https:\\\/\\\/www.umweltaktivisten.de\\\/wp-content\\\/uploads\\\/2019\\\/12\\\/ausgestrahlt-200.png\",\"width\":200,\"height\":200},{\"@type\":\"BreadcrumbList\",\"@id\":\"https:\\\/\\\/www.umweltaktivisten.de\\\/index.php\\\/2020\\\/03\\\/27\\\/wdr-bundesinnenministerium-stoppt-urantransport\\\/#breadcrumb\",\"itemListElement\":[{\"@type\":\"ListItem\",\"position\":1,\"name\":\"Home\",\"item\":\"https:\\\/\\\/www.umweltaktivisten.de\\\/\"},{\"@type\":\"ListItem\",\"position\":2,\"name\":\"WDR: Bundesinnenministerium stoppt Urantransport\"}]},{\"@type\":\"WebSite\",\"@id\":\"https:\\\/\\\/www.umweltaktivisten.de\\\/#website\",\"url\":\"https:\\\/\\\/www.umweltaktivisten.de\\\/\",\"name\":\"umweltaktivisten.de\",\"description\":\"&quot;Wir haben die Erde nur von unseren Kindern geborgt&quot;\",\"potentialAction\":[{\"@type\":\"SearchAction\",\"target\":{\"@type\":\"EntryPoint\",\"urlTemplate\":\"https:\\\/\\\/www.umweltaktivisten.de\\\/?s={search_term_string}\"},\"query-input\":{\"@type\":\"PropertyValueSpecification\",\"valueRequired\":true,\"valueName\":\"search_term_string\"}}],\"inLanguage\":\"de\"},{\"@type\":\"Person\",\"@id\":\"https:\\\/\\\/www.umweltaktivisten.de\\\/#\\\/schema\\\/person\\\/af601319cc34a906612869cf3b4fd51a\",\"name\":\"marita\",\"url\":\"https:\\\/\\\/www.umweltaktivisten.de\\\/author\\\/marita\\\/\"}]}<\/script>\n<!-- \/ Yoast SEO plugin. -->","yoast_head_json":{"title":"WDR: Bundesinnenministerium stoppt Urantransport - umweltaktivisten.de","description":"WDR: Bundesinnenministerium stoppt Urantransport umweltaktivisten.de Atom -","robots":{"index":"index","follow":"nofollow","max-snippet":"max-snippet:-1","max-image-preview":"max-image-preview:large","max-video-preview":"max-video-preview:-1"},"canonical":"https:\/\/www.umweltaktivisten.de\/index.php\/2020\/03\/27\/wdr-bundesinnenministerium-stoppt-urantransport\/","og_locale":"de_DE","og_type":"article","og_title":"WDR: Bundesinnenministerium stoppt Urantransport - umweltaktivisten.de","og_description":"WDR: Bundesinnenministerium stoppt Urantransport umweltaktivisten.de Atom -","og_url":"https:\/\/www.umweltaktivisten.de\/index.php\/2020\/03\/27\/wdr-bundesinnenministerium-stoppt-urantransport\/","og_site_name":"umweltaktivisten.de","article_published_time":"2020-03-27T22:00:00+00:00","article_modified_time":"2020-03-28T22:10:11+00:00","og_image":[{"width":200,"height":200,"url":"https:\/\/www.umweltaktivisten.de\/wp-content\/uploads\/2019\/12\/ausgestrahlt-200.png","type":"image\/png"}],"author":"marita","twitter_card":"summary_large_image","twitter_misc":{"Verfasst von":"marita","Gesch\u00e4tzte Lesezeit":"2\u00a0Minuten"},"schema":{"@context":"https:\/\/schema.org","@graph":[{"@type":"Article","@id":"https:\/\/www.umweltaktivisten.de\/index.php\/2020\/03\/27\/wdr-bundesinnenministerium-stoppt-urantransport\/#article","isPartOf":{"@id":"https:\/\/www.umweltaktivisten.de\/index.php\/2020\/03\/27\/wdr-bundesinnenministerium-stoppt-urantransport\/"},"author":{"name":"marita","@id":"https:\/\/www.umweltaktivisten.de\/#\/schema\/person\/af601319cc34a906612869cf3b4fd51a"},"headline":"WDR: Bundesinnenministerium stoppt Urantransport","datePublished":"2020-03-27T22:00:00+00:00","dateModified":"2020-03-28T22:10:11+00:00","mainEntityOfPage":{"@id":"https:\/\/www.umweltaktivisten.de\/index.php\/2020\/03\/27\/wdr-bundesinnenministerium-stoppt-urantransport\/"},"wordCount":384,"image":{"@id":"https:\/\/www.umweltaktivisten.de\/index.php\/2020\/03\/27\/wdr-bundesinnenministerium-stoppt-urantransport\/#primaryimage"},"thumbnailUrl":"https:\/\/www.umweltaktivisten.de\/wp-content\/uploads\/2019\/12\/ausgestrahlt-200.png","keywords":["Urantransporte"],"articleSection":["Atom"],"inLanguage":"de"},{"@type":"WebPage","@id":"https:\/\/www.umweltaktivisten.de\/index.php\/2020\/03\/27\/wdr-bundesinnenministerium-stoppt-urantransport\/","url":"https:\/\/www.umweltaktivisten.de\/index.php\/2020\/03\/27\/wdr-bundesinnenministerium-stoppt-urantransport\/","name":"WDR: Bundesinnenministerium stoppt Urantransport - umweltaktivisten.de","isPartOf":{"@id":"https:\/\/www.umweltaktivisten.de\/#website"},"primaryImageOfPage":{"@id":"https:\/\/www.umweltaktivisten.de\/index.php\/2020\/03\/27\/wdr-bundesinnenministerium-stoppt-urantransport\/#primaryimage"},"image":{"@id":"https:\/\/www.umweltaktivisten.de\/index.php\/2020\/03\/27\/wdr-bundesinnenministerium-stoppt-urantransport\/#primaryimage"},"thumbnailUrl":"https:\/\/www.umweltaktivisten.de\/wp-content\/uploads\/2019\/12\/ausgestrahlt-200.png","datePublished":"2020-03-27T22:00:00+00:00","dateModified":"2020-03-28T22:10:11+00:00","author":{"@id":"https:\/\/www.umweltaktivisten.de\/#\/schema\/person\/af601319cc34a906612869cf3b4fd51a"},"description":"WDR: Bundesinnenministerium stoppt Urantransport umweltaktivisten.de Atom -","breadcrumb":{"@id":"https:\/\/www.umweltaktivisten.de\/index.php\/2020\/03\/27\/wdr-bundesinnenministerium-stoppt-urantransport\/#breadcrumb"},"inLanguage":"de","potentialAction":[{"@type":"ReadAction","target":["https:\/\/www.umweltaktivisten.de\/index.php\/2020\/03\/27\/wdr-bundesinnenministerium-stoppt-urantransport\/"]}]},{"@type":"ImageObject","inLanguage":"de","@id":"https:\/\/www.umweltaktivisten.de\/index.php\/2020\/03\/27\/wdr-bundesinnenministerium-stoppt-urantransport\/#primaryimage","url":"https:\/\/www.umweltaktivisten.de\/wp-content\/uploads\/2019\/12\/ausgestrahlt-200.png","contentUrl":"https:\/\/www.umweltaktivisten.de\/wp-content\/uploads\/2019\/12\/ausgestrahlt-200.png","width":200,"height":200},{"@type":"BreadcrumbList","@id":"https:\/\/www.umweltaktivisten.de\/index.php\/2020\/03\/27\/wdr-bundesinnenministerium-stoppt-urantransport\/#breadcrumb","itemListElement":[{"@type":"ListItem","position":1,"name":"Home","item":"https:\/\/www.umweltaktivisten.de\/"},{"@type":"ListItem","position":2,"name":"WDR: Bundesinnenministerium stoppt Urantransport"}]},{"@type":"WebSite","@id":"https:\/\/www.umweltaktivisten.de\/#website","url":"https:\/\/www.umweltaktivisten.de\/","name":"umweltaktivisten.de","description":"&quot;Wir haben die Erde nur von unseren Kindern geborgt&quot;","potentialAction":[{"@type":"SearchAction","target":{"@type":"EntryPoint","urlTemplate":"https:\/\/www.umweltaktivisten.de\/?s={search_term_string}"},"query-input":{"@type":"PropertyValueSpecification","valueRequired":true,"valueName":"search_term_string"}}],"inLanguage":"de"},{"@type":"Person","@id":"https:\/\/www.umweltaktivisten.de\/#\/schema\/person\/af601319cc34a906612869cf3b4fd51a","name":"marita","url":"https:\/\/www.umweltaktivisten.de\/author\/marita\/"}]}},"_links":{"self":[{"href":"https:\/\/www.umweltaktivisten.de\/index.php\/wp-json\/wp\/v2\/posts\/4102","targetHints":{"allow":["GET"]}}],"collection":[{"href":"https:\/\/www.umweltaktivisten.de\/index.php\/wp-json\/wp\/v2\/posts"}],"about":[{"href":"https:\/\/www.umweltaktivisten.de\/index.php\/wp-json\/wp\/v2\/types\/post"}],"author":[{"embeddable":true,"href":"https:\/\/www.umweltaktivisten.de\/index.php\/wp-json\/wp\/v2\/users\/1"}],"replies":[{"embeddable":true,"href":"https:\/\/www.umweltaktivisten.de\/index.php\/wp-json\/wp\/v2\/comments?post=4102"}],"version-history":[{"count":2,"href":"https:\/\/www.umweltaktivisten.de\/index.php\/wp-json\/wp\/v2\/posts\/4102\/revisions"}],"predecessor-version":[{"id":4104,"href":"https:\/\/www.umweltaktivisten.de\/index.php\/wp-json\/wp\/v2\/posts\/4102\/revisions\/4104"}],"wp:featuredmedia":[{"embeddable":true,"href":"https:\/\/www.umweltaktivisten.de\/index.php\/wp-json\/wp\/v2\/media\/3901"}],"wp:attachment":[{"href":"https:\/\/www.umweltaktivisten.de\/index.php\/wp-json\/wp\/v2\/media?parent=4102"}],"wp:term":[{"taxonomy":"category","embeddable":true,"href":"https:\/\/www.umweltaktivisten.de\/index.php\/wp-json\/wp\/v2\/categories?post=4102"},{"taxonomy":"post_tag","embeddable":true,"href":"https:\/\/www.umweltaktivisten.de\/index.php\/wp-json\/wp\/v2\/tags?post=4102"}],"curies":[{"name":"wp","href":"https:\/\/api.w.org\/{rel}","templated":true}]}}