{"id":4096,"date":"2020-03-26T22:41:00","date_gmt":"2020-03-26T21:41:00","guid":{"rendered":"http:\/\/www.umweltaktivisten.de\/?p=4096"},"modified":"2020-03-28T22:59:19","modified_gmt":"2020-03-28T21:59:19","slug":"urenco-haelt-an-urantransporten-trotz-corona-fest","status":"publish","type":"post","link":"https:\/\/www.umweltaktivisten.de\/index.php\/2020\/03\/26\/urenco-haelt-an-urantransporten-trotz-corona-fest\/","title":{"rendered":"Urenco h\u00e4lt an Urantransporten trotz Corona fest"},"content":{"rendered":"\n<figure class=\"wp-block-image size-large\"><img loading=\"lazy\" decoding=\"async\" width=\"1024\" height=\"346\" src=\"https:\/\/www.umweltaktivisten.de\/wp-content\/uploads\/2020\/03\/corona-4930541_1920-1024x346.jpg\" alt=\"\" class=\"wp-image-4097\" srcset=\"https:\/\/www.umweltaktivisten.de\/wp-content\/uploads\/2020\/03\/corona-4930541_1920-1024x346.jpg 1024w, https:\/\/www.umweltaktivisten.de\/wp-content\/uploads\/2020\/03\/corona-4930541_1920-300x101.jpg 300w, https:\/\/www.umweltaktivisten.de\/wp-content\/uploads\/2020\/03\/corona-4930541_1920-768x260.jpg 768w, https:\/\/www.umweltaktivisten.de\/wp-content\/uploads\/2020\/03\/corona-4930541_1920-1536x519.jpg 1536w, https:\/\/www.umweltaktivisten.de\/wp-content\/uploads\/2020\/03\/corona-4930541_1920-150x51.jpg 150w, https:\/\/www.umweltaktivisten.de\/wp-content\/uploads\/2020\/03\/corona-4930541_1920.jpg 1920w\" sizes=\"auto, (max-width: 1024px) 100vw, 1024px\" \/><figcaption>Bild: pixabay.com<\/figcaption><\/figure>\n\n\n\n<h5 class=\"wp-block-heading\"><strong>Anti-Atomkraft-Initiativen: &#8222;Urenco lebt in Parallelwelt&#8220;<\/strong><\/h5>\n\n\n\n<h5 class=\"wp-block-heading\"><strong> Urantransporte belasten Notfalldienste und Krankenh\u00e4user<\/strong><\/h5>\n\n\n\n<h5 class=\"wp-block-heading\"><strong> Uranschiff auf Weg von St. Petersburg nach Antwerpen<\/strong><\/h5>\n\n\n\n<p><\/p>\n\n\n\n<p><strong>Nach einem Bericht des WDR beharrt der Gronauer Urananreicherer auch in Corona-Zeiten auf seinen Urantransporten. Anti-Atomkraft-Initiativen, der Bundesverband B\u00fcrgerinitiativen Umweltschutz (BBU) und die \u00c4rzteorganisation IPPNW reagieren fassungslos auf diese sture Uneinsichtigkeit des Urankonzerns. Ein Schreiben der Initiativen an NRW-Wirtschaftsminister Andreas Pinkwart (FDP) blieb bislang unbeantwortet. Ein weiterer Brief folgt heute. Unterdessen wurde bekannt, dass sich das Uranschiff Mikhail Dudin bereits auf dem Weg von St. Petersburg nach Antwerpen befindet. Die Anti-Atomkraft-Initiativen rechnen deshalb f\u00fcr kommenden Montag, 30. M\u00e4rz, mit einem neuen Uranm\u00fclltransport von Gronau nach Russland.<\/strong><\/p>\n\n\n\n<blockquote class=\"wp-block-quote is-layout-flow wp-block-quote-is-layout-flow\"><p>&#8222;Urenco lebt offensichtlich in einer Parallelwelt. W\u00e4hrend landesweit die Krisenst\u00e4be pausenlos tagen und Krankenhaus-Kapazit\u00e4ten freiger\u00e4umt werden, plant Urenco unger\u00fchrt neue Hochrisiko-Atomtransporte, die im Ernstfall eine erhebliche zus\u00e4tzliche Belastung in den betroffenen Landkreisen und Gemeinden bedeuten w\u00fcrden. Das transportierte Uranhexafluorid erzeugt bei Freisetzung t\u00f6dliche Flusss\u00e4ure. Ein K\u00f6rperkontakt w\u00fcrde unmittelbar eine Intensivbehandlung in den \u00fcberlasteten Krankenh\u00e4usern erfordern. Uranm\u00fclltransporte dienen nicht der Aufrechterhaltung der Wirtschaftsleistung und sollten deshalb von der NRW-Landesregierung umgehend untersagt werden&#8220;, so Matthias Eickhoff vom Aktionsb\u00fcndnis M\u00fcnsterland gegen Atomanlagen.<\/p><\/blockquote>\n\n\n\n<p><strong>Die Bahnroute der Uranm\u00fcllz\u00fcge f\u00fchrt von Gronau \u00fcber Steinfurt, M\u00fcnster, Drensteinfurt, Hamm, den Kreis Unna, das Ruhrgebiet, Duisburg, Viersen, M\u00f6nchengladbach, Venlo und viele niederl\u00e4ndische Orte bis zum Hafen Amsterdam. Die Verladung des Gronauer Uranm\u00fclls kann aber auch in Antwerpen oder Rotterdam stattfinden.<\/strong><\/p>\n\n\n\n<blockquote class=\"wp-block-quote is-layout-flow wp-block-quote-is-layout-flow\"><p>&#8222;Viele Unternehmen m\u00fcssen sich derzeit massiv einschr\u00e4nken, manche sogar ganz schlie\u00dfen. Da ist auch von Urenco eine Selbstbeschr\u00e4nkung nicht zuviel verlangt. Niemand kann jetzt einfach so weitermachen wie bisher, auch Urenco nicht. Die Menschen in Russland d\u00fcrfen ohnehin nur sehr eingeschr\u00e4nkt protestieren, sodass die Uranm\u00fcllexporte auch ohne Corona schon unmoralisch sind \u2013 jetzt muss Urenco dringend \u00f6ffentlich Verantwortung zeigen&#8220;, so Udo Buchholz vom \u00f6rtlichen Arbeitskreis Umwelt Gronau.<\/p><\/blockquote>\n\n\n\n<p>Bei den letzten Uranm\u00fclltransporten im Herbst 2019 hatten AtomkraftgegnerInnen zwei Uranm\u00fcllz\u00fcge zwischen Gronau und M\u00fcnster mit Abseilaktionen f\u00fcr mehrere Stunden blockiert. Auch in Russland kam es zu Protesten in St. Petersburg, Moskau und sogar am Zielort, der geschlossenen Atomstadt Novouralsk. Sollte Urenco jetzt wider aller Vernunft doch einen neuen Uranm\u00fclltransport starten, ist davon auszugehen, dass es zu spontanen Protesten entlang der deutschen und niederl\u00e4ndischen Bahnstrecken kommen wird. In den vergangenen Tagen hatte das Bundesinnenministerium einen Castor-Transport vom britischen Sellafield zum ehemaligen AKW Biblis untersagt, um w\u00e4hrend der Corona-Krise keine zus\u00e4tzliche Belastung f\u00fcr die Sicherheitskr\u00e4fte zu schaffen.<\/p>\n\n\n\n<p>(Pressemitteilung: Aktionsb\u00fcndnis M\u00fcnsterland gegen Atomanlagen)<\/p>\n","protected":false},"excerpt":{"rendered":"<p>Anti-Atomkraft-Initiativen: &#8222;Urenco lebt in Parallelwelt&#8220; Urantransporte belasten Notfalldienste und Krankenh\u00e4user Uranschiff auf Weg von St. Petersburg nach Antwerpen Nach einem Bericht des WDR beharrt der Gronauer Urananreicherer auch in Corona-Zeiten auf seinen Urantransporten. Anti-Atomkraft-Initiativen, der Bundesverband B\u00fcrgerinitiativen Umweltschutz (BBU) und die \u00c4rzteorganisation IPPNW reagieren fassungslos auf diese sture Uneinsichtigkeit des\u2026<\/p>\n<p class=\"continue-reading-button\"> <a class=\"continue-reading-link\" href=\"https:\/\/www.umweltaktivisten.de\/index.php\/2020\/03\/26\/urenco-haelt-an-urantransporten-trotz-corona-fest\/\">weiter &#8230;<i class=\"crycon-right-dir\"><\/i><\/a><\/p>\n","protected":false},"author":1,"featured_media":4098,"comment_status":"closed","ping_status":"closed","sticky":false,"template":"","format":"standard","meta":{"footnotes":""},"categories":[21,35],"tags":[240],"class_list":["post-4096","post","type-post","status-publish","format-standard","has-post-thumbnail","hentry","category-atom","category-pressemitteilungen","tag-urantransporte"],"yoast_head":"<!-- This site is optimized with the Yoast SEO plugin v27.4 - https:\/\/yoast.com\/product\/yoast-seo-wordpress\/ -->\n<title>Urenco h\u00e4lt an Urantransporten trotz Corona fest - umweltaktivisten.de<\/title>\n<meta name=\"description\" content=\"umweltaktivisten.de Urenco h\u00e4lt an Urantransporten trotz Corona fest Atom -\" \/>\n<meta name=\"robots\" content=\"index, nofollow, max-snippet:-1, max-image-preview:large, max-video-preview:-1\" \/>\n<link rel=\"canonical\" href=\"https:\/\/www.umweltaktivisten.de\/index.php\/2020\/03\/26\/urenco-haelt-an-urantransporten-trotz-corona-fest\/\" \/>\n<meta property=\"og:locale\" content=\"de_DE\" \/>\n<meta property=\"og:type\" content=\"article\" \/>\n<meta property=\"og:title\" content=\"Urenco h\u00e4lt an Urantransporten trotz Corona fest - umweltaktivisten.de\" \/>\n<meta property=\"og:description\" content=\"umweltaktivisten.de Urenco h\u00e4lt an Urantransporten trotz Corona fest Atom -\" \/>\n<meta property=\"og:url\" content=\"https:\/\/www.umweltaktivisten.de\/index.php\/2020\/03\/26\/urenco-haelt-an-urantransporten-trotz-corona-fest\/\" \/>\n<meta property=\"og:site_name\" content=\"umweltaktivisten.de\" \/>\n<meta property=\"article:published_time\" content=\"2020-03-26T21:41:00+00:00\" \/>\n<meta property=\"article:modified_time\" content=\"2020-03-28T21:59:19+00:00\" \/>\n<meta property=\"og:image\" content=\"https:\/\/www.umweltaktivisten.de\/wp-content\/uploads\/2020\/03\/w_corona-4930541_1920.png\" \/>\n\t<meta property=\"og:image:width\" content=\"740\" \/>\n\t<meta property=\"og:image:height\" content=\"250\" \/>\n\t<meta property=\"og:image:type\" content=\"image\/png\" \/>\n<meta name=\"author\" content=\"marita\" \/>\n<meta name=\"twitter:card\" content=\"summary_large_image\" \/>\n<meta name=\"twitter:label1\" content=\"Verfasst von\" \/>\n\t<meta name=\"twitter:data1\" content=\"marita\" \/>\n\t<meta name=\"twitter:label2\" content=\"Gesch\u00e4tzte Lesezeit\" \/>\n\t<meta name=\"twitter:data2\" content=\"2\u00a0Minuten\" \/>\n<script type=\"application\/ld+json\" class=\"yoast-schema-graph\">{\"@context\":\"https:\\\/\\\/schema.org\",\"@graph\":[{\"@type\":\"Article\",\"@id\":\"https:\\\/\\\/www.umweltaktivisten.de\\\/index.php\\\/2020\\\/03\\\/26\\\/urenco-haelt-an-urantransporten-trotz-corona-fest\\\/#article\",\"isPartOf\":{\"@id\":\"https:\\\/\\\/www.umweltaktivisten.de\\\/index.php\\\/2020\\\/03\\\/26\\\/urenco-haelt-an-urantransporten-trotz-corona-fest\\\/\"},\"author\":{\"name\":\"marita\",\"@id\":\"https:\\\/\\\/www.umweltaktivisten.de\\\/#\\\/schema\\\/person\\\/af601319cc34a906612869cf3b4fd51a\"},\"headline\":\"Urenco h\u00e4lt an Urantransporten trotz Corona fest\",\"datePublished\":\"2020-03-26T21:41:00+00:00\",\"dateModified\":\"2020-03-28T21:59:19+00:00\",\"mainEntityOfPage\":{\"@id\":\"https:\\\/\\\/www.umweltaktivisten.de\\\/index.php\\\/2020\\\/03\\\/26\\\/urenco-haelt-an-urantransporten-trotz-corona-fest\\\/\"},\"wordCount\":448,\"image\":{\"@id\":\"https:\\\/\\\/www.umweltaktivisten.de\\\/index.php\\\/2020\\\/03\\\/26\\\/urenco-haelt-an-urantransporten-trotz-corona-fest\\\/#primaryimage\"},\"thumbnailUrl\":\"https:\\\/\\\/www.umweltaktivisten.de\\\/wp-content\\\/uploads\\\/2020\\\/03\\\/w_corona-4930541_1920.png\",\"keywords\":[\"Urantransporte\"],\"articleSection\":[\"Atom\",\"Pressemitteilungen\"],\"inLanguage\":\"de\"},{\"@type\":\"WebPage\",\"@id\":\"https:\\\/\\\/www.umweltaktivisten.de\\\/index.php\\\/2020\\\/03\\\/26\\\/urenco-haelt-an-urantransporten-trotz-corona-fest\\\/\",\"url\":\"https:\\\/\\\/www.umweltaktivisten.de\\\/index.php\\\/2020\\\/03\\\/26\\\/urenco-haelt-an-urantransporten-trotz-corona-fest\\\/\",\"name\":\"Urenco h\u00e4lt an Urantransporten trotz Corona fest - umweltaktivisten.de\",\"isPartOf\":{\"@id\":\"https:\\\/\\\/www.umweltaktivisten.de\\\/#website\"},\"primaryImageOfPage\":{\"@id\":\"https:\\\/\\\/www.umweltaktivisten.de\\\/index.php\\\/2020\\\/03\\\/26\\\/urenco-haelt-an-urantransporten-trotz-corona-fest\\\/#primaryimage\"},\"image\":{\"@id\":\"https:\\\/\\\/www.umweltaktivisten.de\\\/index.php\\\/2020\\\/03\\\/26\\\/urenco-haelt-an-urantransporten-trotz-corona-fest\\\/#primaryimage\"},\"thumbnailUrl\":\"https:\\\/\\\/www.umweltaktivisten.de\\\/wp-content\\\/uploads\\\/2020\\\/03\\\/w_corona-4930541_1920.png\",\"datePublished\":\"2020-03-26T21:41:00+00:00\",\"dateModified\":\"2020-03-28T21:59:19+00:00\",\"author\":{\"@id\":\"https:\\\/\\\/www.umweltaktivisten.de\\\/#\\\/schema\\\/person\\\/af601319cc34a906612869cf3b4fd51a\"},\"description\":\"umweltaktivisten.de Urenco h\u00e4lt an Urantransporten trotz Corona fest Atom -\",\"breadcrumb\":{\"@id\":\"https:\\\/\\\/www.umweltaktivisten.de\\\/index.php\\\/2020\\\/03\\\/26\\\/urenco-haelt-an-urantransporten-trotz-corona-fest\\\/#breadcrumb\"},\"inLanguage\":\"de\",\"potentialAction\":[{\"@type\":\"ReadAction\",\"target\":[\"https:\\\/\\\/www.umweltaktivisten.de\\\/index.php\\\/2020\\\/03\\\/26\\\/urenco-haelt-an-urantransporten-trotz-corona-fest\\\/\"]}]},{\"@type\":\"ImageObject\",\"inLanguage\":\"de\",\"@id\":\"https:\\\/\\\/www.umweltaktivisten.de\\\/index.php\\\/2020\\\/03\\\/26\\\/urenco-haelt-an-urantransporten-trotz-corona-fest\\\/#primaryimage\",\"url\":\"https:\\\/\\\/www.umweltaktivisten.de\\\/wp-content\\\/uploads\\\/2020\\\/03\\\/w_corona-4930541_1920.png\",\"contentUrl\":\"https:\\\/\\\/www.umweltaktivisten.de\\\/wp-content\\\/uploads\\\/2020\\\/03\\\/w_corona-4930541_1920.png\",\"width\":740,\"height\":250,\"caption\":\"Bild: pixabay.com\"},{\"@type\":\"BreadcrumbList\",\"@id\":\"https:\\\/\\\/www.umweltaktivisten.de\\\/index.php\\\/2020\\\/03\\\/26\\\/urenco-haelt-an-urantransporten-trotz-corona-fest\\\/#breadcrumb\",\"itemListElement\":[{\"@type\":\"ListItem\",\"position\":1,\"name\":\"Home\",\"item\":\"https:\\\/\\\/www.umweltaktivisten.de\\\/\"},{\"@type\":\"ListItem\",\"position\":2,\"name\":\"Urenco h\u00e4lt an Urantransporten trotz Corona fest\"}]},{\"@type\":\"WebSite\",\"@id\":\"https:\\\/\\\/www.umweltaktivisten.de\\\/#website\",\"url\":\"https:\\\/\\\/www.umweltaktivisten.de\\\/\",\"name\":\"umweltaktivisten.de\",\"description\":\"&quot;Wir haben die Erde nur von unseren Kindern geborgt&quot;\",\"potentialAction\":[{\"@type\":\"SearchAction\",\"target\":{\"@type\":\"EntryPoint\",\"urlTemplate\":\"https:\\\/\\\/www.umweltaktivisten.de\\\/?s={search_term_string}\"},\"query-input\":{\"@type\":\"PropertyValueSpecification\",\"valueRequired\":true,\"valueName\":\"search_term_string\"}}],\"inLanguage\":\"de\"},{\"@type\":\"Person\",\"@id\":\"https:\\\/\\\/www.umweltaktivisten.de\\\/#\\\/schema\\\/person\\\/af601319cc34a906612869cf3b4fd51a\",\"name\":\"marita\",\"url\":\"https:\\\/\\\/www.umweltaktivisten.de\\\/author\\\/marita\\\/\"}]}<\/script>\n<!-- \/ Yoast SEO plugin. -->","yoast_head_json":{"title":"Urenco h\u00e4lt an Urantransporten trotz Corona fest - umweltaktivisten.de","description":"umweltaktivisten.de Urenco h\u00e4lt an Urantransporten trotz Corona fest Atom -","robots":{"index":"index","follow":"nofollow","max-snippet":"max-snippet:-1","max-image-preview":"max-image-preview:large","max-video-preview":"max-video-preview:-1"},"canonical":"https:\/\/www.umweltaktivisten.de\/index.php\/2020\/03\/26\/urenco-haelt-an-urantransporten-trotz-corona-fest\/","og_locale":"de_DE","og_type":"article","og_title":"Urenco h\u00e4lt an Urantransporten trotz Corona fest - umweltaktivisten.de","og_description":"umweltaktivisten.de Urenco h\u00e4lt an Urantransporten trotz Corona fest Atom -","og_url":"https:\/\/www.umweltaktivisten.de\/index.php\/2020\/03\/26\/urenco-haelt-an-urantransporten-trotz-corona-fest\/","og_site_name":"umweltaktivisten.de","article_published_time":"2020-03-26T21:41:00+00:00","article_modified_time":"2020-03-28T21:59:19+00:00","og_image":[{"width":740,"height":250,"url":"https:\/\/www.umweltaktivisten.de\/wp-content\/uploads\/2020\/03\/w_corona-4930541_1920.png","type":"image\/png"}],"author":"marita","twitter_card":"summary_large_image","twitter_misc":{"Verfasst von":"marita","Gesch\u00e4tzte Lesezeit":"2\u00a0Minuten"},"schema":{"@context":"https:\/\/schema.org","@graph":[{"@type":"Article","@id":"https:\/\/www.umweltaktivisten.de\/index.php\/2020\/03\/26\/urenco-haelt-an-urantransporten-trotz-corona-fest\/#article","isPartOf":{"@id":"https:\/\/www.umweltaktivisten.de\/index.php\/2020\/03\/26\/urenco-haelt-an-urantransporten-trotz-corona-fest\/"},"author":{"name":"marita","@id":"https:\/\/www.umweltaktivisten.de\/#\/schema\/person\/af601319cc34a906612869cf3b4fd51a"},"headline":"Urenco h\u00e4lt an Urantransporten trotz Corona fest","datePublished":"2020-03-26T21:41:00+00:00","dateModified":"2020-03-28T21:59:19+00:00","mainEntityOfPage":{"@id":"https:\/\/www.umweltaktivisten.de\/index.php\/2020\/03\/26\/urenco-haelt-an-urantransporten-trotz-corona-fest\/"},"wordCount":448,"image":{"@id":"https:\/\/www.umweltaktivisten.de\/index.php\/2020\/03\/26\/urenco-haelt-an-urantransporten-trotz-corona-fest\/#primaryimage"},"thumbnailUrl":"https:\/\/www.umweltaktivisten.de\/wp-content\/uploads\/2020\/03\/w_corona-4930541_1920.png","keywords":["Urantransporte"],"articleSection":["Atom","Pressemitteilungen"],"inLanguage":"de"},{"@type":"WebPage","@id":"https:\/\/www.umweltaktivisten.de\/index.php\/2020\/03\/26\/urenco-haelt-an-urantransporten-trotz-corona-fest\/","url":"https:\/\/www.umweltaktivisten.de\/index.php\/2020\/03\/26\/urenco-haelt-an-urantransporten-trotz-corona-fest\/","name":"Urenco h\u00e4lt an Urantransporten trotz Corona fest - umweltaktivisten.de","isPartOf":{"@id":"https:\/\/www.umweltaktivisten.de\/#website"},"primaryImageOfPage":{"@id":"https:\/\/www.umweltaktivisten.de\/index.php\/2020\/03\/26\/urenco-haelt-an-urantransporten-trotz-corona-fest\/#primaryimage"},"image":{"@id":"https:\/\/www.umweltaktivisten.de\/index.php\/2020\/03\/26\/urenco-haelt-an-urantransporten-trotz-corona-fest\/#primaryimage"},"thumbnailUrl":"https:\/\/www.umweltaktivisten.de\/wp-content\/uploads\/2020\/03\/w_corona-4930541_1920.png","datePublished":"2020-03-26T21:41:00+00:00","dateModified":"2020-03-28T21:59:19+00:00","author":{"@id":"https:\/\/www.umweltaktivisten.de\/#\/schema\/person\/af601319cc34a906612869cf3b4fd51a"},"description":"umweltaktivisten.de Urenco h\u00e4lt an Urantransporten trotz Corona fest Atom -","breadcrumb":{"@id":"https:\/\/www.umweltaktivisten.de\/index.php\/2020\/03\/26\/urenco-haelt-an-urantransporten-trotz-corona-fest\/#breadcrumb"},"inLanguage":"de","potentialAction":[{"@type":"ReadAction","target":["https:\/\/www.umweltaktivisten.de\/index.php\/2020\/03\/26\/urenco-haelt-an-urantransporten-trotz-corona-fest\/"]}]},{"@type":"ImageObject","inLanguage":"de","@id":"https:\/\/www.umweltaktivisten.de\/index.php\/2020\/03\/26\/urenco-haelt-an-urantransporten-trotz-corona-fest\/#primaryimage","url":"https:\/\/www.umweltaktivisten.de\/wp-content\/uploads\/2020\/03\/w_corona-4930541_1920.png","contentUrl":"https:\/\/www.umweltaktivisten.de\/wp-content\/uploads\/2020\/03\/w_corona-4930541_1920.png","width":740,"height":250,"caption":"Bild: pixabay.com"},{"@type":"BreadcrumbList","@id":"https:\/\/www.umweltaktivisten.de\/index.php\/2020\/03\/26\/urenco-haelt-an-urantransporten-trotz-corona-fest\/#breadcrumb","itemListElement":[{"@type":"ListItem","position":1,"name":"Home","item":"https:\/\/www.umweltaktivisten.de\/"},{"@type":"ListItem","position":2,"name":"Urenco h\u00e4lt an Urantransporten trotz Corona fest"}]},{"@type":"WebSite","@id":"https:\/\/www.umweltaktivisten.de\/#website","url":"https:\/\/www.umweltaktivisten.de\/","name":"umweltaktivisten.de","description":"&quot;Wir haben die Erde nur von unseren Kindern geborgt&quot;","potentialAction":[{"@type":"SearchAction","target":{"@type":"EntryPoint","urlTemplate":"https:\/\/www.umweltaktivisten.de\/?s={search_term_string}"},"query-input":{"@type":"PropertyValueSpecification","valueRequired":true,"valueName":"search_term_string"}}],"inLanguage":"de"},{"@type":"Person","@id":"https:\/\/www.umweltaktivisten.de\/#\/schema\/person\/af601319cc34a906612869cf3b4fd51a","name":"marita","url":"https:\/\/www.umweltaktivisten.de\/author\/marita\/"}]}},"_links":{"self":[{"href":"https:\/\/www.umweltaktivisten.de\/index.php\/wp-json\/wp\/v2\/posts\/4096","targetHints":{"allow":["GET"]}}],"collection":[{"href":"https:\/\/www.umweltaktivisten.de\/index.php\/wp-json\/wp\/v2\/posts"}],"about":[{"href":"https:\/\/www.umweltaktivisten.de\/index.php\/wp-json\/wp\/v2\/types\/post"}],"author":[{"embeddable":true,"href":"https:\/\/www.umweltaktivisten.de\/index.php\/wp-json\/wp\/v2\/users\/1"}],"replies":[{"embeddable":true,"href":"https:\/\/www.umweltaktivisten.de\/index.php\/wp-json\/wp\/v2\/comments?post=4096"}],"version-history":[{"count":3,"href":"https:\/\/www.umweltaktivisten.de\/index.php\/wp-json\/wp\/v2\/posts\/4096\/revisions"}],"predecessor-version":[{"id":4101,"href":"https:\/\/www.umweltaktivisten.de\/index.php\/wp-json\/wp\/v2\/posts\/4096\/revisions\/4101"}],"wp:featuredmedia":[{"embeddable":true,"href":"https:\/\/www.umweltaktivisten.de\/index.php\/wp-json\/wp\/v2\/media\/4098"}],"wp:attachment":[{"href":"https:\/\/www.umweltaktivisten.de\/index.php\/wp-json\/wp\/v2\/media?parent=4096"}],"wp:term":[{"taxonomy":"category","embeddable":true,"href":"https:\/\/www.umweltaktivisten.de\/index.php\/wp-json\/wp\/v2\/categories?post=4096"},{"taxonomy":"post_tag","embeddable":true,"href":"https:\/\/www.umweltaktivisten.de\/index.php\/wp-json\/wp\/v2\/tags?post=4096"}],"curies":[{"name":"wp","href":"https:\/\/api.w.org\/{rel}","templated":true}]}}