{"id":3923,"date":"2020-01-22T23:15:49","date_gmt":"2020-01-22T22:15:49","guid":{"rendered":"http:\/\/www.umweltaktivisten.de\/?p=3923"},"modified":"2020-01-22T23:17:27","modified_gmt":"2020-01-22T22:17:27","slug":"nein-zur-radioaktiv-strahlenden-olympiade-in-japan","status":"publish","type":"post","link":"https:\/\/www.umweltaktivisten.de\/index.php\/2020\/01\/22\/nein-zur-radioaktiv-strahlenden-olympiade-in-japan\/","title":{"rendered":"NEIN zur radioaktiv strahlenden Olympiade in Japan!"},"content":{"rendered":"<p>\n<!--StartFragment--><\/p>\n\n\n<div class=\"wp-block-image\"><figure class=\"alignleft size-large is-resized\"><img loading=\"lazy\" decoding=\"async\" src=\"https:\/\/www.westcastor.org\/wp-content\/uploads\/2019\/12\/ausgestrahlt-e1400x400.png\" alt=\"\" class=\"wp-image-1584\" width=\"212\" height=\"212\"\/><\/figure><\/div>\n\n\n\n<h4 class=\"wp-block-heading\">Lasst uns gemeinsam f\u00fcr eine Gesellschaft k\u00e4mpfen, in der der Mensch im Mittelpunkt von Denken und Handeln steht und nicht die \u00f6konomische und machtpolitische Rationalit\u00e4t !<\/h4>\n\n\n\n<p><strong>Japan l\u00e4dt die Sportler*innen der Welt zu sich ein: 2020 sollen die Olympischen Spiele von der Metropole Tokio ausgerichtet werden. 230 Kilometer vom havarierten Atomkraftwerk Fukushima Daiichi entfernt. (Spiele der XXXII. Olympiade, 24. Juli \u2013 9. Aug. 2020, s. Spiegel Online) Aber auch in der Hauptstadt der Pr\u00e4fektur Fukushima sind olympische Wettk\u00e4mpfe geplant: Baseball und Softball-Spiele sollen dort ausgetragen werden \u2013 50 Kilometer vom havarierten Atomkraftwerk entfernt.<\/strong><\/p>\n\n\n\n<p>Am 11. M\u00e4rz 2011 kam es nach einem Erdbeben (St\u00e4rke 9.0) und einem nachfolgenden Tsunami zur Atomkatastrophe mit Kernschmelze in drei Reaktoren des Atomkraftwerkes Fukushima Daiichi. (Von 6 Reaktoren waren 3 in Betrieb. Das Atomkraftwerk lieferte 10 Prozent des Stroms in Japan) Durch diese verheerende Kombination der Katastrophen verloren im M\u00e4rz 2011 circa 300.000 Menschen ihr Zuhause und 20.000 starben (Tagesspiegel 15.05.2019), 2000 Arbeiter*innen wurden verstrahlt. Radioaktive Wolken verstrahlten Japan und den umliegenden Ozean.<\/p>\n\n\n\n<p>Vergleichbar ist das nur mit dem Super-GAU in Tschernobyl in der Nacht vom 25. auf den 26. April 1986. Viele Menschen erlitten damals schwerwiegende Strahlensch\u00e4den und viele sind daran bereits gestorben. Von der Tschernobyl-Katastrophe sind \u00fcber 600 Millionen Menschen in ganz Europa gesundheitlich betroffen. (Das geht aus einer Studie der IPPNW Deutschland und der Gesellschaft f\u00fcr Strahlenschutz zu den gesundheitlichen Folgen von Tschernobyl hervor (IPPNW-Studie, April 2011).<\/p>\n\n\n\n<p>Nach der Reaktorkatastrophe in Fukushima wurden nach und nach alle 54 Reaktorbl\u00f6cke in den 17 Atomkraftwerken Japans vom Netz genommen. Die Industrienation kam v\u00f6llig ohne Atomstrom aus. Im Juli 2012 wurde nach 2 Monaten ohne Atomstrom der erste der beiden Druckwasserreaktoren am AKW \u00d6i wieder in Betrieb genommen. Im September 2013 gingen beide Reaktoren wegen Routinewartungen wieder vom Netz. Ab da war Japan f\u00fcr knapp 2 Jahre komplett frei von Atomenergie, bis im August 2015 der erste Reaktor am AKW Sendai wieder hochgefahren wurde. Ende Oktober 2018 waren neun Reaktoren wieder in Betrieb.<\/p>\n\n\n<p><a href=\"https:\/\/sand.blackblogs.org\/wp-content\/uploads\/sites\/64\/2019\/12\/Tokio-2020-strahlende-Olympia-Postkarte-SAND.pdf\" target=\"_blank\" rel=\"noopener noreferrer\">Hier die Postkarte von &#8222;SAND&#8220; (Vorder+R\u00fcckseite): Tokio 2020 strahlende Olympia (zum runterladen)<\/a><\/p>\n<p><!--more--><\/p>\n\n\n<p>Die havarierten Reaktoren am AKW Fukushima Daiichi stellen weiterhin eine Gefahr dar. Auch gabt es Schwierigkeien, die Brennelemente im Abklingbecken des Reaktors 4 ausreichend zu k\u00fchlen. Die \u00f6kologischen und sozialen Folgen sind weithin sichtbar: Entwurzelte Familien, wie ausgestorben wirkende Evakuierungszonen, hunderttausende S\u00e4cke mit verstrahlter Erde, verseuchte W\u00e4lder, Fl\u00fcsse, Seen und K\u00fcsten.<br> Gro\u00dfe Mengen an radioaktivem Material befinden sich weiterhin in den havarierten Reaktorgeb\u00e4uden, w\u00e4hrend gleichzeitig auf dem Kraftwerksgel\u00e4nde radioaktive Materialien unter freiem Himmel gelagert werden. <strong>Da der Kernbrennstoff in den havarierten Reaktoren kontinuierlich gek\u00fchlt werden muss, fallen t\u00e4glich gesch\u00e4tzte 700.000 Liter kontaminiertes Wasser an. Von diesen flie\u00dfen nach Sch\u00e4tzungen der Betreiberfirma TEPCO (Tokyo Electric Power Corporation) circa 300.000 \u2013 400.000 Liter pro Tag unkontrolliert in den Pazifik. Der Rest kann abgepumpt und in Tanks auf dem Kraftwerksgel\u00e4nde gelagert werden (IPPNW 10.03.2015). Rund 1,2 Milliarden Liter radioaktiv kontaminiertes Wasser lagern bereits in riesigen Tanks auf dem Kraftwerksgel\u00e4nde.<\/strong> T\u00e4glich dringt auch neues Grundwasser ein, das ebenfalls verstrahlt wird. Dieser Zustand stellt auch im Fall eines erneuten Erdbebens \u2013 das in Japan h\u00e4ufig vorkommt \u2013 eine gro\u00dfe Gefahr f\u00fcr Mensch und Umwelt dar. Die Atomkatastrophe dauert an. Es gibt keine Entwarnung. Aber nicht die Sicherheit der Weltbev\u00f6lkerung, sondern der Profit z\u00e4hlt!<\/p>\n\n\n\n<p>Die durch Ableitung\nradioaktiver Stoffe mit der Luft und dem Wasser aus dem AKW jeweils verursachte\nStrahlenbelastung von Einzelpersonen der Bev\u00f6lkerung darf normalerweise die\neffektive Dosis von 0,3 mSv (Millisievert) pro Kalenderjahr nicht \u00fcbersteigen\n(deutscher Grenzwert). Internationale Regelungen sehen vor, dass die\nBev\u00f6lkerung nach einem Atomunfall lediglich 1 mSv zus\u00e4tzlicher Strahlung pro\nJahr ausgesetzt werden darf. In den wiederbesiedelten Evakuierungsgebieten in\nder Pr\u00e4fektur Fukushima wird der Bev\u00f6lkerung jedoch eine Strahlendosis\nzugemutet, die bis zu 20 Mal h\u00f6her liegt (bis 20 mSv\/a). Selbst Ortschaften,\ndie bereits dekontaminiert wurden, k\u00f6nnen durch Wind und Wetter jederzeit\nerneut verstrahlt werden, denn Felder, Waldgebiete, Berge und wildes Terrain stellen\nunsanierbare Reservoire radioaktiver Stoffe dar und tragen immer wieder zu\nRekontamination ehemals gereinigter Areale bei. Bewohnte Gebiete in der\nPr\u00e4fektur Fukushima, die nie evakuiert wurden, sind ebenfalls verstrahlt. \u00dcber\n100.000 Fl\u00fcchtlinge leben dort in \u00dcbergangsh\u00e4usern. (s. antiatom-fuku)<\/p>\n\n\n\n<p>Es gibt\nkeine ungef\u00e4hrliche Untergrenze f\u00fcr radioaktive Strahlung. Jede radioaktive\nStrahlung kann Krankheit und Tod ausl\u00f6sen. Allerdings ist die\nWahrscheinlichkeit daf\u00fcr unterschiedlich und h\u00e4ngt auch von der Konstitution\ndes einzelnen Menschen ab. Der Festlegung von Grenzwerten liegen technische\nMachbarkeit aber auch Kosten-Nutzen Absch\u00e4tzungen zugrunde: Kosten f\u00fcr\nKrankheit und Tod und Nutzen f\u00fcr das Kapital. Auch ist der Mensch ebenso Teil\nder Biosph\u00e4re wie Tiere und Pflanzen und jeder Schaden an der Umwelt hat auch\nunmittelbare Folgen f\u00fcr den Menschen.<\/p>\n\n\n\n<p><strong>Naoto Kan, damaliger Premierminister Japans, bekannte sich in einem Interview mit der britischen Zeitung \u201eThe Telegraph\u201c zum erkl\u00e4rten Gegner der Atomenergie<\/strong>. Nur einen Fingerbreit von der Schwelle zum totalen nuklearen Desaster habe sich Japan im Fr\u00fchling 2011 befunden, nachdem es im Atomkraftwerk Fukushima Daiichi zu drei Kernschmelzen gekommen war. Kurzzeitig habe man sogar erwogen, die Hauptstadt Tokio zu evakuieren \u2013 insgesamt w\u00e4ren das mit den umliegenden betroffenen Pr\u00e4fekturen 50 Millionen Menschen gewesen. In den Tagen nach Beginn der Atomkatastrophe wehte der Wind aber vor allem Richtung Osten, so dass ein Gro\u00dfteil des radioaktiven Niederschlags (sch\u00e4tzungsweise 80 Prozent) \u00fcber dem Pazifik erfolgte. Das f\u00fchrte zur gr\u00f6\u00dften, jemals gemessenen radioaktiven Kontamination der Weltmeere durch ein einzelnes Ereignis. (s. IPPNW)<\/p>\n\n\n\n<p>2011 noch\nwollte Naoto Kan die Betreiberfirma TEPCO zur Rechenschaft ziehen und Ursache\nund Auswirkungen der Katastrophe mit aller Macht und allen Mitteln bek\u00e4mpfen.\nDas Kartell aus Gro\u00dfkapital, Atomkonzernen, korrupter B\u00fcrokratie und Politik \u2013\nin Japan \u201edas Atomdorf\u201c genannt \u2013 jedoch stoppte ihn und dr\u00e4ngte ihn aus seinem\nAmt. Anschlie\u00dfend wurde der erzkonservative Shinzo Abe ins Amt gehievt. Dieser\ngab TEPCO freie Hand und brachte sogar wieder einige AKWs ans Netz. Den GAU\nerkl\u00e4rte er kurzerhand f\u00fcr beendet. (s. ethecon)<\/p>\n\n\n\n<p>Die hohe Anzahl neuer Schilddr\u00fcsenkrebsf\u00e4lle bei Kindern und die erwartete Anzahl von mehreren zehntausend Krebserkrankungen ist besorgniserregend (ergibt sich \u00fcbereinstimmend sowohl aus dem WHO (Weltgesundheitsorganisation)\u2013 als auch aus dem IPPNW-Report, IPPNW 14.03.2013, 06.06.2014). Viele Menschen werden in den n\u00e4chsten Jahrzehnten an radioaktiven Folgeerkrankungen leiden und auch sterben.<br>Die Krankheitsdynamik der Radioaktivit\u00e4t ist ein chronischer, \u00fcber Jahrzehnte andauernder Prozess \u2013 au\u00dferhalb der akuten Strahlungssofortsch\u00e4den. Deshalb ist der Nachweis einer Strahlungserkrankung so schwierig.<br>Die weitaus h\u00f6chsten Strahlendosen d\u00fcrften die Arbeiter*innen auf dem Kraftwerksgel\u00e4nde erhalten haben\/erhalten. T\u00e4glich gehen dort 5ooo Arbeitskr\u00e4fte ein und aus. Die japanische Atomaufsichtsbeh\u00f6rde NRA und das japanische Gesundheitsministerium haben vorgeschlagen die maximale Strahlenbelastung f\u00fcr Nuklearabeiter*innen f\u00fcr eine Notfallsituation von 100 mSv auf 250 mSv anzuheben. (galt bis Dezember 2011, wurde dann wieder auf 100 mSv zur\u00fcckgestuft) Auch jenseits von Katastrophensituationen sollen Nukleararbeiter*innen einer h\u00f6heren Strahlenbelastung ausgesetzt werden d\u00fcrfen. Es soll eine kumulierte Strahlenbelastung von 100 mSv zul\u00e4ssig werden (IPPNW 10.08.2015).<br>Die \u00fcberwiegende Mehrheit von ihnen sind allerdings nicht Angestellte der Betreiberfirma TEPCO, sondern Hilfsarbeiter*innen, die unter weitaus schlechteren Arbeitsbedingungen von Subunternehmen angeheuert worden sind\/ werden. Auch hat TEPCO f\u00fcr die Rekrutierung von Arbeiter*innen die Yakuza (japanische Mafia) mit einbezogen. So werden im allgemeinen Tagel\u00f6hner,Obdachlose und Bed\u00fcrftige verpflichtet, deren Krankheit und Tod wohl weniger \u00f6ffentliche Wellen schlagen. Es ist davon auszugehen, dass tausende Arbeiter*innen bereits an Krebs erkrankt und viele auch gestorben sind.<\/p>\n\n\n\n<h4 class=\"wp-block-heading\">Es herrscht weiterhin keine Normalit\u00e4t in Japan<\/h4>\n\n\n\n<p>Von\noffizieller Seite werden die Auswirkungen der Atomkatastrophe stark\nheruntergespielt. Die gesundheitlichen Auswirkungen werden systematisch\nuntersch\u00e4tzt, bisherige Messungen in Fukushima sind unzul\u00e4nglich.<\/p>\n\n\n\n<p>* Der\njapanische Premierminister Shinzo Abe sagte bei der Olympiabewerbung vor der\n125. IOC-Vollversammlung am 07.08.2013 in Buenos Aires (Spiegel ONLINE\n08.09.2013):<br>\n\u2013 \u201edie Lage in Fukushima ist unter Kontrolle\u201c<br>\n\u2013 \u201ees hat und wird nie eine Gefahr f\u00fcr Tokio bestehen\u201c<br>\n\u2013 es gebe kein Problem, und \u201ees wird in Zukunft keins geben\u201c<br>\n\u2013 \u201eich b\u00fcrge pers\u00f6nlich daf\u00fcr, dass die eingeleiteten Ma\u00dfnahmen greifen\u201c<\/p>\n\n\n\n<p>* Der Chef\ndes Organisationskomitees f\u00fcr die Tokio-Spiele, Yoshiro Mori sagte:<\/p>\n\n\n\n<blockquote class=\"wp-block-quote is-layout-flow wp-block-quote-is-layout-flow\"><p>&#8222;Durch die Ausrichtung der Spiele werde Fukushima zeigen k\u00f6nnen, &#8218;wieweit der Wiederaufbau in den zehn Jahren nach der Katastrophe&#8216; vorangeschritten ist. Die Entscheidung werde \u201eden Menschen Mut machen, besonders in der betroffenen Region\u201c.<\/p><\/blockquote>\n\n\n\n<p>* Der Gouverneur der Pr\u00e4fektur Fukushima Masao Uchibori sagte:<\/p>\n\n\n\n<blockquote class=\"wp-block-quote is-layout-flow wp-block-quote-is-layout-flow\"><p><br> \u201eWir brauchen ein Ziel, um zeigen zu k\u00f6nnen, wie weit sich Fukushima erholt hat.\u201c Er bezog sich auf die olympischen Spiele 2020.&#8220; (Tagesspiegel 15.05.2019)<\/p><\/blockquote>\n\n\n\n<p>Das alles ist T\u00e4uschung, reiner Zynismus und Menschenverachtung, auch den Opfern der Atomkatastrophe gegen\u00fcber.<br>Es besteht n\u00e4mlich sehr wohl eine erhebliche Gesundheitsgefahr in den radioaktiv kontaminierten Gebieten. Umso unverantwortlicher ist es von der japanischen Regierung, Teile der Olympischen Spiele dort auszutragen. Damit soll der Eindruck erweckt werden, dass Fukushima wieder \u201esicher\u201c und die Atomkatastrophe \u201ebehoben\u201c sei \u2013 und \u00fcberhaupt die Produktion von Atomenergie beherrschbar sei.<\/p>\n\n\n\n<p>Etwa 500.000 Menschen mussten nach dem Super-Gau ihr Zuhause verlassen. Etwa 50.000 der evakuierten Menschen leben weiterhin in Behelfsunterk\u00fcnften und viele von ihnen weigern sich, in ihre verstrahlten D\u00f6rfer und St\u00e4dte zur\u00fcckzukehren. Das obwohl \u2013 nach einem Erlass der Regierung \u2013 den nicht R\u00fcckkehrwilligen die Unterst\u00fctzungsleistungen (zum Beispiel Schadensersatzleistunngen, auch selbst die Rente) gestrichen werden und auf sie Zwang ausge\u00fcbt wird. Auch die Bereitstellung kostenloser Unterk\u00fcnfte ist zum Ende M\u00e4rz dieses Jahres ausgelaufen.<\/p>\n\n\n\n<p>Es ist nicht auszuschlie\u00dfen, dass auch Sportler*innen und Besucher*innen durch die Kontamination in der Region Fukushima gef\u00e4hrdet werden. Dies gilt insbesondere auch f\u00fcr Menschen mit erh\u00f6hter Strahlensensibilit\u00e4t, unter anderem f\u00fcr Schwangere und Kinder und Menschen mit Immunschw\u00e4che oder genetisch bedingter Neigung, an Krebs zu erkranken.<\/p>\n\n\n\n<p>Nach Sch\u00e4tzung des japanischen Rechnungshofs k\u00f6nnten die Olympischen Spiele am Ende etwa 22 Milliarden Euro kosten (s. Spiegel Online, 11.03.2019).<br>Gleichzeitig streicht die japanische Regierung die Unterst\u00fctzungsleistungen f\u00fcr alle nicht r\u00fcckkehrwilligen Evakuierten \u2013 welch ein zynischer Umgang mit Menschen!<\/p>\n\n\n\n<p><strong>Bilanz:<\/strong><\/p>\n\n\n\n<p>Wir wollen eine erh\u00f6hte Aufmerksamkeit daf\u00fcr erreichen, wie die kapitalistischen Verh\u00e4ltnisse und wie politische Repr\u00e4sentanten in aller Welt in den milit\u00e4risch-industriellen Komplex verstrickt sind.<br>Die zivile und milit\u00e4rische Nutzung der Atomenergie sind zwei Seiten einer Medaille.<\/p>\n\n\n\n<p>Es gibt\nweiterhin weltweit kein Endlager, in dem die lebensbedrohlichen\nHinterlassenschaften der Atomtechnologie (zivil wie milit\u00e4risch) angemessen\nsicher verwahrt werden k\u00f6nnen.<\/p>\n\n\n\n<p>* Wir unterst\u00fctzen die Initiativen zum Atomausstieg und zur weltweiten Energiewende:<br> \u2013 weg von fossilen und nuklearen Brennstoffen und hin zu erneuerbaren Energien !<\/p>\n\n\n\n<p>\u2013 Atomwaffen\nabschaffen, weltweit !<\/p>\n\n\n\n<p>* Wir sagen Nein zu dem Versuch der Japanischen Regierung, die lebensbedrohliche Situation zu vertuschen, der Welt\u00f6ffentlichkeit Normalit\u00e4t in den verstrahlten Gebieten vorzuspielen.<br> Die Betreiberfirma TEPCO muss gestoppt werden !<\/p>\n\n\n\n<p>* Wir solidarisieren uns mit den Opfern und Gesch\u00e4digten der Atomkatastrophe.<\/p>\n\n\n\n<p>* Wir rufen alle Sportler*innen, Sport-Funktion\u00e4r*innen, Besucher*innen und alle in irgendeiner Form an den Spielen Beteiligte auf, die Spiele 2020 in Japan zu boykottieren.<br>Sich ihrer Verantwortung \u2013 auch den von der Atomkatastrophe Betroffenen gegen\u00fcber \u2013 bewusst zu werden und sich nicht instrumentalisieren\/ funktionalisieren zu lassen, um weltweit in Japan Normalit\u00e4t vorzut\u00e4uschen.<br> Boykott auch als Zeichen der Solidarit\u00e4t mit den Opfern und Gesch\u00e4digten<br> der Atomkatastrophe und den Menschen, die dort dauerhaft leben.<\/p>\n\n\n\n<p>NEIN<br>\nzur radioaktiv strahlenden Olympiade in Japan !<\/p>\n\n\n\n<p>Die Atomkatastrophe in Fukushima war und ist keine Naturkatastrophe, sondern ist ein Verbrechen, das von Menschen zu verantworten ist !<\/p>\n\n\n\n<p>Lasst uns gemeinsam f\u00fcr eine Gesellschaft k\u00e4mpfen, in der der Mensch im Mittelpunkt von Denken und Handeln steht und nicht die \u00f6konomische und machtpolitische Rationalit\u00e4t !<\/p>\n\n\n\n<p>Literatur:<\/p>\n\n\n\n<p>Strahlentelex\nmit Elektrosmog Report<\/p>\n\n\n\n<p><a rel=\"noreferrer noopener\" href=\"http:\/\/www.strahlentelex.de\/Tschernobyl-Folgen.htm\" target=\"_blank\">www.strahlentelex.de\/Tschernobyl-Folgen.htm<\/a><\/p>\n\n\n\n<p>IPPNW (International Physicians for the Prevention of Nuclear War. Internationale \u00c4rzte f\u00fcr die\nVerh\u00fctung des Atomkrieges \/ \u00c4rzte in sozialer Verantwortung e.V.)<\/p>\n\n\n\n<figure class=\"wp-block-embed\"><div class=\"wp-block-embed__wrapper\">\nhttps:\/\/www.ippnw.de\/startseite\/artikel\/de\/tokyo-2020-the-radioaktive-olym.htm\/\n<\/div><\/figure>\n\n\n\n<figure class=\"wp-block-embed\"><div class=\"wp-block-embed__wrapper\">\nhttp:\/\/www.radioaktive-olympics.org\/deutsche-information\/hintergrundinformation.htm\/\n<\/div><\/figure>\n\n\n\n<p>ethecon\nStiftung Ethik \u00a7 \u00d6konomie<br>\n<a href=\"http:\/\/www.ethecon.org\/de\/793\" target=\"_blank\" rel=\"noreferrer noopener\">www.ethecon.org<\/a><br>\ninfo[at]ethecon.org<\/p>\n\n\n\n<p>Umwelt-Medizin-Gesellschaft<br><a href=\"http:\/\/www.Umwelt-Medizin-Gesellschaft.de\" target=\"_blank\" rel=\"noreferrer noopener\" aria-label=\" www.Umwelt-Medizin-Gesellschaft.de (\u00f6ffnet in neuem Tab)\"> www.Umwelt-Medizin-Gesellschaft.de<\/a><\/p>\n\n\n\n<p>\u201eFreigesetzte\nRadioaktivit\u00e4t aus der Reaktorktastrophe von Fukushima im Pazifik und in der\nNahrungskette\u201c ,307, 4\/2011<\/p>\n\n\n\n<p>Naoto Kan<br>&#8222;Als Premierminister w\u00e4hrend der Fukushima-Krise&#8220;<br> iudicium Verlag GmbH M\u00fcnchen<br> 2015, ISBN 978-3-86205-426-8<\/p>\n\n\n\n<p>You Tube<br><a href=\"https:\/\/youtu.be\/nEWq8XfoB6I\" target=\"_blank\" rel=\"noreferrer noopener\" aria-label=\" \u201eFukushima Tagebuch einer Katastrophe\u201c, ZDF Info 2018 (\u00f6ffnet in neuem Tab)\"> \u201eFukushima Tagebuch einer Katastrophe\u201c, ZDF Info 2018<\/a><\/p>\n\n\n\n<p>antiatom-fuku<br> <a rel=\"noreferrer noopener\" href=\"http:\/\/antiatom-fuku.de\/\" target=\"_blank\">http:\/\/antiatom-fuku.de\/<\/a><br> info[at]antiatom-fuku.de<\/p>\n\n\n\n<p>B<strong>isher wird dieser Aufruf unterst\u00fctzt von:<\/strong><\/p>\n\n\n\n<p>Me\u00dfstelle\nf\u00fcr Arbeits- und Umweltschutz \u2013 Bremen (MAUS e.V.)<br>\nWWW.MAUS-Bremen.de MAUS{at}MAUS-Bremen.de<\/p>\n\n\n\n<p>Systemoppositionelle Atomkraft Nein Danke-Gruppe \u2013 Hamburg (SAND)<br><a rel=\"noreferrer noopener\" aria-label=\" (\u00f6ffnet in neuem Tab)\" href=\"https:\/\/SAND.blackblogs.org SAND{at}nadir.org\" target=\"_blank\"> https:\/\/SAND.blackblogs.org<\/a>  SAND{at}nadir.org<\/p>\n\n\n\n<p>\u00dcberparteiliche Salzburger Plattform gegen Atomgefahren (PLAGE-Salzburg)<br><a href=\"https:\/\/www.plage.at\/\" target=\"_blank\" rel=\"noreferrer noopener\" aria-label=\" https:\/\/www.plage.at\/ (\u00f6ffnet in neuem Tab)\"> https:\/\/www.plage.at\/<\/a><\/p>\n\n\n\n<p>Anti-AKW-Videogruppe der BI Altonaer Museum bleibt !<br><a href=\"http:\/\/antjeundieter.de\/\" target=\"_blank\" rel=\"noreferrer noopener\" aria-label=\" http:\/\/antjeundieter.de\/ (\u00f6ffnet in neuem Tab)\"> http:\/\/antjeundieter.de\/<\/a><\/p>\n\n\n\n<p>ethecon \u2013 Stiftung Ethik und \u00d6konomie<br><a href=\"http:\/\/www.ethecon.org\" target=\"_blank\" rel=\"noopener\"> www.ethecon.org<\/a> info{at}ethecon.org<\/p>\n\n\n\n<p>solidarisch\nk\u00e4mpfen \u2013 Hamburg<br>\nhttps:\/\/unitedwestand.blackblogs.org<\/p>\n\n\n\n<p>Initiative\nBrokdorf akut<br>\nhttp:\/\/www.brokdorf-akut.de\/<\/p>\n\n\n\n<p>Anti Atom\nAktuell<br>\nwww.anti-atom-aktuell.de Redaktion{at}anti-atom-aktuell.de<\/p>\n\n\n\n<p>Bremer\nFriedensforum<br>\nhttp:\/\/www.BremerFriedensforum.de\/<\/p>\n\n\n\n<p>Bremer.Friedensforum{at}gmx.de<\/p>\n\n\n\n<p>BUND\nKreisgruppe Steinburg<br>\nwww.BUND-Steinburg.de<\/p>\n\n\n\n<p>Attac \u2013\nRegionalgruppe Jtzehoe<br>\nwww.Attac-Netzwek.de\/Itzehoe<\/p>\n\n\n\n<p>mpz \u2013\nMedienP\u00e4dagogik Zentrum Hamburg e.V,<br>\nwww.mpz-Hamburg.de info{at}mpz-Hamburg.de<\/p>\n\n\n\n<p>B\u00fcrgerinitiative\nUmweltschutz L\u00fcchow-Dannenberg<br>\nwww.bi-luechow-dannenberg.de<\/p>\n\n\n\n<p>BI.Cattenom Non Merci<br>\nhttps:\/\/cattenomnonmerciorg.wordpress.com\/ cattenom-non-merci{at}tonline.de<\/p>\n\n\n\n<p>Wolfenb\u00fctteler\nAtomAustiegsGruppe (WAAG)<br>\nhttps:\/\/waagwf.wordpress.com\/<\/p>\n\n\n\n<p>AKWSBoH (AKW\nStopp sofort. Bollschweil-Hexental).<br>\nakws.boh{at}gmx.de<br>\n(angeschlossen der Kampagne \u201eAKW Fessenheim \u2013 eine Zeitbombe \u2013 stopp sofort)<\/p>\n\n\n\n<p>Comite pour\nla Sauvegarde de Fessenheim et de la plaine du Rhin (CSFR)<\/p>\n\n\n\n<p>Mahnwachengruppe\nvor dem AKW Brokdorf<br>\nHans.G.Werner{at}t-online.de<\/p>\n\n\n\n<p>Anti AKW\nGruppe Dithmarschen<br>\nwww.anti-AKW-Gruppe-Heide.de\/<br>\nKontakt: Christa Porath juepo200{at}t-online.de + JochenSievers{at}dieLupe.org<\/p>\n\n\n\n<p>Die M\u00fctter\ngegen Atomkraft e.V.<br>\nhttps:\/\/MuettergegenAtomkraft.de<\/p>\n\n\n\n<p>Arbeitskreis\nJapan in der Evangelischen-Lutherischen Landeskirche in Braunschweig<br>\nhttps:\/\/ AkJ apan.home.blog\/<\/p>\n\n\n\n<p>Umbruch\nBildarchiv, Berlin<br>\nhttps:\/\/www.Umbruch-Bildarchiv.de\/ post{at}Umbruch -Bildarchiv .de<\/p>\n\n\n\n<p>Gegenstrom\nHamburg<br>\nhttps:\/\/www.GegenstromHamburg.de moin{at}GegenstromHamburg.de<\/p>\n\n\n\n<p>Netzwerk\nFreiheit f\u00fcr alle politischen Gefangenen<br>\nhttp:\/\/political-prisoners.net Hamburg{at}political-prisoners.net<\/p>\n\n\n\n<p>Ermittlungsausschuss\nHamburg<br>\ninfo{at}ea-hamburg.org<\/p>\n\n\n\n<p>Antiatomnetz\nTrier<br>\nwww.Antiatomnetz-Trier.de<\/p>\n\n\n\n<p>Kieler Initiative gegen Atomanlagen<br> http:\/\/bi-kiel.blogspot.com\/<\/p>\n\n\n\n<p><a rel=\"noreferrer noopener\" aria-label=\"ktionsb\u00fcndnis &quot;Stop Westcastor&quot; J\u00fclich (\u00f6ffnet in neuem Tab)\" href=\"https:\/\/www.westcastor.org\" target=\"_blank\">Aktionsb\u00fcndnis &#8222;Stop Westcastor&#8220; J\u00fclich<\/a><\/p>\n\n\n\n<p>Quelle: <a href=\"https:\/\/sand.blackblogs.org\/\" target=\"_blank\" rel=\"noopener\">Systemoppositionelle Atomkraft Nein Danke<\/a> (SAND)<\/p>\n\n\n<p><!--EndFragment--><\/p>","protected":false},"excerpt":{"rendered":"<p>Lasst uns gemeinsam f\u00fcr eine Gesellschaft k\u00e4mpfen, in der der Mensch im Mittelpunkt von Denken und Handeln steht und nicht die \u00f6konomische und machtpolitische Rationalit\u00e4t ! Japan l\u00e4dt die Sportler*innen der Welt zu sich ein: 2020 sollen die Olympischen Spiele von der Metropole Tokio ausgerichtet werden. 230 Kilometer vom havarierten\u2026<\/p>\n<p class=\"continue-reading-button\"> <a class=\"continue-reading-link\" href=\"https:\/\/www.umweltaktivisten.de\/index.php\/2020\/01\/22\/nein-zur-radioaktiv-strahlenden-olympiade-in-japan\/\">weiter &#8230;<i class=\"crycon-right-dir\"><\/i><\/a><\/p>\n","protected":false},"author":1,"featured_media":3901,"comment_status":"closed","ping_status":"closed","sticky":false,"template":"","format":"standard","meta":{"footnotes":""},"categories":[21],"tags":[141],"class_list":["post-3923","post","type-post","status-publish","format-standard","has-post-thumbnail","hentry","category-atom","tag-fukushima"],"yoast_head":"<!-- This site is optimized with the Yoast SEO plugin v27.5 - https:\/\/yoast.com\/product\/yoast-seo-wordpress\/ -->\n<title>NEIN zur radioaktiv strahlenden Olympiade in Japan! - umweltaktivisten.de<\/title>\n<meta name=\"description\" content=\"NEIN zur radioaktiv strahlenden Olympiade in Japan! Atom - umweltaktivisten.de Japan l\u00e4dt Sportler der Welt ein: 2020 sollen Olympischen Spiele von Tokio ausgerichtet werden. 230 Kilometer von Fukushima Daiichi.\" \/>\n<meta name=\"robots\" content=\"index, nofollow, max-snippet:-1, max-image-preview:large, max-video-preview:-1\" \/>\n<link rel=\"canonical\" href=\"https:\/\/www.umweltaktivisten.de\/index.php\/2020\/01\/22\/nein-zur-radioaktiv-strahlenden-olympiade-in-japan\/\" \/>\n<meta property=\"og:locale\" content=\"de_DE\" \/>\n<meta property=\"og:type\" content=\"article\" \/>\n<meta property=\"og:title\" content=\"NEIN zur radioaktiv strahlenden Olympiade in Japan! - umweltaktivisten.de\" \/>\n<meta property=\"og:description\" content=\"NEIN zur radioaktiv strahlenden Olympiade in Japan! Atom - umweltaktivisten.de Japan l\u00e4dt Sportler der Welt ein: 2020 sollen Olympischen Spiele von Tokio ausgerichtet werden. 230 Kilometer von Fukushima Daiichi.\" \/>\n<meta property=\"og:url\" content=\"https:\/\/www.umweltaktivisten.de\/index.php\/2020\/01\/22\/nein-zur-radioaktiv-strahlenden-olympiade-in-japan\/\" \/>\n<meta property=\"og:site_name\" content=\"umweltaktivisten.de\" \/>\n<meta property=\"article:published_time\" content=\"2020-01-22T22:15:49+00:00\" \/>\n<meta property=\"article:modified_time\" content=\"2020-01-22T22:17:27+00:00\" \/>\n<meta property=\"og:image\" content=\"https:\/\/www.umweltaktivisten.de\/wp-content\/uploads\/2019\/12\/ausgestrahlt-200.png\" \/>\n\t<meta property=\"og:image:width\" content=\"200\" \/>\n\t<meta property=\"og:image:height\" content=\"200\" \/>\n\t<meta property=\"og:image:type\" content=\"image\/png\" \/>\n<meta name=\"author\" content=\"marita\" \/>\n<meta name=\"twitter:card\" content=\"summary_large_image\" \/>\n<meta name=\"twitter:label1\" content=\"Verfasst von\" \/>\n\t<meta name=\"twitter:data1\" content=\"marita\" \/>\n\t<meta name=\"twitter:label2\" content=\"Gesch\u00e4tzte Lesezeit\" \/>\n\t<meta name=\"twitter:data2\" content=\"12\u00a0Minuten\" \/>\n<script type=\"application\/ld+json\" class=\"yoast-schema-graph\">{\"@context\":\"https:\\\/\\\/schema.org\",\"@graph\":[{\"@type\":\"Article\",\"@id\":\"https:\\\/\\\/www.umweltaktivisten.de\\\/index.php\\\/2020\\\/01\\\/22\\\/nein-zur-radioaktiv-strahlenden-olympiade-in-japan\\\/#article\",\"isPartOf\":{\"@id\":\"https:\\\/\\\/www.umweltaktivisten.de\\\/index.php\\\/2020\\\/01\\\/22\\\/nein-zur-radioaktiv-strahlenden-olympiade-in-japan\\\/\"},\"author\":{\"name\":\"marita\",\"@id\":\"https:\\\/\\\/www.umweltaktivisten.de\\\/#\\\/schema\\\/person\\\/af601319cc34a906612869cf3b4fd51a\"},\"headline\":\"NEIN zur radioaktiv strahlenden Olympiade in Japan!\",\"datePublished\":\"2020-01-22T22:15:49+00:00\",\"dateModified\":\"2020-01-22T22:17:27+00:00\",\"mainEntityOfPage\":{\"@id\":\"https:\\\/\\\/www.umweltaktivisten.de\\\/index.php\\\/2020\\\/01\\\/22\\\/nein-zur-radioaktiv-strahlenden-olympiade-in-japan\\\/\"},\"wordCount\":2323,\"image\":{\"@id\":\"https:\\\/\\\/www.umweltaktivisten.de\\\/index.php\\\/2020\\\/01\\\/22\\\/nein-zur-radioaktiv-strahlenden-olympiade-in-japan\\\/#primaryimage\"},\"thumbnailUrl\":\"https:\\\/\\\/www.umweltaktivisten.de\\\/wp-content\\\/uploads\\\/2019\\\/12\\\/ausgestrahlt-200.png\",\"keywords\":[\"Fukushima\"],\"articleSection\":[\"Atom\"],\"inLanguage\":\"de\"},{\"@type\":\"WebPage\",\"@id\":\"https:\\\/\\\/www.umweltaktivisten.de\\\/index.php\\\/2020\\\/01\\\/22\\\/nein-zur-radioaktiv-strahlenden-olympiade-in-japan\\\/\",\"url\":\"https:\\\/\\\/www.umweltaktivisten.de\\\/index.php\\\/2020\\\/01\\\/22\\\/nein-zur-radioaktiv-strahlenden-olympiade-in-japan\\\/\",\"name\":\"NEIN zur radioaktiv strahlenden Olympiade in Japan! - umweltaktivisten.de\",\"isPartOf\":{\"@id\":\"https:\\\/\\\/www.umweltaktivisten.de\\\/#website\"},\"primaryImageOfPage\":{\"@id\":\"https:\\\/\\\/www.umweltaktivisten.de\\\/index.php\\\/2020\\\/01\\\/22\\\/nein-zur-radioaktiv-strahlenden-olympiade-in-japan\\\/#primaryimage\"},\"image\":{\"@id\":\"https:\\\/\\\/www.umweltaktivisten.de\\\/index.php\\\/2020\\\/01\\\/22\\\/nein-zur-radioaktiv-strahlenden-olympiade-in-japan\\\/#primaryimage\"},\"thumbnailUrl\":\"https:\\\/\\\/www.umweltaktivisten.de\\\/wp-content\\\/uploads\\\/2019\\\/12\\\/ausgestrahlt-200.png\",\"datePublished\":\"2020-01-22T22:15:49+00:00\",\"dateModified\":\"2020-01-22T22:17:27+00:00\",\"author\":{\"@id\":\"https:\\\/\\\/www.umweltaktivisten.de\\\/#\\\/schema\\\/person\\\/af601319cc34a906612869cf3b4fd51a\"},\"description\":\"NEIN zur radioaktiv strahlenden Olympiade in Japan! Atom - umweltaktivisten.de Japan l\u00e4dt Sportler der Welt ein: 2020 sollen Olympischen Spiele von Tokio ausgerichtet werden. 230 Kilometer von Fukushima Daiichi.\",\"breadcrumb\":{\"@id\":\"https:\\\/\\\/www.umweltaktivisten.de\\\/index.php\\\/2020\\\/01\\\/22\\\/nein-zur-radioaktiv-strahlenden-olympiade-in-japan\\\/#breadcrumb\"},\"inLanguage\":\"de\",\"potentialAction\":[{\"@type\":\"ReadAction\",\"target\":[\"https:\\\/\\\/www.umweltaktivisten.de\\\/index.php\\\/2020\\\/01\\\/22\\\/nein-zur-radioaktiv-strahlenden-olympiade-in-japan\\\/\"]}]},{\"@type\":\"ImageObject\",\"inLanguage\":\"de\",\"@id\":\"https:\\\/\\\/www.umweltaktivisten.de\\\/index.php\\\/2020\\\/01\\\/22\\\/nein-zur-radioaktiv-strahlenden-olympiade-in-japan\\\/#primaryimage\",\"url\":\"https:\\\/\\\/www.umweltaktivisten.de\\\/wp-content\\\/uploads\\\/2019\\\/12\\\/ausgestrahlt-200.png\",\"contentUrl\":\"https:\\\/\\\/www.umweltaktivisten.de\\\/wp-content\\\/uploads\\\/2019\\\/12\\\/ausgestrahlt-200.png\",\"width\":200,\"height\":200},{\"@type\":\"BreadcrumbList\",\"@id\":\"https:\\\/\\\/www.umweltaktivisten.de\\\/index.php\\\/2020\\\/01\\\/22\\\/nein-zur-radioaktiv-strahlenden-olympiade-in-japan\\\/#breadcrumb\",\"itemListElement\":[{\"@type\":\"ListItem\",\"position\":1,\"name\":\"Home\",\"item\":\"https:\\\/\\\/www.umweltaktivisten.de\\\/\"},{\"@type\":\"ListItem\",\"position\":2,\"name\":\"NEIN zur radioaktiv strahlenden Olympiade in Japan!\"}]},{\"@type\":\"WebSite\",\"@id\":\"https:\\\/\\\/www.umweltaktivisten.de\\\/#website\",\"url\":\"https:\\\/\\\/www.umweltaktivisten.de\\\/\",\"name\":\"umweltaktivisten.de\",\"description\":\"&quot;Wir haben die Erde nur von unseren Kindern geborgt&quot;\",\"potentialAction\":[{\"@type\":\"SearchAction\",\"target\":{\"@type\":\"EntryPoint\",\"urlTemplate\":\"https:\\\/\\\/www.umweltaktivisten.de\\\/?s={search_term_string}\"},\"query-input\":{\"@type\":\"PropertyValueSpecification\",\"valueRequired\":true,\"valueName\":\"search_term_string\"}}],\"inLanguage\":\"de\"},{\"@type\":\"Person\",\"@id\":\"https:\\\/\\\/www.umweltaktivisten.de\\\/#\\\/schema\\\/person\\\/af601319cc34a906612869cf3b4fd51a\",\"name\":\"marita\",\"url\":\"https:\\\/\\\/www.umweltaktivisten.de\\\/author\\\/marita\\\/\"}]}<\/script>\n<!-- \/ Yoast SEO plugin. -->","yoast_head_json":{"title":"NEIN zur radioaktiv strahlenden Olympiade in Japan! - umweltaktivisten.de","description":"NEIN zur radioaktiv strahlenden Olympiade in Japan! Atom - umweltaktivisten.de Japan l\u00e4dt Sportler der Welt ein: 2020 sollen Olympischen Spiele von Tokio ausgerichtet werden. 230 Kilometer von Fukushima Daiichi.","robots":{"index":"index","follow":"nofollow","max-snippet":"max-snippet:-1","max-image-preview":"max-image-preview:large","max-video-preview":"max-video-preview:-1"},"canonical":"https:\/\/www.umweltaktivisten.de\/index.php\/2020\/01\/22\/nein-zur-radioaktiv-strahlenden-olympiade-in-japan\/","og_locale":"de_DE","og_type":"article","og_title":"NEIN zur radioaktiv strahlenden Olympiade in Japan! - umweltaktivisten.de","og_description":"NEIN zur radioaktiv strahlenden Olympiade in Japan! Atom - umweltaktivisten.de Japan l\u00e4dt Sportler der Welt ein: 2020 sollen Olympischen Spiele von Tokio ausgerichtet werden. 230 Kilometer von Fukushima Daiichi.","og_url":"https:\/\/www.umweltaktivisten.de\/index.php\/2020\/01\/22\/nein-zur-radioaktiv-strahlenden-olympiade-in-japan\/","og_site_name":"umweltaktivisten.de","article_published_time":"2020-01-22T22:15:49+00:00","article_modified_time":"2020-01-22T22:17:27+00:00","og_image":[{"width":200,"height":200,"url":"https:\/\/www.umweltaktivisten.de\/wp-content\/uploads\/2019\/12\/ausgestrahlt-200.png","type":"image\/png"}],"author":"marita","twitter_card":"summary_large_image","twitter_misc":{"Verfasst von":"marita","Gesch\u00e4tzte Lesezeit":"12\u00a0Minuten"},"schema":{"@context":"https:\/\/schema.org","@graph":[{"@type":"Article","@id":"https:\/\/www.umweltaktivisten.de\/index.php\/2020\/01\/22\/nein-zur-radioaktiv-strahlenden-olympiade-in-japan\/#article","isPartOf":{"@id":"https:\/\/www.umweltaktivisten.de\/index.php\/2020\/01\/22\/nein-zur-radioaktiv-strahlenden-olympiade-in-japan\/"},"author":{"name":"marita","@id":"https:\/\/www.umweltaktivisten.de\/#\/schema\/person\/af601319cc34a906612869cf3b4fd51a"},"headline":"NEIN zur radioaktiv strahlenden Olympiade in Japan!","datePublished":"2020-01-22T22:15:49+00:00","dateModified":"2020-01-22T22:17:27+00:00","mainEntityOfPage":{"@id":"https:\/\/www.umweltaktivisten.de\/index.php\/2020\/01\/22\/nein-zur-radioaktiv-strahlenden-olympiade-in-japan\/"},"wordCount":2323,"image":{"@id":"https:\/\/www.umweltaktivisten.de\/index.php\/2020\/01\/22\/nein-zur-radioaktiv-strahlenden-olympiade-in-japan\/#primaryimage"},"thumbnailUrl":"https:\/\/www.umweltaktivisten.de\/wp-content\/uploads\/2019\/12\/ausgestrahlt-200.png","keywords":["Fukushima"],"articleSection":["Atom"],"inLanguage":"de"},{"@type":"WebPage","@id":"https:\/\/www.umweltaktivisten.de\/index.php\/2020\/01\/22\/nein-zur-radioaktiv-strahlenden-olympiade-in-japan\/","url":"https:\/\/www.umweltaktivisten.de\/index.php\/2020\/01\/22\/nein-zur-radioaktiv-strahlenden-olympiade-in-japan\/","name":"NEIN zur radioaktiv strahlenden Olympiade in Japan! - umweltaktivisten.de","isPartOf":{"@id":"https:\/\/www.umweltaktivisten.de\/#website"},"primaryImageOfPage":{"@id":"https:\/\/www.umweltaktivisten.de\/index.php\/2020\/01\/22\/nein-zur-radioaktiv-strahlenden-olympiade-in-japan\/#primaryimage"},"image":{"@id":"https:\/\/www.umweltaktivisten.de\/index.php\/2020\/01\/22\/nein-zur-radioaktiv-strahlenden-olympiade-in-japan\/#primaryimage"},"thumbnailUrl":"https:\/\/www.umweltaktivisten.de\/wp-content\/uploads\/2019\/12\/ausgestrahlt-200.png","datePublished":"2020-01-22T22:15:49+00:00","dateModified":"2020-01-22T22:17:27+00:00","author":{"@id":"https:\/\/www.umweltaktivisten.de\/#\/schema\/person\/af601319cc34a906612869cf3b4fd51a"},"description":"NEIN zur radioaktiv strahlenden Olympiade in Japan! Atom - umweltaktivisten.de Japan l\u00e4dt Sportler der Welt ein: 2020 sollen Olympischen Spiele von Tokio ausgerichtet werden. 230 Kilometer von Fukushima Daiichi.","breadcrumb":{"@id":"https:\/\/www.umweltaktivisten.de\/index.php\/2020\/01\/22\/nein-zur-radioaktiv-strahlenden-olympiade-in-japan\/#breadcrumb"},"inLanguage":"de","potentialAction":[{"@type":"ReadAction","target":["https:\/\/www.umweltaktivisten.de\/index.php\/2020\/01\/22\/nein-zur-radioaktiv-strahlenden-olympiade-in-japan\/"]}]},{"@type":"ImageObject","inLanguage":"de","@id":"https:\/\/www.umweltaktivisten.de\/index.php\/2020\/01\/22\/nein-zur-radioaktiv-strahlenden-olympiade-in-japan\/#primaryimage","url":"https:\/\/www.umweltaktivisten.de\/wp-content\/uploads\/2019\/12\/ausgestrahlt-200.png","contentUrl":"https:\/\/www.umweltaktivisten.de\/wp-content\/uploads\/2019\/12\/ausgestrahlt-200.png","width":200,"height":200},{"@type":"BreadcrumbList","@id":"https:\/\/www.umweltaktivisten.de\/index.php\/2020\/01\/22\/nein-zur-radioaktiv-strahlenden-olympiade-in-japan\/#breadcrumb","itemListElement":[{"@type":"ListItem","position":1,"name":"Home","item":"https:\/\/www.umweltaktivisten.de\/"},{"@type":"ListItem","position":2,"name":"NEIN zur radioaktiv strahlenden Olympiade in Japan!"}]},{"@type":"WebSite","@id":"https:\/\/www.umweltaktivisten.de\/#website","url":"https:\/\/www.umweltaktivisten.de\/","name":"umweltaktivisten.de","description":"&quot;Wir haben die Erde nur von unseren Kindern geborgt&quot;","potentialAction":[{"@type":"SearchAction","target":{"@type":"EntryPoint","urlTemplate":"https:\/\/www.umweltaktivisten.de\/?s={search_term_string}"},"query-input":{"@type":"PropertyValueSpecification","valueRequired":true,"valueName":"search_term_string"}}],"inLanguage":"de"},{"@type":"Person","@id":"https:\/\/www.umweltaktivisten.de\/#\/schema\/person\/af601319cc34a906612869cf3b4fd51a","name":"marita","url":"https:\/\/www.umweltaktivisten.de\/author\/marita\/"}]}},"_links":{"self":[{"href":"https:\/\/www.umweltaktivisten.de\/index.php\/wp-json\/wp\/v2\/posts\/3923","targetHints":{"allow":["GET"]}}],"collection":[{"href":"https:\/\/www.umweltaktivisten.de\/index.php\/wp-json\/wp\/v2\/posts"}],"about":[{"href":"https:\/\/www.umweltaktivisten.de\/index.php\/wp-json\/wp\/v2\/types\/post"}],"author":[{"embeddable":true,"href":"https:\/\/www.umweltaktivisten.de\/index.php\/wp-json\/wp\/v2\/users\/1"}],"replies":[{"embeddable":true,"href":"https:\/\/www.umweltaktivisten.de\/index.php\/wp-json\/wp\/v2\/comments?post=3923"}],"version-history":[{"count":3,"href":"https:\/\/www.umweltaktivisten.de\/index.php\/wp-json\/wp\/v2\/posts\/3923\/revisions"}],"predecessor-version":[{"id":3928,"href":"https:\/\/www.umweltaktivisten.de\/index.php\/wp-json\/wp\/v2\/posts\/3923\/revisions\/3928"}],"wp:featuredmedia":[{"embeddable":true,"href":"https:\/\/www.umweltaktivisten.de\/index.php\/wp-json\/wp\/v2\/media\/3901"}],"wp:attachment":[{"href":"https:\/\/www.umweltaktivisten.de\/index.php\/wp-json\/wp\/v2\/media?parent=3923"}],"wp:term":[{"taxonomy":"category","embeddable":true,"href":"https:\/\/www.umweltaktivisten.de\/index.php\/wp-json\/wp\/v2\/categories?post=3923"},{"taxonomy":"post_tag","embeddable":true,"href":"https:\/\/www.umweltaktivisten.de\/index.php\/wp-json\/wp\/v2\/tags?post=3923"}],"curies":[{"name":"wp","href":"https:\/\/api.w.org\/{rel}","templated":true}]}}