{"id":3765,"date":"2019-11-05T12:46:59","date_gmt":"2019-11-05T11:46:59","guid":{"rendered":"http:\/\/www.umweltaktivisten.de\/?p=3765"},"modified":"2019-11-06T22:57:29","modified_gmt":"2019-11-06T21:57:29","slug":"uranmuellexport-der-urenco","status":"publish","type":"post","link":"https:\/\/www.umweltaktivisten.de\/index.php\/2019\/11\/05\/uranmuellexport-der-urenco\/","title":{"rendered":"Uranm\u00fcllexport der Urenco"},"content":{"rendered":"\n<figure class=\"wp-block-image\"><img loading=\"lazy\" decoding=\"async\" width=\"711\" height=\"400\" src=\"https:\/\/www.umweltaktivisten.de\/wp-content\/uploads\/2018\/02\/1_Urantransporteaktion-19..png\" alt=\"\" class=\"wp-image-2532\" srcset=\"https:\/\/www.umweltaktivisten.de\/wp-content\/uploads\/2018\/02\/1_Urantransporteaktion-19..png 711w, https:\/\/www.umweltaktivisten.de\/wp-content\/uploads\/2018\/02\/1_Urantransporteaktion-19.-300x169.png 300w, https:\/\/www.umweltaktivisten.de\/wp-content\/uploads\/2018\/02\/1_Urantransporteaktion-19.-150x84.png 150w\" sizes=\"auto, (max-width: 711px) 100vw, 711px\" \/><figcaption>Foto: BBU<\/figcaption><\/figure>\n\n\n\n<h4 class=\"wp-block-heading\">Uranm\u00fcllexport der Urenco Gronau-Russland<\/h4>\n\n\n\n<h5>Neue russisch-deutsche Anti-Atom-Proteste:<br>&#8211; Russischer Generalstaatsanwalt eingeschaltet<br>&#8211; Online-Petition an RWE, EON und Kanzlerin Merkel<br>&#8211; 17. November, 13 Uhr: Kundgebung an UAA Gronau<\/h5>\n&nbsp;\n\n\n\n<p><strong>Russische und deutsche Anti-Atomkraft-Initiativen und Umweltverb\u00e4nde weiten ihre Proteste gegen den Uranm\u00fcllexport des Urananreicherungskonzerns Urenco von Gronau nach Russland aus:<br>Greenpeace Russland schaltete jetzt den russischen Generalstaatsanwalt ein wegen des Verdachts des illegalen Atomm\u00fcllimports in die Russische F\u00f6deration. Zugleich startete Greenpeace Russland am Wochenende eine <\/strong><a rel=\"noreferrer noopener\" aria-label=\"Online-Petition (\u00f6ffnet in neuem Tab)\" href=\"https:\/\/act.greenpeace.org\/page\/50805\/action\/1\" target=\"_blank\"><strong>Online-Petition<\/strong><\/a><strong> an die Urenco-Miteigent\u00fcmer RWE und EON sowie an den staatlichen russischen Atomkonzern Rosatom und die deutsche Bundeskanzlerin Angela Merkel.<\/strong> Bis zum gestrigen Abend (4. November 2019) unterzeichneten bereits mehr 20 000 B\u00fcrger*innen die Petition. F\u00fcr jede Unterschrift erhalten RWE und EON in ihren Firmenzentralen in Essen jeweils eine Protestmail. <\/p>\n\n\n\n<p><strong>Zudem k\u00fcndigen die regionalen Anti-Atomkraft-Initiativen im  M\u00fcnsterland f\u00fcr Sonntag, den 17. November, um 13 Uhr an der Urananreicherungsanlage Gronau eine Kundgebung an. Gastredner wird dabei<a href=\"https:\/\/twitter.com\/vladimirslivyak\" target=\"_blank\" rel=\"noreferrer noopener\" aria-label=\" (\u00f6ffnet in neuem Tab)\"> Vladimir Slivyak<\/a> sein, Ko-Vorsitzender der russischen Umweltorganisation Ecodefense.<\/strong> F\u00fcr den folgenden Montag, 18. November, erwarten die Initiativen den n\u00e4chsten Uranm\u00fclltransport von Gronau nach Russland, zun\u00e4chst per Bahn und LKW zum Hafen nach Amsterdam. Von dort gelangt das Uran per Schiff nach St. Petersburg.<\/p>\n\n\n\n<p>&#8222;Wir werden nicht tatenlos zusehen, wie mit Billigung der deutschen und russischen Regierung wieder abgereichertes Uran aus Gronau nach Russland gebracht werden soll. Wir fordern RWE und EON dringend auf, mit ihren Urenco-Anteilen f\u00fcr ein Ende dieser Exporte zu sorgen. Bundeskanzlerin Merkel muss als Regierungschefin ebenfalls f\u00fcr ein Veto gegen\u00fcber den beiden anderen Urenco-Regierungen in Den Haag und London eintreten&#8220;, erkl\u00e4rte Rashid Alimov, Energieexperte von Greenpeace Russland.<\/p>\n\n\n\n<blockquote class=\"wp-block-quote is-layout-flow wp-block-quote-is-layout-flow\"><p>&#8222;<strong>Uns ist es schon 2009 durch internationale Proteste gelungen, die damaligen Uranm\u00fclltransporte von Gronau nach Russland zu stoppen. Das wird uns auch dieses Mal wieder gelingen, weil es keinerlei Rechtfertigung f\u00fcr den unmoralischen und zynischen Atomdeal gibt.<\/strong> Das werden wir in den kommenden Wochen in Zusammenarbeit mit den deutschen Partnerinitiaven sehr deutlich machen. Ich freue mich \u00fcber die Einladung nach Gronau&#8220;, erg\u00e4nzte <strong>Vladimir Slivyak<\/strong>, Ko-Vorsitzender von Ecodefense.<br><\/p><\/blockquote>\n\n\n\n<p>&#8222;Wir sind best\u00fcrzt, dass die Bundesregierung diesen Uranexport im Bundestag auch noch guthei\u00dft. Offensichtlich wird in Berlin alles getan, um die Urananreicherungsanlage in Gronau so lange wie m\u00f6glich am Laufen zu halten \u2013 entgegen der gesellschaftlichen Entscheidung f\u00fcr einen Atomausstieg. Wer seinen Atomm\u00fcll nicht im eigenen Lande entsorgen kann oder will, muss seine Atomanlage zwingend stilllegen \u2013 <strong>Russland ist nicht die L\u00f6sung f\u00fcr das massive Atomm\u00fcllproblem&#8220;, so Christina Burchert vom Aktionsb\u00fcndnis M\u00fcnsterland gegen Atomanlagen.<\/strong> <\/p>\n\n\n\n<p>(Quelle: Gemeinsame Presseerkl\u00e4rung von Ecodefense, Russland Greenpeace Russland Aktionsb\u00fcndnis M\u00fcnsterland gegen Atomanlagen Arbeitskreis Umwelt (AKU) Gronau Arbeitskreis Umwelt (AKU) Sch\u00fcttorf SOFA (Sofortiger Atomausstieg) M\u00fcnster B\u00fcrgerinitiative Umweltschutz L\u00fcchow-Dannenberg Bundesverband B\u00fcrgerinitiativen Umweltschutz (BBU) IPPNW \u2013 Internationale \u00c4rzte zur Verh\u00fctung eines Atomkriegs \/ \u00c4rzte in sozialer Verantwortung vom 5. November 2019) <\/p>\n","protected":false},"excerpt":{"rendered":"<p>Uranm\u00fcllexport der Urenco Gronau-Russland Neue russisch-deutsche Anti-Atom-Proteste:&#8211; Russischer Generalstaatsanwalt eingeschaltet&#8211; Online-Petition an RWE, EON und Kanzlerin Merkel&#8211; 17. November, 13 Uhr: Kundgebung an UAA Gronau &nbsp; Russische und deutsche Anti-Atomkraft-Initiativen und Umweltverb\u00e4nde weiten ihre Proteste gegen den Uranm\u00fcllexport des Urananreicherungskonzerns Urenco von Gronau nach Russland aus:Greenpeace Russland schaltete jetzt den\u2026<\/p>\n<p class=\"continue-reading-button\"> <a class=\"continue-reading-link\" href=\"https:\/\/www.umweltaktivisten.de\/index.php\/2019\/11\/05\/uranmuellexport-der-urenco\/\">weiter &#8230;<i class=\"crycon-right-dir\"><\/i><\/a><\/p>\n","protected":false},"author":1,"featured_media":2533,"comment_status":"closed","ping_status":"closed","sticky":false,"template":"","format":"standard","meta":{"footnotes":""},"categories":[21,94,68,9,35],"tags":[310,313,223],"class_list":["post-3765","post","type-post","status-publish","format-standard","has-post-thumbnail","hentry","category-atom","category-aktuelles","category-demo","category-greenpeace","category-pressemitteilungen","tag-ecodefense","tag-russland","tag-urananreicherung-gronau"],"yoast_head":"<!-- This site is optimized with the Yoast SEO plugin v27.5 - https:\/\/yoast.com\/product\/yoast-seo-wordpress\/ -->\n<title>Uranm\u00fcllexport der Urenco - umweltaktivisten.de<\/title>\n<meta name=\"description\" content=\"Uranm\u00fcllexport der Urenco nach Russland. Anti-Atom-Proteste:- Russischer Generalstaatsanwalt eingeschaltet- Online-Petition - Kundgebung an UAA Gronau\" \/>\n<meta name=\"robots\" content=\"index, nofollow, max-snippet:-1, max-image-preview:large, max-video-preview:-1\" \/>\n<link rel=\"canonical\" href=\"https:\/\/www.umweltaktivisten.de\/index.php\/2019\/11\/05\/uranmuellexport-der-urenco\/\" \/>\n<meta property=\"og:locale\" content=\"de_DE\" \/>\n<meta property=\"og:type\" content=\"article\" \/>\n<meta property=\"og:title\" content=\"Uranm\u00fcllexport der Urenco - umweltaktivisten.de\" \/>\n<meta property=\"og:description\" content=\"Uranm\u00fcllexport der Urenco nach Russland. Anti-Atom-Proteste:- Russischer Generalstaatsanwalt eingeschaltet- Online-Petition - Kundgebung an UAA Gronau\" \/>\n<meta property=\"og:url\" content=\"https:\/\/www.umweltaktivisten.de\/index.php\/2019\/11\/05\/uranmuellexport-der-urenco\/\" \/>\n<meta property=\"og:site_name\" content=\"umweltaktivisten.de\" \/>\n<meta property=\"article:published_time\" content=\"2019-11-05T11:46:59+00:00\" \/>\n<meta property=\"article:modified_time\" content=\"2019-11-06T21:57:29+00:00\" \/>\n<meta property=\"og:image\" content=\"https:\/\/www.umweltaktivisten.de\/wp-content\/uploads\/2018\/02\/w_Urantransporteaktion-19..png\" \/>\n\t<meta property=\"og:image:width\" content=\"356\" \/>\n\t<meta property=\"og:image:height\" content=\"200\" \/>\n\t<meta property=\"og:image:type\" content=\"image\/png\" \/>\n<meta name=\"author\" content=\"marita\" \/>\n<meta name=\"twitter:card\" content=\"summary_large_image\" \/>\n<meta name=\"twitter:label1\" content=\"Verfasst von\" \/>\n\t<meta name=\"twitter:data1\" content=\"marita\" \/>\n\t<meta name=\"twitter:label2\" content=\"Gesch\u00e4tzte Lesezeit\" \/>\n\t<meta name=\"twitter:data2\" content=\"2\u00a0Minuten\" \/>\n<script type=\"application\/ld+json\" class=\"yoast-schema-graph\">{\"@context\":\"https:\\\/\\\/schema.org\",\"@graph\":[{\"@type\":\"Article\",\"@id\":\"https:\\\/\\\/www.umweltaktivisten.de\\\/index.php\\\/2019\\\/11\\\/05\\\/uranmuellexport-der-urenco\\\/#article\",\"isPartOf\":{\"@id\":\"https:\\\/\\\/www.umweltaktivisten.de\\\/index.php\\\/2019\\\/11\\\/05\\\/uranmuellexport-der-urenco\\\/\"},\"author\":{\"name\":\"marita\",\"@id\":\"https:\\\/\\\/www.umweltaktivisten.de\\\/#\\\/schema\\\/person\\\/af601319cc34a906612869cf3b4fd51a\"},\"headline\":\"Uranm\u00fcllexport der Urenco\",\"datePublished\":\"2019-11-05T11:46:59+00:00\",\"dateModified\":\"2019-11-06T21:57:29+00:00\",\"mainEntityOfPage\":{\"@id\":\"https:\\\/\\\/www.umweltaktivisten.de\\\/index.php\\\/2019\\\/11\\\/05\\\/uranmuellexport-der-urenco\\\/\"},\"wordCount\":478,\"image\":{\"@id\":\"https:\\\/\\\/www.umweltaktivisten.de\\\/index.php\\\/2019\\\/11\\\/05\\\/uranmuellexport-der-urenco\\\/#primaryimage\"},\"thumbnailUrl\":\"https:\\\/\\\/www.umweltaktivisten.de\\\/wp-content\\\/uploads\\\/2018\\\/02\\\/w_Urantransporteaktion-19..png\",\"keywords\":[\"Ecodefense\",\"Russland\",\"Urananreicherung Gronau\"],\"articleSection\":[\"Atom\",\"Aktuelles\",\"Demo\",\"Greenpeace\",\"Pressemitteilungen\"],\"inLanguage\":\"de\"},{\"@type\":\"WebPage\",\"@id\":\"https:\\\/\\\/www.umweltaktivisten.de\\\/index.php\\\/2019\\\/11\\\/05\\\/uranmuellexport-der-urenco\\\/\",\"url\":\"https:\\\/\\\/www.umweltaktivisten.de\\\/index.php\\\/2019\\\/11\\\/05\\\/uranmuellexport-der-urenco\\\/\",\"name\":\"Uranm\u00fcllexport der Urenco - umweltaktivisten.de\",\"isPartOf\":{\"@id\":\"https:\\\/\\\/www.umweltaktivisten.de\\\/#website\"},\"primaryImageOfPage\":{\"@id\":\"https:\\\/\\\/www.umweltaktivisten.de\\\/index.php\\\/2019\\\/11\\\/05\\\/uranmuellexport-der-urenco\\\/#primaryimage\"},\"image\":{\"@id\":\"https:\\\/\\\/www.umweltaktivisten.de\\\/index.php\\\/2019\\\/11\\\/05\\\/uranmuellexport-der-urenco\\\/#primaryimage\"},\"thumbnailUrl\":\"https:\\\/\\\/www.umweltaktivisten.de\\\/wp-content\\\/uploads\\\/2018\\\/02\\\/w_Urantransporteaktion-19..png\",\"datePublished\":\"2019-11-05T11:46:59+00:00\",\"dateModified\":\"2019-11-06T21:57:29+00:00\",\"author\":{\"@id\":\"https:\\\/\\\/www.umweltaktivisten.de\\\/#\\\/schema\\\/person\\\/af601319cc34a906612869cf3b4fd51a\"},\"description\":\"Uranm\u00fcllexport der Urenco nach Russland. Anti-Atom-Proteste:- Russischer Generalstaatsanwalt eingeschaltet- Online-Petition - Kundgebung an UAA Gronau\",\"breadcrumb\":{\"@id\":\"https:\\\/\\\/www.umweltaktivisten.de\\\/index.php\\\/2019\\\/11\\\/05\\\/uranmuellexport-der-urenco\\\/#breadcrumb\"},\"inLanguage\":\"de\",\"potentialAction\":[{\"@type\":\"ReadAction\",\"target\":[\"https:\\\/\\\/www.umweltaktivisten.de\\\/index.php\\\/2019\\\/11\\\/05\\\/uranmuellexport-der-urenco\\\/\"]}]},{\"@type\":\"ImageObject\",\"inLanguage\":\"de\",\"@id\":\"https:\\\/\\\/www.umweltaktivisten.de\\\/index.php\\\/2019\\\/11\\\/05\\\/uranmuellexport-der-urenco\\\/#primaryimage\",\"url\":\"https:\\\/\\\/www.umweltaktivisten.de\\\/wp-content\\\/uploads\\\/2018\\\/02\\\/w_Urantransporteaktion-19..png\",\"contentUrl\":\"https:\\\/\\\/www.umweltaktivisten.de\\\/wp-content\\\/uploads\\\/2018\\\/02\\\/w_Urantransporteaktion-19..png\",\"width\":356,\"height\":200},{\"@type\":\"BreadcrumbList\",\"@id\":\"https:\\\/\\\/www.umweltaktivisten.de\\\/index.php\\\/2019\\\/11\\\/05\\\/uranmuellexport-der-urenco\\\/#breadcrumb\",\"itemListElement\":[{\"@type\":\"ListItem\",\"position\":1,\"name\":\"Home\",\"item\":\"https:\\\/\\\/www.umweltaktivisten.de\\\/\"},{\"@type\":\"ListItem\",\"position\":2,\"name\":\"Uranm\u00fcllexport der Urenco\"}]},{\"@type\":\"WebSite\",\"@id\":\"https:\\\/\\\/www.umweltaktivisten.de\\\/#website\",\"url\":\"https:\\\/\\\/www.umweltaktivisten.de\\\/\",\"name\":\"umweltaktivisten.de\",\"description\":\"&quot;Wir haben die Erde nur von unseren Kindern geborgt&quot;\",\"potentialAction\":[{\"@type\":\"SearchAction\",\"target\":{\"@type\":\"EntryPoint\",\"urlTemplate\":\"https:\\\/\\\/www.umweltaktivisten.de\\\/?s={search_term_string}\"},\"query-input\":{\"@type\":\"PropertyValueSpecification\",\"valueRequired\":true,\"valueName\":\"search_term_string\"}}],\"inLanguage\":\"de\"},{\"@type\":\"Person\",\"@id\":\"https:\\\/\\\/www.umweltaktivisten.de\\\/#\\\/schema\\\/person\\\/af601319cc34a906612869cf3b4fd51a\",\"name\":\"marita\",\"url\":\"https:\\\/\\\/www.umweltaktivisten.de\\\/author\\\/marita\\\/\"}]}<\/script>\n<!-- \/ Yoast SEO plugin. -->","yoast_head_json":{"title":"Uranm\u00fcllexport der Urenco - umweltaktivisten.de","description":"Uranm\u00fcllexport der Urenco nach Russland. Anti-Atom-Proteste:- Russischer Generalstaatsanwalt eingeschaltet- Online-Petition - Kundgebung an UAA Gronau","robots":{"index":"index","follow":"nofollow","max-snippet":"max-snippet:-1","max-image-preview":"max-image-preview:large","max-video-preview":"max-video-preview:-1"},"canonical":"https:\/\/www.umweltaktivisten.de\/index.php\/2019\/11\/05\/uranmuellexport-der-urenco\/","og_locale":"de_DE","og_type":"article","og_title":"Uranm\u00fcllexport der Urenco - umweltaktivisten.de","og_description":"Uranm\u00fcllexport der Urenco nach Russland. Anti-Atom-Proteste:- Russischer Generalstaatsanwalt eingeschaltet- Online-Petition - Kundgebung an UAA Gronau","og_url":"https:\/\/www.umweltaktivisten.de\/index.php\/2019\/11\/05\/uranmuellexport-der-urenco\/","og_site_name":"umweltaktivisten.de","article_published_time":"2019-11-05T11:46:59+00:00","article_modified_time":"2019-11-06T21:57:29+00:00","og_image":[{"width":356,"height":200,"url":"https:\/\/www.umweltaktivisten.de\/wp-content\/uploads\/2018\/02\/w_Urantransporteaktion-19..png","type":"image\/png"}],"author":"marita","twitter_card":"summary_large_image","twitter_misc":{"Verfasst von":"marita","Gesch\u00e4tzte Lesezeit":"2\u00a0Minuten"},"schema":{"@context":"https:\/\/schema.org","@graph":[{"@type":"Article","@id":"https:\/\/www.umweltaktivisten.de\/index.php\/2019\/11\/05\/uranmuellexport-der-urenco\/#article","isPartOf":{"@id":"https:\/\/www.umweltaktivisten.de\/index.php\/2019\/11\/05\/uranmuellexport-der-urenco\/"},"author":{"name":"marita","@id":"https:\/\/www.umweltaktivisten.de\/#\/schema\/person\/af601319cc34a906612869cf3b4fd51a"},"headline":"Uranm\u00fcllexport der Urenco","datePublished":"2019-11-05T11:46:59+00:00","dateModified":"2019-11-06T21:57:29+00:00","mainEntityOfPage":{"@id":"https:\/\/www.umweltaktivisten.de\/index.php\/2019\/11\/05\/uranmuellexport-der-urenco\/"},"wordCount":478,"image":{"@id":"https:\/\/www.umweltaktivisten.de\/index.php\/2019\/11\/05\/uranmuellexport-der-urenco\/#primaryimage"},"thumbnailUrl":"https:\/\/www.umweltaktivisten.de\/wp-content\/uploads\/2018\/02\/w_Urantransporteaktion-19..png","keywords":["Ecodefense","Russland","Urananreicherung Gronau"],"articleSection":["Atom","Aktuelles","Demo","Greenpeace","Pressemitteilungen"],"inLanguage":"de"},{"@type":"WebPage","@id":"https:\/\/www.umweltaktivisten.de\/index.php\/2019\/11\/05\/uranmuellexport-der-urenco\/","url":"https:\/\/www.umweltaktivisten.de\/index.php\/2019\/11\/05\/uranmuellexport-der-urenco\/","name":"Uranm\u00fcllexport der Urenco - umweltaktivisten.de","isPartOf":{"@id":"https:\/\/www.umweltaktivisten.de\/#website"},"primaryImageOfPage":{"@id":"https:\/\/www.umweltaktivisten.de\/index.php\/2019\/11\/05\/uranmuellexport-der-urenco\/#primaryimage"},"image":{"@id":"https:\/\/www.umweltaktivisten.de\/index.php\/2019\/11\/05\/uranmuellexport-der-urenco\/#primaryimage"},"thumbnailUrl":"https:\/\/www.umweltaktivisten.de\/wp-content\/uploads\/2018\/02\/w_Urantransporteaktion-19..png","datePublished":"2019-11-05T11:46:59+00:00","dateModified":"2019-11-06T21:57:29+00:00","author":{"@id":"https:\/\/www.umweltaktivisten.de\/#\/schema\/person\/af601319cc34a906612869cf3b4fd51a"},"description":"Uranm\u00fcllexport der Urenco nach Russland. Anti-Atom-Proteste:- Russischer Generalstaatsanwalt eingeschaltet- Online-Petition - Kundgebung an UAA Gronau","breadcrumb":{"@id":"https:\/\/www.umweltaktivisten.de\/index.php\/2019\/11\/05\/uranmuellexport-der-urenco\/#breadcrumb"},"inLanguage":"de","potentialAction":[{"@type":"ReadAction","target":["https:\/\/www.umweltaktivisten.de\/index.php\/2019\/11\/05\/uranmuellexport-der-urenco\/"]}]},{"@type":"ImageObject","inLanguage":"de","@id":"https:\/\/www.umweltaktivisten.de\/index.php\/2019\/11\/05\/uranmuellexport-der-urenco\/#primaryimage","url":"https:\/\/www.umweltaktivisten.de\/wp-content\/uploads\/2018\/02\/w_Urantransporteaktion-19..png","contentUrl":"https:\/\/www.umweltaktivisten.de\/wp-content\/uploads\/2018\/02\/w_Urantransporteaktion-19..png","width":356,"height":200},{"@type":"BreadcrumbList","@id":"https:\/\/www.umweltaktivisten.de\/index.php\/2019\/11\/05\/uranmuellexport-der-urenco\/#breadcrumb","itemListElement":[{"@type":"ListItem","position":1,"name":"Home","item":"https:\/\/www.umweltaktivisten.de\/"},{"@type":"ListItem","position":2,"name":"Uranm\u00fcllexport der Urenco"}]},{"@type":"WebSite","@id":"https:\/\/www.umweltaktivisten.de\/#website","url":"https:\/\/www.umweltaktivisten.de\/","name":"umweltaktivisten.de","description":"&quot;Wir haben die Erde nur von unseren Kindern geborgt&quot;","potentialAction":[{"@type":"SearchAction","target":{"@type":"EntryPoint","urlTemplate":"https:\/\/www.umweltaktivisten.de\/?s={search_term_string}"},"query-input":{"@type":"PropertyValueSpecification","valueRequired":true,"valueName":"search_term_string"}}],"inLanguage":"de"},{"@type":"Person","@id":"https:\/\/www.umweltaktivisten.de\/#\/schema\/person\/af601319cc34a906612869cf3b4fd51a","name":"marita","url":"https:\/\/www.umweltaktivisten.de\/author\/marita\/"}]}},"_links":{"self":[{"href":"https:\/\/www.umweltaktivisten.de\/index.php\/wp-json\/wp\/v2\/posts\/3765","targetHints":{"allow":["GET"]}}],"collection":[{"href":"https:\/\/www.umweltaktivisten.de\/index.php\/wp-json\/wp\/v2\/posts"}],"about":[{"href":"https:\/\/www.umweltaktivisten.de\/index.php\/wp-json\/wp\/v2\/types\/post"}],"author":[{"embeddable":true,"href":"https:\/\/www.umweltaktivisten.de\/index.php\/wp-json\/wp\/v2\/users\/1"}],"replies":[{"embeddable":true,"href":"https:\/\/www.umweltaktivisten.de\/index.php\/wp-json\/wp\/v2\/comments?post=3765"}],"version-history":[{"count":9,"href":"https:\/\/www.umweltaktivisten.de\/index.php\/wp-json\/wp\/v2\/posts\/3765\/revisions"}],"predecessor-version":[{"id":3778,"href":"https:\/\/www.umweltaktivisten.de\/index.php\/wp-json\/wp\/v2\/posts\/3765\/revisions\/3778"}],"wp:featuredmedia":[{"embeddable":true,"href":"https:\/\/www.umweltaktivisten.de\/index.php\/wp-json\/wp\/v2\/media\/2533"}],"wp:attachment":[{"href":"https:\/\/www.umweltaktivisten.de\/index.php\/wp-json\/wp\/v2\/media?parent=3765"}],"wp:term":[{"taxonomy":"category","embeddable":true,"href":"https:\/\/www.umweltaktivisten.de\/index.php\/wp-json\/wp\/v2\/categories?post=3765"},{"taxonomy":"post_tag","embeddable":true,"href":"https:\/\/www.umweltaktivisten.de\/index.php\/wp-json\/wp\/v2\/tags?post=3765"}],"curies":[{"name":"wp","href":"https:\/\/api.w.org\/{rel}","templated":true}]}}