{"id":3753,"date":"2019-10-25T15:48:29","date_gmt":"2019-10-25T13:48:29","guid":{"rendered":"http:\/\/www.umweltaktivisten.de\/?p=3753"},"modified":"2019-10-28T16:09:58","modified_gmt":"2019-10-28T15:09:58","slug":"uranmuellexport-von-gronau-nach-russland-sofort-stoppen","status":"publish","type":"post","link":"https:\/\/www.umweltaktivisten.de\/index.php\/2019\/10\/25\/uranmuellexport-von-gronau-nach-russland-sofort-stoppen\/","title":{"rendered":"\u201eUranm\u00fcllexport von Gronau nach Russland sofort stoppen\u201c"},"content":{"rendered":"\n<h4 class=\"wp-block-heading\"> Russische und deutsche Atomkraftgegner protestieren gemeinsam:<br> \u201eUranm\u00fcllexport von Gronau nach Russland sofort stoppen\u201c<\/h4>\n\n\n\n<p><\/p>\n\n\n\n<figure class=\"wp-block-image\"><img loading=\"lazy\" decoding=\"async\" width=\"1024\" height=\"682\" src=\"https:\/\/www.umweltaktivisten.de\/wp-content\/uploads\/2017\/09\/Foto-Lingen-Demo-29.10.2016-SOFA-1024x682.jpg\" alt=\"\" class=\"wp-image-2308\" srcset=\"https:\/\/www.umweltaktivisten.de\/wp-content\/uploads\/2017\/09\/Foto-Lingen-Demo-29.10.2016-SOFA-1024x682.jpg 1024w, https:\/\/www.umweltaktivisten.de\/wp-content\/uploads\/2017\/09\/Foto-Lingen-Demo-29.10.2016-SOFA-300x200.jpg 300w, https:\/\/www.umweltaktivisten.de\/wp-content\/uploads\/2017\/09\/Foto-Lingen-Demo-29.10.2016-SOFA-768x511.jpg 768w, https:\/\/www.umweltaktivisten.de\/wp-content\/uploads\/2017\/09\/Foto-Lingen-Demo-29.10.2016-SOFA-150x100.jpg 150w, https:\/\/www.umweltaktivisten.de\/wp-content\/uploads\/2017\/09\/Foto-Lingen-Demo-29.10.2016-SOFA.jpg 1200w\" sizes=\"auto, (max-width: 1024px) 100vw, 1024px\" \/><\/figure>\n\n\n\n<p><strong>Russische und deutsche Anti-Atomkraft-Initiativen und  Umweltverb\u00e4nde lehnen gemeinsam die Fortf\u00fchrung der jetzt bekannt gewordenen Uranm\u00fcllexporte von der Urananreicherungsanlage (UAA) im westf\u00e4lischen Gronau zur russischen Atomanlage Novouralsk am Ural ab. <\/strong><\/p>\n\n\n\n<p>Sie k\u00fcndigten heute (25. Oktober) in Moskau, im M\u00fcnsterland, in Berlin und im Wendland gemeinsam neue Proteste an. Schon f\u00fcr den kommenden Montag, 28. Oktober, erwarten  sie am Vormittag einen neuen Uranzug mit 600 Tonnen abgereichertem  <a href=\"https:\/\/www.atomwaffena-z.info\/glossar\/u\/u-texte\/artikel\/5c581327af\/uranhexafluorid.html\" target=\"_blank\" rel=\"noreferrer noopener\" aria-label=\" (\u00f6ffnet in neuem Tab)\">Uranhexafluorid (UF6)<\/a>, der sich von Gronau aus \u00fcber Burgsteinfurt, M\u00fcnster und Hamm auf die Fahrt zum Hafen in Amsterdam macht und dort nach St. Petersburg verschifft werden soll. Zahlreiche Transportwaggons wurden bereits auf dem Gel\u00e4nde der UAA Gronau gesichtet. Die UAA Gronau  wird vom Urenco-Konzern betrieben, der zu einem Drittel RWE und EON geh\u00f6rt.<\/p>\n\n\n\n<p> <strong>Vladimir Slivyak<\/strong>, der Ko-Vorsitzende der renommierten russischen  Umweltorganisation <strong>Ecodefense<\/strong>, erkl\u00e4rte dazu:<\/p>\n\n\n\n<blockquote class=\"wp-block-quote is-layout-flow wp-block-quote-is-layout-flow\"><p>\u201eDer Transport von radioaktivem M\u00fcll nach Russland ist unmoralisch und zynisch. Urenco spart sich Milliarden Euro durch den Export des Atomm\u00fclls, w\u00e4hrend Rosatom Geld verdient, indem sie Russland in eine internationale Atomm\u00fcllkippe verwandeln. Der Export von Uranm\u00fcll muss  ein f\u00fcr allemal gestoppt werden.\u201c<\/p><\/blockquote>\n\n\n\n<p><\/p>\n\n\n\n<p><strong>Rashid Alimov<\/strong>, Energieexperte von <strong>Greenpeace Russland<\/strong>, erg\u00e4nzte:<br>\u201eW\u00e4hrend wir noch darum k\u00e4mpfen, dass Urenco f\u00fcr die 27 300 t abgereichertes Uran Verantwortung \u00fcbernimmt, die von 1995 bis 2009 von Gronau nach Russland geschafft wurden, haben bereits wieder neue Exporte  von Deutschland begonnen. Wir verlangen einen sofortigen Stop, die Ver\u00f6ffentlichung aller relevanter Vertr\u00e4ge sowie die Bestrafung all derjeniger, die f\u00fcr das Zustandekommen dieser illegalen Vertr\u00e4ge verantwortlich sind.\u201c<br><br>\u201eSchon auf der morgigen \u00fcberregionalen Anti-Atom-Demonstration in Lingen wird die Ko-Vorsitzende von Ecodefense, <strong>Alexandra Koroleva<\/strong>, ein <strong>Gru\u00dfwort<\/strong> beisteuern. Frau Koroleva hat im Juni aufgrund der schwierigen  politischen Situation in Russland <strong>politisches Asyl in Deutschland  beantragt<\/strong>. Wir stehen solidarisch an der Seite von Ecodefense und der Umweltbewegung in Russland und werden gemeinsam f\u00fcr einen sofortigen Stopp des unverantwortlichen Uranm\u00fcllexports k\u00e4mpfen&#8220;, erkl\u00e4rte Kerstin Rudek von der BI Umweltschutz L\u00fcchow-Dannenberg.<br><\/p>\n\n\n\n<p><br>Quelle: Pressemitteilung<\/p>\n","protected":false},"excerpt":{"rendered":"<p>Russische und deutsche Atomkraftgegner protestieren gemeinsam: \u201eUranm\u00fcllexport von Gronau nach Russland sofort stoppen\u201c Russische und deutsche Anti-Atomkraft-Initiativen und Umweltverb\u00e4nde lehnen gemeinsam die Fortf\u00fchrung der jetzt bekannt gewordenen Uranm\u00fcllexporte von der Urananreicherungsanlage (UAA) im westf\u00e4lischen Gronau zur russischen Atomanlage Novouralsk am Ural ab. Sie k\u00fcndigten heute (25. Oktober) in Moskau, im\u2026<\/p>\n<p class=\"continue-reading-button\"> <a class=\"continue-reading-link\" href=\"https:\/\/www.umweltaktivisten.de\/index.php\/2019\/10\/25\/uranmuellexport-von-gronau-nach-russland-sofort-stoppen\/\">weiter &#8230;<i class=\"crycon-right-dir\"><\/i><\/a><\/p>\n","protected":false},"author":1,"featured_media":926,"comment_status":"closed","ping_status":"closed","sticky":false,"template":"","format":"standard","meta":{"footnotes":""},"categories":[1,21],"tags":[313,315,223],"class_list":["post-3753","post","type-post","status-publish","format-standard","has-post-thumbnail","hentry","category-allgemein","category-atom","tag-russland","tag-uf6","tag-urananreicherung-gronau"],"yoast_head":"<!-- This site is optimized with the Yoast SEO plugin v27.5 - https:\/\/yoast.com\/product\/yoast-seo-wordpress\/ -->\n<title>\u201eUranm\u00fcllexport von Gronau nach Russland sofort stoppen\u201c - umweltaktivisten.de<\/title>\n<meta name=\"description\" content=\"Uranm\u00fclltransporte:Russische und deutsche Atomkraftgegner protestieren gemeinsam: \u201eUranm\u00fcllexport von Gronau nach Russland sofort stoppen.&quot;\" \/>\n<meta name=\"robots\" content=\"index, nofollow, max-snippet:-1, max-image-preview:large, max-video-preview:-1\" \/>\n<link rel=\"canonical\" href=\"https:\/\/www.umweltaktivisten.de\/index.php\/2019\/10\/25\/uranmuellexport-von-gronau-nach-russland-sofort-stoppen\/\" \/>\n<meta property=\"og:locale\" content=\"de_DE\" \/>\n<meta property=\"og:type\" content=\"article\" \/>\n<meta property=\"og:title\" content=\"\u201eUranm\u00fcllexport von Gronau nach Russland sofort stoppen\u201c - umweltaktivisten.de\" \/>\n<meta property=\"og:description\" content=\"Uranm\u00fclltransporte:Russische und deutsche Atomkraftgegner protestieren gemeinsam: \u201eUranm\u00fcllexport von Gronau nach Russland sofort stoppen.&quot;\" \/>\n<meta property=\"og:url\" content=\"https:\/\/www.umweltaktivisten.de\/index.php\/2019\/10\/25\/uranmuellexport-von-gronau-nach-russland-sofort-stoppen\/\" \/>\n<meta property=\"og:site_name\" content=\"umweltaktivisten.de\" \/>\n<meta property=\"article:published_time\" content=\"2019-10-25T13:48:29+00:00\" \/>\n<meta property=\"article:modified_time\" content=\"2019-10-28T15:09:58+00:00\" \/>\n<meta property=\"og:image\" content=\"https:\/\/www.umweltaktivisten.de\/wp-content\/uploads\/2015\/12\/web_Hand_Fotolia_36459714_M.jpg\" \/>\n\t<meta property=\"og:image:width\" content=\"300\" \/>\n\t<meta property=\"og:image:height\" content=\"300\" \/>\n\t<meta property=\"og:image:type\" content=\"image\/jpeg\" \/>\n<meta name=\"author\" content=\"marita\" \/>\n<meta name=\"twitter:card\" content=\"summary_large_image\" \/>\n<meta name=\"twitter:label1\" content=\"Verfasst von\" \/>\n\t<meta name=\"twitter:data1\" content=\"marita\" \/>\n\t<meta name=\"twitter:label2\" content=\"Gesch\u00e4tzte Lesezeit\" \/>\n\t<meta name=\"twitter:data2\" content=\"2\u00a0Minuten\" \/>\n<script type=\"application\/ld+json\" class=\"yoast-schema-graph\">{\"@context\":\"https:\\\/\\\/schema.org\",\"@graph\":[{\"@type\":\"Article\",\"@id\":\"https:\\\/\\\/www.umweltaktivisten.de\\\/index.php\\\/2019\\\/10\\\/25\\\/uranmuellexport-von-gronau-nach-russland-sofort-stoppen\\\/#article\",\"isPartOf\":{\"@id\":\"https:\\\/\\\/www.umweltaktivisten.de\\\/index.php\\\/2019\\\/10\\\/25\\\/uranmuellexport-von-gronau-nach-russland-sofort-stoppen\\\/\"},\"author\":{\"name\":\"marita\",\"@id\":\"https:\\\/\\\/www.umweltaktivisten.de\\\/#\\\/schema\\\/person\\\/af601319cc34a906612869cf3b4fd51a\"},\"headline\":\"\u201eUranm\u00fcllexport von Gronau nach Russland sofort stoppen\u201c\",\"datePublished\":\"2019-10-25T13:48:29+00:00\",\"dateModified\":\"2019-10-28T15:09:58+00:00\",\"mainEntityOfPage\":{\"@id\":\"https:\\\/\\\/www.umweltaktivisten.de\\\/index.php\\\/2019\\\/10\\\/25\\\/uranmuellexport-von-gronau-nach-russland-sofort-stoppen\\\/\"},\"wordCount\":354,\"image\":{\"@id\":\"https:\\\/\\\/www.umweltaktivisten.de\\\/index.php\\\/2019\\\/10\\\/25\\\/uranmuellexport-von-gronau-nach-russland-sofort-stoppen\\\/#primaryimage\"},\"thumbnailUrl\":\"https:\\\/\\\/www.umweltaktivisten.de\\\/wp-content\\\/uploads\\\/2015\\\/12\\\/web_Hand_Fotolia_36459714_M.jpg\",\"keywords\":[\"Russland\",\"UF6\",\"Urananreicherung Gronau\"],\"articleSection\":{\"1\":\"Atom\"},\"inLanguage\":\"de\"},{\"@type\":\"WebPage\",\"@id\":\"https:\\\/\\\/www.umweltaktivisten.de\\\/index.php\\\/2019\\\/10\\\/25\\\/uranmuellexport-von-gronau-nach-russland-sofort-stoppen\\\/\",\"url\":\"https:\\\/\\\/www.umweltaktivisten.de\\\/index.php\\\/2019\\\/10\\\/25\\\/uranmuellexport-von-gronau-nach-russland-sofort-stoppen\\\/\",\"name\":\"\u201eUranm\u00fcllexport von Gronau nach Russland sofort stoppen\u201c - umweltaktivisten.de\",\"isPartOf\":{\"@id\":\"https:\\\/\\\/www.umweltaktivisten.de\\\/#website\"},\"primaryImageOfPage\":{\"@id\":\"https:\\\/\\\/www.umweltaktivisten.de\\\/index.php\\\/2019\\\/10\\\/25\\\/uranmuellexport-von-gronau-nach-russland-sofort-stoppen\\\/#primaryimage\"},\"image\":{\"@id\":\"https:\\\/\\\/www.umweltaktivisten.de\\\/index.php\\\/2019\\\/10\\\/25\\\/uranmuellexport-von-gronau-nach-russland-sofort-stoppen\\\/#primaryimage\"},\"thumbnailUrl\":\"https:\\\/\\\/www.umweltaktivisten.de\\\/wp-content\\\/uploads\\\/2015\\\/12\\\/web_Hand_Fotolia_36459714_M.jpg\",\"datePublished\":\"2019-10-25T13:48:29+00:00\",\"dateModified\":\"2019-10-28T15:09:58+00:00\",\"author\":{\"@id\":\"https:\\\/\\\/www.umweltaktivisten.de\\\/#\\\/schema\\\/person\\\/af601319cc34a906612869cf3b4fd51a\"},\"description\":\"Uranm\u00fclltransporte:Russische und deutsche Atomkraftgegner protestieren gemeinsam: \u201eUranm\u00fcllexport von Gronau nach Russland sofort stoppen.\\\"\",\"breadcrumb\":{\"@id\":\"https:\\\/\\\/www.umweltaktivisten.de\\\/index.php\\\/2019\\\/10\\\/25\\\/uranmuellexport-von-gronau-nach-russland-sofort-stoppen\\\/#breadcrumb\"},\"inLanguage\":\"de\",\"potentialAction\":[{\"@type\":\"ReadAction\",\"target\":[\"https:\\\/\\\/www.umweltaktivisten.de\\\/index.php\\\/2019\\\/10\\\/25\\\/uranmuellexport-von-gronau-nach-russland-sofort-stoppen\\\/\"]}]},{\"@type\":\"ImageObject\",\"inLanguage\":\"de\",\"@id\":\"https:\\\/\\\/www.umweltaktivisten.de\\\/index.php\\\/2019\\\/10\\\/25\\\/uranmuellexport-von-gronau-nach-russland-sofort-stoppen\\\/#primaryimage\",\"url\":\"https:\\\/\\\/www.umweltaktivisten.de\\\/wp-content\\\/uploads\\\/2015\\\/12\\\/web_Hand_Fotolia_36459714_M.jpg\",\"contentUrl\":\"https:\\\/\\\/www.umweltaktivisten.de\\\/wp-content\\\/uploads\\\/2015\\\/12\\\/web_Hand_Fotolia_36459714_M.jpg\",\"width\":300,\"height\":300,\"caption\":\"\u00a9 Fotolia Stopp Atomkraft!\"},{\"@type\":\"BreadcrumbList\",\"@id\":\"https:\\\/\\\/www.umweltaktivisten.de\\\/index.php\\\/2019\\\/10\\\/25\\\/uranmuellexport-von-gronau-nach-russland-sofort-stoppen\\\/#breadcrumb\",\"itemListElement\":[{\"@type\":\"ListItem\",\"position\":1,\"name\":\"Home\",\"item\":\"https:\\\/\\\/www.umweltaktivisten.de\\\/\"},{\"@type\":\"ListItem\",\"position\":2,\"name\":\"\u201eUranm\u00fcllexport von Gronau nach Russland sofort stoppen\u201c\"}]},{\"@type\":\"WebSite\",\"@id\":\"https:\\\/\\\/www.umweltaktivisten.de\\\/#website\",\"url\":\"https:\\\/\\\/www.umweltaktivisten.de\\\/\",\"name\":\"umweltaktivisten.de\",\"description\":\"&quot;Wir haben die Erde nur von unseren Kindern geborgt&quot;\",\"potentialAction\":[{\"@type\":\"SearchAction\",\"target\":{\"@type\":\"EntryPoint\",\"urlTemplate\":\"https:\\\/\\\/www.umweltaktivisten.de\\\/?s={search_term_string}\"},\"query-input\":{\"@type\":\"PropertyValueSpecification\",\"valueRequired\":true,\"valueName\":\"search_term_string\"}}],\"inLanguage\":\"de\"},{\"@type\":\"Person\",\"@id\":\"https:\\\/\\\/www.umweltaktivisten.de\\\/#\\\/schema\\\/person\\\/af601319cc34a906612869cf3b4fd51a\",\"name\":\"marita\",\"url\":\"https:\\\/\\\/www.umweltaktivisten.de\\\/author\\\/marita\\\/\"}]}<\/script>\n<!-- \/ Yoast SEO plugin. -->","yoast_head_json":{"title":"\u201eUranm\u00fcllexport von Gronau nach Russland sofort stoppen\u201c - umweltaktivisten.de","description":"Uranm\u00fclltransporte:Russische und deutsche Atomkraftgegner protestieren gemeinsam: \u201eUranm\u00fcllexport von Gronau nach Russland sofort stoppen.\"","robots":{"index":"index","follow":"nofollow","max-snippet":"max-snippet:-1","max-image-preview":"max-image-preview:large","max-video-preview":"max-video-preview:-1"},"canonical":"https:\/\/www.umweltaktivisten.de\/index.php\/2019\/10\/25\/uranmuellexport-von-gronau-nach-russland-sofort-stoppen\/","og_locale":"de_DE","og_type":"article","og_title":"\u201eUranm\u00fcllexport von Gronau nach Russland sofort stoppen\u201c - umweltaktivisten.de","og_description":"Uranm\u00fclltransporte:Russische und deutsche Atomkraftgegner protestieren gemeinsam: \u201eUranm\u00fcllexport von Gronau nach Russland sofort stoppen.\"","og_url":"https:\/\/www.umweltaktivisten.de\/index.php\/2019\/10\/25\/uranmuellexport-von-gronau-nach-russland-sofort-stoppen\/","og_site_name":"umweltaktivisten.de","article_published_time":"2019-10-25T13:48:29+00:00","article_modified_time":"2019-10-28T15:09:58+00:00","og_image":[{"width":300,"height":300,"url":"https:\/\/www.umweltaktivisten.de\/wp-content\/uploads\/2015\/12\/web_Hand_Fotolia_36459714_M.jpg","type":"image\/jpeg"}],"author":"marita","twitter_card":"summary_large_image","twitter_misc":{"Verfasst von":"marita","Gesch\u00e4tzte Lesezeit":"2\u00a0Minuten"},"schema":{"@context":"https:\/\/schema.org","@graph":[{"@type":"Article","@id":"https:\/\/www.umweltaktivisten.de\/index.php\/2019\/10\/25\/uranmuellexport-von-gronau-nach-russland-sofort-stoppen\/#article","isPartOf":{"@id":"https:\/\/www.umweltaktivisten.de\/index.php\/2019\/10\/25\/uranmuellexport-von-gronau-nach-russland-sofort-stoppen\/"},"author":{"name":"marita","@id":"https:\/\/www.umweltaktivisten.de\/#\/schema\/person\/af601319cc34a906612869cf3b4fd51a"},"headline":"\u201eUranm\u00fcllexport von Gronau nach Russland sofort stoppen\u201c","datePublished":"2019-10-25T13:48:29+00:00","dateModified":"2019-10-28T15:09:58+00:00","mainEntityOfPage":{"@id":"https:\/\/www.umweltaktivisten.de\/index.php\/2019\/10\/25\/uranmuellexport-von-gronau-nach-russland-sofort-stoppen\/"},"wordCount":354,"image":{"@id":"https:\/\/www.umweltaktivisten.de\/index.php\/2019\/10\/25\/uranmuellexport-von-gronau-nach-russland-sofort-stoppen\/#primaryimage"},"thumbnailUrl":"https:\/\/www.umweltaktivisten.de\/wp-content\/uploads\/2015\/12\/web_Hand_Fotolia_36459714_M.jpg","keywords":["Russland","UF6","Urananreicherung Gronau"],"articleSection":{"1":"Atom"},"inLanguage":"de"},{"@type":"WebPage","@id":"https:\/\/www.umweltaktivisten.de\/index.php\/2019\/10\/25\/uranmuellexport-von-gronau-nach-russland-sofort-stoppen\/","url":"https:\/\/www.umweltaktivisten.de\/index.php\/2019\/10\/25\/uranmuellexport-von-gronau-nach-russland-sofort-stoppen\/","name":"\u201eUranm\u00fcllexport von Gronau nach Russland sofort stoppen\u201c - umweltaktivisten.de","isPartOf":{"@id":"https:\/\/www.umweltaktivisten.de\/#website"},"primaryImageOfPage":{"@id":"https:\/\/www.umweltaktivisten.de\/index.php\/2019\/10\/25\/uranmuellexport-von-gronau-nach-russland-sofort-stoppen\/#primaryimage"},"image":{"@id":"https:\/\/www.umweltaktivisten.de\/index.php\/2019\/10\/25\/uranmuellexport-von-gronau-nach-russland-sofort-stoppen\/#primaryimage"},"thumbnailUrl":"https:\/\/www.umweltaktivisten.de\/wp-content\/uploads\/2015\/12\/web_Hand_Fotolia_36459714_M.jpg","datePublished":"2019-10-25T13:48:29+00:00","dateModified":"2019-10-28T15:09:58+00:00","author":{"@id":"https:\/\/www.umweltaktivisten.de\/#\/schema\/person\/af601319cc34a906612869cf3b4fd51a"},"description":"Uranm\u00fclltransporte:Russische und deutsche Atomkraftgegner protestieren gemeinsam: \u201eUranm\u00fcllexport von Gronau nach Russland sofort stoppen.\"","breadcrumb":{"@id":"https:\/\/www.umweltaktivisten.de\/index.php\/2019\/10\/25\/uranmuellexport-von-gronau-nach-russland-sofort-stoppen\/#breadcrumb"},"inLanguage":"de","potentialAction":[{"@type":"ReadAction","target":["https:\/\/www.umweltaktivisten.de\/index.php\/2019\/10\/25\/uranmuellexport-von-gronau-nach-russland-sofort-stoppen\/"]}]},{"@type":"ImageObject","inLanguage":"de","@id":"https:\/\/www.umweltaktivisten.de\/index.php\/2019\/10\/25\/uranmuellexport-von-gronau-nach-russland-sofort-stoppen\/#primaryimage","url":"https:\/\/www.umweltaktivisten.de\/wp-content\/uploads\/2015\/12\/web_Hand_Fotolia_36459714_M.jpg","contentUrl":"https:\/\/www.umweltaktivisten.de\/wp-content\/uploads\/2015\/12\/web_Hand_Fotolia_36459714_M.jpg","width":300,"height":300,"caption":"\u00a9 Fotolia Stopp Atomkraft!"},{"@type":"BreadcrumbList","@id":"https:\/\/www.umweltaktivisten.de\/index.php\/2019\/10\/25\/uranmuellexport-von-gronau-nach-russland-sofort-stoppen\/#breadcrumb","itemListElement":[{"@type":"ListItem","position":1,"name":"Home","item":"https:\/\/www.umweltaktivisten.de\/"},{"@type":"ListItem","position":2,"name":"\u201eUranm\u00fcllexport von Gronau nach Russland sofort stoppen\u201c"}]},{"@type":"WebSite","@id":"https:\/\/www.umweltaktivisten.de\/#website","url":"https:\/\/www.umweltaktivisten.de\/","name":"umweltaktivisten.de","description":"&quot;Wir haben die Erde nur von unseren Kindern geborgt&quot;","potentialAction":[{"@type":"SearchAction","target":{"@type":"EntryPoint","urlTemplate":"https:\/\/www.umweltaktivisten.de\/?s={search_term_string}"},"query-input":{"@type":"PropertyValueSpecification","valueRequired":true,"valueName":"search_term_string"}}],"inLanguage":"de"},{"@type":"Person","@id":"https:\/\/www.umweltaktivisten.de\/#\/schema\/person\/af601319cc34a906612869cf3b4fd51a","name":"marita","url":"https:\/\/www.umweltaktivisten.de\/author\/marita\/"}]}},"_links":{"self":[{"href":"https:\/\/www.umweltaktivisten.de\/index.php\/wp-json\/wp\/v2\/posts\/3753","targetHints":{"allow":["GET"]}}],"collection":[{"href":"https:\/\/www.umweltaktivisten.de\/index.php\/wp-json\/wp\/v2\/posts"}],"about":[{"href":"https:\/\/www.umweltaktivisten.de\/index.php\/wp-json\/wp\/v2\/types\/post"}],"author":[{"embeddable":true,"href":"https:\/\/www.umweltaktivisten.de\/index.php\/wp-json\/wp\/v2\/users\/1"}],"replies":[{"embeddable":true,"href":"https:\/\/www.umweltaktivisten.de\/index.php\/wp-json\/wp\/v2\/comments?post=3753"}],"version-history":[{"count":7,"href":"https:\/\/www.umweltaktivisten.de\/index.php\/wp-json\/wp\/v2\/posts\/3753\/revisions"}],"predecessor-version":[{"id":3760,"href":"https:\/\/www.umweltaktivisten.de\/index.php\/wp-json\/wp\/v2\/posts\/3753\/revisions\/3760"}],"wp:featuredmedia":[{"embeddable":true,"href":"https:\/\/www.umweltaktivisten.de\/index.php\/wp-json\/wp\/v2\/media\/926"}],"wp:attachment":[{"href":"https:\/\/www.umweltaktivisten.de\/index.php\/wp-json\/wp\/v2\/media?parent=3753"}],"wp:term":[{"taxonomy":"category","embeddable":true,"href":"https:\/\/www.umweltaktivisten.de\/index.php\/wp-json\/wp\/v2\/categories?post=3753"},{"taxonomy":"post_tag","embeddable":true,"href":"https:\/\/www.umweltaktivisten.de\/index.php\/wp-json\/wp\/v2\/tags?post=3753"}],"curies":[{"name":"wp","href":"https:\/\/api.w.org\/{rel}","templated":true}]}}