{"id":3731,"date":"2019-10-28T14:23:26","date_gmt":"2019-10-28T13:23:26","guid":{"rendered":"http:\/\/www.umweltaktivisten.de\/?p=3731"},"modified":"2019-10-28T16:23:55","modified_gmt":"2019-10-28T15:23:55","slug":"3731","status":"publish","type":"post","link":"https:\/\/www.umweltaktivisten.de\/index.php\/2019\/10\/28\/3731\/","title":{"rendered":"Proteste gegen Uranm\u00fclltransporte"},"content":{"rendered":"\n<figure><figure><figure><iframe loading=\"lazy\" src=\"https:\/\/www.youtube.com\/embed\/doaPtjHAWxY\" allowfullscreen=\"\" width=\"560\" height=\"315\"><\/iframe><\/figure><\/figure><\/figure>\n\n\n\n<p><\/p>\n\n\n\n<p><strong>Mit Protest-Mahnwachen wird heute (28. Oktober) im M\u00fcnsterland gegen einen drohenden Uranm\u00fclltransport demonstriert, der als Sonderzug an der Gronauer Urananreicherungsanlage Richtung Russland starten soll.<\/strong><br><br>Bereits seit 8 Uhr wird in Gronau auf einer Bahnbr\u00fccke gegen den Uranm\u00fcllexport und f\u00fcr die sofortige Stilllegung der bundesweit einzigen Urananreicherungsanlage protestiert. Um 10.45 Uhr soll eine Mahnwache im Hauptbahnhof von M\u00fcnster beginnen.<\/p>\n\n\n\n<p><br>Aktuell ist eine Lokomotive der Bentheimer Eisenbahn zwischen  Burgsteinfurt und Gronau auf dem Weg zur Urananreicherungsanlage.       Dort wurden in den letzten Tagen bereits zahlreiche Bahnwaggons mit Uranm\u00fcll in Form von abgereichertem <a rel=\"noreferrer noopener\" aria-label=\"Uranhexafluorid (\u00f6ffnet in neuem Tab)\" href=\"https:\/\/urantransport.de\/hintergrund\/transportierte-stoffe\/uranhexafluorid\/\" target=\"_blank\">Uranhexafluorid<\/a>&nbsp; beladen.       Uranhexafluorid ist radioaktiv und reagiert bei Freisetzungen mit      Wasser zu Flusss\u00e4ure.<br><br>Der Sonderzug mit Uranm\u00fcll wird vermutlich zwischen zehn und elf       Uhr von der Urananreicherungsanage Richtung M\u00fcnster starten.<br><br>Die B\u00fcrgerinitiativen in Gronau und Umgebung sowie der  Bundesverband B\u00fcrgerinitiativen Umweltschutz (BBU) protestieren schon lange massiv gegen den unverantwortlichen Uranm\u00fcllexport. Sie halten die sofortige Stillegung der Gronauer Uranfabrik f\u00fcr dringend notwendig, damit der Atomm\u00fcllberg nicht immer gr\u00f6\u00dfer wird und damit mit Uran aus Gronau nicht weiterhin Atomkraftwerke in zahlreichen Staaten betrieben werden k\u00f6nnen.<br><br>Am n\u00e4chsten Sonntag begehen die Anti-Atomkraft-Initiativen im       Dreil\u00e4ndereck von NRW, Niedersachsen und Niederande ein besonderes       Jubil\u00e4um: 33 Jahre ununterbrochen monatliche Sonntagsspazierg\u00e4nfge       an der Gronauer Urananreicherungsanlage (immer am 1. Sonntag im       Monat).                              <\/p>\n\n\n\n<p>Burgsteinfurt und Gronau auf dem Weg zur Urananreicherungsanlage.       Dort wurden in den letzten Tagen bereits zahlreiche Bahnwaggons mit Uranm\u00fcll in Form von abgereichertem <a rel=\"noreferrer noopener\" aria-label=\"Uranhexafluorid (\u00f6ffnet in neuem Tab)\" href=\"https:\/\/urantransport.de\/hintergrund\/transportierte-stoffe\/uranhexafluorid\/\" target=\"_blank\">Uranhexafluorid<\/a>&nbsp; beladen.       Uranhexafluorid ist radioaktiv und reagiert bei Freisetzungen mit      Wasser zu Flusss\u00e4ure.<br><br>Der Sonderzug mit Uranm\u00fcll wird vermutlich zwischen zehn und elf       Uhr von der Urananreicherungsanage Richtung M\u00fcnster starten.<br><br>Die B\u00fcrgerinitiativen in Gronau und Umgebung sowie der  Bundesverband B\u00fcrgerinitiativen Umweltschutz (BBU) protestieren schon lange massiv gegen den unverantwortlichen Uranm\u00fcllexport. Sie halten die sofortige Stillegung der Gronauer Uranfabrik f\u00fcr dringend notwendig, damit der Atomm\u00fcllberg nicht immer gr\u00f6\u00dfer wird und damit mit Uran aus Gronau nicht weiterhin Atomkraftwerke in zahlreichen Staaten betrieben werden k\u00f6nnen.<br><br>Am n\u00e4chsten Sonntag begehen die Anti-Atomkraft-Initiativen im       Dreil\u00e4ndereck von NRW, Niedersachsen und Niederande ein besonderes       Jubil\u00e4um: 33 Jahre ununterbrochen monatliche Sonntagsspazierg\u00e4nfge       an der Gronauer Urananreicherungsanlage (immer am 1. Sonntag im       Monat).                              <\/p>\n\n\n\n<p>(PM: BBU)<\/p>\n\n\n\n<p>Weitere Informationen:<br><br><a href=\"http:\/\/urantransport.de\/\" target=\"_blank\" rel=\"noopener\">http:\/\/urantransport.de\/<\/a><br><br><a href=\"http:\/\/www.enschedevoorvrede.nl\/agenda\/\" target=\"_blank\" rel=\"noopener\">http:\/\/www.enschedevoorvrede.nl\/agenda\/<\/a><br><br><a href=\"https:\/\/bbu-online.de\/\" target=\"_blank\" rel=\"noopener\">https:\/\/bbu-online.de\/<\/a><\/p>\n","protected":false},"excerpt":{"rendered":"<p>Mit Protest-Mahnwachen wird heute (28. Oktober) im M\u00fcnsterland gegen einen drohenden Uranm\u00fclltransport demonstriert, der als Sonderzug an der Gronauer Urananreicherungsanlage Richtung Russland starten soll. Bereits seit 8 Uhr wird in Gronau auf einer Bahnbr\u00fccke gegen den Uranm\u00fcllexport und f\u00fcr die sofortige Stilllegung der bundesweit einzigen Urananreicherungsanlage protestiert. Um 10.45 Uhr\u2026<\/p>\n<p class=\"continue-reading-button\"> <a class=\"continue-reading-link\" href=\"https:\/\/www.umweltaktivisten.de\/index.php\/2019\/10\/28\/3731\/\">weiter &#8230;<i class=\"crycon-right-dir\"><\/i><\/a><\/p>\n","protected":false},"author":1,"featured_media":2533,"comment_status":"closed","ping_status":"closed","sticky":false,"template":"","format":"standard","meta":{"footnotes":""},"categories":[1,21],"tags":[313,240],"class_list":["post-3731","post","type-post","status-publish","format-standard","has-post-thumbnail","hentry","category-allgemein","category-atom","tag-russland","tag-urantransporte"],"yoast_head":"<!-- This site is optimized with the Yoast SEO plugin v27.5 - https:\/\/yoast.com\/product\/yoast-seo-wordpress\/ -->\n<title>Proteste gegen Uranm\u00fclltransporte - umweltaktivisten.de<\/title>\n<meta name=\"description\" content=\"28. Oktober 019: Demo gegen Uranm\u00fclltransport, der als Sonderzug an der Gronauer Urananreicherungsanlage Richtung Russland starten soll.\" \/>\n<meta name=\"robots\" content=\"index, nofollow, max-snippet:-1, max-image-preview:large, max-video-preview:-1\" \/>\n<link rel=\"canonical\" href=\"https:\/\/www.umweltaktivisten.de\/index.php\/2019\/10\/28\/3731\/\" \/>\n<meta property=\"og:locale\" content=\"de_DE\" \/>\n<meta property=\"og:type\" content=\"article\" \/>\n<meta property=\"og:title\" content=\"Proteste gegen Uranm\u00fclltransporte - umweltaktivisten.de\" \/>\n<meta property=\"og:description\" content=\"28. Oktober 019: Demo gegen Uranm\u00fclltransport, der als Sonderzug an der Gronauer Urananreicherungsanlage Richtung Russland starten soll.\" \/>\n<meta property=\"og:url\" content=\"https:\/\/www.umweltaktivisten.de\/index.php\/2019\/10\/28\/3731\/\" \/>\n<meta property=\"og:site_name\" content=\"umweltaktivisten.de\" \/>\n<meta property=\"article:published_time\" content=\"2019-10-28T13:23:26+00:00\" \/>\n<meta property=\"article:modified_time\" content=\"2019-10-28T15:23:55+00:00\" \/>\n<meta property=\"og:image\" content=\"https:\/\/www.umweltaktivisten.de\/wp-content\/uploads\/2018\/02\/w_Urantransporteaktion-19..png\" \/>\n\t<meta property=\"og:image:width\" content=\"356\" \/>\n\t<meta property=\"og:image:height\" content=\"200\" \/>\n\t<meta property=\"og:image:type\" content=\"image\/png\" \/>\n<meta name=\"author\" content=\"marita\" \/>\n<meta name=\"twitter:card\" content=\"summary_large_image\" \/>\n<meta name=\"twitter:label1\" content=\"Verfasst von\" \/>\n\t<meta name=\"twitter:data1\" content=\"marita\" \/>\n\t<meta name=\"twitter:label2\" content=\"Gesch\u00e4tzte Lesezeit\" \/>\n\t<meta name=\"twitter:data2\" content=\"2\u00a0Minuten\" \/>\n<script type=\"application\/ld+json\" class=\"yoast-schema-graph\">{\"@context\":\"https:\\\/\\\/schema.org\",\"@graph\":[{\"@type\":\"Article\",\"@id\":\"https:\\\/\\\/www.umweltaktivisten.de\\\/index.php\\\/2019\\\/10\\\/28\\\/3731\\\/#article\",\"isPartOf\":{\"@id\":\"https:\\\/\\\/www.umweltaktivisten.de\\\/index.php\\\/2019\\\/10\\\/28\\\/3731\\\/\"},\"author\":{\"name\":\"marita\",\"@id\":\"https:\\\/\\\/www.umweltaktivisten.de\\\/#\\\/schema\\\/person\\\/af601319cc34a906612869cf3b4fd51a\"},\"headline\":\"Proteste gegen Uranm\u00fclltransporte\",\"datePublished\":\"2019-10-28T13:23:26+00:00\",\"dateModified\":\"2019-10-28T15:23:55+00:00\",\"mainEntityOfPage\":{\"@id\":\"https:\\\/\\\/www.umweltaktivisten.de\\\/index.php\\\/2019\\\/10\\\/28\\\/3731\\\/\"},\"wordCount\":390,\"image\":{\"@id\":\"https:\\\/\\\/www.umweltaktivisten.de\\\/index.php\\\/2019\\\/10\\\/28\\\/3731\\\/#primaryimage\"},\"thumbnailUrl\":\"https:\\\/\\\/www.umweltaktivisten.de\\\/wp-content\\\/uploads\\\/2018\\\/02\\\/w_Urantransporteaktion-19..png\",\"keywords\":[\"Russland\",\"Urantransporte\"],\"articleSection\":{\"1\":\"Atom\"},\"inLanguage\":\"de\"},{\"@type\":\"WebPage\",\"@id\":\"https:\\\/\\\/www.umweltaktivisten.de\\\/index.php\\\/2019\\\/10\\\/28\\\/3731\\\/\",\"url\":\"https:\\\/\\\/www.umweltaktivisten.de\\\/index.php\\\/2019\\\/10\\\/28\\\/3731\\\/\",\"name\":\"Proteste gegen Uranm\u00fclltransporte - umweltaktivisten.de\",\"isPartOf\":{\"@id\":\"https:\\\/\\\/www.umweltaktivisten.de\\\/#website\"},\"primaryImageOfPage\":{\"@id\":\"https:\\\/\\\/www.umweltaktivisten.de\\\/index.php\\\/2019\\\/10\\\/28\\\/3731\\\/#primaryimage\"},\"image\":{\"@id\":\"https:\\\/\\\/www.umweltaktivisten.de\\\/index.php\\\/2019\\\/10\\\/28\\\/3731\\\/#primaryimage\"},\"thumbnailUrl\":\"https:\\\/\\\/www.umweltaktivisten.de\\\/wp-content\\\/uploads\\\/2018\\\/02\\\/w_Urantransporteaktion-19..png\",\"datePublished\":\"2019-10-28T13:23:26+00:00\",\"dateModified\":\"2019-10-28T15:23:55+00:00\",\"author\":{\"@id\":\"https:\\\/\\\/www.umweltaktivisten.de\\\/#\\\/schema\\\/person\\\/af601319cc34a906612869cf3b4fd51a\"},\"description\":\"28. Oktober 019: Demo gegen Uranm\u00fclltransport, der als Sonderzug an der Gronauer Urananreicherungsanlage Richtung Russland starten soll.\",\"breadcrumb\":{\"@id\":\"https:\\\/\\\/www.umweltaktivisten.de\\\/index.php\\\/2019\\\/10\\\/28\\\/3731\\\/#breadcrumb\"},\"inLanguage\":\"de\",\"potentialAction\":[{\"@type\":\"ReadAction\",\"target\":[\"https:\\\/\\\/www.umweltaktivisten.de\\\/index.php\\\/2019\\\/10\\\/28\\\/3731\\\/\"]}]},{\"@type\":\"ImageObject\",\"inLanguage\":\"de\",\"@id\":\"https:\\\/\\\/www.umweltaktivisten.de\\\/index.php\\\/2019\\\/10\\\/28\\\/3731\\\/#primaryimage\",\"url\":\"https:\\\/\\\/www.umweltaktivisten.de\\\/wp-content\\\/uploads\\\/2018\\\/02\\\/w_Urantransporteaktion-19..png\",\"contentUrl\":\"https:\\\/\\\/www.umweltaktivisten.de\\\/wp-content\\\/uploads\\\/2018\\\/02\\\/w_Urantransporteaktion-19..png\",\"width\":356,\"height\":200},{\"@type\":\"BreadcrumbList\",\"@id\":\"https:\\\/\\\/www.umweltaktivisten.de\\\/index.php\\\/2019\\\/10\\\/28\\\/3731\\\/#breadcrumb\",\"itemListElement\":[{\"@type\":\"ListItem\",\"position\":1,\"name\":\"Home\",\"item\":\"https:\\\/\\\/www.umweltaktivisten.de\\\/\"},{\"@type\":\"ListItem\",\"position\":2,\"name\":\"Proteste gegen Uranm\u00fclltransporte\"}]},{\"@type\":\"WebSite\",\"@id\":\"https:\\\/\\\/www.umweltaktivisten.de\\\/#website\",\"url\":\"https:\\\/\\\/www.umweltaktivisten.de\\\/\",\"name\":\"umweltaktivisten.de\",\"description\":\"&quot;Wir haben die Erde nur von unseren Kindern geborgt&quot;\",\"potentialAction\":[{\"@type\":\"SearchAction\",\"target\":{\"@type\":\"EntryPoint\",\"urlTemplate\":\"https:\\\/\\\/www.umweltaktivisten.de\\\/?s={search_term_string}\"},\"query-input\":{\"@type\":\"PropertyValueSpecification\",\"valueRequired\":true,\"valueName\":\"search_term_string\"}}],\"inLanguage\":\"de\"},{\"@type\":\"Person\",\"@id\":\"https:\\\/\\\/www.umweltaktivisten.de\\\/#\\\/schema\\\/person\\\/af601319cc34a906612869cf3b4fd51a\",\"name\":\"marita\",\"url\":\"https:\\\/\\\/www.umweltaktivisten.de\\\/author\\\/marita\\\/\"}]}<\/script>\n<!-- \/ Yoast SEO plugin. -->","yoast_head_json":{"title":"Proteste gegen Uranm\u00fclltransporte - umweltaktivisten.de","description":"28. Oktober 019: Demo gegen Uranm\u00fclltransport, der als Sonderzug an der Gronauer Urananreicherungsanlage Richtung Russland starten soll.","robots":{"index":"index","follow":"nofollow","max-snippet":"max-snippet:-1","max-image-preview":"max-image-preview:large","max-video-preview":"max-video-preview:-1"},"canonical":"https:\/\/www.umweltaktivisten.de\/index.php\/2019\/10\/28\/3731\/","og_locale":"de_DE","og_type":"article","og_title":"Proteste gegen Uranm\u00fclltransporte - umweltaktivisten.de","og_description":"28. Oktober 019: Demo gegen Uranm\u00fclltransport, der als Sonderzug an der Gronauer Urananreicherungsanlage Richtung Russland starten soll.","og_url":"https:\/\/www.umweltaktivisten.de\/index.php\/2019\/10\/28\/3731\/","og_site_name":"umweltaktivisten.de","article_published_time":"2019-10-28T13:23:26+00:00","article_modified_time":"2019-10-28T15:23:55+00:00","og_image":[{"width":356,"height":200,"url":"https:\/\/www.umweltaktivisten.de\/wp-content\/uploads\/2018\/02\/w_Urantransporteaktion-19..png","type":"image\/png"}],"author":"marita","twitter_card":"summary_large_image","twitter_misc":{"Verfasst von":"marita","Gesch\u00e4tzte Lesezeit":"2\u00a0Minuten"},"schema":{"@context":"https:\/\/schema.org","@graph":[{"@type":"Article","@id":"https:\/\/www.umweltaktivisten.de\/index.php\/2019\/10\/28\/3731\/#article","isPartOf":{"@id":"https:\/\/www.umweltaktivisten.de\/index.php\/2019\/10\/28\/3731\/"},"author":{"name":"marita","@id":"https:\/\/www.umweltaktivisten.de\/#\/schema\/person\/af601319cc34a906612869cf3b4fd51a"},"headline":"Proteste gegen Uranm\u00fclltransporte","datePublished":"2019-10-28T13:23:26+00:00","dateModified":"2019-10-28T15:23:55+00:00","mainEntityOfPage":{"@id":"https:\/\/www.umweltaktivisten.de\/index.php\/2019\/10\/28\/3731\/"},"wordCount":390,"image":{"@id":"https:\/\/www.umweltaktivisten.de\/index.php\/2019\/10\/28\/3731\/#primaryimage"},"thumbnailUrl":"https:\/\/www.umweltaktivisten.de\/wp-content\/uploads\/2018\/02\/w_Urantransporteaktion-19..png","keywords":["Russland","Urantransporte"],"articleSection":{"1":"Atom"},"inLanguage":"de"},{"@type":"WebPage","@id":"https:\/\/www.umweltaktivisten.de\/index.php\/2019\/10\/28\/3731\/","url":"https:\/\/www.umweltaktivisten.de\/index.php\/2019\/10\/28\/3731\/","name":"Proteste gegen Uranm\u00fclltransporte - umweltaktivisten.de","isPartOf":{"@id":"https:\/\/www.umweltaktivisten.de\/#website"},"primaryImageOfPage":{"@id":"https:\/\/www.umweltaktivisten.de\/index.php\/2019\/10\/28\/3731\/#primaryimage"},"image":{"@id":"https:\/\/www.umweltaktivisten.de\/index.php\/2019\/10\/28\/3731\/#primaryimage"},"thumbnailUrl":"https:\/\/www.umweltaktivisten.de\/wp-content\/uploads\/2018\/02\/w_Urantransporteaktion-19..png","datePublished":"2019-10-28T13:23:26+00:00","dateModified":"2019-10-28T15:23:55+00:00","author":{"@id":"https:\/\/www.umweltaktivisten.de\/#\/schema\/person\/af601319cc34a906612869cf3b4fd51a"},"description":"28. Oktober 019: Demo gegen Uranm\u00fclltransport, der als Sonderzug an der Gronauer Urananreicherungsanlage Richtung Russland starten soll.","breadcrumb":{"@id":"https:\/\/www.umweltaktivisten.de\/index.php\/2019\/10\/28\/3731\/#breadcrumb"},"inLanguage":"de","potentialAction":[{"@type":"ReadAction","target":["https:\/\/www.umweltaktivisten.de\/index.php\/2019\/10\/28\/3731\/"]}]},{"@type":"ImageObject","inLanguage":"de","@id":"https:\/\/www.umweltaktivisten.de\/index.php\/2019\/10\/28\/3731\/#primaryimage","url":"https:\/\/www.umweltaktivisten.de\/wp-content\/uploads\/2018\/02\/w_Urantransporteaktion-19..png","contentUrl":"https:\/\/www.umweltaktivisten.de\/wp-content\/uploads\/2018\/02\/w_Urantransporteaktion-19..png","width":356,"height":200},{"@type":"BreadcrumbList","@id":"https:\/\/www.umweltaktivisten.de\/index.php\/2019\/10\/28\/3731\/#breadcrumb","itemListElement":[{"@type":"ListItem","position":1,"name":"Home","item":"https:\/\/www.umweltaktivisten.de\/"},{"@type":"ListItem","position":2,"name":"Proteste gegen Uranm\u00fclltransporte"}]},{"@type":"WebSite","@id":"https:\/\/www.umweltaktivisten.de\/#website","url":"https:\/\/www.umweltaktivisten.de\/","name":"umweltaktivisten.de","description":"&quot;Wir haben die Erde nur von unseren Kindern geborgt&quot;","potentialAction":[{"@type":"SearchAction","target":{"@type":"EntryPoint","urlTemplate":"https:\/\/www.umweltaktivisten.de\/?s={search_term_string}"},"query-input":{"@type":"PropertyValueSpecification","valueRequired":true,"valueName":"search_term_string"}}],"inLanguage":"de"},{"@type":"Person","@id":"https:\/\/www.umweltaktivisten.de\/#\/schema\/person\/af601319cc34a906612869cf3b4fd51a","name":"marita","url":"https:\/\/www.umweltaktivisten.de\/author\/marita\/"}]}},"_links":{"self":[{"href":"https:\/\/www.umweltaktivisten.de\/index.php\/wp-json\/wp\/v2\/posts\/3731","targetHints":{"allow":["GET"]}}],"collection":[{"href":"https:\/\/www.umweltaktivisten.de\/index.php\/wp-json\/wp\/v2\/posts"}],"about":[{"href":"https:\/\/www.umweltaktivisten.de\/index.php\/wp-json\/wp\/v2\/types\/post"}],"author":[{"embeddable":true,"href":"https:\/\/www.umweltaktivisten.de\/index.php\/wp-json\/wp\/v2\/users\/1"}],"replies":[{"embeddable":true,"href":"https:\/\/www.umweltaktivisten.de\/index.php\/wp-json\/wp\/v2\/comments?post=3731"}],"version-history":[{"count":8,"href":"https:\/\/www.umweltaktivisten.de\/index.php\/wp-json\/wp\/v2\/posts\/3731\/revisions"}],"predecessor-version":[{"id":3762,"href":"https:\/\/www.umweltaktivisten.de\/index.php\/wp-json\/wp\/v2\/posts\/3731\/revisions\/3762"}],"wp:featuredmedia":[{"embeddable":true,"href":"https:\/\/www.umweltaktivisten.de\/index.php\/wp-json\/wp\/v2\/media\/2533"}],"wp:attachment":[{"href":"https:\/\/www.umweltaktivisten.de\/index.php\/wp-json\/wp\/v2\/media?parent=3731"}],"wp:term":[{"taxonomy":"category","embeddable":true,"href":"https:\/\/www.umweltaktivisten.de\/index.php\/wp-json\/wp\/v2\/categories?post=3731"},{"taxonomy":"post_tag","embeddable":true,"href":"https:\/\/www.umweltaktivisten.de\/index.php\/wp-json\/wp\/v2\/tags?post=3731"}],"curies":[{"name":"wp","href":"https:\/\/api.w.org\/{rel}","templated":true}]}}