{"id":3530,"date":"2019-06-20T00:07:00","date_gmt":"2019-06-19T22:07:00","guid":{"rendered":"http:\/\/www.umweltaktivisten.de\/?p=3530"},"modified":"2019-06-20T00:16:57","modified_gmt":"2019-06-19T22:16:57","slug":"2-jahrestag-der-menschenkette","status":"publish","type":"post","link":"https:\/\/www.umweltaktivisten.de\/index.php\/2019\/06\/20\/2-jahrestag-der-menschenkette\/","title":{"rendered":"2. Jahrestag der Menschenkette"},"content":{"rendered":"\n<h1 class=\"wp-block-heading\">Lieber \u201aGelb leuchten\u2018 \u2013 als \u201aradioaktiv verstrahlt werden\u2018<\/h1>\n\n\n\n<h4 class=\"wp-block-heading\">Aktion: Strom abschalten \u2013 aber EIN Stop-Tihange-Plakat leuchten lassen!<\/h4>\n\n\n\n<div class=\"wp-block-image\"><figure class=\"alignleft\"><img loading=\"lazy\" decoding=\"async\" width=\"243\" height=\"348\" src=\"https:\/\/www.umweltaktivisten.de\/wp-content\/uploads\/2019\/06\/stoptihangedoel_243.jpeg\" alt=\"\" class=\"wp-image-3531\" srcset=\"https:\/\/www.umweltaktivisten.de\/wp-content\/uploads\/2019\/06\/stoptihangedoel_243.jpeg 243w, https:\/\/www.umweltaktivisten.de\/wp-content\/uploads\/2019\/06\/stoptihangedoel_243-209x300.jpeg 209w, https:\/\/www.umweltaktivisten.de\/wp-content\/uploads\/2019\/06\/stoptihangedoel_243-105x150.jpeg 105w\" sizes=\"auto, (max-width: 243px) 100vw, 243px\" \/><\/figure><\/div>\n\n\n\n<p>Wir rufen auf, in der k\u00fcrzesten Nacht des Jahres (21.\/22. Juni) ab 22\n  Uhr bis zum anderen Morgen alle Lichter und jeden Stromverbrauch  \nabzuschalten \u2026<\/p>\n\n\n\n<h4 class=\"wp-block-heading\">mit EINER Ausnahme:<\/h4>\n\n\n\n<p>==&gt; <strong>Hinterleuchtete gelbe \u201eStop-Tihange\u201c-Schilder in jedem Fenster\/jedem Haus!<\/strong><\/p>\n\n\n\n<p>In dieser Nacht sollten<br> 1. solche Schilder in jedem Haus in Aachen und in anderen St\u00e4dten h\u00e4ngen!<br> 2. Von der Hausfront Fotos gemacht werden und ins Netz geladen werden: <strong>==> <a href=\"https:\/\/www.anti-akw-ac.de\/hier-eure-bilder-hochladen\/\" target=\"_blank\" rel=\"noreferrer noopener\" aria-label=\"https:\/\/www.anti-akw-ac.de\/hier-eure-bilder-hochladen\/ (\u00f6ffnet in neuem Tab)\">https:\/\/www.anti-akw-ac.de\/hier-eure-bilder-hochladen\/<\/a><\/strong><br>Das  \u201eAachener Aktionsb\u00fcndnis gegen Atomanlagen\u201c (AAA) verf\u00fcgt \u00fcber Technik,  damit DIESE Bilder SOFORT im Internet f\u00fcr jeden sichtbar sind!<\/p>\n\n\n\n<p>Das  \u201eAachener Aktionsb\u00fcndnis gegen Atomanlagen\u201c (AAA) verf\u00fcgt \u00fcber Technik,  damit DIESE Bilder SOFORT im Internet f\u00fcr jeden sichtbar sind!<\/p>\n\n\n\n<p>(Vielleicht \u00fcberzeugen wir sogar die Aachener Politik davon, in DER  \nNacht alle Stra\u00dfenleuchten auszuschalten \u2013 zumindest f\u00fcr die beiden  \nStunden vor und nach Mitternacht!)<br> Wer dann in DIESER Nacht durch \nAachen geht, wird ein spektakul\u00e4res Bild  sehen: ein dunkles Aachen, \nviele dunkle H\u00e4user \u2013 aber \u00fcberall den Willen  &amp; Wunsch:<\/p>\n\n\n\n<p><strong>STOP TIHANGE<\/strong>!<\/p>\n\n\n\n<p>Vor zwei Jahren [1] gab es die beeindruckende und spektakul\u00e4re  \nMenschenkette von Tihange \u00fcber L\u00fcttich, Maastricht bis nach Aachen.  \n50.000 Menschen aus drei Nationen hatten sich beteiligt. Das Wetter war \n gut und die Stimmung von jung &amp; alt wirklich berauschend!<br>Es \nherrschte allerseits ein Gef\u00fchl, als ob die AKW-Betreiber diesem  \noffenkundigen Willen der Bev\u00f6lkerung f\u00fcr das Abschalten des \nRisse-Reaktors sich nicht weiter widersetzen k\u00f6nnten und das gef\u00e4hrliche\n  AKW endlich abschalten w\u00fcrden.<\/p>\n\n\n\n<h4 class=\"wp-block-heading\">Leider weit gefehlt!<\/h4>\n\n\n\n<p>Die Schrottmeiler laufen weiter. Das Gewinnstreben bei den AKWs \u2013 bei\n gleichzeitigem Unwillen und auch wohl auch Inkompetenz bei der \nEinf\u00fchrung der l\u00e4ngst existierenden, alternativen Energieerzeugung \u2013 \nhaben leider dazu gef\u00fchrt, dass diese maroden Atom-Anlagen weiter das \nLeben der Menschen in der gesamten Euregio gef\u00e4hrden!<br>\nTrotz dieser bitteren Erkenntnis, dass wir letztlich eine Niederlage \nstatt eines vermeintlichen Sieges errungen haben, k\u00e4mpfen wir weiter \ngegen dieses Risse-AKW Tihange.<\/p>\n\n\n\n<h4 class=\"wp-block-heading\">Die Flamme des Widerstands leuchtet weiter!<\/h4>\n\n\n\n<p>Wir wollen, dass die Bev\u00f6lkerung unserer Region erneut ein \n\u201eleuchtendes\u201c Warnzeichen gibt, dass die Flamme des Widerstands nicht \ngebrochen ist, dass die atomare Gefahr weiterhin besteht und dass wir \nuns weiter wehren. Unser \u201eDrei-L\u00e4nder-Eck\u201c ist f\u00fcr viele Menschen in \nEuropa das virulenteste Anti-nukleare Widerstandsnest. Wir wollen dieses\n Image beibehalten!<\/p>\n\n\n\n<p>Wir werden das symbolisch auch in Richtung der anderen gro\u00dfen  \nProblematik in unserer Region \u201estrahlen\u201c lassen: nicht nur die Atomkraft\n  gef\u00e4hrdet uns \u2013 es ist ebenso die Verbrennung der Braunkohle zu CO2 in\n  unserer unmittelbaren N\u00e4he in Hambach &amp; Garzweiler.<br>Erfreulicherweise\n haben sich auch dort entschlossene Menschen (meist  einer j\u00fcngeren \nGeneration!) gefunden, die auf diesem Gebiet k\u00e4mpfen. Und  wir wissen \n\u201ewir Anti-Atom-Leute\u201c und \u201edie Klimasch\u00fctzer\u201c k\u00e4mpfen EINEN  gemeinsamen\n Kampf!<\/p>\n\n\n\n<p>Quelle: \u201eAachener Aktionsb\u00fcndnis gegen Atomenergie\u201c<\/p>\n","protected":false},"excerpt":{"rendered":"<p>Lieber \u201aGelb leuchten\u2018 \u2013 als \u201aradioaktiv verstrahlt werden\u2018 Aktion: Strom abschalten \u2013 aber EIN Stop-Tihange-Plakat leuchten lassen! Wir rufen auf, in der k\u00fcrzesten Nacht des Jahres (21.\/22. Juni) ab 22 Uhr bis zum anderen Morgen alle Lichter und jeden Stromverbrauch abzuschalten \u2026 mit EINER Ausnahme: ==&gt; Hinterleuchtete gelbe \u201eStop-Tihange\u201c-Schilder in\u2026<\/p>\n<p class=\"continue-reading-button\"> <a class=\"continue-reading-link\" href=\"https:\/\/www.umweltaktivisten.de\/index.php\/2019\/06\/20\/2-jahrestag-der-menschenkette\/\">weiter &#8230;<i class=\"crycon-right-dir\"><\/i><\/a><\/p>\n","protected":false},"author":1,"featured_media":3377,"comment_status":"closed","ping_status":"closed","sticky":false,"template":"","format":"standard","meta":{"footnotes":""},"categories":[1,21,68],"tags":[],"class_list":["post-3530","post","type-post","status-publish","format-standard","has-post-thumbnail","hentry","category-allgemein","category-atom","category-demo"],"yoast_head":"<!-- This site is optimized with the Yoast SEO plugin v27.5 - https:\/\/yoast.com\/product\/yoast-seo-wordpress\/ -->\n<title>2. Jahrestag der Menschenkette - umweltaktivisten.de<\/title>\n<meta name=\"description\" content=\". 2. Jahrestag der Menschenkette. In dieser Nacht sollten Stop-Tihange-Plakate in jedem Haus in Aachen und in anderen St\u00e4dten h\u00e4ngen!\" \/>\n<meta name=\"robots\" content=\"index, nofollow, max-snippet:-1, max-image-preview:large, max-video-preview:-1\" \/>\n<link rel=\"canonical\" href=\"https:\/\/www.umweltaktivisten.de\/index.php\/2019\/06\/20\/2-jahrestag-der-menschenkette\/\" \/>\n<meta property=\"og:locale\" content=\"de_DE\" \/>\n<meta property=\"og:type\" content=\"article\" \/>\n<meta property=\"og:title\" content=\"2. Jahrestag der Menschenkette - umweltaktivisten.de\" \/>\n<meta property=\"og:description\" content=\". 2. Jahrestag der Menschenkette. In dieser Nacht sollten Stop-Tihange-Plakate in jedem Haus in Aachen und in anderen St\u00e4dten h\u00e4ngen!\" \/>\n<meta property=\"og:url\" content=\"https:\/\/www.umweltaktivisten.de\/index.php\/2019\/06\/20\/2-jahrestag-der-menschenkette\/\" \/>\n<meta property=\"og:site_name\" content=\"umweltaktivisten.de\" \/>\n<meta property=\"article:published_time\" content=\"2019-06-19T22:07:00+00:00\" \/>\n<meta property=\"article:modified_time\" content=\"2019-06-19T22:16:57+00:00\" \/>\n<meta property=\"og:image\" content=\"https:\/\/www.umweltaktivisten.de\/wp-content\/uploads\/2019\/04\/Affichette-STOP-TD_160x225_Fond-jaune_100px.jpg\" \/>\n\t<meta property=\"og:image:width\" content=\"100\" \/>\n\t<meta property=\"og:image:height\" content=\"140\" \/>\n\t<meta property=\"og:image:type\" content=\"image\/jpeg\" \/>\n<meta name=\"author\" content=\"marita\" \/>\n<meta name=\"twitter:card\" content=\"summary_large_image\" \/>\n<meta name=\"twitter:label1\" content=\"Verfasst von\" \/>\n\t<meta name=\"twitter:data1\" content=\"marita\" \/>\n\t<meta name=\"twitter:label2\" content=\"Gesch\u00e4tzte Lesezeit\" \/>\n\t<meta name=\"twitter:data2\" content=\"2\u00a0Minuten\" \/>\n<script type=\"application\/ld+json\" class=\"yoast-schema-graph\">{\"@context\":\"https:\\\/\\\/schema.org\",\"@graph\":[{\"@type\":\"Article\",\"@id\":\"https:\\\/\\\/www.umweltaktivisten.de\\\/index.php\\\/2019\\\/06\\\/20\\\/2-jahrestag-der-menschenkette\\\/#article\",\"isPartOf\":{\"@id\":\"https:\\\/\\\/www.umweltaktivisten.de\\\/index.php\\\/2019\\\/06\\\/20\\\/2-jahrestag-der-menschenkette\\\/\"},\"author\":{\"name\":\"marita\",\"@id\":\"https:\\\/\\\/www.umweltaktivisten.de\\\/#\\\/schema\\\/person\\\/af601319cc34a906612869cf3b4fd51a\"},\"headline\":\"2. Jahrestag der Menschenkette\",\"datePublished\":\"2019-06-19T22:07:00+00:00\",\"dateModified\":\"2019-06-19T22:16:57+00:00\",\"mainEntityOfPage\":{\"@id\":\"https:\\\/\\\/www.umweltaktivisten.de\\\/index.php\\\/2019\\\/06\\\/20\\\/2-jahrestag-der-menschenkette\\\/\"},\"wordCount\":475,\"image\":{\"@id\":\"https:\\\/\\\/www.umweltaktivisten.de\\\/index.php\\\/2019\\\/06\\\/20\\\/2-jahrestag-der-menschenkette\\\/#primaryimage\"},\"thumbnailUrl\":\"https:\\\/\\\/www.umweltaktivisten.de\\\/wp-content\\\/uploads\\\/2019\\\/04\\\/Affichette-STOP-TD_160x225_Fond-jaune_100px.jpg\",\"articleSection\":{\"1\":\"Atom\",\"2\":\"Demo\"},\"inLanguage\":\"de\"},{\"@type\":\"WebPage\",\"@id\":\"https:\\\/\\\/www.umweltaktivisten.de\\\/index.php\\\/2019\\\/06\\\/20\\\/2-jahrestag-der-menschenkette\\\/\",\"url\":\"https:\\\/\\\/www.umweltaktivisten.de\\\/index.php\\\/2019\\\/06\\\/20\\\/2-jahrestag-der-menschenkette\\\/\",\"name\":\"2. Jahrestag der Menschenkette - umweltaktivisten.de\",\"isPartOf\":{\"@id\":\"https:\\\/\\\/www.umweltaktivisten.de\\\/#website\"},\"primaryImageOfPage\":{\"@id\":\"https:\\\/\\\/www.umweltaktivisten.de\\\/index.php\\\/2019\\\/06\\\/20\\\/2-jahrestag-der-menschenkette\\\/#primaryimage\"},\"image\":{\"@id\":\"https:\\\/\\\/www.umweltaktivisten.de\\\/index.php\\\/2019\\\/06\\\/20\\\/2-jahrestag-der-menschenkette\\\/#primaryimage\"},\"thumbnailUrl\":\"https:\\\/\\\/www.umweltaktivisten.de\\\/wp-content\\\/uploads\\\/2019\\\/04\\\/Affichette-STOP-TD_160x225_Fond-jaune_100px.jpg\",\"datePublished\":\"2019-06-19T22:07:00+00:00\",\"dateModified\":\"2019-06-19T22:16:57+00:00\",\"author\":{\"@id\":\"https:\\\/\\\/www.umweltaktivisten.de\\\/#\\\/schema\\\/person\\\/af601319cc34a906612869cf3b4fd51a\"},\"description\":\". 2. Jahrestag der Menschenkette. In dieser Nacht sollten Stop-Tihange-Plakate in jedem Haus in Aachen und in anderen St\u00e4dten h\u00e4ngen!\",\"breadcrumb\":{\"@id\":\"https:\\\/\\\/www.umweltaktivisten.de\\\/index.php\\\/2019\\\/06\\\/20\\\/2-jahrestag-der-menschenkette\\\/#breadcrumb\"},\"inLanguage\":\"de\",\"potentialAction\":[{\"@type\":\"ReadAction\",\"target\":[\"https:\\\/\\\/www.umweltaktivisten.de\\\/index.php\\\/2019\\\/06\\\/20\\\/2-jahrestag-der-menschenkette\\\/\"]}]},{\"@type\":\"ImageObject\",\"inLanguage\":\"de\",\"@id\":\"https:\\\/\\\/www.umweltaktivisten.de\\\/index.php\\\/2019\\\/06\\\/20\\\/2-jahrestag-der-menschenkette\\\/#primaryimage\",\"url\":\"https:\\\/\\\/www.umweltaktivisten.de\\\/wp-content\\\/uploads\\\/2019\\\/04\\\/Affichette-STOP-TD_160x225_Fond-jaune_100px.jpg\",\"contentUrl\":\"https:\\\/\\\/www.umweltaktivisten.de\\\/wp-content\\\/uploads\\\/2019\\\/04\\\/Affichette-STOP-TD_160x225_Fond-jaune_100px.jpg\",\"width\":100,\"height\":140},{\"@type\":\"BreadcrumbList\",\"@id\":\"https:\\\/\\\/www.umweltaktivisten.de\\\/index.php\\\/2019\\\/06\\\/20\\\/2-jahrestag-der-menschenkette\\\/#breadcrumb\",\"itemListElement\":[{\"@type\":\"ListItem\",\"position\":1,\"name\":\"Home\",\"item\":\"https:\\\/\\\/www.umweltaktivisten.de\\\/\"},{\"@type\":\"ListItem\",\"position\":2,\"name\":\"2. Jahrestag der Menschenkette\"}]},{\"@type\":\"WebSite\",\"@id\":\"https:\\\/\\\/www.umweltaktivisten.de\\\/#website\",\"url\":\"https:\\\/\\\/www.umweltaktivisten.de\\\/\",\"name\":\"umweltaktivisten.de\",\"description\":\"&quot;Wir haben die Erde nur von unseren Kindern geborgt&quot;\",\"potentialAction\":[{\"@type\":\"SearchAction\",\"target\":{\"@type\":\"EntryPoint\",\"urlTemplate\":\"https:\\\/\\\/www.umweltaktivisten.de\\\/?s={search_term_string}\"},\"query-input\":{\"@type\":\"PropertyValueSpecification\",\"valueRequired\":true,\"valueName\":\"search_term_string\"}}],\"inLanguage\":\"de\"},{\"@type\":\"Person\",\"@id\":\"https:\\\/\\\/www.umweltaktivisten.de\\\/#\\\/schema\\\/person\\\/af601319cc34a906612869cf3b4fd51a\",\"name\":\"marita\",\"url\":\"https:\\\/\\\/www.umweltaktivisten.de\\\/author\\\/marita\\\/\"}]}<\/script>\n<!-- \/ Yoast SEO plugin. -->","yoast_head_json":{"title":"2. Jahrestag der Menschenkette - umweltaktivisten.de","description":". 2. Jahrestag der Menschenkette. In dieser Nacht sollten Stop-Tihange-Plakate in jedem Haus in Aachen und in anderen St\u00e4dten h\u00e4ngen!","robots":{"index":"index","follow":"nofollow","max-snippet":"max-snippet:-1","max-image-preview":"max-image-preview:large","max-video-preview":"max-video-preview:-1"},"canonical":"https:\/\/www.umweltaktivisten.de\/index.php\/2019\/06\/20\/2-jahrestag-der-menschenkette\/","og_locale":"de_DE","og_type":"article","og_title":"2. Jahrestag der Menschenkette - umweltaktivisten.de","og_description":". 2. Jahrestag der Menschenkette. In dieser Nacht sollten Stop-Tihange-Plakate in jedem Haus in Aachen und in anderen St\u00e4dten h\u00e4ngen!","og_url":"https:\/\/www.umweltaktivisten.de\/index.php\/2019\/06\/20\/2-jahrestag-der-menschenkette\/","og_site_name":"umweltaktivisten.de","article_published_time":"2019-06-19T22:07:00+00:00","article_modified_time":"2019-06-19T22:16:57+00:00","og_image":[{"width":100,"height":140,"url":"https:\/\/www.umweltaktivisten.de\/wp-content\/uploads\/2019\/04\/Affichette-STOP-TD_160x225_Fond-jaune_100px.jpg","type":"image\/jpeg"}],"author":"marita","twitter_card":"summary_large_image","twitter_misc":{"Verfasst von":"marita","Gesch\u00e4tzte Lesezeit":"2\u00a0Minuten"},"schema":{"@context":"https:\/\/schema.org","@graph":[{"@type":"Article","@id":"https:\/\/www.umweltaktivisten.de\/index.php\/2019\/06\/20\/2-jahrestag-der-menschenkette\/#article","isPartOf":{"@id":"https:\/\/www.umweltaktivisten.de\/index.php\/2019\/06\/20\/2-jahrestag-der-menschenkette\/"},"author":{"name":"marita","@id":"https:\/\/www.umweltaktivisten.de\/#\/schema\/person\/af601319cc34a906612869cf3b4fd51a"},"headline":"2. Jahrestag der Menschenkette","datePublished":"2019-06-19T22:07:00+00:00","dateModified":"2019-06-19T22:16:57+00:00","mainEntityOfPage":{"@id":"https:\/\/www.umweltaktivisten.de\/index.php\/2019\/06\/20\/2-jahrestag-der-menschenkette\/"},"wordCount":475,"image":{"@id":"https:\/\/www.umweltaktivisten.de\/index.php\/2019\/06\/20\/2-jahrestag-der-menschenkette\/#primaryimage"},"thumbnailUrl":"https:\/\/www.umweltaktivisten.de\/wp-content\/uploads\/2019\/04\/Affichette-STOP-TD_160x225_Fond-jaune_100px.jpg","articleSection":{"1":"Atom","2":"Demo"},"inLanguage":"de"},{"@type":"WebPage","@id":"https:\/\/www.umweltaktivisten.de\/index.php\/2019\/06\/20\/2-jahrestag-der-menschenkette\/","url":"https:\/\/www.umweltaktivisten.de\/index.php\/2019\/06\/20\/2-jahrestag-der-menschenkette\/","name":"2. Jahrestag der Menschenkette - umweltaktivisten.de","isPartOf":{"@id":"https:\/\/www.umweltaktivisten.de\/#website"},"primaryImageOfPage":{"@id":"https:\/\/www.umweltaktivisten.de\/index.php\/2019\/06\/20\/2-jahrestag-der-menschenkette\/#primaryimage"},"image":{"@id":"https:\/\/www.umweltaktivisten.de\/index.php\/2019\/06\/20\/2-jahrestag-der-menschenkette\/#primaryimage"},"thumbnailUrl":"https:\/\/www.umweltaktivisten.de\/wp-content\/uploads\/2019\/04\/Affichette-STOP-TD_160x225_Fond-jaune_100px.jpg","datePublished":"2019-06-19T22:07:00+00:00","dateModified":"2019-06-19T22:16:57+00:00","author":{"@id":"https:\/\/www.umweltaktivisten.de\/#\/schema\/person\/af601319cc34a906612869cf3b4fd51a"},"description":". 2. Jahrestag der Menschenkette. In dieser Nacht sollten Stop-Tihange-Plakate in jedem Haus in Aachen und in anderen St\u00e4dten h\u00e4ngen!","breadcrumb":{"@id":"https:\/\/www.umweltaktivisten.de\/index.php\/2019\/06\/20\/2-jahrestag-der-menschenkette\/#breadcrumb"},"inLanguage":"de","potentialAction":[{"@type":"ReadAction","target":["https:\/\/www.umweltaktivisten.de\/index.php\/2019\/06\/20\/2-jahrestag-der-menschenkette\/"]}]},{"@type":"ImageObject","inLanguage":"de","@id":"https:\/\/www.umweltaktivisten.de\/index.php\/2019\/06\/20\/2-jahrestag-der-menschenkette\/#primaryimage","url":"https:\/\/www.umweltaktivisten.de\/wp-content\/uploads\/2019\/04\/Affichette-STOP-TD_160x225_Fond-jaune_100px.jpg","contentUrl":"https:\/\/www.umweltaktivisten.de\/wp-content\/uploads\/2019\/04\/Affichette-STOP-TD_160x225_Fond-jaune_100px.jpg","width":100,"height":140},{"@type":"BreadcrumbList","@id":"https:\/\/www.umweltaktivisten.de\/index.php\/2019\/06\/20\/2-jahrestag-der-menschenkette\/#breadcrumb","itemListElement":[{"@type":"ListItem","position":1,"name":"Home","item":"https:\/\/www.umweltaktivisten.de\/"},{"@type":"ListItem","position":2,"name":"2. Jahrestag der Menschenkette"}]},{"@type":"WebSite","@id":"https:\/\/www.umweltaktivisten.de\/#website","url":"https:\/\/www.umweltaktivisten.de\/","name":"umweltaktivisten.de","description":"&quot;Wir haben die Erde nur von unseren Kindern geborgt&quot;","potentialAction":[{"@type":"SearchAction","target":{"@type":"EntryPoint","urlTemplate":"https:\/\/www.umweltaktivisten.de\/?s={search_term_string}"},"query-input":{"@type":"PropertyValueSpecification","valueRequired":true,"valueName":"search_term_string"}}],"inLanguage":"de"},{"@type":"Person","@id":"https:\/\/www.umweltaktivisten.de\/#\/schema\/person\/af601319cc34a906612869cf3b4fd51a","name":"marita","url":"https:\/\/www.umweltaktivisten.de\/author\/marita\/"}]}},"_links":{"self":[{"href":"https:\/\/www.umweltaktivisten.de\/index.php\/wp-json\/wp\/v2\/posts\/3530","targetHints":{"allow":["GET"]}}],"collection":[{"href":"https:\/\/www.umweltaktivisten.de\/index.php\/wp-json\/wp\/v2\/posts"}],"about":[{"href":"https:\/\/www.umweltaktivisten.de\/index.php\/wp-json\/wp\/v2\/types\/post"}],"author":[{"embeddable":true,"href":"https:\/\/www.umweltaktivisten.de\/index.php\/wp-json\/wp\/v2\/users\/1"}],"replies":[{"embeddable":true,"href":"https:\/\/www.umweltaktivisten.de\/index.php\/wp-json\/wp\/v2\/comments?post=3530"}],"version-history":[{"count":3,"href":"https:\/\/www.umweltaktivisten.de\/index.php\/wp-json\/wp\/v2\/posts\/3530\/revisions"}],"predecessor-version":[{"id":3534,"href":"https:\/\/www.umweltaktivisten.de\/index.php\/wp-json\/wp\/v2\/posts\/3530\/revisions\/3534"}],"wp:featuredmedia":[{"embeddable":true,"href":"https:\/\/www.umweltaktivisten.de\/index.php\/wp-json\/wp\/v2\/media\/3377"}],"wp:attachment":[{"href":"https:\/\/www.umweltaktivisten.de\/index.php\/wp-json\/wp\/v2\/media?parent=3530"}],"wp:term":[{"taxonomy":"category","embeddable":true,"href":"https:\/\/www.umweltaktivisten.de\/index.php\/wp-json\/wp\/v2\/categories?post=3530"},{"taxonomy":"post_tag","embeddable":true,"href":"https:\/\/www.umweltaktivisten.de\/index.php\/wp-json\/wp\/v2\/tags?post=3530"}],"curies":[{"name":"wp","href":"https:\/\/api.w.org\/{rel}","templated":true}]}}