{"id":3505,"date":"2019-05-27T22:25:52","date_gmt":"2019-05-27T20:25:52","guid":{"rendered":"http:\/\/www.umweltaktivisten.de\/?p=3505"},"modified":"2019-05-27T23:00:30","modified_gmt":"2019-05-27T21:00:30","slug":"laengere-lagerfrist-fuer-atommuell-in-ahaus","status":"publish","type":"post","link":"https:\/\/www.umweltaktivisten.de\/index.php\/2019\/05\/27\/laengere-lagerfrist-fuer-atommuell-in-ahaus\/","title":{"rendered":"L\u00e4ngere Lagerfrist f\u00fcr Atomm\u00fcll in Ahaus?"},"content":{"rendered":"\n<div class=\"wp-block-image\"><figure class=\"aligncenter\"><img loading=\"lazy\" decoding=\"async\" width=\"1024\" height=\"576\" src=\"https:\/\/www.umweltaktivisten.de\/wp-content\/uploads\/2017\/07\/ton-250334_1280-1-bykst-1024x576.jpg\" alt=\"\" class=\"wp-image-2274\" srcset=\"https:\/\/www.umweltaktivisten.de\/wp-content\/uploads\/2017\/07\/ton-250334_1280-1-bykst-1024x576.jpg 1024w, https:\/\/www.umweltaktivisten.de\/wp-content\/uploads\/2017\/07\/ton-250334_1280-1-bykst-300x169.jpg 300w, https:\/\/www.umweltaktivisten.de\/wp-content\/uploads\/2017\/07\/ton-250334_1280-1-bykst-768x432.jpg 768w, https:\/\/www.umweltaktivisten.de\/wp-content\/uploads\/2017\/07\/ton-250334_1280-1-bykst-150x84.jpg 150w, https:\/\/www.umweltaktivisten.de\/wp-content\/uploads\/2017\/07\/ton-250334_1280-1-bykst.jpg 1280w\" sizes=\"auto, (max-width: 1024px) 100vw, 1024px\" \/><figcaption>Foto: pixabay.com<\/figcaption><\/figure><\/div>\n\n\n\n<h4 class=\"wp-block-heading\">L\u00e4ngere Lagerfrist f\u00fcr schwach- und mittelradioaktiven Atomm\u00fcll in Ahaus? Er\u00f6rterungstermin ab 4. Juni in Legden!<\/h4>\n\n\n\n<p><strong>Der Bundesverband B\u00fcrgerinitiativen Umweltschutz (BBU) weist darauf hin, dass am 4. Juni 2019 (ein Dienstag) in Legden bei Ahaus (Kreis Borken) ein Er\u00f6rterungstermin beginnt, bei dem es um das Atomm\u00fclllager in Ahaus geht. Konkreter Anlass des Termins ist die beantragte Verl\u00e4ngerung der Lagerfrist f\u00fcr schwach- und mittelradioaktiven Atomm\u00fcll. Die aktuelle Lagerungsgenehmigung l\u00e4uft am 20. Juli 2020 aus<\/strong>. Beantragt ist jetzt eine Lagerungsdauer bis Ende 2057. Gegen diese verl\u00e4ngerte Lagerfrist wurden zahlreiche Einspr\u00fcche bei der zust\u00e4ndigen Bezirksregierung in M\u00fcnster eingereicht. Auch der BBU hat in einer Stellungnahme die geplante l\u00e4ngere Lagerdauer f\u00fcr schwach- und mittelradioaktiven Atomm\u00fcll abgelehnt. Die Stellungnahme findet man auf der Homepage des BBU unter: <\/p>\n\n\n\n<p><a href=\"https:\/\/bbu-online.de\/Einwendungen\/BBU%20Stellungnahme%20Ahaus%20Maerz%202019.pdf\" target=\"_blank\" rel=\"noopener\">https:\/\/bbu-online.de\/Einwendungen\/BBU%20Stellungnahme%20Ahaus%20Maerz%202019.pdf<\/a><\/p>\n\n\n\n<p><strong>Er\u00f6rterungstermin findet in Legden statt, nicht in Ahaus!<\/strong><\/p>\n\n\n\n<p>Der Er\u00f6rterungstermin soll am 4. Juni 2019 um 10 Uhr beginnen \u2013 im Audimax des \u201aDorf M\u00fcnsterland\u2018-Hotels, Haidkamp 1, 48739 Legden \u2013 nicht in Ahaus! Alle Personen und Organisationen, die Anfang des Jahres einen Einspruch gegen die l\u00e4ngere Atomm\u00fcll-Lagerdauer erhoben haben, sind teilnahmeberechtigt. Man kann ganzt\u00e4gig teilnehmen oder bei Zeitmangel auch stundenweise. Einlass ist t\u00e4glich ab 9 Uhr. Bei Bedarf wird der Er\u00f6rterungstermin an den Folgetagen fortgesetzt. Zur Einlassberechtigung ist ein Personaldokument mitzubringen. Ausf\u00fchrliche Informationen zum Ablauf des Er\u00f6rterungstermins gibt es im Internet unter:  &nbsp; &nbsp; <\/p>\n\n\n\n<p><a href=\"http:\/\/www.bezreg-muenster.de\/de\/service\/bekanntmachungen\/verfahren\/strahlenschutz\/zwischenlager_ahaus\/index.html\" target=\"_blank\" rel=\"noopener\">http:\/\/www.bezreg-muenster.de\/de\/service\/bekanntmachungen\/verfahren\/strahlenschutz\/zwischenlager_ahaus\/index.html<\/a><\/p>\n\n\n\n<p>Informationsblatt der Bezirksregierung zum Er\u00f6rterungstermin:  &nbsp; &nbsp; <\/p>\n\n\n\n<p><a href=\"http:\/\/www.bezreg-muenster.de\/de\/service\/bekanntmachungen\/verfahren\/strahlenschutz\/zwischenlager_ahaus\/_ablage\/Infoheft_Zwischenlager_Ahaus_web.pdf\" target=\"_blank\" rel=\"noopener\">http:\/\/www.bezreg-muenster.de\/de\/service\/bekanntmachungen\/verfahren\/strahlenschutz\/zwischenlager_ahaus\/_ablage\/Infoheft_Zwischenlager_Ahaus_web.pdf<\/a><\/p>\n\n\n\n<p><strong>Kritik an dem Er\u00f6rterungstermin<\/strong><\/p>\n\n\n\n<p>In einer Pressemitteilung vom 14. Mai 2019 hat die B\u00fcrgerinitiative \u201eKein Atomm\u00fcll in Ahaus\u201c den Er\u00f6rterungstermin kritisiert. In der Mitteilung hei\u00dft es: \u201eDer Termin ist alles andere als b\u00fcrgerfreundlich: Wer kann schon an einem Dienstagvormittag zu einer Er\u00f6rterung kommen \u2013 die berufst\u00e4tige Bev\u00f6lkerung jedenfalls in der Regel nicht! Offenbar will die Bezirksregierung die Teilnehmerzahl so gering wie m\u00f6glich halten\u201c. Und Udo Buchholz vom Vorstand des BBU bem\u00e4ngelt, dass der Er\u00f6rterungstermin nicht in Ahaus sondern in Legden durchgef\u00fchrt wird:<br>\u201eSo werden viele der hauptbetroffenen Ahauserinnen und Ahauser nicht oder nur eingeschr\u00e4nkt an der Er\u00f6rterung teilnehmen k\u00f6nnen.\u201c<\/p>\n\n\n\n<p><strong>Vorbereitungstreffen in Ahaus<\/strong><\/p>\n\n\n\n<p>Die B\u00fcrgerinitiative \u201eKein Atomm\u00fcll in Ahaus\u201c ruft trotz der Hemmnisse alle Einwenderinnen und Einwender, die es zeitlich erm\u00f6glichen k\u00f6nnen, zur Teilnahme an der Er\u00f6rterung auf. Zur Vorbereitung auf den Termin l\u00e4dt die B\u00fcrgerinitiative zu einem Treffen in Ahaus am Montag, dem 27. Mai, 20 Uhr, in der Gastst\u00e4tte \u201eAm Schulzenbusch\u201c ein. Um den bevorstehenden Er\u00f6rterungstermin ging es auch beim Sonntagsprotest der B\u00fcrgerinitiative am 19. Mai in Ahaus, an dem sich rund 30 besorgte Personen beteiligt haben.<\/p>\n\n\n\n<p>Wer eventuell nicht mehr genau wei\u00df, ob er \/ sie einen Einspruch gegen die l\u00e4ngere Lagerdauer unterschrieben und eingereicht hat, sollte das fr\u00fchzeitig mit der Bezirksregierung M\u00fcnster kl\u00e4ren. Wer an dem Vorbereitungstreffen der B\u00fcrgerinitiative nicht teilnehmen kann, kann sich unabh\u00e4ngig von dem Vorbereitungstermin mit der B\u00fcrgerinitiative in Verbindung setzen. Und wer aus Zeitmangel nicht an der Er\u00f6rterung teilnehmen kann, kann eine Vertretung zur Teilnahme bevollm\u00e4chtigen.<\/p>\n\n\n\n<p>Weitere Informationen zum Atomm\u00fclllager in Ahaus, zu drohenden Castor-Atomm\u00fclltransporten nach Ahaus und zu weiteren Aspekten des weiten Themenfeldes \u201eAtomm\u00fcll\u201c unter:  &nbsp; &nbsp;<\/p>\n\n\n\n<ul class=\"wp-block-list\"><li><a href=\"https:\/\/www.bi-ahaus.de\" target=\"_blank\" rel=\"noopener\">https:\/\/www.bi-ahaus.de<\/a>, <\/li><li><a href=\"https:\/\/ahauser-erklaerung.de\" target=\"_blank\" rel=\"noopener\">https:\/\/ahauser-erklaerung.de<\/a>,<\/li><li><a href=\"https:\/\/atommuell-protest.de\" target=\"_blank\" rel=\"noopener\">https:\/\/atommuell-protest.de<\/a>,<\/li><\/ul>\n\n\n\n<ul class=\"wp-block-list\"><li><a href=\"https:\/\/ag-schacht-konrad.de\" target=\"_blank\" rel=\"noopener\">https:\/\/ag-schacht-konrad.de<\/a>, <a href=\"https:\/\/www.bi-luechow-dannenberg.de\" target=\"_blank\" rel=\"noopener\">https:\/\/www.bi-luechow-dannenberg.de<\/a>,<\/li><li><a href=\"https:\/\/www.atommuellreport.de\" target=\"_blank\" rel=\"noopener\">https:\/\/www.atommuellreport.de<\/a>, <a href=\"http:\/\/www.atommuellkonferenz.de\" target=\"_blank\" rel=\"noopener\">http:\/\/www.atommuellkonferenz.de<\/a>,<\/li><li><a href=\"https:\/\/bbu-online.de\" target=\"_blank\" rel=\"noopener\">https:\/\/bbu-online.de<\/a><\/li><\/ul>\n\n\n\n<div class=\"wp-block-image\"><figure class=\"alignleft is-resized\"><img loading=\"lazy\" decoding=\"async\" src=\"https:\/\/www.umweltaktivisten.de\/wp-content\/uploads\/2017\/07\/BBU_Aktionslogo_198x198px1.png\" alt=\"\" class=\"wp-image-2271\" width=\"164\" height=\"164\" srcset=\"https:\/\/www.umweltaktivisten.de\/wp-content\/uploads\/2017\/07\/BBU_Aktionslogo_198x198px1.png 198w, https:\/\/www.umweltaktivisten.de\/wp-content\/uploads\/2017\/07\/BBU_Aktionslogo_198x198px1-150x150.png 150w\" sizes=\"auto, (max-width: 164px) 100vw, 164px\" \/><\/figure><\/div>\n\n\n\n<p><\/p>\n\n\n\n<p>  (BBU-Pressemitteilung) <\/p>\n\n\n\n<p><\/p>\n\n\n\n<p><\/p>\n\n\n\n<p><\/p>\n\n\n\n<p><\/p>\n\n\n\n<p><br><\/p>\n","protected":false},"excerpt":{"rendered":"<p>L\u00e4ngere Lagerfrist f\u00fcr schwach- und mittelradioaktiven Atomm\u00fcll in Ahaus? Er\u00f6rterungstermin ab 4. Juni in Legden! Der Bundesverband B\u00fcrgerinitiativen Umweltschutz (BBU) weist darauf hin, dass am 4. Juni 2019 (ein Dienstag) in Legden bei Ahaus (Kreis Borken) ein Er\u00f6rterungstermin beginnt, bei dem es um das Atomm\u00fclllager in Ahaus geht. Konkreter Anlass\u2026<\/p>\n<p class=\"continue-reading-button\"> <a class=\"continue-reading-link\" href=\"https:\/\/www.umweltaktivisten.de\/index.php\/2019\/05\/27\/laengere-lagerfrist-fuer-atommuell-in-ahaus\/\">weiter &#8230;<i class=\"crycon-right-dir\"><\/i><\/a><\/p>\n","protected":false},"author":1,"featured_media":2276,"comment_status":"closed","ping_status":"closed","sticky":false,"template":"","format":"standard","meta":{"footnotes":""},"categories":[1,21,35],"tags":[188,265],"class_list":["post-3505","post","type-post","status-publish","format-standard","has-post-thumbnail","hentry","category-allgemein","category-atom","category-pressemitteilungen","tag-bbu","tag-bi-ahaus"],"yoast_head":"<!-- This site is optimized with the Yoast SEO plugin v27.5 - https:\/\/yoast.com\/product\/yoast-seo-wordpress\/ -->\n<title>L\u00e4ngere Lagerfrist f\u00fcr Atomm\u00fcll in Ahaus? - umweltaktivisten.de<\/title>\n<meta name=\"description\" content=\"L\u00e4ngere Lagerfrist f\u00fcr schwach- und mittelradioaktiven Atomm\u00fcll in Ahaus? Er\u00f6rterungstermin ab 4. Juni in Legden. Aktuelle Lagerfrist l\u00e4uft Juli 2020 aus.\" \/>\n<meta name=\"robots\" content=\"index, nofollow, max-snippet:-1, max-image-preview:large, max-video-preview:-1\" \/>\n<link rel=\"canonical\" href=\"https:\/\/www.umweltaktivisten.de\/index.php\/2019\/05\/27\/laengere-lagerfrist-fuer-atommuell-in-ahaus\/\" \/>\n<meta property=\"og:locale\" content=\"de_DE\" \/>\n<meta property=\"og:type\" content=\"article\" \/>\n<meta property=\"og:title\" content=\"L\u00e4ngere Lagerfrist f\u00fcr Atomm\u00fcll in Ahaus? - umweltaktivisten.de\" \/>\n<meta property=\"og:description\" content=\"L\u00e4ngere Lagerfrist f\u00fcr schwach- und mittelradioaktiven Atomm\u00fcll in Ahaus? Er\u00f6rterungstermin ab 4. Juni in Legden. Aktuelle Lagerfrist l\u00e4uft Juli 2020 aus.\" \/>\n<meta property=\"og:url\" content=\"https:\/\/www.umweltaktivisten.de\/index.php\/2019\/05\/27\/laengere-lagerfrist-fuer-atommuell-in-ahaus\/\" \/>\n<meta property=\"og:site_name\" content=\"umweltaktivisten.de\" \/>\n<meta property=\"article:published_time\" content=\"2019-05-27T20:25:52+00:00\" \/>\n<meta property=\"article:modified_time\" content=\"2019-05-27T21:00:30+00:00\" \/>\n<meta property=\"og:image\" content=\"https:\/\/www.umweltaktivisten.de\/wp-content\/uploads\/2017\/07\/web2_bykst_Tonne.png\" \/>\n\t<meta property=\"og:image:width\" content=\"355\" \/>\n\t<meta property=\"og:image:height\" content=\"200\" \/>\n\t<meta property=\"og:image:type\" content=\"image\/png\" \/>\n<meta name=\"author\" content=\"marita\" \/>\n<meta name=\"twitter:card\" content=\"summary_large_image\" \/>\n<meta name=\"twitter:label1\" content=\"Verfasst von\" \/>\n\t<meta name=\"twitter:data1\" content=\"marita\" \/>\n\t<meta name=\"twitter:label2\" content=\"Gesch\u00e4tzte Lesezeit\" \/>\n\t<meta name=\"twitter:data2\" content=\"3\u00a0Minuten\" \/>\n<script type=\"application\/ld+json\" class=\"yoast-schema-graph\">{\"@context\":\"https:\\\/\\\/schema.org\",\"@graph\":[{\"@type\":\"Article\",\"@id\":\"https:\\\/\\\/www.umweltaktivisten.de\\\/index.php\\\/2019\\\/05\\\/27\\\/laengere-lagerfrist-fuer-atommuell-in-ahaus\\\/#article\",\"isPartOf\":{\"@id\":\"https:\\\/\\\/www.umweltaktivisten.de\\\/index.php\\\/2019\\\/05\\\/27\\\/laengere-lagerfrist-fuer-atommuell-in-ahaus\\\/\"},\"author\":{\"name\":\"marita\",\"@id\":\"https:\\\/\\\/www.umweltaktivisten.de\\\/#\\\/schema\\\/person\\\/af601319cc34a906612869cf3b4fd51a\"},\"headline\":\"L\u00e4ngere Lagerfrist f\u00fcr Atomm\u00fcll in Ahaus?\",\"datePublished\":\"2019-05-27T20:25:52+00:00\",\"dateModified\":\"2019-05-27T21:00:30+00:00\",\"mainEntityOfPage\":{\"@id\":\"https:\\\/\\\/www.umweltaktivisten.de\\\/index.php\\\/2019\\\/05\\\/27\\\/laengere-lagerfrist-fuer-atommuell-in-ahaus\\\/\"},\"wordCount\":613,\"image\":{\"@id\":\"https:\\\/\\\/www.umweltaktivisten.de\\\/index.php\\\/2019\\\/05\\\/27\\\/laengere-lagerfrist-fuer-atommuell-in-ahaus\\\/#primaryimage\"},\"thumbnailUrl\":\"https:\\\/\\\/www.umweltaktivisten.de\\\/wp-content\\\/uploads\\\/2017\\\/07\\\/web2_bykst_Tonne.png\",\"keywords\":[\"BBU\",\"BI Ahaus\"],\"articleSection\":{\"1\":\"Atom\",\"2\":\"Pressemitteilungen\"},\"inLanguage\":\"de\"},{\"@type\":\"WebPage\",\"@id\":\"https:\\\/\\\/www.umweltaktivisten.de\\\/index.php\\\/2019\\\/05\\\/27\\\/laengere-lagerfrist-fuer-atommuell-in-ahaus\\\/\",\"url\":\"https:\\\/\\\/www.umweltaktivisten.de\\\/index.php\\\/2019\\\/05\\\/27\\\/laengere-lagerfrist-fuer-atommuell-in-ahaus\\\/\",\"name\":\"L\u00e4ngere Lagerfrist f\u00fcr Atomm\u00fcll in Ahaus? - umweltaktivisten.de\",\"isPartOf\":{\"@id\":\"https:\\\/\\\/www.umweltaktivisten.de\\\/#website\"},\"primaryImageOfPage\":{\"@id\":\"https:\\\/\\\/www.umweltaktivisten.de\\\/index.php\\\/2019\\\/05\\\/27\\\/laengere-lagerfrist-fuer-atommuell-in-ahaus\\\/#primaryimage\"},\"image\":{\"@id\":\"https:\\\/\\\/www.umweltaktivisten.de\\\/index.php\\\/2019\\\/05\\\/27\\\/laengere-lagerfrist-fuer-atommuell-in-ahaus\\\/#primaryimage\"},\"thumbnailUrl\":\"https:\\\/\\\/www.umweltaktivisten.de\\\/wp-content\\\/uploads\\\/2017\\\/07\\\/web2_bykst_Tonne.png\",\"datePublished\":\"2019-05-27T20:25:52+00:00\",\"dateModified\":\"2019-05-27T21:00:30+00:00\",\"author\":{\"@id\":\"https:\\\/\\\/www.umweltaktivisten.de\\\/#\\\/schema\\\/person\\\/af601319cc34a906612869cf3b4fd51a\"},\"description\":\"L\u00e4ngere Lagerfrist f\u00fcr schwach- und mittelradioaktiven Atomm\u00fcll in Ahaus? Er\u00f6rterungstermin ab 4. Juni in Legden. Aktuelle Lagerfrist l\u00e4uft Juli 2020 aus.\",\"breadcrumb\":{\"@id\":\"https:\\\/\\\/www.umweltaktivisten.de\\\/index.php\\\/2019\\\/05\\\/27\\\/laengere-lagerfrist-fuer-atommuell-in-ahaus\\\/#breadcrumb\"},\"inLanguage\":\"de\",\"potentialAction\":[{\"@type\":\"ReadAction\",\"target\":[\"https:\\\/\\\/www.umweltaktivisten.de\\\/index.php\\\/2019\\\/05\\\/27\\\/laengere-lagerfrist-fuer-atommuell-in-ahaus\\\/\"]}]},{\"@type\":\"ImageObject\",\"inLanguage\":\"de\",\"@id\":\"https:\\\/\\\/www.umweltaktivisten.de\\\/index.php\\\/2019\\\/05\\\/27\\\/laengere-lagerfrist-fuer-atommuell-in-ahaus\\\/#primaryimage\",\"url\":\"https:\\\/\\\/www.umweltaktivisten.de\\\/wp-content\\\/uploads\\\/2017\\\/07\\\/web2_bykst_Tonne.png\",\"contentUrl\":\"https:\\\/\\\/www.umweltaktivisten.de\\\/wp-content\\\/uploads\\\/2017\\\/07\\\/web2_bykst_Tonne.png\",\"width\":355,\"height\":200,\"caption\":\"Foto: pixabay\"},{\"@type\":\"BreadcrumbList\",\"@id\":\"https:\\\/\\\/www.umweltaktivisten.de\\\/index.php\\\/2019\\\/05\\\/27\\\/laengere-lagerfrist-fuer-atommuell-in-ahaus\\\/#breadcrumb\",\"itemListElement\":[{\"@type\":\"ListItem\",\"position\":1,\"name\":\"Home\",\"item\":\"https:\\\/\\\/www.umweltaktivisten.de\\\/\"},{\"@type\":\"ListItem\",\"position\":2,\"name\":\"L\u00e4ngere Lagerfrist f\u00fcr Atomm\u00fcll in Ahaus?\"}]},{\"@type\":\"WebSite\",\"@id\":\"https:\\\/\\\/www.umweltaktivisten.de\\\/#website\",\"url\":\"https:\\\/\\\/www.umweltaktivisten.de\\\/\",\"name\":\"umweltaktivisten.de\",\"description\":\"&quot;Wir haben die Erde nur von unseren Kindern geborgt&quot;\",\"potentialAction\":[{\"@type\":\"SearchAction\",\"target\":{\"@type\":\"EntryPoint\",\"urlTemplate\":\"https:\\\/\\\/www.umweltaktivisten.de\\\/?s={search_term_string}\"},\"query-input\":{\"@type\":\"PropertyValueSpecification\",\"valueRequired\":true,\"valueName\":\"search_term_string\"}}],\"inLanguage\":\"de\"},{\"@type\":\"Person\",\"@id\":\"https:\\\/\\\/www.umweltaktivisten.de\\\/#\\\/schema\\\/person\\\/af601319cc34a906612869cf3b4fd51a\",\"name\":\"marita\",\"url\":\"https:\\\/\\\/www.umweltaktivisten.de\\\/author\\\/marita\\\/\"}]}<\/script>\n<!-- \/ Yoast SEO plugin. -->","yoast_head_json":{"title":"L\u00e4ngere Lagerfrist f\u00fcr Atomm\u00fcll in Ahaus? - umweltaktivisten.de","description":"L\u00e4ngere Lagerfrist f\u00fcr schwach- und mittelradioaktiven Atomm\u00fcll in Ahaus? Er\u00f6rterungstermin ab 4. Juni in Legden. Aktuelle Lagerfrist l\u00e4uft Juli 2020 aus.","robots":{"index":"index","follow":"nofollow","max-snippet":"max-snippet:-1","max-image-preview":"max-image-preview:large","max-video-preview":"max-video-preview:-1"},"canonical":"https:\/\/www.umweltaktivisten.de\/index.php\/2019\/05\/27\/laengere-lagerfrist-fuer-atommuell-in-ahaus\/","og_locale":"de_DE","og_type":"article","og_title":"L\u00e4ngere Lagerfrist f\u00fcr Atomm\u00fcll in Ahaus? - umweltaktivisten.de","og_description":"L\u00e4ngere Lagerfrist f\u00fcr schwach- und mittelradioaktiven Atomm\u00fcll in Ahaus? Er\u00f6rterungstermin ab 4. Juni in Legden. Aktuelle Lagerfrist l\u00e4uft Juli 2020 aus.","og_url":"https:\/\/www.umweltaktivisten.de\/index.php\/2019\/05\/27\/laengere-lagerfrist-fuer-atommuell-in-ahaus\/","og_site_name":"umweltaktivisten.de","article_published_time":"2019-05-27T20:25:52+00:00","article_modified_time":"2019-05-27T21:00:30+00:00","og_image":[{"width":355,"height":200,"url":"https:\/\/www.umweltaktivisten.de\/wp-content\/uploads\/2017\/07\/web2_bykst_Tonne.png","type":"image\/png"}],"author":"marita","twitter_card":"summary_large_image","twitter_misc":{"Verfasst von":"marita","Gesch\u00e4tzte Lesezeit":"3\u00a0Minuten"},"schema":{"@context":"https:\/\/schema.org","@graph":[{"@type":"Article","@id":"https:\/\/www.umweltaktivisten.de\/index.php\/2019\/05\/27\/laengere-lagerfrist-fuer-atommuell-in-ahaus\/#article","isPartOf":{"@id":"https:\/\/www.umweltaktivisten.de\/index.php\/2019\/05\/27\/laengere-lagerfrist-fuer-atommuell-in-ahaus\/"},"author":{"name":"marita","@id":"https:\/\/www.umweltaktivisten.de\/#\/schema\/person\/af601319cc34a906612869cf3b4fd51a"},"headline":"L\u00e4ngere Lagerfrist f\u00fcr Atomm\u00fcll in Ahaus?","datePublished":"2019-05-27T20:25:52+00:00","dateModified":"2019-05-27T21:00:30+00:00","mainEntityOfPage":{"@id":"https:\/\/www.umweltaktivisten.de\/index.php\/2019\/05\/27\/laengere-lagerfrist-fuer-atommuell-in-ahaus\/"},"wordCount":613,"image":{"@id":"https:\/\/www.umweltaktivisten.de\/index.php\/2019\/05\/27\/laengere-lagerfrist-fuer-atommuell-in-ahaus\/#primaryimage"},"thumbnailUrl":"https:\/\/www.umweltaktivisten.de\/wp-content\/uploads\/2017\/07\/web2_bykst_Tonne.png","keywords":["BBU","BI Ahaus"],"articleSection":{"1":"Atom","2":"Pressemitteilungen"},"inLanguage":"de"},{"@type":"WebPage","@id":"https:\/\/www.umweltaktivisten.de\/index.php\/2019\/05\/27\/laengere-lagerfrist-fuer-atommuell-in-ahaus\/","url":"https:\/\/www.umweltaktivisten.de\/index.php\/2019\/05\/27\/laengere-lagerfrist-fuer-atommuell-in-ahaus\/","name":"L\u00e4ngere Lagerfrist f\u00fcr Atomm\u00fcll in Ahaus? - umweltaktivisten.de","isPartOf":{"@id":"https:\/\/www.umweltaktivisten.de\/#website"},"primaryImageOfPage":{"@id":"https:\/\/www.umweltaktivisten.de\/index.php\/2019\/05\/27\/laengere-lagerfrist-fuer-atommuell-in-ahaus\/#primaryimage"},"image":{"@id":"https:\/\/www.umweltaktivisten.de\/index.php\/2019\/05\/27\/laengere-lagerfrist-fuer-atommuell-in-ahaus\/#primaryimage"},"thumbnailUrl":"https:\/\/www.umweltaktivisten.de\/wp-content\/uploads\/2017\/07\/web2_bykst_Tonne.png","datePublished":"2019-05-27T20:25:52+00:00","dateModified":"2019-05-27T21:00:30+00:00","author":{"@id":"https:\/\/www.umweltaktivisten.de\/#\/schema\/person\/af601319cc34a906612869cf3b4fd51a"},"description":"L\u00e4ngere Lagerfrist f\u00fcr schwach- und mittelradioaktiven Atomm\u00fcll in Ahaus? Er\u00f6rterungstermin ab 4. Juni in Legden. Aktuelle Lagerfrist l\u00e4uft Juli 2020 aus.","breadcrumb":{"@id":"https:\/\/www.umweltaktivisten.de\/index.php\/2019\/05\/27\/laengere-lagerfrist-fuer-atommuell-in-ahaus\/#breadcrumb"},"inLanguage":"de","potentialAction":[{"@type":"ReadAction","target":["https:\/\/www.umweltaktivisten.de\/index.php\/2019\/05\/27\/laengere-lagerfrist-fuer-atommuell-in-ahaus\/"]}]},{"@type":"ImageObject","inLanguage":"de","@id":"https:\/\/www.umweltaktivisten.de\/index.php\/2019\/05\/27\/laengere-lagerfrist-fuer-atommuell-in-ahaus\/#primaryimage","url":"https:\/\/www.umweltaktivisten.de\/wp-content\/uploads\/2017\/07\/web2_bykst_Tonne.png","contentUrl":"https:\/\/www.umweltaktivisten.de\/wp-content\/uploads\/2017\/07\/web2_bykst_Tonne.png","width":355,"height":200,"caption":"Foto: pixabay"},{"@type":"BreadcrumbList","@id":"https:\/\/www.umweltaktivisten.de\/index.php\/2019\/05\/27\/laengere-lagerfrist-fuer-atommuell-in-ahaus\/#breadcrumb","itemListElement":[{"@type":"ListItem","position":1,"name":"Home","item":"https:\/\/www.umweltaktivisten.de\/"},{"@type":"ListItem","position":2,"name":"L\u00e4ngere Lagerfrist f\u00fcr Atomm\u00fcll in Ahaus?"}]},{"@type":"WebSite","@id":"https:\/\/www.umweltaktivisten.de\/#website","url":"https:\/\/www.umweltaktivisten.de\/","name":"umweltaktivisten.de","description":"&quot;Wir haben die Erde nur von unseren Kindern geborgt&quot;","potentialAction":[{"@type":"SearchAction","target":{"@type":"EntryPoint","urlTemplate":"https:\/\/www.umweltaktivisten.de\/?s={search_term_string}"},"query-input":{"@type":"PropertyValueSpecification","valueRequired":true,"valueName":"search_term_string"}}],"inLanguage":"de"},{"@type":"Person","@id":"https:\/\/www.umweltaktivisten.de\/#\/schema\/person\/af601319cc34a906612869cf3b4fd51a","name":"marita","url":"https:\/\/www.umweltaktivisten.de\/author\/marita\/"}]}},"_links":{"self":[{"href":"https:\/\/www.umweltaktivisten.de\/index.php\/wp-json\/wp\/v2\/posts\/3505","targetHints":{"allow":["GET"]}}],"collection":[{"href":"https:\/\/www.umweltaktivisten.de\/index.php\/wp-json\/wp\/v2\/posts"}],"about":[{"href":"https:\/\/www.umweltaktivisten.de\/index.php\/wp-json\/wp\/v2\/types\/post"}],"author":[{"embeddable":true,"href":"https:\/\/www.umweltaktivisten.de\/index.php\/wp-json\/wp\/v2\/users\/1"}],"replies":[{"embeddable":true,"href":"https:\/\/www.umweltaktivisten.de\/index.php\/wp-json\/wp\/v2\/comments?post=3505"}],"version-history":[{"count":15,"href":"https:\/\/www.umweltaktivisten.de\/index.php\/wp-json\/wp\/v2\/posts\/3505\/revisions"}],"predecessor-version":[{"id":3524,"href":"https:\/\/www.umweltaktivisten.de\/index.php\/wp-json\/wp\/v2\/posts\/3505\/revisions\/3524"}],"wp:featuredmedia":[{"embeddable":true,"href":"https:\/\/www.umweltaktivisten.de\/index.php\/wp-json\/wp\/v2\/media\/2276"}],"wp:attachment":[{"href":"https:\/\/www.umweltaktivisten.de\/index.php\/wp-json\/wp\/v2\/media?parent=3505"}],"wp:term":[{"taxonomy":"category","embeddable":true,"href":"https:\/\/www.umweltaktivisten.de\/index.php\/wp-json\/wp\/v2\/categories?post=3505"},{"taxonomy":"post_tag","embeddable":true,"href":"https:\/\/www.umweltaktivisten.de\/index.php\/wp-json\/wp\/v2\/tags?post=3505"}],"curies":[{"name":"wp","href":"https:\/\/api.w.org\/{rel}","templated":true}]}}