{"id":3438,"date":"2019-05-10T22:40:37","date_gmt":"2019-05-10T20:40:37","guid":{"rendered":"http:\/\/www.umweltaktivisten.de\/?p=3438"},"modified":"2019-05-10T23:52:20","modified_gmt":"2019-05-10T21:52:20","slug":"sonntag-12-mai-fuenf-jahre-waldspaziergaenge-am-hambacher-wald","status":"publish","type":"post","link":"https:\/\/www.umweltaktivisten.de\/index.php\/2019\/05\/10\/sonntag-12-mai-fuenf-jahre-waldspaziergaenge-am-hambacher-wald\/","title":{"rendered":"Sonntag, 12. Mai, f\u00fcnf Jahre Waldspazierg\u00e4nge am Hambacher Wald"},"content":{"rendered":"\n<figure class=\"wp-block-image\"><img loading=\"lazy\" decoding=\"async\" width=\"1024\" height=\"683\" src=\"https:\/\/www.umweltaktivisten.de\/wp-content\/uploads\/2016\/10\/Banner-Braunkohle-1024x683.jpg\" alt=\"\" class=\"wp-image-1478\" srcset=\"https:\/\/www.umweltaktivisten.de\/wp-content\/uploads\/2016\/10\/Banner-Braunkohle-1024x683.jpg 1024w, https:\/\/www.umweltaktivisten.de\/wp-content\/uploads\/2016\/10\/Banner-Braunkohle-300x200.jpg 300w, https:\/\/www.umweltaktivisten.de\/wp-content\/uploads\/2016\/10\/Banner-Braunkohle-150x100.jpg 150w\" sizes=\"auto, (max-width: 1024px) 100vw, 1024px\" \/><\/figure>\n\n\n\n<h4 class=\"wp-block-heading\"><strong>F\u00fcnf  Jahre Waldspaziergang hei\u00dft auch: Sonntag, 12. Mai, 12 Uhr, Wald  statt Kohle und Aktion Rote Linie &#8211; Rettet den Hambacher Wald!<br><\/strong><\/h4>\n\n\n\n<p>Liebe Wald- und Natursch\u00fctzerInnen, PressevertreterInnen, liebe Mitmenschen, drei Tage nach dem 60. monatlichen Waldspaziergang, ab sofort mobilisieren wir f\u00fcr <strong>Sonntag, 12. Mai, Muttertag, Wald statt Kohle &#8211; f\u00fcnf Jahre Waldspazierg\u00e4nge am Hambacher Wald.<\/strong><\/p>\n\n\n\n<p><strong>Sei die Rote Linie! Be the Red Line! Sois la Ligne Rouge!<\/strong><\/p>\n\n\n\n<p><strong>Es ist dringender denn je&#8230;<br><\/strong><\/p>\n\n\n\n<figure class=\"wp-block-embed-facebook wp-block-embed is-type-rich is-provider-facebook\"><div class=\"wp-block-embed__wrapper\">\n<div id=\"fb-root\"><\/div><script async=\"1\" defer=\"1\" crossorigin=\"anonymous\" src=\"https:\/\/connect.facebook.net\/de_DE\/sdk.js#xfbml=1&amp;version=v3.2\"><\/script><div class=\"fb-post\" data-href=\"https:\/\/www.facebook.com\/BuirerFuerBuir\/photos\/pcb.1331901566958756\/1331900476958865\/?type=3&amp;theater\" data-width=\"750\"><blockquote cite=\"https:\/\/www.facebook.com\/BuirerFuerBuir\/photos\/a.123427271139531\/1331900476958865\/?type=3\" class=\"fb-xfbml-parse-ignore\">Gepostet von <a href=\"https:\/\/www.facebook.com\/BuirerFuerBuir\/\" target=\"_blank\" rel=\"noopener\">Initiative &quot;Buirer f\u00fcr Buir&quot;<\/a> am&nbsp;<a href=\"https:\/\/www.facebook.com\/BuirerFuerBuir\/photos\/a.123427271139531\/1331900476958865\/?type=3\" target=\"_blank\" rel=\"noopener\">Montag, 15. April 2019<\/a><\/blockquote><\/div>\n<\/div><\/figure>\n\n\n\n<p>380\n gro\u00dfe und kleine Menschen waren am vergangenen Sonntag dabei und \nkonnten sich vor Ort ansehen, wie gegen jede Vernunft und gegen alle \n\u00f6ffentlichen Beteuerungen t\u00e4glich neue unumkehrbare Tatsachen geschaffen\n werden. Diesmal in Morschenich, wo immer noch etwa ein Viertel der \nurspr\u00fcnglichen Bewohner leben. Hier hat RWE mit massivem \nMaschineneinsatz dutzende von G\u00e4rten verw\u00fcstet, H\u00e4user besch\u00e4digt, der \nl\u00e4ndlichen Idylle an vielen Stellen ein Ende gemacht. Und das in einem \nOrt, der niemals mehr &#8222;bergbaulich in Anspruch&#8220; genommen wird. Man will \ndie verbliebenen Menschen vertreiben, das Leben vor Ort unertr\u00e4glich \nmachen.<br><\/p>\n\n\n\n<p>Am \nHambacher Wald konnten sich Wanderer und Pressevertreter am Sonntag \n\u00fcberzeugen, welches perfide Spiel auch hier gerade gespielt wird. <br><\/p>\n\n\n\n<p><strong>R\u00fcckblende:<\/strong><br><\/p>\n\n\n\n<p><strong><em>Kohlekommission im Januar: &#8222;der Erhalt des Hambacher Waldes ist w\u00fcnschenswert&#8220;.<\/em><\/strong><br><\/p>\n\n\n\n<p><strong><em>28. Januar 2019\/WAZ: &#8222;RWE pr\u00fcft nach Kohlekompromiss Erhalt des Hambacher Forsts&#8220;.<\/em><\/strong><\/p>\n\n\n\n<p><strong><em>Im\n NRW-Landtag hat Ministerpr\u00e4sident Laschet einen Rodungsstopp f\u00fcr den \nHambacher Forst bis 2020 verk\u00fcndet. Auch er w\u00fcnsche einen Erhalt des \nWaldes. WDR, 20. Februar<br><\/em><\/strong><\/p>\n\n\n\n<p><strong><em>NRW-Ministerpr\u00e4sident\n Armin Laschet (CDU) verk\u00fcndete eine Zusage von RWE, bis 2020 keine \nRodungsarbeiten im Hambacher Forst durchzuf\u00fchren. WDR, 20. Februar<\/em><\/strong><br><\/p>\n\n\n\n<p>Das\n alles klingt gut. Aber jetzt hat RWE wohl einen Weg gefunden, den \nHambacher Wald endg\u00fcltig zu vernichten, ohne zu roden. Die Bagger kommen\n n\u00e4her und n\u00e4her, fressen sich unaufh\u00f6rlich Richtung Waldrand. Aktuell \nist die Trasse der alten A4 \u00fcberschritten, das Schaufelrad eines Baggers\n ist nur noch knapp 150 Meter von den B\u00e4umen entfernt. So wird das \n\u00dcberleben des Waldes immer schwieriger, das wenige Wasser wird dem Boden\n entzogen. Die B\u00f6schung r\u00fcckt n\u00e4her, die Gefahr von Erdrutschen w\u00e4chst. <strong>Und auf Nachfrage von Journalisten erkl\u00e4ren RWE-Gespr\u00e4chspartner sinngem\u00e4\u00df: \u201cwir baggern bis zu den Wurzeln der B\u00e4ume&#8230;\u201d<\/strong><br><\/p>\n\n\n\n<p>Das\n ist ein Skandal, wir fordern ein sofortiges Einschreiten von \nPolitikern, Gerichten, Umweltverb\u00e4nden. So werden die Beschl\u00fcsse der \nKommission in Berlin zur Makulatur, so wird die \u00d6ffentlichkeit belogen \nund betrogen.<\/p>\n\n\n\n<p><strong>Herr\n Laschet, Frau Merkel, Frau Schulze, sprechen Sie ein Machtwort, weisen \nSie diesen Konzern in die Schranken, lassen Sie nicht zu, dass RWE \nweiter Gerichtsurteile missachtet, eine Region spaltet und fortgesetzt \nauf Kosten kommender Generationen unsere Lebensgrundlagen vernichtet.<\/strong><br><\/p>\n\n\n\n<p>Wir setzen auf Ihr sofortiges Eingreifen. Machen Sie der Zerst\u00f6rung von Wald und D\u00f6rfern ein Ende.<\/p>\n\n\n\n<p>Wir werden weiter Zeichen setzen, die Bewegung f\u00fcr den Kohleausstieg und gegen den Klimawandel ist nicht zu stoppen!<br><\/p>\n\n\n\n<p><strong>Bitte  alles mitbringen, was rot ist. Rote Kleidung, rote B\u00e4nder, rote T\u00fccher,  Decken, M\u00fctzen, Schals, Luftballons, Stirnb\u00e4nder, Halst\u00fccher,  Bildbotschaften&#8230; Zwischen 13 und 15 Uhr steht und bewegt sich die  Rote Linie am Waldrand, nah an den Baggern, an der alten A4 zwischen der  Rodungskante und dem Tagebau, un\u00fcbersehbar, eindrucksvoll, fotogen&#8230;  viel Presse wird dabei sein, nutzen wir diese Chance, unser Anliegen  abermals laut und deutlich klarzumachen:<\/strong><\/p>\n\n\n\n<p><strong>Rettet den Hambacher Wald!!!<\/strong><\/p>\n\n\n\n<p>Treffpunkt 11.30 Uhr in Morschenich, weitere Infos folgen bald&#8230;<br><\/p>\n\n\n\n<p><strong>Zufall? &#8211; am Abend des 12. Mai gibt es in M\u00fcnchen die Welt-Urauff\u00fchrung des Kinofilms<\/strong><\/p>\n\n\n\n<h4 class=\"wp-block-heading\">DIE ROTE LINIE &#8211; Widerstand im Hambacher Forst&nbsp; Ab 23. Mai bundesweit im Kino!<\/h4>\n\n\n\n<figure class=\"wp-block-embed-vimeo wp-block-embed is-type-video is-provider-vimeo wp-embed-aspect-16-9 wp-has-aspect-ratio\"><div class=\"wp-block-embed__wrapper\">\n<iframe loading=\"lazy\" src=\"https:\/\/player.vimeo.com\/video\/326283560?dnt=1&#038;app_id=122963\" width=\"900\" height=\"506\" frameborder=\"0\" title=\"DIE ROTE LINIE - Widerstand im Hambacher Forst - Teaser - Ab 23. Mai im Kino!\" allow=\"autoplay; fullscreen\" allowfullscreen><\/iframe>\n<\/div><\/figure>\n\n\n\n<p><\/p>\n\n\n\n<p><strong>Das f\u00fcr den Moment, bald mehr, <br>DANKE f\u00fcr die Unterst\u00fctzung, Michael Zobel.<br>Naturf\u00fchrer und Waldp\u00e4dagoge<\/strong><br><a rel=\"noreferrer noopener\" aria-label=\" (\u00f6ffnet in neuem Tab)\" href=\"http:\/\/www.naturfuehrung.com\" target=\"_blank\">www.naturfuehrung.com<\/a><br><a href=\"mailto:info@zobel-natur.de\">info@zobel-natur.de<\/a><br>Quelle: Michael Zobel<br><\/p>\n","protected":false},"excerpt":{"rendered":"<p>F\u00fcnf Jahre Waldspaziergang hei\u00dft auch: Sonntag, 12. Mai, 12 Uhr, Wald statt Kohle und Aktion Rote Linie &#8211; Rettet den Hambacher Wald! Liebe Wald- und Natursch\u00fctzerInnen, PressevertreterInnen, liebe Mitmenschen, drei Tage nach dem 60. monatlichen Waldspaziergang, ab sofort mobilisieren wir f\u00fcr Sonntag, 12. Mai, Muttertag, Wald statt Kohle &#8211; f\u00fcnf\u2026<\/p>\n<p class=\"continue-reading-button\"> <a class=\"continue-reading-link\" href=\"https:\/\/www.umweltaktivisten.de\/index.php\/2019\/05\/10\/sonntag-12-mai-fuenf-jahre-waldspaziergaenge-am-hambacher-wald\/\">weiter &#8230;<i class=\"crycon-right-dir\"><\/i><\/a><\/p>\n","protected":false},"author":1,"featured_media":2963,"comment_status":"closed","ping_status":"closed","sticky":false,"template":"","format":"standard","meta":{"footnotes":""},"categories":[1],"tags":[],"class_list":["post-3438","post","type-post","status-publish","format-standard","has-post-thumbnail","hentry","category-allgemein"],"yoast_head":"<!-- This site is optimized with the Yoast SEO plugin v27.5 - https:\/\/yoast.com\/product\/yoast-seo-wordpress\/ -->\n<title>Sonntag, 12. Mai, f\u00fcnf Jahre Waldspazierg\u00e4nge am Hambacher Wald - umweltaktivisten.de<\/title>\n<meta name=\"description\" content=\"F\u00fcnf Jahre Waldspaziergang hei\u00dft auch: Sonntag, 12. Mai, 12 Uhr, Wald statt Kohle und Aktion Rote Linie - Rettet den Hambacher Wald!\" \/>\n<meta name=\"robots\" content=\"index, nofollow, max-snippet:-1, max-image-preview:large, max-video-preview:-1\" \/>\n<link rel=\"canonical\" href=\"https:\/\/www.umweltaktivisten.de\/index.php\/2019\/05\/10\/sonntag-12-mai-fuenf-jahre-waldspaziergaenge-am-hambacher-wald\/\" \/>\n<meta property=\"og:locale\" content=\"de_DE\" \/>\n<meta property=\"og:type\" content=\"article\" \/>\n<meta property=\"og:title\" content=\"Sonntag, 12. Mai, f\u00fcnf Jahre Waldspazierg\u00e4nge am Hambacher Wald - umweltaktivisten.de\" \/>\n<meta property=\"og:description\" content=\"F\u00fcnf Jahre Waldspaziergang hei\u00dft auch: Sonntag, 12. Mai, 12 Uhr, Wald statt Kohle und Aktion Rote Linie - Rettet den Hambacher Wald!\" \/>\n<meta property=\"og:url\" content=\"https:\/\/www.umweltaktivisten.de\/index.php\/2019\/05\/10\/sonntag-12-mai-fuenf-jahre-waldspaziergaenge-am-hambacher-wald\/\" \/>\n<meta property=\"og:site_name\" content=\"umweltaktivisten.de\" \/>\n<meta property=\"article:published_time\" content=\"2019-05-10T20:40:37+00:00\" \/>\n<meta property=\"article:modified_time\" content=\"2019-05-10T21:52:20+00:00\" \/>\n<meta property=\"og:image\" content=\"https:\/\/www.umweltaktivisten.de\/wp-content\/uploads\/2018\/09\/HambacherForstBleibt_w.jpg\" \/>\n\t<meta property=\"og:image:width\" content=\"200\" \/>\n\t<meta property=\"og:image:height\" content=\"290\" \/>\n\t<meta property=\"og:image:type\" content=\"image\/jpeg\" \/>\n<meta name=\"author\" content=\"marita\" \/>\n<meta name=\"twitter:card\" content=\"summary_large_image\" \/>\n<meta name=\"twitter:label1\" content=\"Verfasst von\" \/>\n\t<meta name=\"twitter:data1\" content=\"marita\" \/>\n\t<meta name=\"twitter:label2\" content=\"Gesch\u00e4tzte Lesezeit\" \/>\n\t<meta name=\"twitter:data2\" content=\"3\u00a0Minuten\" \/>\n<script type=\"application\/ld+json\" class=\"yoast-schema-graph\">{\"@context\":\"https:\\\/\\\/schema.org\",\"@graph\":[{\"@type\":\"Article\",\"@id\":\"https:\\\/\\\/www.umweltaktivisten.de\\\/index.php\\\/2019\\\/05\\\/10\\\/sonntag-12-mai-fuenf-jahre-waldspaziergaenge-am-hambacher-wald\\\/#article\",\"isPartOf\":{\"@id\":\"https:\\\/\\\/www.umweltaktivisten.de\\\/index.php\\\/2019\\\/05\\\/10\\\/sonntag-12-mai-fuenf-jahre-waldspaziergaenge-am-hambacher-wald\\\/\"},\"author\":{\"name\":\"marita\",\"@id\":\"https:\\\/\\\/www.umweltaktivisten.de\\\/#\\\/schema\\\/person\\\/af601319cc34a906612869cf3b4fd51a\"},\"headline\":\"Sonntag, 12. Mai, f\u00fcnf Jahre Waldspazierg\u00e4nge am Hambacher Wald\",\"datePublished\":\"2019-05-10T20:40:37+00:00\",\"dateModified\":\"2019-05-10T21:52:20+00:00\",\"mainEntityOfPage\":{\"@id\":\"https:\\\/\\\/www.umweltaktivisten.de\\\/index.php\\\/2019\\\/05\\\/10\\\/sonntag-12-mai-fuenf-jahre-waldspaziergaenge-am-hambacher-wald\\\/\"},\"wordCount\":649,\"image\":{\"@id\":\"https:\\\/\\\/www.umweltaktivisten.de\\\/index.php\\\/2019\\\/05\\\/10\\\/sonntag-12-mai-fuenf-jahre-waldspaziergaenge-am-hambacher-wald\\\/#primaryimage\"},\"thumbnailUrl\":\"https:\\\/\\\/www.umweltaktivisten.de\\\/wp-content\\\/uploads\\\/2018\\\/09\\\/HambacherForstBleibt_w.jpg\",\"inLanguage\":\"de\"},{\"@type\":\"WebPage\",\"@id\":\"https:\\\/\\\/www.umweltaktivisten.de\\\/index.php\\\/2019\\\/05\\\/10\\\/sonntag-12-mai-fuenf-jahre-waldspaziergaenge-am-hambacher-wald\\\/\",\"url\":\"https:\\\/\\\/www.umweltaktivisten.de\\\/index.php\\\/2019\\\/05\\\/10\\\/sonntag-12-mai-fuenf-jahre-waldspaziergaenge-am-hambacher-wald\\\/\",\"name\":\"Sonntag, 12. Mai, f\u00fcnf Jahre Waldspazierg\u00e4nge am Hambacher Wald - umweltaktivisten.de\",\"isPartOf\":{\"@id\":\"https:\\\/\\\/www.umweltaktivisten.de\\\/#website\"},\"primaryImageOfPage\":{\"@id\":\"https:\\\/\\\/www.umweltaktivisten.de\\\/index.php\\\/2019\\\/05\\\/10\\\/sonntag-12-mai-fuenf-jahre-waldspaziergaenge-am-hambacher-wald\\\/#primaryimage\"},\"image\":{\"@id\":\"https:\\\/\\\/www.umweltaktivisten.de\\\/index.php\\\/2019\\\/05\\\/10\\\/sonntag-12-mai-fuenf-jahre-waldspaziergaenge-am-hambacher-wald\\\/#primaryimage\"},\"thumbnailUrl\":\"https:\\\/\\\/www.umweltaktivisten.de\\\/wp-content\\\/uploads\\\/2018\\\/09\\\/HambacherForstBleibt_w.jpg\",\"datePublished\":\"2019-05-10T20:40:37+00:00\",\"dateModified\":\"2019-05-10T21:52:20+00:00\",\"author\":{\"@id\":\"https:\\\/\\\/www.umweltaktivisten.de\\\/#\\\/schema\\\/person\\\/af601319cc34a906612869cf3b4fd51a\"},\"description\":\"F\u00fcnf Jahre Waldspaziergang hei\u00dft auch: Sonntag, 12. Mai, 12 Uhr, Wald statt Kohle und Aktion Rote Linie - Rettet den Hambacher Wald!\",\"breadcrumb\":{\"@id\":\"https:\\\/\\\/www.umweltaktivisten.de\\\/index.php\\\/2019\\\/05\\\/10\\\/sonntag-12-mai-fuenf-jahre-waldspaziergaenge-am-hambacher-wald\\\/#breadcrumb\"},\"inLanguage\":\"de\",\"potentialAction\":[{\"@type\":\"ReadAction\",\"target\":[\"https:\\\/\\\/www.umweltaktivisten.de\\\/index.php\\\/2019\\\/05\\\/10\\\/sonntag-12-mai-fuenf-jahre-waldspaziergaenge-am-hambacher-wald\\\/\"]}]},{\"@type\":\"ImageObject\",\"inLanguage\":\"de\",\"@id\":\"https:\\\/\\\/www.umweltaktivisten.de\\\/index.php\\\/2019\\\/05\\\/10\\\/sonntag-12-mai-fuenf-jahre-waldspaziergaenge-am-hambacher-wald\\\/#primaryimage\",\"url\":\"https:\\\/\\\/www.umweltaktivisten.de\\\/wp-content\\\/uploads\\\/2018\\\/09\\\/HambacherForstBleibt_w.jpg\",\"contentUrl\":\"https:\\\/\\\/www.umweltaktivisten.de\\\/wp-content\\\/uploads\\\/2018\\\/09\\\/HambacherForstBleibt_w.jpg\",\"width\":200,\"height\":290},{\"@type\":\"BreadcrumbList\",\"@id\":\"https:\\\/\\\/www.umweltaktivisten.de\\\/index.php\\\/2019\\\/05\\\/10\\\/sonntag-12-mai-fuenf-jahre-waldspaziergaenge-am-hambacher-wald\\\/#breadcrumb\",\"itemListElement\":[{\"@type\":\"ListItem\",\"position\":1,\"name\":\"Home\",\"item\":\"https:\\\/\\\/www.umweltaktivisten.de\\\/\"},{\"@type\":\"ListItem\",\"position\":2,\"name\":\"Sonntag, 12. Mai, f\u00fcnf Jahre Waldspazierg\u00e4nge am Hambacher Wald\"}]},{\"@type\":\"WebSite\",\"@id\":\"https:\\\/\\\/www.umweltaktivisten.de\\\/#website\",\"url\":\"https:\\\/\\\/www.umweltaktivisten.de\\\/\",\"name\":\"umweltaktivisten.de\",\"description\":\"&quot;Wir haben die Erde nur von unseren Kindern geborgt&quot;\",\"potentialAction\":[{\"@type\":\"SearchAction\",\"target\":{\"@type\":\"EntryPoint\",\"urlTemplate\":\"https:\\\/\\\/www.umweltaktivisten.de\\\/?s={search_term_string}\"},\"query-input\":{\"@type\":\"PropertyValueSpecification\",\"valueRequired\":true,\"valueName\":\"search_term_string\"}}],\"inLanguage\":\"de\"},{\"@type\":\"Person\",\"@id\":\"https:\\\/\\\/www.umweltaktivisten.de\\\/#\\\/schema\\\/person\\\/af601319cc34a906612869cf3b4fd51a\",\"name\":\"marita\",\"url\":\"https:\\\/\\\/www.umweltaktivisten.de\\\/author\\\/marita\\\/\"}]}<\/script>\n<!-- \/ Yoast SEO plugin. -->","yoast_head_json":{"title":"Sonntag, 12. Mai, f\u00fcnf Jahre Waldspazierg\u00e4nge am Hambacher Wald - umweltaktivisten.de","description":"F\u00fcnf Jahre Waldspaziergang hei\u00dft auch: Sonntag, 12. Mai, 12 Uhr, Wald statt Kohle und Aktion Rote Linie - Rettet den Hambacher Wald!","robots":{"index":"index","follow":"nofollow","max-snippet":"max-snippet:-1","max-image-preview":"max-image-preview:large","max-video-preview":"max-video-preview:-1"},"canonical":"https:\/\/www.umweltaktivisten.de\/index.php\/2019\/05\/10\/sonntag-12-mai-fuenf-jahre-waldspaziergaenge-am-hambacher-wald\/","og_locale":"de_DE","og_type":"article","og_title":"Sonntag, 12. Mai, f\u00fcnf Jahre Waldspazierg\u00e4nge am Hambacher Wald - umweltaktivisten.de","og_description":"F\u00fcnf Jahre Waldspaziergang hei\u00dft auch: Sonntag, 12. Mai, 12 Uhr, Wald statt Kohle und Aktion Rote Linie - Rettet den Hambacher Wald!","og_url":"https:\/\/www.umweltaktivisten.de\/index.php\/2019\/05\/10\/sonntag-12-mai-fuenf-jahre-waldspaziergaenge-am-hambacher-wald\/","og_site_name":"umweltaktivisten.de","article_published_time":"2019-05-10T20:40:37+00:00","article_modified_time":"2019-05-10T21:52:20+00:00","og_image":[{"width":200,"height":290,"url":"https:\/\/www.umweltaktivisten.de\/wp-content\/uploads\/2018\/09\/HambacherForstBleibt_w.jpg","type":"image\/jpeg"}],"author":"marita","twitter_card":"summary_large_image","twitter_misc":{"Verfasst von":"marita","Gesch\u00e4tzte Lesezeit":"3\u00a0Minuten"},"schema":{"@context":"https:\/\/schema.org","@graph":[{"@type":"Article","@id":"https:\/\/www.umweltaktivisten.de\/index.php\/2019\/05\/10\/sonntag-12-mai-fuenf-jahre-waldspaziergaenge-am-hambacher-wald\/#article","isPartOf":{"@id":"https:\/\/www.umweltaktivisten.de\/index.php\/2019\/05\/10\/sonntag-12-mai-fuenf-jahre-waldspaziergaenge-am-hambacher-wald\/"},"author":{"name":"marita","@id":"https:\/\/www.umweltaktivisten.de\/#\/schema\/person\/af601319cc34a906612869cf3b4fd51a"},"headline":"Sonntag, 12. Mai, f\u00fcnf Jahre Waldspazierg\u00e4nge am Hambacher Wald","datePublished":"2019-05-10T20:40:37+00:00","dateModified":"2019-05-10T21:52:20+00:00","mainEntityOfPage":{"@id":"https:\/\/www.umweltaktivisten.de\/index.php\/2019\/05\/10\/sonntag-12-mai-fuenf-jahre-waldspaziergaenge-am-hambacher-wald\/"},"wordCount":649,"image":{"@id":"https:\/\/www.umweltaktivisten.de\/index.php\/2019\/05\/10\/sonntag-12-mai-fuenf-jahre-waldspaziergaenge-am-hambacher-wald\/#primaryimage"},"thumbnailUrl":"https:\/\/www.umweltaktivisten.de\/wp-content\/uploads\/2018\/09\/HambacherForstBleibt_w.jpg","inLanguage":"de"},{"@type":"WebPage","@id":"https:\/\/www.umweltaktivisten.de\/index.php\/2019\/05\/10\/sonntag-12-mai-fuenf-jahre-waldspaziergaenge-am-hambacher-wald\/","url":"https:\/\/www.umweltaktivisten.de\/index.php\/2019\/05\/10\/sonntag-12-mai-fuenf-jahre-waldspaziergaenge-am-hambacher-wald\/","name":"Sonntag, 12. Mai, f\u00fcnf Jahre Waldspazierg\u00e4nge am Hambacher Wald - umweltaktivisten.de","isPartOf":{"@id":"https:\/\/www.umweltaktivisten.de\/#website"},"primaryImageOfPage":{"@id":"https:\/\/www.umweltaktivisten.de\/index.php\/2019\/05\/10\/sonntag-12-mai-fuenf-jahre-waldspaziergaenge-am-hambacher-wald\/#primaryimage"},"image":{"@id":"https:\/\/www.umweltaktivisten.de\/index.php\/2019\/05\/10\/sonntag-12-mai-fuenf-jahre-waldspaziergaenge-am-hambacher-wald\/#primaryimage"},"thumbnailUrl":"https:\/\/www.umweltaktivisten.de\/wp-content\/uploads\/2018\/09\/HambacherForstBleibt_w.jpg","datePublished":"2019-05-10T20:40:37+00:00","dateModified":"2019-05-10T21:52:20+00:00","author":{"@id":"https:\/\/www.umweltaktivisten.de\/#\/schema\/person\/af601319cc34a906612869cf3b4fd51a"},"description":"F\u00fcnf Jahre Waldspaziergang hei\u00dft auch: Sonntag, 12. Mai, 12 Uhr, Wald statt Kohle und Aktion Rote Linie - Rettet den Hambacher Wald!","breadcrumb":{"@id":"https:\/\/www.umweltaktivisten.de\/index.php\/2019\/05\/10\/sonntag-12-mai-fuenf-jahre-waldspaziergaenge-am-hambacher-wald\/#breadcrumb"},"inLanguage":"de","potentialAction":[{"@type":"ReadAction","target":["https:\/\/www.umweltaktivisten.de\/index.php\/2019\/05\/10\/sonntag-12-mai-fuenf-jahre-waldspaziergaenge-am-hambacher-wald\/"]}]},{"@type":"ImageObject","inLanguage":"de","@id":"https:\/\/www.umweltaktivisten.de\/index.php\/2019\/05\/10\/sonntag-12-mai-fuenf-jahre-waldspaziergaenge-am-hambacher-wald\/#primaryimage","url":"https:\/\/www.umweltaktivisten.de\/wp-content\/uploads\/2018\/09\/HambacherForstBleibt_w.jpg","contentUrl":"https:\/\/www.umweltaktivisten.de\/wp-content\/uploads\/2018\/09\/HambacherForstBleibt_w.jpg","width":200,"height":290},{"@type":"BreadcrumbList","@id":"https:\/\/www.umweltaktivisten.de\/index.php\/2019\/05\/10\/sonntag-12-mai-fuenf-jahre-waldspaziergaenge-am-hambacher-wald\/#breadcrumb","itemListElement":[{"@type":"ListItem","position":1,"name":"Home","item":"https:\/\/www.umweltaktivisten.de\/"},{"@type":"ListItem","position":2,"name":"Sonntag, 12. Mai, f\u00fcnf Jahre Waldspazierg\u00e4nge am Hambacher Wald"}]},{"@type":"WebSite","@id":"https:\/\/www.umweltaktivisten.de\/#website","url":"https:\/\/www.umweltaktivisten.de\/","name":"umweltaktivisten.de","description":"&quot;Wir haben die Erde nur von unseren Kindern geborgt&quot;","potentialAction":[{"@type":"SearchAction","target":{"@type":"EntryPoint","urlTemplate":"https:\/\/www.umweltaktivisten.de\/?s={search_term_string}"},"query-input":{"@type":"PropertyValueSpecification","valueRequired":true,"valueName":"search_term_string"}}],"inLanguage":"de"},{"@type":"Person","@id":"https:\/\/www.umweltaktivisten.de\/#\/schema\/person\/af601319cc34a906612869cf3b4fd51a","name":"marita","url":"https:\/\/www.umweltaktivisten.de\/author\/marita\/"}]}},"_links":{"self":[{"href":"https:\/\/www.umweltaktivisten.de\/index.php\/wp-json\/wp\/v2\/posts\/3438","targetHints":{"allow":["GET"]}}],"collection":[{"href":"https:\/\/www.umweltaktivisten.de\/index.php\/wp-json\/wp\/v2\/posts"}],"about":[{"href":"https:\/\/www.umweltaktivisten.de\/index.php\/wp-json\/wp\/v2\/types\/post"}],"author":[{"embeddable":true,"href":"https:\/\/www.umweltaktivisten.de\/index.php\/wp-json\/wp\/v2\/users\/1"}],"replies":[{"embeddable":true,"href":"https:\/\/www.umweltaktivisten.de\/index.php\/wp-json\/wp\/v2\/comments?post=3438"}],"version-history":[{"count":5,"href":"https:\/\/www.umweltaktivisten.de\/index.php\/wp-json\/wp\/v2\/posts\/3438\/revisions"}],"predecessor-version":[{"id":3471,"href":"https:\/\/www.umweltaktivisten.de\/index.php\/wp-json\/wp\/v2\/posts\/3438\/revisions\/3471"}],"wp:featuredmedia":[{"embeddable":true,"href":"https:\/\/www.umweltaktivisten.de\/index.php\/wp-json\/wp\/v2\/media\/2963"}],"wp:attachment":[{"href":"https:\/\/www.umweltaktivisten.de\/index.php\/wp-json\/wp\/v2\/media?parent=3438"}],"wp:term":[{"taxonomy":"category","embeddable":true,"href":"https:\/\/www.umweltaktivisten.de\/index.php\/wp-json\/wp\/v2\/categories?post=3438"},{"taxonomy":"post_tag","embeddable":true,"href":"https:\/\/www.umweltaktivisten.de\/index.php\/wp-json\/wp\/v2\/tags?post=3438"}],"curies":[{"name":"wp","href":"https:\/\/api.w.org\/{rel}","templated":true}]}}