{"id":3241,"date":"2019-03-09T22:29:29","date_gmt":"2019-03-09T21:29:29","guid":{"rendered":"http:\/\/www.umweltaktivisten.de\/?p=3241"},"modified":"2019-03-13T20:31:00","modified_gmt":"2019-03-13T19:31:00","slug":"1-400-menschen-demonstrieren-in-ahaus-atommuell-zwischenlager-duerfen-keine-endloslager-werden","status":"publish","type":"post","link":"https:\/\/www.umweltaktivisten.de\/index.php\/2019\/03\/09\/1-400-menschen-demonstrieren-in-ahaus-atommuell-zwischenlager-duerfen-keine-endloslager-werden\/","title":{"rendered":"1.400 Menschen demonstrieren in Ahaus: Atomm\u00fcll-Zwischenlager d\u00fcrfen keine Endloslager werden!"},"content":{"rendered":"\n<figure class=\"wp-block-image\"><img loading=\"lazy\" decoding=\"async\" width=\"1024\" height=\"681\" src=\"https:\/\/www.umweltaktivisten.de\/wp-content\/uploads\/2019\/03\/DSC_0183-1024x681.jpg\" alt=\"\" class=\"wp-image-3249\" srcset=\"https:\/\/www.umweltaktivisten.de\/wp-content\/uploads\/2019\/03\/DSC_0183-1024x681.jpg 1024w, https:\/\/www.umweltaktivisten.de\/wp-content\/uploads\/2019\/03\/DSC_0183-300x199.jpg 300w, https:\/\/www.umweltaktivisten.de\/wp-content\/uploads\/2019\/03\/DSC_0183-768x511.jpg 768w, https:\/\/www.umweltaktivisten.de\/wp-content\/uploads\/2019\/03\/DSC_0183-150x100.jpg 150w\" sizes=\"auto, (max-width: 1024px) 100vw, 1024px\" \/><figcaption>Foto: atommuell-protest.de<\/figcaption><\/figure>\n\n\n\n<p><strong>Mit einem Demo-Zug durch die Ahauser Innenstadt und der Aufstellung  von gelben X-en und schwarzen Fahnen am Zwischenlager Ahaus  protestierten 1400 Menschen gegen die Zwischenlager-Politik der  Bundesregierung und f\u00fcr einen sofortigen Atomausstieg.<\/strong><\/p>\n\n\n\n<p>Die Organisatoren der Demonstration fordern, geplante \nCastor-Transporte aus Garching und J\u00fclich nach Ahaus zu stoppen und die \nErrichtung m\u00f6glichst sicherer Zwischenlager an den beiden Standorten. \nMit der Demonstration erinnerten sie au\u00dferdem an die Katastrophe von \nFukushima, die vor 8 Jahren einmal mehr verdeutlich hat, dass die mit \nder Nutzung der Atomenergie verbundenen Risiken nicht beherrschbar sind.\n Neben solidarischen Gr\u00fc\u00dfen an japanische AtomkraftgegnerInnen, dr\u00fcckten\n die DemonstrantInnen auch ihre Solidarit\u00e4t mit der russischen \nUmwelt-Organisation Ecodefense aus, deren Aktivist Vladimier Sliviak auf\n der Demo \u00fcber j\u00fcngste russische Repressionen berichtete.<\/p>\n\n\n\n<figure class=\"wp-block-image\"><img loading=\"lazy\" decoding=\"async\" width=\"1024\" height=\"678\" src=\"https:\/\/www.umweltaktivisten.de\/wp-content\/uploads\/2019\/03\/Ahaus-23-1024x678.jpg\" alt=\"\" class=\"wp-image-3250\" srcset=\"https:\/\/www.umweltaktivisten.de\/wp-content\/uploads\/2019\/03\/Ahaus-23-1024x678.jpg 1024w, https:\/\/www.umweltaktivisten.de\/wp-content\/uploads\/2019\/03\/Ahaus-23-300x199.jpg 300w, https:\/\/www.umweltaktivisten.de\/wp-content\/uploads\/2019\/03\/Ahaus-23-768x509.jpg 768w, https:\/\/www.umweltaktivisten.de\/wp-content\/uploads\/2019\/03\/Ahaus-23-150x99.jpg 150w\" sizes=\"auto, (max-width: 1024px) 100vw, 1024px\" \/><figcaption>Foto: atommuell-protest.de<\/figcaption><\/figure>\n\n\n\n<p>An der Demo beteiligten sich auch 80 Landwirte aus Ahaus und Umgebung mit ihren Traktoren.<\/p>\n\n\n\n<blockquote class=\"wp-block-quote is-layout-flow wp-block-quote-is-layout-flow\"><p>\u201eAus J\u00fclich sollen 152 Castoren mit M\u00fcll aus dem  Versuchsreaktor AVR nach Ahaus kommen. Niemand wei\u00df genau, was da drin  ist, weil die Dokumentation L\u00fccken aufweist\u201c, erkl\u00e4rt Marita Boslar vom  Aktionsb\u00fcndnis \u201aStop Westcastor\u2018. \u201eStatt Transporten nach Ahaus oder in  die USA fordern wir die Lagerung und die langfristig n\u00f6tige Umverpackung  vor Ort in J\u00fclich. Genau das wird aber vom Forschungszentrum J\u00fclich und  den zust\u00e4ndigen Ministerien torpediert, indem k\u00fcrzlich die Zusage f\u00fcr  das Baugrundst\u00fcck nach sechs Jahren zur\u00fcckgezogen wurde\u201c, so Boslar  weiter.<\/p><p>\u201eDer Forschungsreaktor Garching produziert seit 2004 waffenf\u00e4higen  Atomm\u00fcll mit hoher Anreicherung. Jetzt ist das Abklingecken fast voll\u201c,  erkl\u00e4rt Dr. Hauke Doerk vom Umweltinstitut M\u00fcnchen. \u201eAnstelle von  riskanten Transporten nach Ahaus w\u00e4re es besser, den M\u00fcll direkt in  Garching zu entsch\u00e4rfen. Die Technische Universit\u00e4t M\u00fcnchen muss als  Betreiberin jetzt ein Verfahren zur Uran-Verd\u00fcnnung entwickeln und ein  sicheres Zwischenlager in Garching bauen\u201c, so Doerk weiter.<\/p><p>\u201eWir lehnen weitere Atomtransporte nach Ahaus ab. F\u00fcr eine  Endlos-Zwischenlagerung sind weder die Geb\u00e4ude noch die eingelagerten  Beh\u00e4lter geeignet. Die Geb\u00e4ude entsprechen schon jetzt nicht mehr dem  Stand von Wissenschaft und Technik.\u201c erkl\u00e4rt Hartmut Liebermann von der  B\u00fcrgerinitiative \u2018Kein Atomm\u00fclll in Ahaus e.V.\u2018. \u201eTrotzdem wollen die  Bundesregierung und die zust\u00e4ndigen \u00c4mter einfach so weitermachen: Als  T\u00fcr\u00f6ffner wurde nun f\u00fcr Ahaus die Verl\u00e4ngerung der Zwischenlagerung von  schwach- und mittelradioaktivem M\u00fcll bis zum Jahr 2057 beantragt. Wir  brauchen stattdessen ein neues und sicheres Konzept f\u00fcr die  Langzeit-Zwischenlagerung\u201c, so Liebermann weiter.<\/p><p>(PM)<\/p><\/blockquote>\n\n\n\n<figure class=\"wp-block-image\"><img loading=\"lazy\" decoding=\"async\" width=\"1024\" height=\"576\" src=\"https:\/\/www.umweltaktivisten.de\/wp-content\/uploads\/2019\/03\/signal-attachment-2019-03-09-122823-1024x576.jpeg\" alt=\"\" class=\"wp-image-3251\" srcset=\"https:\/\/www.umweltaktivisten.de\/wp-content\/uploads\/2019\/03\/signal-attachment-2019-03-09-122823-1024x576.jpeg 1024w, https:\/\/www.umweltaktivisten.de\/wp-content\/uploads\/2019\/03\/signal-attachment-2019-03-09-122823-300x169.jpeg 300w, https:\/\/www.umweltaktivisten.de\/wp-content\/uploads\/2019\/03\/signal-attachment-2019-03-09-122823-768x432.jpeg 768w, https:\/\/www.umweltaktivisten.de\/wp-content\/uploads\/2019\/03\/signal-attachment-2019-03-09-122823-150x84.jpeg 150w\" sizes=\"auto, (max-width: 1024px) 100vw, 1024px\" \/><\/figure>\n\n\n<h5 style=\"text-align: left;\"><a href=\"https:\/\/www.umweltaktivisten.de\/wp-content\/uploads\/2019\/03\/Rede-Entwurf-Ahaus-Demo-9_3-2.pdf\">Rede Marita Boslar: Ahaus Demo 9. M\u00e4rz\u00a0 (Entwurf)<\/a><\/h5>\n<p>\u00a0<\/p>\n\n\n<figure class=\"wp-block-embed-youtube wp-block-embed is-type-video is-provider-youtube wp-embed-aspect-16-9 wp-has-aspect-ratio\"><div class=\"wp-block-embed__wrapper\">\n<iframe loading=\"lazy\" width=\"900\" height=\"506\" src=\"https:\/\/www.youtube.com\/embed\/XS8rJadSW6M?feature=oembed\" frameborder=\"0\" allow=\"accelerometer; autoplay; encrypted-media; gyroscope; picture-in-picture\" allowfullscreen><\/iframe>\n<\/div><\/figure>\n\n\n\n<p><\/p>\n","protected":false},"excerpt":{"rendered":"<p>Mit einem Demo-Zug durch die Ahauser Innenstadt und der Aufstellung von gelben X-en und schwarzen Fahnen am Zwischenlager Ahaus protestierten 1400 Menschen gegen die Zwischenlager-Politik der Bundesregierung und f\u00fcr einen sofortigen Atomausstieg. Die Organisatoren der Demonstration fordern, geplante Castor-Transporte aus Garching und J\u00fclich nach Ahaus zu stoppen und die Errichtung\u2026<\/p>\n<p class=\"continue-reading-button\"> <a class=\"continue-reading-link\" href=\"https:\/\/www.umweltaktivisten.de\/index.php\/2019\/03\/09\/1-400-menschen-demonstrieren-in-ahaus-atommuell-zwischenlager-duerfen-keine-endloslager-werden\/\">weiter &#8230;<i class=\"crycon-right-dir\"><\/i><\/a><\/p>\n","protected":false},"author":1,"featured_media":1632,"comment_status":"closed","ping_status":"closed","sticky":false,"template":"","format":"standard","meta":{"footnotes":""},"categories":[1],"tags":[159,71],"class_list":["post-3241","post","type-post","status-publish","format-standard","has-post-thumbnail","hentry","category-allgemein","tag-ahaus-juelich","tag-demo"],"yoast_head":"<!-- This site is optimized with the Yoast SEO plugin v27.5 - https:\/\/yoast.com\/product\/yoast-seo-wordpress\/ -->\n<title>1.400 Menschen demonstrieren in Ahaus: Atomm\u00fcll-Zwischenlager d\u00fcrfen keine Endloslager werden! - umweltaktivisten.de<\/title>\n<meta name=\"robots\" content=\"index, follow, max-snippet:-1, max-image-preview:large, max-video-preview:-1\" \/>\n<link rel=\"canonical\" href=\"https:\/\/www.umweltaktivisten.de\/index.php\/2019\/03\/09\/1-400-menschen-demonstrieren-in-ahaus-atommuell-zwischenlager-duerfen-keine-endloslager-werden\/\" \/>\n<meta property=\"og:locale\" content=\"de_DE\" \/>\n<meta property=\"og:type\" content=\"article\" \/>\n<meta property=\"og:title\" content=\"1.400 Menschen demonstrieren in Ahaus: Atomm\u00fcll-Zwischenlager d\u00fcrfen keine Endloslager werden! - umweltaktivisten.de\" \/>\n<meta property=\"og:description\" content=\"Mit einem Demo-Zug durch die Ahauser Innenstadt und der Aufstellung von gelben X-en und schwarzen Fahnen am Zwischenlager Ahaus protestierten 1400 Menschen gegen die Zwischenlager-Politik der Bundesregierung und f\u00fcr einen sofortigen Atomausstieg. Die Organisatoren der Demonstration fordern, geplante Castor-Transporte aus Garching und J\u00fclich nach Ahaus zu stoppen und die Errichtung\u2026 weiter ...\" \/>\n<meta property=\"og:url\" content=\"https:\/\/www.umweltaktivisten.de\/index.php\/2019\/03\/09\/1-400-menschen-demonstrieren-in-ahaus-atommuell-zwischenlager-duerfen-keine-endloslager-werden\/\" \/>\n<meta property=\"og:site_name\" content=\"umweltaktivisten.de\" \/>\n<meta property=\"article:published_time\" content=\"2019-03-09T21:29:29+00:00\" \/>\n<meta property=\"article:modified_time\" content=\"2019-03-13T19:31:00+00:00\" \/>\n<meta property=\"og:image\" content=\"https:\/\/www.umweltaktivisten.de\/wp-content\/uploads\/2016\/10\/19_11_14bonn21.jpg\" \/>\n\t<meta property=\"og:image:width\" content=\"388\" \/>\n\t<meta property=\"og:image:height\" content=\"200\" \/>\n\t<meta property=\"og:image:type\" content=\"image\/jpeg\" \/>\n<meta name=\"author\" content=\"marita\" \/>\n<meta name=\"twitter:card\" content=\"summary_large_image\" \/>\n<meta name=\"twitter:label1\" content=\"Verfasst von\" \/>\n\t<meta name=\"twitter:data1\" content=\"marita\" \/>\n\t<meta name=\"twitter:label2\" content=\"Gesch\u00e4tzte Lesezeit\" \/>\n\t<meta name=\"twitter:data2\" content=\"2\u00a0Minuten\" \/>\n<script type=\"application\/ld+json\" class=\"yoast-schema-graph\">{\"@context\":\"https:\\\/\\\/schema.org\",\"@graph\":[{\"@type\":\"Article\",\"@id\":\"https:\\\/\\\/www.umweltaktivisten.de\\\/index.php\\\/2019\\\/03\\\/09\\\/1-400-menschen-demonstrieren-in-ahaus-atommuell-zwischenlager-duerfen-keine-endloslager-werden\\\/#article\",\"isPartOf\":{\"@id\":\"https:\\\/\\\/www.umweltaktivisten.de\\\/index.php\\\/2019\\\/03\\\/09\\\/1-400-menschen-demonstrieren-in-ahaus-atommuell-zwischenlager-duerfen-keine-endloslager-werden\\\/\"},\"author\":{\"name\":\"marita\",\"@id\":\"https:\\\/\\\/www.umweltaktivisten.de\\\/#\\\/schema\\\/person\\\/af601319cc34a906612869cf3b4fd51a\"},\"headline\":\"1.400 Menschen demonstrieren in Ahaus: Atomm\u00fcll-Zwischenlager d\u00fcrfen keine Endloslager werden!\",\"datePublished\":\"2019-03-09T21:29:29+00:00\",\"dateModified\":\"2019-03-13T19:31:00+00:00\",\"mainEntityOfPage\":{\"@id\":\"https:\\\/\\\/www.umweltaktivisten.de\\\/index.php\\\/2019\\\/03\\\/09\\\/1-400-menschen-demonstrieren-in-ahaus-atommuell-zwischenlager-duerfen-keine-endloslager-werden\\\/\"},\"wordCount\":437,\"image\":{\"@id\":\"https:\\\/\\\/www.umweltaktivisten.de\\\/index.php\\\/2019\\\/03\\\/09\\\/1-400-menschen-demonstrieren-in-ahaus-atommuell-zwischenlager-duerfen-keine-endloslager-werden\\\/#primaryimage\"},\"thumbnailUrl\":\"https:\\\/\\\/www.umweltaktivisten.de\\\/wp-content\\\/uploads\\\/2016\\\/10\\\/19_11_14bonn21.jpg\",\"keywords\":[\"Ahaus - J\u00fclich\",\"Demo\"],\"inLanguage\":\"de\"},{\"@type\":\"WebPage\",\"@id\":\"https:\\\/\\\/www.umweltaktivisten.de\\\/index.php\\\/2019\\\/03\\\/09\\\/1-400-menschen-demonstrieren-in-ahaus-atommuell-zwischenlager-duerfen-keine-endloslager-werden\\\/\",\"url\":\"https:\\\/\\\/www.umweltaktivisten.de\\\/index.php\\\/2019\\\/03\\\/09\\\/1-400-menschen-demonstrieren-in-ahaus-atommuell-zwischenlager-duerfen-keine-endloslager-werden\\\/\",\"name\":\"1.400 Menschen demonstrieren in Ahaus: Atomm\u00fcll-Zwischenlager d\u00fcrfen keine Endloslager werden! - umweltaktivisten.de\",\"isPartOf\":{\"@id\":\"https:\\\/\\\/www.umweltaktivisten.de\\\/#website\"},\"primaryImageOfPage\":{\"@id\":\"https:\\\/\\\/www.umweltaktivisten.de\\\/index.php\\\/2019\\\/03\\\/09\\\/1-400-menschen-demonstrieren-in-ahaus-atommuell-zwischenlager-duerfen-keine-endloslager-werden\\\/#primaryimage\"},\"image\":{\"@id\":\"https:\\\/\\\/www.umweltaktivisten.de\\\/index.php\\\/2019\\\/03\\\/09\\\/1-400-menschen-demonstrieren-in-ahaus-atommuell-zwischenlager-duerfen-keine-endloslager-werden\\\/#primaryimage\"},\"thumbnailUrl\":\"https:\\\/\\\/www.umweltaktivisten.de\\\/wp-content\\\/uploads\\\/2016\\\/10\\\/19_11_14bonn21.jpg\",\"datePublished\":\"2019-03-09T21:29:29+00:00\",\"dateModified\":\"2019-03-13T19:31:00+00:00\",\"author\":{\"@id\":\"https:\\\/\\\/www.umweltaktivisten.de\\\/#\\\/schema\\\/person\\\/af601319cc34a906612869cf3b4fd51a\"},\"breadcrumb\":{\"@id\":\"https:\\\/\\\/www.umweltaktivisten.de\\\/index.php\\\/2019\\\/03\\\/09\\\/1-400-menschen-demonstrieren-in-ahaus-atommuell-zwischenlager-duerfen-keine-endloslager-werden\\\/#breadcrumb\"},\"inLanguage\":\"de\",\"potentialAction\":[{\"@type\":\"ReadAction\",\"target\":[\"https:\\\/\\\/www.umweltaktivisten.de\\\/index.php\\\/2019\\\/03\\\/09\\\/1-400-menschen-demonstrieren-in-ahaus-atommuell-zwischenlager-duerfen-keine-endloslager-werden\\\/\"]}]},{\"@type\":\"ImageObject\",\"inLanguage\":\"de\",\"@id\":\"https:\\\/\\\/www.umweltaktivisten.de\\\/index.php\\\/2019\\\/03\\\/09\\\/1-400-menschen-demonstrieren-in-ahaus-atommuell-zwischenlager-duerfen-keine-endloslager-werden\\\/#primaryimage\",\"url\":\"https:\\\/\\\/www.umweltaktivisten.de\\\/wp-content\\\/uploads\\\/2016\\\/10\\\/19_11_14bonn21.jpg\",\"contentUrl\":\"https:\\\/\\\/www.umweltaktivisten.de\\\/wp-content\\\/uploads\\\/2016\\\/10\\\/19_11_14bonn21.jpg\",\"width\":388,\"height\":200},{\"@type\":\"BreadcrumbList\",\"@id\":\"https:\\\/\\\/www.umweltaktivisten.de\\\/index.php\\\/2019\\\/03\\\/09\\\/1-400-menschen-demonstrieren-in-ahaus-atommuell-zwischenlager-duerfen-keine-endloslager-werden\\\/#breadcrumb\",\"itemListElement\":[{\"@type\":\"ListItem\",\"position\":1,\"name\":\"Home\",\"item\":\"https:\\\/\\\/www.umweltaktivisten.de\\\/\"},{\"@type\":\"ListItem\",\"position\":2,\"name\":\"1.400 Menschen demonstrieren in Ahaus: Atomm\u00fcll-Zwischenlager d\u00fcrfen keine Endloslager werden!\"}]},{\"@type\":\"WebSite\",\"@id\":\"https:\\\/\\\/www.umweltaktivisten.de\\\/#website\",\"url\":\"https:\\\/\\\/www.umweltaktivisten.de\\\/\",\"name\":\"umweltaktivisten.de\",\"description\":\"&quot;Wir haben die Erde nur von unseren Kindern geborgt&quot;\",\"potentialAction\":[{\"@type\":\"SearchAction\",\"target\":{\"@type\":\"EntryPoint\",\"urlTemplate\":\"https:\\\/\\\/www.umweltaktivisten.de\\\/?s={search_term_string}\"},\"query-input\":{\"@type\":\"PropertyValueSpecification\",\"valueRequired\":true,\"valueName\":\"search_term_string\"}}],\"inLanguage\":\"de\"},{\"@type\":\"Person\",\"@id\":\"https:\\\/\\\/www.umweltaktivisten.de\\\/#\\\/schema\\\/person\\\/af601319cc34a906612869cf3b4fd51a\",\"name\":\"marita\",\"url\":\"https:\\\/\\\/www.umweltaktivisten.de\\\/author\\\/marita\\\/\"}]}<\/script>\n<!-- \/ Yoast SEO plugin. -->","yoast_head_json":{"title":"1.400 Menschen demonstrieren in Ahaus: Atomm\u00fcll-Zwischenlager d\u00fcrfen keine Endloslager werden! - umweltaktivisten.de","robots":{"index":"index","follow":"follow","max-snippet":"max-snippet:-1","max-image-preview":"max-image-preview:large","max-video-preview":"max-video-preview:-1"},"canonical":"https:\/\/www.umweltaktivisten.de\/index.php\/2019\/03\/09\/1-400-menschen-demonstrieren-in-ahaus-atommuell-zwischenlager-duerfen-keine-endloslager-werden\/","og_locale":"de_DE","og_type":"article","og_title":"1.400 Menschen demonstrieren in Ahaus: Atomm\u00fcll-Zwischenlager d\u00fcrfen keine Endloslager werden! - umweltaktivisten.de","og_description":"Mit einem Demo-Zug durch die Ahauser Innenstadt und der Aufstellung von gelben X-en und schwarzen Fahnen am Zwischenlager Ahaus protestierten 1400 Menschen gegen die Zwischenlager-Politik der Bundesregierung und f\u00fcr einen sofortigen Atomausstieg. Die Organisatoren der Demonstration fordern, geplante Castor-Transporte aus Garching und J\u00fclich nach Ahaus zu stoppen und die Errichtung\u2026 weiter ...","og_url":"https:\/\/www.umweltaktivisten.de\/index.php\/2019\/03\/09\/1-400-menschen-demonstrieren-in-ahaus-atommuell-zwischenlager-duerfen-keine-endloslager-werden\/","og_site_name":"umweltaktivisten.de","article_published_time":"2019-03-09T21:29:29+00:00","article_modified_time":"2019-03-13T19:31:00+00:00","og_image":[{"width":388,"height":200,"url":"https:\/\/www.umweltaktivisten.de\/wp-content\/uploads\/2016\/10\/19_11_14bonn21.jpg","type":"image\/jpeg"}],"author":"marita","twitter_card":"summary_large_image","twitter_misc":{"Verfasst von":"marita","Gesch\u00e4tzte Lesezeit":"2\u00a0Minuten"},"schema":{"@context":"https:\/\/schema.org","@graph":[{"@type":"Article","@id":"https:\/\/www.umweltaktivisten.de\/index.php\/2019\/03\/09\/1-400-menschen-demonstrieren-in-ahaus-atommuell-zwischenlager-duerfen-keine-endloslager-werden\/#article","isPartOf":{"@id":"https:\/\/www.umweltaktivisten.de\/index.php\/2019\/03\/09\/1-400-menschen-demonstrieren-in-ahaus-atommuell-zwischenlager-duerfen-keine-endloslager-werden\/"},"author":{"name":"marita","@id":"https:\/\/www.umweltaktivisten.de\/#\/schema\/person\/af601319cc34a906612869cf3b4fd51a"},"headline":"1.400 Menschen demonstrieren in Ahaus: Atomm\u00fcll-Zwischenlager d\u00fcrfen keine Endloslager werden!","datePublished":"2019-03-09T21:29:29+00:00","dateModified":"2019-03-13T19:31:00+00:00","mainEntityOfPage":{"@id":"https:\/\/www.umweltaktivisten.de\/index.php\/2019\/03\/09\/1-400-menschen-demonstrieren-in-ahaus-atommuell-zwischenlager-duerfen-keine-endloslager-werden\/"},"wordCount":437,"image":{"@id":"https:\/\/www.umweltaktivisten.de\/index.php\/2019\/03\/09\/1-400-menschen-demonstrieren-in-ahaus-atommuell-zwischenlager-duerfen-keine-endloslager-werden\/#primaryimage"},"thumbnailUrl":"https:\/\/www.umweltaktivisten.de\/wp-content\/uploads\/2016\/10\/19_11_14bonn21.jpg","keywords":["Ahaus - J\u00fclich","Demo"],"inLanguage":"de"},{"@type":"WebPage","@id":"https:\/\/www.umweltaktivisten.de\/index.php\/2019\/03\/09\/1-400-menschen-demonstrieren-in-ahaus-atommuell-zwischenlager-duerfen-keine-endloslager-werden\/","url":"https:\/\/www.umweltaktivisten.de\/index.php\/2019\/03\/09\/1-400-menschen-demonstrieren-in-ahaus-atommuell-zwischenlager-duerfen-keine-endloslager-werden\/","name":"1.400 Menschen demonstrieren in Ahaus: Atomm\u00fcll-Zwischenlager d\u00fcrfen keine Endloslager werden! - umweltaktivisten.de","isPartOf":{"@id":"https:\/\/www.umweltaktivisten.de\/#website"},"primaryImageOfPage":{"@id":"https:\/\/www.umweltaktivisten.de\/index.php\/2019\/03\/09\/1-400-menschen-demonstrieren-in-ahaus-atommuell-zwischenlager-duerfen-keine-endloslager-werden\/#primaryimage"},"image":{"@id":"https:\/\/www.umweltaktivisten.de\/index.php\/2019\/03\/09\/1-400-menschen-demonstrieren-in-ahaus-atommuell-zwischenlager-duerfen-keine-endloslager-werden\/#primaryimage"},"thumbnailUrl":"https:\/\/www.umweltaktivisten.de\/wp-content\/uploads\/2016\/10\/19_11_14bonn21.jpg","datePublished":"2019-03-09T21:29:29+00:00","dateModified":"2019-03-13T19:31:00+00:00","author":{"@id":"https:\/\/www.umweltaktivisten.de\/#\/schema\/person\/af601319cc34a906612869cf3b4fd51a"},"breadcrumb":{"@id":"https:\/\/www.umweltaktivisten.de\/index.php\/2019\/03\/09\/1-400-menschen-demonstrieren-in-ahaus-atommuell-zwischenlager-duerfen-keine-endloslager-werden\/#breadcrumb"},"inLanguage":"de","potentialAction":[{"@type":"ReadAction","target":["https:\/\/www.umweltaktivisten.de\/index.php\/2019\/03\/09\/1-400-menschen-demonstrieren-in-ahaus-atommuell-zwischenlager-duerfen-keine-endloslager-werden\/"]}]},{"@type":"ImageObject","inLanguage":"de","@id":"https:\/\/www.umweltaktivisten.de\/index.php\/2019\/03\/09\/1-400-menschen-demonstrieren-in-ahaus-atommuell-zwischenlager-duerfen-keine-endloslager-werden\/#primaryimage","url":"https:\/\/www.umweltaktivisten.de\/wp-content\/uploads\/2016\/10\/19_11_14bonn21.jpg","contentUrl":"https:\/\/www.umweltaktivisten.de\/wp-content\/uploads\/2016\/10\/19_11_14bonn21.jpg","width":388,"height":200},{"@type":"BreadcrumbList","@id":"https:\/\/www.umweltaktivisten.de\/index.php\/2019\/03\/09\/1-400-menschen-demonstrieren-in-ahaus-atommuell-zwischenlager-duerfen-keine-endloslager-werden\/#breadcrumb","itemListElement":[{"@type":"ListItem","position":1,"name":"Home","item":"https:\/\/www.umweltaktivisten.de\/"},{"@type":"ListItem","position":2,"name":"1.400 Menschen demonstrieren in Ahaus: Atomm\u00fcll-Zwischenlager d\u00fcrfen keine Endloslager werden!"}]},{"@type":"WebSite","@id":"https:\/\/www.umweltaktivisten.de\/#website","url":"https:\/\/www.umweltaktivisten.de\/","name":"umweltaktivisten.de","description":"&quot;Wir haben die Erde nur von unseren Kindern geborgt&quot;","potentialAction":[{"@type":"SearchAction","target":{"@type":"EntryPoint","urlTemplate":"https:\/\/www.umweltaktivisten.de\/?s={search_term_string}"},"query-input":{"@type":"PropertyValueSpecification","valueRequired":true,"valueName":"search_term_string"}}],"inLanguage":"de"},{"@type":"Person","@id":"https:\/\/www.umweltaktivisten.de\/#\/schema\/person\/af601319cc34a906612869cf3b4fd51a","name":"marita","url":"https:\/\/www.umweltaktivisten.de\/author\/marita\/"}]}},"_links":{"self":[{"href":"https:\/\/www.umweltaktivisten.de\/index.php\/wp-json\/wp\/v2\/posts\/3241","targetHints":{"allow":["GET"]}}],"collection":[{"href":"https:\/\/www.umweltaktivisten.de\/index.php\/wp-json\/wp\/v2\/posts"}],"about":[{"href":"https:\/\/www.umweltaktivisten.de\/index.php\/wp-json\/wp\/v2\/types\/post"}],"author":[{"embeddable":true,"href":"https:\/\/www.umweltaktivisten.de\/index.php\/wp-json\/wp\/v2\/users\/1"}],"replies":[{"embeddable":true,"href":"https:\/\/www.umweltaktivisten.de\/index.php\/wp-json\/wp\/v2\/comments?post=3241"}],"version-history":[{"count":12,"href":"https:\/\/www.umweltaktivisten.de\/index.php\/wp-json\/wp\/v2\/posts\/3241\/revisions"}],"predecessor-version":[{"id":3276,"href":"https:\/\/www.umweltaktivisten.de\/index.php\/wp-json\/wp\/v2\/posts\/3241\/revisions\/3276"}],"wp:featuredmedia":[{"embeddable":true,"href":"https:\/\/www.umweltaktivisten.de\/index.php\/wp-json\/wp\/v2\/media\/1632"}],"wp:attachment":[{"href":"https:\/\/www.umweltaktivisten.de\/index.php\/wp-json\/wp\/v2\/media?parent=3241"}],"wp:term":[{"taxonomy":"category","embeddable":true,"href":"https:\/\/www.umweltaktivisten.de\/index.php\/wp-json\/wp\/v2\/categories?post=3241"},{"taxonomy":"post_tag","embeddable":true,"href":"https:\/\/www.umweltaktivisten.de\/index.php\/wp-json\/wp\/v2\/tags?post=3241"}],"curies":[{"name":"wp","href":"https:\/\/api.w.org\/{rel}","templated":true}]}}