{"id":3201,"date":"2019-02-26T22:34:57","date_gmt":"2019-02-26T21:34:57","guid":{"rendered":"http:\/\/www.umweltaktivisten.de\/?p=3201"},"modified":"2019-02-26T22:50:48","modified_gmt":"2019-02-26T21:50:48","slug":"bundesregierung-torpediert-sachgerchte-loesung-fuer-juelicher-atommuell","status":"publish","type":"post","link":"https:\/\/www.umweltaktivisten.de\/index.php\/2019\/02\/26\/bundesregierung-torpediert-sachgerchte-loesung-fuer-juelicher-atommuell\/","title":{"rendered":"Bundesregierung torpediert sachgerechte L\u00f6sung f\u00fcr J\u00fclicher Atomm\u00fcll"},"content":{"rendered":"\n<p><strong>Auch dagegen wird am 9. M\u00e4rz\nin Ahaus demonstiert.<\/strong><\/p>\n\n\n\n<figure class=\"wp-block-image\"><img loading=\"lazy\" decoding=\"async\" width=\"800\" height=\"533\" src=\"https:\/\/www.umweltaktivisten.de\/wp-content\/uploads\/2016\/12\/Castoren-Original-800x600.png\" alt=\"\" class=\"wp-image-1737\" srcset=\"https:\/\/www.umweltaktivisten.de\/wp-content\/uploads\/2016\/12\/Castoren-Original-800x600.png 800w, https:\/\/www.umweltaktivisten.de\/wp-content\/uploads\/2016\/12\/Castoren-Original-800x600-300x200.png 300w, https:\/\/www.umweltaktivisten.de\/wp-content\/uploads\/2016\/12\/Castoren-Original-800x600-150x100.png 150w\" sizes=\"auto, (max-width: 800px) 100vw, 800px\" \/><figcaption>\u00a9 Marita Boslar<\/figcaption><\/figure>\n\n\n\n<p><strong> <\/strong>F\u00fcr den Verbleib der Kugel-Brennelemente des stillgelegten Versuchsreaktor AVR in J\u00fclich werden seit Jahren drei \u201eOptionen\u201c gepr\u00fcft und bearbeitet, weil die bestehende Lagerhalle nicht mehr den Sicherheitsanforderungen entspricht.<strong> Die vern\u00fcnftigste Option w\u00e4re der Bau einer neuen erdbebensicheren Lagerhalle in J\u00fclich. Damit w\u00fcrden aufw\u00e4ndige Transporte vermieden. <\/strong>Au\u00dferdem k\u00f6nnten dort die Betreiber des AVR die defizit\u00e4re Dokumentation der Beh\u00e4lterinhalte korrigieren und die f\u00fcr eine Endlagerung notwendigen Konditionierungstechniken entwickeln.<\/p>\n\n\n\n<p><strong>Bereits im Jahr 2012 war ein Grundst\u00fcck auf dem\nGel\u00e4nde des Forschungszentrums J\u00fclich (FZJ) daf\u00fcr ausgesucht worden. Die mit\nder Entsorgung in J\u00fclich beauftragte Gesellschaft J\u00fclicher\nEntsorgungsgesellschaft mbH (JEN) hatte die f\u00fcr die Nutzung n\u00f6tigen\nUmweltvertr\u00e4glichkeitsuntersuchungen bereits abgeschlossen, ein seismologisches\nGutachten \u00fcber die Eignung des Standortes war im M\u00e4rz 2018 vom Bundesamt f\u00fcr\nEntsorgung (BfE) akzeptiert worden, weitere Arbeiten zur Standortuntersuchungen\nwaren im Gange \u2013 da hat das FZJ im November 2018 die bereits 2012 gemachte\nZusage zur \u00dcberlassung des Grundst\u00fcckes zur\u00fcckgezogen! <\/strong>Bekanntgegeben\nwurde diese Entwicklung durch JEN w\u00e4hrend einer Tagung des Nationalen Begleitgremiums\nam 19. Februar 2019 in J\u00fclich. Zwar will das FZJ \u00fcber die Bereitstellung eines\nneuen Grundst\u00fcckes mit der JEN verhandeln, jedoch m\u00fcssten die genannten\nUntersuchungen dann von neuem beginnen. Dies w\u00fcrde Jahre in Anspruch nehmen,\nwomit der Neubau in J\u00fclich immer unwahrscheinlicher w\u00fcrde. Stattdessen r\u00fccken\nunsinnige Transporte nach Ahaus oder gar in die USA in den Vordergrund. Wer\ntrifft solche abstrusen Entscheidungen?<\/p>\n\n\n\n<p><strong>Akteure in diesem R\u00e4nkespiel sind zu 100 Prozent staatliche Einrichtungen: Gesellschafter des FZJ sind der Bund und das Land NRW, allen voran das Bundesministerium f\u00fcr Bildung und Forschung (BMBF). <\/strong>An der Spitze des<strong> J<\/strong>\u00fclicher Aufsichtsrates steht Dr. Karl Eugen Huthmacher als Vertreter des BMBF. Er hat schon vor Jahren erkl\u00e4rt, dass die Existenz eines Atomm\u00fcll-Lagers dem Image eines modernen Forschungszentrums abtr\u00e4glich sei. Um zu verhindern, dass der AVR-Atomm\u00fcll in J\u00fclich bleibt und die Verantwortlichen f\u00fcr seine Entstehung auch f\u00fcr seine m\u00f6glichst schadlose Entsorgung sorgen, ist dem BMBF offenbar kein Winkelzug zu schade.  Dies ist f\u00fcr uns nicht akzeptabel. Auf der Demonstration am 9. M\u00e4rz in Ahaus wird daher der Widerstand gegen die Machenschaften des FZJ und die geplanten Castor-Transporte aus J\u00fclich, aber auch aus Garching nach Ahaus \u2013 einen zentralen Stellenwert einnehmen. Es geht weiterhin um die drohende Umwandlung der Zwischenlager in Endloslager sowie um die Erinnerung an die Katastrophe von Fukushima. Au\u00dferdem soll der Druck zur Durchsetzung des endg\u00fcltigen Ausstiegs aus der Atomenergie und der Produktion weiteren Atomm\u00fclls verst\u00e4rkt werden. Getragen wird die Aktion von zahlreichen B\u00fcrgerinitiativen und Umweltverb\u00e4nden. <\/p>\n\n\n\n<div class=\"wp-block-image\"><figure class=\"alignleft is-resized\"><img loading=\"lazy\" decoding=\"async\" src=\"https:\/\/www.umweltaktivisten.de\/wp-content\/uploads\/2019\/02\/Banner-w_200.png\" alt=\"\" class=\"wp-image-3198\" width=\"145\" height=\"189\" srcset=\"https:\/\/www.umweltaktivisten.de\/wp-content\/uploads\/2019\/02\/Banner-w_200.png 201w, https:\/\/www.umweltaktivisten.de\/wp-content\/uploads\/2019\/02\/Banner-w_200-115x150.png 115w\" sizes=\"auto, (max-width: 145px) 100vw, 145px\" \/><\/figure><\/div>\n\n\n\n<p>Pressemitteilung: <a rel=\"noreferrer noopener\" aria-label=\"BI &quot;Kein Atomm\u00fcll in Ahaus&quot; (opens in a new tab)\" href=\"https:\/\/atommuell-protest.de\/\" target=\"_blank\">BI &#8222;Kein Atomm\u00fcll in  Ahaus&#8220;<\/a><\/p>\n","protected":false},"excerpt":{"rendered":"<p>Auch dagegen wird am 9. M\u00e4rz in Ahaus demonstiert. F\u00fcr den Verbleib der Kugel-Brennelemente des stillgelegten Versuchsreaktor AVR in J\u00fclich werden seit Jahren drei \u201eOptionen\u201c gepr\u00fcft und bearbeitet, weil die bestehende Lagerhalle nicht mehr den Sicherheitsanforderungen entspricht. Die vern\u00fcnftigste Option w\u00e4re der Bau einer neuen erdbebensicheren Lagerhalle in J\u00fclich. Damit\u2026<\/p>\n<p class=\"continue-reading-button\"> <a class=\"continue-reading-link\" href=\"https:\/\/www.umweltaktivisten.de\/index.php\/2019\/02\/26\/bundesregierung-torpediert-sachgerchte-loesung-fuer-juelicher-atommuell\/\">weiter &#8230;<i class=\"crycon-right-dir\"><\/i><\/a><\/p>\n","protected":false},"author":1,"featured_media":0,"comment_status":"closed","ping_status":"closed","sticky":false,"template":"","format":"standard","meta":{"footnotes":""},"categories":[1],"tags":[],"class_list":["post-3201","post","type-post","status-publish","format-standard","hentry","category-allgemein"],"yoast_head":"<!-- This site is optimized with the Yoast SEO plugin v27.5 - https:\/\/yoast.com\/product\/yoast-seo-wordpress\/ -->\n<title>Bundesregierung torpediert sachgerechte L\u00f6sung f\u00fcr J\u00fclicher Atomm\u00fcll - umweltaktivisten.de<\/title>\n<meta name=\"robots\" content=\"index, follow, max-snippet:-1, max-image-preview:large, max-video-preview:-1\" \/>\n<link rel=\"canonical\" href=\"https:\/\/www.umweltaktivisten.de\/index.php\/2019\/02\/26\/bundesregierung-torpediert-sachgerchte-loesung-fuer-juelicher-atommuell\/\" \/>\n<meta property=\"og:locale\" content=\"de_DE\" \/>\n<meta property=\"og:type\" content=\"article\" \/>\n<meta property=\"og:title\" content=\"Bundesregierung torpediert sachgerechte L\u00f6sung f\u00fcr J\u00fclicher Atomm\u00fcll - umweltaktivisten.de\" \/>\n<meta property=\"og:description\" content=\"Auch dagegen wird am 9. M\u00e4rz in Ahaus demonstiert. F\u00fcr den Verbleib der Kugel-Brennelemente des stillgelegten Versuchsreaktor AVR in J\u00fclich werden seit Jahren drei \u201eOptionen\u201c gepr\u00fcft und bearbeitet, weil die bestehende Lagerhalle nicht mehr den Sicherheitsanforderungen entspricht. Die vern\u00fcnftigste Option w\u00e4re der Bau einer neuen erdbebensicheren Lagerhalle in J\u00fclich. Damit\u2026 weiter ...\" \/>\n<meta property=\"og:url\" content=\"https:\/\/www.umweltaktivisten.de\/index.php\/2019\/02\/26\/bundesregierung-torpediert-sachgerchte-loesung-fuer-juelicher-atommuell\/\" \/>\n<meta property=\"og:site_name\" content=\"umweltaktivisten.de\" \/>\n<meta property=\"article:published_time\" content=\"2019-02-26T21:34:57+00:00\" \/>\n<meta property=\"article:modified_time\" content=\"2019-02-26T21:50:48+00:00\" \/>\n<meta property=\"og:image\" content=\"http:\/\/www.umweltaktivisten.de\/wp-content\/uploads\/2016\/12\/Castoren-Original-800x600.png\" \/>\n<meta name=\"author\" content=\"marita\" \/>\n<meta name=\"twitter:card\" content=\"summary_large_image\" \/>\n<meta name=\"twitter:label1\" content=\"Verfasst von\" \/>\n\t<meta name=\"twitter:data1\" content=\"marita\" \/>\n\t<meta name=\"twitter:label2\" content=\"Gesch\u00e4tzte Lesezeit\" \/>\n\t<meta name=\"twitter:data2\" content=\"2\u00a0Minuten\" \/>\n<script type=\"application\/ld+json\" class=\"yoast-schema-graph\">{\"@context\":\"https:\\\/\\\/schema.org\",\"@graph\":[{\"@type\":\"Article\",\"@id\":\"https:\\\/\\\/www.umweltaktivisten.de\\\/index.php\\\/2019\\\/02\\\/26\\\/bundesregierung-torpediert-sachgerchte-loesung-fuer-juelicher-atommuell\\\/#article\",\"isPartOf\":{\"@id\":\"https:\\\/\\\/www.umweltaktivisten.de\\\/index.php\\\/2019\\\/02\\\/26\\\/bundesregierung-torpediert-sachgerchte-loesung-fuer-juelicher-atommuell\\\/\"},\"author\":{\"name\":\"marita\",\"@id\":\"https:\\\/\\\/www.umweltaktivisten.de\\\/#\\\/schema\\\/person\\\/af601319cc34a906612869cf3b4fd51a\"},\"headline\":\"Bundesregierung torpediert sachgerechte L\u00f6sung f\u00fcr J\u00fclicher Atomm\u00fcll\",\"datePublished\":\"2019-02-26T21:34:57+00:00\",\"dateModified\":\"2019-02-26T21:50:48+00:00\",\"mainEntityOfPage\":{\"@id\":\"https:\\\/\\\/www.umweltaktivisten.de\\\/index.php\\\/2019\\\/02\\\/26\\\/bundesregierung-torpediert-sachgerchte-loesung-fuer-juelicher-atommuell\\\/\"},\"wordCount\":475,\"image\":{\"@id\":\"https:\\\/\\\/www.umweltaktivisten.de\\\/index.php\\\/2019\\\/02\\\/26\\\/bundesregierung-torpediert-sachgerchte-loesung-fuer-juelicher-atommuell\\\/#primaryimage\"},\"thumbnailUrl\":\"http:\\\/\\\/www.umweltaktivisten.de\\\/wp-content\\\/uploads\\\/2016\\\/12\\\/Castoren-Original-800x600.png\",\"inLanguage\":\"de\"},{\"@type\":\"WebPage\",\"@id\":\"https:\\\/\\\/www.umweltaktivisten.de\\\/index.php\\\/2019\\\/02\\\/26\\\/bundesregierung-torpediert-sachgerchte-loesung-fuer-juelicher-atommuell\\\/\",\"url\":\"https:\\\/\\\/www.umweltaktivisten.de\\\/index.php\\\/2019\\\/02\\\/26\\\/bundesregierung-torpediert-sachgerchte-loesung-fuer-juelicher-atommuell\\\/\",\"name\":\"Bundesregierung torpediert sachgerechte L\u00f6sung f\u00fcr J\u00fclicher Atomm\u00fcll - umweltaktivisten.de\",\"isPartOf\":{\"@id\":\"https:\\\/\\\/www.umweltaktivisten.de\\\/#website\"},\"primaryImageOfPage\":{\"@id\":\"https:\\\/\\\/www.umweltaktivisten.de\\\/index.php\\\/2019\\\/02\\\/26\\\/bundesregierung-torpediert-sachgerchte-loesung-fuer-juelicher-atommuell\\\/#primaryimage\"},\"image\":{\"@id\":\"https:\\\/\\\/www.umweltaktivisten.de\\\/index.php\\\/2019\\\/02\\\/26\\\/bundesregierung-torpediert-sachgerchte-loesung-fuer-juelicher-atommuell\\\/#primaryimage\"},\"thumbnailUrl\":\"http:\\\/\\\/www.umweltaktivisten.de\\\/wp-content\\\/uploads\\\/2016\\\/12\\\/Castoren-Original-800x600.png\",\"datePublished\":\"2019-02-26T21:34:57+00:00\",\"dateModified\":\"2019-02-26T21:50:48+00:00\",\"author\":{\"@id\":\"https:\\\/\\\/www.umweltaktivisten.de\\\/#\\\/schema\\\/person\\\/af601319cc34a906612869cf3b4fd51a\"},\"breadcrumb\":{\"@id\":\"https:\\\/\\\/www.umweltaktivisten.de\\\/index.php\\\/2019\\\/02\\\/26\\\/bundesregierung-torpediert-sachgerchte-loesung-fuer-juelicher-atommuell\\\/#breadcrumb\"},\"inLanguage\":\"de\",\"potentialAction\":[{\"@type\":\"ReadAction\",\"target\":[\"https:\\\/\\\/www.umweltaktivisten.de\\\/index.php\\\/2019\\\/02\\\/26\\\/bundesregierung-torpediert-sachgerchte-loesung-fuer-juelicher-atommuell\\\/\"]}]},{\"@type\":\"ImageObject\",\"inLanguage\":\"de\",\"@id\":\"https:\\\/\\\/www.umweltaktivisten.de\\\/index.php\\\/2019\\\/02\\\/26\\\/bundesregierung-torpediert-sachgerchte-loesung-fuer-juelicher-atommuell\\\/#primaryimage\",\"url\":\"http:\\\/\\\/www.umweltaktivisten.de\\\/wp-content\\\/uploads\\\/2016\\\/12\\\/Castoren-Original-800x600.png\",\"contentUrl\":\"http:\\\/\\\/www.umweltaktivisten.de\\\/wp-content\\\/uploads\\\/2016\\\/12\\\/Castoren-Original-800x600.png\"},{\"@type\":\"BreadcrumbList\",\"@id\":\"https:\\\/\\\/www.umweltaktivisten.de\\\/index.php\\\/2019\\\/02\\\/26\\\/bundesregierung-torpediert-sachgerchte-loesung-fuer-juelicher-atommuell\\\/#breadcrumb\",\"itemListElement\":[{\"@type\":\"ListItem\",\"position\":1,\"name\":\"Home\",\"item\":\"https:\\\/\\\/www.umweltaktivisten.de\\\/\"},{\"@type\":\"ListItem\",\"position\":2,\"name\":\"Bundesregierung torpediert sachgerechte L\u00f6sung f\u00fcr J\u00fclicher Atomm\u00fcll\"}]},{\"@type\":\"WebSite\",\"@id\":\"https:\\\/\\\/www.umweltaktivisten.de\\\/#website\",\"url\":\"https:\\\/\\\/www.umweltaktivisten.de\\\/\",\"name\":\"umweltaktivisten.de\",\"description\":\"&quot;Wir haben die Erde nur von unseren Kindern geborgt&quot;\",\"potentialAction\":[{\"@type\":\"SearchAction\",\"target\":{\"@type\":\"EntryPoint\",\"urlTemplate\":\"https:\\\/\\\/www.umweltaktivisten.de\\\/?s={search_term_string}\"},\"query-input\":{\"@type\":\"PropertyValueSpecification\",\"valueRequired\":true,\"valueName\":\"search_term_string\"}}],\"inLanguage\":\"de\"},{\"@type\":\"Person\",\"@id\":\"https:\\\/\\\/www.umweltaktivisten.de\\\/#\\\/schema\\\/person\\\/af601319cc34a906612869cf3b4fd51a\",\"name\":\"marita\",\"url\":\"https:\\\/\\\/www.umweltaktivisten.de\\\/author\\\/marita\\\/\"}]}<\/script>\n<!-- \/ Yoast SEO plugin. -->","yoast_head_json":{"title":"Bundesregierung torpediert sachgerechte L\u00f6sung f\u00fcr J\u00fclicher Atomm\u00fcll - umweltaktivisten.de","robots":{"index":"index","follow":"follow","max-snippet":"max-snippet:-1","max-image-preview":"max-image-preview:large","max-video-preview":"max-video-preview:-1"},"canonical":"https:\/\/www.umweltaktivisten.de\/index.php\/2019\/02\/26\/bundesregierung-torpediert-sachgerchte-loesung-fuer-juelicher-atommuell\/","og_locale":"de_DE","og_type":"article","og_title":"Bundesregierung torpediert sachgerechte L\u00f6sung f\u00fcr J\u00fclicher Atomm\u00fcll - umweltaktivisten.de","og_description":"Auch dagegen wird am 9. M\u00e4rz in Ahaus demonstiert. F\u00fcr den Verbleib der Kugel-Brennelemente des stillgelegten Versuchsreaktor AVR in J\u00fclich werden seit Jahren drei \u201eOptionen\u201c gepr\u00fcft und bearbeitet, weil die bestehende Lagerhalle nicht mehr den Sicherheitsanforderungen entspricht. Die vern\u00fcnftigste Option w\u00e4re der Bau einer neuen erdbebensicheren Lagerhalle in J\u00fclich. Damit\u2026 weiter ...","og_url":"https:\/\/www.umweltaktivisten.de\/index.php\/2019\/02\/26\/bundesregierung-torpediert-sachgerchte-loesung-fuer-juelicher-atommuell\/","og_site_name":"umweltaktivisten.de","article_published_time":"2019-02-26T21:34:57+00:00","article_modified_time":"2019-02-26T21:50:48+00:00","og_image":[{"url":"http:\/\/www.umweltaktivisten.de\/wp-content\/uploads\/2016\/12\/Castoren-Original-800x600.png","type":"","width":"","height":""}],"author":"marita","twitter_card":"summary_large_image","twitter_misc":{"Verfasst von":"marita","Gesch\u00e4tzte Lesezeit":"2\u00a0Minuten"},"schema":{"@context":"https:\/\/schema.org","@graph":[{"@type":"Article","@id":"https:\/\/www.umweltaktivisten.de\/index.php\/2019\/02\/26\/bundesregierung-torpediert-sachgerchte-loesung-fuer-juelicher-atommuell\/#article","isPartOf":{"@id":"https:\/\/www.umweltaktivisten.de\/index.php\/2019\/02\/26\/bundesregierung-torpediert-sachgerchte-loesung-fuer-juelicher-atommuell\/"},"author":{"name":"marita","@id":"https:\/\/www.umweltaktivisten.de\/#\/schema\/person\/af601319cc34a906612869cf3b4fd51a"},"headline":"Bundesregierung torpediert sachgerechte L\u00f6sung f\u00fcr J\u00fclicher Atomm\u00fcll","datePublished":"2019-02-26T21:34:57+00:00","dateModified":"2019-02-26T21:50:48+00:00","mainEntityOfPage":{"@id":"https:\/\/www.umweltaktivisten.de\/index.php\/2019\/02\/26\/bundesregierung-torpediert-sachgerchte-loesung-fuer-juelicher-atommuell\/"},"wordCount":475,"image":{"@id":"https:\/\/www.umweltaktivisten.de\/index.php\/2019\/02\/26\/bundesregierung-torpediert-sachgerchte-loesung-fuer-juelicher-atommuell\/#primaryimage"},"thumbnailUrl":"http:\/\/www.umweltaktivisten.de\/wp-content\/uploads\/2016\/12\/Castoren-Original-800x600.png","inLanguage":"de"},{"@type":"WebPage","@id":"https:\/\/www.umweltaktivisten.de\/index.php\/2019\/02\/26\/bundesregierung-torpediert-sachgerchte-loesung-fuer-juelicher-atommuell\/","url":"https:\/\/www.umweltaktivisten.de\/index.php\/2019\/02\/26\/bundesregierung-torpediert-sachgerchte-loesung-fuer-juelicher-atommuell\/","name":"Bundesregierung torpediert sachgerechte L\u00f6sung f\u00fcr J\u00fclicher Atomm\u00fcll - umweltaktivisten.de","isPartOf":{"@id":"https:\/\/www.umweltaktivisten.de\/#website"},"primaryImageOfPage":{"@id":"https:\/\/www.umweltaktivisten.de\/index.php\/2019\/02\/26\/bundesregierung-torpediert-sachgerchte-loesung-fuer-juelicher-atommuell\/#primaryimage"},"image":{"@id":"https:\/\/www.umweltaktivisten.de\/index.php\/2019\/02\/26\/bundesregierung-torpediert-sachgerchte-loesung-fuer-juelicher-atommuell\/#primaryimage"},"thumbnailUrl":"http:\/\/www.umweltaktivisten.de\/wp-content\/uploads\/2016\/12\/Castoren-Original-800x600.png","datePublished":"2019-02-26T21:34:57+00:00","dateModified":"2019-02-26T21:50:48+00:00","author":{"@id":"https:\/\/www.umweltaktivisten.de\/#\/schema\/person\/af601319cc34a906612869cf3b4fd51a"},"breadcrumb":{"@id":"https:\/\/www.umweltaktivisten.de\/index.php\/2019\/02\/26\/bundesregierung-torpediert-sachgerchte-loesung-fuer-juelicher-atommuell\/#breadcrumb"},"inLanguage":"de","potentialAction":[{"@type":"ReadAction","target":["https:\/\/www.umweltaktivisten.de\/index.php\/2019\/02\/26\/bundesregierung-torpediert-sachgerchte-loesung-fuer-juelicher-atommuell\/"]}]},{"@type":"ImageObject","inLanguage":"de","@id":"https:\/\/www.umweltaktivisten.de\/index.php\/2019\/02\/26\/bundesregierung-torpediert-sachgerchte-loesung-fuer-juelicher-atommuell\/#primaryimage","url":"http:\/\/www.umweltaktivisten.de\/wp-content\/uploads\/2016\/12\/Castoren-Original-800x600.png","contentUrl":"http:\/\/www.umweltaktivisten.de\/wp-content\/uploads\/2016\/12\/Castoren-Original-800x600.png"},{"@type":"BreadcrumbList","@id":"https:\/\/www.umweltaktivisten.de\/index.php\/2019\/02\/26\/bundesregierung-torpediert-sachgerchte-loesung-fuer-juelicher-atommuell\/#breadcrumb","itemListElement":[{"@type":"ListItem","position":1,"name":"Home","item":"https:\/\/www.umweltaktivisten.de\/"},{"@type":"ListItem","position":2,"name":"Bundesregierung torpediert sachgerechte L\u00f6sung f\u00fcr J\u00fclicher Atomm\u00fcll"}]},{"@type":"WebSite","@id":"https:\/\/www.umweltaktivisten.de\/#website","url":"https:\/\/www.umweltaktivisten.de\/","name":"umweltaktivisten.de","description":"&quot;Wir haben die Erde nur von unseren Kindern geborgt&quot;","potentialAction":[{"@type":"SearchAction","target":{"@type":"EntryPoint","urlTemplate":"https:\/\/www.umweltaktivisten.de\/?s={search_term_string}"},"query-input":{"@type":"PropertyValueSpecification","valueRequired":true,"valueName":"search_term_string"}}],"inLanguage":"de"},{"@type":"Person","@id":"https:\/\/www.umweltaktivisten.de\/#\/schema\/person\/af601319cc34a906612869cf3b4fd51a","name":"marita","url":"https:\/\/www.umweltaktivisten.de\/author\/marita\/"}]}},"_links":{"self":[{"href":"https:\/\/www.umweltaktivisten.de\/index.php\/wp-json\/wp\/v2\/posts\/3201","targetHints":{"allow":["GET"]}}],"collection":[{"href":"https:\/\/www.umweltaktivisten.de\/index.php\/wp-json\/wp\/v2\/posts"}],"about":[{"href":"https:\/\/www.umweltaktivisten.de\/index.php\/wp-json\/wp\/v2\/types\/post"}],"author":[{"embeddable":true,"href":"https:\/\/www.umweltaktivisten.de\/index.php\/wp-json\/wp\/v2\/users\/1"}],"replies":[{"embeddable":true,"href":"https:\/\/www.umweltaktivisten.de\/index.php\/wp-json\/wp\/v2\/comments?post=3201"}],"version-history":[{"count":7,"href":"https:\/\/www.umweltaktivisten.de\/index.php\/wp-json\/wp\/v2\/posts\/3201\/revisions"}],"predecessor-version":[{"id":3213,"href":"https:\/\/www.umweltaktivisten.de\/index.php\/wp-json\/wp\/v2\/posts\/3201\/revisions\/3213"}],"wp:attachment":[{"href":"https:\/\/www.umweltaktivisten.de\/index.php\/wp-json\/wp\/v2\/media?parent=3201"}],"wp:term":[{"taxonomy":"category","embeddable":true,"href":"https:\/\/www.umweltaktivisten.de\/index.php\/wp-json\/wp\/v2\/categories?post=3201"},{"taxonomy":"post_tag","embeddable":true,"href":"https:\/\/www.umweltaktivisten.de\/index.php\/wp-json\/wp\/v2\/tags?post=3201"}],"curies":[{"name":"wp","href":"https:\/\/api.w.org\/{rel}","templated":true}]}}