{"id":3188,"date":"2019-02-22T21:50:54","date_gmt":"2019-02-22T20:50:54","guid":{"rendered":"http:\/\/www.umweltaktivisten.de\/?p=3188"},"modified":"2019-02-22T22:03:26","modified_gmt":"2019-02-22T21:03:26","slug":"ahaus-pressekonferenz-zur-atommuelldemo","status":"publish","type":"post","link":"https:\/\/www.umweltaktivisten.de\/index.php\/2019\/02\/22\/ahaus-pressekonferenz-zur-atommuelldemo\/","title":{"rendered":"Ahaus: Pressekonferenz zur Atomm\u00fclldemo"},"content":{"rendered":"\n<p><strong>Einladung zu einer Pressekonferenz am 25. Februar in Ahaus<\/strong><\/p>\n\n\n\n<div class=\"wp-block-image\"><figure class=\"aligncenter\"><img loading=\"lazy\" decoding=\"async\" width=\"468\" height=\"215\" src=\"https:\/\/www.umweltaktivisten.de\/wp-content\/uploads\/2019\/02\/Banner-468-215.gif\" alt=\"\" class=\"wp-image-3189\"\/><\/figure><\/div>\n\n\n\n<p>Im M\u00e4rz j\u00e4hrt sich die Atomkatastrophe von\nFukushima zum achten Male. Um daran zu erinnern, finden am zweiten\nM\u00e4rzwochenende Demonstrationen in verschiedenen St\u00e4dten in Deutschland statt:\nAm 9. M\u00e4rz in Berlin und Ahaus, am 10. M\u00e4rz in Neckarwestheim. Mit diesen\nAktionen soll auch Druck gemacht werden zur Durchsetzung des endg\u00fcltigen\nAusstiegs aus der Atomenergie und aus der Produktion von weiterem Atomm\u00fcll.\nDabei werden an den drei Standorten unterschiedliche Schwerpunkte gesetzt\nwerden.<\/p>\n\n\n\n<p>In <strong>Ahaus, <\/strong>dem\nStandort eines der zentralen Zwischenlager f\u00fcr Atomm\u00fcll,soll <strong>die drohende\nUmwandlung der Zwischenlager in Dauerlager <\/strong>im Vordergrund stehen: K\u00fcrzlich\nwurde beantragt, die Lagerdauer f\u00fcr schwach- und mittelradioaktiven M\u00fcll in Ahaus\nbis 2057 zu verl\u00e4ngern; die bis 2036 genehmigte Lagerdauer f\u00fcr hochradioaktiven\nM\u00fcll droht angesichts der zu erwartenden Verz\u00f6gerungen bei der Standortsuche\nf\u00fcr ein Endlager bis ins n\u00e4chste Jahrhundert verl\u00e4ngert zu werden.<\/p>\n\n\n\n<p>Hinzu kommt, dass in absehbarer Zeit\nAtomm\u00fcll-Transporte mit hochproblematischem Inhalt aus Garching und J\u00fclich nach\nAhaus drohen. Gerade im Hinblick auf die Brennelemente aus dem stillgelegten\nVersuchsreaktor AVR in J\u00fclich gibt <strong>es\naktuelle Hinweise darauf, dass Bundesministerien alles versuchen, um die\nErrichtung eines erdbebensicheren Zwischenlagers beim Forschungszentrum J\u00fclich\nselbst zu hintertreiben<\/strong>. Dabei w\u00e4re dies die einzig vern\u00fcnftige Alternative\nf\u00fcr den in J\u00fclich produzierten Atomm\u00fcll, die von&nbsp; allen Umweltverb\u00e4nden und B\u00fcrgerinitiativen\nunterst\u00fctzt wird.<\/p>\n\n\n\n<p>\u00dcber diese aktuellen Entwicklungen zur\nProblematik des J\u00fclicher Atomm\u00fclls wollen wir detailliert auf einer\nPressekonferenz informieren. Au\u00dferdem soll dort das Konzept der Demonstration\nam 9. M\u00e4rz 2019 vorgestellt werden, zu der bereits \u00fcber 30 Initiativen und\nVerb\u00e4nde aufrufen (siehe auch <a href=\"http:\/\/www.atommuell-protest.de\" target=\"_blank\" rel=\"noopener\">www.atommuell-protest.de<\/a>).<\/p>\n\n\n\n<p>Die <strong>Pressekonferenz<\/strong> findet statt:<\/p>\n\n\n\n<p><strong>Montag, den 25.02.19, um 11 Uhr<\/strong><\/p>\n\n\n\n<p><strong>Gastst\u00e4tte Schlosshotel<\/strong><\/p>\n\n\n\n<p><strong>Oldenkottplatz 3, 48683 Ahaus<\/strong><\/p>\n","protected":false},"excerpt":{"rendered":"<p>Einladung zu einer Pressekonferenz am 25. Februar in Ahaus Im M\u00e4rz j\u00e4hrt sich die Atomkatastrophe von Fukushima zum achten Male. Um daran zu erinnern, finden am zweiten M\u00e4rzwochenende Demonstrationen in verschiedenen St\u00e4dten in Deutschland statt: Am 9. M\u00e4rz in Berlin und Ahaus, am 10. M\u00e4rz in Neckarwestheim. Mit diesen Aktionen\u2026<\/p>\n<p class=\"continue-reading-button\"> <a class=\"continue-reading-link\" href=\"https:\/\/www.umweltaktivisten.de\/index.php\/2019\/02\/22\/ahaus-pressekonferenz-zur-atommuelldemo\/\">weiter &#8230;<i class=\"crycon-right-dir\"><\/i><\/a><\/p>\n","protected":false},"author":1,"featured_media":3198,"comment_status":"closed","ping_status":"closed","sticky":false,"template":"","format":"standard","meta":{"footnotes":""},"categories":[1],"tags":[153,232],"class_list":["post-3188","post","type-post","status-publish","format-standard","has-post-thumbnail","hentry","category-allgemein","tag-ahaus","tag-bi-kein-castor-in-ahaus"],"yoast_head":"<!-- This site is optimized with the Yoast SEO plugin v27.5 - https:\/\/yoast.com\/product\/yoast-seo-wordpress\/ -->\n<title>Ahaus: Pressekonferenz zur Atomm\u00fclldemo - umweltaktivisten.de<\/title>\n<meta name=\"robots\" content=\"index, follow, max-snippet:-1, max-image-preview:large, max-video-preview:-1\" \/>\n<link rel=\"canonical\" href=\"https:\/\/www.umweltaktivisten.de\/index.php\/2019\/02\/22\/ahaus-pressekonferenz-zur-atommuelldemo\/\" \/>\n<meta property=\"og:locale\" content=\"de_DE\" \/>\n<meta property=\"og:type\" content=\"article\" \/>\n<meta property=\"og:title\" content=\"Ahaus: Pressekonferenz zur Atomm\u00fclldemo - umweltaktivisten.de\" \/>\n<meta property=\"og:description\" content=\"Einladung zu einer Pressekonferenz am 25. Februar in Ahaus Im M\u00e4rz j\u00e4hrt sich die Atomkatastrophe von Fukushima zum achten Male. Um daran zu erinnern, finden am zweiten M\u00e4rzwochenende Demonstrationen in verschiedenen St\u00e4dten in Deutschland statt: Am 9. M\u00e4rz in Berlin und Ahaus, am 10. M\u00e4rz in Neckarwestheim. Mit diesen Aktionen\u2026 weiter ...\" \/>\n<meta property=\"og:url\" content=\"https:\/\/www.umweltaktivisten.de\/index.php\/2019\/02\/22\/ahaus-pressekonferenz-zur-atommuelldemo\/\" \/>\n<meta property=\"og:site_name\" content=\"umweltaktivisten.de\" \/>\n<meta property=\"article:published_time\" content=\"2019-02-22T20:50:54+00:00\" \/>\n<meta property=\"article:modified_time\" content=\"2019-02-22T21:03:26+00:00\" \/>\n<meta property=\"og:image\" content=\"https:\/\/www.umweltaktivisten.de\/wp-content\/uploads\/2019\/02\/Banner-w_200.png\" \/>\n\t<meta property=\"og:image:width\" content=\"201\" \/>\n\t<meta property=\"og:image:height\" content=\"262\" \/>\n\t<meta property=\"og:image:type\" content=\"image\/png\" \/>\n<meta name=\"author\" content=\"marita\" \/>\n<meta name=\"twitter:card\" content=\"summary_large_image\" \/>\n<meta name=\"twitter:label1\" content=\"Verfasst von\" \/>\n\t<meta name=\"twitter:data1\" content=\"marita\" \/>\n\t<meta name=\"twitter:label2\" content=\"Gesch\u00e4tzte Lesezeit\" \/>\n\t<meta name=\"twitter:data2\" content=\"2\u00a0Minuten\" \/>\n<script type=\"application\/ld+json\" class=\"yoast-schema-graph\">{\"@context\":\"https:\\\/\\\/schema.org\",\"@graph\":[{\"@type\":\"Article\",\"@id\":\"https:\\\/\\\/www.umweltaktivisten.de\\\/index.php\\\/2019\\\/02\\\/22\\\/ahaus-pressekonferenz-zur-atommuelldemo\\\/#article\",\"isPartOf\":{\"@id\":\"https:\\\/\\\/www.umweltaktivisten.de\\\/index.php\\\/2019\\\/02\\\/22\\\/ahaus-pressekonferenz-zur-atommuelldemo\\\/\"},\"author\":{\"name\":\"marita\",\"@id\":\"https:\\\/\\\/www.umweltaktivisten.de\\\/#\\\/schema\\\/person\\\/af601319cc34a906612869cf3b4fd51a\"},\"headline\":\"Ahaus: Pressekonferenz zur Atomm\u00fclldemo\",\"datePublished\":\"2019-02-22T20:50:54+00:00\",\"dateModified\":\"2019-02-22T21:03:26+00:00\",\"mainEntityOfPage\":{\"@id\":\"https:\\\/\\\/www.umweltaktivisten.de\\\/index.php\\\/2019\\\/02\\\/22\\\/ahaus-pressekonferenz-zur-atommuelldemo\\\/\"},\"wordCount\":307,\"image\":{\"@id\":\"https:\\\/\\\/www.umweltaktivisten.de\\\/index.php\\\/2019\\\/02\\\/22\\\/ahaus-pressekonferenz-zur-atommuelldemo\\\/#primaryimage\"},\"thumbnailUrl\":\"https:\\\/\\\/www.umweltaktivisten.de\\\/wp-content\\\/uploads\\\/2019\\\/02\\\/Banner-w_200.png\",\"keywords\":[\"Ahaus\",\"BI \\\"Kein Castor in Ahaus\\\"\"],\"inLanguage\":\"de\"},{\"@type\":\"WebPage\",\"@id\":\"https:\\\/\\\/www.umweltaktivisten.de\\\/index.php\\\/2019\\\/02\\\/22\\\/ahaus-pressekonferenz-zur-atommuelldemo\\\/\",\"url\":\"https:\\\/\\\/www.umweltaktivisten.de\\\/index.php\\\/2019\\\/02\\\/22\\\/ahaus-pressekonferenz-zur-atommuelldemo\\\/\",\"name\":\"Ahaus: Pressekonferenz zur Atomm\u00fclldemo - umweltaktivisten.de\",\"isPartOf\":{\"@id\":\"https:\\\/\\\/www.umweltaktivisten.de\\\/#website\"},\"primaryImageOfPage\":{\"@id\":\"https:\\\/\\\/www.umweltaktivisten.de\\\/index.php\\\/2019\\\/02\\\/22\\\/ahaus-pressekonferenz-zur-atommuelldemo\\\/#primaryimage\"},\"image\":{\"@id\":\"https:\\\/\\\/www.umweltaktivisten.de\\\/index.php\\\/2019\\\/02\\\/22\\\/ahaus-pressekonferenz-zur-atommuelldemo\\\/#primaryimage\"},\"thumbnailUrl\":\"https:\\\/\\\/www.umweltaktivisten.de\\\/wp-content\\\/uploads\\\/2019\\\/02\\\/Banner-w_200.png\",\"datePublished\":\"2019-02-22T20:50:54+00:00\",\"dateModified\":\"2019-02-22T21:03:26+00:00\",\"author\":{\"@id\":\"https:\\\/\\\/www.umweltaktivisten.de\\\/#\\\/schema\\\/person\\\/af601319cc34a906612869cf3b4fd51a\"},\"breadcrumb\":{\"@id\":\"https:\\\/\\\/www.umweltaktivisten.de\\\/index.php\\\/2019\\\/02\\\/22\\\/ahaus-pressekonferenz-zur-atommuelldemo\\\/#breadcrumb\"},\"inLanguage\":\"de\",\"potentialAction\":[{\"@type\":\"ReadAction\",\"target\":[\"https:\\\/\\\/www.umweltaktivisten.de\\\/index.php\\\/2019\\\/02\\\/22\\\/ahaus-pressekonferenz-zur-atommuelldemo\\\/\"]}]},{\"@type\":\"ImageObject\",\"inLanguage\":\"de\",\"@id\":\"https:\\\/\\\/www.umweltaktivisten.de\\\/index.php\\\/2019\\\/02\\\/22\\\/ahaus-pressekonferenz-zur-atommuelldemo\\\/#primaryimage\",\"url\":\"https:\\\/\\\/www.umweltaktivisten.de\\\/wp-content\\\/uploads\\\/2019\\\/02\\\/Banner-w_200.png\",\"contentUrl\":\"https:\\\/\\\/www.umweltaktivisten.de\\\/wp-content\\\/uploads\\\/2019\\\/02\\\/Banner-w_200.png\",\"width\":201,\"height\":262},{\"@type\":\"BreadcrumbList\",\"@id\":\"https:\\\/\\\/www.umweltaktivisten.de\\\/index.php\\\/2019\\\/02\\\/22\\\/ahaus-pressekonferenz-zur-atommuelldemo\\\/#breadcrumb\",\"itemListElement\":[{\"@type\":\"ListItem\",\"position\":1,\"name\":\"Home\",\"item\":\"https:\\\/\\\/www.umweltaktivisten.de\\\/\"},{\"@type\":\"ListItem\",\"position\":2,\"name\":\"Ahaus: Pressekonferenz zur Atomm\u00fclldemo\"}]},{\"@type\":\"WebSite\",\"@id\":\"https:\\\/\\\/www.umweltaktivisten.de\\\/#website\",\"url\":\"https:\\\/\\\/www.umweltaktivisten.de\\\/\",\"name\":\"umweltaktivisten.de\",\"description\":\"&quot;Wir haben die Erde nur von unseren Kindern geborgt&quot;\",\"potentialAction\":[{\"@type\":\"SearchAction\",\"target\":{\"@type\":\"EntryPoint\",\"urlTemplate\":\"https:\\\/\\\/www.umweltaktivisten.de\\\/?s={search_term_string}\"},\"query-input\":{\"@type\":\"PropertyValueSpecification\",\"valueRequired\":true,\"valueName\":\"search_term_string\"}}],\"inLanguage\":\"de\"},{\"@type\":\"Person\",\"@id\":\"https:\\\/\\\/www.umweltaktivisten.de\\\/#\\\/schema\\\/person\\\/af601319cc34a906612869cf3b4fd51a\",\"name\":\"marita\",\"url\":\"https:\\\/\\\/www.umweltaktivisten.de\\\/author\\\/marita\\\/\"}]}<\/script>\n<!-- \/ Yoast SEO plugin. -->","yoast_head_json":{"title":"Ahaus: Pressekonferenz zur Atomm\u00fclldemo - umweltaktivisten.de","robots":{"index":"index","follow":"follow","max-snippet":"max-snippet:-1","max-image-preview":"max-image-preview:large","max-video-preview":"max-video-preview:-1"},"canonical":"https:\/\/www.umweltaktivisten.de\/index.php\/2019\/02\/22\/ahaus-pressekonferenz-zur-atommuelldemo\/","og_locale":"de_DE","og_type":"article","og_title":"Ahaus: Pressekonferenz zur Atomm\u00fclldemo - umweltaktivisten.de","og_description":"Einladung zu einer Pressekonferenz am 25. Februar in Ahaus Im M\u00e4rz j\u00e4hrt sich die Atomkatastrophe von Fukushima zum achten Male. Um daran zu erinnern, finden am zweiten M\u00e4rzwochenende Demonstrationen in verschiedenen St\u00e4dten in Deutschland statt: Am 9. M\u00e4rz in Berlin und Ahaus, am 10. M\u00e4rz in Neckarwestheim. Mit diesen Aktionen\u2026 weiter ...","og_url":"https:\/\/www.umweltaktivisten.de\/index.php\/2019\/02\/22\/ahaus-pressekonferenz-zur-atommuelldemo\/","og_site_name":"umweltaktivisten.de","article_published_time":"2019-02-22T20:50:54+00:00","article_modified_time":"2019-02-22T21:03:26+00:00","og_image":[{"width":201,"height":262,"url":"https:\/\/www.umweltaktivisten.de\/wp-content\/uploads\/2019\/02\/Banner-w_200.png","type":"image\/png"}],"author":"marita","twitter_card":"summary_large_image","twitter_misc":{"Verfasst von":"marita","Gesch\u00e4tzte Lesezeit":"2\u00a0Minuten"},"schema":{"@context":"https:\/\/schema.org","@graph":[{"@type":"Article","@id":"https:\/\/www.umweltaktivisten.de\/index.php\/2019\/02\/22\/ahaus-pressekonferenz-zur-atommuelldemo\/#article","isPartOf":{"@id":"https:\/\/www.umweltaktivisten.de\/index.php\/2019\/02\/22\/ahaus-pressekonferenz-zur-atommuelldemo\/"},"author":{"name":"marita","@id":"https:\/\/www.umweltaktivisten.de\/#\/schema\/person\/af601319cc34a906612869cf3b4fd51a"},"headline":"Ahaus: Pressekonferenz zur Atomm\u00fclldemo","datePublished":"2019-02-22T20:50:54+00:00","dateModified":"2019-02-22T21:03:26+00:00","mainEntityOfPage":{"@id":"https:\/\/www.umweltaktivisten.de\/index.php\/2019\/02\/22\/ahaus-pressekonferenz-zur-atommuelldemo\/"},"wordCount":307,"image":{"@id":"https:\/\/www.umweltaktivisten.de\/index.php\/2019\/02\/22\/ahaus-pressekonferenz-zur-atommuelldemo\/#primaryimage"},"thumbnailUrl":"https:\/\/www.umweltaktivisten.de\/wp-content\/uploads\/2019\/02\/Banner-w_200.png","keywords":["Ahaus","BI \"Kein Castor in Ahaus\""],"inLanguage":"de"},{"@type":"WebPage","@id":"https:\/\/www.umweltaktivisten.de\/index.php\/2019\/02\/22\/ahaus-pressekonferenz-zur-atommuelldemo\/","url":"https:\/\/www.umweltaktivisten.de\/index.php\/2019\/02\/22\/ahaus-pressekonferenz-zur-atommuelldemo\/","name":"Ahaus: Pressekonferenz zur Atomm\u00fclldemo - umweltaktivisten.de","isPartOf":{"@id":"https:\/\/www.umweltaktivisten.de\/#website"},"primaryImageOfPage":{"@id":"https:\/\/www.umweltaktivisten.de\/index.php\/2019\/02\/22\/ahaus-pressekonferenz-zur-atommuelldemo\/#primaryimage"},"image":{"@id":"https:\/\/www.umweltaktivisten.de\/index.php\/2019\/02\/22\/ahaus-pressekonferenz-zur-atommuelldemo\/#primaryimage"},"thumbnailUrl":"https:\/\/www.umweltaktivisten.de\/wp-content\/uploads\/2019\/02\/Banner-w_200.png","datePublished":"2019-02-22T20:50:54+00:00","dateModified":"2019-02-22T21:03:26+00:00","author":{"@id":"https:\/\/www.umweltaktivisten.de\/#\/schema\/person\/af601319cc34a906612869cf3b4fd51a"},"breadcrumb":{"@id":"https:\/\/www.umweltaktivisten.de\/index.php\/2019\/02\/22\/ahaus-pressekonferenz-zur-atommuelldemo\/#breadcrumb"},"inLanguage":"de","potentialAction":[{"@type":"ReadAction","target":["https:\/\/www.umweltaktivisten.de\/index.php\/2019\/02\/22\/ahaus-pressekonferenz-zur-atommuelldemo\/"]}]},{"@type":"ImageObject","inLanguage":"de","@id":"https:\/\/www.umweltaktivisten.de\/index.php\/2019\/02\/22\/ahaus-pressekonferenz-zur-atommuelldemo\/#primaryimage","url":"https:\/\/www.umweltaktivisten.de\/wp-content\/uploads\/2019\/02\/Banner-w_200.png","contentUrl":"https:\/\/www.umweltaktivisten.de\/wp-content\/uploads\/2019\/02\/Banner-w_200.png","width":201,"height":262},{"@type":"BreadcrumbList","@id":"https:\/\/www.umweltaktivisten.de\/index.php\/2019\/02\/22\/ahaus-pressekonferenz-zur-atommuelldemo\/#breadcrumb","itemListElement":[{"@type":"ListItem","position":1,"name":"Home","item":"https:\/\/www.umweltaktivisten.de\/"},{"@type":"ListItem","position":2,"name":"Ahaus: Pressekonferenz zur Atomm\u00fclldemo"}]},{"@type":"WebSite","@id":"https:\/\/www.umweltaktivisten.de\/#website","url":"https:\/\/www.umweltaktivisten.de\/","name":"umweltaktivisten.de","description":"&quot;Wir haben die Erde nur von unseren Kindern geborgt&quot;","potentialAction":[{"@type":"SearchAction","target":{"@type":"EntryPoint","urlTemplate":"https:\/\/www.umweltaktivisten.de\/?s={search_term_string}"},"query-input":{"@type":"PropertyValueSpecification","valueRequired":true,"valueName":"search_term_string"}}],"inLanguage":"de"},{"@type":"Person","@id":"https:\/\/www.umweltaktivisten.de\/#\/schema\/person\/af601319cc34a906612869cf3b4fd51a","name":"marita","url":"https:\/\/www.umweltaktivisten.de\/author\/marita\/"}]}},"_links":{"self":[{"href":"https:\/\/www.umweltaktivisten.de\/index.php\/wp-json\/wp\/v2\/posts\/3188","targetHints":{"allow":["GET"]}}],"collection":[{"href":"https:\/\/www.umweltaktivisten.de\/index.php\/wp-json\/wp\/v2\/posts"}],"about":[{"href":"https:\/\/www.umweltaktivisten.de\/index.php\/wp-json\/wp\/v2\/types\/post"}],"author":[{"embeddable":true,"href":"https:\/\/www.umweltaktivisten.de\/index.php\/wp-json\/wp\/v2\/users\/1"}],"replies":[{"embeddable":true,"href":"https:\/\/www.umweltaktivisten.de\/index.php\/wp-json\/wp\/v2\/comments?post=3188"}],"version-history":[{"count":4,"href":"https:\/\/www.umweltaktivisten.de\/index.php\/wp-json\/wp\/v2\/posts\/3188\/revisions"}],"predecessor-version":[{"id":3196,"href":"https:\/\/www.umweltaktivisten.de\/index.php\/wp-json\/wp\/v2\/posts\/3188\/revisions\/3196"}],"wp:featuredmedia":[{"embeddable":true,"href":"https:\/\/www.umweltaktivisten.de\/index.php\/wp-json\/wp\/v2\/media\/3198"}],"wp:attachment":[{"href":"https:\/\/www.umweltaktivisten.de\/index.php\/wp-json\/wp\/v2\/media?parent=3188"}],"wp:term":[{"taxonomy":"category","embeddable":true,"href":"https:\/\/www.umweltaktivisten.de\/index.php\/wp-json\/wp\/v2\/categories?post=3188"},{"taxonomy":"post_tag","embeddable":true,"href":"https:\/\/www.umweltaktivisten.de\/index.php\/wp-json\/wp\/v2\/tags?post=3188"}],"curies":[{"name":"wp","href":"https:\/\/api.w.org\/{rel}","templated":true}]}}