{"id":294,"date":"2015-06-26T11:29:06","date_gmt":"2015-06-26T09:29:06","guid":{"rendered":"http:\/\/www.umweltaktivisten.de\/?p=294"},"modified":"2017-04-06T08:54:45","modified_gmt":"2017-04-06T06:54:45","slug":"ausgestrahlt-4","status":"publish","type":"post","link":"https:\/\/www.umweltaktivisten.de\/index.php\/2015\/06\/26\/ausgestrahlt-4\/","title":{"rendered":".ausgestrahlt"},"content":{"rendered":"<p>Seit 2008 setzt sich die Nichtregierungsorganisation .ausgestrahlt gegen Atomkraft ein. Der gemeinn\u00fctzige Verein aus Hamburg agiert bundesweit. \u201eWir sind davon \u00fcberzeugt, dass der Betrieb von Atomanlagen ein schwerwiegendes Unrecht ist, weil er Mensch und Umwelt sch\u00e4digt. Der strahlende M\u00fcll wird noch viele Generationen belasten. Unf\u00e4lle wie in Tschernobyl und Fukushima k\u00f6nnen sich jederzeit wiederholen.\u201c Das sind die Beweggr\u00fcnde der Akteure von .ausgestrahlt. Ihr Credo: Nur durch politischen Druck mit den Akteuren der Initiativen vor Ort ist ein \u201eechter\u201c Atomausstieg m\u00f6glich. Besonders kritisieren sie die Verl\u00e4ngerung der Laufzeit deutscher Atomkraftwerke.<\/p>\n<p>Gemeinsam mit anderen Atomkraftgegnern planen und f\u00fchren sie Demonstrationen durch und stellen daf\u00fcr Material zur Verf\u00fcgung: Transparente, Fahnen, Plakate und Flyer. Dies kann online \u00fcber den .ausgestrahlt Shop bestellt werden \u2013 oder wird direkt an Initiativen verschickt. Dar\u00fcber hinaus gibt es Aufkleber, Poster, Unterschriftenlisten, B\u00fccher und Filme, denn \u00f6ffentlicher Protest hat viele Gesichter.Hintergrundinfos, politische Analysen und\u00a0<a href=\"http:\/\/www.cheapoakleysell.com\/\" target=\"_blank\" rel=\"noopener\">\u00a0<\/a> Aktionsaufrufe gibt es im Quartals-Rundbrief.Ausgestrahlt ist eine wichtige Stimme in der Anti-Atom-Bewegung. Die Akteure f\u00fchren Gespr\u00e4che mit Experten, Politikern, Journalisten und Umweltverb\u00e4nden. Sie b\u00fcndeln ihre Pressauswertung tagesaktuell und ver\u00f6ffentlichen die wichtigsten Anti-Atom-Nachrichten in ihrem Blog oder \u00fcber Twitter und Facebook.<\/p>\n<p><img loading=\"lazy\" decoding=\"async\" class=\"alignright wp-image-480 size-medium\" src=\"https:\/\/www.umweltaktivisten.de\/wp-content\/uploads\/2015\/06\/vor_teamfoto_400-300x208.png\" alt=\"vor_teamfoto_400\" width=\"300\" height=\"208\" srcset=\"https:\/\/www.umweltaktivisten.de\/wp-content\/uploads\/2015\/06\/vor_teamfoto_400.png 300w, https:\/\/www.umweltaktivisten.de\/wp-content\/uploads\/2015\/06\/vor_teamfoto_400-150x104.png 150w\" sizes=\"auto, (max-width: 300px) 100vw, 300px\" \/><strong>Jochen Stay \u2013 eine wichtige Stimme in der Anti-AKW-Bewegung<\/strong><\/p>\n<p>Angefangen hat alles 2008 mit einer Kampagne im Internet. Zum Team mit f\u00fcnf festen Mitarbeitern geh\u00f6rte der Gr\u00fcnder Jochen Stay (*1965). Die Crew warb im Internet um Unterst\u00fctzung gegen die Laufzeitverl\u00e4ngerung f\u00fcr deutsche Atomkraftwerke. Seit dem Gr\u00fcndungsjahr ist so ein Netzwerk von 50.000 Sympathisanten entstanden, die Stay per E-Mail informiert. Ihm gelang die Renaissance der lachenden Anti-Atom-Sonne. In der Zentrale k\u00fcmmert sich Stay um die Logistik des Protestes, um Plakate, Flyer und Fahnen. Keine Demoohne die lachende Sonne!<\/p>\n<p>(Foto: .ausgestrahlt)<\/p>\n","protected":false},"excerpt":{"rendered":"<p>Seit 2008 setzt sich die Nichtregierungsorganisation .ausgestrahlt gegen Atomkraft ein. Der gemeinn\u00fctzige Verein aus Hamburg agiert bundesweit. \u201eWir sind davon \u00fcberzeugt, dass der Betrieb von Atomanlagen ein schwerwiegendes Unrecht ist, weil er Mensch und Umwelt sch\u00e4digt. Der strahlende M\u00fcll wird noch viele Generationen belasten. Unf\u00e4lle wie in Tschernobyl und Fukushima\u2026<\/p>\n<p class=\"continue-reading-button\"> <a class=\"continue-reading-link\" href=\"https:\/\/www.umweltaktivisten.de\/index.php\/2015\/06\/26\/ausgestrahlt-4\/\">weiter &#8230;<i class=\"crycon-right-dir\"><\/i><\/a><\/p>\n","protected":false},"author":1,"featured_media":480,"comment_status":"closed","ping_status":"open","sticky":false,"template":"","format":"standard","meta":{"footnotes":""},"categories":[8],"tags":[],"class_list":["post-294","post","type-post","status-publish","format-standard","has-post-thumbnail","hentry","category-ausgestrahlt"],"yoast_head":"<!-- This site is optimized with the Yoast SEO plugin v27.4 - https:\/\/yoast.com\/product\/yoast-seo-wordpress\/ -->\n<title>.ausgestrahlt - umweltaktivisten.de<\/title>\n<meta name=\"description\" content=\"Jochen Stay \u2013 eine wichtige Stimme in der Anti-AKW-Bewegung. Angefangen hat alles 2008 mit einer Kampagne im Internet.\" \/>\n<meta name=\"robots\" content=\"index, nofollow, max-snippet:-1, max-image-preview:large, max-video-preview:-1\" \/>\n<link rel=\"canonical\" href=\"https:\/\/www.umweltaktivisten.de\/index.php\/2015\/06\/26\/ausgestrahlt-4\/\" \/>\n<meta property=\"og:locale\" content=\"de_DE\" \/>\n<meta property=\"og:type\" content=\"article\" \/>\n<meta property=\"og:title\" content=\"Jochen Stay \u2013 eine wichtige Stimme in der Anti-AKW-Bewegung\" \/>\n<meta property=\"og:description\" content=\"Angefangen hat alles 2008 mit einer Kampagne im Internet. Zum Team mit f\u00fcnf festen Mitarbeitern geh\u00f6rte der Gr\u00fcnder Jochen Stay (*1965). Die Crew warb im Internet um Unterst\u00fctzung gegen die Laufzeitverl\u00e4ngerung f\u00fcr deutsche Atomkraftwerke.\" \/>\n<meta property=\"og:url\" content=\"https:\/\/www.umweltaktivisten.de\/index.php\/2015\/06\/26\/ausgestrahlt-4\/\" \/>\n<meta property=\"og:site_name\" content=\"umweltaktivisten.de\" \/>\n<meta property=\"article:published_time\" content=\"2015-06-26T09:29:06+00:00\" \/>\n<meta property=\"article:modified_time\" content=\"2017-04-06T06:54:45+00:00\" \/>\n<meta property=\"og:image\" content=\"https:\/\/www.umweltaktivisten.de\/wp-content\/uploads\/2015\/06\/teamfoto_400.png\" \/>\n\t<meta property=\"og:image:width\" content=\"400\" \/>\n\t<meta property=\"og:image:height\" content=\"277\" \/>\n\t<meta property=\"og:image:type\" content=\"image\/png\" \/>\n<meta name=\"author\" content=\"marita\" \/>\n<meta name=\"twitter:card\" content=\"summary_large_image\" \/>\n<meta name=\"twitter:label1\" content=\"Verfasst von\" \/>\n\t<meta name=\"twitter:data1\" content=\"marita\" \/>\n\t<meta name=\"twitter:label2\" content=\"Gesch\u00e4tzte Lesezeit\" \/>\n\t<meta name=\"twitter:data2\" content=\"1\u00a0Minute\" \/>\n<script type=\"application\/ld+json\" class=\"yoast-schema-graph\">{\"@context\":\"https:\\\/\\\/schema.org\",\"@graph\":[{\"@type\":\"Article\",\"@id\":\"https:\\\/\\\/www.umweltaktivisten.de\\\/index.php\\\/2015\\\/06\\\/26\\\/ausgestrahlt-4\\\/#article\",\"isPartOf\":{\"@id\":\"https:\\\/\\\/www.umweltaktivisten.de\\\/index.php\\\/2015\\\/06\\\/26\\\/ausgestrahlt-4\\\/\"},\"author\":{\"name\":\"marita\",\"@id\":\"https:\\\/\\\/www.umweltaktivisten.de\\\/#\\\/schema\\\/person\\\/af601319cc34a906612869cf3b4fd51a\"},\"headline\":\".ausgestrahlt\",\"datePublished\":\"2015-06-26T09:29:06+00:00\",\"dateModified\":\"2017-04-06T06:54:45+00:00\",\"mainEntityOfPage\":{\"@id\":\"https:\\\/\\\/www.umweltaktivisten.de\\\/index.php\\\/2015\\\/06\\\/26\\\/ausgestrahlt-4\\\/\"},\"wordCount\":297,\"image\":{\"@id\":\"https:\\\/\\\/www.umweltaktivisten.de\\\/index.php\\\/2015\\\/06\\\/26\\\/ausgestrahlt-4\\\/#primaryimage\"},\"thumbnailUrl\":\"https:\\\/\\\/www.umweltaktivisten.de\\\/wp-content\\\/uploads\\\/2015\\\/06\\\/vor_teamfoto_400.png\",\"articleSection\":[\"ausgestrahlt\"],\"inLanguage\":\"de\"},{\"@type\":\"WebPage\",\"@id\":\"https:\\\/\\\/www.umweltaktivisten.de\\\/index.php\\\/2015\\\/06\\\/26\\\/ausgestrahlt-4\\\/\",\"url\":\"https:\\\/\\\/www.umweltaktivisten.de\\\/index.php\\\/2015\\\/06\\\/26\\\/ausgestrahlt-4\\\/\",\"name\":\".ausgestrahlt - umweltaktivisten.de\",\"isPartOf\":{\"@id\":\"https:\\\/\\\/www.umweltaktivisten.de\\\/#website\"},\"primaryImageOfPage\":{\"@id\":\"https:\\\/\\\/www.umweltaktivisten.de\\\/index.php\\\/2015\\\/06\\\/26\\\/ausgestrahlt-4\\\/#primaryimage\"},\"image\":{\"@id\":\"https:\\\/\\\/www.umweltaktivisten.de\\\/index.php\\\/2015\\\/06\\\/26\\\/ausgestrahlt-4\\\/#primaryimage\"},\"thumbnailUrl\":\"https:\\\/\\\/www.umweltaktivisten.de\\\/wp-content\\\/uploads\\\/2015\\\/06\\\/vor_teamfoto_400.png\",\"datePublished\":\"2015-06-26T09:29:06+00:00\",\"dateModified\":\"2017-04-06T06:54:45+00:00\",\"author\":{\"@id\":\"https:\\\/\\\/www.umweltaktivisten.de\\\/#\\\/schema\\\/person\\\/af601319cc34a906612869cf3b4fd51a\"},\"description\":\"Jochen Stay \u2013 eine wichtige Stimme in der Anti-AKW-Bewegung. Angefangen hat alles 2008 mit einer Kampagne im Internet.\",\"breadcrumb\":{\"@id\":\"https:\\\/\\\/www.umweltaktivisten.de\\\/index.php\\\/2015\\\/06\\\/26\\\/ausgestrahlt-4\\\/#breadcrumb\"},\"inLanguage\":\"de\",\"potentialAction\":[{\"@type\":\"ReadAction\",\"target\":[\"https:\\\/\\\/www.umweltaktivisten.de\\\/index.php\\\/2015\\\/06\\\/26\\\/ausgestrahlt-4\\\/\"]}]},{\"@type\":\"ImageObject\",\"inLanguage\":\"de\",\"@id\":\"https:\\\/\\\/www.umweltaktivisten.de\\\/index.php\\\/2015\\\/06\\\/26\\\/ausgestrahlt-4\\\/#primaryimage\",\"url\":\"https:\\\/\\\/www.umweltaktivisten.de\\\/wp-content\\\/uploads\\\/2015\\\/06\\\/vor_teamfoto_400.png\",\"contentUrl\":\"https:\\\/\\\/www.umweltaktivisten.de\\\/wp-content\\\/uploads\\\/2015\\\/06\\\/vor_teamfoto_400.png\",\"width\":300,\"height\":208},{\"@type\":\"BreadcrumbList\",\"@id\":\"https:\\\/\\\/www.umweltaktivisten.de\\\/index.php\\\/2015\\\/06\\\/26\\\/ausgestrahlt-4\\\/#breadcrumb\",\"itemListElement\":[{\"@type\":\"ListItem\",\"position\":1,\"name\":\"Home\",\"item\":\"https:\\\/\\\/www.umweltaktivisten.de\\\/\"},{\"@type\":\"ListItem\",\"position\":2,\"name\":\".ausgestrahlt\"}]},{\"@type\":\"WebSite\",\"@id\":\"https:\\\/\\\/www.umweltaktivisten.de\\\/#website\",\"url\":\"https:\\\/\\\/www.umweltaktivisten.de\\\/\",\"name\":\"umweltaktivisten.de\",\"description\":\"&quot;Wir haben die Erde nur von unseren Kindern geborgt&quot;\",\"potentialAction\":[{\"@type\":\"SearchAction\",\"target\":{\"@type\":\"EntryPoint\",\"urlTemplate\":\"https:\\\/\\\/www.umweltaktivisten.de\\\/?s={search_term_string}\"},\"query-input\":{\"@type\":\"PropertyValueSpecification\",\"valueRequired\":true,\"valueName\":\"search_term_string\"}}],\"inLanguage\":\"de\"},{\"@type\":\"Person\",\"@id\":\"https:\\\/\\\/www.umweltaktivisten.de\\\/#\\\/schema\\\/person\\\/af601319cc34a906612869cf3b4fd51a\",\"name\":\"marita\",\"url\":\"https:\\\/\\\/www.umweltaktivisten.de\\\/author\\\/marita\\\/\"}]}<\/script>\n<!-- \/ Yoast SEO plugin. -->","yoast_head_json":{"title":".ausgestrahlt - umweltaktivisten.de","description":"Jochen Stay \u2013 eine wichtige Stimme in der Anti-AKW-Bewegung. Angefangen hat alles 2008 mit einer Kampagne im Internet.","robots":{"index":"index","follow":"nofollow","max-snippet":"max-snippet:-1","max-image-preview":"max-image-preview:large","max-video-preview":"max-video-preview:-1"},"canonical":"https:\/\/www.umweltaktivisten.de\/index.php\/2015\/06\/26\/ausgestrahlt-4\/","og_locale":"de_DE","og_type":"article","og_title":"Jochen Stay \u2013 eine wichtige Stimme in der Anti-AKW-Bewegung","og_description":"Angefangen hat alles 2008 mit einer Kampagne im Internet. Zum Team mit f\u00fcnf festen Mitarbeitern geh\u00f6rte der Gr\u00fcnder Jochen Stay (*1965). Die Crew warb im Internet um Unterst\u00fctzung gegen die Laufzeitverl\u00e4ngerung f\u00fcr deutsche Atomkraftwerke.","og_url":"https:\/\/www.umweltaktivisten.de\/index.php\/2015\/06\/26\/ausgestrahlt-4\/","og_site_name":"umweltaktivisten.de","article_published_time":"2015-06-26T09:29:06+00:00","article_modified_time":"2017-04-06T06:54:45+00:00","og_image":[{"width":400,"height":277,"url":"https:\/\/www.umweltaktivisten.de\/wp-content\/uploads\/2015\/06\/teamfoto_400.png","type":"image\/png"}],"author":"marita","twitter_card":"summary_large_image","twitter_misc":{"Verfasst von":"marita","Gesch\u00e4tzte Lesezeit":"1\u00a0Minute"},"schema":{"@context":"https:\/\/schema.org","@graph":[{"@type":"Article","@id":"https:\/\/www.umweltaktivisten.de\/index.php\/2015\/06\/26\/ausgestrahlt-4\/#article","isPartOf":{"@id":"https:\/\/www.umweltaktivisten.de\/index.php\/2015\/06\/26\/ausgestrahlt-4\/"},"author":{"name":"marita","@id":"https:\/\/www.umweltaktivisten.de\/#\/schema\/person\/af601319cc34a906612869cf3b4fd51a"},"headline":".ausgestrahlt","datePublished":"2015-06-26T09:29:06+00:00","dateModified":"2017-04-06T06:54:45+00:00","mainEntityOfPage":{"@id":"https:\/\/www.umweltaktivisten.de\/index.php\/2015\/06\/26\/ausgestrahlt-4\/"},"wordCount":297,"image":{"@id":"https:\/\/www.umweltaktivisten.de\/index.php\/2015\/06\/26\/ausgestrahlt-4\/#primaryimage"},"thumbnailUrl":"https:\/\/www.umweltaktivisten.de\/wp-content\/uploads\/2015\/06\/vor_teamfoto_400.png","articleSection":["ausgestrahlt"],"inLanguage":"de"},{"@type":"WebPage","@id":"https:\/\/www.umweltaktivisten.de\/index.php\/2015\/06\/26\/ausgestrahlt-4\/","url":"https:\/\/www.umweltaktivisten.de\/index.php\/2015\/06\/26\/ausgestrahlt-4\/","name":".ausgestrahlt - umweltaktivisten.de","isPartOf":{"@id":"https:\/\/www.umweltaktivisten.de\/#website"},"primaryImageOfPage":{"@id":"https:\/\/www.umweltaktivisten.de\/index.php\/2015\/06\/26\/ausgestrahlt-4\/#primaryimage"},"image":{"@id":"https:\/\/www.umweltaktivisten.de\/index.php\/2015\/06\/26\/ausgestrahlt-4\/#primaryimage"},"thumbnailUrl":"https:\/\/www.umweltaktivisten.de\/wp-content\/uploads\/2015\/06\/vor_teamfoto_400.png","datePublished":"2015-06-26T09:29:06+00:00","dateModified":"2017-04-06T06:54:45+00:00","author":{"@id":"https:\/\/www.umweltaktivisten.de\/#\/schema\/person\/af601319cc34a906612869cf3b4fd51a"},"description":"Jochen Stay \u2013 eine wichtige Stimme in der Anti-AKW-Bewegung. Angefangen hat alles 2008 mit einer Kampagne im Internet.","breadcrumb":{"@id":"https:\/\/www.umweltaktivisten.de\/index.php\/2015\/06\/26\/ausgestrahlt-4\/#breadcrumb"},"inLanguage":"de","potentialAction":[{"@type":"ReadAction","target":["https:\/\/www.umweltaktivisten.de\/index.php\/2015\/06\/26\/ausgestrahlt-4\/"]}]},{"@type":"ImageObject","inLanguage":"de","@id":"https:\/\/www.umweltaktivisten.de\/index.php\/2015\/06\/26\/ausgestrahlt-4\/#primaryimage","url":"https:\/\/www.umweltaktivisten.de\/wp-content\/uploads\/2015\/06\/vor_teamfoto_400.png","contentUrl":"https:\/\/www.umweltaktivisten.de\/wp-content\/uploads\/2015\/06\/vor_teamfoto_400.png","width":300,"height":208},{"@type":"BreadcrumbList","@id":"https:\/\/www.umweltaktivisten.de\/index.php\/2015\/06\/26\/ausgestrahlt-4\/#breadcrumb","itemListElement":[{"@type":"ListItem","position":1,"name":"Home","item":"https:\/\/www.umweltaktivisten.de\/"},{"@type":"ListItem","position":2,"name":".ausgestrahlt"}]},{"@type":"WebSite","@id":"https:\/\/www.umweltaktivisten.de\/#website","url":"https:\/\/www.umweltaktivisten.de\/","name":"umweltaktivisten.de","description":"&quot;Wir haben die Erde nur von unseren Kindern geborgt&quot;","potentialAction":[{"@type":"SearchAction","target":{"@type":"EntryPoint","urlTemplate":"https:\/\/www.umweltaktivisten.de\/?s={search_term_string}"},"query-input":{"@type":"PropertyValueSpecification","valueRequired":true,"valueName":"search_term_string"}}],"inLanguage":"de"},{"@type":"Person","@id":"https:\/\/www.umweltaktivisten.de\/#\/schema\/person\/af601319cc34a906612869cf3b4fd51a","name":"marita","url":"https:\/\/www.umweltaktivisten.de\/author\/marita\/"}]}},"_links":{"self":[{"href":"https:\/\/www.umweltaktivisten.de\/index.php\/wp-json\/wp\/v2\/posts\/294","targetHints":{"allow":["GET"]}}],"collection":[{"href":"https:\/\/www.umweltaktivisten.de\/index.php\/wp-json\/wp\/v2\/posts"}],"about":[{"href":"https:\/\/www.umweltaktivisten.de\/index.php\/wp-json\/wp\/v2\/types\/post"}],"author":[{"embeddable":true,"href":"https:\/\/www.umweltaktivisten.de\/index.php\/wp-json\/wp\/v2\/users\/1"}],"replies":[{"embeddable":true,"href":"https:\/\/www.umweltaktivisten.de\/index.php\/wp-json\/wp\/v2\/comments?post=294"}],"version-history":[{"count":3,"href":"https:\/\/www.umweltaktivisten.de\/index.php\/wp-json\/wp\/v2\/posts\/294\/revisions"}],"predecessor-version":[{"id":2140,"href":"https:\/\/www.umweltaktivisten.de\/index.php\/wp-json\/wp\/v2\/posts\/294\/revisions\/2140"}],"wp:featuredmedia":[{"embeddable":true,"href":"https:\/\/www.umweltaktivisten.de\/index.php\/wp-json\/wp\/v2\/media\/480"}],"wp:attachment":[{"href":"https:\/\/www.umweltaktivisten.de\/index.php\/wp-json\/wp\/v2\/media?parent=294"}],"wp:term":[{"taxonomy":"category","embeddable":true,"href":"https:\/\/www.umweltaktivisten.de\/index.php\/wp-json\/wp\/v2\/categories?post=294"},{"taxonomy":"post_tag","embeddable":true,"href":"https:\/\/www.umweltaktivisten.de\/index.php\/wp-json\/wp\/v2\/tags?post=294"}],"curies":[{"name":"wp","href":"https:\/\/api.w.org\/{rel}","templated":true}]}}