{"id":2911,"date":"2018-09-12T23:15:50","date_gmt":"2018-09-12T21:15:50","guid":{"rendered":"http:\/\/www.umweltaktivisten.de\/?p=2911"},"modified":"2018-09-12T23:47:50","modified_gmt":"2018-09-12T21:47:50","slug":"anti-atomkraft-initiativen-besorgt-ueber-atomare-risiken-und-castor-transporte-in-nrw","status":"publish","type":"post","link":"https:\/\/www.umweltaktivisten.de\/index.php\/2018\/09\/12\/anti-atomkraft-initiativen-besorgt-ueber-atomare-risiken-und-castor-transporte-in-nrw\/","title":{"rendered":"Initiativen besorgt \u00fcber atomare Risiken und Castor-Transporte in NRW"},"content":{"rendered":"<p><img loading=\"lazy\" decoding=\"async\" class=\"aligncenter size-large wp-image-2912\" src=\"https:\/\/www.umweltaktivisten.de\/wp-content\/uploads\/2018\/09\/lako2018_1_1200-1024x798.jpg\" alt=\"\" width=\"900\" height=\"701\" srcset=\"https:\/\/www.umweltaktivisten.de\/wp-content\/uploads\/2018\/09\/lako2018_1_1200-1024x798.jpg 1024w, https:\/\/www.umweltaktivisten.de\/wp-content\/uploads\/2018\/09\/lako2018_1_1200-300x234.jpg 300w, https:\/\/www.umweltaktivisten.de\/wp-content\/uploads\/2018\/09\/lako2018_1_1200-768x598.jpg 768w, https:\/\/www.umweltaktivisten.de\/wp-content\/uploads\/2018\/09\/lako2018_1_1200-150x117.jpg 150w, https:\/\/www.umweltaktivisten.de\/wp-content\/uploads\/2018\/09\/lako2018_1_1200.jpg 1200w\" sizes=\"auto, (max-width: 900px) 100vw, 900px\" \/><\/p>\n<p><strong>Anti-Atomkraft-Initiativen besorgt \u00fcber atomare Risiken und Castor-Transporte in NRW<\/strong><\/p>\n<p><strong>\u201eWann handelt aus NRW stammende Bundesumweltministerin Schulze endlich?\u201c<\/strong><\/p>\n<p>Vergangenen Samstag (8.9.) haben sich in J\u00fclich zur Landeskonferenz getroffen: Atomkraftgegner*innen aus NRW sowie Vertreter*innen der bundesweiten Organisationen .ausgestrahlt und des Bundesverbandes B\u00fcrgerinitiativen Umweltschutz (BBU). \u00dcber die Probleme und Entwicklungen an verschiedenen Standorten von Atomanlagen in NRW und Atomanlagen in unmittelbarerer Grenzn\u00e4he tauschten sich die Initiativen aus und berieten \u00fcber Protestaktionen. Konkret rufen die Atomkraftgegner*innen am kommenden <strong><a href=\"https:\/\/www.umweltaktivisten.de\/wp-content\/uploads\/2018\/09\/AufrufMahnwacheStaatskanzlei130918.pdf\" target=\"_blank\" rel=\"noopener\">Donnerstag, 13. September 2018 zu einer Mahnwache vor der D\u00fcsseldorfer Staatskanzlei<\/a><\/strong> auf, um auf die aktuellen Probleme in der Kohle- und Atompolitik aufmerksam zu machen.<\/p>\n<p>An allen Standorten wurde deutlich, dass die aus M\u00fcnster stammende Bundesumweltministerin Svenja Schulze (SPD) sich zu wenig um Atompolitik und die atomaren Risiken k\u00fcmmert. So sind f\u00fcr Ahaus im M\u00fcnsterland ab Herbst 2019 Castor-Transporte aus Garching und aus J\u00fclich angek\u00fcndigt. Mehrere Briefe der B\u00fcrgerinitiative aus Ahaus an die Umweltministerin wurden unter anderem mit den Worten der Staatssekret\u00e4rin abgespeist: \u201eWir nehmen ihre Sorgen sehr ernst.\u201c Inzwischen fordert Svenja Schulze \u201ceinfach\u201c eine schnellstm\u00f6gliche R\u00e4umung f\u00fcr das ungenehmigte J\u00fclicher Zwischenlager \u2013 ohne sich langfristige Gedanken \u00fcber die Sicherheit in Ahaus oder die ungel\u00f6ste Konditionierung dieses hochproblematischen Atomm\u00fclls zu machen. Die Umweltministerin nimmt sogar in Kauf, dass beim Verarbeiten des radioaktiven Graphits in einer US-Milit\u00e4ranlage radioaktiver Kohlenstoff in die Umwelt gelangt. <strong>In <a href=\"https:\/\/www.bi-ahaus.de\/\" target=\"_blank\" rel=\"noopener\">Ahaus findet am 16.9.2018 um 14 Uhr in der Innenstadt eine Kundgebung<\/a> der B\u00fcrgerinitiative statt.<\/strong><\/p>\n<p>Mit Blick auf die Aachener Region wird kritisiert, dass Svenja Schulze nun jeglichen Widerstand gegen die gef\u00e4hrlichen belgischen Rissereaktoren und deren Belieferung aus den Uranfabriken Gronau und Lingen aufgegeben hat, indem Sie einer\u00a0 befangenen Reaktorsicherheitskommission vertraut, die die Bedeutung der gefunden Risse kleinredet, obwohl sie sich nur auf belgische Daten verl\u00e4sst.<\/p>\n<p>Gleichzeitig tauschen sich die Atomkraftgegner*innen besorgt dar\u00fcber aus, dass am Karlsruher Institut f\u00fcr Technik (KIT) ganz offensichtlich an neuen Reaktortypen geforscht wird. Ein Karlsruher Forscher ist am 30. Oktober bei der Thorium-Tagung in Br\u00fcssel als Redner angek\u00fcndigt. Solche Forschung konterkariert einen Atomausstieg nach Ansicht der Landeskonferenz genauso wie der unbefristete Weiterbetrieb der Uranfabriken in Gronau und Lingen. Lediglich zur Gronauer Urananreicherungsanlage \u00e4u\u00dferte sich Svenja Schulze gegen\u00fcber den Initiativen etwas ausf\u00fchrlicher, was offenbar daran liegt, dass Gronauer Uranoxid nun in Besitz der britischen Urananreicherungsanlage \u00fcbergegangen ist und damit nicht mehr in ihrem Zust\u00e4ndigkeitsbereich liegt.<\/p>\n<p>Die Landeskonferenz der Anti-Atomkraft-Initiativen fordert die Bundesumweltministerin auf, sich nicht l\u00e4nger vor den atomaren Problemen in NRW zu dr\u00fccken und diese mit dem Ziel gr\u00f6\u00dftm\u00f6glicher Sicherheit anzugehen.<\/p>\n<p><img loading=\"lazy\" decoding=\"async\" class=\"aligncenter size-large wp-image-2913\" src=\"https:\/\/www.umweltaktivisten.de\/wp-content\/uploads\/2018\/09\/lako2018_2_1200-1024x768.jpg\" alt=\"\" width=\"900\" height=\"675\" srcset=\"https:\/\/www.umweltaktivisten.de\/wp-content\/uploads\/2018\/09\/lako2018_2_1200-1024x768.jpg 1024w, https:\/\/www.umweltaktivisten.de\/wp-content\/uploads\/2018\/09\/lako2018_2_1200-300x225.jpg 300w, https:\/\/www.umweltaktivisten.de\/wp-content\/uploads\/2018\/09\/lako2018_2_1200-768x576.jpg 768w, https:\/\/www.umweltaktivisten.de\/wp-content\/uploads\/2018\/09\/lako2018_2_1200-150x113.jpg 150w, https:\/\/www.umweltaktivisten.de\/wp-content\/uploads\/2018\/09\/lako2018_2_1200.jpg 1200w\" sizes=\"auto, (max-width: 900px) 100vw, 900px\" \/><\/p>\n<p>Nach der Landeskonferenz besuchten die Atomkraftgegner*innen die Widerstandscamps und Baumbesetzungen im Hambacher Forst. Neben der Unterst\u00fctzung durch Sach- und Lebensmittelspenden, sowie guten Gespr\u00e4chen mit den Menschen vor Ort, erkl\u00e4rten die Teilnehmer*innen der Konferenz Ihre Solidarit\u00e4t mit den Zielen des Widerstands: \u201e Stopp f\u00fcr die weitere Rodung des Hambacher Forstes! \u2013 \u00a0Ausstieg aus der schmutzigen Energiegewinnung durch Braunkohleverbrennung!\u201c<br \/>\nKritisiert wurde die massive Kriminalisierung des Widerstands, gefordert wird ein deutliches Handeln der Verantwortlichen in Politik und Wirtschaft, um die genannten Ziele zu verwirklichen. Die dort zu beobachtenden polizeilichen Repressalien und teils absurden \u00dcbertreibungen was die Gewaltt\u00e4tigkeit angeht, kennen die Atomkraftgegner*innen von Castor-Transporten leider nur zur Gen\u00fcge.<\/p>\n","protected":false},"excerpt":{"rendered":"<p>Anti-Atomkraft-Initiativen besorgt \u00fcber atomare Risiken und Castor-Transporte in NRW \u201eWann handelt aus NRW stammende Bundesumweltministerin Schulze endlich?\u201c Vergangenen Samstag (8.9.) haben sich in J\u00fclich zur Landeskonferenz getroffen: Atomkraftgegner*innen aus NRW sowie Vertreter*innen der bundesweiten Organisationen .ausgestrahlt und des Bundesverbandes B\u00fcrgerinitiativen Umweltschutz (BBU). \u00dcber die Probleme und Entwicklungen an verschiedenen Standorten\u2026<\/p>\n<p class=\"continue-reading-button\"> <a class=\"continue-reading-link\" href=\"https:\/\/www.umweltaktivisten.de\/index.php\/2018\/09\/12\/anti-atomkraft-initiativen-besorgt-ueber-atomare-risiken-und-castor-transporte-in-nrw\/\">weiter &#8230;<i class=\"crycon-right-dir\"><\/i><\/a><\/p>\n","protected":false},"author":1,"featured_media":2914,"comment_status":"closed","ping_status":"closed","sticky":false,"template":"","format":"standard","meta":{"footnotes":""},"categories":[20,21,10],"tags":[153,47,300,100],"class_list":["post-2911","post","type-post","status-publish","format-standard","has-post-thumbnail","hentry","category-braunkohle","category-atom","category-stop-westcastor","tag-ahaus","tag-hambacher-forst","tag-lako","tag-stop-westcastor"],"yoast_head":"<!-- This site is optimized with the Yoast SEO plugin v27.5 - https:\/\/yoast.com\/product\/yoast-seo-wordpress\/ -->\n<title>Initiativen besorgt \u00fcber atomare Risiken und Castor-Transporte in NRW - umweltaktivisten.de<\/title>\n<meta name=\"robots\" content=\"index, nofollow, max-snippet:-1, max-image-preview:large, max-video-preview:-1\" \/>\n<link rel=\"canonical\" href=\"https:\/\/www.umweltaktivisten.de\/index.php\/2018\/09\/12\/anti-atomkraft-initiativen-besorgt-ueber-atomare-risiken-und-castor-transporte-in-nrw\/\" \/>\n<meta property=\"og:locale\" content=\"de_DE\" \/>\n<meta property=\"og:type\" content=\"article\" \/>\n<meta property=\"og:title\" content=\"Initiativen besorgt \u00fcber atomare Risiken und Castor-Transporte in NRW - umweltaktivisten.de\" \/>\n<meta property=\"og:description\" content=\"Anti-Atomkraft-Initiativen besorgt \u00fcber atomare Risiken und Castor-Transporte in NRW \u201eWann handelt aus NRW stammende Bundesumweltministerin Schulze endlich?\u201c Vergangenen Samstag (8.9.) haben sich in J\u00fclich zur Landeskonferenz getroffen: Atomkraftgegner*innen aus NRW sowie Vertreter*innen der bundesweiten Organisationen .ausgestrahlt und des Bundesverbandes B\u00fcrgerinitiativen Umweltschutz (BBU). \u00dcber die Probleme und Entwicklungen an verschiedenen Standorten\u2026 weiter ...\" \/>\n<meta property=\"og:url\" content=\"https:\/\/www.umweltaktivisten.de\/index.php\/2018\/09\/12\/anti-atomkraft-initiativen-besorgt-ueber-atomare-risiken-und-castor-transporte-in-nrw\/\" \/>\n<meta property=\"og:site_name\" content=\"umweltaktivisten.de\" \/>\n<meta property=\"article:published_time\" content=\"2018-09-12T21:15:50+00:00\" \/>\n<meta property=\"article:modified_time\" content=\"2018-09-12T21:47:50+00:00\" \/>\n<meta property=\"og:image\" content=\"https:\/\/www.umweltaktivisten.de\/wp-content\/uploads\/2018\/09\/lako2018_1.jpg\" \/>\n\t<meta property=\"og:image:width\" content=\"320\" \/>\n\t<meta property=\"og:image:height\" content=\"249\" \/>\n\t<meta property=\"og:image:type\" content=\"image\/jpeg\" \/>\n<meta name=\"author\" content=\"marita\" \/>\n<meta name=\"twitter:card\" content=\"summary_large_image\" \/>\n<meta name=\"twitter:label1\" content=\"Verfasst von\" \/>\n\t<meta name=\"twitter:data1\" content=\"marita\" \/>\n\t<meta name=\"twitter:label2\" content=\"Gesch\u00e4tzte Lesezeit\" \/>\n\t<meta name=\"twitter:data2\" content=\"3\u00a0Minuten\" \/>\n<script type=\"application\/ld+json\" class=\"yoast-schema-graph\">{\"@context\":\"https:\\\/\\\/schema.org\",\"@graph\":[{\"@type\":\"Article\",\"@id\":\"https:\\\/\\\/www.umweltaktivisten.de\\\/index.php\\\/2018\\\/09\\\/12\\\/anti-atomkraft-initiativen-besorgt-ueber-atomare-risiken-und-castor-transporte-in-nrw\\\/#article\",\"isPartOf\":{\"@id\":\"https:\\\/\\\/www.umweltaktivisten.de\\\/index.php\\\/2018\\\/09\\\/12\\\/anti-atomkraft-initiativen-besorgt-ueber-atomare-risiken-und-castor-transporte-in-nrw\\\/\"},\"author\":{\"name\":\"marita\",\"@id\":\"https:\\\/\\\/www.umweltaktivisten.de\\\/#\\\/schema\\\/person\\\/af601319cc34a906612869cf3b4fd51a\"},\"headline\":\"Initiativen besorgt \u00fcber atomare Risiken und Castor-Transporte in NRW\",\"datePublished\":\"2018-09-12T21:15:50+00:00\",\"dateModified\":\"2018-09-12T21:47:50+00:00\",\"mainEntityOfPage\":{\"@id\":\"https:\\\/\\\/www.umweltaktivisten.de\\\/index.php\\\/2018\\\/09\\\/12\\\/anti-atomkraft-initiativen-besorgt-ueber-atomare-risiken-und-castor-transporte-in-nrw\\\/\"},\"wordCount\":554,\"image\":{\"@id\":\"https:\\\/\\\/www.umweltaktivisten.de\\\/index.php\\\/2018\\\/09\\\/12\\\/anti-atomkraft-initiativen-besorgt-ueber-atomare-risiken-und-castor-transporte-in-nrw\\\/#primaryimage\"},\"thumbnailUrl\":\"https:\\\/\\\/www.umweltaktivisten.de\\\/wp-content\\\/uploads\\\/2018\\\/09\\\/lako2018_1.jpg\",\"keywords\":[\"Ahaus\",\"Hambacher Forst\",\"Lako\",\"STOP Westcastor\"],\"articleSection\":[\"Braunkohle\",\"Atom\",\"Stop Westcastor\"],\"inLanguage\":\"de\"},{\"@type\":\"WebPage\",\"@id\":\"https:\\\/\\\/www.umweltaktivisten.de\\\/index.php\\\/2018\\\/09\\\/12\\\/anti-atomkraft-initiativen-besorgt-ueber-atomare-risiken-und-castor-transporte-in-nrw\\\/\",\"url\":\"https:\\\/\\\/www.umweltaktivisten.de\\\/index.php\\\/2018\\\/09\\\/12\\\/anti-atomkraft-initiativen-besorgt-ueber-atomare-risiken-und-castor-transporte-in-nrw\\\/\",\"name\":\"Initiativen besorgt \u00fcber atomare Risiken und Castor-Transporte in NRW - umweltaktivisten.de\",\"isPartOf\":{\"@id\":\"https:\\\/\\\/www.umweltaktivisten.de\\\/#website\"},\"primaryImageOfPage\":{\"@id\":\"https:\\\/\\\/www.umweltaktivisten.de\\\/index.php\\\/2018\\\/09\\\/12\\\/anti-atomkraft-initiativen-besorgt-ueber-atomare-risiken-und-castor-transporte-in-nrw\\\/#primaryimage\"},\"image\":{\"@id\":\"https:\\\/\\\/www.umweltaktivisten.de\\\/index.php\\\/2018\\\/09\\\/12\\\/anti-atomkraft-initiativen-besorgt-ueber-atomare-risiken-und-castor-transporte-in-nrw\\\/#primaryimage\"},\"thumbnailUrl\":\"https:\\\/\\\/www.umweltaktivisten.de\\\/wp-content\\\/uploads\\\/2018\\\/09\\\/lako2018_1.jpg\",\"datePublished\":\"2018-09-12T21:15:50+00:00\",\"dateModified\":\"2018-09-12T21:47:50+00:00\",\"author\":{\"@id\":\"https:\\\/\\\/www.umweltaktivisten.de\\\/#\\\/schema\\\/person\\\/af601319cc34a906612869cf3b4fd51a\"},\"breadcrumb\":{\"@id\":\"https:\\\/\\\/www.umweltaktivisten.de\\\/index.php\\\/2018\\\/09\\\/12\\\/anti-atomkraft-initiativen-besorgt-ueber-atomare-risiken-und-castor-transporte-in-nrw\\\/#breadcrumb\"},\"inLanguage\":\"de\",\"potentialAction\":[{\"@type\":\"ReadAction\",\"target\":[\"https:\\\/\\\/www.umweltaktivisten.de\\\/index.php\\\/2018\\\/09\\\/12\\\/anti-atomkraft-initiativen-besorgt-ueber-atomare-risiken-und-castor-transporte-in-nrw\\\/\"]}]},{\"@type\":\"ImageObject\",\"inLanguage\":\"de\",\"@id\":\"https:\\\/\\\/www.umweltaktivisten.de\\\/index.php\\\/2018\\\/09\\\/12\\\/anti-atomkraft-initiativen-besorgt-ueber-atomare-risiken-und-castor-transporte-in-nrw\\\/#primaryimage\",\"url\":\"https:\\\/\\\/www.umweltaktivisten.de\\\/wp-content\\\/uploads\\\/2018\\\/09\\\/lako2018_1.jpg\",\"contentUrl\":\"https:\\\/\\\/www.umweltaktivisten.de\\\/wp-content\\\/uploads\\\/2018\\\/09\\\/lako2018_1.jpg\",\"width\":320,\"height\":249},{\"@type\":\"BreadcrumbList\",\"@id\":\"https:\\\/\\\/www.umweltaktivisten.de\\\/index.php\\\/2018\\\/09\\\/12\\\/anti-atomkraft-initiativen-besorgt-ueber-atomare-risiken-und-castor-transporte-in-nrw\\\/#breadcrumb\",\"itemListElement\":[{\"@type\":\"ListItem\",\"position\":1,\"name\":\"Home\",\"item\":\"https:\\\/\\\/www.umweltaktivisten.de\\\/\"},{\"@type\":\"ListItem\",\"position\":2,\"name\":\"Initiativen besorgt \u00fcber atomare Risiken und Castor-Transporte in NRW\"}]},{\"@type\":\"WebSite\",\"@id\":\"https:\\\/\\\/www.umweltaktivisten.de\\\/#website\",\"url\":\"https:\\\/\\\/www.umweltaktivisten.de\\\/\",\"name\":\"umweltaktivisten.de\",\"description\":\"&quot;Wir haben die Erde nur von unseren Kindern geborgt&quot;\",\"potentialAction\":[{\"@type\":\"SearchAction\",\"target\":{\"@type\":\"EntryPoint\",\"urlTemplate\":\"https:\\\/\\\/www.umweltaktivisten.de\\\/?s={search_term_string}\"},\"query-input\":{\"@type\":\"PropertyValueSpecification\",\"valueRequired\":true,\"valueName\":\"search_term_string\"}}],\"inLanguage\":\"de\"},{\"@type\":\"Person\",\"@id\":\"https:\\\/\\\/www.umweltaktivisten.de\\\/#\\\/schema\\\/person\\\/af601319cc34a906612869cf3b4fd51a\",\"name\":\"marita\",\"url\":\"https:\\\/\\\/www.umweltaktivisten.de\\\/author\\\/marita\\\/\"}]}<\/script>\n<!-- \/ Yoast SEO plugin. -->","yoast_head_json":{"title":"Initiativen besorgt \u00fcber atomare Risiken und Castor-Transporte in NRW - umweltaktivisten.de","robots":{"index":"index","follow":"nofollow","max-snippet":"max-snippet:-1","max-image-preview":"max-image-preview:large","max-video-preview":"max-video-preview:-1"},"canonical":"https:\/\/www.umweltaktivisten.de\/index.php\/2018\/09\/12\/anti-atomkraft-initiativen-besorgt-ueber-atomare-risiken-und-castor-transporte-in-nrw\/","og_locale":"de_DE","og_type":"article","og_title":"Initiativen besorgt \u00fcber atomare Risiken und Castor-Transporte in NRW - umweltaktivisten.de","og_description":"Anti-Atomkraft-Initiativen besorgt \u00fcber atomare Risiken und Castor-Transporte in NRW \u201eWann handelt aus NRW stammende Bundesumweltministerin Schulze endlich?\u201c Vergangenen Samstag (8.9.) haben sich in J\u00fclich zur Landeskonferenz getroffen: Atomkraftgegner*innen aus NRW sowie Vertreter*innen der bundesweiten Organisationen .ausgestrahlt und des Bundesverbandes B\u00fcrgerinitiativen Umweltschutz (BBU). \u00dcber die Probleme und Entwicklungen an verschiedenen Standorten\u2026 weiter ...","og_url":"https:\/\/www.umweltaktivisten.de\/index.php\/2018\/09\/12\/anti-atomkraft-initiativen-besorgt-ueber-atomare-risiken-und-castor-transporte-in-nrw\/","og_site_name":"umweltaktivisten.de","article_published_time":"2018-09-12T21:15:50+00:00","article_modified_time":"2018-09-12T21:47:50+00:00","og_image":[{"width":320,"height":249,"url":"https:\/\/www.umweltaktivisten.de\/wp-content\/uploads\/2018\/09\/lako2018_1.jpg","type":"image\/jpeg"}],"author":"marita","twitter_card":"summary_large_image","twitter_misc":{"Verfasst von":"marita","Gesch\u00e4tzte Lesezeit":"3\u00a0Minuten"},"schema":{"@context":"https:\/\/schema.org","@graph":[{"@type":"Article","@id":"https:\/\/www.umweltaktivisten.de\/index.php\/2018\/09\/12\/anti-atomkraft-initiativen-besorgt-ueber-atomare-risiken-und-castor-transporte-in-nrw\/#article","isPartOf":{"@id":"https:\/\/www.umweltaktivisten.de\/index.php\/2018\/09\/12\/anti-atomkraft-initiativen-besorgt-ueber-atomare-risiken-und-castor-transporte-in-nrw\/"},"author":{"name":"marita","@id":"https:\/\/www.umweltaktivisten.de\/#\/schema\/person\/af601319cc34a906612869cf3b4fd51a"},"headline":"Initiativen besorgt \u00fcber atomare Risiken und Castor-Transporte in NRW","datePublished":"2018-09-12T21:15:50+00:00","dateModified":"2018-09-12T21:47:50+00:00","mainEntityOfPage":{"@id":"https:\/\/www.umweltaktivisten.de\/index.php\/2018\/09\/12\/anti-atomkraft-initiativen-besorgt-ueber-atomare-risiken-und-castor-transporte-in-nrw\/"},"wordCount":554,"image":{"@id":"https:\/\/www.umweltaktivisten.de\/index.php\/2018\/09\/12\/anti-atomkraft-initiativen-besorgt-ueber-atomare-risiken-und-castor-transporte-in-nrw\/#primaryimage"},"thumbnailUrl":"https:\/\/www.umweltaktivisten.de\/wp-content\/uploads\/2018\/09\/lako2018_1.jpg","keywords":["Ahaus","Hambacher Forst","Lako","STOP Westcastor"],"articleSection":["Braunkohle","Atom","Stop Westcastor"],"inLanguage":"de"},{"@type":"WebPage","@id":"https:\/\/www.umweltaktivisten.de\/index.php\/2018\/09\/12\/anti-atomkraft-initiativen-besorgt-ueber-atomare-risiken-und-castor-transporte-in-nrw\/","url":"https:\/\/www.umweltaktivisten.de\/index.php\/2018\/09\/12\/anti-atomkraft-initiativen-besorgt-ueber-atomare-risiken-und-castor-transporte-in-nrw\/","name":"Initiativen besorgt \u00fcber atomare Risiken und Castor-Transporte in NRW - umweltaktivisten.de","isPartOf":{"@id":"https:\/\/www.umweltaktivisten.de\/#website"},"primaryImageOfPage":{"@id":"https:\/\/www.umweltaktivisten.de\/index.php\/2018\/09\/12\/anti-atomkraft-initiativen-besorgt-ueber-atomare-risiken-und-castor-transporte-in-nrw\/#primaryimage"},"image":{"@id":"https:\/\/www.umweltaktivisten.de\/index.php\/2018\/09\/12\/anti-atomkraft-initiativen-besorgt-ueber-atomare-risiken-und-castor-transporte-in-nrw\/#primaryimage"},"thumbnailUrl":"https:\/\/www.umweltaktivisten.de\/wp-content\/uploads\/2018\/09\/lako2018_1.jpg","datePublished":"2018-09-12T21:15:50+00:00","dateModified":"2018-09-12T21:47:50+00:00","author":{"@id":"https:\/\/www.umweltaktivisten.de\/#\/schema\/person\/af601319cc34a906612869cf3b4fd51a"},"breadcrumb":{"@id":"https:\/\/www.umweltaktivisten.de\/index.php\/2018\/09\/12\/anti-atomkraft-initiativen-besorgt-ueber-atomare-risiken-und-castor-transporte-in-nrw\/#breadcrumb"},"inLanguage":"de","potentialAction":[{"@type":"ReadAction","target":["https:\/\/www.umweltaktivisten.de\/index.php\/2018\/09\/12\/anti-atomkraft-initiativen-besorgt-ueber-atomare-risiken-und-castor-transporte-in-nrw\/"]}]},{"@type":"ImageObject","inLanguage":"de","@id":"https:\/\/www.umweltaktivisten.de\/index.php\/2018\/09\/12\/anti-atomkraft-initiativen-besorgt-ueber-atomare-risiken-und-castor-transporte-in-nrw\/#primaryimage","url":"https:\/\/www.umweltaktivisten.de\/wp-content\/uploads\/2018\/09\/lako2018_1.jpg","contentUrl":"https:\/\/www.umweltaktivisten.de\/wp-content\/uploads\/2018\/09\/lako2018_1.jpg","width":320,"height":249},{"@type":"BreadcrumbList","@id":"https:\/\/www.umweltaktivisten.de\/index.php\/2018\/09\/12\/anti-atomkraft-initiativen-besorgt-ueber-atomare-risiken-und-castor-transporte-in-nrw\/#breadcrumb","itemListElement":[{"@type":"ListItem","position":1,"name":"Home","item":"https:\/\/www.umweltaktivisten.de\/"},{"@type":"ListItem","position":2,"name":"Initiativen besorgt \u00fcber atomare Risiken und Castor-Transporte in NRW"}]},{"@type":"WebSite","@id":"https:\/\/www.umweltaktivisten.de\/#website","url":"https:\/\/www.umweltaktivisten.de\/","name":"umweltaktivisten.de","description":"&quot;Wir haben die Erde nur von unseren Kindern geborgt&quot;","potentialAction":[{"@type":"SearchAction","target":{"@type":"EntryPoint","urlTemplate":"https:\/\/www.umweltaktivisten.de\/?s={search_term_string}"},"query-input":{"@type":"PropertyValueSpecification","valueRequired":true,"valueName":"search_term_string"}}],"inLanguage":"de"},{"@type":"Person","@id":"https:\/\/www.umweltaktivisten.de\/#\/schema\/person\/af601319cc34a906612869cf3b4fd51a","name":"marita","url":"https:\/\/www.umweltaktivisten.de\/author\/marita\/"}]}},"_links":{"self":[{"href":"https:\/\/www.umweltaktivisten.de\/index.php\/wp-json\/wp\/v2\/posts\/2911","targetHints":{"allow":["GET"]}}],"collection":[{"href":"https:\/\/www.umweltaktivisten.de\/index.php\/wp-json\/wp\/v2\/posts"}],"about":[{"href":"https:\/\/www.umweltaktivisten.de\/index.php\/wp-json\/wp\/v2\/types\/post"}],"author":[{"embeddable":true,"href":"https:\/\/www.umweltaktivisten.de\/index.php\/wp-json\/wp\/v2\/users\/1"}],"replies":[{"embeddable":true,"href":"https:\/\/www.umweltaktivisten.de\/index.php\/wp-json\/wp\/v2\/comments?post=2911"}],"version-history":[{"count":7,"href":"https:\/\/www.umweltaktivisten.de\/index.php\/wp-json\/wp\/v2\/posts\/2911\/revisions"}],"predecessor-version":[{"id":2922,"href":"https:\/\/www.umweltaktivisten.de\/index.php\/wp-json\/wp\/v2\/posts\/2911\/revisions\/2922"}],"wp:featuredmedia":[{"embeddable":true,"href":"https:\/\/www.umweltaktivisten.de\/index.php\/wp-json\/wp\/v2\/media\/2914"}],"wp:attachment":[{"href":"https:\/\/www.umweltaktivisten.de\/index.php\/wp-json\/wp\/v2\/media?parent=2911"}],"wp:term":[{"taxonomy":"category","embeddable":true,"href":"https:\/\/www.umweltaktivisten.de\/index.php\/wp-json\/wp\/v2\/categories?post=2911"},{"taxonomy":"post_tag","embeddable":true,"href":"https:\/\/www.umweltaktivisten.de\/index.php\/wp-json\/wp\/v2\/tags?post=2911"}],"curies":[{"name":"wp","href":"https:\/\/api.w.org\/{rel}","templated":true}]}}