{"id":2825,"date":"2018-07-27T10:03:06","date_gmt":"2018-07-27T08:03:06","guid":{"rendered":"http:\/\/www.umweltaktivisten.de\/?p=2825"},"modified":"2018-07-27T10:03:06","modified_gmt":"2018-07-27T08:03:06","slug":"neue-kritik-an-rsk-befangenheit-zu-tihange-doel-2","status":"publish","type":"post","link":"https:\/\/www.umweltaktivisten.de\/index.php\/2018\/07\/27\/neue-kritik-an-rsk-befangenheit-zu-tihange-doel-2\/","title":{"rendered":"Neue Kritik an RSK-Befangenheit zu Tihange\/Doel"},"content":{"rendered":"<div id=\"attachment_1392\" style=\"width: 310px\" class=\"wp-caption alignleft\"><img loading=\"lazy\" decoding=\"async\" aria-describedby=\"caption-attachment-1392\" class=\"size-medium wp-image-1392\" src=\"https:\/\/www.umweltaktivisten.de\/wp-content\/uploads\/2016\/09\/radioactive-151085_1280-300x300.png\" alt=\"\" width=\"300\" height=\"300\" srcset=\"https:\/\/www.umweltaktivisten.de\/wp-content\/uploads\/2016\/09\/radioactive-151085_1280-300x300.png 300w, https:\/\/www.umweltaktivisten.de\/wp-content\/uploads\/2016\/09\/radioactive-151085_1280-150x150.png 150w, https:\/\/www.umweltaktivisten.de\/wp-content\/uploads\/2016\/09\/radioactive-151085_1280-1024x1024.png 1024w, https:\/\/www.umweltaktivisten.de\/wp-content\/uploads\/2016\/09\/radioactive-151085_1280.png 1280w\" sizes=\"auto, (max-width: 300px) 100vw, 300px\" \/><p id=\"caption-attachment-1392\" class=\"wp-caption-text\">Grafik: pixabay<\/p><\/div>\n<h5><\/h5>\n<ul>\n<li>\n<h5><strong>Atomkraftgegner entsetzt \u00fcber Umweltministerin Schulze<\/strong><\/h5>\n<\/li>\n<li>\n<h5><strong>RSK-Chef Wieland verwickelt sich in Widerspr\u00fcche<\/strong><\/h5>\n<\/li>\n<li>\n<h5><strong>Warum schweigt NRW-Ministerpr\u00e4sident Laschet bislang?<\/strong><\/h5>\n<\/li>\n<\/ul>\n<p>Anti-Atomkraft-Initiativen aus NRW und Niedersachsen, der Bundesverband B\u00fcrgerinitiativen Umweltschutz (BBU), die \u00c4rzteorganisation IPPNW sowie der Naturschutzbund Nordrhein-Westfalen (NABU) sind entsetzt \u00fcber die abwiegelnde Reaktion aus dem Bundesumweltministerium angesichts der Tatsache, dass Mitarbeiter Atomkonzerns EDF-Framatome an der Stellungnahme der Reaktorsicherheitskommission (RSK) zur angeblichen &#8222;Sicherheit&#8220; der beiden Pannenreaktoren beteiligt waren. EDF-Framatome ist auch an den belgischen Reaktorstandorten Tihange und Doel stark engagiert und Miteigent\u00fcmerin der Reaktoren. Das herunterspielende Verhalten von Bundesumweltministerin Svenja Schulze trotz dieser gravierenden Ungereimtheiten und trotz der fundierten Kritik der Atomaufsicht in Baden-W\u00fcrttemberg ist v\u00f6llig unangemessen. Das Bundesumweltministerium gibt selbst in seiner Antwort zu, dass eine eigenst\u00e4ndige \u00dcberpr\u00fcfung der AKW-Sicherheit gar nicht erw\u00fcnscht war und ist. Dennoch wurde diese RSK-Stellungnahme \u00f6ffentlich f\u00e4lschlicherweise als Sicherheitsnachweis verkauft und die RSK von der Ministerin als unabh\u00e4ngiges Gremium gelobt, obwohl zum Beispiel in dem federf\u00fchrenden Fachausschuss kein einziger kritischer Atomwissenschaftler sitzt.<\/p>\n<p>&#8222;Wir erwarten von der Bundesumweltministerin, dass sie sich von der RSK-Stellungnahme distanziert und ein tats\u00e4chlich unabh\u00e4ngiges Gremium einberuft. Wertvolle Zeit ist verloren gegangen, weil unter den Augen und mit Billigung des Bundesumweltministeriums beruflich vollkommen befangene Angestellte von beteiligten Atomkonzernen an der brisanten Stellungnahme mitschrieben. Ohne Neuanfang ist das verlorene Vertrauen nicht zur\u00fcckzugewinnen&#8220;, so Walter Schumacher vom Aachener Aktionsb\u00fcndnis gegen Atomenergie. \u201eUnd warum h\u00fcllt sich eigentlich der sonst so forsch auftretende NRW-Ministerpr\u00e4sident Armin Laschet bislang in Schweigen?&#8220;, erg\u00e4nzte Schumacher.<\/p>\n<p><strong>RSK-Chef Wieland sorgt f\u00fcr neuen Wirbel<\/strong><\/p>\n<p>Scharfe Kritik \u00e4u\u00dfern die Anti-Atomkraft-Initiativen auch an den j\u00fcngsten \u00c4u\u00dferungen des RSK-Chefs Rudolf Wieland. In den Aachener Nachrichten hatte er am Dienstag best\u00e4tigt, dass zwei EDF\/Framatome-Mitarbeiter an der Ausarbeitung der RSK-Stellungnahme beteiligt waren. Am Mittwoch versuchte er sich jedoch selbst zu dementieren mit dem fadenscheinigen Verweis zum Beispiel auf Krankheitszeiten der Framatome-Mitarbeiter.<br \/>\nAm 8. Juli hatten die Aachener Nachrichten zudem ein l\u00e4ngeres Exklusivgespr\u00e4ch mit Wieland unwidersprochen mit der \u00dcberschrift versehen: <a href=\"https:\/\/www.aachener-zeitung.de\/lokales\/region\/studie-belgiens-reaktoren-sind-sicher-1.1937158\" target=\"_blank\" rel=\"noopener\">\u201eStudie: Belgiens Reaktoren sind sicher&#8220;<\/a>. Gestern schrieb Wieland jedoch dem Leiter der Stuttgarter Atomaufsicht Niehaus laut Badischer Zeitung: \u201eWeder die Kommission noch ich haben in Pressegespr\u00e4chen eine Aussage zur Unbedenklichkeit oder Bedenklichkeit eines Weiterbetriebs der belgischen Reaktoren getroffen.&#8220;<\/p>\n<p>Welche Aussagen des RSK-Chefs sind ernstzunehmen und welche Wendung wird er morgen vollziehen?<\/p>\n<p><strong>Weitere Verwicklungen der RSK mit Belgien und Atomindustrie<\/strong><\/p>\n<p>Die Anti-Atomkraft-Initiativen weisen zudem darauf hin, dass auch mehrere weitere Mitglieder der RSK beruflich in bedenklicher N\u00e4he der belgischen AKW-Betreiber und von EDF\/Framatome agieren: Erstens arbeiten mehrere Personen f\u00fcr EON\/Preussen Elektra, unter anderem der AKW-Leiter von Brokdorf, Uwe Jorden. EON ist Anteilseigner des Gronauer Urananreicherers Urenco, der wiederum angereichertes Uran f\u00fcr die belgischen AKW liefert und damit ebenfalls am Weiterbetrieb der belgischen Pannenreaktoren interessiert ist.<br \/>\nZweitens ist auch die gro\u00dfe Rolle des T\u00dcV bedenklich. Der T\u00dcV Nord \u2013 bei dem Wieland bis M\u00e4rz 2017 besch\u00e4ftigt war und der in Form von Thomas Riekert den betreffenden RSK-Fachausschuss leitet \u2013 wirbt unter dem Label &#8222;T\u00dcV Nord Nuclear&#8220; explizit um internationale Kunden zum Beispiel f\u00fcr den AKW-Neubau, und zwar nicht nur bei Genehmigungsbeh\u00f6rden, sondern konkret auch bei AKW-Betreibern und -Herstellern. Ein Gef\u00e4lligkeitsgutachten der RSK kommt bei dieser Gesch\u00e4ftsstrategie sehr gelegen, da EDF und Engie-Electrabel gro\u00dfe Player in der EU sind. Interessenkollisionen sind so nicht auszuschlie\u00dfen.<br \/>\nUnd drittens war schon gestern herausgekommen, dass der langj\u00e4hrige Erlangener Areva-Angestellte Uwe Stoll seit 2016 technisch-wissenschaftlicher Gesch\u00e4ftsf\u00fchrer der Gesellschaft f\u00fcr Anlagen- und Reaktorsicherheit (GRS) ist. Die GRS spielt in der RSK ebenfalls eine wichtige Rolle.<\/p>\n<p>&#8222;Von Unabh\u00e4ngigkeit ist in der RSK nicht viel zu sehen. Die wenigen atomkritischen Mitglieder sind nur ein Feigenblatt f\u00fcr die \u00d6ffentlichkeit. Das ist sehr bedenklich. Schlie\u00dflich geht es hier nicht um das richtige Rezept f\u00fcr eine Obsttorte, sondern um die Sicherheit f\u00fcr Millionen von Menschen. Bei der Bewertung von Atomanlagen braucht es einen v\u00f6lligen Neuanfang. Dazu muss der RSK-Vorsitzende Rudolf Wieland seinen Hut nehmen, weil er die RSK auch sieben Jahre nach Fukushima als unkritisches, atomfreundliches Gremium betreibt&#8220;, so Kerstin Rudek von der BI Umweltschutz L\u00fcchow-Dannenberg.<\/p>\n<p>\u201eEs zeigt sich, wie wichtig ein kompletter und umfangreicher Atomausstieg ist. Noch immer halten die wichtigsten Gremien des Bundesumweltministeriums an dem gef\u00e4hrlichen Luftschloss von der angeblich &#8222;sicheren Atomkraft&#8220; fest. Noch immer werden selbst die gef\u00e4hrlichsten Reaktoren in den Nachbarl\u00e4ndern mit Brennelementen und angereichertem Uran aus Deutschland versorgt. Das ist unverantwortlich. Union und SPD m\u00fcssen endlich die im Koalitionsvertrag verankerten Ziele eines Exportstopps f\u00fcr Brennelemente und angereichertes Uran sowie f\u00fcr mehr Atomsicherheit in der EU umsetzen, statt sich hinter einer zweifelhaften RSK-Stellungnahme zu verstecken&#8220;, so Josef Tumbrinck, der Vorsitzende des NABU-Landesverbandes NRW.<\/p>\n<p><strong>PM von:<\/strong><br \/>\nAachener Aktionsb\u00fcndnis gegen Atomenergie<br \/>\nAktionsb\u00fcndnis M\u00fcnsterland gegen Atomanlagen<br \/>\nAntiAtom Bonn<br \/>\nArbeitskreis Umwelt (AKU) Sch\u00fcttorf<br \/>\nBI Umweltschutz L\u00fcchow-Dannenberg<br \/>\nBundesverband B\u00fcrgerinitiativen Umweltschutz (BBU)<br \/>\nIPPNW \u2013 Internationale \u00c4rzte zur Verh\u00fctung eines Atomkriegs \/ \u00c4rzte in sozialer Verantwortung<br \/>\nNaturschutzbund Nordrhein-Westfalen (NABU)<\/p>\n<p><img loading=\"lazy\" decoding=\"async\" class=\"alignleft wp-image-2813\" src=\"https:\/\/www.umweltaktivisten.de\/wp-content\/uploads\/2018\/07\/news-1172463_1280-300x225.jpg\" alt=\"\" width=\"195\" height=\"146\" srcset=\"https:\/\/www.umweltaktivisten.de\/wp-content\/uploads\/2018\/07\/news-1172463_1280-300x225.jpg 300w, https:\/\/www.umweltaktivisten.de\/wp-content\/uploads\/2018\/07\/news-1172463_1280-768x576.jpg 768w, https:\/\/www.umweltaktivisten.de\/wp-content\/uploads\/2018\/07\/news-1172463_1280-1024x768.jpg 1024w, https:\/\/www.umweltaktivisten.de\/wp-content\/uploads\/2018\/07\/news-1172463_1280-150x113.jpg 150w, https:\/\/www.umweltaktivisten.de\/wp-content\/uploads\/2018\/07\/news-1172463_1280.jpg 1280w\" sizes=\"auto, (max-width: 195px) 100vw, 195px\" \/><\/p>\n<p>&nbsp;<\/p>\n<p><a href=\"https:\/\/www.aachener-zeitung.de\/lokales\/region\/atomkonzern-mitarbeiter-an-rsk-gutachten-beteiligt-1.1943879\" target=\"_blank\" rel=\"noopener\">RSK-Gutachten: Atomkonzern-Mitarbeiter daran beteiligt<\/a><\/p>\n<p><a href=\"https:\/\/www.aachener-zeitung.de\/lokales\/region\/rudolf-wieland-der-mann-den-die-tihange-aktivisten-ablehnen-1.1944687\" target=\"_blank\" rel=\"noopener\">Tihange-Aktivisten lehnen Rudolf Wieland ab<\/a><\/p>\n","protected":false},"excerpt":{"rendered":"<p>Atomkraftgegner entsetzt \u00fcber Umweltministerin Schulze RSK-Chef Wieland verwickelt sich in Widerspr\u00fcche Warum schweigt NRW-Ministerpr\u00e4sident Laschet bislang? Anti-Atomkraft-Initiativen aus NRW und Niedersachsen, der Bundesverband B\u00fcrgerinitiativen Umweltschutz (BBU), die \u00c4rzteorganisation IPPNW sowie der Naturschutzbund Nordrhein-Westfalen (NABU) sind entsetzt \u00fcber die abwiegelnde Reaktion aus dem Bundesumweltministerium angesichts der Tatsache, dass Mitarbeiter Atomkonzerns EDF-Framatome\u2026<\/p>\n<p class=\"continue-reading-button\"> <a class=\"continue-reading-link\" href=\"https:\/\/www.umweltaktivisten.de\/index.php\/2018\/07\/27\/neue-kritik-an-rsk-befangenheit-zu-tihange-doel-2\/\">weiter &#8230;<i class=\"crycon-right-dir\"><\/i><\/a><\/p>\n","protected":false},"author":1,"featured_media":1422,"comment_status":"closed","ping_status":"closed","sticky":false,"template":"","format":"standard","meta":{"footnotes":""},"categories":[1],"tags":[284,272,253],"class_list":["post-2825","post","type-post","status-publish","format-standard","has-post-thumbnail","hentry","category-allgemein","tag-aachener-aktionsbuendnis-gegen-atomenergie","tag-akw-tihange","tag-brennelemente-exporte"],"yoast_head":"<!-- This site is optimized with the Yoast SEO plugin v27.5 - https:\/\/yoast.com\/product\/yoast-seo-wordpress\/ -->\n<title>Neue Kritik an RSK-Befangenheit zu Tihange\/Doel - umweltaktivisten.de<\/title>\n<meta name=\"description\" content=\"Kritik an RSK-Befangenheit zu Tihange\/Doel. Widerspr\u00fccheAtomkraftgegner entsetzt \u00fcber Umweltministerin Schulze. NRW-Ministerpr\u00e4sident Laschet schweigt.\" \/>\n<meta name=\"robots\" content=\"index, nofollow, max-snippet:-1, max-image-preview:large, max-video-preview:-1\" \/>\n<link rel=\"canonical\" href=\"https:\/\/www.umweltaktivisten.de\/index.php\/2018\/07\/27\/neue-kritik-an-rsk-befangenheit-zu-tihange-doel-2\/\" \/>\n<meta property=\"og:locale\" content=\"de_DE\" \/>\n<meta property=\"og:type\" content=\"article\" \/>\n<meta property=\"og:title\" content=\"Neue Kritik an RSK-Befangenheit zu Tihange\/Doel\" \/>\n<meta property=\"og:description\" content=\"Neue Kritik an RSK-Befangenheit zu Tihange\/Doel: - Atomkraftgegner entsetzt \u00fcber Umweltministerin Schulze - RSK-Chef Wieland verwickelt sich in Widerspr\u00fcche - Warum schweigt NRW-Ministerpr\u00e4sident Laschet bislang?\" \/>\n<meta property=\"og:url\" content=\"https:\/\/www.umweltaktivisten.de\/index.php\/2018\/07\/27\/neue-kritik-an-rsk-befangenheit-zu-tihange-doel-2\/\" \/>\n<meta property=\"og:site_name\" content=\"umweltaktivisten.de\" \/>\n<meta property=\"article:published_time\" content=\"2018-07-27T08:03:06+00:00\" \/>\n<meta property=\"og:image\" content=\"https:\/\/www.umweltaktivisten.de\/wp-content\/uploads\/2016\/09\/radioactive-151085_1280.gif\" \/>\n\t<meta property=\"og:image:width\" content=\"200\" \/>\n\t<meta property=\"og:image:height\" content=\"200\" \/>\n\t<meta property=\"og:image:type\" content=\"image\/gif\" \/>\n<meta name=\"author\" content=\"marita\" \/>\n<meta name=\"twitter:card\" content=\"summary_large_image\" \/>\n<meta name=\"twitter:title\" content=\"Neue Kritik an RSK-Befangenheit zu Tihange\/Doel\" \/>\n<meta name=\"twitter:description\" content=\"Neue Kritik an RSK-Befangenheit zu Tihange\/Doel: - Atomkraftgegner entsetzt \u00fcber Umweltministerin Schulze - RSK-Chef Wieland verwickelt sich in Widerspr\u00fcche - Warum schweigt NRW-Ministerpr\u00e4sident Laschet bislang?\" \/>\n<meta name=\"twitter:image\" content=\"http:\/\/www.umweltaktivisten.de\/wp-content\/uploads\/2016\/09\/radioactive-151085_1280.gif\" \/>\n<meta name=\"twitter:label1\" content=\"Verfasst von\" \/>\n\t<meta name=\"twitter:data1\" content=\"marita\" \/>\n\t<meta name=\"twitter:label2\" content=\"Gesch\u00e4tzte Lesezeit\" \/>\n\t<meta name=\"twitter:data2\" content=\"4\u00a0Minuten\" \/>\n<script type=\"application\/ld+json\" class=\"yoast-schema-graph\">{\"@context\":\"https:\\\/\\\/schema.org\",\"@graph\":[{\"@type\":\"Article\",\"@id\":\"https:\\\/\\\/www.umweltaktivisten.de\\\/index.php\\\/2018\\\/07\\\/27\\\/neue-kritik-an-rsk-befangenheit-zu-tihange-doel-2\\\/#article\",\"isPartOf\":{\"@id\":\"https:\\\/\\\/www.umweltaktivisten.de\\\/index.php\\\/2018\\\/07\\\/27\\\/neue-kritik-an-rsk-befangenheit-zu-tihange-doel-2\\\/\"},\"author\":{\"name\":\"marita\",\"@id\":\"https:\\\/\\\/www.umweltaktivisten.de\\\/#\\\/schema\\\/person\\\/af601319cc34a906612869cf3b4fd51a\"},\"headline\":\"Neue Kritik an RSK-Befangenheit zu Tihange\\\/Doel\",\"datePublished\":\"2018-07-27T08:03:06+00:00\",\"mainEntityOfPage\":{\"@id\":\"https:\\\/\\\/www.umweltaktivisten.de\\\/index.php\\\/2018\\\/07\\\/27\\\/neue-kritik-an-rsk-befangenheit-zu-tihange-doel-2\\\/\"},\"wordCount\":858,\"image\":{\"@id\":\"https:\\\/\\\/www.umweltaktivisten.de\\\/index.php\\\/2018\\\/07\\\/27\\\/neue-kritik-an-rsk-befangenheit-zu-tihange-doel-2\\\/#primaryimage\"},\"thumbnailUrl\":\"https:\\\/\\\/www.umweltaktivisten.de\\\/wp-content\\\/uploads\\\/2016\\\/09\\\/radioactive-151085_1280.gif\",\"keywords\":[\"Aachener Aktionsb\u00fcndnis gegen Atomenergie\",\"AKW Tihange\",\"Brennelemente-Exporte\"],\"inLanguage\":\"de\"},{\"@type\":\"WebPage\",\"@id\":\"https:\\\/\\\/www.umweltaktivisten.de\\\/index.php\\\/2018\\\/07\\\/27\\\/neue-kritik-an-rsk-befangenheit-zu-tihange-doel-2\\\/\",\"url\":\"https:\\\/\\\/www.umweltaktivisten.de\\\/index.php\\\/2018\\\/07\\\/27\\\/neue-kritik-an-rsk-befangenheit-zu-tihange-doel-2\\\/\",\"name\":\"Neue Kritik an RSK-Befangenheit zu Tihange\\\/Doel - umweltaktivisten.de\",\"isPartOf\":{\"@id\":\"https:\\\/\\\/www.umweltaktivisten.de\\\/#website\"},\"primaryImageOfPage\":{\"@id\":\"https:\\\/\\\/www.umweltaktivisten.de\\\/index.php\\\/2018\\\/07\\\/27\\\/neue-kritik-an-rsk-befangenheit-zu-tihange-doel-2\\\/#primaryimage\"},\"image\":{\"@id\":\"https:\\\/\\\/www.umweltaktivisten.de\\\/index.php\\\/2018\\\/07\\\/27\\\/neue-kritik-an-rsk-befangenheit-zu-tihange-doel-2\\\/#primaryimage\"},\"thumbnailUrl\":\"https:\\\/\\\/www.umweltaktivisten.de\\\/wp-content\\\/uploads\\\/2016\\\/09\\\/radioactive-151085_1280.gif\",\"datePublished\":\"2018-07-27T08:03:06+00:00\",\"author\":{\"@id\":\"https:\\\/\\\/www.umweltaktivisten.de\\\/#\\\/schema\\\/person\\\/af601319cc34a906612869cf3b4fd51a\"},\"description\":\"Kritik an RSK-Befangenheit zu Tihange\\\/Doel. Widerspr\u00fccheAtomkraftgegner entsetzt \u00fcber Umweltministerin Schulze. NRW-Ministerpr\u00e4sident Laschet schweigt.\",\"breadcrumb\":{\"@id\":\"https:\\\/\\\/www.umweltaktivisten.de\\\/index.php\\\/2018\\\/07\\\/27\\\/neue-kritik-an-rsk-befangenheit-zu-tihange-doel-2\\\/#breadcrumb\"},\"inLanguage\":\"de\",\"potentialAction\":[{\"@type\":\"ReadAction\",\"target\":[\"https:\\\/\\\/www.umweltaktivisten.de\\\/index.php\\\/2018\\\/07\\\/27\\\/neue-kritik-an-rsk-befangenheit-zu-tihange-doel-2\\\/\"]}]},{\"@type\":\"ImageObject\",\"inLanguage\":\"de\",\"@id\":\"https:\\\/\\\/www.umweltaktivisten.de\\\/index.php\\\/2018\\\/07\\\/27\\\/neue-kritik-an-rsk-befangenheit-zu-tihange-doel-2\\\/#primaryimage\",\"url\":\"https:\\\/\\\/www.umweltaktivisten.de\\\/wp-content\\\/uploads\\\/2016\\\/09\\\/radioactive-151085_1280.gif\",\"contentUrl\":\"https:\\\/\\\/www.umweltaktivisten.de\\\/wp-content\\\/uploads\\\/2016\\\/09\\\/radioactive-151085_1280.gif\",\"width\":200,\"height\":200,\"caption\":\"Grafik: pixabay\"},{\"@type\":\"BreadcrumbList\",\"@id\":\"https:\\\/\\\/www.umweltaktivisten.de\\\/index.php\\\/2018\\\/07\\\/27\\\/neue-kritik-an-rsk-befangenheit-zu-tihange-doel-2\\\/#breadcrumb\",\"itemListElement\":[{\"@type\":\"ListItem\",\"position\":1,\"name\":\"Home\",\"item\":\"https:\\\/\\\/www.umweltaktivisten.de\\\/\"},{\"@type\":\"ListItem\",\"position\":2,\"name\":\"Neue Kritik an RSK-Befangenheit zu Tihange\\\/Doel\"}]},{\"@type\":\"WebSite\",\"@id\":\"https:\\\/\\\/www.umweltaktivisten.de\\\/#website\",\"url\":\"https:\\\/\\\/www.umweltaktivisten.de\\\/\",\"name\":\"umweltaktivisten.de\",\"description\":\"&quot;Wir haben die Erde nur von unseren Kindern geborgt&quot;\",\"potentialAction\":[{\"@type\":\"SearchAction\",\"target\":{\"@type\":\"EntryPoint\",\"urlTemplate\":\"https:\\\/\\\/www.umweltaktivisten.de\\\/?s={search_term_string}\"},\"query-input\":{\"@type\":\"PropertyValueSpecification\",\"valueRequired\":true,\"valueName\":\"search_term_string\"}}],\"inLanguage\":\"de\"},{\"@type\":\"Person\",\"@id\":\"https:\\\/\\\/www.umweltaktivisten.de\\\/#\\\/schema\\\/person\\\/af601319cc34a906612869cf3b4fd51a\",\"name\":\"marita\",\"url\":\"https:\\\/\\\/www.umweltaktivisten.de\\\/author\\\/marita\\\/\"}]}<\/script>\n<!-- \/ Yoast SEO plugin. -->","yoast_head_json":{"title":"Neue Kritik an RSK-Befangenheit zu Tihange\/Doel - umweltaktivisten.de","description":"Kritik an RSK-Befangenheit zu Tihange\/Doel. Widerspr\u00fccheAtomkraftgegner entsetzt \u00fcber Umweltministerin Schulze. NRW-Ministerpr\u00e4sident Laschet schweigt.","robots":{"index":"index","follow":"nofollow","max-snippet":"max-snippet:-1","max-image-preview":"max-image-preview:large","max-video-preview":"max-video-preview:-1"},"canonical":"https:\/\/www.umweltaktivisten.de\/index.php\/2018\/07\/27\/neue-kritik-an-rsk-befangenheit-zu-tihange-doel-2\/","og_locale":"de_DE","og_type":"article","og_title":"Neue Kritik an RSK-Befangenheit zu Tihange\/Doel","og_description":"Neue Kritik an RSK-Befangenheit zu Tihange\/Doel: - Atomkraftgegner entsetzt \u00fcber Umweltministerin Schulze - RSK-Chef Wieland verwickelt sich in Widerspr\u00fcche - Warum schweigt NRW-Ministerpr\u00e4sident Laschet bislang?","og_url":"https:\/\/www.umweltaktivisten.de\/index.php\/2018\/07\/27\/neue-kritik-an-rsk-befangenheit-zu-tihange-doel-2\/","og_site_name":"umweltaktivisten.de","article_published_time":"2018-07-27T08:03:06+00:00","og_image":[{"width":200,"height":200,"url":"https:\/\/www.umweltaktivisten.de\/wp-content\/uploads\/2016\/09\/radioactive-151085_1280.gif","type":"image\/gif"}],"author":"marita","twitter_card":"summary_large_image","twitter_title":"Neue Kritik an RSK-Befangenheit zu Tihange\/Doel","twitter_description":"Neue Kritik an RSK-Befangenheit zu Tihange\/Doel: - Atomkraftgegner entsetzt \u00fcber Umweltministerin Schulze - RSK-Chef Wieland verwickelt sich in Widerspr\u00fcche - Warum schweigt NRW-Ministerpr\u00e4sident Laschet bislang?","twitter_image":"http:\/\/www.umweltaktivisten.de\/wp-content\/uploads\/2016\/09\/radioactive-151085_1280.gif","twitter_misc":{"Verfasst von":"marita","Gesch\u00e4tzte Lesezeit":"4\u00a0Minuten"},"schema":{"@context":"https:\/\/schema.org","@graph":[{"@type":"Article","@id":"https:\/\/www.umweltaktivisten.de\/index.php\/2018\/07\/27\/neue-kritik-an-rsk-befangenheit-zu-tihange-doel-2\/#article","isPartOf":{"@id":"https:\/\/www.umweltaktivisten.de\/index.php\/2018\/07\/27\/neue-kritik-an-rsk-befangenheit-zu-tihange-doel-2\/"},"author":{"name":"marita","@id":"https:\/\/www.umweltaktivisten.de\/#\/schema\/person\/af601319cc34a906612869cf3b4fd51a"},"headline":"Neue Kritik an RSK-Befangenheit zu Tihange\/Doel","datePublished":"2018-07-27T08:03:06+00:00","mainEntityOfPage":{"@id":"https:\/\/www.umweltaktivisten.de\/index.php\/2018\/07\/27\/neue-kritik-an-rsk-befangenheit-zu-tihange-doel-2\/"},"wordCount":858,"image":{"@id":"https:\/\/www.umweltaktivisten.de\/index.php\/2018\/07\/27\/neue-kritik-an-rsk-befangenheit-zu-tihange-doel-2\/#primaryimage"},"thumbnailUrl":"https:\/\/www.umweltaktivisten.de\/wp-content\/uploads\/2016\/09\/radioactive-151085_1280.gif","keywords":["Aachener Aktionsb\u00fcndnis gegen Atomenergie","AKW Tihange","Brennelemente-Exporte"],"inLanguage":"de"},{"@type":"WebPage","@id":"https:\/\/www.umweltaktivisten.de\/index.php\/2018\/07\/27\/neue-kritik-an-rsk-befangenheit-zu-tihange-doel-2\/","url":"https:\/\/www.umweltaktivisten.de\/index.php\/2018\/07\/27\/neue-kritik-an-rsk-befangenheit-zu-tihange-doel-2\/","name":"Neue Kritik an RSK-Befangenheit zu Tihange\/Doel - umweltaktivisten.de","isPartOf":{"@id":"https:\/\/www.umweltaktivisten.de\/#website"},"primaryImageOfPage":{"@id":"https:\/\/www.umweltaktivisten.de\/index.php\/2018\/07\/27\/neue-kritik-an-rsk-befangenheit-zu-tihange-doel-2\/#primaryimage"},"image":{"@id":"https:\/\/www.umweltaktivisten.de\/index.php\/2018\/07\/27\/neue-kritik-an-rsk-befangenheit-zu-tihange-doel-2\/#primaryimage"},"thumbnailUrl":"https:\/\/www.umweltaktivisten.de\/wp-content\/uploads\/2016\/09\/radioactive-151085_1280.gif","datePublished":"2018-07-27T08:03:06+00:00","author":{"@id":"https:\/\/www.umweltaktivisten.de\/#\/schema\/person\/af601319cc34a906612869cf3b4fd51a"},"description":"Kritik an RSK-Befangenheit zu Tihange\/Doel. Widerspr\u00fccheAtomkraftgegner entsetzt \u00fcber Umweltministerin Schulze. NRW-Ministerpr\u00e4sident Laschet schweigt.","breadcrumb":{"@id":"https:\/\/www.umweltaktivisten.de\/index.php\/2018\/07\/27\/neue-kritik-an-rsk-befangenheit-zu-tihange-doel-2\/#breadcrumb"},"inLanguage":"de","potentialAction":[{"@type":"ReadAction","target":["https:\/\/www.umweltaktivisten.de\/index.php\/2018\/07\/27\/neue-kritik-an-rsk-befangenheit-zu-tihange-doel-2\/"]}]},{"@type":"ImageObject","inLanguage":"de","@id":"https:\/\/www.umweltaktivisten.de\/index.php\/2018\/07\/27\/neue-kritik-an-rsk-befangenheit-zu-tihange-doel-2\/#primaryimage","url":"https:\/\/www.umweltaktivisten.de\/wp-content\/uploads\/2016\/09\/radioactive-151085_1280.gif","contentUrl":"https:\/\/www.umweltaktivisten.de\/wp-content\/uploads\/2016\/09\/radioactive-151085_1280.gif","width":200,"height":200,"caption":"Grafik: pixabay"},{"@type":"BreadcrumbList","@id":"https:\/\/www.umweltaktivisten.de\/index.php\/2018\/07\/27\/neue-kritik-an-rsk-befangenheit-zu-tihange-doel-2\/#breadcrumb","itemListElement":[{"@type":"ListItem","position":1,"name":"Home","item":"https:\/\/www.umweltaktivisten.de\/"},{"@type":"ListItem","position":2,"name":"Neue Kritik an RSK-Befangenheit zu Tihange\/Doel"}]},{"@type":"WebSite","@id":"https:\/\/www.umweltaktivisten.de\/#website","url":"https:\/\/www.umweltaktivisten.de\/","name":"umweltaktivisten.de","description":"&quot;Wir haben die Erde nur von unseren Kindern geborgt&quot;","potentialAction":[{"@type":"SearchAction","target":{"@type":"EntryPoint","urlTemplate":"https:\/\/www.umweltaktivisten.de\/?s={search_term_string}"},"query-input":{"@type":"PropertyValueSpecification","valueRequired":true,"valueName":"search_term_string"}}],"inLanguage":"de"},{"@type":"Person","@id":"https:\/\/www.umweltaktivisten.de\/#\/schema\/person\/af601319cc34a906612869cf3b4fd51a","name":"marita","url":"https:\/\/www.umweltaktivisten.de\/author\/marita\/"}]}},"_links":{"self":[{"href":"https:\/\/www.umweltaktivisten.de\/index.php\/wp-json\/wp\/v2\/posts\/2825","targetHints":{"allow":["GET"]}}],"collection":[{"href":"https:\/\/www.umweltaktivisten.de\/index.php\/wp-json\/wp\/v2\/posts"}],"about":[{"href":"https:\/\/www.umweltaktivisten.de\/index.php\/wp-json\/wp\/v2\/types\/post"}],"author":[{"embeddable":true,"href":"https:\/\/www.umweltaktivisten.de\/index.php\/wp-json\/wp\/v2\/users\/1"}],"replies":[{"embeddable":true,"href":"https:\/\/www.umweltaktivisten.de\/index.php\/wp-json\/wp\/v2\/comments?post=2825"}],"version-history":[{"count":3,"href":"https:\/\/www.umweltaktivisten.de\/index.php\/wp-json\/wp\/v2\/posts\/2825\/revisions"}],"predecessor-version":[{"id":2828,"href":"https:\/\/www.umweltaktivisten.de\/index.php\/wp-json\/wp\/v2\/posts\/2825\/revisions\/2828"}],"wp:featuredmedia":[{"embeddable":true,"href":"https:\/\/www.umweltaktivisten.de\/index.php\/wp-json\/wp\/v2\/media\/1422"}],"wp:attachment":[{"href":"https:\/\/www.umweltaktivisten.de\/index.php\/wp-json\/wp\/v2\/media?parent=2825"}],"wp:term":[{"taxonomy":"category","embeddable":true,"href":"https:\/\/www.umweltaktivisten.de\/index.php\/wp-json\/wp\/v2\/categories?post=2825"},{"taxonomy":"post_tag","embeddable":true,"href":"https:\/\/www.umweltaktivisten.de\/index.php\/wp-json\/wp\/v2\/tags?post=2825"}],"curies":[{"name":"wp","href":"https:\/\/api.w.org\/{rel}","templated":true}]}}