{"id":2822,"date":"2018-07-28T21:53:34","date_gmt":"2018-07-28T19:53:34","guid":{"rendered":"http:\/\/www.umweltaktivisten.de\/?p=2822"},"modified":"2018-07-28T21:58:22","modified_gmt":"2018-07-28T19:58:22","slug":"bohrtuerme-im-einsatz-fuer-die-oel-und-erdgasfoerderung-in-nordamerika-2","status":"publish","type":"post","link":"https:\/\/www.umweltaktivisten.de\/index.php\/2018\/07\/28\/bohrtuerme-im-einsatz-fuer-die-oel-und-erdgasfoerderung-in-nordamerika-2\/","title":{"rendered":"Bohrt\u00fcrme im Einsatz f\u00fcr die \u00d6l- und Erdgasf\u00f6rderung in Nordamerika"},"content":{"rendered":"<div id=\"attachment_2762\" style=\"width: 910px\" class=\"wp-caption alignleft\"><img loading=\"lazy\" decoding=\"async\" aria-describedby=\"caption-attachment-2762\" class=\"size-full wp-image-2762\" src=\"https:\/\/www.umweltaktivisten.de\/wp-content\/uploads\/2018\/06\/hole-1255229_1280-900.png\" alt=\"\" width=\"900\" height=\"600\" srcset=\"https:\/\/www.umweltaktivisten.de\/wp-content\/uploads\/2018\/06\/hole-1255229_1280-900.png 900w, https:\/\/www.umweltaktivisten.de\/wp-content\/uploads\/2018\/06\/hole-1255229_1280-900-300x200.png 300w, https:\/\/www.umweltaktivisten.de\/wp-content\/uploads\/2018\/06\/hole-1255229_1280-900-768x512.png 768w, https:\/\/www.umweltaktivisten.de\/wp-content\/uploads\/2018\/06\/hole-1255229_1280-900-150x100.png 150w\" sizes=\"auto, (max-width: 900px) 100vw, 900px\" \/><p id=\"caption-attachment-2762\" class=\"wp-caption-text\">Foto: pixabay<\/p><\/div>\n<h5><strong>Bohrt\u00fcrme im Einsatz f\u00fcr die \u00d6l- und Erdgasf\u00f6rderung in Nordamerika<\/strong><\/h5>\n<p>Berichtszeitraum 16 Juni 2018 bis 13. Juli 2018<\/p>\n<p>Der Juli 2018 erlebt eine weitere deutliche Erholung \u2013 nach Zunahme im Juni &#8211; vom vorherigen starken R\u00fcckgang der im Einsatz befindlichen Bohrt\u00fcrme in den Berichtsmonaten M\u00e4rz und April.<br \/>\nDie Roh\u00f6lpreise auf WTI-Basis nahmen in den letzten Wochen deutlich zu bis auf \u00fcber 74 USD\/barrel und erst in den letzten Tagen fielen sie auf knapp unter 71 USD\/barrel. Nach den Ank\u00fcndigungen der US-F\u00f6rderindustrie sind die US-Roh\u00f6lpreise ab 60 USD\/barrel interessant.<br \/>\nDennoch war die Wiederinbetriebnahme von Bohrt\u00fcrmen im Juli, gemessen an den aktuellen Marktpreisen, vorsichtig bis m\u00e4\u00dfig. Besonders erstaunlich im Berichtszeitraum ist zu vermerken, dass in den USA sogar ein leichter R\u00fcckgang im Juli zu verzeichnen ist, w\u00e4hrend in Kanada umfangreich reaktiviert wurde.<br \/>\nAuch die deutlich erh\u00f6hte Zahl der im Juli 2018 reaktivierten Bohrt\u00fcrme hat noch nicht dazu gef\u00fchrt, den Stand von Februar\/M\u00e4rz 2018 wieder zu erreichen.<\/p>\n<p>Hier bleiben Fragen offen, deren Kl\u00e4rung eventuell demn\u00e4chst m\u00f6glich sein wird.<\/p>\n<p>Die Entwicklung in den USA und in Kanada verlief auch im Monat Juli wieder nicht gleichsinnig. In den USA nahmen die Zahlen der im Einsatz befindlichen Bohrt\u00fcrme des Vormonats gering ab, bezogen auf die inzwischen recht profitablen aktuellen Marktpreise, w\u00e4hrend in Kanada der der Absturz vom Mai \u00fcberkompensiert wurde. So ergab sich eine Gesamtzunahme von 53 T\u00fcrmen im Juli, die aus einer R\u00fccknahme in den USA von 5 Bohrt\u00fcrmen und einer Zunahme in Kanada von 58 Bohrt\u00fcrmen entstand. Die Zunahme setzt sich wiederum \u00fcberwiegend aus \u00d6lbohrt\u00fcrmen zusammen (\u00fcber 80 Prozent), w\u00e4hrend Gasbohrt\u00fcrme stagnieren.<\/p>\n<p>Nachfolgend noch einmal die Entwicklung, nachdem es in den Monaten vor Juli 2017 eine stete Zunahme der im Einsatz befindlichen Bohrt\u00fcrme gegeben hatte und im Juli Stillstand und danach einen R\u00fcckgang \u2013 mit erneuter Belebung zum Jahresbeginn:<\/p>\n<div>\n<table>\n<tbody>\n<tr>\n<td><strong>Monat<br \/>\n<\/strong><\/td>\n<td><strong>gesamt im Einsatz<\/strong><\/td>\n<td><strong> USA<br \/>\n<\/strong><\/td>\n<td><strong> Kanada<br \/>\n<\/strong><\/td>\n<td><strong> USA Roh\u00f6lpreis WTI USD\/barrel<\/strong><\/td>\n<\/tr>\n<tr>\n<td><strong>Ende 7<\/strong><\/td>\n<td>1.178<\/td>\n<td>958<\/td>\n<td>220<\/td>\n<td>46,00<\/td>\n<\/tr>\n<tr>\n<td><strong> Ende 8<br \/>\n<\/strong><\/td>\n<td>1.157<\/td>\n<td>940<\/td>\n<td>217<\/td>\n<td>46,81<\/td>\n<\/tr>\n<tr>\n<td><strong> Ende 9<\/strong><\/td>\n<td>1.155<\/td>\n<td>935<\/td>\n<td>220<\/td>\n<td>52,13<\/td>\n<\/tr>\n<tr>\n<td><strong>Ende 10<br \/>\n<\/strong><\/td>\n<td>1.115<\/td>\n<td>913<\/td>\n<td>202<\/td>\n<td>51,94<\/td>\n<\/tr>\n<tr>\n<td><strong> Mitte 11<br \/>\n<\/strong><\/td>\n<td>1.090<\/td>\n<td>889<\/td>\n<td>192<\/td>\n<td>54,27<\/td>\n<\/tr>\n<tr>\n<td><strong>3. Wo 11<br \/>\n<\/strong><\/td>\n<td>1.110<\/td>\n<td>907<\/td>\n<td>203<\/td>\n<td>57,03<\/td>\n<\/tr>\n<tr>\n<td><strong>4. Wo 11<\/strong><\/td>\n<td>1.123<\/td>\n<td>915<\/td>\n<td>208<\/td>\n<td>56,18<\/td>\n<\/tr>\n<tr>\n<td><strong> 15.12.17<br \/>\n<\/strong><\/td>\n<td>1.168<\/td>\n<td>930<\/td>\n<td>238<\/td>\n<td>56,64<\/td>\n<\/tr>\n<tr>\n<td><strong> 19.01.18<br \/>\n<\/strong><\/td>\n<td>1.261<\/td>\n<td>936<\/td>\n<td>325<\/td>\n<td>63,72<\/td>\n<\/tr>\n<tr>\n<td><strong> 16.02.18<br \/>\n<\/strong><\/td>\n<td>1.293<\/td>\n<td>975<\/td>\n<td>318<\/td>\n<td>60,74<\/td>\n<\/tr>\n<tr>\n<td><strong> 16.03.18<br \/>\n<\/strong><\/td>\n<td>1.209<\/td>\n<td>990<\/td>\n<td>219<\/td>\n<td>60,85<\/td>\n<\/tr>\n<tr>\n<td><strong> 13.04.18<br \/>\n<\/strong><\/td>\n<td>1.110<\/td>\n<td>1.008<\/td>\n<td>117<\/td>\n<td>66,74<\/td>\n<\/tr>\n<tr>\n<td><strong> 18.05.18<br \/>\n<\/strong><\/td>\n<td>1.129<\/td>\n<td>1.046<\/td>\n<td>83<\/td>\n<td>71,50<\/td>\n<\/tr>\n<tr>\n<td><strong> 15.06.18<br \/>\n<\/strong><\/td>\n<td>1.198<\/td>\n<td>1.059<\/td>\n<td>139<\/td>\n<td>66,60<\/td>\n<\/tr>\n<tr>\n<td><strong> 13.07.18<br \/>\n<\/strong><\/td>\n<td>1.251<\/td>\n<td>1.054<\/td>\n<td>197<\/td>\n<td>70,60<\/td>\n<\/tr>\n<\/tbody>\n<\/table>\n<\/div>\n<p>Die Gebiete der Hauptaktivit\u00e4ten sind in USA: Texas (528), Oklahoma (141), New Mexico (99), Louisiana (58), North Dakota (57), Pennsylvania (37), Colorado (32), Wyoming (27) und Ohio (22).<\/p>\n<p>Der \u00d6lpreis war seit Mitte M\u00e4rz stetig gestiegen, auf zwischenzeitlich am 18. Mai 2018 71,50 USD\/barrel f\u00fcr WTI , am 15. Juni 2018 etwas nachgegeben auf 66,60 USD\/barrel, danach wieder gestiegen bis 74,30 mit Abfall auf aktuell 70,60 USD\/barrel.<\/p>\n<p>Die Unsicherheit an den B\u00f6rsen sei der Grund f\u00fcr diese Rohstoffpreisentwicklung, kommentieren die H\u00e4ndler an der Wall Street in New York. Auch die Entwicklung der Erdgaspreise auf der Basis Henry Hub spiegelt diese Entwicklung wider. Der Henry Hub Gaspreis ist nach zwischenzeitlich mehr als 3,20 USD\/mmBtu und 2,811 USD\/mmBtu Mitte Mai auf 2,94 USD\/mmBtu stabil auf niedrigem Niveau, derzeit Stand 2,88 USD\/mmBtu.<br \/>\nDas Erdgas-\u00dcberangebot in den US-Netzen dr\u00fcckt die Preise.<\/p>\n<p>Die vom US-Statistik-Amt festgestellte Verringerung der gelagerten \u00d6lvorr\u00e4te der USA besteht weiter. Bisher wurde davon ausgegangen, dass in 2018 die Auswirkung der R\u00fccknahme der F\u00f6rderkapazit\u00e4ten der OPEC-L\u00e4nder und der mit ihnen kooperierenden Nicht-OPEC-F\u00f6rderl\u00e4nder zur Stabilisierung der Roh\u00f6lpreise bei 60 bis 70 Dollar\/barrel WTI-Qualit\u00e4t beitragen k\u00f6nnte.<br \/>\nDie Aufk\u00fcndigung des Atomabkommens mit dem Iran durch die USA k\u00f6nnte sich auf die inzwischen schon wieder recht starke \u00d6lf\u00f6rderung des Iran auswirken und diese reduzieren.<br \/>\nDie damit auf dem Weltmarkt bef\u00fcrchtete Verknappung des Roh\u00f6les ist nicht zu erwarten. Erst k\u00fcrzlich haben mehrere wichtige Erd\u00f6lf\u00f6rderl\u00e4nder angek\u00fcndigt, ihre F\u00f6rderung wieder hochfahren zu wollen. Und die L\u00e4nder der EU haben betont, dass sie im Atomabkommen mit dem Iran bleiben wollen und dem Iran M\u00f6glichkeiten schaffen wollen, sich wirtschaftlich weiter zu erholen. Das bedeutet, dass sie \u00d6llieferungen des Iran gegen das US-Embargo an die EU organisieren wollen.<\/p>\n<p>Die riesigen weltweit zwischengelagerten Roh\u00f6lmengen, die kurzfristig verf\u00fcgbar und auch umdirigierbar sind (Lagerung in Gro\u00dftankerflotten auf Reede), animieren die Rohstoff-Spekulanten zu Preiswetten und \u00fcberlagern das eigentliche Roh\u00f6l-Liefergesch\u00e4ft.<\/p>\n<p>Die sprunghafte Au\u00dfenpolitik der USA, unter Missachtung aller internationalen Vereinbarungen, die g\u00fcltig abgeschlossen wurden, wesentlich in der Vergangenheit forciert von den USA, bietet f\u00fcr Zocker nat\u00fcrlich zus\u00e4tzliches Wett-Potential und versch\u00e4rft generell die Situation.<br \/>\nDie Aktivit\u00e4ten von Pr\u00e4sident Trump gegen die NATO als gemeinsame Allianz vergr\u00f6\u00dfert nat\u00fcrlich die Unsicherheit noch weiter.<\/p>\n<p><strong>Das erwartete Reaktivieren von Bohrt\u00fcrmen bei Roh\u00f6lpreisen von deutlich \u00fcber 60 USD\/barrel WTI in den USA und in Kanada zur Jahresmitte 2018 ist weiterhin ausgeblieben. Die Gr\u00fcnde daf\u00fcr sind weiterhin nicht klar auszumachen.<\/strong><br \/>\nDie US-F\u00f6rderunternehmen behaupten, dass sie aus ihren F\u00f6rderbohrungen in Shale-Vorkommen durch optimierte Ma\u00dfnahmen viel mehr Produktion herausholen als vorher und daher eher wettbewerbsf\u00e4hig sind (bei niedrigeren Preisen als vorher).<br \/>\nDa insgesamt im Bereich der \u00d6lf\u00f6rderung in Nordamerika der Hauptr\u00fcckgang in den Monaten M\u00e4rz und April 2018 stattgefunden hat und die Zunahme im Mai und Juni diesen starken R\u00fcckgang bisher nicht ausgleichen konnte, wird im Verlauf der zweiten Jahresh\u00e4lfte 2018 das \u00d6langebot aus nordamerikanischer F\u00f6rderung nicht so stark zunehmen, wie sich das noch im Monat Februar 2018 abzeichnete.<\/p>\n<div id=\"attachment_2561\" style=\"width: 160px\" class=\"wp-caption alignleft\"><img loading=\"lazy\" decoding=\"async\" aria-describedby=\"caption-attachment-2561\" class=\"size-thumbnail wp-image-2561\" src=\"https:\/\/www.umweltaktivisten.de\/wp-content\/uploads\/2018\/03\/earth-683436_640-150x150.jpg\" alt=\"\" width=\"150\" height=\"150\" srcset=\"https:\/\/www.umweltaktivisten.de\/wp-content\/uploads\/2018\/03\/earth-683436_640-150x150.jpg 150w, https:\/\/www.umweltaktivisten.de\/wp-content\/uploads\/2018\/03\/earth-683436_640-300x300.jpg 300w, https:\/\/www.umweltaktivisten.de\/wp-content\/uploads\/2018\/03\/earth-683436_640.jpg 640w\" sizes=\"auto, (max-width: 150px) 100vw, 150px\" \/><p id=\"caption-attachment-2561\" class=\"wp-caption-text\">Bild: pixabay<\/p><\/div>\n<p>Die Situation der Kohlenstoff-Energiebranche wird von gro\u00dfen institutionellen Anlegern weiterhin kritisch gesehen, weil der gro\u00dfe Zuwachs bei den regenerativen Energien, gerade und auch in den USA, den fossilen Erzeugern M\u00e4rkte wegnimmt. <strong>Und die Erzeugung der regenerativen Energien wird immer preiswerter. Neueste Meldungen berichten, dass die Fotovoltaik durch weitere Verbesserungen der Effizienz inzwischen in den USA wettbewerbsf\u00e4higer als die fossilen Stromerzeuger ist.<\/strong><br \/>\nDie Zubauraten an Fotovoltaik-Anlagen in den USA sind rasant gestiegen.<\/p>\n<p><strong>Weiterhin versuchen gro\u00dfe institutionelle Anleger, die bisher im Energiebereich bedeutende Teile ihres investierten Portfolios angelegt haben, aus den fossilen Energien auszusteigen.<\/strong><\/p>\n<p>Die Freigabe des Offshore-G\u00fcrtels vor den K\u00fcsten der US-Bundesstaaten f\u00fcr die F\u00f6rderung von Kohlenwasserstoffen durch Pr\u00e4sident Trump wird weitestgehend von den betroffenen Bundesstaaten abgelehnt.<br \/>\nSie bestehen auf der Beibehaltung der Schutzsperre der Obama-Regierung. Sie f\u00fcrchten um die K\u00fcstenfischerei, um die Gef\u00e4hrdung der Natur und der K\u00fcsten durch Unf\u00e4lle und St\u00f6rungen und insgesamt um die Beeintr\u00e4chtigung des Tourismusgesch\u00e4ftes an ihren K\u00fcsten.<br \/>\nDer zust\u00e4ndige Minister, Bryan Zynke, hat von fast allen Gouverneuren entsprechende ablehnende Bescheide erhalten.<\/p>\n<p><img loading=\"lazy\" decoding=\"async\" class=\"alignleft wp-image-812\" src=\"https:\/\/www.umweltaktivisten.de\/wp-content\/uploads\/2015\/09\/2_Hand_Stop_fracking-150x150.jpg\" alt=\"\" width=\"78\" height=\"78\" \/><\/p>\n<p>Volker Fritz<\/p>\n<p>im AK Fracking Braunschweiger Land<\/p>\n<p>&nbsp;<\/p>\n","protected":false},"excerpt":{"rendered":"<p>Bohrt\u00fcrme im Einsatz f\u00fcr die \u00d6l- und Erdgasf\u00f6rderung in Nordamerika Berichtszeitraum 16 Juni 2018 bis 13. Juli 2018 Der Juli 2018 erlebt eine weitere deutliche Erholung \u2013 nach Zunahme im Juni &#8211; vom vorherigen starken R\u00fcckgang der im Einsatz befindlichen Bohrt\u00fcrme in den Berichtsmonaten M\u00e4rz und April. Die Roh\u00f6lpreise auf\u2026<\/p>\n<p class=\"continue-reading-button\"> <a class=\"continue-reading-link\" href=\"https:\/\/www.umweltaktivisten.de\/index.php\/2018\/07\/28\/bohrtuerme-im-einsatz-fuer-die-oel-und-erdgasfoerderung-in-nordamerika-2\/\">weiter &#8230;<i class=\"crycon-right-dir\"><\/i><\/a><\/p>\n","protected":false},"author":1,"featured_media":2760,"comment_status":"closed","ping_status":"closed","sticky":false,"template":"","format":"standard","meta":{"footnotes":""},"categories":[1,19,11],"tags":[295,90],"class_list":["post-2822","post","type-post","status-publish","format-standard","has-post-thumbnail","hentry","category-allgemein","category-fracking","category-inofrack","tag-bohrtuerme","tag-fracking"],"yoast_head":"<!-- This site is optimized with the Yoast SEO plugin v27.4 - https:\/\/yoast.com\/product\/yoast-seo-wordpress\/ -->\n<title>Bohrt\u00fcrme im Einsatz f\u00fcr die \u00d6l- und Erdgasf\u00f6rderung in Nordamerika - umweltaktivisten.de<\/title>\n<meta name=\"description\" content=\"Der Juli erlebt eine weitere deutliche Erholung \u2013 nach Zunahme im Juni - vom vorherigen starken R\u00fcckgang der im Einsatz befindlichen Bohrt\u00fcrme in den Berichtsmonaten M\u00e4rz und April.\" \/>\n<meta name=\"robots\" content=\"index, nofollow, max-snippet:-1, max-image-preview:large, max-video-preview:-1\" \/>\n<link rel=\"canonical\" href=\"https:\/\/www.umweltaktivisten.de\/index.php\/2018\/07\/28\/bohrtuerme-im-einsatz-fuer-die-oel-und-erdgasfoerderung-in-nordamerika-2\/\" \/>\n<meta property=\"og:locale\" content=\"de_DE\" \/>\n<meta property=\"og:type\" content=\"article\" \/>\n<meta property=\"og:title\" content=\"Bohrt\u00fcrme im Einsatz f\u00fcr die \u00d6l- und Erdgasf\u00f6rderung in Nordamerika\" \/>\n<meta property=\"og:description\" content=\"Bohrt\u00fcrme im Einsatz f\u00fcr die \u00d6l- und Erdgasf\u00f6rderung in Nordamerika - Berichtszeitraum 16 Juni 2018 bis 13. Juli 2018 Der Juli 2018 erlebt eine weitere deutliche Erholung \u2013 nach Zunahme im Juni - vom vorherigen starken R\u00fcckgang der im Einsatz befindlichen Bohrt\u00fcrme in den Berichtsmonaten M\u00e4rz und April.\" \/>\n<meta property=\"og:url\" content=\"https:\/\/www.umweltaktivisten.de\/index.php\/2018\/07\/28\/bohrtuerme-im-einsatz-fuer-die-oel-und-erdgasfoerderung-in-nordamerika-2\/\" \/>\n<meta property=\"og:site_name\" content=\"umweltaktivisten.de\" \/>\n<meta property=\"article:published_time\" content=\"2018-07-28T19:53:34+00:00\" \/>\n<meta property=\"article:modified_time\" content=\"2018-07-28T19:58:22+00:00\" \/>\n<meta property=\"og:image\" content=\"https:\/\/www.umweltaktivisten.de\/wp-content\/uploads\/2018\/06\/hole-1255229_1280-900.png\" \/>\n\t<meta property=\"og:image:width\" content=\"900\" \/>\n\t<meta property=\"og:image:height\" content=\"600\" \/>\n\t<meta property=\"og:image:type\" content=\"image\/png\" \/>\n<meta name=\"author\" content=\"marita\" \/>\n<meta name=\"twitter:card\" content=\"summary_large_image\" \/>\n<meta name=\"twitter:title\" content=\"Bohrt\u00fcrme im Einsatz f\u00fcr die \u00d6l- und Erdgasf\u00f6rderung in Nordamerika\" \/>\n<meta name=\"twitter:description\" content=\"Bohrt\u00fcrme im Einsatz f\u00fcr die \u00d6l- und Erdgasf\u00f6rderung in Nordamerika - Berichtszeitraum 16 Juni 2018 bis 13. Juli 2018 Der Juli 2018 erlebt eine weitere deutliche Erholung \u2013 nach Zunahme im Juni - vom vorherigen starken R\u00fcckgang der im Einsatz befindlichen Bohrt\u00fcrme in den Berichtsmonaten M\u00e4rz und April.\" \/>\n<meta name=\"twitter:image\" content=\"http:\/\/www.umweltaktivisten.de\/wp-content\/uploads\/2018\/06\/hole-1255229_1280-900.png\" \/>\n<meta name=\"twitter:label1\" content=\"Verfasst von\" \/>\n\t<meta name=\"twitter:data1\" content=\"marita\" \/>\n\t<meta name=\"twitter:label2\" content=\"Gesch\u00e4tzte Lesezeit\" \/>\n\t<meta name=\"twitter:data2\" content=\"5\u00a0Minuten\" \/>\n<script type=\"application\/ld+json\" class=\"yoast-schema-graph\">{\"@context\":\"https:\\\/\\\/schema.org\",\"@graph\":[{\"@type\":\"Article\",\"@id\":\"https:\\\/\\\/www.umweltaktivisten.de\\\/index.php\\\/2018\\\/07\\\/28\\\/bohrtuerme-im-einsatz-fuer-die-oel-und-erdgasfoerderung-in-nordamerika-2\\\/#article\",\"isPartOf\":{\"@id\":\"https:\\\/\\\/www.umweltaktivisten.de\\\/index.php\\\/2018\\\/07\\\/28\\\/bohrtuerme-im-einsatz-fuer-die-oel-und-erdgasfoerderung-in-nordamerika-2\\\/\"},\"author\":{\"name\":\"marita\",\"@id\":\"https:\\\/\\\/www.umweltaktivisten.de\\\/#\\\/schema\\\/person\\\/af601319cc34a906612869cf3b4fd51a\"},\"headline\":\"Bohrt\u00fcrme im Einsatz f\u00fcr die \u00d6l- und Erdgasf\u00f6rderung in Nordamerika\",\"datePublished\":\"2018-07-28T19:53:34+00:00\",\"dateModified\":\"2018-07-28T19:58:22+00:00\",\"mainEntityOfPage\":{\"@id\":\"https:\\\/\\\/www.umweltaktivisten.de\\\/index.php\\\/2018\\\/07\\\/28\\\/bohrtuerme-im-einsatz-fuer-die-oel-und-erdgasfoerderung-in-nordamerika-2\\\/\"},\"wordCount\":1070,\"image\":{\"@id\":\"https:\\\/\\\/www.umweltaktivisten.de\\\/index.php\\\/2018\\\/07\\\/28\\\/bohrtuerme-im-einsatz-fuer-die-oel-und-erdgasfoerderung-in-nordamerika-2\\\/#primaryimage\"},\"thumbnailUrl\":\"https:\\\/\\\/www.umweltaktivisten.de\\\/wp-content\\\/uploads\\\/2018\\\/06\\\/bohrturm-200.png\",\"keywords\":[\"Bohrt\u00fcrme\",\"Fracking\"],\"articleSection\":{\"1\":\"Fracking\",\"2\":\"inofrack\"},\"inLanguage\":\"de\"},{\"@type\":\"WebPage\",\"@id\":\"https:\\\/\\\/www.umweltaktivisten.de\\\/index.php\\\/2018\\\/07\\\/28\\\/bohrtuerme-im-einsatz-fuer-die-oel-und-erdgasfoerderung-in-nordamerika-2\\\/\",\"url\":\"https:\\\/\\\/www.umweltaktivisten.de\\\/index.php\\\/2018\\\/07\\\/28\\\/bohrtuerme-im-einsatz-fuer-die-oel-und-erdgasfoerderung-in-nordamerika-2\\\/\",\"name\":\"Bohrt\u00fcrme im Einsatz f\u00fcr die \u00d6l- und Erdgasf\u00f6rderung in Nordamerika - umweltaktivisten.de\",\"isPartOf\":{\"@id\":\"https:\\\/\\\/www.umweltaktivisten.de\\\/#website\"},\"primaryImageOfPage\":{\"@id\":\"https:\\\/\\\/www.umweltaktivisten.de\\\/index.php\\\/2018\\\/07\\\/28\\\/bohrtuerme-im-einsatz-fuer-die-oel-und-erdgasfoerderung-in-nordamerika-2\\\/#primaryimage\"},\"image\":{\"@id\":\"https:\\\/\\\/www.umweltaktivisten.de\\\/index.php\\\/2018\\\/07\\\/28\\\/bohrtuerme-im-einsatz-fuer-die-oel-und-erdgasfoerderung-in-nordamerika-2\\\/#primaryimage\"},\"thumbnailUrl\":\"https:\\\/\\\/www.umweltaktivisten.de\\\/wp-content\\\/uploads\\\/2018\\\/06\\\/bohrturm-200.png\",\"datePublished\":\"2018-07-28T19:53:34+00:00\",\"dateModified\":\"2018-07-28T19:58:22+00:00\",\"author\":{\"@id\":\"https:\\\/\\\/www.umweltaktivisten.de\\\/#\\\/schema\\\/person\\\/af601319cc34a906612869cf3b4fd51a\"},\"description\":\"Der Juli erlebt eine weitere deutliche Erholung \u2013 nach Zunahme im Juni - vom vorherigen starken R\u00fcckgang der im Einsatz befindlichen Bohrt\u00fcrme in den Berichtsmonaten M\u00e4rz und April.\",\"breadcrumb\":{\"@id\":\"https:\\\/\\\/www.umweltaktivisten.de\\\/index.php\\\/2018\\\/07\\\/28\\\/bohrtuerme-im-einsatz-fuer-die-oel-und-erdgasfoerderung-in-nordamerika-2\\\/#breadcrumb\"},\"inLanguage\":\"de\",\"potentialAction\":[{\"@type\":\"ReadAction\",\"target\":[\"https:\\\/\\\/www.umweltaktivisten.de\\\/index.php\\\/2018\\\/07\\\/28\\\/bohrtuerme-im-einsatz-fuer-die-oel-und-erdgasfoerderung-in-nordamerika-2\\\/\"]}]},{\"@type\":\"ImageObject\",\"inLanguage\":\"de\",\"@id\":\"https:\\\/\\\/www.umweltaktivisten.de\\\/index.php\\\/2018\\\/07\\\/28\\\/bohrtuerme-im-einsatz-fuer-die-oel-und-erdgasfoerderung-in-nordamerika-2\\\/#primaryimage\",\"url\":\"https:\\\/\\\/www.umweltaktivisten.de\\\/wp-content\\\/uploads\\\/2018\\\/06\\\/bohrturm-200.png\",\"contentUrl\":\"https:\\\/\\\/www.umweltaktivisten.de\\\/wp-content\\\/uploads\\\/2018\\\/06\\\/bohrturm-200.png\",\"width\":300,\"height\":200,\"caption\":\"Foto: pixabay\"},{\"@type\":\"BreadcrumbList\",\"@id\":\"https:\\\/\\\/www.umweltaktivisten.de\\\/index.php\\\/2018\\\/07\\\/28\\\/bohrtuerme-im-einsatz-fuer-die-oel-und-erdgasfoerderung-in-nordamerika-2\\\/#breadcrumb\",\"itemListElement\":[{\"@type\":\"ListItem\",\"position\":1,\"name\":\"Home\",\"item\":\"https:\\\/\\\/www.umweltaktivisten.de\\\/\"},{\"@type\":\"ListItem\",\"position\":2,\"name\":\"Bohrt\u00fcrme im Einsatz f\u00fcr die \u00d6l- und Erdgasf\u00f6rderung in Nordamerika\"}]},{\"@type\":\"WebSite\",\"@id\":\"https:\\\/\\\/www.umweltaktivisten.de\\\/#website\",\"url\":\"https:\\\/\\\/www.umweltaktivisten.de\\\/\",\"name\":\"umweltaktivisten.de\",\"description\":\"&quot;Wir haben die Erde nur von unseren Kindern geborgt&quot;\",\"potentialAction\":[{\"@type\":\"SearchAction\",\"target\":{\"@type\":\"EntryPoint\",\"urlTemplate\":\"https:\\\/\\\/www.umweltaktivisten.de\\\/?s={search_term_string}\"},\"query-input\":{\"@type\":\"PropertyValueSpecification\",\"valueRequired\":true,\"valueName\":\"search_term_string\"}}],\"inLanguage\":\"de\"},{\"@type\":\"Person\",\"@id\":\"https:\\\/\\\/www.umweltaktivisten.de\\\/#\\\/schema\\\/person\\\/af601319cc34a906612869cf3b4fd51a\",\"name\":\"marita\",\"url\":\"https:\\\/\\\/www.umweltaktivisten.de\\\/author\\\/marita\\\/\"}]}<\/script>\n<!-- \/ Yoast SEO plugin. -->","yoast_head_json":{"title":"Bohrt\u00fcrme im Einsatz f\u00fcr die \u00d6l- und Erdgasf\u00f6rderung in Nordamerika - umweltaktivisten.de","description":"Der Juli erlebt eine weitere deutliche Erholung \u2013 nach Zunahme im Juni - vom vorherigen starken R\u00fcckgang der im Einsatz befindlichen Bohrt\u00fcrme in den Berichtsmonaten M\u00e4rz und April.","robots":{"index":"index","follow":"nofollow","max-snippet":"max-snippet:-1","max-image-preview":"max-image-preview:large","max-video-preview":"max-video-preview:-1"},"canonical":"https:\/\/www.umweltaktivisten.de\/index.php\/2018\/07\/28\/bohrtuerme-im-einsatz-fuer-die-oel-und-erdgasfoerderung-in-nordamerika-2\/","og_locale":"de_DE","og_type":"article","og_title":"Bohrt\u00fcrme im Einsatz f\u00fcr die \u00d6l- und Erdgasf\u00f6rderung in Nordamerika","og_description":"Bohrt\u00fcrme im Einsatz f\u00fcr die \u00d6l- und Erdgasf\u00f6rderung in Nordamerika - Berichtszeitraum 16 Juni 2018 bis 13. Juli 2018 Der Juli 2018 erlebt eine weitere deutliche Erholung \u2013 nach Zunahme im Juni - vom vorherigen starken R\u00fcckgang der im Einsatz befindlichen Bohrt\u00fcrme in den Berichtsmonaten M\u00e4rz und April.","og_url":"https:\/\/www.umweltaktivisten.de\/index.php\/2018\/07\/28\/bohrtuerme-im-einsatz-fuer-die-oel-und-erdgasfoerderung-in-nordamerika-2\/","og_site_name":"umweltaktivisten.de","article_published_time":"2018-07-28T19:53:34+00:00","article_modified_time":"2018-07-28T19:58:22+00:00","og_image":[{"width":900,"height":600,"url":"https:\/\/www.umweltaktivisten.de\/wp-content\/uploads\/2018\/06\/hole-1255229_1280-900.png","type":"image\/png"}],"author":"marita","twitter_card":"summary_large_image","twitter_title":"Bohrt\u00fcrme im Einsatz f\u00fcr die \u00d6l- und Erdgasf\u00f6rderung in Nordamerika","twitter_description":"Bohrt\u00fcrme im Einsatz f\u00fcr die \u00d6l- und Erdgasf\u00f6rderung in Nordamerika - Berichtszeitraum 16 Juni 2018 bis 13. Juli 2018 Der Juli 2018 erlebt eine weitere deutliche Erholung \u2013 nach Zunahme im Juni - vom vorherigen starken R\u00fcckgang der im Einsatz befindlichen Bohrt\u00fcrme in den Berichtsmonaten M\u00e4rz und April.","twitter_image":"http:\/\/www.umweltaktivisten.de\/wp-content\/uploads\/2018\/06\/hole-1255229_1280-900.png","twitter_misc":{"Verfasst von":"marita","Gesch\u00e4tzte Lesezeit":"5\u00a0Minuten"},"schema":{"@context":"https:\/\/schema.org","@graph":[{"@type":"Article","@id":"https:\/\/www.umweltaktivisten.de\/index.php\/2018\/07\/28\/bohrtuerme-im-einsatz-fuer-die-oel-und-erdgasfoerderung-in-nordamerika-2\/#article","isPartOf":{"@id":"https:\/\/www.umweltaktivisten.de\/index.php\/2018\/07\/28\/bohrtuerme-im-einsatz-fuer-die-oel-und-erdgasfoerderung-in-nordamerika-2\/"},"author":{"name":"marita","@id":"https:\/\/www.umweltaktivisten.de\/#\/schema\/person\/af601319cc34a906612869cf3b4fd51a"},"headline":"Bohrt\u00fcrme im Einsatz f\u00fcr die \u00d6l- und Erdgasf\u00f6rderung in Nordamerika","datePublished":"2018-07-28T19:53:34+00:00","dateModified":"2018-07-28T19:58:22+00:00","mainEntityOfPage":{"@id":"https:\/\/www.umweltaktivisten.de\/index.php\/2018\/07\/28\/bohrtuerme-im-einsatz-fuer-die-oel-und-erdgasfoerderung-in-nordamerika-2\/"},"wordCount":1070,"image":{"@id":"https:\/\/www.umweltaktivisten.de\/index.php\/2018\/07\/28\/bohrtuerme-im-einsatz-fuer-die-oel-und-erdgasfoerderung-in-nordamerika-2\/#primaryimage"},"thumbnailUrl":"https:\/\/www.umweltaktivisten.de\/wp-content\/uploads\/2018\/06\/bohrturm-200.png","keywords":["Bohrt\u00fcrme","Fracking"],"articleSection":{"1":"Fracking","2":"inofrack"},"inLanguage":"de"},{"@type":"WebPage","@id":"https:\/\/www.umweltaktivisten.de\/index.php\/2018\/07\/28\/bohrtuerme-im-einsatz-fuer-die-oel-und-erdgasfoerderung-in-nordamerika-2\/","url":"https:\/\/www.umweltaktivisten.de\/index.php\/2018\/07\/28\/bohrtuerme-im-einsatz-fuer-die-oel-und-erdgasfoerderung-in-nordamerika-2\/","name":"Bohrt\u00fcrme im Einsatz f\u00fcr die \u00d6l- und Erdgasf\u00f6rderung in Nordamerika - umweltaktivisten.de","isPartOf":{"@id":"https:\/\/www.umweltaktivisten.de\/#website"},"primaryImageOfPage":{"@id":"https:\/\/www.umweltaktivisten.de\/index.php\/2018\/07\/28\/bohrtuerme-im-einsatz-fuer-die-oel-und-erdgasfoerderung-in-nordamerika-2\/#primaryimage"},"image":{"@id":"https:\/\/www.umweltaktivisten.de\/index.php\/2018\/07\/28\/bohrtuerme-im-einsatz-fuer-die-oel-und-erdgasfoerderung-in-nordamerika-2\/#primaryimage"},"thumbnailUrl":"https:\/\/www.umweltaktivisten.de\/wp-content\/uploads\/2018\/06\/bohrturm-200.png","datePublished":"2018-07-28T19:53:34+00:00","dateModified":"2018-07-28T19:58:22+00:00","author":{"@id":"https:\/\/www.umweltaktivisten.de\/#\/schema\/person\/af601319cc34a906612869cf3b4fd51a"},"description":"Der Juli erlebt eine weitere deutliche Erholung \u2013 nach Zunahme im Juni - vom vorherigen starken R\u00fcckgang der im Einsatz befindlichen Bohrt\u00fcrme in den Berichtsmonaten M\u00e4rz und April.","breadcrumb":{"@id":"https:\/\/www.umweltaktivisten.de\/index.php\/2018\/07\/28\/bohrtuerme-im-einsatz-fuer-die-oel-und-erdgasfoerderung-in-nordamerika-2\/#breadcrumb"},"inLanguage":"de","potentialAction":[{"@type":"ReadAction","target":["https:\/\/www.umweltaktivisten.de\/index.php\/2018\/07\/28\/bohrtuerme-im-einsatz-fuer-die-oel-und-erdgasfoerderung-in-nordamerika-2\/"]}]},{"@type":"ImageObject","inLanguage":"de","@id":"https:\/\/www.umweltaktivisten.de\/index.php\/2018\/07\/28\/bohrtuerme-im-einsatz-fuer-die-oel-und-erdgasfoerderung-in-nordamerika-2\/#primaryimage","url":"https:\/\/www.umweltaktivisten.de\/wp-content\/uploads\/2018\/06\/bohrturm-200.png","contentUrl":"https:\/\/www.umweltaktivisten.de\/wp-content\/uploads\/2018\/06\/bohrturm-200.png","width":300,"height":200,"caption":"Foto: pixabay"},{"@type":"BreadcrumbList","@id":"https:\/\/www.umweltaktivisten.de\/index.php\/2018\/07\/28\/bohrtuerme-im-einsatz-fuer-die-oel-und-erdgasfoerderung-in-nordamerika-2\/#breadcrumb","itemListElement":[{"@type":"ListItem","position":1,"name":"Home","item":"https:\/\/www.umweltaktivisten.de\/"},{"@type":"ListItem","position":2,"name":"Bohrt\u00fcrme im Einsatz f\u00fcr die \u00d6l- und Erdgasf\u00f6rderung in Nordamerika"}]},{"@type":"WebSite","@id":"https:\/\/www.umweltaktivisten.de\/#website","url":"https:\/\/www.umweltaktivisten.de\/","name":"umweltaktivisten.de","description":"&quot;Wir haben die Erde nur von unseren Kindern geborgt&quot;","potentialAction":[{"@type":"SearchAction","target":{"@type":"EntryPoint","urlTemplate":"https:\/\/www.umweltaktivisten.de\/?s={search_term_string}"},"query-input":{"@type":"PropertyValueSpecification","valueRequired":true,"valueName":"search_term_string"}}],"inLanguage":"de"},{"@type":"Person","@id":"https:\/\/www.umweltaktivisten.de\/#\/schema\/person\/af601319cc34a906612869cf3b4fd51a","name":"marita","url":"https:\/\/www.umweltaktivisten.de\/author\/marita\/"}]}},"_links":{"self":[{"href":"https:\/\/www.umweltaktivisten.de\/index.php\/wp-json\/wp\/v2\/posts\/2822","targetHints":{"allow":["GET"]}}],"collection":[{"href":"https:\/\/www.umweltaktivisten.de\/index.php\/wp-json\/wp\/v2\/posts"}],"about":[{"href":"https:\/\/www.umweltaktivisten.de\/index.php\/wp-json\/wp\/v2\/types\/post"}],"author":[{"embeddable":true,"href":"https:\/\/www.umweltaktivisten.de\/index.php\/wp-json\/wp\/v2\/users\/1"}],"replies":[{"embeddable":true,"href":"https:\/\/www.umweltaktivisten.de\/index.php\/wp-json\/wp\/v2\/comments?post=2822"}],"version-history":[{"count":3,"href":"https:\/\/www.umweltaktivisten.de\/index.php\/wp-json\/wp\/v2\/posts\/2822\/revisions"}],"predecessor-version":[{"id":2838,"href":"https:\/\/www.umweltaktivisten.de\/index.php\/wp-json\/wp\/v2\/posts\/2822\/revisions\/2838"}],"wp:featuredmedia":[{"embeddable":true,"href":"https:\/\/www.umweltaktivisten.de\/index.php\/wp-json\/wp\/v2\/media\/2760"}],"wp:attachment":[{"href":"https:\/\/www.umweltaktivisten.de\/index.php\/wp-json\/wp\/v2\/media?parent=2822"}],"wp:term":[{"taxonomy":"category","embeddable":true,"href":"https:\/\/www.umweltaktivisten.de\/index.php\/wp-json\/wp\/v2\/categories?post=2822"},{"taxonomy":"post_tag","embeddable":true,"href":"https:\/\/www.umweltaktivisten.de\/index.php\/wp-json\/wp\/v2\/tags?post=2822"}],"curies":[{"name":"wp","href":"https:\/\/api.w.org\/{rel}","templated":true}]}}