{"id":2811,"date":"2018-07-21T23:12:21","date_gmt":"2018-07-21T21:12:21","guid":{"rendered":"http:\/\/www.umweltaktivisten.de\/?p=2811"},"modified":"2018-07-27T10:49:57","modified_gmt":"2018-07-27T08:49:57","slug":"neue-kritik-an-rsk-befangenheit-zu-tihange-doel","status":"publish","type":"post","link":"https:\/\/www.umweltaktivisten.de\/index.php\/2018\/07\/21\/neue-kritik-an-rsk-befangenheit-zu-tihange-doel\/","title":{"rendered":"RSK-Chef Wieland verheddert sich zu Tihange\/Doel-Gutachten:"},"content":{"rendered":"<div id=\"attachment_1392\" style=\"width: 252px\" class=\"wp-caption alignleft\"><img loading=\"lazy\" decoding=\"async\" aria-describedby=\"caption-attachment-1392\" class=\" wp-image-1392\" src=\"https:\/\/www.umweltaktivisten.de\/wp-content\/uploads\/2016\/09\/radioactive-151085_1280-300x300.png\" alt=\"\" width=\"242\" height=\"242\" srcset=\"https:\/\/www.umweltaktivisten.de\/wp-content\/uploads\/2016\/09\/radioactive-151085_1280-300x300.png 300w, https:\/\/www.umweltaktivisten.de\/wp-content\/uploads\/2016\/09\/radioactive-151085_1280-150x150.png 150w, https:\/\/www.umweltaktivisten.de\/wp-content\/uploads\/2016\/09\/radioactive-151085_1280-1024x1024.png 1024w, https:\/\/www.umweltaktivisten.de\/wp-content\/uploads\/2016\/09\/radioactive-151085_1280.png 1280w\" sizes=\"auto, (max-width: 242px) 100vw, 242px\" \/><p id=\"caption-attachment-1392\" class=\"wp-caption-text\">Grafik: pixabay<\/p><\/div>\n<h5>Mitglieder der Reaktorsicher-<br \/>\nsicherheitskommission beruflich befangen<\/h5>\n<h5>EDF-Framatome Erlangen\/<br \/>\nLingen arbeitet f\u00fcr belgische AKWS<\/h5>\n<p><strong>Atomkraftgegner:<\/p>\n<ul>\n<li><strong>RSK-Vorsitzender Wieland muss zur\u00fccktreten: <\/strong><\/li>\n<li><strong>Tihange\/Doel-Gutachten neu vergeben<\/strong><\/li>\n<\/ul>\n<p>Der Vorsitzende der Reaktorsicherheitskommission (RSK), Rudolf Wieland, hat best\u00e4tigt, dass mehrere leitende Angestellte ausgerechnet des Atomkonzerns EDF-Framatome in Erlangen an der heftig umstrittenen Stellungnahme zur angeblichen &#8222;Sicherheit&#8220; der belgischen Reaktoren Tihange 2 und Doel 3 im federf\u00fchrenden RSK-Ausschuss &#8222;Druckf\u00fchrende Komponenten und Werkstoffe&#8220; (DKW) mitgewirkt haben. Dennoch machte Wieland gestern Abend in den Aachener Nachrichten irref\u00fchrende Angaben zum offensichtlichen Vorliegen einer beruflichen Befangenheit: Denn laut \u00a7 10 der RSK-Satzung sind Mitglieder, die &#8222;gegen Entgelt&#8220; bei einem zu untersuchenden Unternehmen &#8222;besch\u00e4ftigt sind&#8220; und in der &#8222;zur Beratung anstehenden Angelegenheit einen unmittelbaren Vorteil oder Nachteil haben (k\u00f6nnen)&#8220;, bereits von der Beratungst\u00e4tigkeit an sich auszuschlie\u00dfen und nicht erst von den Abstimmungen.<\/p>\n<p>Eine Befangenheit liegt hier eindeutig vor: Erstens, Framatome Erlangen modernisiert zur Zeit unter anderem die Sicherheitsleittechnik von Doel 1 und 2. Zweitens, die Framatome-Tochter ANF im nieders\u00e4chsischen Lingen liefert seit Jahren die Brennelemente f\u00fcr Doel 1, 2 und 3 sowie f\u00fcr Tihange 2. Ohne die Auftr\u00e4ge aus Belgien st\u00fcnde die Framatome-Brennelementefabrik in Lingen wahrscheinlich vor dem Aus. Drittens ist EDF zudem Miteigent\u00fcmerin mehrerer Reaktorbl\u00f6cke in Belgien, darunter auch Tihange 2 und Doel 3.<\/p>\n<p>Anti-Atomkraft-Initiativen und die \u00c4rzteorganisation IPPNW fordern deshalb nunmehr den R\u00fccktritt von RSK-Chef Wieland, weil er diese Tatsachen der \u00d6ffentlichkeit bislang verschwiegen hat und auch jetzt nicht alle Karten auf den Tisch legt. Zudem fordern sie ein neues Gutachten von tats\u00e4chlich unabh\u00e4ngigen Wissenschaftlern, denn auch in der 16-k\u00f6pfigen Gesamt-RSK sitzen drei aktuelle wie ehemalige Mitarbeiter von Framatome, beziehungsweise dem fr\u00fcheren Eigent\u00fcmer Areva.<\/p>\n<p><strong>Aktive und langj\u00e4hrige Areva-\/Framatome-Mitarbeiter in der RSK<\/strong><\/p>\n<p>In besagtem RSK-Ausschuss sitzen konkret der EDF\/Framatome-Standortleiter von Erlangen, Rainer Hardt, sowie die Erlangener Framatome-Mitarbeiterin Dr. Renate Kilian. Diese ist zudem Mitglied der 16-k\u00f6pfigen Gesamt-RSK. Dort sitzen mit Uwe Stoll und Uwe Waas zwei weitere langj\u00e4hrige Mitarbeiter von Framatome bzw. der Vorg\u00e4ngerfirma Areva, welche die Atomstandorte Erlangen und Lingen bis zur \u00dcbernahme durch EDF Anfang 2018 betrieb.<\/p>\n<p>Stoll ist heute technisch-wissenschaftlicher Gesch\u00e4ftsf\u00fchrer der ebenfalls an der RSK und dem Gutachten beteiligten Gesellschaft f\u00fcr Anlagen- und Reaktorsicherheit (GRS). Stoll und Waas haben 2012 ein Gutachten f\u00fcr ihren damaligen Arbeitgeber Areva zu den Folgen von Fukushima verfasst, in dem sie die Reaktorkatastrophe herunterspielen und darin prim\u00e4r neue Gesch\u00e4ftsm\u00f6glichkeiten f\u00fcr Areva entdecken. Eine Folge ist zum Beispiel die 2016 erfolgte Beauftragung von Areva (jetzt Framatome) in Erlangen zur Modernisierung der Sicherheitsleittechnik f\u00fcr Doel 1 und 2. Stoll und Waas sind aufgrund ihrer beruflichen Biografie ebenfalls als befangen anzusehen.<\/p>\n<p>Da die RSK mit einfacher Mehrheit und nicht-\u00f6ffentlich entscheidet, sind auch einzelne Stimmen von gro\u00dfem Gewicht, zumal in dem besagten Ausschuss ohnehin fast nur Mitarbeiter von Atomkonzernen (EnBW, EON\/Preussen Elektra) und den traditionell durch Auftr\u00e4ge eng verbundenen T\u00dcV Nord\/S\u00fcd sowie eben der GRS sitzen. Die alten Atomseilschaften innerhalb der RSK scheinen auch sieben Jahre nach Fukushima noch intakt.<\/p>\n<p>&#8222;Es ist unglaublich, dass in der Reaktorsicherheitskommission leitende Mitarbeiter von Firmen wie EDF\/Framatome \u00fcber Reaktoren gutachten d\u00fcrfen, deren Weiterbetrieb f\u00fcr die eigene Firma wirtschaftlich von erheblicher Bedeutung ist. Da die RSK und der Ausschuss DKW schon seit 2012 mit der Materie besch\u00e4ftigt sind, gibt es hier offensichtlich ein gravierendes Aufsichtsproblem. Wir fordern deshalb den sofortigen R\u00fccktritt des RSK-Vorsitzenden Rudolf Wieland, weil er das glasklare Befangenheitsproblem nicht angegangen ist und selbst jetzt noch leugnet. Das Bundesumweltministerium muss nun die Stellungnahme der RSK offiziell zur\u00fcckweisen und die RSK unter Ausschluss von aktuellen und ehemaligen Angestellten von Framatome\/EDF\/Areva grundlegend neu besetzen \u2013 das hei\u00dft mit kritischen und vor allem zweifelsfrei unabh\u00e4ngigen WissenschaftlerInnen. Die Begutachtung der gravierenden Sicherheitsprobleme bei Tihange 2 und Doel 3 muss neu angepackt werden&#8220;, forderte J\u00f6rg Schellenberg vom Aachener Aktionsb\u00fcndnis gegen Atomenergie.<\/p>\n<p><strong>&#8222;Brennelementexporte von Framatome Lingen nach Belgien sofort stoppen&#8220;<\/strong><\/p>\n<p>&#8222;Seit zwei Jahren haben wir unter anderem mit renommierten Gutachten nachgewiesen, dass die unverantwortlichen Brennelementexporte von Lingen nach Belgien gestoppt werden k\u00f6nnen und m\u00fcssen. Diese Forderung hat im aktuellen Koalitionsvertrag der Groko Einzug gehalten. Doch was macht das Bundesumweltministerium? Anstatt f\u00fcr einen Exportstopp zu sorgen, l\u00e4sst es f\u00fchrende Mitarbeiter des Atomkonzerns und Brennelementeherstellers EDF-Framatome daran mitwirken, die belgischen Pannenreaktoren gesundzubeten, an denen EDF zudem selbst beteiligt ist. Dass der Einfluss von wirtschaftlichen Interessen auf die nukleare Sicherheit katastrophale Folgen haben kann, wissen wir seit der Atomkatastrophe von Fukushima. Das jetzige Verhalten des Bundesumweltministeriums ist ein Skandal. Ein Kurswechsel in Sachen RSK sowie ein sofortiger Exportstopp f\u00fcr Brennelemente aus Lingen und angereichertes Uran aus Gronau nach Belgien sind jetzt zwingend notwendig&#8220;, so Dr. Angelika Clau\u00dfen von der \u00c4rzteorganisation IPPNW.<\/p>\n<p><strong>Quellen:<\/strong><\/p>\n<p><a href=\"http:\/\/www.framatome.com\/EN\/businessnews-1145\/areva-np-erhaelt-auftrag-fr-sicherheitsleittechnikprojekt-in-belgien.html\" target=\"_blank\" rel=\"noopener\">http:\/\/www.framatome.com\/EN\/businessnews-1145\/areva-np-erhaelt-auftrag-fr-sicherheitsleittechnikprojekt-in-belgien.html<\/a><\/p>\n<p><a href=\"http:\/\/www.framatome.com\/EN\/businessnews-1142\/rainer-hardt-wird-neuer-standortleiter-bei-areva-in-erlangen.html\" target=\"_blank\" rel=\"noopener\">http:\/\/www.framatome.com\/EN\/businessnews-1142\/rainer-hardt-wird-neuer-standortleiter-bei-areva-in-erlangen.html<\/a><\/p>\n<p><a href=\"http:\/\/www.rskonline.de\/de\/satzung\" target=\"_blank\" rel=\"noopener\">http:\/\/www.rskonline.de\/de\/satzung<\/a><\/p>\n<p><a href=\"http:\/\/www.rskonline.de\/de\/ausschuesse\" target=\"_blank\" rel=\"noopener\">http:\/\/www.rskonline.de\/de\/ausschuesse<\/a><\/p>\n<p><a href=\"http:\/\/www.rskonline.de\/de\/zusammensetzung\" target=\"_blank\" rel=\"noopener\">http:\/\/www.rskonline.de\/de\/zusammensetzung<\/a><\/p>\n<p><a href=\"http:\/\/www.rskonline.de\/sites\/default\/files\/reports\/epanlagersk503hp.pdf\" target=\"_blank\" rel=\"noopener\">http:\/\/www.rskonline.de\/sites\/default\/files\/reports\/epanlagersk503hp.pdf<\/a><\/p>\n<p><a href=\"http:\/\/www.rskonline.de\/de\/stoll\" target=\"_blank\" rel=\"noopener\">http:\/\/www.rskonline.de\/de\/stoll<\/a><\/p>\n<p><a href=\"https:\/\/www.umweltaktivisten.de\/index.php\/2018\/07\/14\/15-juli-wald-statt-kohle-der-51-sonntagsspaziergang-im-hambacher-wald\/\" target=\"_blank\" rel=\"noopener\">http:\/\/www.rskonline.de\/de\/waas<\/a><\/p>\n<p><a href=\"https:\/\/www.rbb-online.de\/kontraste\/ueber_den_tag_hinaus\/umwelt\/atomlobby_beeinflusst_politik.html\" target=\"_blank\" rel=\"noopener\">https:\/\/www.rbb-online.de\/kontraste\/ueber_den_tag_hinaus\/umwelt\/atomlobby_beeinflusst_politik.html<\/a><\/p>\n<p><a href=\"http:\/\/www.framatome.com\/businessnews\/liblocal\/docs\/Plattform%20Deutschland\/Fachaufs%C3%A4tze\/2012\/PT-2012-01-02%20106%20STOLL%20Autorenexemplar.pdf\" target=\"_blank\" rel=\"noopener\">http:\/\/www.framatome.com\/businessnews\/liblocal\/docs\/Plattform%20Deutschland\/Fachaufs%C3%A4tze\/2012\/PT-2012-01-02%20106%20STOLL%20Autorenexemplar.pdf<\/a><\/p>\n<p><a href=\"https:\/\/www.edf.fr\/sites\/default\/files\/contrib\/groupe-edf\/engagements\/rapports-et-indicateurs\/2018\/cartes\/edfgroup_performance-2017_carte_nucleaire_en.pdf\" target=\"_blank\" rel=\"noopener\">https:\/\/www.edf.fr\/sites\/default\/files\/contrib\/groupe-edf\/engagements\/rapports-et-indicateurs\/2018\/cartes\/edfgroup_performance-2017_carte_nucleaire_en.pdf<\/a><\/p>\n<p>PM:<br \/>\nAachener Aktionsb\u00fcndnis gegen Atomenergie<br \/>\nAktionsb\u00fcndnis M\u00fcnsterland gegen Atomanlagen<br \/>\nAntiAtom Bonn<br \/>\nArbeitskreis Umwelt (AKU) Sch\u00fcttorf<br \/>\nIPPNW \u2013 Internationale \u00c4rzte zur Verh\u00fctung eines Atomkriegs \/ \u00c4rzte in sozialer Verantwortung<\/p>\n<p>&nbsp;<\/p>\n<p>&nbsp;<\/p>\n","protected":false},"excerpt":{"rendered":"<p>Mitglieder der Reaktorsicher- sicherheitskommission beruflich befangen EDF-Framatome Erlangen\/ Lingen arbeitet f\u00fcr belgische AKWS Atomkraftgegner: RSK-Vorsitzender Wieland muss zur\u00fccktreten: Tihange\/Doel-Gutachten neu vergeben Der Vorsitzende der Reaktorsicherheitskommission (RSK), Rudolf Wieland, hat best\u00e4tigt, dass mehrere leitende Angestellte ausgerechnet des Atomkonzerns EDF-Framatome in Erlangen an der heftig umstrittenen Stellungnahme zur angeblichen &#8222;Sicherheit&#8220; der belgischen\u2026<\/p>\n<p class=\"continue-reading-button\"> <a class=\"continue-reading-link\" href=\"https:\/\/www.umweltaktivisten.de\/index.php\/2018\/07\/21\/neue-kritik-an-rsk-befangenheit-zu-tihange-doel\/\">weiter &#8230;<i class=\"crycon-right-dir\"><\/i><\/a><\/p>\n","protected":false},"author":1,"featured_media":1422,"comment_status":"closed","ping_status":"closed","sticky":false,"template":"","format":"standard","meta":{"footnotes":""},"categories":[1,21],"tags":[284,272,107],"class_list":["post-2811","post","type-post","status-publish","format-standard","has-post-thumbnail","hentry","category-allgemein","category-atom","tag-aachener-aktionsbuendnis-gegen-atomenergie","tag-akw-tihange","tag-tihange"],"yoast_head":"<!-- This site is optimized with the Yoast SEO plugin v27.5 - https:\/\/yoast.com\/product\/yoast-seo-wordpress\/ -->\n<title>RSK-Chef Wieland verheddert sich zu Tihange\/Doel-Gutachten: - umweltaktivisten.de<\/title>\n<meta name=\"description\" content=\"Kritik an RSK-Befangenheit zu Tihange\/Doel. Widerspr\u00fccheAtomkraftgegner entsetzt \u00fcber Umweltministerin Schulze. NRW-Ministerpr\u00e4sident Laschet schweigt.\" \/>\n<meta name=\"robots\" content=\"index, nofollow, max-snippet:-1, max-image-preview:large, max-video-preview:-1\" \/>\n<link rel=\"canonical\" href=\"https:\/\/www.umweltaktivisten.de\/index.php\/2018\/07\/21\/neue-kritik-an-rsk-befangenheit-zu-tihange-doel\/\" \/>\n<meta property=\"og:locale\" content=\"de_DE\" \/>\n<meta property=\"og:type\" content=\"article\" \/>\n<meta property=\"og:title\" content=\"RSK-Chef Wieland verheddert sich zu Tihange\/Doel-Gutachten:\" \/>\n<meta property=\"og:description\" content=\"Mitglieder der Reaktorsichersicherheitskommission beruflich befangen EDF-Framatome Erlangen\/Lingen arbeitet f\u00fcr belgische AKWS\" \/>\n<meta property=\"og:url\" content=\"https:\/\/www.umweltaktivisten.de\/index.php\/2018\/07\/21\/neue-kritik-an-rsk-befangenheit-zu-tihange-doel\/\" \/>\n<meta property=\"og:site_name\" content=\"umweltaktivisten.de\" \/>\n<meta property=\"article:published_time\" content=\"2018-07-21T21:12:21+00:00\" \/>\n<meta property=\"article:modified_time\" content=\"2018-07-27T08:49:57+00:00\" \/>\n<meta property=\"og:image\" content=\"https:\/\/www.umweltaktivisten.de\/wp-content\/uploads\/2016\/09\/radioactive-151085_1280.gif\" \/>\n\t<meta property=\"og:image:width\" content=\"200\" \/>\n\t<meta property=\"og:image:height\" content=\"200\" \/>\n\t<meta property=\"og:image:type\" content=\"image\/gif\" \/>\n<meta name=\"author\" content=\"marita\" \/>\n<meta name=\"twitter:card\" content=\"summary_large_image\" \/>\n<meta name=\"twitter:title\" content=\"RSK-Chef Wieland verheddert sich zu Tihange\/Doel-Gutachten:\" \/>\n<meta name=\"twitter:description\" content=\"Mitglieder der Reaktorsichersicherheitskommission beruflich befangen EDF-Framatome Erlangen\/Lingen arbeitet f\u00fcr belgische AKWS\" \/>\n<meta name=\"twitter:image\" content=\"http:\/\/www.umweltaktivisten.de\/wp-content\/uploads\/2016\/09\/radioactive-151085_1280.gif\" \/>\n<meta name=\"twitter:label1\" content=\"Verfasst von\" \/>\n\t<meta name=\"twitter:data1\" content=\"marita\" \/>\n\t<meta name=\"twitter:label2\" content=\"Gesch\u00e4tzte Lesezeit\" \/>\n\t<meta name=\"twitter:data2\" content=\"5\u00a0Minuten\" \/>\n<script type=\"application\/ld+json\" class=\"yoast-schema-graph\">{\"@context\":\"https:\\\/\\\/schema.org\",\"@graph\":[{\"@type\":\"Article\",\"@id\":\"https:\\\/\\\/www.umweltaktivisten.de\\\/index.php\\\/2018\\\/07\\\/21\\\/neue-kritik-an-rsk-befangenheit-zu-tihange-doel\\\/#article\",\"isPartOf\":{\"@id\":\"https:\\\/\\\/www.umweltaktivisten.de\\\/index.php\\\/2018\\\/07\\\/21\\\/neue-kritik-an-rsk-befangenheit-zu-tihange-doel\\\/\"},\"author\":{\"name\":\"marita\",\"@id\":\"https:\\\/\\\/www.umweltaktivisten.de\\\/#\\\/schema\\\/person\\\/af601319cc34a906612869cf3b4fd51a\"},\"headline\":\"RSK-Chef Wieland verheddert sich zu Tihange\\\/Doel-Gutachten:\",\"datePublished\":\"2018-07-21T21:12:21+00:00\",\"dateModified\":\"2018-07-27T08:49:57+00:00\",\"mainEntityOfPage\":{\"@id\":\"https:\\\/\\\/www.umweltaktivisten.de\\\/index.php\\\/2018\\\/07\\\/21\\\/neue-kritik-an-rsk-befangenheit-zu-tihange-doel\\\/\"},\"wordCount\":942,\"image\":{\"@id\":\"https:\\\/\\\/www.umweltaktivisten.de\\\/index.php\\\/2018\\\/07\\\/21\\\/neue-kritik-an-rsk-befangenheit-zu-tihange-doel\\\/#primaryimage\"},\"thumbnailUrl\":\"https:\\\/\\\/www.umweltaktivisten.de\\\/wp-content\\\/uploads\\\/2016\\\/09\\\/radioactive-151085_1280.gif\",\"keywords\":[\"Aachener Aktionsb\u00fcndnis gegen Atomenergie\",\"AKW Tihange\",\"Tihange\"],\"articleSection\":{\"1\":\"Atom\"},\"inLanguage\":\"de\"},{\"@type\":\"WebPage\",\"@id\":\"https:\\\/\\\/www.umweltaktivisten.de\\\/index.php\\\/2018\\\/07\\\/21\\\/neue-kritik-an-rsk-befangenheit-zu-tihange-doel\\\/\",\"url\":\"https:\\\/\\\/www.umweltaktivisten.de\\\/index.php\\\/2018\\\/07\\\/21\\\/neue-kritik-an-rsk-befangenheit-zu-tihange-doel\\\/\",\"name\":\"RSK-Chef Wieland verheddert sich zu Tihange\\\/Doel-Gutachten: - umweltaktivisten.de\",\"isPartOf\":{\"@id\":\"https:\\\/\\\/www.umweltaktivisten.de\\\/#website\"},\"primaryImageOfPage\":{\"@id\":\"https:\\\/\\\/www.umweltaktivisten.de\\\/index.php\\\/2018\\\/07\\\/21\\\/neue-kritik-an-rsk-befangenheit-zu-tihange-doel\\\/#primaryimage\"},\"image\":{\"@id\":\"https:\\\/\\\/www.umweltaktivisten.de\\\/index.php\\\/2018\\\/07\\\/21\\\/neue-kritik-an-rsk-befangenheit-zu-tihange-doel\\\/#primaryimage\"},\"thumbnailUrl\":\"https:\\\/\\\/www.umweltaktivisten.de\\\/wp-content\\\/uploads\\\/2016\\\/09\\\/radioactive-151085_1280.gif\",\"datePublished\":\"2018-07-21T21:12:21+00:00\",\"dateModified\":\"2018-07-27T08:49:57+00:00\",\"author\":{\"@id\":\"https:\\\/\\\/www.umweltaktivisten.de\\\/#\\\/schema\\\/person\\\/af601319cc34a906612869cf3b4fd51a\"},\"description\":\"Kritik an RSK-Befangenheit zu Tihange\\\/Doel. Widerspr\u00fccheAtomkraftgegner entsetzt \u00fcber Umweltministerin Schulze. NRW-Ministerpr\u00e4sident Laschet schweigt.\",\"breadcrumb\":{\"@id\":\"https:\\\/\\\/www.umweltaktivisten.de\\\/index.php\\\/2018\\\/07\\\/21\\\/neue-kritik-an-rsk-befangenheit-zu-tihange-doel\\\/#breadcrumb\"},\"inLanguage\":\"de\",\"potentialAction\":[{\"@type\":\"ReadAction\",\"target\":[\"https:\\\/\\\/www.umweltaktivisten.de\\\/index.php\\\/2018\\\/07\\\/21\\\/neue-kritik-an-rsk-befangenheit-zu-tihange-doel\\\/\"]}]},{\"@type\":\"ImageObject\",\"inLanguage\":\"de\",\"@id\":\"https:\\\/\\\/www.umweltaktivisten.de\\\/index.php\\\/2018\\\/07\\\/21\\\/neue-kritik-an-rsk-befangenheit-zu-tihange-doel\\\/#primaryimage\",\"url\":\"https:\\\/\\\/www.umweltaktivisten.de\\\/wp-content\\\/uploads\\\/2016\\\/09\\\/radioactive-151085_1280.gif\",\"contentUrl\":\"https:\\\/\\\/www.umweltaktivisten.de\\\/wp-content\\\/uploads\\\/2016\\\/09\\\/radioactive-151085_1280.gif\",\"width\":200,\"height\":200,\"caption\":\"Grafik: pixabay\"},{\"@type\":\"BreadcrumbList\",\"@id\":\"https:\\\/\\\/www.umweltaktivisten.de\\\/index.php\\\/2018\\\/07\\\/21\\\/neue-kritik-an-rsk-befangenheit-zu-tihange-doel\\\/#breadcrumb\",\"itemListElement\":[{\"@type\":\"ListItem\",\"position\":1,\"name\":\"Home\",\"item\":\"https:\\\/\\\/www.umweltaktivisten.de\\\/\"},{\"@type\":\"ListItem\",\"position\":2,\"name\":\"RSK-Chef Wieland verheddert sich zu Tihange\\\/Doel-Gutachten:\"}]},{\"@type\":\"WebSite\",\"@id\":\"https:\\\/\\\/www.umweltaktivisten.de\\\/#website\",\"url\":\"https:\\\/\\\/www.umweltaktivisten.de\\\/\",\"name\":\"umweltaktivisten.de\",\"description\":\"&quot;Wir haben die Erde nur von unseren Kindern geborgt&quot;\",\"potentialAction\":[{\"@type\":\"SearchAction\",\"target\":{\"@type\":\"EntryPoint\",\"urlTemplate\":\"https:\\\/\\\/www.umweltaktivisten.de\\\/?s={search_term_string}\"},\"query-input\":{\"@type\":\"PropertyValueSpecification\",\"valueRequired\":true,\"valueName\":\"search_term_string\"}}],\"inLanguage\":\"de\"},{\"@type\":\"Person\",\"@id\":\"https:\\\/\\\/www.umweltaktivisten.de\\\/#\\\/schema\\\/person\\\/af601319cc34a906612869cf3b4fd51a\",\"name\":\"marita\",\"url\":\"https:\\\/\\\/www.umweltaktivisten.de\\\/author\\\/marita\\\/\"}]}<\/script>\n<!-- \/ Yoast SEO plugin. -->","yoast_head_json":{"title":"RSK-Chef Wieland verheddert sich zu Tihange\/Doel-Gutachten: - umweltaktivisten.de","description":"Kritik an RSK-Befangenheit zu Tihange\/Doel. Widerspr\u00fccheAtomkraftgegner entsetzt \u00fcber Umweltministerin Schulze. NRW-Ministerpr\u00e4sident Laschet schweigt.","robots":{"index":"index","follow":"nofollow","max-snippet":"max-snippet:-1","max-image-preview":"max-image-preview:large","max-video-preview":"max-video-preview:-1"},"canonical":"https:\/\/www.umweltaktivisten.de\/index.php\/2018\/07\/21\/neue-kritik-an-rsk-befangenheit-zu-tihange-doel\/","og_locale":"de_DE","og_type":"article","og_title":"RSK-Chef Wieland verheddert sich zu Tihange\/Doel-Gutachten:","og_description":"Mitglieder der Reaktorsichersicherheitskommission beruflich befangen EDF-Framatome Erlangen\/Lingen arbeitet f\u00fcr belgische AKWS","og_url":"https:\/\/www.umweltaktivisten.de\/index.php\/2018\/07\/21\/neue-kritik-an-rsk-befangenheit-zu-tihange-doel\/","og_site_name":"umweltaktivisten.de","article_published_time":"2018-07-21T21:12:21+00:00","article_modified_time":"2018-07-27T08:49:57+00:00","og_image":[{"width":200,"height":200,"url":"https:\/\/www.umweltaktivisten.de\/wp-content\/uploads\/2016\/09\/radioactive-151085_1280.gif","type":"image\/gif"}],"author":"marita","twitter_card":"summary_large_image","twitter_title":"RSK-Chef Wieland verheddert sich zu Tihange\/Doel-Gutachten:","twitter_description":"Mitglieder der Reaktorsichersicherheitskommission beruflich befangen EDF-Framatome Erlangen\/Lingen arbeitet f\u00fcr belgische AKWS","twitter_image":"http:\/\/www.umweltaktivisten.de\/wp-content\/uploads\/2016\/09\/radioactive-151085_1280.gif","twitter_misc":{"Verfasst von":"marita","Gesch\u00e4tzte Lesezeit":"5\u00a0Minuten"},"schema":{"@context":"https:\/\/schema.org","@graph":[{"@type":"Article","@id":"https:\/\/www.umweltaktivisten.de\/index.php\/2018\/07\/21\/neue-kritik-an-rsk-befangenheit-zu-tihange-doel\/#article","isPartOf":{"@id":"https:\/\/www.umweltaktivisten.de\/index.php\/2018\/07\/21\/neue-kritik-an-rsk-befangenheit-zu-tihange-doel\/"},"author":{"name":"marita","@id":"https:\/\/www.umweltaktivisten.de\/#\/schema\/person\/af601319cc34a906612869cf3b4fd51a"},"headline":"RSK-Chef Wieland verheddert sich zu Tihange\/Doel-Gutachten:","datePublished":"2018-07-21T21:12:21+00:00","dateModified":"2018-07-27T08:49:57+00:00","mainEntityOfPage":{"@id":"https:\/\/www.umweltaktivisten.de\/index.php\/2018\/07\/21\/neue-kritik-an-rsk-befangenheit-zu-tihange-doel\/"},"wordCount":942,"image":{"@id":"https:\/\/www.umweltaktivisten.de\/index.php\/2018\/07\/21\/neue-kritik-an-rsk-befangenheit-zu-tihange-doel\/#primaryimage"},"thumbnailUrl":"https:\/\/www.umweltaktivisten.de\/wp-content\/uploads\/2016\/09\/radioactive-151085_1280.gif","keywords":["Aachener Aktionsb\u00fcndnis gegen Atomenergie","AKW Tihange","Tihange"],"articleSection":{"1":"Atom"},"inLanguage":"de"},{"@type":"WebPage","@id":"https:\/\/www.umweltaktivisten.de\/index.php\/2018\/07\/21\/neue-kritik-an-rsk-befangenheit-zu-tihange-doel\/","url":"https:\/\/www.umweltaktivisten.de\/index.php\/2018\/07\/21\/neue-kritik-an-rsk-befangenheit-zu-tihange-doel\/","name":"RSK-Chef Wieland verheddert sich zu Tihange\/Doel-Gutachten: - umweltaktivisten.de","isPartOf":{"@id":"https:\/\/www.umweltaktivisten.de\/#website"},"primaryImageOfPage":{"@id":"https:\/\/www.umweltaktivisten.de\/index.php\/2018\/07\/21\/neue-kritik-an-rsk-befangenheit-zu-tihange-doel\/#primaryimage"},"image":{"@id":"https:\/\/www.umweltaktivisten.de\/index.php\/2018\/07\/21\/neue-kritik-an-rsk-befangenheit-zu-tihange-doel\/#primaryimage"},"thumbnailUrl":"https:\/\/www.umweltaktivisten.de\/wp-content\/uploads\/2016\/09\/radioactive-151085_1280.gif","datePublished":"2018-07-21T21:12:21+00:00","dateModified":"2018-07-27T08:49:57+00:00","author":{"@id":"https:\/\/www.umweltaktivisten.de\/#\/schema\/person\/af601319cc34a906612869cf3b4fd51a"},"description":"Kritik an RSK-Befangenheit zu Tihange\/Doel. Widerspr\u00fccheAtomkraftgegner entsetzt \u00fcber Umweltministerin Schulze. NRW-Ministerpr\u00e4sident Laschet schweigt.","breadcrumb":{"@id":"https:\/\/www.umweltaktivisten.de\/index.php\/2018\/07\/21\/neue-kritik-an-rsk-befangenheit-zu-tihange-doel\/#breadcrumb"},"inLanguage":"de","potentialAction":[{"@type":"ReadAction","target":["https:\/\/www.umweltaktivisten.de\/index.php\/2018\/07\/21\/neue-kritik-an-rsk-befangenheit-zu-tihange-doel\/"]}]},{"@type":"ImageObject","inLanguage":"de","@id":"https:\/\/www.umweltaktivisten.de\/index.php\/2018\/07\/21\/neue-kritik-an-rsk-befangenheit-zu-tihange-doel\/#primaryimage","url":"https:\/\/www.umweltaktivisten.de\/wp-content\/uploads\/2016\/09\/radioactive-151085_1280.gif","contentUrl":"https:\/\/www.umweltaktivisten.de\/wp-content\/uploads\/2016\/09\/radioactive-151085_1280.gif","width":200,"height":200,"caption":"Grafik: pixabay"},{"@type":"BreadcrumbList","@id":"https:\/\/www.umweltaktivisten.de\/index.php\/2018\/07\/21\/neue-kritik-an-rsk-befangenheit-zu-tihange-doel\/#breadcrumb","itemListElement":[{"@type":"ListItem","position":1,"name":"Home","item":"https:\/\/www.umweltaktivisten.de\/"},{"@type":"ListItem","position":2,"name":"RSK-Chef Wieland verheddert sich zu Tihange\/Doel-Gutachten:"}]},{"@type":"WebSite","@id":"https:\/\/www.umweltaktivisten.de\/#website","url":"https:\/\/www.umweltaktivisten.de\/","name":"umweltaktivisten.de","description":"&quot;Wir haben die Erde nur von unseren Kindern geborgt&quot;","potentialAction":[{"@type":"SearchAction","target":{"@type":"EntryPoint","urlTemplate":"https:\/\/www.umweltaktivisten.de\/?s={search_term_string}"},"query-input":{"@type":"PropertyValueSpecification","valueRequired":true,"valueName":"search_term_string"}}],"inLanguage":"de"},{"@type":"Person","@id":"https:\/\/www.umweltaktivisten.de\/#\/schema\/person\/af601319cc34a906612869cf3b4fd51a","name":"marita","url":"https:\/\/www.umweltaktivisten.de\/author\/marita\/"}]}},"_links":{"self":[{"href":"https:\/\/www.umweltaktivisten.de\/index.php\/wp-json\/wp\/v2\/posts\/2811","targetHints":{"allow":["GET"]}}],"collection":[{"href":"https:\/\/www.umweltaktivisten.de\/index.php\/wp-json\/wp\/v2\/posts"}],"about":[{"href":"https:\/\/www.umweltaktivisten.de\/index.php\/wp-json\/wp\/v2\/types\/post"}],"author":[{"embeddable":true,"href":"https:\/\/www.umweltaktivisten.de\/index.php\/wp-json\/wp\/v2\/users\/1"}],"replies":[{"embeddable":true,"href":"https:\/\/www.umweltaktivisten.de\/index.php\/wp-json\/wp\/v2\/comments?post=2811"}],"version-history":[{"count":11,"href":"https:\/\/www.umweltaktivisten.de\/index.php\/wp-json\/wp\/v2\/posts\/2811\/revisions"}],"predecessor-version":[{"id":2833,"href":"https:\/\/www.umweltaktivisten.de\/index.php\/wp-json\/wp\/v2\/posts\/2811\/revisions\/2833"}],"wp:featuredmedia":[{"embeddable":true,"href":"https:\/\/www.umweltaktivisten.de\/index.php\/wp-json\/wp\/v2\/media\/1422"}],"wp:attachment":[{"href":"https:\/\/www.umweltaktivisten.de\/index.php\/wp-json\/wp\/v2\/media?parent=2811"}],"wp:term":[{"taxonomy":"category","embeddable":true,"href":"https:\/\/www.umweltaktivisten.de\/index.php\/wp-json\/wp\/v2\/categories?post=2811"},{"taxonomy":"post_tag","embeddable":true,"href":"https:\/\/www.umweltaktivisten.de\/index.php\/wp-json\/wp\/v2\/tags?post=2811"}],"curies":[{"name":"wp","href":"https:\/\/api.w.org\/{rel}","templated":true}]}}