{"id":2723,"date":"2018-06-03T00:20:45","date_gmt":"2018-06-02T22:20:45","guid":{"rendered":"http:\/\/www.umweltaktivisten.de\/?p=2723"},"modified":"2018-06-03T00:30:08","modified_gmt":"2018-06-02T22:30:08","slug":"ahauser-bi-sind-unzufrieden-mit-der-antwort-der-umweltministerin-schulze","status":"publish","type":"post","link":"https:\/\/www.umweltaktivisten.de\/index.php\/2018\/06\/03\/ahauser-bi-sind-unzufrieden-mit-der-antwort-der-umweltministerin-schulze\/","title":{"rendered":"Antwort der Umweltministerin: Ahauser BI ist nicht zufrieden"},"content":{"rendered":"<p><img loading=\"lazy\" decoding=\"async\" class=\"aligncenter size-full wp-image-2633\" src=\"https:\/\/www.umweltaktivisten.de\/wp-content\/uploads\/2018\/03\/BI-Ahaus.jpg\" alt=\"\" width=\"607\" height=\"103\" srcset=\"https:\/\/www.umweltaktivisten.de\/wp-content\/uploads\/2018\/03\/BI-Ahaus.jpg 607w, https:\/\/www.umweltaktivisten.de\/wp-content\/uploads\/2018\/03\/BI-Ahaus-300x51.jpg 300w, https:\/\/www.umweltaktivisten.de\/wp-content\/uploads\/2018\/03\/BI-Ahaus-150x25.jpg 150w\" sizes=\"auto, (max-width: 607px) 100vw, 607px\" \/><\/p>\n<p>V\u00f6llig unzufrieden ist die B\u00fcrgerinitiative \u201eKein Atomm\u00fcll in Ahaus\u201c \u00fcber das Schreiben der Bundesumweltministerin, mit dem sie auf den Brief der BI vom 20. M\u00e4rz 2018 geantwortet hat. Darin hatte die BI unter zahlreichen Gesichtspunkten\u00a0 verdeutlicht, warum ein eventueller Transport des Atomm\u00fclls aus dem Versuchsreaktor (AVR) J\u00fclich nach Ahaus weder sinnvoll noch verantwortbar w\u00e4re. In dem Schreiben der Ministerin wird auf keines der Argumente der BI eingegangen. Stattdessen wird deutlich, worum es bei der Entscheidung \u00fcber den weiteren Verbleib der J\u00fclicher Brennelemente den verantwortlichen Politikern ausschlie\u00dflich geht: n\u00e4mlich welche der \u201edrei Optionen\u201c (Neubau eines Lagers in J\u00fclich, Transport nach Ahaus oder in die USA) am schnellsten realisierbar ist.<\/p>\n<p>\u201eNicht die Sicherheit der Bev\u00f6lkerung und der sinnvollste Weg der Entsorgung stehen im Vordergrund, sondern wie sich die Politik am schnellsten ein dringendes Problem vom Hals schaffen kann\u201c, so der Sprecher der BI Hartmut Liebermann.<\/p>\n<p>\u201eEin Transport nach Ahaus w\u00e4re aber keine L\u00f6sung, sondern nur ein Auf-die-lange-Bank-Schieben des Problems. Ein solches Vorgehen halten wir nicht akzeptabel f\u00fcr eine Bundesumweltministerin.\u201c<\/p>\n<p>In einem Antwortschreiben der BI vom 28. Mai 2018 wird Ministerin Schulze an ihre eigenen fr\u00fcheren Ank\u00fcndigungen als Wissenschaftsministerin des Landes NRW erinnert: Demnach sollte der Atomm\u00fcll aus J\u00fclich nur noch einmal, n\u00e4mlich in ein Endlager transportiert werden.<\/p>\n<p>\u201eFrau Schulze verf\u00e4hrt offenbar auch nach dem Prinzip \u201aWas interessiert mich mein Geschw\u00e4tz von gestern?\u2018 \u201c, so Felix Ruwe, Sprecher der BI.<\/p>\n<p>In ihrem Schreiben hat die BI ihre Einladung an Ministerin Schulze bekr\u00e4ftigt, zu einem Gespr\u00e4ch \u00fcber das Problem der geplanten Transporte nach Ahaus zu kommen.<\/p>\n<p>(PM der BI &#8222;Kein Atomm\u00fcll in Ahaus&#8220;)<\/p>\n<ul>\n<li><a href=\"https:\/\/www.umweltaktivisten.de\/wp-content\/uploads\/2018\/06\/Brief-an-Ministerin-Schulze-200318.pdf\" target=\"_blank\" rel=\"noopener\">Schreiben der BI an Ministerin Schulze vom 20. M\u00e4rz 2018<\/a><\/li>\n<li><a href=\"https:\/\/www.umweltaktivisten.de\/wp-content\/uploads\/2018\/06\/Antwort-an-Ministerin-Schulze-280518.pdf\">Antwort der BI an Ministerin Schulze vom 28. Mai 2018<\/a><\/li>\n<\/ul>\n","protected":false},"excerpt":{"rendered":"<p>V\u00f6llig unzufrieden ist die B\u00fcrgerinitiative \u201eKein Atomm\u00fcll in Ahaus\u201c \u00fcber das Schreiben der Bundesumweltministerin, mit dem sie auf den Brief der BI vom 20. M\u00e4rz 2018 geantwortet hat. Darin hatte die BI unter zahlreichen Gesichtspunkten\u00a0 verdeutlicht, warum ein eventueller Transport des Atomm\u00fclls aus dem Versuchsreaktor (AVR) J\u00fclich nach Ahaus weder\u2026<\/p>\n<p class=\"continue-reading-button\"> <a class=\"continue-reading-link\" href=\"https:\/\/www.umweltaktivisten.de\/index.php\/2018\/06\/03\/ahauser-bi-sind-unzufrieden-mit-der-antwort-der-umweltministerin-schulze\/\">weiter &#8230;<i class=\"crycon-right-dir\"><\/i><\/a><\/p>\n","protected":false},"author":1,"featured_media":1231,"comment_status":"closed","ping_status":"closed","sticky":false,"template":"","format":"standard","meta":{"footnotes":""},"categories":[1],"tags":[159,265,101],"class_list":["post-2723","post","type-post","status-publish","format-standard","has-post-thumbnail","hentry","category-allgemein","tag-ahaus-juelich","tag-bi-ahaus","tag-kein-atommuell-in-ahaus"],"yoast_head":"<!-- This site is optimized with the Yoast SEO plugin v27.5 - https:\/\/yoast.com\/product\/yoast-seo-wordpress\/ -->\n<title>V\u00f6llig unzufrieden ist die B\u00fcrgerinitiative \u201eKein Atomm\u00fcll in Ahaus\u201c \u00fcber das Schreiben der Bundesumweltministerin, mit dem sie auf den Brief der BI vom 20. M\u00e4rz 2018 geantwortet hat. Darin hatte die BI unter zahlreichen Gesichtspunkten verdeutlicht, warum ein eventueller Transport des Atomm\u00fclls aus dem Versuchsreaktor (AVR) J\u00fclich nach Ahaus weder sinnvoll noch verantwortbar w\u00e4re.<\/title>\n<meta name=\"description\" content=\"V\u00f6llig unzufrieden ist die BI \u201eKein Atomm\u00fcll in Ahaus\u201c \u00fcber die Antwort der Bundesumweltministerin. Die BI hatte im Schreiben an Schulze unter zahlreichen Gesichtspunkten verdeutlicht, warum ein eventueller Transport des Atomm\u00fclls aus dem Versuchsreaktor (AVR) J\u00fclich nach Ahaus weder sinnvoll noch verantwortbar w\u00e4re.\" \/>\n<meta name=\"robots\" content=\"index, nofollow, max-snippet:-1, max-image-preview:large, max-video-preview:-1\" \/>\n<link rel=\"canonical\" href=\"https:\/\/www.umweltaktivisten.de\/index.php\/2018\/06\/03\/ahauser-bi-sind-unzufrieden-mit-der-antwort-der-umweltministerin-schulze\/\" \/>\n<meta property=\"og:locale\" content=\"de_DE\" \/>\n<meta property=\"og:type\" content=\"article\" \/>\n<meta property=\"og:title\" content=\"Antwort der Umweltministerin: Ahauser BI ist nicht zufrieden\" \/>\n<meta property=\"og:description\" content=\"V\u00f6llig unzufrieden ist die BI \u201eKein Atomm\u00fcll in Ahaus\u201c \u00fcber das Schreiben der Bundesumweltministerin, mit dem sie auf den Brief der BI vom 20. M\u00e4rz 2018 geantwortet hat. Darin hatte die BI unter zahlreichen Gesichtspunkten verdeutlicht, warum ein eventueller Transport des Atomm\u00fclls aus dem Versuchsreaktor (AVR) J\u00fclich nach Ahaus weder sinnvoll noch verantwortbar w\u00e4re.\" \/>\n<meta property=\"og:url\" content=\"https:\/\/www.umweltaktivisten.de\/index.php\/2018\/06\/03\/ahauser-bi-sind-unzufrieden-mit-der-antwort-der-umweltministerin-schulze\/\" \/>\n<meta property=\"og:site_name\" content=\"umweltaktivisten.de\" \/>\n<meta property=\"article:published_time\" content=\"2018-06-02T22:20:45+00:00\" \/>\n<meta property=\"article:modified_time\" content=\"2018-06-02T22:30:08+00:00\" \/>\n<meta name=\"author\" content=\"marita\" \/>\n<meta name=\"twitter:card\" content=\"summary_large_image\" \/>\n<meta name=\"twitter:title\" content=\"Antwort der Umweltministerin: Ahauser BI ist nicht zufrieden\" \/>\n<meta name=\"twitter:description\" content=\"V\u00f6llig unzufrieden ist die BI \u201eKein Atomm\u00fcll in Ahaus\u201c \u00fcber das Schreiben der Bundesumweltministerin, mit dem sie auf den Brief der BI vom 20. M\u00e4rz 2018 geantwortet hat. Darin hatte die BI unter zahlreichen Gesichtspunkten verdeutlicht, warum ein eventueller Transport des Atomm\u00fclls aus dem Versuchsreaktor (AVR) J\u00fclich nach Ahaus weder sinnvoll noch verantwortbar w\u00e4re.\" \/>\n<meta name=\"twitter:image\" content=\"http:\/\/www.umweltaktivisten.de\/wp-content\/uploads\/2016\/12\/Castoren-Original-800x600.png\" \/>\n<meta name=\"twitter:label1\" content=\"Verfasst von\" \/>\n\t<meta name=\"twitter:data1\" content=\"marita\" \/>\n\t<meta name=\"twitter:label2\" content=\"Gesch\u00e4tzte Lesezeit\" \/>\n\t<meta name=\"twitter:data2\" content=\"1\u00a0Minute\" \/>\n<script type=\"application\/ld+json\" class=\"yoast-schema-graph\">{\"@context\":\"https:\\\/\\\/schema.org\",\"@graph\":[{\"@type\":\"Article\",\"@id\":\"https:\\\/\\\/www.umweltaktivisten.de\\\/index.php\\\/2018\\\/06\\\/03\\\/ahauser-bi-sind-unzufrieden-mit-der-antwort-der-umweltministerin-schulze\\\/#article\",\"isPartOf\":{\"@id\":\"https:\\\/\\\/www.umweltaktivisten.de\\\/index.php\\\/2018\\\/06\\\/03\\\/ahauser-bi-sind-unzufrieden-mit-der-antwort-der-umweltministerin-schulze\\\/\"},\"author\":{\"name\":\"marita\",\"@id\":\"https:\\\/\\\/www.umweltaktivisten.de\\\/#\\\/schema\\\/person\\\/af601319cc34a906612869cf3b4fd51a\"},\"headline\":\"Antwort der Umweltministerin: Ahauser BI ist nicht zufrieden\",\"datePublished\":\"2018-06-02T22:20:45+00:00\",\"dateModified\":\"2018-06-02T22:30:08+00:00\",\"mainEntityOfPage\":{\"@id\":\"https:\\\/\\\/www.umweltaktivisten.de\\\/index.php\\\/2018\\\/06\\\/03\\\/ahauser-bi-sind-unzufrieden-mit-der-antwort-der-umweltministerin-schulze\\\/\"},\"wordCount\":304,\"image\":{\"@id\":\"https:\\\/\\\/www.umweltaktivisten.de\\\/index.php\\\/2018\\\/06\\\/03\\\/ahauser-bi-sind-unzufrieden-mit-der-antwort-der-umweltministerin-schulze\\\/#primaryimage\"},\"thumbnailUrl\":\"https:\\\/\\\/www.umweltaktivisten.de\\\/wp-content\\\/uploads\\\/2016\\\/05\\\/Castoren-300X200.jpg\",\"keywords\":[\"Ahaus - J\u00fclich\",\"BI Ahaus\",\"Kein Atomm\u00fcll in Ahaus\"],\"inLanguage\":\"de\"},{\"@type\":\"WebPage\",\"@id\":\"https:\\\/\\\/www.umweltaktivisten.de\\\/index.php\\\/2018\\\/06\\\/03\\\/ahauser-bi-sind-unzufrieden-mit-der-antwort-der-umweltministerin-schulze\\\/\",\"url\":\"https:\\\/\\\/www.umweltaktivisten.de\\\/index.php\\\/2018\\\/06\\\/03\\\/ahauser-bi-sind-unzufrieden-mit-der-antwort-der-umweltministerin-schulze\\\/\",\"name\":\"V\u00f6llig unzufrieden ist die B\u00fcrgerinitiative \u201eKein Atomm\u00fcll in Ahaus\u201c \u00fcber das Schreiben der Bundesumweltministerin, mit dem sie auf den Brief der BI vom 20. M\u00e4rz 2018 geantwortet hat. Darin hatte die BI unter zahlreichen Gesichtspunkten verdeutlicht, warum ein eventueller Transport des Atomm\u00fclls aus dem Versuchsreaktor (AVR) J\u00fclich nach Ahaus weder sinnvoll noch verantwortbar w\u00e4re.\",\"isPartOf\":{\"@id\":\"https:\\\/\\\/www.umweltaktivisten.de\\\/#website\"},\"primaryImageOfPage\":{\"@id\":\"https:\\\/\\\/www.umweltaktivisten.de\\\/index.php\\\/2018\\\/06\\\/03\\\/ahauser-bi-sind-unzufrieden-mit-der-antwort-der-umweltministerin-schulze\\\/#primaryimage\"},\"image\":{\"@id\":\"https:\\\/\\\/www.umweltaktivisten.de\\\/index.php\\\/2018\\\/06\\\/03\\\/ahauser-bi-sind-unzufrieden-mit-der-antwort-der-umweltministerin-schulze\\\/#primaryimage\"},\"thumbnailUrl\":\"https:\\\/\\\/www.umweltaktivisten.de\\\/wp-content\\\/uploads\\\/2016\\\/05\\\/Castoren-300X200.jpg\",\"datePublished\":\"2018-06-02T22:20:45+00:00\",\"dateModified\":\"2018-06-02T22:30:08+00:00\",\"author\":{\"@id\":\"https:\\\/\\\/www.umweltaktivisten.de\\\/#\\\/schema\\\/person\\\/af601319cc34a906612869cf3b4fd51a\"},\"description\":\"V\u00f6llig unzufrieden ist die BI \u201eKein Atomm\u00fcll in Ahaus\u201c \u00fcber die Antwort der Bundesumweltministerin. Die BI hatte im Schreiben an Schulze unter zahlreichen Gesichtspunkten verdeutlicht, warum ein eventueller Transport des Atomm\u00fclls aus dem Versuchsreaktor (AVR) J\u00fclich nach Ahaus weder sinnvoll noch verantwortbar w\u00e4re.\",\"breadcrumb\":{\"@id\":\"https:\\\/\\\/www.umweltaktivisten.de\\\/index.php\\\/2018\\\/06\\\/03\\\/ahauser-bi-sind-unzufrieden-mit-der-antwort-der-umweltministerin-schulze\\\/#breadcrumb\"},\"inLanguage\":\"de\",\"potentialAction\":[{\"@type\":\"ReadAction\",\"target\":[\"https:\\\/\\\/www.umweltaktivisten.de\\\/index.php\\\/2018\\\/06\\\/03\\\/ahauser-bi-sind-unzufrieden-mit-der-antwort-der-umweltministerin-schulze\\\/\"]}]},{\"@type\":\"ImageObject\",\"inLanguage\":\"de\",\"@id\":\"https:\\\/\\\/www.umweltaktivisten.de\\\/index.php\\\/2018\\\/06\\\/03\\\/ahauser-bi-sind-unzufrieden-mit-der-antwort-der-umweltministerin-schulze\\\/#primaryimage\",\"url\":\"https:\\\/\\\/www.umweltaktivisten.de\\\/wp-content\\\/uploads\\\/2016\\\/05\\\/Castoren-300X200.jpg\",\"contentUrl\":\"https:\\\/\\\/www.umweltaktivisten.de\\\/wp-content\\\/uploads\\\/2016\\\/05\\\/Castoren-300X200.jpg\",\"width\":300,\"height\":200,\"caption\":\"\u00a9 Marita Boslar\"},{\"@type\":\"BreadcrumbList\",\"@id\":\"https:\\\/\\\/www.umweltaktivisten.de\\\/index.php\\\/2018\\\/06\\\/03\\\/ahauser-bi-sind-unzufrieden-mit-der-antwort-der-umweltministerin-schulze\\\/#breadcrumb\",\"itemListElement\":[{\"@type\":\"ListItem\",\"position\":1,\"name\":\"Home\",\"item\":\"https:\\\/\\\/www.umweltaktivisten.de\\\/\"},{\"@type\":\"ListItem\",\"position\":2,\"name\":\"Antwort der Umweltministerin: Ahauser BI ist nicht zufrieden\"}]},{\"@type\":\"WebSite\",\"@id\":\"https:\\\/\\\/www.umweltaktivisten.de\\\/#website\",\"url\":\"https:\\\/\\\/www.umweltaktivisten.de\\\/\",\"name\":\"umweltaktivisten.de\",\"description\":\"&quot;Wir haben die Erde nur von unseren Kindern geborgt&quot;\",\"potentialAction\":[{\"@type\":\"SearchAction\",\"target\":{\"@type\":\"EntryPoint\",\"urlTemplate\":\"https:\\\/\\\/www.umweltaktivisten.de\\\/?s={search_term_string}\"},\"query-input\":{\"@type\":\"PropertyValueSpecification\",\"valueRequired\":true,\"valueName\":\"search_term_string\"}}],\"inLanguage\":\"de\"},{\"@type\":\"Person\",\"@id\":\"https:\\\/\\\/www.umweltaktivisten.de\\\/#\\\/schema\\\/person\\\/af601319cc34a906612869cf3b4fd51a\",\"name\":\"marita\",\"url\":\"https:\\\/\\\/www.umweltaktivisten.de\\\/author\\\/marita\\\/\"}]}<\/script>\n<!-- \/ Yoast SEO plugin. -->","yoast_head_json":{"title":"V\u00f6llig unzufrieden ist die B\u00fcrgerinitiative \u201eKein Atomm\u00fcll in Ahaus\u201c \u00fcber das Schreiben der Bundesumweltministerin, mit dem sie auf den Brief der BI vom 20. M\u00e4rz 2018 geantwortet hat. Darin hatte die BI unter zahlreichen Gesichtspunkten verdeutlicht, warum ein eventueller Transport des Atomm\u00fclls aus dem Versuchsreaktor (AVR) J\u00fclich nach Ahaus weder sinnvoll noch verantwortbar w\u00e4re.","description":"V\u00f6llig unzufrieden ist die BI \u201eKein Atomm\u00fcll in Ahaus\u201c \u00fcber die Antwort der Bundesumweltministerin. Die BI hatte im Schreiben an Schulze unter zahlreichen Gesichtspunkten verdeutlicht, warum ein eventueller Transport des Atomm\u00fclls aus dem Versuchsreaktor (AVR) J\u00fclich nach Ahaus weder sinnvoll noch verantwortbar w\u00e4re.","robots":{"index":"index","follow":"nofollow","max-snippet":"max-snippet:-1","max-image-preview":"max-image-preview:large","max-video-preview":"max-video-preview:-1"},"canonical":"https:\/\/www.umweltaktivisten.de\/index.php\/2018\/06\/03\/ahauser-bi-sind-unzufrieden-mit-der-antwort-der-umweltministerin-schulze\/","og_locale":"de_DE","og_type":"article","og_title":"Antwort der Umweltministerin: Ahauser BI ist nicht zufrieden","og_description":"V\u00f6llig unzufrieden ist die BI \u201eKein Atomm\u00fcll in Ahaus\u201c \u00fcber das Schreiben der Bundesumweltministerin, mit dem sie auf den Brief der BI vom 20. M\u00e4rz 2018 geantwortet hat. Darin hatte die BI unter zahlreichen Gesichtspunkten verdeutlicht, warum ein eventueller Transport des Atomm\u00fclls aus dem Versuchsreaktor (AVR) J\u00fclich nach Ahaus weder sinnvoll noch verantwortbar w\u00e4re.","og_url":"https:\/\/www.umweltaktivisten.de\/index.php\/2018\/06\/03\/ahauser-bi-sind-unzufrieden-mit-der-antwort-der-umweltministerin-schulze\/","og_site_name":"umweltaktivisten.de","article_published_time":"2018-06-02T22:20:45+00:00","article_modified_time":"2018-06-02T22:30:08+00:00","author":"marita","twitter_card":"summary_large_image","twitter_title":"Antwort der Umweltministerin: Ahauser BI ist nicht zufrieden","twitter_description":"V\u00f6llig unzufrieden ist die BI \u201eKein Atomm\u00fcll in Ahaus\u201c \u00fcber das Schreiben der Bundesumweltministerin, mit dem sie auf den Brief der BI vom 20. M\u00e4rz 2018 geantwortet hat. Darin hatte die BI unter zahlreichen Gesichtspunkten verdeutlicht, warum ein eventueller Transport des Atomm\u00fclls aus dem Versuchsreaktor (AVR) J\u00fclich nach Ahaus weder sinnvoll noch verantwortbar w\u00e4re.","twitter_image":"http:\/\/www.umweltaktivisten.de\/wp-content\/uploads\/2016\/12\/Castoren-Original-800x600.png","twitter_misc":{"Verfasst von":"marita","Gesch\u00e4tzte Lesezeit":"1\u00a0Minute"},"schema":{"@context":"https:\/\/schema.org","@graph":[{"@type":"Article","@id":"https:\/\/www.umweltaktivisten.de\/index.php\/2018\/06\/03\/ahauser-bi-sind-unzufrieden-mit-der-antwort-der-umweltministerin-schulze\/#article","isPartOf":{"@id":"https:\/\/www.umweltaktivisten.de\/index.php\/2018\/06\/03\/ahauser-bi-sind-unzufrieden-mit-der-antwort-der-umweltministerin-schulze\/"},"author":{"name":"marita","@id":"https:\/\/www.umweltaktivisten.de\/#\/schema\/person\/af601319cc34a906612869cf3b4fd51a"},"headline":"Antwort der Umweltministerin: Ahauser BI ist nicht zufrieden","datePublished":"2018-06-02T22:20:45+00:00","dateModified":"2018-06-02T22:30:08+00:00","mainEntityOfPage":{"@id":"https:\/\/www.umweltaktivisten.de\/index.php\/2018\/06\/03\/ahauser-bi-sind-unzufrieden-mit-der-antwort-der-umweltministerin-schulze\/"},"wordCount":304,"image":{"@id":"https:\/\/www.umweltaktivisten.de\/index.php\/2018\/06\/03\/ahauser-bi-sind-unzufrieden-mit-der-antwort-der-umweltministerin-schulze\/#primaryimage"},"thumbnailUrl":"https:\/\/www.umweltaktivisten.de\/wp-content\/uploads\/2016\/05\/Castoren-300X200.jpg","keywords":["Ahaus - J\u00fclich","BI Ahaus","Kein Atomm\u00fcll in Ahaus"],"inLanguage":"de"},{"@type":"WebPage","@id":"https:\/\/www.umweltaktivisten.de\/index.php\/2018\/06\/03\/ahauser-bi-sind-unzufrieden-mit-der-antwort-der-umweltministerin-schulze\/","url":"https:\/\/www.umweltaktivisten.de\/index.php\/2018\/06\/03\/ahauser-bi-sind-unzufrieden-mit-der-antwort-der-umweltministerin-schulze\/","name":"V\u00f6llig unzufrieden ist die B\u00fcrgerinitiative \u201eKein Atomm\u00fcll in Ahaus\u201c \u00fcber das Schreiben der Bundesumweltministerin, mit dem sie auf den Brief der BI vom 20. M\u00e4rz 2018 geantwortet hat. Darin hatte die BI unter zahlreichen Gesichtspunkten verdeutlicht, warum ein eventueller Transport des Atomm\u00fclls aus dem Versuchsreaktor (AVR) J\u00fclich nach Ahaus weder sinnvoll noch verantwortbar w\u00e4re.","isPartOf":{"@id":"https:\/\/www.umweltaktivisten.de\/#website"},"primaryImageOfPage":{"@id":"https:\/\/www.umweltaktivisten.de\/index.php\/2018\/06\/03\/ahauser-bi-sind-unzufrieden-mit-der-antwort-der-umweltministerin-schulze\/#primaryimage"},"image":{"@id":"https:\/\/www.umweltaktivisten.de\/index.php\/2018\/06\/03\/ahauser-bi-sind-unzufrieden-mit-der-antwort-der-umweltministerin-schulze\/#primaryimage"},"thumbnailUrl":"https:\/\/www.umweltaktivisten.de\/wp-content\/uploads\/2016\/05\/Castoren-300X200.jpg","datePublished":"2018-06-02T22:20:45+00:00","dateModified":"2018-06-02T22:30:08+00:00","author":{"@id":"https:\/\/www.umweltaktivisten.de\/#\/schema\/person\/af601319cc34a906612869cf3b4fd51a"},"description":"V\u00f6llig unzufrieden ist die BI \u201eKein Atomm\u00fcll in Ahaus\u201c \u00fcber die Antwort der Bundesumweltministerin. Die BI hatte im Schreiben an Schulze unter zahlreichen Gesichtspunkten verdeutlicht, warum ein eventueller Transport des Atomm\u00fclls aus dem Versuchsreaktor (AVR) J\u00fclich nach Ahaus weder sinnvoll noch verantwortbar w\u00e4re.","breadcrumb":{"@id":"https:\/\/www.umweltaktivisten.de\/index.php\/2018\/06\/03\/ahauser-bi-sind-unzufrieden-mit-der-antwort-der-umweltministerin-schulze\/#breadcrumb"},"inLanguage":"de","potentialAction":[{"@type":"ReadAction","target":["https:\/\/www.umweltaktivisten.de\/index.php\/2018\/06\/03\/ahauser-bi-sind-unzufrieden-mit-der-antwort-der-umweltministerin-schulze\/"]}]},{"@type":"ImageObject","inLanguage":"de","@id":"https:\/\/www.umweltaktivisten.de\/index.php\/2018\/06\/03\/ahauser-bi-sind-unzufrieden-mit-der-antwort-der-umweltministerin-schulze\/#primaryimage","url":"https:\/\/www.umweltaktivisten.de\/wp-content\/uploads\/2016\/05\/Castoren-300X200.jpg","contentUrl":"https:\/\/www.umweltaktivisten.de\/wp-content\/uploads\/2016\/05\/Castoren-300X200.jpg","width":300,"height":200,"caption":"\u00a9 Marita Boslar"},{"@type":"BreadcrumbList","@id":"https:\/\/www.umweltaktivisten.de\/index.php\/2018\/06\/03\/ahauser-bi-sind-unzufrieden-mit-der-antwort-der-umweltministerin-schulze\/#breadcrumb","itemListElement":[{"@type":"ListItem","position":1,"name":"Home","item":"https:\/\/www.umweltaktivisten.de\/"},{"@type":"ListItem","position":2,"name":"Antwort der Umweltministerin: Ahauser BI ist nicht zufrieden"}]},{"@type":"WebSite","@id":"https:\/\/www.umweltaktivisten.de\/#website","url":"https:\/\/www.umweltaktivisten.de\/","name":"umweltaktivisten.de","description":"&quot;Wir haben die Erde nur von unseren Kindern geborgt&quot;","potentialAction":[{"@type":"SearchAction","target":{"@type":"EntryPoint","urlTemplate":"https:\/\/www.umweltaktivisten.de\/?s={search_term_string}"},"query-input":{"@type":"PropertyValueSpecification","valueRequired":true,"valueName":"search_term_string"}}],"inLanguage":"de"},{"@type":"Person","@id":"https:\/\/www.umweltaktivisten.de\/#\/schema\/person\/af601319cc34a906612869cf3b4fd51a","name":"marita","url":"https:\/\/www.umweltaktivisten.de\/author\/marita\/"}]}},"_links":{"self":[{"href":"https:\/\/www.umweltaktivisten.de\/index.php\/wp-json\/wp\/v2\/posts\/2723","targetHints":{"allow":["GET"]}}],"collection":[{"href":"https:\/\/www.umweltaktivisten.de\/index.php\/wp-json\/wp\/v2\/posts"}],"about":[{"href":"https:\/\/www.umweltaktivisten.de\/index.php\/wp-json\/wp\/v2\/types\/post"}],"author":[{"embeddable":true,"href":"https:\/\/www.umweltaktivisten.de\/index.php\/wp-json\/wp\/v2\/users\/1"}],"replies":[{"embeddable":true,"href":"https:\/\/www.umweltaktivisten.de\/index.php\/wp-json\/wp\/v2\/comments?post=2723"}],"version-history":[{"count":4,"href":"https:\/\/www.umweltaktivisten.de\/index.php\/wp-json\/wp\/v2\/posts\/2723\/revisions"}],"predecessor-version":[{"id":2730,"href":"https:\/\/www.umweltaktivisten.de\/index.php\/wp-json\/wp\/v2\/posts\/2723\/revisions\/2730"}],"wp:featuredmedia":[{"embeddable":true,"href":"https:\/\/www.umweltaktivisten.de\/index.php\/wp-json\/wp\/v2\/media\/1231"}],"wp:attachment":[{"href":"https:\/\/www.umweltaktivisten.de\/index.php\/wp-json\/wp\/v2\/media?parent=2723"}],"wp:term":[{"taxonomy":"category","embeddable":true,"href":"https:\/\/www.umweltaktivisten.de\/index.php\/wp-json\/wp\/v2\/categories?post=2723"},{"taxonomy":"post_tag","embeddable":true,"href":"https:\/\/www.umweltaktivisten.de\/index.php\/wp-json\/wp\/v2\/tags?post=2723"}],"curies":[{"name":"wp","href":"https:\/\/api.w.org\/{rel}","templated":true}]}}