{"id":2713,"date":"2018-05-26T22:43:14","date_gmt":"2018-05-26T20:43:14","guid":{"rendered":"http:\/\/www.umweltaktivisten.de\/?p=2713"},"modified":"2018-05-26T23:00:02","modified_gmt":"2018-05-26T21:00:02","slug":"bbu-geplanter-startschuss-fuer-die-fracking-kommission-ist-ein-schlag-ins-gesicht-der-umweltbewegung","status":"publish","type":"post","link":"https:\/\/www.umweltaktivisten.de\/index.php\/2018\/05\/26\/bbu-geplanter-startschuss-fuer-die-fracking-kommission-ist-ein-schlag-ins-gesicht-der-umweltbewegung\/","title":{"rendered":"BBU: Geplanter Startschuss f\u00fcr die Fracking-Kommission ist ein Schlag ins Gesicht der Umweltbewegung"},"content":{"rendered":"<div id=\"attachment_1805\" style=\"width: 703px\" class=\"wp-caption aligncenter\"><img data-recalc-dims=\"1\" loading=\"lazy\" decoding=\"async\" aria-describedby=\"caption-attachment-1805\" class=\"size-full wp-image-1805\" src=\"https:\/\/i0.wp.com\/www.umweltaktivisten.de\/wp-content\/uploads\/2017\/02\/bilderzwerg_Fotolia_81945414_S.jpg?resize=693%2C693&#038;ssl=1\" alt=\"\" width=\"693\" height=\"693\" srcset=\"https:\/\/i0.wp.com\/www.umweltaktivisten.de\/wp-content\/uploads\/2017\/02\/bilderzwerg_Fotolia_81945414_S.jpg?w=693&amp;ssl=1 693w, https:\/\/i0.wp.com\/www.umweltaktivisten.de\/wp-content\/uploads\/2017\/02\/bilderzwerg_Fotolia_81945414_S.jpg?resize=150%2C150&amp;ssl=1 150w, https:\/\/i0.wp.com\/www.umweltaktivisten.de\/wp-content\/uploads\/2017\/02\/bilderzwerg_Fotolia_81945414_S.jpg?resize=300%2C300&amp;ssl=1 300w\" sizes=\"auto, (max-width: 693px) 100vw, 693px\" \/><p id=\"caption-attachment-1805\" class=\"wp-caption-text\">\u00a9 Bilderzwerg\/Fotolia<\/p><\/div>\n<p><strong>Auf scharfe Kritik des Bundesverbandes B\u00fcrgerinitiativen Umweltschutz (BBU e.V.) sind die Pl\u00e4ne der Bundesregierung gesto\u00dfen, einen Beschluss \u00fcber die Zusammensetzung der Fracking-Kommission herbeizuf\u00fchren. Die Kommission soll vier Erprobungsvorhaben, bei denen die Fracking-Technik zum Einsatz kommen soll, begleiten.<\/strong> Damit w\u00fcrden nicht nur vier umweltzerst\u00f6rende Projekte legitimiert. Es w\u00fcrde auch der Weg in Richtung der kommerziellen F\u00f6rderung von Schiefergas weiter beschritten. Dies ist ein Schlag ins Gesicht der Umweltbewegung, die seit Jahren gegen die unbeherrschbare Risikotechnik k\u00e4mpft. Der BBU fordert die Bundesregierung auf, auf einen Beschluss zur Besetzung der Fracking-Kommission zu verzichten und stattdessen einen Gesetzentwurf einzubringen, mit dem die Einsetzung der Fracking-Kommission endg\u00fcltig aus dem Wasserhaushaltsgesetz gestrichen wird.<\/p>\n<p><img data-recalc-dims=\"1\" loading=\"lazy\" decoding=\"async\" class=\"size-full wp-image-812 alignleft\" src=\"https:\/\/i0.wp.com\/www.umweltaktivisten.de\/wp-content\/uploads\/2015\/09\/2_Hand_Stop_fracking-150x150.jpg?resize=150%2C150&#038;ssl=1\" alt=\"\" width=\"150\" height=\"150\" \/>Oliver Kalusch vom Gesch\u00e4ftsf\u00fchrenden Vorstand des BBU erkl\u00e4rt hierzu: \u201eDie Einsetzung der Fracking-Kommission und ihre zuk\u00fcnftige Arbeit ist ein durchsichtiges Man\u00f6ver, um der Bev\u00f6lkerung das gef\u00e4hrliche Gasbohren schmackhaft zu machen. Diese Kommission aus sechs Personen, die \u00fcberwiegend mit Vertretern frackingfreundlicher Stellen besetzt ist, soll der\u00a0 Gasindustrie nun die Ungef\u00e4hrlichkeit der Technik attestieren. Damit nichts schief geht, sind in dieser Kommission weder\u00a0 Umweltverb\u00e4nde noch andere zivilgesellschaftliche Akteure vertreten. Die Arbeit einer Kommission ist dabei v\u00f6llig \u00fcberfl\u00fcssig. Bereits aus den USA ist bekannt, dass Fracking zu Grundwasserkontaminationen und Erdbeben f\u00fchrt. Der Austritt von Methan sch\u00e4digt zudem das Klima. Statt einer Fracking- Kommission ist ein ausnahmsloses Fracking-Verbot notwendig.&#8220;<\/p>\n<p><img data-recalc-dims=\"1\" loading=\"lazy\" decoding=\"async\" class=\" wp-image-2271 alignleft\" src=\"https:\/\/i0.wp.com\/www.umweltaktivisten.de\/wp-content\/uploads\/2017\/07\/BBU_Aktionslogo_198x198px1.png?resize=71%2C71&#038;ssl=1\" alt=\"\" width=\"71\" height=\"71\" srcset=\"https:\/\/i0.wp.com\/www.umweltaktivisten.de\/wp-content\/uploads\/2017\/07\/BBU_Aktionslogo_198x198px1.png?w=198&amp;ssl=1 198w, https:\/\/i0.wp.com\/www.umweltaktivisten.de\/wp-content\/uploads\/2017\/07\/BBU_Aktionslogo_198x198px1.png?resize=150%2C150&amp;ssl=1 150w\" sizes=\"auto, (max-width: 71px) 100vw, 71px\" \/>PM: BBU<\/p>\n<p>&nbsp;<\/p>\n","protected":false},"excerpt":{"rendered":"<p>Auf scharfe Kritik des Bundesverbandes B\u00fcrgerinitiativen Umweltschutz (BBU e.V.) sind die Pl\u00e4ne der Bundesregierung gesto\u00dfen, einen Beschluss \u00fcber die Zusammensetzung der Fracking-Kommission herbeizuf\u00fchren. Die Kommission soll vier Erprobungsvorhaben, bei denen die Fracking-Technik zum Einsatz kommen soll, begleiten. Damit w\u00fcrden nicht nur vier umweltzerst\u00f6rende Projekte legitimiert. Es w\u00fcrde auch der Weg\u2026<\/p>\n<p class=\"continue-reading-button\"> <a class=\"continue-reading-link\" href=\"https:\/\/www.umweltaktivisten.de\/index.php\/2018\/05\/26\/bbu-geplanter-startschuss-fuer-die-fracking-kommission-ist-ein-schlag-ins-gesicht-der-umweltbewegung\/\">weiter &#8230;<i class=\"crycon-right-dir\"><\/i><\/a><\/p>\n","protected":false},"author":1,"featured_media":1808,"comment_status":"closed","ping_status":"closed","sticky":false,"template":"","format":"standard","meta":{"footnotes":"","jetpack_publicize_message":"","jetpack_publicize_feature_enabled":true,"jetpack_social_post_already_shared":true,"jetpack_social_options":{"image_generator_settings":{"template":"highway","default_image_id":0,"font":"","enabled":false},"version":2}},"categories":[1,19,11],"tags":[188,90,238],"class_list":["post-2713","post","type-post","status-publish","format-standard","has-post-thumbnail","hentry","category-allgemein","category-fracking","category-inofrack","tag-bbu","tag-fracking","tag-inofrack"],"yoast_head":"<!-- This site is optimized with the Yoast SEO plugin v27.5 - https:\/\/yoast.com\/product\/yoast-seo-wordpress\/ -->\n<title>BBU: Geplanter Startschuss f\u00fcr die Fracking-Kommission ist ein Schlag ins Gesicht der Umweltbewegung<\/title>\n<meta name=\"description\" content=\"Auf scharfe Kritik des Bundesverbandes B\u00fcrgerinitiativen Umweltschutz (BBU e.V.) sind die Pl\u00e4ne der Bundesregierung gesto\u00dfen, einen Beschluss \u00fcber die Zusammensetzung der Fracking-Kommission herbeizuf\u00fchren. Die Kommission soll vier Erprobungsvorhaben, bei denen die Fracking-Technik zum Einsatz kommen soll, begleiten.\" \/>\n<meta name=\"robots\" content=\"index, nofollow, max-snippet:-1, max-image-preview:large, max-video-preview:-1\" \/>\n<link rel=\"canonical\" href=\"https:\/\/www.umweltaktivisten.de\/index.php\/2018\/05\/26\/bbu-geplanter-startschuss-fuer-die-fracking-kommission-ist-ein-schlag-ins-gesicht-der-umweltbewegung\/\" \/>\n<meta property=\"og:locale\" content=\"de_DE\" \/>\n<meta property=\"og:type\" content=\"article\" \/>\n<meta property=\"og:title\" content=\"BBU: Geplanter Startschuss f\u00fcr die Fracking-Kommission ist ein Schlag ins Gesicht der Umweltbewegung\" \/>\n<meta property=\"og:description\" content=\"Auf scharfe Kritik des Bundesverbandes B\u00fcrgerinitiativen Umweltschutz (BBU e.V.) sind die Pl\u00e4ne der Bundesregierung gesto\u00dfen, einen Beschluss \u00fcber die Zusammensetzung der Fracking-Kommission herbeizuf\u00fchren. Die Kommission soll vier Erprobungsvorhaben, bei denen die Fracking-Technik zum Einsatz kommen soll, begleiten.\" \/>\n<meta property=\"og:url\" content=\"https:\/\/www.umweltaktivisten.de\/index.php\/2018\/05\/26\/bbu-geplanter-startschuss-fuer-die-fracking-kommission-ist-ein-schlag-ins-gesicht-der-umweltbewegung\/\" \/>\n<meta property=\"og:site_name\" content=\"umweltaktivisten.de\" \/>\n<meta property=\"article:published_time\" content=\"2018-05-26T20:43:14+00:00\" \/>\n<meta property=\"article:modified_time\" content=\"2018-05-26T21:00:02+00:00\" \/>\n<meta property=\"og:image\" content=\"https:\/\/www.umweltaktivisten.de\/wp-content\/uploads\/2017\/02\/bilderzwerg_Fotolia_81945414_S.jpg\" \/>\n\t<meta property=\"og:image:width\" content=\"693\" \/>\n\t<meta property=\"og:image:height\" content=\"693\" \/>\n\t<meta property=\"og:image:type\" content=\"image\/jpeg\" \/>\n<meta name=\"author\" content=\"marita\" \/>\n<meta name=\"twitter:card\" content=\"summary_large_image\" \/>\n<meta name=\"twitter:title\" content=\"BBU: Geplanter Startschuss f\u00fcr die Fracking-Kommission ist ein Schlag ins Gesicht der Umweltbewegung\" \/>\n<meta name=\"twitter:description\" content=\"Auf scharfe Kritik des Bundesverbandes B\u00fcrgerinitiativen Umweltschutz (BBU e.V.) sind die Pl\u00e4ne der Bundesregierung gesto\u00dfen, einen Beschluss \u00fcber die Zusammensetzung der Fracking-Kommission herbeizuf\u00fchren. Die Kommission soll vier Erprobungsvorhaben, bei denen die Fracking-Technik zum Einsatz kommen soll, begleiten.\" \/>\n<meta name=\"twitter:image\" content=\"http:\/\/www.umweltaktivisten.de\/wp-content\/uploads\/2017\/02\/bilderzwerg_Fotolia_81945414_S.jpg\" \/>\n<meta name=\"twitter:label1\" content=\"Verfasst von\" \/>\n\t<meta name=\"twitter:data1\" content=\"marita\" \/>\n\t<meta name=\"twitter:label2\" content=\"Gesch\u00e4tzte Lesezeit\" \/>\n\t<meta name=\"twitter:data2\" content=\"1\u00a0Minute\" \/>\n<script type=\"application\/ld+json\" class=\"yoast-schema-graph\">{\"@context\":\"https:\\\/\\\/schema.org\",\"@graph\":[{\"@type\":\"Article\",\"@id\":\"https:\\\/\\\/www.umweltaktivisten.de\\\/index.php\\\/2018\\\/05\\\/26\\\/bbu-geplanter-startschuss-fuer-die-fracking-kommission-ist-ein-schlag-ins-gesicht-der-umweltbewegung\\\/#article\",\"isPartOf\":{\"@id\":\"https:\\\/\\\/www.umweltaktivisten.de\\\/index.php\\\/2018\\\/05\\\/26\\\/bbu-geplanter-startschuss-fuer-die-fracking-kommission-ist-ein-schlag-ins-gesicht-der-umweltbewegung\\\/\"},\"author\":{\"name\":\"marita\",\"@id\":\"https:\\\/\\\/www.umweltaktivisten.de\\\/#\\\/schema\\\/person\\\/af601319cc34a906612869cf3b4fd51a\"},\"headline\":\"BBU: Geplanter Startschuss f\u00fcr die Fracking-Kommission ist ein Schlag ins Gesicht der Umweltbewegung\",\"datePublished\":\"2018-05-26T20:43:14+00:00\",\"dateModified\":\"2018-05-26T21:00:02+00:00\",\"mainEntityOfPage\":{\"@id\":\"https:\\\/\\\/www.umweltaktivisten.de\\\/index.php\\\/2018\\\/05\\\/26\\\/bbu-geplanter-startschuss-fuer-die-fracking-kommission-ist-ein-schlag-ins-gesicht-der-umweltbewegung\\\/\"},\"wordCount\":262,\"image\":{\"@id\":\"https:\\\/\\\/www.umweltaktivisten.de\\\/index.php\\\/2018\\\/05\\\/26\\\/bbu-geplanter-startschuss-fuer-die-fracking-kommission-ist-ein-schlag-ins-gesicht-der-umweltbewegung\\\/#primaryimage\"},\"thumbnailUrl\":\"https:\\\/\\\/i0.wp.com\\\/www.umweltaktivisten.de\\\/wp-content\\\/uploads\\\/2017\\\/02\\\/bilderzwerg_Fotolia_8194541-1.png?fit=250%2C250&ssl=1\",\"keywords\":[\"BBU\",\"Fracking\",\"inofrack\"],\"articleSection\":{\"1\":\"Fracking\",\"2\":\"inofrack\"},\"inLanguage\":\"de\"},{\"@type\":\"WebPage\",\"@id\":\"https:\\\/\\\/www.umweltaktivisten.de\\\/index.php\\\/2018\\\/05\\\/26\\\/bbu-geplanter-startschuss-fuer-die-fracking-kommission-ist-ein-schlag-ins-gesicht-der-umweltbewegung\\\/\",\"url\":\"https:\\\/\\\/www.umweltaktivisten.de\\\/index.php\\\/2018\\\/05\\\/26\\\/bbu-geplanter-startschuss-fuer-die-fracking-kommission-ist-ein-schlag-ins-gesicht-der-umweltbewegung\\\/\",\"name\":\"BBU: Geplanter Startschuss f\u00fcr die Fracking-Kommission ist ein Schlag ins Gesicht der Umweltbewegung\",\"isPartOf\":{\"@id\":\"https:\\\/\\\/www.umweltaktivisten.de\\\/#website\"},\"primaryImageOfPage\":{\"@id\":\"https:\\\/\\\/www.umweltaktivisten.de\\\/index.php\\\/2018\\\/05\\\/26\\\/bbu-geplanter-startschuss-fuer-die-fracking-kommission-ist-ein-schlag-ins-gesicht-der-umweltbewegung\\\/#primaryimage\"},\"image\":{\"@id\":\"https:\\\/\\\/www.umweltaktivisten.de\\\/index.php\\\/2018\\\/05\\\/26\\\/bbu-geplanter-startschuss-fuer-die-fracking-kommission-ist-ein-schlag-ins-gesicht-der-umweltbewegung\\\/#primaryimage\"},\"thumbnailUrl\":\"https:\\\/\\\/i0.wp.com\\\/www.umweltaktivisten.de\\\/wp-content\\\/uploads\\\/2017\\\/02\\\/bilderzwerg_Fotolia_8194541-1.png?fit=250%2C250&ssl=1\",\"datePublished\":\"2018-05-26T20:43:14+00:00\",\"dateModified\":\"2018-05-26T21:00:02+00:00\",\"author\":{\"@id\":\"https:\\\/\\\/www.umweltaktivisten.de\\\/#\\\/schema\\\/person\\\/af601319cc34a906612869cf3b4fd51a\"},\"description\":\"Auf scharfe Kritik des Bundesverbandes B\u00fcrgerinitiativen Umweltschutz (BBU e.V.) sind die Pl\u00e4ne der Bundesregierung gesto\u00dfen, einen Beschluss \u00fcber die Zusammensetzung der Fracking-Kommission herbeizuf\u00fchren. Die Kommission soll vier Erprobungsvorhaben, bei denen die Fracking-Technik zum Einsatz kommen soll, begleiten.\",\"breadcrumb\":{\"@id\":\"https:\\\/\\\/www.umweltaktivisten.de\\\/index.php\\\/2018\\\/05\\\/26\\\/bbu-geplanter-startschuss-fuer-die-fracking-kommission-ist-ein-schlag-ins-gesicht-der-umweltbewegung\\\/#breadcrumb\"},\"inLanguage\":\"de\",\"potentialAction\":[{\"@type\":\"ReadAction\",\"target\":[\"https:\\\/\\\/www.umweltaktivisten.de\\\/index.php\\\/2018\\\/05\\\/26\\\/bbu-geplanter-startschuss-fuer-die-fracking-kommission-ist-ein-schlag-ins-gesicht-der-umweltbewegung\\\/\"]}]},{\"@type\":\"ImageObject\",\"inLanguage\":\"de\",\"@id\":\"https:\\\/\\\/www.umweltaktivisten.de\\\/index.php\\\/2018\\\/05\\\/26\\\/bbu-geplanter-startschuss-fuer-die-fracking-kommission-ist-ein-schlag-ins-gesicht-der-umweltbewegung\\\/#primaryimage\",\"url\":\"https:\\\/\\\/i0.wp.com\\\/www.umweltaktivisten.de\\\/wp-content\\\/uploads\\\/2017\\\/02\\\/bilderzwerg_Fotolia_8194541-1.png?fit=250%2C250&ssl=1\",\"contentUrl\":\"https:\\\/\\\/i0.wp.com\\\/www.umweltaktivisten.de\\\/wp-content\\\/uploads\\\/2017\\\/02\\\/bilderzwerg_Fotolia_8194541-1.png?fit=250%2C250&ssl=1\",\"width\":250,\"height\":250,\"caption\":\"\u00a9 Fotolia\\\/Bilderzwerg\"},{\"@type\":\"BreadcrumbList\",\"@id\":\"https:\\\/\\\/www.umweltaktivisten.de\\\/index.php\\\/2018\\\/05\\\/26\\\/bbu-geplanter-startschuss-fuer-die-fracking-kommission-ist-ein-schlag-ins-gesicht-der-umweltbewegung\\\/#breadcrumb\",\"itemListElement\":[{\"@type\":\"ListItem\",\"position\":1,\"name\":\"Home\",\"item\":\"https:\\\/\\\/www.umweltaktivisten.de\\\/\"},{\"@type\":\"ListItem\",\"position\":2,\"name\":\"BBU: Geplanter Startschuss f\u00fcr die Fracking-Kommission ist ein Schlag ins Gesicht der Umweltbewegung\"}]},{\"@type\":\"WebSite\",\"@id\":\"https:\\\/\\\/www.umweltaktivisten.de\\\/#website\",\"url\":\"https:\\\/\\\/www.umweltaktivisten.de\\\/\",\"name\":\"umweltaktivisten.de\",\"description\":\"&quot;Wir haben die Erde nur von unseren Kindern geborgt&quot;\",\"potentialAction\":[{\"@type\":\"SearchAction\",\"target\":{\"@type\":\"EntryPoint\",\"urlTemplate\":\"https:\\\/\\\/www.umweltaktivisten.de\\\/?s={search_term_string}\"},\"query-input\":{\"@type\":\"PropertyValueSpecification\",\"valueRequired\":true,\"valueName\":\"search_term_string\"}}],\"inLanguage\":\"de\"},{\"@type\":\"Person\",\"@id\":\"https:\\\/\\\/www.umweltaktivisten.de\\\/#\\\/schema\\\/person\\\/af601319cc34a906612869cf3b4fd51a\",\"name\":\"marita\",\"url\":\"https:\\\/\\\/www.umweltaktivisten.de\\\/author\\\/marita\\\/\"}]}<\/script>\n<!-- \/ Yoast SEO plugin. -->","yoast_head_json":{"title":"BBU: Geplanter Startschuss f\u00fcr die Fracking-Kommission ist ein Schlag ins Gesicht der Umweltbewegung","description":"Auf scharfe Kritik des Bundesverbandes B\u00fcrgerinitiativen Umweltschutz (BBU e.V.) sind die Pl\u00e4ne der Bundesregierung gesto\u00dfen, einen Beschluss \u00fcber die Zusammensetzung der Fracking-Kommission herbeizuf\u00fchren. Die Kommission soll vier Erprobungsvorhaben, bei denen die Fracking-Technik zum Einsatz kommen soll, begleiten.","robots":{"index":"index","follow":"nofollow","max-snippet":"max-snippet:-1","max-image-preview":"max-image-preview:large","max-video-preview":"max-video-preview:-1"},"canonical":"https:\/\/www.umweltaktivisten.de\/index.php\/2018\/05\/26\/bbu-geplanter-startschuss-fuer-die-fracking-kommission-ist-ein-schlag-ins-gesicht-der-umweltbewegung\/","og_locale":"de_DE","og_type":"article","og_title":"BBU: Geplanter Startschuss f\u00fcr die Fracking-Kommission ist ein Schlag ins Gesicht der Umweltbewegung","og_description":"Auf scharfe Kritik des Bundesverbandes B\u00fcrgerinitiativen Umweltschutz (BBU e.V.) sind die Pl\u00e4ne der Bundesregierung gesto\u00dfen, einen Beschluss \u00fcber die Zusammensetzung der Fracking-Kommission herbeizuf\u00fchren. Die Kommission soll vier Erprobungsvorhaben, bei denen die Fracking-Technik zum Einsatz kommen soll, begleiten.","og_url":"https:\/\/www.umweltaktivisten.de\/index.php\/2018\/05\/26\/bbu-geplanter-startschuss-fuer-die-fracking-kommission-ist-ein-schlag-ins-gesicht-der-umweltbewegung\/","og_site_name":"umweltaktivisten.de","article_published_time":"2018-05-26T20:43:14+00:00","article_modified_time":"2018-05-26T21:00:02+00:00","og_image":[{"width":693,"height":693,"url":"https:\/\/www.umweltaktivisten.de\/wp-content\/uploads\/2017\/02\/bilderzwerg_Fotolia_81945414_S.jpg","type":"image\/jpeg"}],"author":"marita","twitter_card":"summary_large_image","twitter_title":"BBU: Geplanter Startschuss f\u00fcr die Fracking-Kommission ist ein Schlag ins Gesicht der Umweltbewegung","twitter_description":"Auf scharfe Kritik des Bundesverbandes B\u00fcrgerinitiativen Umweltschutz (BBU e.V.) sind die Pl\u00e4ne der Bundesregierung gesto\u00dfen, einen Beschluss \u00fcber die Zusammensetzung der Fracking-Kommission herbeizuf\u00fchren. Die Kommission soll vier Erprobungsvorhaben, bei denen die Fracking-Technik zum Einsatz kommen soll, begleiten.","twitter_image":"http:\/\/www.umweltaktivisten.de\/wp-content\/uploads\/2017\/02\/bilderzwerg_Fotolia_81945414_S.jpg","twitter_misc":{"Verfasst von":"marita","Gesch\u00e4tzte Lesezeit":"1\u00a0Minute"},"schema":{"@context":"https:\/\/schema.org","@graph":[{"@type":"Article","@id":"https:\/\/www.umweltaktivisten.de\/index.php\/2018\/05\/26\/bbu-geplanter-startschuss-fuer-die-fracking-kommission-ist-ein-schlag-ins-gesicht-der-umweltbewegung\/#article","isPartOf":{"@id":"https:\/\/www.umweltaktivisten.de\/index.php\/2018\/05\/26\/bbu-geplanter-startschuss-fuer-die-fracking-kommission-ist-ein-schlag-ins-gesicht-der-umweltbewegung\/"},"author":{"name":"marita","@id":"https:\/\/www.umweltaktivisten.de\/#\/schema\/person\/af601319cc34a906612869cf3b4fd51a"},"headline":"BBU: Geplanter Startschuss f\u00fcr die Fracking-Kommission ist ein Schlag ins Gesicht der Umweltbewegung","datePublished":"2018-05-26T20:43:14+00:00","dateModified":"2018-05-26T21:00:02+00:00","mainEntityOfPage":{"@id":"https:\/\/www.umweltaktivisten.de\/index.php\/2018\/05\/26\/bbu-geplanter-startschuss-fuer-die-fracking-kommission-ist-ein-schlag-ins-gesicht-der-umweltbewegung\/"},"wordCount":262,"image":{"@id":"https:\/\/www.umweltaktivisten.de\/index.php\/2018\/05\/26\/bbu-geplanter-startschuss-fuer-die-fracking-kommission-ist-ein-schlag-ins-gesicht-der-umweltbewegung\/#primaryimage"},"thumbnailUrl":"https:\/\/i0.wp.com\/www.umweltaktivisten.de\/wp-content\/uploads\/2017\/02\/bilderzwerg_Fotolia_8194541-1.png?fit=250%2C250&ssl=1","keywords":["BBU","Fracking","inofrack"],"articleSection":{"1":"Fracking","2":"inofrack"},"inLanguage":"de"},{"@type":"WebPage","@id":"https:\/\/www.umweltaktivisten.de\/index.php\/2018\/05\/26\/bbu-geplanter-startschuss-fuer-die-fracking-kommission-ist-ein-schlag-ins-gesicht-der-umweltbewegung\/","url":"https:\/\/www.umweltaktivisten.de\/index.php\/2018\/05\/26\/bbu-geplanter-startschuss-fuer-die-fracking-kommission-ist-ein-schlag-ins-gesicht-der-umweltbewegung\/","name":"BBU: Geplanter Startschuss f\u00fcr die Fracking-Kommission ist ein Schlag ins Gesicht der Umweltbewegung","isPartOf":{"@id":"https:\/\/www.umweltaktivisten.de\/#website"},"primaryImageOfPage":{"@id":"https:\/\/www.umweltaktivisten.de\/index.php\/2018\/05\/26\/bbu-geplanter-startschuss-fuer-die-fracking-kommission-ist-ein-schlag-ins-gesicht-der-umweltbewegung\/#primaryimage"},"image":{"@id":"https:\/\/www.umweltaktivisten.de\/index.php\/2018\/05\/26\/bbu-geplanter-startschuss-fuer-die-fracking-kommission-ist-ein-schlag-ins-gesicht-der-umweltbewegung\/#primaryimage"},"thumbnailUrl":"https:\/\/i0.wp.com\/www.umweltaktivisten.de\/wp-content\/uploads\/2017\/02\/bilderzwerg_Fotolia_8194541-1.png?fit=250%2C250&ssl=1","datePublished":"2018-05-26T20:43:14+00:00","dateModified":"2018-05-26T21:00:02+00:00","author":{"@id":"https:\/\/www.umweltaktivisten.de\/#\/schema\/person\/af601319cc34a906612869cf3b4fd51a"},"description":"Auf scharfe Kritik des Bundesverbandes B\u00fcrgerinitiativen Umweltschutz (BBU e.V.) sind die Pl\u00e4ne der Bundesregierung gesto\u00dfen, einen Beschluss \u00fcber die Zusammensetzung der Fracking-Kommission herbeizuf\u00fchren. Die Kommission soll vier Erprobungsvorhaben, bei denen die Fracking-Technik zum Einsatz kommen soll, begleiten.","breadcrumb":{"@id":"https:\/\/www.umweltaktivisten.de\/index.php\/2018\/05\/26\/bbu-geplanter-startschuss-fuer-die-fracking-kommission-ist-ein-schlag-ins-gesicht-der-umweltbewegung\/#breadcrumb"},"inLanguage":"de","potentialAction":[{"@type":"ReadAction","target":["https:\/\/www.umweltaktivisten.de\/index.php\/2018\/05\/26\/bbu-geplanter-startschuss-fuer-die-fracking-kommission-ist-ein-schlag-ins-gesicht-der-umweltbewegung\/"]}]},{"@type":"ImageObject","inLanguage":"de","@id":"https:\/\/www.umweltaktivisten.de\/index.php\/2018\/05\/26\/bbu-geplanter-startschuss-fuer-die-fracking-kommission-ist-ein-schlag-ins-gesicht-der-umweltbewegung\/#primaryimage","url":"https:\/\/i0.wp.com\/www.umweltaktivisten.de\/wp-content\/uploads\/2017\/02\/bilderzwerg_Fotolia_8194541-1.png?fit=250%2C250&ssl=1","contentUrl":"https:\/\/i0.wp.com\/www.umweltaktivisten.de\/wp-content\/uploads\/2017\/02\/bilderzwerg_Fotolia_8194541-1.png?fit=250%2C250&ssl=1","width":250,"height":250,"caption":"\u00a9 Fotolia\/Bilderzwerg"},{"@type":"BreadcrumbList","@id":"https:\/\/www.umweltaktivisten.de\/index.php\/2018\/05\/26\/bbu-geplanter-startschuss-fuer-die-fracking-kommission-ist-ein-schlag-ins-gesicht-der-umweltbewegung\/#breadcrumb","itemListElement":[{"@type":"ListItem","position":1,"name":"Home","item":"https:\/\/www.umweltaktivisten.de\/"},{"@type":"ListItem","position":2,"name":"BBU: Geplanter Startschuss f\u00fcr die Fracking-Kommission ist ein Schlag ins Gesicht der Umweltbewegung"}]},{"@type":"WebSite","@id":"https:\/\/www.umweltaktivisten.de\/#website","url":"https:\/\/www.umweltaktivisten.de\/","name":"umweltaktivisten.de","description":"&quot;Wir haben die Erde nur von unseren Kindern geborgt&quot;","potentialAction":[{"@type":"SearchAction","target":{"@type":"EntryPoint","urlTemplate":"https:\/\/www.umweltaktivisten.de\/?s={search_term_string}"},"query-input":{"@type":"PropertyValueSpecification","valueRequired":true,"valueName":"search_term_string"}}],"inLanguage":"de"},{"@type":"Person","@id":"https:\/\/www.umweltaktivisten.de\/#\/schema\/person\/af601319cc34a906612869cf3b4fd51a","name":"marita","url":"https:\/\/www.umweltaktivisten.de\/author\/marita\/"}]}},"jetpack_publicize_connections":[],"_links":{"self":[{"href":"https:\/\/www.umweltaktivisten.de\/index.php\/wp-json\/wp\/v2\/posts\/2713","targetHints":{"allow":["GET"]}}],"collection":[{"href":"https:\/\/www.umweltaktivisten.de\/index.php\/wp-json\/wp\/v2\/posts"}],"about":[{"href":"https:\/\/www.umweltaktivisten.de\/index.php\/wp-json\/wp\/v2\/types\/post"}],"author":[{"embeddable":true,"href":"https:\/\/www.umweltaktivisten.de\/index.php\/wp-json\/wp\/v2\/users\/1"}],"replies":[{"embeddable":true,"href":"https:\/\/www.umweltaktivisten.de\/index.php\/wp-json\/wp\/v2\/comments?post=2713"}],"version-history":[{"count":2,"href":"https:\/\/www.umweltaktivisten.de\/index.php\/wp-json\/wp\/v2\/posts\/2713\/revisions"}],"predecessor-version":[{"id":2715,"href":"https:\/\/www.umweltaktivisten.de\/index.php\/wp-json\/wp\/v2\/posts\/2713\/revisions\/2715"}],"wp:featuredmedia":[{"embeddable":true,"href":"https:\/\/www.umweltaktivisten.de\/index.php\/wp-json\/wp\/v2\/media\/1808"}],"wp:attachment":[{"href":"https:\/\/www.umweltaktivisten.de\/index.php\/wp-json\/wp\/v2\/media?parent=2713"}],"wp:term":[{"taxonomy":"category","embeddable":true,"href":"https:\/\/www.umweltaktivisten.de\/index.php\/wp-json\/wp\/v2\/categories?post=2713"},{"taxonomy":"post_tag","embeddable":true,"href":"https:\/\/www.umweltaktivisten.de\/index.php\/wp-json\/wp\/v2\/tags?post=2713"}],"curies":[{"name":"wp","href":"https:\/\/api.w.org\/{rel}","templated":true}]}}