{"id":2687,"date":"2018-05-12T23:06:57","date_gmt":"2018-05-12T21:06:57","guid":{"rendered":"http:\/\/www.umweltaktivisten.de\/?p=2687"},"modified":"2018-05-12T23:22:06","modified_gmt":"2018-05-12T21:22:06","slug":"sonntag-13-april-wald-statt-kohle-49-monate-waldspaziergang-mehr-als-12-700-teinehmerinnen-in-vier-jahren","status":"publish","type":"post","link":"https:\/\/www.umweltaktivisten.de\/index.php\/2018\/05\/12\/sonntag-13-april-wald-statt-kohle-49-monate-waldspaziergang-mehr-als-12-700-teinehmerinnen-in-vier-jahren\/","title":{"rendered":"Sonntag, 13. Mai, Wald statt Kohle &#8211; 49 Monate Waldspaziergang &#8211; mehr als 12.700 TeinehmerInnen in vier Jahren &#8230;"},"content":{"rendered":"<h5><\/h5>\n<h5><\/h5>\n<h5><strong><img loading=\"lazy\" decoding=\"async\" class=\"aligncenter size-large wp-image-1478\" src=\"https:\/\/www.umweltaktivisten.de\/wp-content\/uploads\/2016\/10\/Banner-Braunkohle-1024x683.jpg\" alt=\"\" width=\"900\" height=\"600\" srcset=\"https:\/\/www.umweltaktivisten.de\/wp-content\/uploads\/2016\/10\/Banner-Braunkohle-1024x683.jpg 1024w, https:\/\/www.umweltaktivisten.de\/wp-content\/uploads\/2016\/10\/Banner-Braunkohle-300x200.jpg 300w, https:\/\/www.umweltaktivisten.de\/wp-content\/uploads\/2016\/10\/Banner-Braunkohle-150x100.jpg 150w\" sizes=\"auto, (max-width: 900px) 100vw, 900px\" \/>Sonntag, 13. Mai, Wald statt Kohle &#8211; 49 Monate Waldspaziergang &#8211; mehr als 12.700 Teinehmer*innen in vier Jahren &#8230;<\/strong><\/h5>\n<p>Zusammen mit fast 100 individuell gebuchten F\u00fchrungen f\u00fcr Umweltverb\u00e4nde, Kirchen, Schulklassen, Lehrerkollegien sind wir jetzt bei unfassbaren 12.750 Teilnehmer*innen an F\u00fchrungen im Hambacher Wald angekommen. Viel mehr Menschen, als bei RWE in den Tagebauen und den Kraftwerken arbeiten &#8230; und am kommenden Sonntag werden wir Teilnehmer*in 13.000 begr\u00fc\u00dfen!<\/p>\n<p><strong><span style=\"color: #000080;\">Ge\u00e4nderte Anfangszeit 11.30 Uhr.<\/span><\/strong><\/p>\n<p><strong>Treffpunkt: RWE hat immer noch die komplette L276 zum Betriebsgel\u00e4nde erkl\u00e4rt, deshalb k\u00f6nnen wir im Moment nicht am ehemaligen Ausgangspunkt starten.<br \/>\n<\/strong><\/p>\n<p><strong>Stattdessen gilt die Wegbeschreibung bis kurz hinter Morschenich, allerdings nicht bis zur T-Kreuzung. Sondern etwa ein Kilometer hinter Morschenich geht es links ab auf einen breiten befestigten Wirtschaftsweg, Richtung Kieswerk Collas. Dort stehen Menschen, die Fahrzeuge und Ankommende einweisen werden.<br \/>\n<\/strong><\/p>\n<p><strong>Karte siehe <a href=\"https:\/\/www.umweltaktivisten.de\/wp-content\/uploads\/2018\/05\/Ganzseitiges-Foto.pdf\" target=\"_blank\" rel=\"noopener\">(Google Maps)<\/a><\/strong><\/p>\n<p><strong>Zum S-Bahnhof Buir k\u00f6nnen wir bei Bedarf ein &#8222;Shuttle&#8220; schicken, zu Fu\u00df sind es etwa 20 Minuten zum Treffpunkt.<\/strong><\/p>\n<p><strong>Achtung: Der Treff-\/bzw. Ausgangspunkt kann sich \u00e4ndern, das werden wir nat\u00fcrlich auch kurzfrstig mitteilen!<\/strong><\/p>\n<p>Anmeldung und weitere Infos bei mir unter 0171-8508321 oder per Mail <a class=\"ox-f0c112e017-ox-b44bd2a72d-ox-d0ad18a360-ox-b85846276c-ox-6f928b843b-ox-a348a67c7c-ox-8e1fe6438b-ox-f1aa5a477f-ox-966c1180c9-mailto-link ox-f0c112e017-ox-b44bd2a72d-ox-d0ad18a360-ox-b85846276c-ox-6f928b843b-ox-a348a67c7c-ox-8e1fe6438b-ox-f1aa5a477f-mailto-link ox-f0c112e017-ox-b44bd2a72d-ox-d0ad18a360-ox-b85846276c-ox-6f928b843b-ox-a348a67c7c-ox-8e1fe6438b-mailto-link ox-f0c112e017-ox-b44bd2a72d-ox-d0ad18a360-ox-b85846276c-ox-6f928b843b-ox-a348a67c7c-mailto-link ox-f0c112e017-ox-b44bd2a72d-ox-d0ad18a360-ox-b85846276c-ox-6f928b843b-mailto-link ox-f0c112e017-ox-b44bd2a72d-ox-d0ad18a360-ox-b85846276c-mailto-link ox-f0c112e017-ox-b44bd2a72d-ox-d0ad18a360-mailto-link ox-f0c112e017-ox-b44bd2a72d-mailto-link ox-f0c112e017-mailto-link mailto-link\" href=\"mailto:info@zobel-natur.de\">info@zobel-natur.de<\/a><\/p>\n<p>Quelle: Michael Zobel<\/p>\n","protected":false},"excerpt":{"rendered":"<p>Sonntag, 13. Mai, Wald statt Kohle &#8211; 49 Monate Waldspaziergang &#8211; mehr als 12.700 Teinehmer*innen in vier Jahren &#8230; Zusammen mit fast 100 individuell gebuchten F\u00fchrungen f\u00fcr Umweltverb\u00e4nde, Kirchen, Schulklassen, Lehrerkollegien sind wir jetzt bei unfassbaren 12.750 Teilnehmer*innen an F\u00fchrungen im Hambacher Wald angekommen. Viel mehr Menschen, als bei RWE\u2026<\/p>\n<p class=\"continue-reading-button\"> <a class=\"continue-reading-link\" href=\"https:\/\/www.umweltaktivisten.de\/index.php\/2018\/05\/12\/sonntag-13-april-wald-statt-kohle-49-monate-waldspaziergang-mehr-als-12-700-teinehmerinnen-in-vier-jahren\/\">weiter &#8230;<i class=\"crycon-right-dir\"><\/i><\/a><\/p>\n","protected":false},"author":1,"featured_media":683,"comment_status":"closed","ping_status":"closed","sticky":false,"template":"","format":"standard","meta":{"footnotes":""},"categories":[20],"tags":[47,95,211,286],"class_list":["post-2687","post","type-post","status-publish","format-standard","has-post-thumbnail","hentry","category-braunkohle","tag-hambacher-forst","tag-michael-zobel","tag-waldfuehrungen","tag-zobel"],"yoast_head":"<!-- This site is optimized with the Yoast SEO plugin v27.5 - https:\/\/yoast.com\/product\/yoast-seo-wordpress\/ -->\n<title>Sonntag, 13. Mai, Wald statt Kohle - 49 Monate Waldspaziergang - mehr als 12.700 TeinehmerInnen in vier Jahren ...Zusammen mit fast 100 individuell gebuchten F\u00fchrungen f\u00fcr Umweltverb\u00e4nde, Kirchen, Schulklassen, Lehrerkollegien sind wir jetzt bei unfassbaren 12.750 TeilnehmerInnen an F\u00fchrungen im Hambacher Wald angekommen. Viel mehr Menschen, als bei RWE in den Tagebauen und den Kraftwerken arbeiten ... und am kommenden Sonntag werden wir Teilnehmer*in 13.000 begr\u00fc\u00dfen!<\/title>\n<meta name=\"description\" content=\"Zusammen mit fast 100 individuell gebuchten F\u00fchrungen f\u00fcr Umweltverb\u00e4nde sind wir jetzt bei unfassbaren 12.750 TeilnehmerInnen an F\u00fchrungen im Hambacher Wald angekommen. Viel mehr Menschen, als bei RWE in den Tagebauen und den Kraftwerken arbeiten ... und am kommenden Sonntag werden wir Teilnehmer*in 13.000 begr\u00fc\u00dfen!\" \/>\n<meta name=\"robots\" content=\"index, nofollow, max-snippet:-1, max-image-preview:large, max-video-preview:-1\" \/>\n<link rel=\"canonical\" href=\"https:\/\/www.umweltaktivisten.de\/index.php\/2018\/05\/12\/sonntag-13-april-wald-statt-kohle-49-monate-waldspaziergang-mehr-als-12-700-teinehmerinnen-in-vier-jahren\/\" \/>\n<meta property=\"og:locale\" content=\"de_DE\" \/>\n<meta property=\"og:type\" content=\"article\" \/>\n<meta property=\"og:title\" content=\"Sonntag, 13. Mai, Wald statt Kohle - 49 Monate Waldspaziergang - mehr als 12.700 TeinehmerInnen in vier Jahren ...\" \/>\n<meta property=\"og:description\" content=\"Zusammen mit fast 100 individuell gebuchten F\u00fchrungen f\u00fcr Umweltverb\u00e4nde, Kirchen, Schulklassen, Lehrerkollegien sind wir jetzt bei unfassbaren 12.750 TeilnehmerInnen an F\u00fchrungen im Hambacher Wald angekommen. Viel mehr Menschen, als bei RWE in den Tagebauen und den Kraftwerken arbeiten ... und am kommenden Sonntag werden wir Teilnehmer*in 13.000 begr\u00fc\u00dfen!\" \/>\n<meta property=\"og:url\" content=\"https:\/\/www.umweltaktivisten.de\/index.php\/2018\/05\/12\/sonntag-13-april-wald-statt-kohle-49-monate-waldspaziergang-mehr-als-12-700-teinehmerinnen-in-vier-jahren\/\" \/>\n<meta property=\"og:site_name\" content=\"umweltaktivisten.de\" \/>\n<meta property=\"article:published_time\" content=\"2018-05-12T21:06:57+00:00\" \/>\n<meta property=\"article:modified_time\" content=\"2018-05-12T21:22:06+00:00\" \/>\n<meta property=\"og:image\" content=\"https:\/\/www.umweltaktivisten.de\/wp-content\/uploads\/2015\/09\/BaumhausM.jpg\" \/>\n\t<meta property=\"og:image:width\" content=\"792\" \/>\n\t<meta property=\"og:image:height\" content=\"594\" \/>\n\t<meta property=\"og:image:type\" content=\"image\/jpeg\" \/>\n<meta name=\"author\" content=\"marita\" \/>\n<meta name=\"twitter:card\" content=\"summary_large_image\" \/>\n<meta name=\"twitter:label1\" content=\"Verfasst von\" \/>\n\t<meta name=\"twitter:data1\" content=\"marita\" \/>\n\t<meta name=\"twitter:label2\" content=\"Gesch\u00e4tzte Lesezeit\" \/>\n\t<meta name=\"twitter:data2\" content=\"1\u00a0Minute\" \/>\n<script type=\"application\/ld+json\" class=\"yoast-schema-graph\">{\"@context\":\"https:\\\/\\\/schema.org\",\"@graph\":[{\"@type\":\"Article\",\"@id\":\"https:\\\/\\\/www.umweltaktivisten.de\\\/index.php\\\/2018\\\/05\\\/12\\\/sonntag-13-april-wald-statt-kohle-49-monate-waldspaziergang-mehr-als-12-700-teinehmerinnen-in-vier-jahren\\\/#article\",\"isPartOf\":{\"@id\":\"https:\\\/\\\/www.umweltaktivisten.de\\\/index.php\\\/2018\\\/05\\\/12\\\/sonntag-13-april-wald-statt-kohle-49-monate-waldspaziergang-mehr-als-12-700-teinehmerinnen-in-vier-jahren\\\/\"},\"author\":{\"name\":\"marita\",\"@id\":\"https:\\\/\\\/www.umweltaktivisten.de\\\/#\\\/schema\\\/person\\\/af601319cc34a906612869cf3b4fd51a\"},\"headline\":\"Sonntag, 13. Mai, Wald statt Kohle &#8211; 49 Monate Waldspaziergang &#8211; mehr als 12.700 TeinehmerInnen in vier Jahren &#8230;\",\"datePublished\":\"2018-05-12T21:06:57+00:00\",\"dateModified\":\"2018-05-12T21:22:06+00:00\",\"mainEntityOfPage\":{\"@id\":\"https:\\\/\\\/www.umweltaktivisten.de\\\/index.php\\\/2018\\\/05\\\/12\\\/sonntag-13-april-wald-statt-kohle-49-monate-waldspaziergang-mehr-als-12-700-teinehmerinnen-in-vier-jahren\\\/\"},\"wordCount\":206,\"image\":{\"@id\":\"https:\\\/\\\/www.umweltaktivisten.de\\\/index.php\\\/2018\\\/05\\\/12\\\/sonntag-13-april-wald-statt-kohle-49-monate-waldspaziergang-mehr-als-12-700-teinehmerinnen-in-vier-jahren\\\/#primaryimage\"},\"thumbnailUrl\":\"https:\\\/\\\/www.umweltaktivisten.de\\\/wp-content\\\/uploads\\\/2015\\\/09\\\/H_BaumhausM.jpg\",\"keywords\":[\"Hambacher Forst\",\"Michael Zobel\",\"Waldf\u00fchrungen\",\"Zobel\"],\"articleSection\":[\"Braunkohle\"],\"inLanguage\":\"de\"},{\"@type\":\"WebPage\",\"@id\":\"https:\\\/\\\/www.umweltaktivisten.de\\\/index.php\\\/2018\\\/05\\\/12\\\/sonntag-13-april-wald-statt-kohle-49-monate-waldspaziergang-mehr-als-12-700-teinehmerinnen-in-vier-jahren\\\/\",\"url\":\"https:\\\/\\\/www.umweltaktivisten.de\\\/index.php\\\/2018\\\/05\\\/12\\\/sonntag-13-april-wald-statt-kohle-49-monate-waldspaziergang-mehr-als-12-700-teinehmerinnen-in-vier-jahren\\\/\",\"name\":\"Sonntag, 13. Mai, Wald statt Kohle - 49 Monate Waldspaziergang - mehr als 12.700 TeinehmerInnen in vier Jahren ...Zusammen mit fast 100 individuell gebuchten F\u00fchrungen f\u00fcr Umweltverb\u00e4nde, Kirchen, Schulklassen, Lehrerkollegien sind wir jetzt bei unfassbaren 12.750 TeilnehmerInnen an F\u00fchrungen im Hambacher Wald angekommen. Viel mehr Menschen, als bei RWE in den Tagebauen und den Kraftwerken arbeiten ... und am kommenden Sonntag werden wir Teilnehmer*in 13.000 begr\u00fc\u00dfen!\",\"isPartOf\":{\"@id\":\"https:\\\/\\\/www.umweltaktivisten.de\\\/#website\"},\"primaryImageOfPage\":{\"@id\":\"https:\\\/\\\/www.umweltaktivisten.de\\\/index.php\\\/2018\\\/05\\\/12\\\/sonntag-13-april-wald-statt-kohle-49-monate-waldspaziergang-mehr-als-12-700-teinehmerinnen-in-vier-jahren\\\/#primaryimage\"},\"image\":{\"@id\":\"https:\\\/\\\/www.umweltaktivisten.de\\\/index.php\\\/2018\\\/05\\\/12\\\/sonntag-13-april-wald-statt-kohle-49-monate-waldspaziergang-mehr-als-12-700-teinehmerinnen-in-vier-jahren\\\/#primaryimage\"},\"thumbnailUrl\":\"https:\\\/\\\/www.umweltaktivisten.de\\\/wp-content\\\/uploads\\\/2015\\\/09\\\/H_BaumhausM.jpg\",\"datePublished\":\"2018-05-12T21:06:57+00:00\",\"dateModified\":\"2018-05-12T21:22:06+00:00\",\"author\":{\"@id\":\"https:\\\/\\\/www.umweltaktivisten.de\\\/#\\\/schema\\\/person\\\/af601319cc34a906612869cf3b4fd51a\"},\"description\":\"Zusammen mit fast 100 individuell gebuchten F\u00fchrungen f\u00fcr Umweltverb\u00e4nde sind wir jetzt bei unfassbaren 12.750 TeilnehmerInnen an F\u00fchrungen im Hambacher Wald angekommen. Viel mehr Menschen, als bei RWE in den Tagebauen und den Kraftwerken arbeiten ... und am kommenden Sonntag werden wir Teilnehmer*in 13.000 begr\u00fc\u00dfen!\",\"breadcrumb\":{\"@id\":\"https:\\\/\\\/www.umweltaktivisten.de\\\/index.php\\\/2018\\\/05\\\/12\\\/sonntag-13-april-wald-statt-kohle-49-monate-waldspaziergang-mehr-als-12-700-teinehmerinnen-in-vier-jahren\\\/#breadcrumb\"},\"inLanguage\":\"de\",\"potentialAction\":[{\"@type\":\"ReadAction\",\"target\":[\"https:\\\/\\\/www.umweltaktivisten.de\\\/index.php\\\/2018\\\/05\\\/12\\\/sonntag-13-april-wald-statt-kohle-49-monate-waldspaziergang-mehr-als-12-700-teinehmerinnen-in-vier-jahren\\\/\"]}]},{\"@type\":\"ImageObject\",\"inLanguage\":\"de\",\"@id\":\"https:\\\/\\\/www.umweltaktivisten.de\\\/index.php\\\/2018\\\/05\\\/12\\\/sonntag-13-april-wald-statt-kohle-49-monate-waldspaziergang-mehr-als-12-700-teinehmerinnen-in-vier-jahren\\\/#primaryimage\",\"url\":\"https:\\\/\\\/www.umweltaktivisten.de\\\/wp-content\\\/uploads\\\/2015\\\/09\\\/H_BaumhausM.jpg\",\"contentUrl\":\"https:\\\/\\\/www.umweltaktivisten.de\\\/wp-content\\\/uploads\\\/2015\\\/09\\\/H_BaumhausM.jpg\",\"width\":300,\"height\":225,\"caption\":\"Foto: HFB\"},{\"@type\":\"BreadcrumbList\",\"@id\":\"https:\\\/\\\/www.umweltaktivisten.de\\\/index.php\\\/2018\\\/05\\\/12\\\/sonntag-13-april-wald-statt-kohle-49-monate-waldspaziergang-mehr-als-12-700-teinehmerinnen-in-vier-jahren\\\/#breadcrumb\",\"itemListElement\":[{\"@type\":\"ListItem\",\"position\":1,\"name\":\"Home\",\"item\":\"https:\\\/\\\/www.umweltaktivisten.de\\\/\"},{\"@type\":\"ListItem\",\"position\":2,\"name\":\"Sonntag, 13. Mai, Wald statt Kohle &#8211; 49 Monate Waldspaziergang &#8211; mehr als 12.700 TeinehmerInnen in vier Jahren &#8230;\"}]},{\"@type\":\"WebSite\",\"@id\":\"https:\\\/\\\/www.umweltaktivisten.de\\\/#website\",\"url\":\"https:\\\/\\\/www.umweltaktivisten.de\\\/\",\"name\":\"umweltaktivisten.de\",\"description\":\"&quot;Wir haben die Erde nur von unseren Kindern geborgt&quot;\",\"potentialAction\":[{\"@type\":\"SearchAction\",\"target\":{\"@type\":\"EntryPoint\",\"urlTemplate\":\"https:\\\/\\\/www.umweltaktivisten.de\\\/?s={search_term_string}\"},\"query-input\":{\"@type\":\"PropertyValueSpecification\",\"valueRequired\":true,\"valueName\":\"search_term_string\"}}],\"inLanguage\":\"de\"},{\"@type\":\"Person\",\"@id\":\"https:\\\/\\\/www.umweltaktivisten.de\\\/#\\\/schema\\\/person\\\/af601319cc34a906612869cf3b4fd51a\",\"name\":\"marita\",\"url\":\"https:\\\/\\\/www.umweltaktivisten.de\\\/author\\\/marita\\\/\"}]}<\/script>\n<!-- \/ Yoast SEO plugin. -->","yoast_head_json":{"title":"Sonntag, 13. Mai, Wald statt Kohle - 49 Monate Waldspaziergang - mehr als 12.700 TeinehmerInnen in vier Jahren ...Zusammen mit fast 100 individuell gebuchten F\u00fchrungen f\u00fcr Umweltverb\u00e4nde, Kirchen, Schulklassen, Lehrerkollegien sind wir jetzt bei unfassbaren 12.750 TeilnehmerInnen an F\u00fchrungen im Hambacher Wald angekommen. Viel mehr Menschen, als bei RWE in den Tagebauen und den Kraftwerken arbeiten ... und am kommenden Sonntag werden wir Teilnehmer*in 13.000 begr\u00fc\u00dfen!","description":"Zusammen mit fast 100 individuell gebuchten F\u00fchrungen f\u00fcr Umweltverb\u00e4nde sind wir jetzt bei unfassbaren 12.750 TeilnehmerInnen an F\u00fchrungen im Hambacher Wald angekommen. Viel mehr Menschen, als bei RWE in den Tagebauen und den Kraftwerken arbeiten ... und am kommenden Sonntag werden wir Teilnehmer*in 13.000 begr\u00fc\u00dfen!","robots":{"index":"index","follow":"nofollow","max-snippet":"max-snippet:-1","max-image-preview":"max-image-preview:large","max-video-preview":"max-video-preview:-1"},"canonical":"https:\/\/www.umweltaktivisten.de\/index.php\/2018\/05\/12\/sonntag-13-april-wald-statt-kohle-49-monate-waldspaziergang-mehr-als-12-700-teinehmerinnen-in-vier-jahren\/","og_locale":"de_DE","og_type":"article","og_title":"Sonntag, 13. Mai, Wald statt Kohle - 49 Monate Waldspaziergang - mehr als 12.700 TeinehmerInnen in vier Jahren ...","og_description":"Zusammen mit fast 100 individuell gebuchten F\u00fchrungen f\u00fcr Umweltverb\u00e4nde, Kirchen, Schulklassen, Lehrerkollegien sind wir jetzt bei unfassbaren 12.750 TeilnehmerInnen an F\u00fchrungen im Hambacher Wald angekommen. Viel mehr Menschen, als bei RWE in den Tagebauen und den Kraftwerken arbeiten ... und am kommenden Sonntag werden wir Teilnehmer*in 13.000 begr\u00fc\u00dfen!","og_url":"https:\/\/www.umweltaktivisten.de\/index.php\/2018\/05\/12\/sonntag-13-april-wald-statt-kohle-49-monate-waldspaziergang-mehr-als-12-700-teinehmerinnen-in-vier-jahren\/","og_site_name":"umweltaktivisten.de","article_published_time":"2018-05-12T21:06:57+00:00","article_modified_time":"2018-05-12T21:22:06+00:00","og_image":[{"width":792,"height":594,"url":"https:\/\/www.umweltaktivisten.de\/wp-content\/uploads\/2015\/09\/BaumhausM.jpg","type":"image\/jpeg"}],"author":"marita","twitter_card":"summary_large_image","twitter_misc":{"Verfasst von":"marita","Gesch\u00e4tzte Lesezeit":"1\u00a0Minute"},"schema":{"@context":"https:\/\/schema.org","@graph":[{"@type":"Article","@id":"https:\/\/www.umweltaktivisten.de\/index.php\/2018\/05\/12\/sonntag-13-april-wald-statt-kohle-49-monate-waldspaziergang-mehr-als-12-700-teinehmerinnen-in-vier-jahren\/#article","isPartOf":{"@id":"https:\/\/www.umweltaktivisten.de\/index.php\/2018\/05\/12\/sonntag-13-april-wald-statt-kohle-49-monate-waldspaziergang-mehr-als-12-700-teinehmerinnen-in-vier-jahren\/"},"author":{"name":"marita","@id":"https:\/\/www.umweltaktivisten.de\/#\/schema\/person\/af601319cc34a906612869cf3b4fd51a"},"headline":"Sonntag, 13. Mai, Wald statt Kohle &#8211; 49 Monate Waldspaziergang &#8211; mehr als 12.700 TeinehmerInnen in vier Jahren &#8230;","datePublished":"2018-05-12T21:06:57+00:00","dateModified":"2018-05-12T21:22:06+00:00","mainEntityOfPage":{"@id":"https:\/\/www.umweltaktivisten.de\/index.php\/2018\/05\/12\/sonntag-13-april-wald-statt-kohle-49-monate-waldspaziergang-mehr-als-12-700-teinehmerinnen-in-vier-jahren\/"},"wordCount":206,"image":{"@id":"https:\/\/www.umweltaktivisten.de\/index.php\/2018\/05\/12\/sonntag-13-april-wald-statt-kohle-49-monate-waldspaziergang-mehr-als-12-700-teinehmerinnen-in-vier-jahren\/#primaryimage"},"thumbnailUrl":"https:\/\/www.umweltaktivisten.de\/wp-content\/uploads\/2015\/09\/H_BaumhausM.jpg","keywords":["Hambacher Forst","Michael Zobel","Waldf\u00fchrungen","Zobel"],"articleSection":["Braunkohle"],"inLanguage":"de"},{"@type":"WebPage","@id":"https:\/\/www.umweltaktivisten.de\/index.php\/2018\/05\/12\/sonntag-13-april-wald-statt-kohle-49-monate-waldspaziergang-mehr-als-12-700-teinehmerinnen-in-vier-jahren\/","url":"https:\/\/www.umweltaktivisten.de\/index.php\/2018\/05\/12\/sonntag-13-april-wald-statt-kohle-49-monate-waldspaziergang-mehr-als-12-700-teinehmerinnen-in-vier-jahren\/","name":"Sonntag, 13. Mai, Wald statt Kohle - 49 Monate Waldspaziergang - mehr als 12.700 TeinehmerInnen in vier Jahren ...Zusammen mit fast 100 individuell gebuchten F\u00fchrungen f\u00fcr Umweltverb\u00e4nde, Kirchen, Schulklassen, Lehrerkollegien sind wir jetzt bei unfassbaren 12.750 TeilnehmerInnen an F\u00fchrungen im Hambacher Wald angekommen. Viel mehr Menschen, als bei RWE in den Tagebauen und den Kraftwerken arbeiten ... und am kommenden Sonntag werden wir Teilnehmer*in 13.000 begr\u00fc\u00dfen!","isPartOf":{"@id":"https:\/\/www.umweltaktivisten.de\/#website"},"primaryImageOfPage":{"@id":"https:\/\/www.umweltaktivisten.de\/index.php\/2018\/05\/12\/sonntag-13-april-wald-statt-kohle-49-monate-waldspaziergang-mehr-als-12-700-teinehmerinnen-in-vier-jahren\/#primaryimage"},"image":{"@id":"https:\/\/www.umweltaktivisten.de\/index.php\/2018\/05\/12\/sonntag-13-april-wald-statt-kohle-49-monate-waldspaziergang-mehr-als-12-700-teinehmerinnen-in-vier-jahren\/#primaryimage"},"thumbnailUrl":"https:\/\/www.umweltaktivisten.de\/wp-content\/uploads\/2015\/09\/H_BaumhausM.jpg","datePublished":"2018-05-12T21:06:57+00:00","dateModified":"2018-05-12T21:22:06+00:00","author":{"@id":"https:\/\/www.umweltaktivisten.de\/#\/schema\/person\/af601319cc34a906612869cf3b4fd51a"},"description":"Zusammen mit fast 100 individuell gebuchten F\u00fchrungen f\u00fcr Umweltverb\u00e4nde sind wir jetzt bei unfassbaren 12.750 TeilnehmerInnen an F\u00fchrungen im Hambacher Wald angekommen. Viel mehr Menschen, als bei RWE in den Tagebauen und den Kraftwerken arbeiten ... und am kommenden Sonntag werden wir Teilnehmer*in 13.000 begr\u00fc\u00dfen!","breadcrumb":{"@id":"https:\/\/www.umweltaktivisten.de\/index.php\/2018\/05\/12\/sonntag-13-april-wald-statt-kohle-49-monate-waldspaziergang-mehr-als-12-700-teinehmerinnen-in-vier-jahren\/#breadcrumb"},"inLanguage":"de","potentialAction":[{"@type":"ReadAction","target":["https:\/\/www.umweltaktivisten.de\/index.php\/2018\/05\/12\/sonntag-13-april-wald-statt-kohle-49-monate-waldspaziergang-mehr-als-12-700-teinehmerinnen-in-vier-jahren\/"]}]},{"@type":"ImageObject","inLanguage":"de","@id":"https:\/\/www.umweltaktivisten.de\/index.php\/2018\/05\/12\/sonntag-13-april-wald-statt-kohle-49-monate-waldspaziergang-mehr-als-12-700-teinehmerinnen-in-vier-jahren\/#primaryimage","url":"https:\/\/www.umweltaktivisten.de\/wp-content\/uploads\/2015\/09\/H_BaumhausM.jpg","contentUrl":"https:\/\/www.umweltaktivisten.de\/wp-content\/uploads\/2015\/09\/H_BaumhausM.jpg","width":300,"height":225,"caption":"Foto: HFB"},{"@type":"BreadcrumbList","@id":"https:\/\/www.umweltaktivisten.de\/index.php\/2018\/05\/12\/sonntag-13-april-wald-statt-kohle-49-monate-waldspaziergang-mehr-als-12-700-teinehmerinnen-in-vier-jahren\/#breadcrumb","itemListElement":[{"@type":"ListItem","position":1,"name":"Home","item":"https:\/\/www.umweltaktivisten.de\/"},{"@type":"ListItem","position":2,"name":"Sonntag, 13. Mai, Wald statt Kohle &#8211; 49 Monate Waldspaziergang &#8211; mehr als 12.700 TeinehmerInnen in vier Jahren &#8230;"}]},{"@type":"WebSite","@id":"https:\/\/www.umweltaktivisten.de\/#website","url":"https:\/\/www.umweltaktivisten.de\/","name":"umweltaktivisten.de","description":"&quot;Wir haben die Erde nur von unseren Kindern geborgt&quot;","potentialAction":[{"@type":"SearchAction","target":{"@type":"EntryPoint","urlTemplate":"https:\/\/www.umweltaktivisten.de\/?s={search_term_string}"},"query-input":{"@type":"PropertyValueSpecification","valueRequired":true,"valueName":"search_term_string"}}],"inLanguage":"de"},{"@type":"Person","@id":"https:\/\/www.umweltaktivisten.de\/#\/schema\/person\/af601319cc34a906612869cf3b4fd51a","name":"marita","url":"https:\/\/www.umweltaktivisten.de\/author\/marita\/"}]}},"_links":{"self":[{"href":"https:\/\/www.umweltaktivisten.de\/index.php\/wp-json\/wp\/v2\/posts\/2687","targetHints":{"allow":["GET"]}}],"collection":[{"href":"https:\/\/www.umweltaktivisten.de\/index.php\/wp-json\/wp\/v2\/posts"}],"about":[{"href":"https:\/\/www.umweltaktivisten.de\/index.php\/wp-json\/wp\/v2\/types\/post"}],"author":[{"embeddable":true,"href":"https:\/\/www.umweltaktivisten.de\/index.php\/wp-json\/wp\/v2\/users\/1"}],"replies":[{"embeddable":true,"href":"https:\/\/www.umweltaktivisten.de\/index.php\/wp-json\/wp\/v2\/comments?post=2687"}],"version-history":[{"count":5,"href":"https:\/\/www.umweltaktivisten.de\/index.php\/wp-json\/wp\/v2\/posts\/2687\/revisions"}],"predecessor-version":[{"id":2694,"href":"https:\/\/www.umweltaktivisten.de\/index.php\/wp-json\/wp\/v2\/posts\/2687\/revisions\/2694"}],"wp:featuredmedia":[{"embeddable":true,"href":"https:\/\/www.umweltaktivisten.de\/index.php\/wp-json\/wp\/v2\/media\/683"}],"wp:attachment":[{"href":"https:\/\/www.umweltaktivisten.de\/index.php\/wp-json\/wp\/v2\/media?parent=2687"}],"wp:term":[{"taxonomy":"category","embeddable":true,"href":"https:\/\/www.umweltaktivisten.de\/index.php\/wp-json\/wp\/v2\/categories?post=2687"},{"taxonomy":"post_tag","embeddable":true,"href":"https:\/\/www.umweltaktivisten.de\/index.php\/wp-json\/wp\/v2\/tags?post=2687"}],"curies":[{"name":"wp","href":"https:\/\/api.w.org\/{rel}","templated":true}]}}