{"id":2670,"date":"2018-05-10T22:59:26","date_gmt":"2018-05-10T20:59:26","guid":{"rendered":"http:\/\/www.umweltaktivisten.de\/?p=2670"},"modified":"2018-05-10T23:01:29","modified_gmt":"2018-05-10T21:01:29","slug":"macron-und-merkel-muessen-ueber-atomausstieg-sprechen","status":"publish","type":"post","link":"https:\/\/www.umweltaktivisten.de\/index.php\/2018\/05\/10\/macron-und-merkel-muessen-ueber-atomausstieg-sprechen\/","title":{"rendered":"&#8222;Macron und Merkel m\u00fcssen \u00fcber Atomausstieg sprechen&#8220;"},"content":{"rendered":"<p><img loading=\"lazy\" decoding=\"async\" class=\"size-full wp-image-2671\" src=\"https:\/\/www.umweltaktivisten.de\/wp-content\/uploads\/2018\/05\/Macron.jpg\" alt=\"\" width=\"810\" height=\"540\" srcset=\"https:\/\/www.umweltaktivisten.de\/wp-content\/uploads\/2018\/05\/Macron.jpg 810w, https:\/\/www.umweltaktivisten.de\/wp-content\/uploads\/2018\/05\/Macron-300x200.jpg 300w, https:\/\/www.umweltaktivisten.de\/wp-content\/uploads\/2018\/05\/Macron-768x512.jpg 768w, https:\/\/www.umweltaktivisten.de\/wp-content\/uploads\/2018\/05\/Macron-150x100.jpg 150w\" sizes=\"auto, (max-width: 810px) 100vw, 810px\" \/><\/p>\n<h5>Anti-Atom-Demo zum Macron-Besuch in Aachen:<br \/>\n&#8222;Macron und Merkel m\u00fcssen \u00fcber Atomausstieg sprechen&#8220;<\/h5>\n<ul>\n<li><strong>Protest gegen Beteiligung an Pannen-AKW und Brennelementexporte<\/strong><\/li>\n<li><strong>Tihange, Doel, Lingen und Gronau im Fokus<\/strong><\/li>\n<\/ul>\n<p>Anti-Atomkraft-Initiativen und Umweltverb\u00e4nde fordern von Bundeskanzlerin Angela Merkel sowie Frankreichs Pr\u00e4sident Emmanuel Macron anl\u00e4sslich ihres Besuchs in Aachen am jetzigen Donnerstag (10. Mai) die atomaren Risiken unter anderem durch den Weiterbetrieb der Pannenreaktoren in Doel und Tihange (Belgien), aber auch in Cattenom und Fessenheim (Frankreich) auf die Tagesordnung zu setzen. Dazu wird es um 10 Uhr eine Demonstration vom Welthaus, An der Schanz 1, zum Marktplatz geben, wo Macron und Merkel zur Karlspreisverleihung erwartet werden.<\/p>\n<p>Der franz\u00f6sische Staat ist der gr\u00f6\u00dfte Anteilseigner am Betreiber der belgischen AKW, Engie-Electrabel, und Mehrheitseigent\u00fcmer der Brennelementefabrik Lingen. Das bedeutet f\u00fcr Pr\u00e4sident Macron eine besondere Verantwortung angesichts der zahlreichen gravierenden Sicherheitsm\u00e4ngel und St\u00f6rf\u00e4lle in den grenznahen Reaktoren. Ein weiteres Thema muss zudem ein Ende der Belieferung mit Brennelementen aus Lingen sowie von angereichertem Uran aus Gronau sein. Hier ist die Kanzlerin gefordert.<\/p>\n<p>&#8222;Es reicht nicht, wenn Pr\u00e4sident Macron immer wieder mehr Europa fordert, aber beim Thema Atomkraft sofort in altes nationalstaatliches Denken verf\u00e4llt und jeder Kritik ausweicht. Wer die Bev\u00f6lkerung f\u00fcr Europa begeistern will, darf sie nicht durch den fortgesetzten Betrieb extrem st\u00f6ranf\u00e4lliger Atomreaktoren st\u00e4ndig gro\u00dfen Gefahren aussetzen. Gerade in Aachen muss der franz\u00f6sische Pr\u00e4sident beim Thema Sicherheit vor dem Super-GAU konkrete Gegenma\u00dfnahmen mitbringen&#8220;, so J\u00f6rg Schellenberg vom Aachener Aktionsb\u00fcndins gegen Atomenergie.<\/p>\n<p>&#8222;Niemand versteht mehr, warum aus Lingen im Emsland noch immer Brennelemente f\u00fcr derart gef\u00e4hrliche Reaktoren geliefert werden \u2013 wie erst vor wenigen Wochen ausgerechnet f\u00fcr Doel 1 und 2. Kanzlerin Merkel muss jetzt den Fehler des Atomausstiegsgesetzes von 2011 korrigieren und den Export von Brennelementen und angereichertem Uran mit auf die Ausstiegsliste setzen. Denn wer wider besseren Wissens den Uranbrennstoff liefert, ist am Ende auch f\u00fcr alle St\u00f6rf\u00e4lle mitverantwortlich&#8220;, so Dr. Angelika Claussen von der atomkritischen \u00c4rzteorganisation IPPNW.<\/p>\n<p>&#8222;Es hei\u00dft immer, dass die Menschen im Fokus von Europa stehen sollten. Dann kann die Bev\u00f6lkerung sicher zu Recht erwarten, dass ein derart wichtiges Thema wie marode Atomreaktoren zwischen Merkel und Macron nicht einfach ausgespart wird. Das Treffen in Aachen muss mehr ergeben, als nur sch\u00f6ne Fotos f\u00fcrs Familienalbum&#8220;, so Matthias Eickhoff vom Aktionsb\u00fcndnis M\u00fcnsterland gegen Atomanlagen.<\/p>\n<p>Weitere Infos:<br \/>\n<a class=\"moz-txt-link-abbreviated\" href=\"http:\/\/www.anti-akw-ac.de\" target=\"_blank\" rel=\"noopener\">www.anti-akw-ac.de<\/a>, <a class=\"moz-txt-link-abbreviated\" href=\"http:\/\/www.stop-tihange.org\" target=\"_blank\" rel=\"noopener\">www.stop-tihange.org<\/a>, <a class=\"moz-txt-link-abbreviated\" href=\"http:\/\/www.lingen-demo.de\" target=\"_blank\" rel=\"noopener\">www.lingen-demo.de<\/a>,<br \/>\n<a class=\"moz-txt-link-abbreviated\" href=\"http:\/\/www.ippnw.de\" target=\"_blank\" rel=\"noopener\">www.ippnw.de<\/a>, <a class=\"moz-txt-link-abbreviated\" href=\"http:\/\/www.sofa-ms.de\" target=\"_blank\" rel=\"noopener\">www.sofa-ms.de<\/a>, <a class=\"moz-txt-link-abbreviated\" href=\"http:\/\/www.antiatombonn.de\" target=\"_blank\" rel=\"noopener\">www.antiatombonn.de<\/a>, <a class=\"moz-txt-link-abbreviated\" href=\"http:\/\/www.bbu-online.de\" target=\"_blank\" rel=\"noopener\">www.bbu-online.de<\/a>, <a class=\"moz-txt-link-abbreviated\" href=\"http:\/\/www.bi-luechow-dannenberg.de\" target=\"_blank\" rel=\"noopener\">www.bi-luechow-dannenberg.de<\/a>, <a class=\"moz-txt-link-abbreviated\" href=\"http:\/\/www.urantransport.de\" target=\"_blank\" rel=\"noopener\">www.urantransport.de<\/a><\/p>\n<p><strong>Herausgeber der PM: <\/strong><br \/>\nAachener Aktionsb\u00fcndnis gegen Atomenergie<br \/>\nAktionsb\u00fcndnis M\u00fcnsterland gegen Atomanlagen<br \/>\nInternationale \u00c4rzte zur Verh\u00fctung eines Atomkriegs\/\u00c4rzte in sozialer Verantwortung (IPPNW)<br \/>\nBundesverband B\u00fcrgerinitiativen Umweltschutz (BBU)<br \/>\nArbeitskreis Umwelt (AKU) Sch\u00fcttorf<br \/>\nArbeitskreis Umwelt (AKU) Gronau<br \/>\nSOFA (Sofortiger Atomausstieg) M\u00fcnster<br \/>\nAntiAtomBonn<br \/>\nB\u00fcrgerinitiative Umweltschutz L\u00fcchow-Dannenberg<\/p>\n","protected":false},"excerpt":{"rendered":"<p>Anti-Atom-Demo zum Macron-Besuch in Aachen: &#8222;Macron und Merkel m\u00fcssen \u00fcber Atomausstieg sprechen&#8220; Protest gegen Beteiligung an Pannen-AKW und Brennelementexporte Tihange, Doel, Lingen und Gronau im Fokus Anti-Atomkraft-Initiativen und Umweltverb\u00e4nde fordern von Bundeskanzlerin Angela Merkel sowie Frankreichs Pr\u00e4sident Emmanuel Macron anl\u00e4sslich ihres Besuchs in Aachen am jetzigen Donnerstag (10. Mai) die\u2026<\/p>\n<p class=\"continue-reading-button\"> <a class=\"continue-reading-link\" href=\"https:\/\/www.umweltaktivisten.de\/index.php\/2018\/05\/10\/macron-und-merkel-muessen-ueber-atomausstieg-sprechen\/\">weiter &#8230;<i class=\"crycon-right-dir\"><\/i><\/a><\/p>\n","protected":false},"author":1,"featured_media":2674,"comment_status":"closed","ping_status":"closed","sticky":false,"template":"","format":"standard","meta":{"footnotes":""},"categories":[1,21],"tags":[284,255,285,283,107],"class_list":["post-2670","post","type-post","status-publish","format-standard","has-post-thumbnail","hentry","category-allgemein","category-atom","tag-aachener-aktionsbuendnis-gegen-atomenergie","tag-doel","tag-karlspreis-2ss18","tag-macron","tag-tihange"],"yoast_head":"<!-- This site is optimized with the Yoast SEO plugin v27.5 - https:\/\/yoast.com\/product\/yoast-seo-wordpress\/ -->\n<title>Anti-Atom-Demo zum Macron-Besuch in Aachen: &quot;Macron und Merkel m\u00fcssen \u00fcber Atomausstieg sprechen&quot; - Protest gegen Beteiligung an Pannen-AKW und Brennelementexporte Tihange, Doel, Lingen und Gronau im Fokus<\/title>\n<meta name=\"description\" content=\"Anti-Atom-Demo zum Macron-Besuch in Aachen: &quot;Macron und Merkel m\u00fcssen \u00fcber Atomausstieg sprechen&quot; Protest gegen Beteiligung an Pannen-AKW und Brennelementexporte Tihange, Doel, Lingen und Gronau im Fokus\" \/>\n<meta name=\"robots\" content=\"index, nofollow, max-snippet:-1, max-image-preview:large, max-video-preview:-1\" \/>\n<link rel=\"canonical\" href=\"https:\/\/www.umweltaktivisten.de\/index.php\/2018\/05\/10\/macron-und-merkel-muessen-ueber-atomausstieg-sprechen\/\" \/>\n<meta property=\"og:locale\" content=\"de_DE\" \/>\n<meta property=\"og:type\" content=\"article\" \/>\n<meta property=\"og:title\" content=\"&quot;Macron und Merkel m\u00fcssen \u00fcber Atomausstieg sprechen&quot;\" \/>\n<meta property=\"og:description\" content=\"Anti-Atom-Demo zum Macron-Besuch in Aachen: &quot;Macron und Merkel m\u00fcssen \u00fcber Atomausstieg sprechen&quot; Protest gegen Beteiligung an Pannen-AKW und Brennelementexporte Tihange, Doel, Lingen und Gronau im Fokus\" \/>\n<meta property=\"og:url\" content=\"https:\/\/www.umweltaktivisten.de\/index.php\/2018\/05\/10\/macron-und-merkel-muessen-ueber-atomausstieg-sprechen\/\" \/>\n<meta property=\"og:site_name\" content=\"umweltaktivisten.de\" \/>\n<meta property=\"article:published_time\" content=\"2018-05-10T20:59:26+00:00\" \/>\n<meta property=\"article:modified_time\" content=\"2018-05-10T21:01:29+00:00\" \/>\n<meta property=\"og:image\" content=\"https:\/\/www.umweltaktivisten.de\/wp-content\/uploads\/2018\/05\/Macron.jpg\" \/>\n\t<meta property=\"og:image:width\" content=\"810\" \/>\n\t<meta property=\"og:image:height\" content=\"540\" \/>\n\t<meta property=\"og:image:type\" content=\"image\/jpeg\" \/>\n<meta name=\"author\" content=\"marita\" \/>\n<meta name=\"twitter:card\" content=\"summary_large_image\" \/>\n<meta name=\"twitter:label1\" content=\"Verfasst von\" \/>\n\t<meta name=\"twitter:data1\" content=\"marita\" \/>\n\t<meta name=\"twitter:label2\" content=\"Gesch\u00e4tzte Lesezeit\" \/>\n\t<meta name=\"twitter:data2\" content=\"2\u00a0Minuten\" \/>\n<script type=\"application\/ld+json\" class=\"yoast-schema-graph\">{\"@context\":\"https:\\\/\\\/schema.org\",\"@graph\":[{\"@type\":\"Article\",\"@id\":\"https:\\\/\\\/www.umweltaktivisten.de\\\/index.php\\\/2018\\\/05\\\/10\\\/macron-und-merkel-muessen-ueber-atomausstieg-sprechen\\\/#article\",\"isPartOf\":{\"@id\":\"https:\\\/\\\/www.umweltaktivisten.de\\\/index.php\\\/2018\\\/05\\\/10\\\/macron-und-merkel-muessen-ueber-atomausstieg-sprechen\\\/\"},\"author\":{\"name\":\"marita\",\"@id\":\"https:\\\/\\\/www.umweltaktivisten.de\\\/#\\\/schema\\\/person\\\/af601319cc34a906612869cf3b4fd51a\"},\"headline\":\"&#8222;Macron und Merkel m\u00fcssen \u00fcber Atomausstieg sprechen&#8220;\",\"datePublished\":\"2018-05-10T20:59:26+00:00\",\"dateModified\":\"2018-05-10T21:01:29+00:00\",\"mainEntityOfPage\":{\"@id\":\"https:\\\/\\\/www.umweltaktivisten.de\\\/index.php\\\/2018\\\/05\\\/10\\\/macron-und-merkel-muessen-ueber-atomausstieg-sprechen\\\/\"},\"wordCount\":486,\"image\":{\"@id\":\"https:\\\/\\\/www.umweltaktivisten.de\\\/index.php\\\/2018\\\/05\\\/10\\\/macron-und-merkel-muessen-ueber-atomausstieg-sprechen\\\/#primaryimage\"},\"thumbnailUrl\":\"https:\\\/\\\/www.umweltaktivisten.de\\\/wp-content\\\/uploads\\\/2018\\\/05\\\/w_Macron.png\",\"keywords\":[\"Aachener Aktionsb\u00fcndnis gegen Atomenergie\",\"Doel\",\"Karlspreis 2\u00df18\",\"Macron\",\"Tihange\"],\"articleSection\":{\"1\":\"Atom\"},\"inLanguage\":\"de\"},{\"@type\":\"WebPage\",\"@id\":\"https:\\\/\\\/www.umweltaktivisten.de\\\/index.php\\\/2018\\\/05\\\/10\\\/macron-und-merkel-muessen-ueber-atomausstieg-sprechen\\\/\",\"url\":\"https:\\\/\\\/www.umweltaktivisten.de\\\/index.php\\\/2018\\\/05\\\/10\\\/macron-und-merkel-muessen-ueber-atomausstieg-sprechen\\\/\",\"name\":\"Anti-Atom-Demo zum Macron-Besuch in Aachen: \\\"Macron und Merkel m\u00fcssen \u00fcber Atomausstieg sprechen\\\" - Protest gegen Beteiligung an Pannen-AKW und Brennelementexporte Tihange, Doel, Lingen und Gronau im Fokus\",\"isPartOf\":{\"@id\":\"https:\\\/\\\/www.umweltaktivisten.de\\\/#website\"},\"primaryImageOfPage\":{\"@id\":\"https:\\\/\\\/www.umweltaktivisten.de\\\/index.php\\\/2018\\\/05\\\/10\\\/macron-und-merkel-muessen-ueber-atomausstieg-sprechen\\\/#primaryimage\"},\"image\":{\"@id\":\"https:\\\/\\\/www.umweltaktivisten.de\\\/index.php\\\/2018\\\/05\\\/10\\\/macron-und-merkel-muessen-ueber-atomausstieg-sprechen\\\/#primaryimage\"},\"thumbnailUrl\":\"https:\\\/\\\/www.umweltaktivisten.de\\\/wp-content\\\/uploads\\\/2018\\\/05\\\/w_Macron.png\",\"datePublished\":\"2018-05-10T20:59:26+00:00\",\"dateModified\":\"2018-05-10T21:01:29+00:00\",\"author\":{\"@id\":\"https:\\\/\\\/www.umweltaktivisten.de\\\/#\\\/schema\\\/person\\\/af601319cc34a906612869cf3b4fd51a\"},\"description\":\"Anti-Atom-Demo zum Macron-Besuch in Aachen: \\\"Macron und Merkel m\u00fcssen \u00fcber Atomausstieg sprechen\\\" Protest gegen Beteiligung an Pannen-AKW und Brennelementexporte Tihange, Doel, Lingen und Gronau im Fokus\",\"breadcrumb\":{\"@id\":\"https:\\\/\\\/www.umweltaktivisten.de\\\/index.php\\\/2018\\\/05\\\/10\\\/macron-und-merkel-muessen-ueber-atomausstieg-sprechen\\\/#breadcrumb\"},\"inLanguage\":\"de\",\"potentialAction\":[{\"@type\":\"ReadAction\",\"target\":[\"https:\\\/\\\/www.umweltaktivisten.de\\\/index.php\\\/2018\\\/05\\\/10\\\/macron-und-merkel-muessen-ueber-atomausstieg-sprechen\\\/\"]}]},{\"@type\":\"ImageObject\",\"inLanguage\":\"de\",\"@id\":\"https:\\\/\\\/www.umweltaktivisten.de\\\/index.php\\\/2018\\\/05\\\/10\\\/macron-und-merkel-muessen-ueber-atomausstieg-sprechen\\\/#primaryimage\",\"url\":\"https:\\\/\\\/www.umweltaktivisten.de\\\/wp-content\\\/uploads\\\/2018\\\/05\\\/w_Macron.png\",\"contentUrl\":\"https:\\\/\\\/www.umweltaktivisten.de\\\/wp-content\\\/uploads\\\/2018\\\/05\\\/w_Macron.png\",\"width\":300,\"height\":200,\"caption\":\"Grafik: Aachener Aktionsb\u00fcndnis gegen Atomenergie\"},{\"@type\":\"BreadcrumbList\",\"@id\":\"https:\\\/\\\/www.umweltaktivisten.de\\\/index.php\\\/2018\\\/05\\\/10\\\/macron-und-merkel-muessen-ueber-atomausstieg-sprechen\\\/#breadcrumb\",\"itemListElement\":[{\"@type\":\"ListItem\",\"position\":1,\"name\":\"Home\",\"item\":\"https:\\\/\\\/www.umweltaktivisten.de\\\/\"},{\"@type\":\"ListItem\",\"position\":2,\"name\":\"&#8222;Macron und Merkel m\u00fcssen \u00fcber Atomausstieg sprechen&#8220;\"}]},{\"@type\":\"WebSite\",\"@id\":\"https:\\\/\\\/www.umweltaktivisten.de\\\/#website\",\"url\":\"https:\\\/\\\/www.umweltaktivisten.de\\\/\",\"name\":\"umweltaktivisten.de\",\"description\":\"&quot;Wir haben die Erde nur von unseren Kindern geborgt&quot;\",\"potentialAction\":[{\"@type\":\"SearchAction\",\"target\":{\"@type\":\"EntryPoint\",\"urlTemplate\":\"https:\\\/\\\/www.umweltaktivisten.de\\\/?s={search_term_string}\"},\"query-input\":{\"@type\":\"PropertyValueSpecification\",\"valueRequired\":true,\"valueName\":\"search_term_string\"}}],\"inLanguage\":\"de\"},{\"@type\":\"Person\",\"@id\":\"https:\\\/\\\/www.umweltaktivisten.de\\\/#\\\/schema\\\/person\\\/af601319cc34a906612869cf3b4fd51a\",\"name\":\"marita\",\"url\":\"https:\\\/\\\/www.umweltaktivisten.de\\\/author\\\/marita\\\/\"}]}<\/script>\n<!-- \/ Yoast SEO plugin. -->","yoast_head_json":{"title":"Anti-Atom-Demo zum Macron-Besuch in Aachen: \"Macron und Merkel m\u00fcssen \u00fcber Atomausstieg sprechen\" - Protest gegen Beteiligung an Pannen-AKW und Brennelementexporte Tihange, Doel, Lingen und Gronau im Fokus","description":"Anti-Atom-Demo zum Macron-Besuch in Aachen: \"Macron und Merkel m\u00fcssen \u00fcber Atomausstieg sprechen\" Protest gegen Beteiligung an Pannen-AKW und Brennelementexporte Tihange, Doel, Lingen und Gronau im Fokus","robots":{"index":"index","follow":"nofollow","max-snippet":"max-snippet:-1","max-image-preview":"max-image-preview:large","max-video-preview":"max-video-preview:-1"},"canonical":"https:\/\/www.umweltaktivisten.de\/index.php\/2018\/05\/10\/macron-und-merkel-muessen-ueber-atomausstieg-sprechen\/","og_locale":"de_DE","og_type":"article","og_title":"\"Macron und Merkel m\u00fcssen \u00fcber Atomausstieg sprechen\"","og_description":"Anti-Atom-Demo zum Macron-Besuch in Aachen: \"Macron und Merkel m\u00fcssen \u00fcber Atomausstieg sprechen\" Protest gegen Beteiligung an Pannen-AKW und Brennelementexporte Tihange, Doel, Lingen und Gronau im Fokus","og_url":"https:\/\/www.umweltaktivisten.de\/index.php\/2018\/05\/10\/macron-und-merkel-muessen-ueber-atomausstieg-sprechen\/","og_site_name":"umweltaktivisten.de","article_published_time":"2018-05-10T20:59:26+00:00","article_modified_time":"2018-05-10T21:01:29+00:00","og_image":[{"width":810,"height":540,"url":"https:\/\/www.umweltaktivisten.de\/wp-content\/uploads\/2018\/05\/Macron.jpg","type":"image\/jpeg"}],"author":"marita","twitter_card":"summary_large_image","twitter_misc":{"Verfasst von":"marita","Gesch\u00e4tzte Lesezeit":"2\u00a0Minuten"},"schema":{"@context":"https:\/\/schema.org","@graph":[{"@type":"Article","@id":"https:\/\/www.umweltaktivisten.de\/index.php\/2018\/05\/10\/macron-und-merkel-muessen-ueber-atomausstieg-sprechen\/#article","isPartOf":{"@id":"https:\/\/www.umweltaktivisten.de\/index.php\/2018\/05\/10\/macron-und-merkel-muessen-ueber-atomausstieg-sprechen\/"},"author":{"name":"marita","@id":"https:\/\/www.umweltaktivisten.de\/#\/schema\/person\/af601319cc34a906612869cf3b4fd51a"},"headline":"&#8222;Macron und Merkel m\u00fcssen \u00fcber Atomausstieg sprechen&#8220;","datePublished":"2018-05-10T20:59:26+00:00","dateModified":"2018-05-10T21:01:29+00:00","mainEntityOfPage":{"@id":"https:\/\/www.umweltaktivisten.de\/index.php\/2018\/05\/10\/macron-und-merkel-muessen-ueber-atomausstieg-sprechen\/"},"wordCount":486,"image":{"@id":"https:\/\/www.umweltaktivisten.de\/index.php\/2018\/05\/10\/macron-und-merkel-muessen-ueber-atomausstieg-sprechen\/#primaryimage"},"thumbnailUrl":"https:\/\/www.umweltaktivisten.de\/wp-content\/uploads\/2018\/05\/w_Macron.png","keywords":["Aachener Aktionsb\u00fcndnis gegen Atomenergie","Doel","Karlspreis 2\u00df18","Macron","Tihange"],"articleSection":{"1":"Atom"},"inLanguage":"de"},{"@type":"WebPage","@id":"https:\/\/www.umweltaktivisten.de\/index.php\/2018\/05\/10\/macron-und-merkel-muessen-ueber-atomausstieg-sprechen\/","url":"https:\/\/www.umweltaktivisten.de\/index.php\/2018\/05\/10\/macron-und-merkel-muessen-ueber-atomausstieg-sprechen\/","name":"Anti-Atom-Demo zum Macron-Besuch in Aachen: \"Macron und Merkel m\u00fcssen \u00fcber Atomausstieg sprechen\" - Protest gegen Beteiligung an Pannen-AKW und Brennelementexporte Tihange, Doel, Lingen und Gronau im Fokus","isPartOf":{"@id":"https:\/\/www.umweltaktivisten.de\/#website"},"primaryImageOfPage":{"@id":"https:\/\/www.umweltaktivisten.de\/index.php\/2018\/05\/10\/macron-und-merkel-muessen-ueber-atomausstieg-sprechen\/#primaryimage"},"image":{"@id":"https:\/\/www.umweltaktivisten.de\/index.php\/2018\/05\/10\/macron-und-merkel-muessen-ueber-atomausstieg-sprechen\/#primaryimage"},"thumbnailUrl":"https:\/\/www.umweltaktivisten.de\/wp-content\/uploads\/2018\/05\/w_Macron.png","datePublished":"2018-05-10T20:59:26+00:00","dateModified":"2018-05-10T21:01:29+00:00","author":{"@id":"https:\/\/www.umweltaktivisten.de\/#\/schema\/person\/af601319cc34a906612869cf3b4fd51a"},"description":"Anti-Atom-Demo zum Macron-Besuch in Aachen: \"Macron und Merkel m\u00fcssen \u00fcber Atomausstieg sprechen\" Protest gegen Beteiligung an Pannen-AKW und Brennelementexporte Tihange, Doel, Lingen und Gronau im Fokus","breadcrumb":{"@id":"https:\/\/www.umweltaktivisten.de\/index.php\/2018\/05\/10\/macron-und-merkel-muessen-ueber-atomausstieg-sprechen\/#breadcrumb"},"inLanguage":"de","potentialAction":[{"@type":"ReadAction","target":["https:\/\/www.umweltaktivisten.de\/index.php\/2018\/05\/10\/macron-und-merkel-muessen-ueber-atomausstieg-sprechen\/"]}]},{"@type":"ImageObject","inLanguage":"de","@id":"https:\/\/www.umweltaktivisten.de\/index.php\/2018\/05\/10\/macron-und-merkel-muessen-ueber-atomausstieg-sprechen\/#primaryimage","url":"https:\/\/www.umweltaktivisten.de\/wp-content\/uploads\/2018\/05\/w_Macron.png","contentUrl":"https:\/\/www.umweltaktivisten.de\/wp-content\/uploads\/2018\/05\/w_Macron.png","width":300,"height":200,"caption":"Grafik: Aachener Aktionsb\u00fcndnis gegen Atomenergie"},{"@type":"BreadcrumbList","@id":"https:\/\/www.umweltaktivisten.de\/index.php\/2018\/05\/10\/macron-und-merkel-muessen-ueber-atomausstieg-sprechen\/#breadcrumb","itemListElement":[{"@type":"ListItem","position":1,"name":"Home","item":"https:\/\/www.umweltaktivisten.de\/"},{"@type":"ListItem","position":2,"name":"&#8222;Macron und Merkel m\u00fcssen \u00fcber Atomausstieg sprechen&#8220;"}]},{"@type":"WebSite","@id":"https:\/\/www.umweltaktivisten.de\/#website","url":"https:\/\/www.umweltaktivisten.de\/","name":"umweltaktivisten.de","description":"&quot;Wir haben die Erde nur von unseren Kindern geborgt&quot;","potentialAction":[{"@type":"SearchAction","target":{"@type":"EntryPoint","urlTemplate":"https:\/\/www.umweltaktivisten.de\/?s={search_term_string}"},"query-input":{"@type":"PropertyValueSpecification","valueRequired":true,"valueName":"search_term_string"}}],"inLanguage":"de"},{"@type":"Person","@id":"https:\/\/www.umweltaktivisten.de\/#\/schema\/person\/af601319cc34a906612869cf3b4fd51a","name":"marita","url":"https:\/\/www.umweltaktivisten.de\/author\/marita\/"}]}},"_links":{"self":[{"href":"https:\/\/www.umweltaktivisten.de\/index.php\/wp-json\/wp\/v2\/posts\/2670","targetHints":{"allow":["GET"]}}],"collection":[{"href":"https:\/\/www.umweltaktivisten.de\/index.php\/wp-json\/wp\/v2\/posts"}],"about":[{"href":"https:\/\/www.umweltaktivisten.de\/index.php\/wp-json\/wp\/v2\/types\/post"}],"author":[{"embeddable":true,"href":"https:\/\/www.umweltaktivisten.de\/index.php\/wp-json\/wp\/v2\/users\/1"}],"replies":[{"embeddable":true,"href":"https:\/\/www.umweltaktivisten.de\/index.php\/wp-json\/wp\/v2\/comments?post=2670"}],"version-history":[{"count":6,"href":"https:\/\/www.umweltaktivisten.de\/index.php\/wp-json\/wp\/v2\/posts\/2670\/revisions"}],"predecessor-version":[{"id":2686,"href":"https:\/\/www.umweltaktivisten.de\/index.php\/wp-json\/wp\/v2\/posts\/2670\/revisions\/2686"}],"wp:featuredmedia":[{"embeddable":true,"href":"https:\/\/www.umweltaktivisten.de\/index.php\/wp-json\/wp\/v2\/media\/2674"}],"wp:attachment":[{"href":"https:\/\/www.umweltaktivisten.de\/index.php\/wp-json\/wp\/v2\/media?parent=2670"}],"wp:term":[{"taxonomy":"category","embeddable":true,"href":"https:\/\/www.umweltaktivisten.de\/index.php\/wp-json\/wp\/v2\/categories?post=2670"},{"taxonomy":"post_tag","embeddable":true,"href":"https:\/\/www.umweltaktivisten.de\/index.php\/wp-json\/wp\/v2\/tags?post=2670"}],"curies":[{"name":"wp","href":"https:\/\/api.w.org\/{rel}","templated":true}]}}