{"id":2632,"date":"2018-03-23T23:45:32","date_gmt":"2018-03-23T22:45:32","guid":{"rendered":"http:\/\/www.umweltaktivisten.de\/?p=2632"},"modified":"2018-03-24T00:02:17","modified_gmt":"2018-03-23T23:02:17","slug":"offener-brief-an-bundesumweltministerin-schulze-kuenftiger-verbleib-der-juelicher-brennelementekugeln","status":"publish","type":"post","link":"https:\/\/www.umweltaktivisten.de\/index.php\/2018\/03\/23\/offener-brief-an-bundesumweltministerin-schulze-kuenftiger-verbleib-der-juelicher-brennelementekugeln\/","title":{"rendered":"Offener Brief an Bundesumweltministerin Schulze: K\u00fcnftiger Verbleib der J\u00fclicher Brennelementekugeln"},"content":{"rendered":"<h5><a href=\"http:\/\/www.bi-ahaus.de\/\" target=\"_blank\" rel=\"noopener\"><img loading=\"lazy\" decoding=\"async\" class=\"aligncenter wp-image-2633 size-full\" src=\"https:\/\/www.umweltaktivisten.de\/wp-content\/uploads\/2018\/03\/BI-Ahaus.jpg\" alt=\"\" width=\"607\" height=\"103\" srcset=\"https:\/\/www.umweltaktivisten.de\/wp-content\/uploads\/2018\/03\/BI-Ahaus.jpg 607w, https:\/\/www.umweltaktivisten.de\/wp-content\/uploads\/2018\/03\/BI-Ahaus-300x51.jpg 300w, https:\/\/www.umweltaktivisten.de\/wp-content\/uploads\/2018\/03\/BI-Ahaus-150x25.jpg 150w\" sizes=\"auto, (max-width: 607px) 100vw, 607px\" \/><\/a><em><strong>Zukunft des Atomm\u00fcll-Lagers Ahaus (TBL-A)<\/strong><\/em><\/h5>\n<p>&nbsp;<br \/>\n<strong><em>Bezug: Ihre Verlautbarung vom Wochenende, erhalten per E-Mail am 19.03.18 durch Ihre Pressesprecherin<\/em><\/strong><br \/>\n&nbsp;<br \/>\nSehr geehrte Frau Bundesministerin Schulze,<\/p>\n<p>am Wochenende sind verschiedene teilweise widerspr\u00fcchliche Meldungen in den Medien erschienen, die den k\u00fcnftigen Verbleib der Kugel-Brennelemente aus dem AVR J\u00fclich betreffen. Zur Klarstellung Ihrer Position hat uns gestern\u00a0\u00a0 freundlicherweise Ihre Pressesprecherin Friederike Langenbruch kontaktiert und uns Ihre Stellungnahme in vollem Wortlaut \u00fcbersandt. Daf\u00fcr m\u00f6chten wir uns bedanken. Gleichzeitig m\u00fcssen wir allerdings darauf hinweisen, dass der Inhalt dieser Erkl\u00e4rung f\u00fcr uns in vielerlei Hinsicht nicht zufriedenstellend ist. Dazu m\u00f6chten wir nachfolgend Stellung beziehen. Hier zun\u00e4chst noch einmal Ihre Erkl\u00e4rung in vollem Wortlaut:<\/p>\n<blockquote><p><span style=\"color: #003366;\">\u201eDie JEN J\u00fclicher Entsorgungsgesellschaft f\u00fcr Nuklearanlagen mbH muss entscheiden, welche weiteren Schritte zweckm\u00e4\u00dfig sind, die Zielsetzung der aufsichtlichen Anordnung, eine unverz\u00fcgliche R\u00e4umung des AVR-Beh\u00e4lterlagers am Standort J\u00fclich, umzusetzen. Daf\u00fcr wurden bislang drei Varianten diskutiert und gepr\u00fcft: die Verbringung dieser Beh\u00e4lter in die USA, die M\u00f6glichkeit einer Verbringung in das Transportbeh\u00e4lterlager Ahaus sowie der Neubau eines Zwischenlagers am Standort J\u00fclich.<\/span><\/p>\n<p><span style=\"color: #003366;\">Zur Er\u00f6rterung des jeweiligen Standes dieser drei Optionen zur aufsichtsbeh\u00f6rdlich angeordneten R\u00e4umung des AVR-Beh\u00e4lterlagers in J\u00fclich finden regelm\u00e4\u00dfig Gespr\u00e4che unter Leitung des f\u00fcr die Atomaufsicht zust\u00e4ndigen NRW-Landesministeriums (jetzt MWIDE) statt, an denen auch Vertreter des Bundesumweltministeriums, des Bundesforschungsministeriums, des Bundesamtes f\u00fcr kerntechnische Entsorgungssicherheit (BfE) und der JEN teilnehmen. Es wurden bislang keine abschlie\u00dfenden Festlegungen getroffen. Unter anderem sind auch die Arbeiten am Sicherungskonzept f\u00fcr die Option der Verbringung der Brennelemente nach Ahaus, von dem die Rahmenbedingungen f\u00fcr die Transportdurchf\u00fchrung abh\u00e4ngen, noch nicht abgeschlossen.<\/span><\/p>\n<p><span style=\"color: #003366;\">Sollte eine Verbringung nach Ahaus erfolgen, ist vor der Ablieferung zur Endlagerung im Inland kein Transport in ein weiteres Zwischenlager geplant. Die Genehmigung des Zwischenlagers in Ahaus l\u00e4uft 2036 aus. Eine Verl\u00e4ngerung der Genehmigung f\u00fcr das Transportbeh\u00e4lterlager Ahaus w\u00e4re dann erforderlich und grunds\u00e4tzlich auch m\u00f6glich, bis ein Abtransport in das Endlager f\u00fcr hochradioaktiven Atomm\u00fcll erfolgt.\u201c<\/span><\/p><\/blockquote>\n<p><!--more--><\/p>\n<p>Sie schreiben, dass noch keine anschlie\u00dfenden Festlegungen getroffen worden seien. Dies ergibt sich f\u00fcr uns vor allem aus der in Ihrer Stellungnahme nicht erw\u00e4hnten Klage der Stadt Ahaus und eines Ahauser B\u00fcrgers gegen die Einlagerungsgenehmigung f\u00fcr die J\u00fclicher Brennelemente ins TBL-A, die ja aufschiebende Wirkung entfaltet. Trotzdem gab es f\u00fcr uns in den letzten Jahren immer wieder Indizien daf\u00fcr, dass von den drei genannten Varianten lediglich die der Transporte in die USA oder nach Ahaus ernsthaft verfolgt werden, nicht aber die des Neubaus einer erdbebenresistenten Lagerhalle in J\u00fclich. Auch und gerade deshalb m\u00f6chten wir auf einige Sachverhalte hinweisen:<\/p>\n<p>Der Gedankengang im letzten Absatz der Stellungnahme, der sich auf die Perspektive einer Verbringung\u00a0 der AVR-BE nach Ahaus bezieht, ist in mehrfacher Hinsicht fehlerhaft:<\/p>\n<ul>\n<li>Ein direkter Abtransport von Ahaus in ein irgendwann zur Verf\u00fcgung stehendes Endlager wird nicht m\u00f6glich sein, weil die Kugel-BE aus J\u00fclich nicht direkt endlagerf\u00e4hig sind. Dies h\u00e4ngt mit der komplizierten Struktur der Kugeln, in denen Brennstoff und Moderator-Material kombiniert sind, zusammen, aber auch mit dem Tatbestand, dass niemand genau sagen kann, in welchem Zustand sich die BE in den Castor-Beh\u00e4ltern befinden und was sich \u00fcberhaupt genau in den Beh\u00e4ltern befindet \u2013 eine Folge der schlampigen Dokumentation durch die ehemaligen Betreiber des AVR. Die Castoren m\u00fcssten also in jedem Fall ge\u00f6ffnet und die BE bearbeitet werden.<\/li>\n<li>Eine solche Bearbeitung, welches Verfahren auch immer daf\u00fcr gew\u00e4hlt wird, k\u00f6nnte nicht in Ahaus stattfinden, weil dort durch den Ansiedlungsvertrag der Stadt Ahaus mit den Betreibern des Lagers (TBL-A) die Be- und Verarbeitung von Brennelementen sowie Errichtung und Betrieb einer \u201eHei\u00dfen Zelle\u201c ausgeschlossen sind.<\/li>\n<li>Im Falle einer Verbringung des J\u00fclicher Atomm\u00fclls nach Ahaus m\u00fcsste also in jedem Fall mindestens ein weiterer Transport stattfinden, was mit zus\u00e4tzlichen Kosten und Risiken verbunden w\u00e4re.<\/li>\n<li>F\u00fcr die notwendige Bearbeitung der Kugel-BE sind verschiedene Techniken denkbar, alle mit Vor- und Nachteilen.<a href=\"#_ftn1\" name=\"_ftnref1\">[1]<\/a> Entscheidend ist aber, dass eine solche Technik gegenw\u00e4rtig an keinem Standort in Deutschland zur Verf\u00fcgung steht und auch noch nicht entwickelt worden ist. Dies ist ein gravierendes Vers\u00e4umnis der Betreiber des AVR, die sich niemals in verantwortbarer Weise um die Konsequenzen ihrer Arbeit gek\u00fcmmert haben. Heute versuchen sie, sich der problematischen Abf\u00e4lle ihrer Arbeit durch Abtransport an einen anderen Ort zu entledigen, um das \u201eImage\u201c eines modernen Forschungsstandorts J\u00fclich nicht zu beeintr\u00e4chtigen, wie es ein Aufsichtsratsmitglied des FZJ bereits vor 7 Jahren formuliert hat. Deshalb hat man ja auch schon vor Jahren die urspr\u00fcngliche \u201eKernforschungsanlage J\u00fclich (KFA)\u201c unbenannt in \u201eForschungszentrum J\u00fclich (FZJ); mittlerweile hat das FZJ dann auch die Verantwortung f\u00fcr den Atomm\u00fcll \u201eausgesourct\u201c an die \u201eJ\u00fclicher Entsorgungsgesellschaft f\u00fcr Nuklearanlagen (JEN)\u201c. Dies ist aus unserer Sicht kein Beispiel f\u00fcr gesellschaftlich verantwortliche Wissenschaft, sondern das genaue Gegenteil.<\/li>\n<li>Verantwortlich f\u00fcr das Vorgehen von FZJ und JEN ist, wie in Ihrer Stellungnahme zutreffend benannt, in erster Linie die Bundesregierung. Nicht nur die 2 in Ihrer Stellungnahme genannten Bundesumwelt- und Bundesforschungsministerien, sondern auch das Bundesfinanzministerium, das den Aufsichtsratsvorsitzenden stellt, w\u00e4ren hier zu nennen. Es ist aus unserer Sicht unverst\u00e4ndlich, wieso der Bund die Einrichtungen in J\u00fclich aus ihrer Verantwortung entl\u00e4sst. Wo wenn nicht dort, wo die gesamte Kugelhaufentechnologie entwickelt worden ist, soll das technisch-wissenschaftliche know-how zu finden sein, das die notwendigen Technologien zur\u00a0 endlagerf\u00e4higen Verarbeitung der Kugel-BE entwickelt? Zeit genug daf\u00fcr w\u00e4re gegeben angesichts der Tatsache, dass die Inbetriebnahme eines Endlagers in Deutschland wenigstens noch etliche Jahrzehnte in Anspruch nehmen d\u00fcrfte.<\/li>\n<li>Die Konzentration auf diese Aufgabe ist umso notwendiger, als die Variante des Exports in die USA aus Sicherheitsgr\u00fcnden nicht verantwortbar und zudem illegal ist.<\/li>\n<li>Unsere Forderung ist von daher, dass die Kugel-Brennelemente des AVR in J\u00fclich verbleiben sollen, in einem dort zu errichtenden neuen Zwischenlager, das den aktuellen Sicherheitsanforderungen entspricht. In dieser Forderung werden wir unterst\u00fctzt nicht nur von den B\u00fcrgerinitiativen gegen Atomanlagen hier im M\u00fcnsterland, sondern in ganz Deutschland \u2013 einschlie\u00dflich der Aktionsb\u00fcndnisse im Raum J\u00fclich\/Aachen! Auch die gro\u00dfen Umweltverb\u00e4nde wie der BUND oder der BBU stehen hinter dieser Forderung. Nur die Verantwortlichen in J\u00fclich scheinen seit Jahren kaum etwas zu unternehmen, um entsprechende Schritte zu unternehmen; die Option des Neubaus in J\u00fclich scheint uns, die wir das Geschehen seit Jahren verfolgen, nur pro forma aufrechterhalten zu werden. Warum also unternimmt das Bundesumweltministerium nichts, um die JEN dazu zu bewegen, auf diesem Weg endlich energisch voranzugehen?<\/li>\n<\/ul>\n<p>Sie weisen in Ihrer Stellungnahme zurecht darauf hin, dass die Genehmigung f\u00fcr das Zwischenlager in Ahaus im Jahr 2036 ausl\u00e4uft, deuten aber zugleich die M\u00f6glichkeit einer Verl\u00e4ngerung dieser Genehmigung bis zu einem m\u00f6glichen Abtransport in ein Endlager an. Dem muss aus mehreren Gr\u00fcnden energisch widersprochen werden:<\/p>\n<p>&#8211; Das bestehende Lager in Ahaus w\u00e4re schon nach heutigen Standards nicht mehr genehmigungsf\u00e4hig: Das OVG Schleswig-Holsteinolstein hat selbst dem Standortzwischenlager in Brunsb\u00fcttel wegen erheblichen \u00a0 Ermittlungs- und Bewertungsdefiziten die Genehmigung versagt. Dabei weist dieses Lager einen \u00a0 erheblich h\u00f6heren Sicherheitsstandard als das in Ahaus aus. So hat beispielsweise das Lager in Brunsb\u00fcttel eine Wanddicke von 1,20 Meter und eine Deckenst\u00e4rke von 1,30 m \u2013 in Ahaus betr\u00e4gt die Wandst\u00e4rke im unteren Bereich ca. 0,50m, im oberen Bereich und in der Decke nur 0,20m! Das Lager \u00a0\u00a0\u00a0 m\u00fcsste also heute bereits stillgelegt werden \u2013 an eine Verl\u00e4ngerung \u00fcber 2036 hinaus sollten Sie nicht einmal denken.<\/p>\n<p>&#8211;\u00a0Davon abgesehen ist das heute praktizierte Konzept der Zwischenlagerung von hochradioaktiven Abf\u00e4llen auf einen Zeitraum von 40 Jahren abgestellt. Dieser Zeitraum f\u00fcr die Zwischenlagerung ist auch im Atomgesetz eindeutig festgelegt. Wenn nun absehbar ist, dass nach Ablauf der 40 Jahre ein Endlager nicht zur Verf\u00fcgung steht, sondern nach allen seri\u00f6sen Prognosen erst mehrere Jahrzehnte sp\u00e4ter, dann muss das Konzept einer Langzeit-Zwischenlagerung von Grund auf neu \u00fcberdacht werden. Das gilt sowohl f\u00fcr die Frage der Beh\u00e4ltersicherheit als auch die der Lagerhallen; \u00fcberhaupt\u00a0 muss \u00fcberlegt werden, ob diese Langzeitlagerung nicht ein v\u00f6llig anderes Konzept als die Lagerung von Castor-Beh\u00e4ltern in\u00a0 Lagerhallen erforderlich macht. Dazu sehen wir gerade das Bundesumweltministerium mit seinen zugeordneten Bundes\u00e4mtern in der Pflicht. Es kann nicht richtig sein, diese \u00dcberlegungen weiterhin aufzuschieben und darauf zu hoffen, dass nach Ablauf der jetzigen Zwischenlagergenehmigungen sich schon irgendeine neue L\u00f6sung finden wird. Aussitzen ist keine L\u00f6sung,sonst wird es am Ende darauf hinauslaufen, dass unter dem Zwang der Verh\u00e4ltnisse einfach die alten Lager weiterbetrieben werden, obwohl ihr Betrieb nicht mehr vertretbar und obendrein illegal ist \u2013 so wie es jetzt schon bei der alten J\u00fclicher Lagerhalle der Fall ist!<\/p>\n<p>Sehr geehrte Frau Ministerin Schulze,<\/p>\n<p>wir haben Ihnen in aller K\u00fcrze unsere Sorgen vorgestellt und gleichzeitig Erwartungen an Sie, verbunden mit konkreten Vorschl\u00e4gen, formuliert. Wir bitten Sie, diese Anliegen ernst zu nehmen und sich damit auseinanderzusetzen. Gerne sind wir auch zu einem intensiveren Gespr\u00e4ch bereit und w\u00fcrden uns freuen, Sie dazu beispielsweise bei einem Ihrer n\u00e4chsten Besuche im M\u00fcnsterland treffen zu k\u00f6nnen. Bei der Gelegenheit w\u00fcrden wir gerne auch ein weiteres Problem thematisieren, n\u00e4mlich die geplante Verbringung der Brennelemente aus dem Forschungsreaktor FRM II in Garching nach Ahaus, die ebenfalls inakzeptabel ist und die auch sehr viel mit verantwortungsloser Wissenschaft zu tun hat.<\/p>\n<p>Mit freundlichen Gr\u00fc\u00dfen<\/p>\n<p>BI &#8222;Kein Atomm\u00fcll in Ahaus&#8220;<\/p>\n<p><a href=\"#_ftnref1\" name=\"_ftn1\">[1]<\/a> <a href=\"https:\/\/www.umweltaktivisten.de\/wp-content\/uploads\/2018\/03\/Stx_18_748749_S0109.pdf\" target=\"_blank\" rel=\"noopener\"> Zur Problematik des J\u00fclicher Atomm\u00fclls vgl. z.B. die zusammenfassende Darstellung von Rainer Moormann, Das Chaos um die Kugelcastoren \u2013 Hintergr\u00fcnde und L\u00f6sungsans\u00e4tze, in: Strahlentelex Nr.748-749, 1. M\u00e4rz 2018<\/a><\/p>\n","protected":false},"excerpt":{"rendered":"<p>Zukunft des Atomm\u00fcll-Lagers Ahaus (TBL-A) &nbsp; Bezug: Ihre Verlautbarung vom Wochenende, erhalten per E-Mail am 19.03.18 durch Ihre Pressesprecherin &nbsp; Sehr geehrte Frau Bundesministerin Schulze, am Wochenende sind verschiedene teilweise widerspr\u00fcchliche Meldungen in den Medien erschienen, die den k\u00fcnftigen Verbleib der Kugel-Brennelemente aus dem AVR J\u00fclich betreffen. Zur Klarstellung Ihrer\u2026<\/p>\n<p class=\"continue-reading-button\"> <a class=\"continue-reading-link\" href=\"https:\/\/www.umweltaktivisten.de\/index.php\/2018\/03\/23\/offener-brief-an-bundesumweltministerin-schulze-kuenftiger-verbleib-der-juelicher-brennelementekugeln\/\">weiter &#8230;<i class=\"crycon-right-dir\"><\/i><\/a><\/p>\n","protected":false},"author":1,"featured_media":1231,"comment_status":"closed","ping_status":"closed","sticky":false,"template":"","format":"standard","meta":{"footnotes":""},"categories":[21],"tags":[232,265,281,280],"class_list":["post-2632","post","type-post","status-publish","format-standard","has-post-thumbnail","hentry","category-atom","tag-bi-kein-castor-in-ahaus","tag-bi-ahaus","tag-bundesministerin-schulze","tag-svenja-schulz"],"yoast_head":"<!-- This site is optimized with the Yoast SEO plugin v27.5 - https:\/\/yoast.com\/product\/yoast-seo-wordpress\/ -->\n<title>Offener Brief an Bundesumweltministerin Schulze: K\u00fcnftiger Verbleib der J\u00fclicher Brennelementekugeln - umweltaktivisten.de<\/title>\n<meta name=\"robots\" content=\"index, nofollow, max-snippet:-1, max-image-preview:large, max-video-preview:-1\" \/>\n<link rel=\"canonical\" href=\"https:\/\/www.umweltaktivisten.de\/index.php\/2018\/03\/23\/offener-brief-an-bundesumweltministerin-schulze-kuenftiger-verbleib-der-juelicher-brennelementekugeln\/\" \/>\n<meta property=\"og:locale\" content=\"de_DE\" \/>\n<meta property=\"og:type\" content=\"article\" \/>\n<meta property=\"og:title\" content=\"Offener Brief an Bundesumweltministerin Schulze: K\u00fcnftiger Verbleib der J\u00fclicher Brennelementekugeln - umweltaktivisten.de\" \/>\n<meta property=\"og:description\" content=\"Zukunft des Atomm\u00fcll-Lagers Ahaus (TBL-A) &nbsp; Bezug: Ihre Verlautbarung vom Wochenende, erhalten per E-Mail am 19.03.18 durch Ihre Pressesprecherin &nbsp; Sehr geehrte Frau Bundesministerin Schulze, am Wochenende sind verschiedene teilweise widerspr\u00fcchliche Meldungen in den Medien erschienen, die den k\u00fcnftigen Verbleib der Kugel-Brennelemente aus dem AVR J\u00fclich betreffen. Zur Klarstellung Ihrer\u2026 weiter ...\" \/>\n<meta property=\"og:url\" content=\"https:\/\/www.umweltaktivisten.de\/index.php\/2018\/03\/23\/offener-brief-an-bundesumweltministerin-schulze-kuenftiger-verbleib-der-juelicher-brennelementekugeln\/\" \/>\n<meta property=\"og:site_name\" content=\"umweltaktivisten.de\" \/>\n<meta property=\"article:published_time\" content=\"2018-03-23T22:45:32+00:00\" \/>\n<meta property=\"article:modified_time\" content=\"2018-03-23T23:02:17+00:00\" \/>\n<meta property=\"og:image\" content=\"https:\/\/www.umweltaktivisten.de\/wp-content\/uploads\/2016\/05\/Castoren-300X200.jpg\" \/>\n\t<meta property=\"og:image:width\" content=\"300\" \/>\n\t<meta property=\"og:image:height\" content=\"200\" \/>\n\t<meta property=\"og:image:type\" content=\"image\/jpeg\" \/>\n<meta name=\"author\" content=\"marita\" \/>\n<meta name=\"twitter:card\" content=\"summary_large_image\" \/>\n<meta name=\"twitter:label1\" content=\"Verfasst von\" \/>\n\t<meta name=\"twitter:data1\" content=\"marita\" \/>\n\t<meta name=\"twitter:label2\" content=\"Gesch\u00e4tzte Lesezeit\" \/>\n\t<meta name=\"twitter:data2\" content=\"8\u00a0Minuten\" \/>\n<script type=\"application\/ld+json\" class=\"yoast-schema-graph\">{\"@context\":\"https:\\\/\\\/schema.org\",\"@graph\":[{\"@type\":\"Article\",\"@id\":\"https:\\\/\\\/www.umweltaktivisten.de\\\/index.php\\\/2018\\\/03\\\/23\\\/offener-brief-an-bundesumweltministerin-schulze-kuenftiger-verbleib-der-juelicher-brennelementekugeln\\\/#article\",\"isPartOf\":{\"@id\":\"https:\\\/\\\/www.umweltaktivisten.de\\\/index.php\\\/2018\\\/03\\\/23\\\/offener-brief-an-bundesumweltministerin-schulze-kuenftiger-verbleib-der-juelicher-brennelementekugeln\\\/\"},\"author\":{\"name\":\"marita\",\"@id\":\"https:\\\/\\\/www.umweltaktivisten.de\\\/#\\\/schema\\\/person\\\/af601319cc34a906612869cf3b4fd51a\"},\"headline\":\"Offener Brief an Bundesumweltministerin Schulze: K\u00fcnftiger Verbleib der J\u00fclicher Brennelementekugeln\",\"datePublished\":\"2018-03-23T22:45:32+00:00\",\"dateModified\":\"2018-03-23T23:02:17+00:00\",\"mainEntityOfPage\":{\"@id\":\"https:\\\/\\\/www.umweltaktivisten.de\\\/index.php\\\/2018\\\/03\\\/23\\\/offener-brief-an-bundesumweltministerin-schulze-kuenftiger-verbleib-der-juelicher-brennelementekugeln\\\/\"},\"wordCount\":1634,\"image\":{\"@id\":\"https:\\\/\\\/www.umweltaktivisten.de\\\/index.php\\\/2018\\\/03\\\/23\\\/offener-brief-an-bundesumweltministerin-schulze-kuenftiger-verbleib-der-juelicher-brennelementekugeln\\\/#primaryimage\"},\"thumbnailUrl\":\"https:\\\/\\\/www.umweltaktivisten.de\\\/wp-content\\\/uploads\\\/2016\\\/05\\\/Castoren-300X200.jpg\",\"keywords\":[\"BI \\\"Kein Castor in Ahaus\\\"\",\"BI Ahaus\",\"Bundesministerin Schulze\",\"Svenja Schulz\"],\"articleSection\":[\"Atom\"],\"inLanguage\":\"de\"},{\"@type\":\"WebPage\",\"@id\":\"https:\\\/\\\/www.umweltaktivisten.de\\\/index.php\\\/2018\\\/03\\\/23\\\/offener-brief-an-bundesumweltministerin-schulze-kuenftiger-verbleib-der-juelicher-brennelementekugeln\\\/\",\"url\":\"https:\\\/\\\/www.umweltaktivisten.de\\\/index.php\\\/2018\\\/03\\\/23\\\/offener-brief-an-bundesumweltministerin-schulze-kuenftiger-verbleib-der-juelicher-brennelementekugeln\\\/\",\"name\":\"Offener Brief an Bundesumweltministerin Schulze: K\u00fcnftiger Verbleib der J\u00fclicher Brennelementekugeln - umweltaktivisten.de\",\"isPartOf\":{\"@id\":\"https:\\\/\\\/www.umweltaktivisten.de\\\/#website\"},\"primaryImageOfPage\":{\"@id\":\"https:\\\/\\\/www.umweltaktivisten.de\\\/index.php\\\/2018\\\/03\\\/23\\\/offener-brief-an-bundesumweltministerin-schulze-kuenftiger-verbleib-der-juelicher-brennelementekugeln\\\/#primaryimage\"},\"image\":{\"@id\":\"https:\\\/\\\/www.umweltaktivisten.de\\\/index.php\\\/2018\\\/03\\\/23\\\/offener-brief-an-bundesumweltministerin-schulze-kuenftiger-verbleib-der-juelicher-brennelementekugeln\\\/#primaryimage\"},\"thumbnailUrl\":\"https:\\\/\\\/www.umweltaktivisten.de\\\/wp-content\\\/uploads\\\/2016\\\/05\\\/Castoren-300X200.jpg\",\"datePublished\":\"2018-03-23T22:45:32+00:00\",\"dateModified\":\"2018-03-23T23:02:17+00:00\",\"author\":{\"@id\":\"https:\\\/\\\/www.umweltaktivisten.de\\\/#\\\/schema\\\/person\\\/af601319cc34a906612869cf3b4fd51a\"},\"breadcrumb\":{\"@id\":\"https:\\\/\\\/www.umweltaktivisten.de\\\/index.php\\\/2018\\\/03\\\/23\\\/offener-brief-an-bundesumweltministerin-schulze-kuenftiger-verbleib-der-juelicher-brennelementekugeln\\\/#breadcrumb\"},\"inLanguage\":\"de\",\"potentialAction\":[{\"@type\":\"ReadAction\",\"target\":[\"https:\\\/\\\/www.umweltaktivisten.de\\\/index.php\\\/2018\\\/03\\\/23\\\/offener-brief-an-bundesumweltministerin-schulze-kuenftiger-verbleib-der-juelicher-brennelementekugeln\\\/\"]}]},{\"@type\":\"ImageObject\",\"inLanguage\":\"de\",\"@id\":\"https:\\\/\\\/www.umweltaktivisten.de\\\/index.php\\\/2018\\\/03\\\/23\\\/offener-brief-an-bundesumweltministerin-schulze-kuenftiger-verbleib-der-juelicher-brennelementekugeln\\\/#primaryimage\",\"url\":\"https:\\\/\\\/www.umweltaktivisten.de\\\/wp-content\\\/uploads\\\/2016\\\/05\\\/Castoren-300X200.jpg\",\"contentUrl\":\"https:\\\/\\\/www.umweltaktivisten.de\\\/wp-content\\\/uploads\\\/2016\\\/05\\\/Castoren-300X200.jpg\",\"width\":300,\"height\":200,\"caption\":\"\u00a9 Marita Boslar\"},{\"@type\":\"BreadcrumbList\",\"@id\":\"https:\\\/\\\/www.umweltaktivisten.de\\\/index.php\\\/2018\\\/03\\\/23\\\/offener-brief-an-bundesumweltministerin-schulze-kuenftiger-verbleib-der-juelicher-brennelementekugeln\\\/#breadcrumb\",\"itemListElement\":[{\"@type\":\"ListItem\",\"position\":1,\"name\":\"Home\",\"item\":\"https:\\\/\\\/www.umweltaktivisten.de\\\/\"},{\"@type\":\"ListItem\",\"position\":2,\"name\":\"Offener Brief an Bundesumweltministerin Schulze: K\u00fcnftiger Verbleib der J\u00fclicher Brennelementekugeln\"}]},{\"@type\":\"WebSite\",\"@id\":\"https:\\\/\\\/www.umweltaktivisten.de\\\/#website\",\"url\":\"https:\\\/\\\/www.umweltaktivisten.de\\\/\",\"name\":\"umweltaktivisten.de\",\"description\":\"&quot;Wir haben die Erde nur von unseren Kindern geborgt&quot;\",\"potentialAction\":[{\"@type\":\"SearchAction\",\"target\":{\"@type\":\"EntryPoint\",\"urlTemplate\":\"https:\\\/\\\/www.umweltaktivisten.de\\\/?s={search_term_string}\"},\"query-input\":{\"@type\":\"PropertyValueSpecification\",\"valueRequired\":true,\"valueName\":\"search_term_string\"}}],\"inLanguage\":\"de\"},{\"@type\":\"Person\",\"@id\":\"https:\\\/\\\/www.umweltaktivisten.de\\\/#\\\/schema\\\/person\\\/af601319cc34a906612869cf3b4fd51a\",\"name\":\"marita\",\"url\":\"https:\\\/\\\/www.umweltaktivisten.de\\\/author\\\/marita\\\/\"}]}<\/script>\n<!-- \/ Yoast SEO plugin. -->","yoast_head_json":{"title":"Offener Brief an Bundesumweltministerin Schulze: K\u00fcnftiger Verbleib der J\u00fclicher Brennelementekugeln - umweltaktivisten.de","robots":{"index":"index","follow":"nofollow","max-snippet":"max-snippet:-1","max-image-preview":"max-image-preview:large","max-video-preview":"max-video-preview:-1"},"canonical":"https:\/\/www.umweltaktivisten.de\/index.php\/2018\/03\/23\/offener-brief-an-bundesumweltministerin-schulze-kuenftiger-verbleib-der-juelicher-brennelementekugeln\/","og_locale":"de_DE","og_type":"article","og_title":"Offener Brief an Bundesumweltministerin Schulze: K\u00fcnftiger Verbleib der J\u00fclicher Brennelementekugeln - umweltaktivisten.de","og_description":"Zukunft des Atomm\u00fcll-Lagers Ahaus (TBL-A) &nbsp; Bezug: Ihre Verlautbarung vom Wochenende, erhalten per E-Mail am 19.03.18 durch Ihre Pressesprecherin &nbsp; Sehr geehrte Frau Bundesministerin Schulze, am Wochenende sind verschiedene teilweise widerspr\u00fcchliche Meldungen in den Medien erschienen, die den k\u00fcnftigen Verbleib der Kugel-Brennelemente aus dem AVR J\u00fclich betreffen. Zur Klarstellung Ihrer\u2026 weiter ...","og_url":"https:\/\/www.umweltaktivisten.de\/index.php\/2018\/03\/23\/offener-brief-an-bundesumweltministerin-schulze-kuenftiger-verbleib-der-juelicher-brennelementekugeln\/","og_site_name":"umweltaktivisten.de","article_published_time":"2018-03-23T22:45:32+00:00","article_modified_time":"2018-03-23T23:02:17+00:00","og_image":[{"width":300,"height":200,"url":"https:\/\/www.umweltaktivisten.de\/wp-content\/uploads\/2016\/05\/Castoren-300X200.jpg","type":"image\/jpeg"}],"author":"marita","twitter_card":"summary_large_image","twitter_misc":{"Verfasst von":"marita","Gesch\u00e4tzte Lesezeit":"8\u00a0Minuten"},"schema":{"@context":"https:\/\/schema.org","@graph":[{"@type":"Article","@id":"https:\/\/www.umweltaktivisten.de\/index.php\/2018\/03\/23\/offener-brief-an-bundesumweltministerin-schulze-kuenftiger-verbleib-der-juelicher-brennelementekugeln\/#article","isPartOf":{"@id":"https:\/\/www.umweltaktivisten.de\/index.php\/2018\/03\/23\/offener-brief-an-bundesumweltministerin-schulze-kuenftiger-verbleib-der-juelicher-brennelementekugeln\/"},"author":{"name":"marita","@id":"https:\/\/www.umweltaktivisten.de\/#\/schema\/person\/af601319cc34a906612869cf3b4fd51a"},"headline":"Offener Brief an Bundesumweltministerin Schulze: K\u00fcnftiger Verbleib der J\u00fclicher Brennelementekugeln","datePublished":"2018-03-23T22:45:32+00:00","dateModified":"2018-03-23T23:02:17+00:00","mainEntityOfPage":{"@id":"https:\/\/www.umweltaktivisten.de\/index.php\/2018\/03\/23\/offener-brief-an-bundesumweltministerin-schulze-kuenftiger-verbleib-der-juelicher-brennelementekugeln\/"},"wordCount":1634,"image":{"@id":"https:\/\/www.umweltaktivisten.de\/index.php\/2018\/03\/23\/offener-brief-an-bundesumweltministerin-schulze-kuenftiger-verbleib-der-juelicher-brennelementekugeln\/#primaryimage"},"thumbnailUrl":"https:\/\/www.umweltaktivisten.de\/wp-content\/uploads\/2016\/05\/Castoren-300X200.jpg","keywords":["BI \"Kein Castor in Ahaus\"","BI Ahaus","Bundesministerin Schulze","Svenja Schulz"],"articleSection":["Atom"],"inLanguage":"de"},{"@type":"WebPage","@id":"https:\/\/www.umweltaktivisten.de\/index.php\/2018\/03\/23\/offener-brief-an-bundesumweltministerin-schulze-kuenftiger-verbleib-der-juelicher-brennelementekugeln\/","url":"https:\/\/www.umweltaktivisten.de\/index.php\/2018\/03\/23\/offener-brief-an-bundesumweltministerin-schulze-kuenftiger-verbleib-der-juelicher-brennelementekugeln\/","name":"Offener Brief an Bundesumweltministerin Schulze: K\u00fcnftiger Verbleib der J\u00fclicher Brennelementekugeln - umweltaktivisten.de","isPartOf":{"@id":"https:\/\/www.umweltaktivisten.de\/#website"},"primaryImageOfPage":{"@id":"https:\/\/www.umweltaktivisten.de\/index.php\/2018\/03\/23\/offener-brief-an-bundesumweltministerin-schulze-kuenftiger-verbleib-der-juelicher-brennelementekugeln\/#primaryimage"},"image":{"@id":"https:\/\/www.umweltaktivisten.de\/index.php\/2018\/03\/23\/offener-brief-an-bundesumweltministerin-schulze-kuenftiger-verbleib-der-juelicher-brennelementekugeln\/#primaryimage"},"thumbnailUrl":"https:\/\/www.umweltaktivisten.de\/wp-content\/uploads\/2016\/05\/Castoren-300X200.jpg","datePublished":"2018-03-23T22:45:32+00:00","dateModified":"2018-03-23T23:02:17+00:00","author":{"@id":"https:\/\/www.umweltaktivisten.de\/#\/schema\/person\/af601319cc34a906612869cf3b4fd51a"},"breadcrumb":{"@id":"https:\/\/www.umweltaktivisten.de\/index.php\/2018\/03\/23\/offener-brief-an-bundesumweltministerin-schulze-kuenftiger-verbleib-der-juelicher-brennelementekugeln\/#breadcrumb"},"inLanguage":"de","potentialAction":[{"@type":"ReadAction","target":["https:\/\/www.umweltaktivisten.de\/index.php\/2018\/03\/23\/offener-brief-an-bundesumweltministerin-schulze-kuenftiger-verbleib-der-juelicher-brennelementekugeln\/"]}]},{"@type":"ImageObject","inLanguage":"de","@id":"https:\/\/www.umweltaktivisten.de\/index.php\/2018\/03\/23\/offener-brief-an-bundesumweltministerin-schulze-kuenftiger-verbleib-der-juelicher-brennelementekugeln\/#primaryimage","url":"https:\/\/www.umweltaktivisten.de\/wp-content\/uploads\/2016\/05\/Castoren-300X200.jpg","contentUrl":"https:\/\/www.umweltaktivisten.de\/wp-content\/uploads\/2016\/05\/Castoren-300X200.jpg","width":300,"height":200,"caption":"\u00a9 Marita Boslar"},{"@type":"BreadcrumbList","@id":"https:\/\/www.umweltaktivisten.de\/index.php\/2018\/03\/23\/offener-brief-an-bundesumweltministerin-schulze-kuenftiger-verbleib-der-juelicher-brennelementekugeln\/#breadcrumb","itemListElement":[{"@type":"ListItem","position":1,"name":"Home","item":"https:\/\/www.umweltaktivisten.de\/"},{"@type":"ListItem","position":2,"name":"Offener Brief an Bundesumweltministerin Schulze: K\u00fcnftiger Verbleib der J\u00fclicher Brennelementekugeln"}]},{"@type":"WebSite","@id":"https:\/\/www.umweltaktivisten.de\/#website","url":"https:\/\/www.umweltaktivisten.de\/","name":"umweltaktivisten.de","description":"&quot;Wir haben die Erde nur von unseren Kindern geborgt&quot;","potentialAction":[{"@type":"SearchAction","target":{"@type":"EntryPoint","urlTemplate":"https:\/\/www.umweltaktivisten.de\/?s={search_term_string}"},"query-input":{"@type":"PropertyValueSpecification","valueRequired":true,"valueName":"search_term_string"}}],"inLanguage":"de"},{"@type":"Person","@id":"https:\/\/www.umweltaktivisten.de\/#\/schema\/person\/af601319cc34a906612869cf3b4fd51a","name":"marita","url":"https:\/\/www.umweltaktivisten.de\/author\/marita\/"}]}},"_links":{"self":[{"href":"https:\/\/www.umweltaktivisten.de\/index.php\/wp-json\/wp\/v2\/posts\/2632","targetHints":{"allow":["GET"]}}],"collection":[{"href":"https:\/\/www.umweltaktivisten.de\/index.php\/wp-json\/wp\/v2\/posts"}],"about":[{"href":"https:\/\/www.umweltaktivisten.de\/index.php\/wp-json\/wp\/v2\/types\/post"}],"author":[{"embeddable":true,"href":"https:\/\/www.umweltaktivisten.de\/index.php\/wp-json\/wp\/v2\/users\/1"}],"replies":[{"embeddable":true,"href":"https:\/\/www.umweltaktivisten.de\/index.php\/wp-json\/wp\/v2\/comments?post=2632"}],"version-history":[{"count":6,"href":"https:\/\/www.umweltaktivisten.de\/index.php\/wp-json\/wp\/v2\/posts\/2632\/revisions"}],"predecessor-version":[{"id":2642,"href":"https:\/\/www.umweltaktivisten.de\/index.php\/wp-json\/wp\/v2\/posts\/2632\/revisions\/2642"}],"wp:featuredmedia":[{"embeddable":true,"href":"https:\/\/www.umweltaktivisten.de\/index.php\/wp-json\/wp\/v2\/media\/1231"}],"wp:attachment":[{"href":"https:\/\/www.umweltaktivisten.de\/index.php\/wp-json\/wp\/v2\/media?parent=2632"}],"wp:term":[{"taxonomy":"category","embeddable":true,"href":"https:\/\/www.umweltaktivisten.de\/index.php\/wp-json\/wp\/v2\/categories?post=2632"},{"taxonomy":"post_tag","embeddable":true,"href":"https:\/\/www.umweltaktivisten.de\/index.php\/wp-json\/wp\/v2\/tags?post=2632"}],"curies":[{"name":"wp","href":"https:\/\/api.w.org\/{rel}","templated":true}]}}